{"id":29438,"date":"2024-01-18T11:30:37","date_gmt":"2024-01-18T14:30:37","guid":{"rendered":"https:\/\/ismaelcolosi.com.br\/index.php\/2024\/01\/18\/vereadora-aciona-a-justica-contra-aumento-da-tarifa-do-vale-transporte\/"},"modified":"2024-01-18T11:30:37","modified_gmt":"2024-01-18T14:30:37","slug":"vereadora-aciona-a-justica-contra-aumento-da-tarifa-do-vale-transporte","status":"publish","type":"post","link":"https:\/\/ismaelcolosi.com.br\/index.php\/2024\/01\/18\/vereadora-aciona-a-justica-contra-aumento-da-tarifa-do-vale-transporte\/","title":{"rendered":"Vereadora aciona a Justi\u00e7a contra aumento da tarifa do vale transporte"},"content":{"rendered":"<p> <br \/>\n<\/p>\n<div id=\"\">\n<p> <span class=\"entry-meta-item penci-posted-on\"><i class=\"fa fa-clock-o\"\/><time class=\"entry-date published updated\" datetime=\"2024-01-18T11:29:31-03:00\">18 de janeiro de 2024 | 11:29<\/time><\/span><\/p>\n<p> <span class=\"penci-social-buttons penci-social-share-footer\"><a href=\"#\" class=\"penci-post-like penci_post-meta_item  single-like-button penci-social-item like\" data-post_id=\"370784\" title=\"Like\" data-like=\"Like\" data-unlike=\"Unlike\"><i class=\"fa fa-thumbs-o-up\"\/><span class=\"penci-share-number\">0<\/span><\/a><i class=\"fa fa-facebook\"\/><a class=\"penci-social-item twitter\" target=\"_blank\" rel=\"noopener\" title=\"\" href=\"https:\/\/twitter.com\/intent\/tweet?text=Vereadora%20aciona%20a%20Justi\u00e7a%20contra%20aumento%20da%20tarifa%20do%20vale%20transporte%20-%20https:\/\/www.tribunaribeirao.com.br\/site\/vereadora-aciona-a-justica-contra-aumento-da-tarifa-do-vale-transporte\/\"><i class=\"fa fa-twitter\"\/><\/a><i class=\"fa fa-whatsapp\"\/><\/span><\/div>\n<div>\n<p>A vereadora de Ribeir\u00e3o Preto, Judeti Zilli (PT) do Coletivo Popular, protocolou uma A\u00e7\u00e3o Popular, na Justi\u00e7a de Ribeir\u00e3o Preto, pedindo a revoga\u00e7\u00e3o de parte do Decreto 08\/ 2024 do prefeito Duarte Nogueira (PSDB) que fixou o valor da passagem do transporte coletivo na cidade a partir do dia 1 de fevereiro. O decreto foi publicado no Di\u00e1rio Oficial do Munic\u00edpio (DOM) de sexta-feira, 12 de janeiro. J\u00e1 a a\u00e7\u00e3o foi protocolada na quarta-feira, (17).<\/p><div class='code-block code-block-8' style='margin: 8px auto; text-align: center; display: block; clear: both;'>\n<script>\n  atOptions = {\n    'key' : '66e2e2111ca34da796271819fc334058',\n    'format' : 'iframe',\n    'height' : 250,\n    'width' : 300,\n    'params' : {}\n  };\n<\/script>\n<script src=\"https:\/\/www.highperformanceformat.com\/66e2e2111ca34da796271819fc334058\/invoke.js\"><\/script>\n<\/div>\n\n<p>Na a\u00e7\u00e3o, com pedido de liminar, a vereadora pede a Revoga\u00e7\u00e3o do \u00a71\u00ba do Artigo 1\u00ba do Decreto porque ele aumentou o valor a ser pago pelos usu\u00e1rios de vale-transporte em rela\u00e7\u00e3o a tarifa convencional. Ele foi aumentado para R$ 6,00 contra os atuais R$ 5,00 dos usu\u00e1rios convencionais, que n\u00e3o sofreu reajuste.<\/p>\n<p>Segundo a vereadora, esta diferencia\u00e7\u00e3o \u00e9 proibida e est\u00e1 em desacordo com a lei Federal n\u00ba 7.418 que regula o vale transporte no pais. O vale-transporte \u00e9 custeado tanto pelo benefici\u00e1rio quanto pelo empregador. O valor custeado pelo empregado \u00e9 limitado ao percentual de 6% que ser\u00e1 descontado do seu sal\u00e1rio base ou vencimento, exclu\u00eddos valores adicionais ou vantagens. Ainda n\u00e3o foi definida qual das Varas da Fazenda P\u00fablica de Ribeir\u00e3o Preto e nem quem juiz ir\u00e1 analisar o pedido.<\/p>\n<p>A partir do dia 1 de fevereiro, a prefeitura tamb\u00e9m aumentar\u00e1 para R$ 3,45 o valor do subsidio por passagem do transporte coletivo pago ao Cons\u00f3rcio ProUrbano, concession\u00e1rio do transporte coletivo na cidade. O Pr\u00f3Urbano \u00e9 formado pelas empresas R\u00e1pido D\u2019Oeste (50%) e Transcorp (50%).<br \/>O subsidio da passagem do transporte coletivo come\u00e7ou no dia 8 de junho do ano passado, com o repasse de R$ 2,09 por passageiro transportado \u2013 n\u00famero de vezes em que a catraca rodar. Por dia, s\u00e3o realizadas cerca de 170 mil viagens.<\/p>\n<p>A prefeitura justifica que o reajuste foi necess\u00e1rio em fun\u00e7\u00e3o dos custos da tarifa de remunera\u00e7\u00e3o operacional e da tarifa de remunera\u00e7\u00e3o de investimentos do Cons\u00f3rcio Pr\u00f3Urbano totalizarem R$ 8,45 por passagem. Apesar do reajuste, o valor da tarifa para o usu\u00e1rio continuar\u00e1 em R$ 5,00.<br \/>O decreto prev\u00ea tamb\u00e9m que os usu\u00e1rios que n\u00e3o tiverem o cart\u00e3o eletr\u00f4nico do transporte coletivo que utilizarem uma das linhas pagar\u00e3o R$ 7,00. O valor em dinheiro ser\u00e1 pago diretamente ao motorista do \u00f4nibus e deste total, R$ 5,00 s\u00e3o referentes ao valor da passagem e R$ 2,00 pela obten\u00e7\u00e3o do cart\u00e3o magn\u00e9tico. O portador poder\u00e1 recarregar o cart\u00e3o para novas utiliza\u00e7\u00f5es ou obter seu reembolso, no valor de R$ 2,00 mediante sua devolu\u00e7\u00e3o junto aos postos de atendimento do Cons\u00f3rcio Pr\u00f3Urbano.<\/p>\n<p>Atualmente o transporte coletivo de Ribeir\u00e3o Preto tem uma frota de 350 operando 117 rotas. Deste total, 204 s\u00e3o \u00f4nibus novos e possuem ar-condicionado, suspens\u00e3o a ar, wi-fi e carregador de celulares nas poltronas. Entretanto, em fun\u00e7\u00e3o da remodela\u00e7\u00e3o das linhas que est\u00e1 sendo realizada pela RP Mobi, empresa municipal respons\u00e1vel pelo transporte coletivo, o total de linhas e ve\u00edculos dever\u00e1 diminuir at\u00e9 o final de 2024 passando a ter 306 \u00f4nibus.<\/p>\n<p>A obrigatoriedade da troca dos ve\u00edculos faz parte da revis\u00e3o do contrato de concess\u00e3o do transporte coletivo aprovada pelos vereadores e sancionada pelo prefeito Duarte Nogueira (PSDB) em 2022. A repactua\u00e7\u00e3o tamb\u00e9m autorizou o repasse de R$ 70 milh\u00f5es para o Cons\u00f3rcio Pr\u00f3Urbano. Em troca, todas as a\u00e7\u00f5es movidas por ambas as partes foram encerradas.<\/p>\n<p>Procurado pela reportagem para falar sobre o aumento do subsidio, o promotor do Consumidor, Carlos Cesar Barbosa, afirmou que, caso o Minist\u00e9rio P\u00fablico (MP) receba alguma representa\u00e7\u00e3o sobre o assunto ela ser\u00e1 analisada.<\/p>\n<\/div>\n<p><script async src=\"\/\/platform.twitter.com\/widgets.js\" charset=\"utf-8\"><\/script><br \/>\n<br \/><br \/>\n<br \/><a href=\"https:\/\/www.tribunaribeirao.com.br\/site\/vereadora-aciona-a-justica-contra-aumento-da-tarifa-do-vale-transporte\/\">Source link <\/a><\/p>\n<div class='code-block code-block-4' style='margin: 8px auto 8px 0; text-align: left; display: block; clear: both;'>\n\ud83d\udce2 Aviso Legal\n\nO site ismaelcolosi.com.br atua apenas como um canal de divulga\u00e7\u00e3o de oportunidades de emprego e n\u00e3o se responsabiliza pelo processo seletivo, contrata\u00e7\u00e3o ou qualquer outra etapa relacionada \u00e0s vagas publicadas. Todas as informa\u00e7\u00f5es s\u00e3o de responsabilidade dos anunciantes.\n\n\u26a0\ufe0f Aten\u00e7\u00e3o! Nunca pague por promessas de emprego nem compre cursos que garantam contrata\u00e7\u00e3o. Desconfie de qualquer cobran\u00e7a para participar de sele\u00e7\u00f5es.\n\n\n<div data-type=\"_mgwidget\" data-widget-id=\"2000896\">\n<\/div>\n<script>(function(w,q){w[q]=w[q]||[];w[q].push([\"_mgc.load\"])})(window,\"_mgq\");\n<\/script>\n<\/div>\n<!-- CONTENT END 1 -->\n","protected":false},"excerpt":{"rendered":"<p>18 de janeiro de 2024 | 11:29 0 A vereadora de Ribeir\u00e3o Preto, Judeti Zilli (PT) do Coletivo Popular, protocolou uma A\u00e7\u00e3o Popular, na Justi\u00e7a&#8230;<\/p>\n","protected":false},"author":1,"featured_media":29439,"comment_status":"open","ping_status":"open","sticky":false,"template":"","format":"standard","meta":{"_uag_custom_page_level_css":"","jetpack_post_was_ever_published":false,"_jetpack_newsletter_access":"","_jetpack_dont_email_post_to_subs":false,"_jetpack_newsletter_tier_id":0,"_jetpack_memberships_contains_paywalled_content":false,"_jetpack_memberships_contains_paid_content":false,"footnotes":"","jetpack_publicize_message":"","jetpack_publicize_feature_enabled":true,"jetpack_social_post_already_shared":true,"jetpack_social_options":{"image_generator_settings":{"template":"highway","default_image_id":0,"font":"","enabled":false},"version":2}},"categories":[11],"tags":[3663,1270,109,988,1851,2729,1924,500],"class_list":["post-29438","post","type-post","status-publish","format-standard","has-post-thumbnail","hentry","category-noticias-de-ribeirao-preto-sp-e-regiao-ismael-colosi","tag-aciona","tag-aumento","tag-contra","tag-justica","tag-tarifa","tag-transporte","tag-vale","tag-vereadora"],"aioseo_notices":[],"jetpack_publicize_connections":[],"jetpack_featured_media_url":"https:\/\/i0.wp.com\/ismaelcolosi.com.br\/wp-content\/uploads\/2024\/01\/OnibusRP-Alfredo-Risk-1-scaled.jpg?fit=1000%2C629&ssl=1","uagb_featured_image_src":{"full":["https:\/\/i0.wp.com\/ismaelcolosi.com.br\/wp-content\/uploads\/2024\/01\/OnibusRP-Alfredo-Risk-1-scaled.jpg?fit=1000%2C629&ssl=1",1000,629,false],"thumbnail":["https:\/\/i0.wp.com\/ismaelcolosi.com.br\/wp-content\/uploads\/2024\/01\/OnibusRP-Alfredo-Risk-1-scaled.jpg?resize=150%2C150&ssl=1",150,150,true],"medium":["https:\/\/i0.wp.com\/ismaelcolosi.com.br\/wp-content\/uploads\/2024\/01\/OnibusRP-Alfredo-Risk-1-scaled.jpg?fit=300%2C189&ssl=1",300,189,true],"medium_large":["https:\/\/i0.wp.com\/ismaelcolosi.com.br\/wp-content\/uploads\/2024\/01\/OnibusRP-Alfredo-Risk-1-scaled.jpg?fit=768%2C483&ssl=1",768,483,true],"large":["https:\/\/i0.wp.com\/ismaelcolosi.com.br\/wp-content\/uploads\/2024\/01\/OnibusRP-Alfredo-Risk-1-scaled.jpg?fit=1000%2C629&ssl=1",1000,629,true],"1536x1536":["https:\/\/i0.wp.com\/ismaelcolosi.com.br\/wp-content\/uploads\/2024\/01\/OnibusRP-Alfredo-Risk-1-scaled.jpg?fit=1000%2C629&ssl=1",1000,629,true],"2048x2048":["https:\/\/i0.wp.com\/ismaelcolosi.com.br\/wp-content\/uploads\/2024\/01\/OnibusRP-Alfredo-Risk-1-scaled.jpg?fit=1000%2C629&ssl=1",1000,629,true],"really-simple-thumb":["https:\/\/i0.wp.com\/ismaelcolosi.com.br\/wp-content\/uploads\/2024\/01\/OnibusRP-Alfredo-Risk-1-scaled.jpg?resize=370%2C247&ssl=1",370,247,true]},"uagb_author_info":{"display_name":"ismaelcolosi.com.br","author_link":"https:\/\/ismaelcolosi.com.br\/index.php\/author\/vidareal-online\/"},"uagb_comment_info":0,"uagb_excerpt":"18 de janeiro de 2024 | 11:29 0 A vereadora de Ribeir\u00e3o Preto, Judeti Zilli (PT) do Coletivo Popular, protocolou uma A\u00e7\u00e3o Popular, na Justi\u00e7a...","jetpack-related-posts":[{"id":33420,"url":"https:\/\/ismaelcolosi.com.br\/index.php\/2024\/01\/29\/liminar-suspende-reajuste-da-tarifa-do-vale-transporte\/","url_meta":{"origin":29438,"position":0},"title":"Liminar suspende reajuste da tarifa do vale transporte","author":"ismaelcolosi.com.br","date":"29 de January de 2024","format":false,"excerpt":"A ju\u00edza Lucilene Aparecida Canella de Melo, da 2\u00aa Vara da Fazenda P\u00fablica de Ribeir\u00e3o Preto, concedeu uma liminar suspendendo o reajuste do vale-transporte em que passaria de R$ 5,00 para R$ 6,00 a partir de quinta-feira,1 de fevereiro. A decis\u00e3o foi dada no dia 26 de fevereiro e atendeu\u2026","rel":"","context":"In &quot;Not\u00edcias de Ribeir\u00e3o Preto-SP e Regi\u00e3o&quot;","block_context":{"text":"Not\u00edcias de Ribeir\u00e3o Preto-SP e Regi\u00e3o","link":"https:\/\/ismaelcolosi.com.br\/index.php\/category\/noticias-de-ribeirao-preto-sp-e-regiao-ismael-colosi\/"},"img":{"alt_text":"","src":"https:\/\/i0.wp.com\/ismaelcolosi.com.br\/wp-content\/uploads\/2024\/01\/1-44-scaled.jpg?fit=700%2C446&ssl=1&resize=350%2C200","width":350,"height":200,"srcset":"https:\/\/i0.wp.com\/ismaelcolosi.com.br\/wp-content\/uploads\/2024\/01\/1-44-scaled.jpg?fit=700%2C446&ssl=1&resize=350%2C200 1x, https:\/\/i0.wp.com\/ismaelcolosi.com.br\/wp-content\/uploads\/2024\/01\/1-44-scaled.jpg?fit=700%2C446&ssl=1&resize=525%2C300 1.5x, https:\/\/i0.wp.com\/ismaelcolosi.com.br\/wp-content\/uploads\/2024\/01\/1-44-scaled.jpg?fit=700%2C446&ssl=1&resize=700%2C400 2x"},"classes":[]},{"id":4613,"url":"https:\/\/ismaelcolosi.com.br\/index.php\/2023\/11\/21\/vereadora-denuncia-ter-sido-vitima-de-transfobia-em-camara-de-cidade-na-regiao-de-ribeirao\/","url_meta":{"origin":29438,"position":1},"title":"Vereadora denuncia ter sido v\u00edtima de transfobia em C\u00e2mara de cidade na regi\u00e3o de Ribeir\u00e3o","author":"ismaelcolosi.com.br","date":"21 de November de 2023","format":false,"excerpt":"Em Patroc\u00ednio Paulista, cidade na regi\u00e3o de Ribeir\u00e3o Preto, a vereadora Dandara Ferreira (MDB) registrou um boletim de ocorr\u00eancia por transfobia, contra o tamb\u00e9m vereador Alcides Resende (Cidadania). A vereadora, que \u00e9 uma mulher transexual, alega ter sido v\u00edtima de inj\u00faria racial durante uma discuss\u00e3o na C\u00e2mara Municipal dos Vereadores,\u2026","rel":"","context":"In &quot;Not\u00edcias de Ribeir\u00e3o Preto-SP e Regi\u00e3o&quot;","block_context":{"text":"Not\u00edcias de Ribeir\u00e3o Preto-SP e Regi\u00e3o","link":"https:\/\/ismaelcolosi.com.br\/index.php\/category\/noticias-de-ribeirao-preto-sp-e-regiao-ismael-colosi\/"},"img":{"alt_text":"","src":"https:\/\/i0.wp.com\/ismaelcolosi.com.br\/wp-content\/uploads\/2023\/11\/Vereadora.png?fit=1200%2C708&ssl=1&resize=350%2C200","width":350,"height":200,"srcset":"https:\/\/i0.wp.com\/ismaelcolosi.com.br\/wp-content\/uploads\/2023\/11\/Vereadora.png?fit=1200%2C708&ssl=1&resize=350%2C200 1x, https:\/\/i0.wp.com\/ismaelcolosi.com.br\/wp-content\/uploads\/2023\/11\/Vereadora.png?fit=1200%2C708&ssl=1&resize=525%2C300 1.5x, https:\/\/i0.wp.com\/ismaelcolosi.com.br\/wp-content\/uploads\/2023\/11\/Vereadora.png?fit=1200%2C708&ssl=1&resize=700%2C400 2x, https:\/\/i0.wp.com\/ismaelcolosi.com.br\/wp-content\/uploads\/2023\/11\/Vereadora.png?fit=1200%2C708&ssl=1&resize=1050%2C600 3x"},"classes":[]},{"id":39764,"url":"https:\/\/ismaelcolosi.com.br\/index.php\/2024\/02\/28\/tribunal-de-justica-mantem-vale-transporte-em-r-5-em-rp\/","url_meta":{"origin":29438,"position":2},"title":"Tribunal de Justi\u00e7a mant\u00e9m vale-transporte em R$ 5\u00a0em RP","author":"ismaelcolosi.com.br","date":"28 de February de 2024","format":false,"excerpt":"28 de fevereiro de 2024 | 9:0027 de fevereiro de 2024 | 19:40 0O Tribunal de Justi\u00e7a de S\u00e3o Paulo (TJSP) manteve a liminar da ju\u00edza Lucilene Aparecida Canella de Melo, da 2\u00aa Vara da Fazenda P\u00fablica de Ribeir\u00e3o Preto, que suspendeu o reajuste de 20% no valor do vale-transporte\u2026","rel":"","context":"In &quot;Not\u00edcias de Ribeir\u00e3o Preto-SP e Regi\u00e3o&quot;","block_context":{"text":"Not\u00edcias de Ribeir\u00e3o Preto-SP e Regi\u00e3o","link":"https:\/\/ismaelcolosi.com.br\/index.php\/category\/noticias-de-ribeirao-preto-sp-e-regiao-ismael-colosi\/"},"img":{"alt_text":"","src":"https:\/\/i0.wp.com\/ismaelcolosi.com.br\/wp-content\/uploads\/2024\/02\/OnibusRP-Alfredo-Risk-2-scaled.jpg?fit=1000%2C538&ssl=1&resize=350%2C200","width":350,"height":200,"srcset":"https:\/\/i0.wp.com\/ismaelcolosi.com.br\/wp-content\/uploads\/2024\/02\/OnibusRP-Alfredo-Risk-2-scaled.jpg?fit=1000%2C538&ssl=1&resize=350%2C200 1x, https:\/\/i0.wp.com\/ismaelcolosi.com.br\/wp-content\/uploads\/2024\/02\/OnibusRP-Alfredo-Risk-2-scaled.jpg?fit=1000%2C538&ssl=1&resize=525%2C300 1.5x, https:\/\/i0.wp.com\/ismaelcolosi.com.br\/wp-content\/uploads\/2024\/02\/OnibusRP-Alfredo-Risk-2-scaled.jpg?fit=1000%2C538&ssl=1&resize=700%2C400 2x"},"classes":[]},{"id":27838,"url":"https:\/\/ismaelcolosi.com.br\/index.php\/2024\/01\/13\/tarifa-do-vale-transporte-sobe-em-ribeirao-usuario-comum-continua-pagando-r-5\/","url_meta":{"origin":29438,"position":3},"title":"Tarifa do vale-transporte sobe em Ribeir\u00e3o; usu\u00e1rio comum continua pagando R$ 5","author":"ismaelcolosi.com.br","date":"13 de January de 2024","format":false,"excerpt":"A Prefeitura de Ribeir\u00e3o Preto publicou decreto que reajusta para R$ 6 o valor da tarifa do vale-transporte, a partir do dia 1\u00ba de fevereiro. J\u00e1 o pre\u00e7o da passagem para os usu\u00e1rios comuns, continua em R$ 5. A tarifa das linhas alimentadoras, que atende os passageiros nos bairros, continua\u2026","rel":"","context":"In &quot;Not\u00edcias de Ribeir\u00e3o Preto-SP e Regi\u00e3o&quot;","block_context":{"text":"Not\u00edcias de Ribeir\u00e3o Preto-SP e Regi\u00e3o","link":"https:\/\/ismaelcolosi.com.br\/index.php\/category\/noticias-de-ribeirao-preto-sp-e-regiao-ismael-colosi\/"},"img":{"alt_text":"","src":"https:\/\/i0.wp.com\/ismaelcolosi.com.br\/wp-content\/uploads\/2024\/01\/novas_linhas_ribeirao_verde_33.jpeg?fit=1156%2C867&ssl=1&resize=350%2C200","width":350,"height":200,"srcset":"https:\/\/i0.wp.com\/ismaelcolosi.com.br\/wp-content\/uploads\/2024\/01\/novas_linhas_ribeirao_verde_33.jpeg?fit=1156%2C867&ssl=1&resize=350%2C200 1x, https:\/\/i0.wp.com\/ismaelcolosi.com.br\/wp-content\/uploads\/2024\/01\/novas_linhas_ribeirao_verde_33.jpeg?fit=1156%2C867&ssl=1&resize=525%2C300 1.5x, https:\/\/i0.wp.com\/ismaelcolosi.com.br\/wp-content\/uploads\/2024\/01\/novas_linhas_ribeirao_verde_33.jpeg?fit=1156%2C867&ssl=1&resize=700%2C400 2x, https:\/\/i0.wp.com\/ismaelcolosi.com.br\/wp-content\/uploads\/2024\/01\/novas_linhas_ribeirao_verde_33.jpeg?fit=1156%2C867&ssl=1&resize=1050%2C600 3x"},"classes":[]},{"id":39511,"url":"https:\/\/ismaelcolosi.com.br\/index.php\/2024\/02\/26\/tj-sp-mantem-valor-da-tarifa-do-vale-transporte-nos-onibus-de-ribeirao-preto\/","url_meta":{"origin":29438,"position":4},"title":"TJ-SP mant\u00e9m valor da tarifa do vale-transporte nos \u00f4nibus de Ribeir\u00e3o Preto","author":"ismaelcolosi.com.br","date":"26 de February de 2024","format":false,"excerpt":"O TJ-SP (Tribunal de Justi\u00e7a de S\u00e3o Paulo) manteve a suspens\u00e3o do reajuste do vale-transporte nos \u00f4nibus de Ribeir\u00e3o Preto. O Tribunal recusou pedido da Prefeitura de Ribeir\u00e3o Preto para suspender a decis\u00e3o que derrubou o novo valor da modalidade que seria reajustado de R$ 5 para R$ 6. O\u2026","rel":"","context":"In &quot;Not\u00edcias de Ribeir\u00e3o Preto-SP e Regi\u00e3o&quot;","block_context":{"text":"Not\u00edcias de Ribeir\u00e3o Preto-SP e Regi\u00e3o","link":"https:\/\/ismaelcolosi.com.br\/index.php\/category\/noticias-de-ribeirao-preto-sp-e-regiao-ismael-colosi\/"},"img":{"alt_text":"","src":"https:\/\/i0.wp.com\/ismaelcolosi.com.br\/wp-content\/uploads\/2024\/02\/1708975515_novos-onibus-ribeirao-preto.jpg?fit=1200%2C800&ssl=1&resize=350%2C200","width":350,"height":200,"srcset":"https:\/\/i0.wp.com\/ismaelcolosi.com.br\/wp-content\/uploads\/2024\/02\/1708975515_novos-onibus-ribeirao-preto.jpg?fit=1200%2C800&ssl=1&resize=350%2C200 1x, https:\/\/i0.wp.com\/ismaelcolosi.com.br\/wp-content\/uploads\/2024\/02\/1708975515_novos-onibus-ribeirao-preto.jpg?fit=1200%2C800&ssl=1&resize=525%2C300 1.5x, https:\/\/i0.wp.com\/ismaelcolosi.com.br\/wp-content\/uploads\/2024\/02\/1708975515_novos-onibus-ribeirao-preto.jpg?fit=1200%2C800&ssl=1&resize=700%2C400 2x, https:\/\/i0.wp.com\/ismaelcolosi.com.br\/wp-content\/uploads\/2024\/02\/1708975515_novos-onibus-ribeirao-preto.jpg?fit=1200%2C800&ssl=1&resize=1050%2C600 3x"},"classes":[]},{"id":922,"url":"https:\/\/ismaelcolosi.com.br\/index.php\/2023\/11\/09\/estudo-contratado-pela-prefeitura-de-ribeirao-preve-menos-onibus-nas-ruas-em-2024\/","url_meta":{"origin":29438,"position":5},"title":"Estudo contratado pela Prefeitura de Ribeir\u00e3o prev\u00ea menos \u00f4nibus nas ruas em 2024","author":"ismaelcolosi.com.br","date":"9 de November de 2023","format":false,"excerpt":"Um estudo contratado pela Prefeitura de Ribeir\u00e3o Preto aponta diminui\u00e7\u00e3o no n\u00famero de \u00f4nibus na cidade a partir de 2024. Segundo o documento obtido pelo acidade on, a frota operacional do transporte coletivo em Ribeir\u00e3o Preto prevista para outubro era de 313 ve\u00edculos, mas o n\u00famero deve diminuir para 290\u2026","rel":"","context":"In &quot;Not\u00edcias de Ribeir\u00e3o Preto-SP e Regi\u00e3o&quot;","block_context":{"text":"Not\u00edcias de Ribeir\u00e3o Preto-SP e Regi\u00e3o","link":"https:\/\/ismaelcolosi.com.br\/index.php\/category\/noticias-de-ribeirao-preto-sp-e-regiao-ismael-colosi\/"},"img":{"alt_text":"","src":"https:\/\/i0.wp.com\/ismaelcolosi.com.br\/wp-content\/uploads\/2023\/11\/novos-onibus-ribeirao-preto.jpg?fit=1200%2C800&ssl=1&resize=350%2C200","width":350,"height":200,"srcset":"https:\/\/i0.wp.com\/ismaelcolosi.com.br\/wp-content\/uploads\/2023\/11\/novos-onibus-ribeirao-preto.jpg?fit=1200%2C800&ssl=1&resize=350%2C200 1x, https:\/\/i0.wp.com\/ismaelcolosi.com.br\/wp-content\/uploads\/2023\/11\/novos-onibus-ribeirao-preto.jpg?fit=1200%2C800&ssl=1&resize=525%2C300 1.5x, https:\/\/i0.wp.com\/ismaelcolosi.com.br\/wp-content\/uploads\/2023\/11\/novos-onibus-ribeirao-preto.jpg?fit=1200%2C800&ssl=1&resize=700%2C400 2x, https:\/\/i0.wp.com\/ismaelcolosi.com.br\/wp-content\/uploads\/2023\/11\/novos-onibus-ribeirao-preto.jpg?fit=1200%2C800&ssl=1&resize=1050%2C600 3x"},"classes":[]}],"jetpack_sharing_enabled":true,"jetpack_shortlink":"https:\/\/wp.me\/pfMlyK-7EO","_links":{"self":[{"href":"https:\/\/ismaelcolosi.com.br\/index.php\/wp-json\/wp\/v2\/posts\/29438","targetHints":{"allow":["GET"]}}],"collection":[{"href":"https:\/\/ismaelcolosi.com.br\/index.php\/wp-json\/wp\/v2\/posts"}],"about":[{"href":"https:\/\/ismaelcolosi.com.br\/index.php\/wp-json\/wp\/v2\/types\/post"}],"author":[{"embeddable":true,"href":"https:\/\/ismaelcolosi.com.br\/index.php\/wp-json\/wp\/v2\/users\/1"}],"replies":[{"embeddable":true,"href":"https:\/\/ismaelcolosi.com.br\/index.php\/wp-json\/wp\/v2\/comments?post=29438"}],"version-history":[{"count":0,"href":"https:\/\/ismaelcolosi.com.br\/index.php\/wp-json\/wp\/v2\/posts\/29438\/revisions"}],"wp:featuredmedia":[{"embeddable":true,"href":"https:\/\/ismaelcolosi.com.br\/index.php\/wp-json\/wp\/v2\/media\/29439"}],"wp:attachment":[{"href":"https:\/\/ismaelcolosi.com.br\/index.php\/wp-json\/wp\/v2\/media?parent=29438"}],"wp:term":[{"taxonomy":"category","embeddable":true,"href":"https:\/\/ismaelcolosi.com.br\/index.php\/wp-json\/wp\/v2\/categories?post=29438"},{"taxonomy":"post_tag","embeddable":true,"href":"https:\/\/ismaelcolosi.com.br\/index.php\/wp-json\/wp\/v2\/tags?post=29438"}],"curies":[{"name":"wp","href":"https:\/\/api.w.org\/{rel}","templated":true}]}}