{"id":29436,"date":"2024-01-18T11:27:15","date_gmt":"2024-01-18T14:27:15","guid":{"rendered":"https:\/\/ismaelcolosi.com.br\/index.php\/2024\/01\/18\/colisao-entre-carreta-e-carro-na-br-116-tira-a-vida-de-9-pessoas-de-uma-mesma-familia-que-iriam-comemorar-aniversario\/"},"modified":"2024-01-18T11:27:15","modified_gmt":"2024-01-18T14:27:15","slug":"colisao-entre-carreta-e-carro-na-br-116-tira-a-vida-de-9-pessoas-de-uma-mesma-familia-que-iriam-comemorar-aniversario","status":"publish","type":"post","link":"https:\/\/ismaelcolosi.com.br\/index.php\/2024\/01\/18\/colisao-entre-carreta-e-carro-na-br-116-tira-a-vida-de-9-pessoas-de-uma-mesma-familia-que-iriam-comemorar-aniversario\/","title":{"rendered":"Colis\u00e3o entre carreta e carro na BR-116 tira a vida de 9 pessoas de uma mesma fam\u00edlia que iriam comemorar anivers\u00e1rio"},"content":{"rendered":"<p> <br \/>\n<\/p>\n<div itemprop=\"text\">\n<p>Uma trag\u00e9dia ocorrida na Rodovia Santos Dumont, na BR-116, resultou na perda de nove vidas na noite desta quarta-feira, dia 17 de janeiro. O caso aconteceu na Bahia.<\/p>\n<p>O incidente envolveu uma carreta e um VW Gol, e todas as pessoas a bordo do carro n\u00e3o resistiram. Foi apontado que as v\u00edtimas eram todas da mesma fam\u00edlia.<\/p><div class='code-block code-block-8' style='margin: 8px auto; text-align: center; display: block; clear: both;'>\n<script>\n  atOptions = {\n    'key' : '66e2e2111ca34da796271819fc334058',\n    'format' : 'iframe',\n    'height' : 250,\n    'width' : 300,\n    'params' : {}\n  };\n<\/script>\n<script src=\"https:\/\/www.highperformanceformat.com\/66e2e2111ca34da796271819fc334058\/invoke.js\"><\/script>\n<\/div>\n\n<p>No momento, as identidades ainda n\u00e3o foram divulgadas, mas sabe-se que se trata de um casal, seus dois filhos, o motorista do ve\u00edculo de 31 anos, uma mulher de 45 anos, duas crian\u00e7as com idades de 8 e 10 anos, al\u00e9m de um adolescente de 16 anos.<\/p>\n<p>A fam\u00edlia, que saiu da localidade de Jequi\u00e9, estava a caminho de Salvador para participar de uma celebra\u00e7\u00e3o de anivers\u00e1rio. E infelizmente, tudo acabou em uma grande trag\u00e9dia.<\/p>\n<p>A Pol\u00edcia Rodovi\u00e1ria Federal (PRF) relata que o acidente foi causado por uma ultrapassagem indevida, mas a investiga\u00e7\u00e3o est\u00e1 em andamento. O condutor da carreta envolvida no acidente fugiu do local.<\/p>\n<p>Os corpos das v\u00edtimas, cujas identidades ainda n\u00e3o foram divulgadas, foram encaminhados para o Instituto M\u00e9dico Legal\u00a0 para a realiza\u00e7\u00e3o necropsia.<\/p>\n<p>Este triste incidente destaca a import\u00e2ncia da prud\u00eancia e obedi\u00eancia \u00e0s leis de tr\u00e2nsito, al\u00e9m da necessidade de rigorosas investiga\u00e7\u00f5es para entender as circunst\u00e2ncias do acidente e responsabilizar os envolvidos.<\/p>\n<p>A comunidade local est\u00e1 profundamente comovida com a perda dessas vidas. Infelizmente, acidentes de tr\u00e2nsito s\u00e3o muito comuns no Brasil, e por este motivo, \u00e9 necess\u00e1rio tomar os devidos cuidados diante da situa\u00e7\u00e3o.<\/p>\n<\/div>\n<p><br \/>\n<br \/><a href=\"https:\/\/fnmais.com\/colisao-entre-carreta-carro-na-br-116-tira-vida-9-pessoas-mesma-familia-que-iriam-comemorar-aniversario\/\">Source link <\/a><\/p>\n<div class='code-block code-block-4' style='margin: 8px auto 8px 0; text-align: left; display: block; clear: both;'>\n\ud83d\udce2 Aviso Legal\n\nO site ismaelcolosi.com.br atua apenas como um canal de divulga\u00e7\u00e3o de oportunidades de emprego e n\u00e3o se responsabiliza pelo processo seletivo, contrata\u00e7\u00e3o ou qualquer outra etapa relacionada \u00e0s vagas publicadas. Todas as informa\u00e7\u00f5es s\u00e3o de responsabilidade dos anunciantes.\n\n\u26a0\ufe0f Aten\u00e7\u00e3o! Nunca pague por promessas de emprego nem compre cursos que garantam contrata\u00e7\u00e3o. Desconfie de qualquer cobran\u00e7a para participar de sele\u00e7\u00f5es.\n\n\n<div data-type=\"_mgwidget\" data-widget-id=\"2000896\">\n<\/div>\n<script>(function(w,q){w[q]=w[q]||[];w[q].push([\"_mgc.load\"])})(window,\"_mgq\");\n<\/script>\n<\/div>\n<!-- CONTENT END 1 -->\n","protected":false},"excerpt":{"rendered":"<p>Uma trag\u00e9dia ocorrida na Rodovia Santos Dumont, na BR-116, resultou na perda de nove vidas na noite desta quarta-feira, dia 17 de janeiro. O caso&#8230;<\/p>\n","protected":false},"author":1,"featured_media":29437,"comment_status":"open","ping_status":"open","sticky":false,"template":"","format":"standard","meta":{"_uag_custom_page_level_css":"","jetpack_post_was_ever_published":false,"_jetpack_newsletter_access":"","_jetpack_dont_email_post_to_subs":false,"_jetpack_newsletter_tier_id":0,"_jetpack_memberships_contains_paywalled_content":false,"_jetpack_memberships_contains_paid_content":false,"footnotes":"","jetpack_publicize_message":"","jetpack_publicize_feature_enabled":true,"jetpack_social_post_already_shared":true,"jetpack_social_options":{"image_generator_settings":{"template":"highway","default_image_id":0,"font":"","enabled":false},"version":2}},"categories":[1],"tags":[],"class_list":["post-29436","post","type-post","status-publish","format-standard","has-post-thumbnail","hentry","category-blog"],"aioseo_notices":[],"jetpack_publicize_connections":[],"jetpack_featured_media_url":"https:\/\/i0.wp.com\/ismaelcolosi.com.br\/wp-content\/uploads\/2024\/01\/postimg-65a930648b8da3154.jpg?fit=1200%2C628&ssl=1","uagb_featured_image_src":{"full":["https:\/\/i0.wp.com\/ismaelcolosi.com.br\/wp-content\/uploads\/2024\/01\/postimg-65a930648b8da3154.jpg?fit=1200%2C628&ssl=1",1200,628,false],"thumbnail":["https:\/\/i0.wp.com\/ismaelcolosi.com.br\/wp-content\/uploads\/2024\/01\/postimg-65a930648b8da3154.jpg?resize=150%2C150&ssl=1",150,150,true],"medium":["https:\/\/i0.wp.com\/ismaelcolosi.com.br\/wp-content\/uploads\/2024\/01\/postimg-65a930648b8da3154.jpg?fit=300%2C157&ssl=1",300,157,true],"medium_large":["https:\/\/i0.wp.com\/ismaelcolosi.com.br\/wp-content\/uploads\/2024\/01\/postimg-65a930648b8da3154.jpg?fit=768%2C402&ssl=1",768,402,true],"large":["https:\/\/i0.wp.com\/ismaelcolosi.com.br\/wp-content\/uploads\/2024\/01\/postimg-65a930648b8da3154.jpg?fit=1024%2C536&ssl=1",1024,536,true],"1536x1536":["https:\/\/i0.wp.com\/ismaelcolosi.com.br\/wp-content\/uploads\/2024\/01\/postimg-65a930648b8da3154.jpg?fit=1200%2C628&ssl=1",1200,628,true],"2048x2048":["https:\/\/i0.wp.com\/ismaelcolosi.com.br\/wp-content\/uploads\/2024\/01\/postimg-65a930648b8da3154.jpg?fit=1200%2C628&ssl=1",1200,628,true],"really-simple-thumb":["https:\/\/i0.wp.com\/ismaelcolosi.com.br\/wp-content\/uploads\/2024\/01\/postimg-65a930648b8da3154.jpg?resize=370%2C247&ssl=1",370,247,true]},"uagb_author_info":{"display_name":"ismaelcolosi.com.br","author_link":"https:\/\/ismaelcolosi.com.br\/index.php\/author\/vidareal-online\/"},"uagb_comment_info":0,"uagb_excerpt":"Uma trag\u00e9dia ocorrida na Rodovia Santos Dumont, na BR-116, resultou na perda de nove vidas na noite desta quarta-feira, dia 17 de janeiro. O caso...","jetpack-related-posts":[{"id":31468,"url":"https:\/\/ismaelcolosi.com.br\/index.php\/2024\/01\/22\/carro-capota-bate-em-carreta-na-br-153-e-deixa-cinco-vitimas-da-mesma-familia\/","url_meta":{"origin":29436,"position":0},"title":"Carro capota, bate em carreta na BR-153 e deixa cinco v\u00edtimas da mesma fam\u00edlia","author":"ismaelcolosi.com.br","date":"22 de January de 2024","format":false,"excerpt":"Uma trag\u00e9dia ocorreu na BR-153, rodovia que fica pr\u00f3xima a cidade de Arapor\u00e3, e infelizmente, os membros afetados s\u00e3o todos de uma mesma fam\u00edlia. Se trataram de quatro pessoas feridas e uma v\u00edtima fatal.O acidente aconteceu ap\u00f3s o ve\u00edculo em que todos estavam ter capotado e colidido contra uma carreta.\u2026","rel":"","context":"In &quot;Blog&quot;","block_context":{"text":"Blog","link":"https:\/\/ismaelcolosi.com.br\/index.php\/category\/blog\/"},"img":{"alt_text":"","src":"https:\/\/i0.wp.com\/ismaelcolosi.com.br\/wp-content\/uploads\/2024\/01\/postimg-65ae7177b77404880.jpg?fit=1200%2C628&ssl=1&resize=350%2C200","width":350,"height":200,"srcset":"https:\/\/i0.wp.com\/ismaelcolosi.com.br\/wp-content\/uploads\/2024\/01\/postimg-65ae7177b77404880.jpg?fit=1200%2C628&ssl=1&resize=350%2C200 1x, https:\/\/i0.wp.com\/ismaelcolosi.com.br\/wp-content\/uploads\/2024\/01\/postimg-65ae7177b77404880.jpg?fit=1200%2C628&ssl=1&resize=525%2C300 1.5x, https:\/\/i0.wp.com\/ismaelcolosi.com.br\/wp-content\/uploads\/2024\/01\/postimg-65ae7177b77404880.jpg?fit=1200%2C628&ssl=1&resize=700%2C400 2x, https:\/\/i0.wp.com\/ismaelcolosi.com.br\/wp-content\/uploads\/2024\/01\/postimg-65ae7177b77404880.jpg?fit=1200%2C628&ssl=1&resize=1050%2C600 3x"},"classes":[]},{"id":29642,"url":"https:\/\/ismaelcolosi.com.br\/index.php\/2024\/01\/18\/mais-um-gravissimo-acidente-na-br-116-tira-a-vida-de-pai-e-filho\/","url_meta":{"origin":29436,"position":1},"title":"Mais um grav\u00edssimo acidente na BR-116 tira a vida de pai e filho","author":"ismaelcolosi.com.br","date":"18 de January de 2024","format":false,"excerpt":"Duas trag\u00e9dias separadas, ambas igualmente devastadoras, ocorreram na BR-116, deixando um rastro de luto e perguntas sem respostas.Em Correia Pinto, na Serra catarinense, um pai e seu filho foram as v\u00edtimas fatais de um grave acidente no in\u00edcio da noite de quinta, dia 18 de janeiro.O acidente, que envolveu dois\u2026","rel":"","context":"In &quot;Blog&quot;","block_context":{"text":"Blog","link":"https:\/\/ismaelcolosi.com.br\/index.php\/category\/blog\/"},"img":{"alt_text":"","src":"https:\/\/i0.wp.com\/ismaelcolosi.com.br\/wp-content\/uploads\/2024\/01\/postimg-65a9ccf44ece48566.jpg?fit=1200%2C628&ssl=1&resize=350%2C200","width":350,"height":200,"srcset":"https:\/\/i0.wp.com\/ismaelcolosi.com.br\/wp-content\/uploads\/2024\/01\/postimg-65a9ccf44ece48566.jpg?fit=1200%2C628&ssl=1&resize=350%2C200 1x, https:\/\/i0.wp.com\/ismaelcolosi.com.br\/wp-content\/uploads\/2024\/01\/postimg-65a9ccf44ece48566.jpg?fit=1200%2C628&ssl=1&resize=525%2C300 1.5x, https:\/\/i0.wp.com\/ismaelcolosi.com.br\/wp-content\/uploads\/2024\/01\/postimg-65a9ccf44ece48566.jpg?fit=1200%2C628&ssl=1&resize=700%2C400 2x, https:\/\/i0.wp.com\/ismaelcolosi.com.br\/wp-content\/uploads\/2024\/01\/postimg-65a9ccf44ece48566.jpg?fit=1200%2C628&ssl=1&resize=1050%2C600 3x"},"classes":[]},{"id":20218,"url":"https:\/\/ismaelcolosi.com.br\/index.php\/2023\/12\/24\/pai-mae-e-namorado-da-filha-morrem-em-acidente-na-br-101-a-caminho-da-bahia-vitimas-sao-identificadas\/","url_meta":{"origin":29436,"position":2},"title":"Pai, m\u00e3e e namorado da filha morrem em acidente na BR-101 a caminho da Bahia; v\u00edtimas s\u00e3o identificadas","author":"ismaelcolosi.com.br","date":"24 de December de 2023","format":false,"excerpt":"Tr\u00eas pessoas acabaram perdendo a vida nesta fim de semana ap\u00f3s serem v\u00edtimas de um grave acidente de tr\u00e2nsito. O fato ocorreu no Km 55 da BR 101, que fica em Concei\u00e7\u00e3o da Barra, no Norte do Esp\u00edrito Santo.O acidente foi registrado por volta das 20h15 do \u00faltimo s\u00e1bado (23\/12)\u2026","rel":"","context":"In &quot;Blog&quot;","block_context":{"text":"Blog","link":"https:\/\/ismaelcolosi.com.br\/index.php\/category\/blog\/"},"img":{"alt_text":"","src":"https:\/\/i0.wp.com\/ismaelcolosi.com.br\/wp-content\/uploads\/2023\/12\/postimg-65886faa2606a5047.jpg?fit=1200%2C628&ssl=1&resize=350%2C200","width":350,"height":200,"srcset":"https:\/\/i0.wp.com\/ismaelcolosi.com.br\/wp-content\/uploads\/2023\/12\/postimg-65886faa2606a5047.jpg?fit=1200%2C628&ssl=1&resize=350%2C200 1x, https:\/\/i0.wp.com\/ismaelcolosi.com.br\/wp-content\/uploads\/2023\/12\/postimg-65886faa2606a5047.jpg?fit=1200%2C628&ssl=1&resize=525%2C300 1.5x, https:\/\/i0.wp.com\/ismaelcolosi.com.br\/wp-content\/uploads\/2023\/12\/postimg-65886faa2606a5047.jpg?fit=1200%2C628&ssl=1&resize=700%2C400 2x, https:\/\/i0.wp.com\/ismaelcolosi.com.br\/wp-content\/uploads\/2023\/12\/postimg-65886faa2606a5047.jpg?fit=1200%2C628&ssl=1&resize=1050%2C600 3x"},"classes":[]},{"id":31550,"url":"https:\/\/ismaelcolosi.com.br\/index.php\/2024\/01\/22\/carro-bate-em-carreta-destroi-familia-pai-mae-e-bebe-perderam-a-vida-crianca-foi-ejetada-do-carro\/","url_meta":{"origin":29436,"position":3},"title":"Carro bate em carreta, destr\u00f3i fam\u00edlia, pai, m\u00e3e e beb\u00ea perderam a vida, crian\u00e7a foi ejetada do carro","author":"ismaelcolosi.com.br","date":"22 de January de 2024","format":false,"excerpt":"Uma colis\u00e3o frontal entre um carro e uma carreta destruiu uma fam\u00edlia, o acidente teve como cen\u00e1rio a rodovia BR-25 e aconteceu na tarde deste domingo (21). No final da tarde deste \u00faltimo domingo, um tr\u00e1gico acidente na BR-251, pr\u00f3ximo a localidade de Curral de Dentro, que fica no interior\u2026","rel":"","context":"In &quot;Blog&quot;","block_context":{"text":"Blog","link":"https:\/\/ismaelcolosi.com.br\/index.php\/category\/blog\/"},"img":{"alt_text":"","src":"https:\/\/i0.wp.com\/ismaelcolosi.com.br\/wp-content\/uploads\/2024\/01\/postimg-65aeb8e91dccd9738.jpg?fit=1200%2C628&ssl=1&resize=350%2C200","width":350,"height":200,"srcset":"https:\/\/i0.wp.com\/ismaelcolosi.com.br\/wp-content\/uploads\/2024\/01\/postimg-65aeb8e91dccd9738.jpg?fit=1200%2C628&ssl=1&resize=350%2C200 1x, https:\/\/i0.wp.com\/ismaelcolosi.com.br\/wp-content\/uploads\/2024\/01\/postimg-65aeb8e91dccd9738.jpg?fit=1200%2C628&ssl=1&resize=525%2C300 1.5x, https:\/\/i0.wp.com\/ismaelcolosi.com.br\/wp-content\/uploads\/2024\/01\/postimg-65aeb8e91dccd9738.jpg?fit=1200%2C628&ssl=1&resize=700%2C400 2x, https:\/\/i0.wp.com\/ismaelcolosi.com.br\/wp-content\/uploads\/2024\/01\/postimg-65aeb8e91dccd9738.jpg?fit=1200%2C628&ssl=1&resize=1050%2C600 3x"},"classes":[]},{"id":20585,"url":"https:\/\/ismaelcolosi.com.br\/index.php\/2023\/12\/26\/quem-sao-as-5-vitimas-da-mesma-familia-que-nao-resistiram-apos-carro-cair-em-rio-em-ro\/","url_meta":{"origin":29436,"position":4},"title":"Quem s\u00e3o as 5 v\u00edtimas da mesma fam\u00edlia que n\u00e3o resistiram ap\u00f3s carro cair em rio em RO","author":"ismaelcolosi.com.br","date":"26 de December de 2023","format":false,"excerpt":"Uma trag\u00e9dia aconteceu e tirou a vida de cinco pessoas da mesma fam\u00edlia na localidade de Pimenteiras do Oeste, em Rond\u00f4nia. As v\u00edtimas foram identificas e mais detalhes diante do assunto foram divulgados.No tr\u00e1gico acidente ocorrido em Pimenteiras do Oeste, as v\u00edtimas foram identificadas como S\u00f4nia Valadares dos Santos, uma\u2026","rel":"","context":"In &quot;Blog&quot;","block_context":{"text":"Blog","link":"https:\/\/ismaelcolosi.com.br\/index.php\/category\/blog\/"},"img":{"alt_text":"","src":"https:\/\/i0.wp.com\/ismaelcolosi.com.br\/wp-content\/uploads\/2023\/12\/postimg-658a439c5379a5311.jpg?fit=1200%2C628&ssl=1&resize=350%2C200","width":350,"height":200,"srcset":"https:\/\/i0.wp.com\/ismaelcolosi.com.br\/wp-content\/uploads\/2023\/12\/postimg-658a439c5379a5311.jpg?fit=1200%2C628&ssl=1&resize=350%2C200 1x, https:\/\/i0.wp.com\/ismaelcolosi.com.br\/wp-content\/uploads\/2023\/12\/postimg-658a439c5379a5311.jpg?fit=1200%2C628&ssl=1&resize=525%2C300 1.5x, https:\/\/i0.wp.com\/ismaelcolosi.com.br\/wp-content\/uploads\/2023\/12\/postimg-658a439c5379a5311.jpg?fit=1200%2C628&ssl=1&resize=700%2C400 2x, https:\/\/i0.wp.com\/ismaelcolosi.com.br\/wp-content\/uploads\/2023\/12\/postimg-658a439c5379a5311.jpg?fit=1200%2C628&ssl=1&resize=1050%2C600 3x"},"classes":[]},{"id":20200,"url":"https:\/\/ismaelcolosi.com.br\/index.php\/2023\/12\/24\/quatro-pessoas-da-mesma-familia-perdem-a-vida-em-acidente-grave-a-caminho-de-brasilia-para-festejar-o-natal\/","url_meta":{"origin":29436,"position":5},"title":"Quatro pessoas da mesma fam\u00edlia perdem a vida em acidente grave a caminho de Bras\u00edlia para festejar o Natal","author":"ismaelcolosi.com.br","date":"24 de December de 2023","format":false,"excerpt":"Neste \u00faltimo s\u00e1bado (23), uma trag\u00e9dia abalou a cidade de Bom Jesus, localizada no interior do estado do Piau\u00ed. Uma fam\u00edlia residente nesta cidade partiu com destino a cidade de Bras\u00edlia, capital da federa\u00e7\u00e3o, acabou morrendo em um tr\u00e1gico acidente.As v\u00edtimas foram identificadas como Douglas Wendel, de 28 anos, Ana\u2026","rel":"","context":"In &quot;Blog&quot;","block_context":{"text":"Blog","link":"https:\/\/ismaelcolosi.com.br\/index.php\/category\/blog\/"},"img":{"alt_text":"","src":"https:\/\/i0.wp.com\/ismaelcolosi.com.br\/wp-content\/uploads\/2023\/12\/postimg-6588702e148a61629.jpg?fit=1200%2C628&ssl=1&resize=350%2C200","width":350,"height":200,"srcset":"https:\/\/i0.wp.com\/ismaelcolosi.com.br\/wp-content\/uploads\/2023\/12\/postimg-6588702e148a61629.jpg?fit=1200%2C628&ssl=1&resize=350%2C200 1x, https:\/\/i0.wp.com\/ismaelcolosi.com.br\/wp-content\/uploads\/2023\/12\/postimg-6588702e148a61629.jpg?fit=1200%2C628&ssl=1&resize=525%2C300 1.5x, https:\/\/i0.wp.com\/ismaelcolosi.com.br\/wp-content\/uploads\/2023\/12\/postimg-6588702e148a61629.jpg?fit=1200%2C628&ssl=1&resize=700%2C400 2x, https:\/\/i0.wp.com\/ismaelcolosi.com.br\/wp-content\/uploads\/2023\/12\/postimg-6588702e148a61629.jpg?fit=1200%2C628&ssl=1&resize=1050%2C600 3x"},"classes":[]}],"jetpack_sharing_enabled":true,"jetpack_shortlink":"https:\/\/wp.me\/pfMlyK-7EM","_links":{"self":[{"href":"https:\/\/ismaelcolosi.com.br\/index.php\/wp-json\/wp\/v2\/posts\/29436","targetHints":{"allow":["GET"]}}],"collection":[{"href":"https:\/\/ismaelcolosi.com.br\/index.php\/wp-json\/wp\/v2\/posts"}],"about":[{"href":"https:\/\/ismaelcolosi.com.br\/index.php\/wp-json\/wp\/v2\/types\/post"}],"author":[{"embeddable":true,"href":"https:\/\/ismaelcolosi.com.br\/index.php\/wp-json\/wp\/v2\/users\/1"}],"replies":[{"embeddable":true,"href":"https:\/\/ismaelcolosi.com.br\/index.php\/wp-json\/wp\/v2\/comments?post=29436"}],"version-history":[{"count":0,"href":"https:\/\/ismaelcolosi.com.br\/index.php\/wp-json\/wp\/v2\/posts\/29436\/revisions"}],"wp:featuredmedia":[{"embeddable":true,"href":"https:\/\/ismaelcolosi.com.br\/index.php\/wp-json\/wp\/v2\/media\/29437"}],"wp:attachment":[{"href":"https:\/\/ismaelcolosi.com.br\/index.php\/wp-json\/wp\/v2\/media?parent=29436"}],"wp:term":[{"taxonomy":"category","embeddable":true,"href":"https:\/\/ismaelcolosi.com.br\/index.php\/wp-json\/wp\/v2\/categories?post=29436"},{"taxonomy":"post_tag","embeddable":true,"href":"https:\/\/ismaelcolosi.com.br\/index.php\/wp-json\/wp\/v2\/tags?post=29436"}],"curies":[{"name":"wp","href":"https:\/\/api.w.org\/{rel}","templated":true}]}}