{"id":29370,"date":"2024-01-18T06:28:08","date_gmt":"2024-01-18T09:28:08","guid":{"rendered":"https:\/\/ismaelcolosi.com.br\/index.php\/2024\/01\/18\/como-criar-habitos-e-trazer-sentido-para-sua-rotina-hoje\/"},"modified":"2024-01-18T06:28:08","modified_gmt":"2024-01-18T09:28:08","slug":"como-criar-habitos-e-trazer-sentido-para-sua-rotina-hoje","status":"publish","type":"post","link":"https:\/\/ismaelcolosi.com.br\/index.php\/2024\/01\/18\/como-criar-habitos-e-trazer-sentido-para-sua-rotina-hoje\/","title":{"rendered":"Como criar h\u00e1bitos e trazer sentido para sua rotina hoje"},"content":{"rendered":"<p> <br \/>\n<\/p>\n<div>\n<div id=\"attachment_590456\" class=\"wp-caption alignnone style=\" max-width:=\"\"><img data-recalc-dims=\"1\" loading=\"lazy\" decoding=\"async\" class=\"alignnone wp-image-590456 size-full\" src=\"https:\/\/i0.wp.com\/forbes.com.br\/wp-content\/uploads\/2024\/01\/carreira-felicidade-trabalho-1-768x512.jpg?resize=678%2C452&#038;ssl=1\" http:=\"\" alt=\"Jacqueline Munguia\/Unsplash\" width=\"678\" height=\"452\" data-lazy-src=\"https:\/\/forbes.com.br\/wp-content\/uploads\/2024\/01\/carreira-felicidade-trabalho-1-768x512.jpg\"\/><noscript><img data-recalc-dims=\"1\" loading=\"lazy\" decoding=\"async\" class=\"alignnone wp-image-590456 size-full\" src=\"https:\/\/i0.wp.com\/forbes.com.br\/wp-content\/uploads\/2024\/01\/carreira-felicidade-trabalho-1-768x512.jpg?resize=678%2C452&#038;ssl=1\" alt=\"Jacqueline Munguia\/Unsplash\" width=\"678\" height=\"452\"\/><\/noscript><\/p>\n<p>Jacqueline Munguia\/Unsplash<\/p>\n<p class=\"wp-caption-text\">Criar h\u00e1bitos e aprender a lidar com as emo\u00e7\u00f5es negativas s\u00e3o fatores importantes para encontrar a felicidade<\/p>\n<\/div>\n<p><span style=\"font-weight: 400;\">\u201cLu, fa\u00e7a um curso de culin\u00e1ria e <\/span><span style=\"font-weight: 400;\">encontre felicidade nas coisas simples da vida.\u201d\u00a0<\/span><\/p>\n<p><span style=\"font-weight: 400;\">N\u00e3o foi a minha m\u00e3e, o Alex Atala, tampouco a minha terapeuta que disse a frase acima.\u00a0<\/span><\/p>\n<p><span style=\"font-weight: 400;\">Sem saber, o meu querido cliente<\/span> <span style=\"font-weight: 400;\">Luis Resende, presidente da Volvo Cars Am\u00e9rica Latina, destruiu um grande preconceito (no sentido mais puro da palavra) que me manteve distante do fog\u00e3o por todos esses anos. Sempre achei que a cozinha era a ant\u00edtese do empoderamento feminino e da ascens\u00e3o da mulher no mundo corporativo.\u00a0<\/span><\/p>\n<ul>\n<li>\n<h4>Siga o canal da <a href=\"https:\/\/whatsapp.com\/channel\/0029Va9gQKwBFLgM96cJnu0u\" target=\"_blank\" rel=\"noopener\">Forbes<\/a> e de <a href=\"https:\/\/whatsapp.com\/channel\/0029VaAZk57JuyA9F4UwQc2I\" target=\"_blank\" rel=\"noopener\">Forbes Money<\/a> no WhatsApp e receba as principais not\u00edcias sobre neg\u00f3cios, carreira, tecnologia e estilo de vida<\/h4>\n<\/li>\n<\/ul>\n<p><span style=\"font-weight: 400;\">Nessa nova jornada na cozinha, que come\u00e7ou quando me mudei para Portugal, descobri que a danada da cebola produz notas musicais ao cair no azeite quente. O cheiro, o choro e o chiado que esse legume provoca me lembram um fado de Am\u00e1lia Rodrigues. E, como ela bem dizia \u201co fado sente-se, n\u00e3o se compreende, nem se explica\u201d. O som da cebola dourando na panela me faz muito feliz.\u00a0<\/span><\/p>\n<p><span style=\"font-weight: 400;\">Cozinhar \u00e9 um <\/span><span style=\"font-weight: 400;\">ato-ritual<\/span><span style=\"font-weight: 400;\"> milenar de transformar ingredientes em alimento para o corpo e para a alma.<\/span><\/p>\n<p><span style=\"font-weight: 400;\">Na minha vida pregressa <\/span><span style=\"font-weight: 400;\">\u00e0 la \u201c<\/span><span style=\"font-weight: 400;\">Tempos Modernos\u201d<\/span><span style=\"font-weight: 400;\">, filme dirigido por Charles Chaplin em 1936, eu realmente acreditava que sabia das coisas, at\u00e9 a Dona Cebola manifestar seu extraordin\u00e1rio sonido, e eu entender o impacto positivo que cozinhar teve em mim. Foi o despertar de uma nova emo\u00e7\u00e3o.<\/span><\/p>\n<p><strong>Leia tamb\u00e9m:<\/strong><\/p>\n<p><span style=\"font-weight: 400;\">N\u00e3o pense que este artigo vai terminar numa receita de bacalhau. Apenas percebi que come\u00e7ar um novo ano em busca de\u00a0algo que te fa\u00e7a feliz, sem tanta expectativa, cobran\u00e7a ou sofistica\u00e7\u00e3o,\u00a0pode transformar a sua vida pessoal e profissional.<\/span><\/p>\n<h2><b>O que voc\u00ea faz quando\u00a0est\u00e1 frustrado?\u00a0<\/b><\/h2>\n<p><span style=\"font-weight: 400;\">a)<\/span> I<span style=\"font-weight: 400;\">nternaliza: n\u00e3o dorme, fica estressado at\u00e9 que a sua mente manifeste doen\u00e7as f\u00edsicas ou mentais;<\/span><\/p>\n<p><span style=\"font-weight: 400;\">b) Externaliza: lembra do jogo batata quente? Voc\u00ea transfere para o outro as suas m\u00e1goas;\u00a0<\/span><\/p>\n<p><span style=\"font-weight: 400;\">c) As duas op\u00e7\u00f5es acima;<\/span><\/p>\n<p><span style=\"font-weight: 400;\">d) N\u00e3o quero falar sobre isso.<\/span><\/p>\n<p><span style=\"font-weight: 400;\">A frustra\u00e7\u00e3o nos consome, enrijece, corr\u00f3i como \u00e1gua quando encontra o ferro. Ferrugem nada mais \u00e9 do que o resultado de um processo f\u00edsico-qu\u00edmico. E \u00e9 assim que o nosso corpo age quando n\u00e3o temos as ferramentas certas para evitar processos f\u00edsico-qu\u00edmicos no nosso c\u00e9rebro.\u00a0<\/span><\/p>\n<h2>O caminho da felicidade inclui novos h\u00e1bitos<\/h2>\n<p><span style=\"font-weight: 400;\">Aprender a lidar com as emo\u00e7\u00f5es negativas \u00e9 um dos fatores mais importante em busca do \u201cestar feliz\u201d.\u00a0<\/span><\/p>\n<p><span style=\"font-weight: 400;\">Meu cunhado, Roberto Mazzarella, managing director de um dos maiores bancos dos Estados Unidos, conseguiu, brilhantemente, atrav\u00e9s de uma analogia com um assunto que ele domina, simplificar a nossa exist\u00eancia:<\/span><\/p>\n<p><span style=\"font-weight: 400;\">\u201cA nossa vida \u00e9 como uma conta corrente, n\u00e3o precisa ter s\u00f3 cr\u00e9ditos (alegrias), chegar\u00e3o alguns boletos, d\u00e9bitos autom\u00e1ticos ser\u00e3o descontados. E# n\u00e3o tem problema, o que importa \u00e9 o saldo positivo. Precisamos buscar mais motivos para sorrir do que para lamentar. Se for o contr\u00e1rio, fica insustent\u00e1vel e o gerente fecha sua conta.\u201d<\/span><\/p>\n<p><span style=\"font-weight: 400;\">\u00c9 nessas horas que o autoconhecimento entra para te salvar. Somos muito sens\u00edveis \u00e0s opini\u00f5es alheias e menos ao que faz sentido para n\u00f3s. Estamos o tempo todo buscando aceita\u00e7\u00e3o e aprova\u00e7\u00e3o, e isso nos distancia de sermos felizes.<\/span><\/p>\n<p><span style=\"font-weight: 400;\">Existe um ditado hindu\u00edsta que diz: \u201cDeus escondeu as joias mais preciosas onde sabia que voc\u00ea jamais procuraria: no seu bolso\u201d.<\/span><\/p>\n<h2>A import\u00e2ncia de criar h\u00e1bitos<\/h2>\n<p><span style=\"font-weight: 400;\">A resposta n\u00e3o \u00e9 simples, nem \u00fanica, e muito menos est\u00e1 na arte de cozinhar (quem dera estivesse). A \u00fanica certeza que tenho \u00e9 que, para o saldo ser positivo, precisamos de novos h\u00e1bitos.\u00a0<\/span><\/p>\n<h4>Talvez voc\u00ea possa tentar esta receita de dez ingredientes:<\/h4>\n<ol>\n<li>Aprenda a levar os seus pensamentos negativos menos a s\u00e9rio;<\/li>\n<li>Liberte seus medos. Fa\u00e7a da sua intui\u00e7\u00e3o uma b\u00fassola;<\/li>\n<li>Lembre-se de que nada dura para sempre \u2013 nem mesmo os tempos dif\u00edceis. Tudo \u00e9 transit\u00f3rio;<\/li>\n<li>Tenha flexibilidade para aceitar os desafios que aparecer\u00e3o na sua estrada;<\/li>\n<li>Acredite: a humildade \u00e9 a sua melhor virtude;<\/li>\n<li>Descubra o poder do sil\u00eancio. Voc\u00ea quer ser feliz ou ter raz\u00e3o?;<\/li>\n<li>Seja mais quem voc\u00ea precisa ser;<\/li>\n<li>Quando achar que se perdeu no caminho, lembre-se de que mudan\u00e7a \u00e9 a \u00fanica constante da vida;<\/li>\n<li>Respeite as suas limita\u00e7\u00f5es;<\/li>\n<li>N\u00e3o deixe ningu\u00e9m apagar a tua chama. A tua luz \u00e9 o que voc\u00ea tem de mais sagrado.<\/li>\n<\/ol>\n<p><span style=\"font-weight: 400;\">N\u00e3o fique esperando ser feliz somente quando a promo\u00e7\u00e3o chegar, quando encontrar o seu grande amor, quando tirar f\u00e9rias ou quando possuir aquele bem material que tanto deseja.<\/span><\/p>\n<p><b>N\u00e3o passe os dias esperando as noites, e as noites, esperando os dias.\u00a0<\/b><\/p>\n<p><span style=\"font-weight: 400;\">A felicidade pode vir do \u201cvai com Deus\u201d da sua m\u00e3e, de um emoji de cora\u00e7\u00e3o, do abrir os olhos e estar vivo, de um rabinho balan\u00e7ando, do sorriso encabulado daquela pessoa que voc\u00ea elogiou (elogie mais pessoas e mais vezes), de saber que no dia de hoje voc\u00ea est\u00e1 saud\u00e1vel, da \u00faltima p\u00e1gina do livro, da areia molhada no seu p\u00e9, do seu filho reclamando do seu beijo molhado (\u201cahhh, mam\u00e3e\u201d), e claro, do som da cebola fritando.\u00a0<\/span><\/p>\n<p><b>Aceite o que \u00e9. Deixe ir o que foi. Acredite no que ser\u00e1.\u00a0Tudo come\u00e7a por voc\u00ea.\u00a0<\/b><\/p>\n<p><span style=\"font-weight: 400;\">Janeiro (em latim,\u00a0<\/span><i><span style=\"font-weight: 400;\">Ianuarius<\/span><\/i><span style=\"font-weight: 400;\">) \u00e9 nomeado em homenagem a Janus, o deus dos in\u00edcios e transi\u00e7\u00f5es na\u00a0mitologia romana. Feliz novo ano!<\/span><\/p>\n<p><span style=\"font-weight: 400;\">P.S.: Ainda n\u00e3o consigo convidar o Luis para comer um bacalhau \u00e0 Br\u00e1s aqui em Lisboa. N\u00e3o tive coragem de me arriscar nessa receita, por inseguran\u00e7a mesmo, mas estou muito feliz com o meu progresso na cozinha. J\u00e1 tenho at\u00e9 um pequeno card\u00e1pio para chamar de meu.<\/span><\/p>\n<p><em>Luciana\u00a0Rodrigues \u00e9 executiva C-level do setor de comunica\u00e7\u00e3o, mentora e conselheira.<\/em><\/p>\n<p><em>Os artigos assinados s\u00e3o de responsabilidade exclusiva dos autores e n\u00e3o refletem, necessariamente, a opini\u00e3o de Forbes Brasil e de seus editores.<\/em><\/p>\n<\/div>\n<p><script type=\"rocketlazyloadscript\">\n\t\t\t\t(function(d, s, id){\n\t\t\t\t\tvar js, fjs = d.getElementsByTagName(s)[0];\n\t\t\t\t\tif (d.getElementById(id)) return;\n\t\t\t\t\tjs = d.createElement(s); js.id = id;\n\t\t\t\t\tjs.src = \"\/\/connect.facebook.net\/pt_BR\/sdk.js#xfbml=1&version=v2.9\";\n\t\t\t\t\tfjs.parentNode.insertBefore(js, fjs);\n\t\t\t\t}(document, 'script', 'facebook-jssdk'));\n\t\t\t<\/script><br \/>\n<br \/><br \/>\n<br \/><a href=\"https:\/\/forbes.com.br\/carreira\/2024\/01\/luciana-rodrigues-como-criar-habitos-trazer-sentido-para-rotina\/\">Source link <\/a><\/p>\n<div class='code-block code-block-4' style='margin: 8px auto 8px 0; text-align: left; display: block; clear: both;'>\n\ud83d\udce2 Aviso Legal\n\nO site ismaelcolosi.com.br atua apenas como um canal de divulga\u00e7\u00e3o de oportunidades de emprego e n\u00e3o se responsabiliza pelo processo seletivo, contrata\u00e7\u00e3o ou qualquer outra etapa relacionada \u00e0s vagas publicadas. Todas as informa\u00e7\u00f5es s\u00e3o de responsabilidade dos anunciantes.\n\n\u26a0\ufe0f Aten\u00e7\u00e3o! Nunca pague por promessas de emprego nem compre cursos que garantam contrata\u00e7\u00e3o. Desconfie de qualquer cobran\u00e7a para participar de sele\u00e7\u00f5es.\n\n\n\n<\/div>\n<!-- CONTENT END 1 -->\n","protected":false},"excerpt":{"rendered":"<p>Jacqueline Munguia\/Unsplash Criar h\u00e1bitos e aprender a lidar com as emo\u00e7\u00f5es negativas s\u00e3o fatores importantes para encontrar a felicidade \u201cLu, fa\u00e7a um curso de culin\u00e1ria&#8230;<\/p>\n","protected":false},"author":1,"featured_media":29371,"comment_status":"open","ping_status":"open","sticky":false,"template":"","format":"standard","meta":{"_uag_custom_page_level_css":"","advanced_seo_description":"","jetpack_seo_html_title":"","jetpack_seo_noindex":false,"jetpack_post_was_ever_published":false,"_jetpack_newsletter_access":"","_jetpack_dont_email_post_to_subs":false,"_jetpack_newsletter_tier_id":0,"_jetpack_memberships_contains_paywalled_content":false,"_jetpack_memberships_contains_paid_content":false,"footnotes":"","jetpack_publicize_message":"","jetpack_publicize_feature_enabled":true,"jetpack_social_post_already_shared":true,"jetpack_social_options":{"image_generator_settings":{"template":"highway","default_image_id":0,"font":"","enabled":false},"version":2}},"categories":[1964],"tags":[],"class_list":["post-29370","post","type-post","status-publish","format-standard","has-post-thumbnail","hentry","category-carreira-e-sucesso-dicas-para-carreira"],"jetpack_publicize_connections":[],"jetpack_featured_media_url":"https:\/\/i0.wp.com\/ismaelcolosi.com.br\/wp-content\/uploads\/2024\/01\/carreira-felicidade-trabalho-1-1024x683.jpg?fit=1024%2C683&ssl=1","uagb_featured_image_src":{"full":["https:\/\/i0.wp.com\/ismaelcolosi.com.br\/wp-content\/uploads\/2024\/01\/carreira-felicidade-trabalho-1-1024x683.jpg?fit=1024%2C683&ssl=1",1024,683,false],"thumbnail":["https:\/\/i0.wp.com\/ismaelcolosi.com.br\/wp-content\/uploads\/2024\/01\/carreira-felicidade-trabalho-1-1024x683.jpg?resize=150%2C150&ssl=1",150,150,true],"medium":["https:\/\/i0.wp.com\/ismaelcolosi.com.br\/wp-content\/uploads\/2024\/01\/carreira-felicidade-trabalho-1-1024x683.jpg?fit=300%2C200&ssl=1",300,200,true],"medium_large":["https:\/\/i0.wp.com\/ismaelcolosi.com.br\/wp-content\/uploads\/2024\/01\/carreira-felicidade-trabalho-1-1024x683.jpg?fit=768%2C512&ssl=1",768,512,true],"large":["https:\/\/i0.wp.com\/ismaelcolosi.com.br\/wp-content\/uploads\/2024\/01\/carreira-felicidade-trabalho-1-1024x683.jpg?fit=1024%2C683&ssl=1",1024,683,true],"1536x1536":["https:\/\/i0.wp.com\/ismaelcolosi.com.br\/wp-content\/uploads\/2024\/01\/carreira-felicidade-trabalho-1-1024x683.jpg?fit=1024%2C683&ssl=1",1024,683,true],"2048x2048":["https:\/\/i0.wp.com\/ismaelcolosi.com.br\/wp-content\/uploads\/2024\/01\/carreira-felicidade-trabalho-1-1024x683.jpg?fit=1024%2C683&ssl=1",1024,683,true],"really-simple-thumb":["https:\/\/i0.wp.com\/ismaelcolosi.com.br\/wp-content\/uploads\/2024\/01\/carreira-felicidade-trabalho-1-1024x683.jpg?resize=370%2C247&ssl=1",370,247,true]},"uagb_author_info":{"display_name":"ismaelcolosi.com.br","author_link":"https:\/\/ismaelcolosi.com.br\/index.php\/author\/vidareal-online\/"},"uagb_comment_info":0,"uagb_excerpt":"Jacqueline Munguia\/Unsplash Criar h\u00e1bitos e aprender a lidar com as emo\u00e7\u00f5es negativas s\u00e3o fatores importantes para encontrar a felicidade \u201cLu, fa\u00e7a um curso de culin\u00e1ria...","jetpack-related-posts":[{"id":43235,"url":"https:\/\/ismaelcolosi.com.br\/index.php\/2024\/03\/20\/10-habitos-para-ser-feliz-no-trabalho-e-em-qualquer-lugar\/","url_meta":{"origin":29370,"position":0},"title":"10 h\u00e1bitos para ser feliz no trabalho e em qualquer lugar","author":"ismaelcolosi.com.br","date":"20 de March de 2024","format":false,"excerpt":"Getty ImagesUma mistura de olhar para si mesmo e se relacionar bem com os colegas ajuda a treinar seus m\u00fasculos da felicidade Se quisermos aumentar a nossa for\u00e7a muscular, vamos \u00e0 academia. Mas n\u00e3o vamos uma ou duas vezes e esperamos que os m\u00fasculos apare\u00e7am. \u00c9 preciso de rotina e\u2026","rel":"","context":"In &quot;Carreira e Sucesso&quot;","block_context":{"text":"Carreira e Sucesso","link":"https:\/\/ismaelcolosi.com.br\/index.php\/category\/carreira-e-sucesso-dicas-para-carreira\/"},"img":{"alt_text":"","src":"https:\/\/i0.wp.com\/ismaelcolosi.com.br\/wp-content\/uploads\/2024\/03\/carreira-trabalho-felicidade-1024x683.jpg?fit=1024%2C683&ssl=1&resize=350%2C200","width":350,"height":200,"srcset":"https:\/\/i0.wp.com\/ismaelcolosi.com.br\/wp-content\/uploads\/2024\/03\/carreira-trabalho-felicidade-1024x683.jpg?fit=1024%2C683&ssl=1&resize=350%2C200 1x, https:\/\/i0.wp.com\/ismaelcolosi.com.br\/wp-content\/uploads\/2024\/03\/carreira-trabalho-felicidade-1024x683.jpg?fit=1024%2C683&ssl=1&resize=525%2C300 1.5x, https:\/\/i0.wp.com\/ismaelcolosi.com.br\/wp-content\/uploads\/2024\/03\/carreira-trabalho-felicidade-1024x683.jpg?fit=1024%2C683&ssl=1&resize=700%2C400 2x"},"classes":[]},{"id":85900,"url":"https:\/\/ismaelcolosi.com.br\/index.php\/2025\/06\/04\/a-definicao-de-coragem-e-contar-a-historia-da-sua-vida\/","url_meta":{"origin":29370,"position":1},"title":"\u201cA Defini\u00e7\u00e3o de Coragem \u00e9 Contar a Hist\u00f3ria da Sua Vida\u201d","author":"ismaelcolosi.com.br","date":"4 de June de 2025","format":false,"excerpt":"\r Divulga\u00e7\u00e3o\/Vtex\/Torin Zanette\r Em passagem pelo Brasil, Viola Davis participou de painel durante o VTEXDay\r Acessibilidade \r L\r L\r A-\r A+\r \r \u25d0\r \r \u00a0 A atriz Viola Davis esteve de passagem pelo Brasil na \u00faltima ter\u00e7a-feira (3) para participar de um painel durante o VTEXDay, maior evento de com\u00e9rcio\u2026","rel":"","context":"In &quot;Carreira e Sucesso&quot;","block_context":{"text":"Carreira e Sucesso","link":"https:\/\/ismaelcolosi.com.br\/index.php\/category\/carreira-e-sucesso-dicas-para-carreira\/"},"img":{"alt_text":"","src":"https:\/\/i0.wp.com\/ismaelcolosi.com.br\/wp-content\/uploads\/2025\/06\/forbes-viola-davis-1200x675.jpg?fit=1200%2C675&ssl=1&resize=350%2C200","width":350,"height":200,"srcset":"https:\/\/i0.wp.com\/ismaelcolosi.com.br\/wp-content\/uploads\/2025\/06\/forbes-viola-davis-1200x675.jpg?fit=1200%2C675&ssl=1&resize=350%2C200 1x, https:\/\/i0.wp.com\/ismaelcolosi.com.br\/wp-content\/uploads\/2025\/06\/forbes-viola-davis-1200x675.jpg?fit=1200%2C675&ssl=1&resize=525%2C300 1.5x, https:\/\/i0.wp.com\/ismaelcolosi.com.br\/wp-content\/uploads\/2025\/06\/forbes-viola-davis-1200x675.jpg?fit=1200%2C675&ssl=1&resize=700%2C400 2x, https:\/\/i0.wp.com\/ismaelcolosi.com.br\/wp-content\/uploads\/2025\/06\/forbes-viola-davis-1200x675.jpg?fit=1200%2C675&ssl=1&resize=1050%2C600 3x"},"classes":[]},{"id":87011,"url":"https:\/\/ismaelcolosi.com.br\/index.php\/2025\/08\/11\/6-licoes-de-carreira-de-viola-davis\/","url_meta":{"origin":29370,"position":2},"title":"6 Li\u00e7\u00f5es de Carreira de Viola Davis","author":"ismaelcolosi.com.br","date":"11 de August de 2025","format":false,"excerpt":"\r Frazer Harrison\/Getty Images\r Viola Davis construiu uma carreira premiada no universo do entretenimento\r Acessibilidade \r L\r L\r A-\r A+\r \r \u25d0\r \r Viola Davis, uma das maiores atrizes de sua gera\u00e7\u00e3o e integrante do seleto grupo EGOT \u2014 artistas que levaram os quatro pr\u00eamios de maior prest\u00edgio no mundo\u2026","rel":"","context":"In &quot;Carreira e Sucesso&quot;","block_context":{"text":"Carreira e Sucesso","link":"https:\/\/ismaelcolosi.com.br\/index.php\/category\/carreira-e-sucesso-dicas-para-carreira\/"},"img":{"alt_text":"","src":"https:\/\/i0.wp.com\/ismaelcolosi.com.br\/wp-content\/uploads\/2025\/08\/viola-davis-60-anos-forbes-1200x675.jpg?fit=1200%2C675&ssl=1&resize=350%2C200","width":350,"height":200,"srcset":"https:\/\/i0.wp.com\/ismaelcolosi.com.br\/wp-content\/uploads\/2025\/08\/viola-davis-60-anos-forbes-1200x675.jpg?fit=1200%2C675&ssl=1&resize=350%2C200 1x, https:\/\/i0.wp.com\/ismaelcolosi.com.br\/wp-content\/uploads\/2025\/08\/viola-davis-60-anos-forbes-1200x675.jpg?fit=1200%2C675&ssl=1&resize=525%2C300 1.5x, https:\/\/i0.wp.com\/ismaelcolosi.com.br\/wp-content\/uploads\/2025\/08\/viola-davis-60-anos-forbes-1200x675.jpg?fit=1200%2C675&ssl=1&resize=700%2C400 2x, https:\/\/i0.wp.com\/ismaelcolosi.com.br\/wp-content\/uploads\/2025\/08\/viola-davis-60-anos-forbes-1200x675.jpg?fit=1200%2C675&ssl=1&resize=1050%2C600 3x"},"classes":[]},{"id":87016,"url":"https:\/\/ismaelcolosi.com.br\/index.php\/2025\/08\/11\/6-licoes-de-carreira-de-viola-davis-2\/","url_meta":{"origin":29370,"position":3},"title":"6 Li\u00e7\u00f5es de Carreira de Viola Davis","author":"ismaelcolosi.com.br","date":"11 de August de 2025","format":false,"excerpt":"\r Frazer Harrison\/Getty Images\r Viola Davis construiu uma carreira premiada no universo do entretenimento\r Acessibilidade \r L\r L\r A-\r A+\r \r \u25d0\r \r Viola Davis, uma das maiores atrizes de sua gera\u00e7\u00e3o e integrante do seleto grupo EGOT \u2014 artistas que levaram os quatro pr\u00eamios de maior prest\u00edgio no mundo\u2026","rel":"","context":"In &quot;Carreira e Sucesso&quot;","block_context":{"text":"Carreira e Sucesso","link":"https:\/\/ismaelcolosi.com.br\/index.php\/category\/carreira-e-sucesso-dicas-para-carreira\/"},"img":{"alt_text":"","src":"https:\/\/i0.wp.com\/ismaelcolosi.com.br\/wp-content\/uploads\/2025\/08\/1754923139_viola-davis-60-anos-forbes-1200x675.jpg?fit=1200%2C675&ssl=1&resize=350%2C200","width":350,"height":200,"srcset":"https:\/\/i0.wp.com\/ismaelcolosi.com.br\/wp-content\/uploads\/2025\/08\/1754923139_viola-davis-60-anos-forbes-1200x675.jpg?fit=1200%2C675&ssl=1&resize=350%2C200 1x, https:\/\/i0.wp.com\/ismaelcolosi.com.br\/wp-content\/uploads\/2025\/08\/1754923139_viola-davis-60-anos-forbes-1200x675.jpg?fit=1200%2C675&ssl=1&resize=525%2C300 1.5x, https:\/\/i0.wp.com\/ismaelcolosi.com.br\/wp-content\/uploads\/2025\/08\/1754923139_viola-davis-60-anos-forbes-1200x675.jpg?fit=1200%2C675&ssl=1&resize=700%2C400 2x, https:\/\/i0.wp.com\/ismaelcolosi.com.br\/wp-content\/uploads\/2025\/08\/1754923139_viola-davis-60-anos-forbes-1200x675.jpg?fit=1200%2C675&ssl=1&resize=1050%2C600 3x"},"classes":[]},{"id":82632,"url":"https:\/\/ismaelcolosi.com.br\/index.php\/2025\/02\/07\/4-habitos-de-autocuidado-essenciais-para-ceos\/","url_meta":{"origin":29370,"position":4},"title":"4 h\u00e1bitos de autocuidado essenciais para CEOs","author":"ismaelcolosi.com.br","date":"7 de February de 2025","format":false,"excerpt":"\r Getty Images\r Com a rotatividade de CEOs em n\u00edveis recordes, sa\u00fade e bem-estar se tornam indicadores-chave para o sucesso\r Acessibilidade \r L\r L\r A-\r A+\r \r \u25d0\r \r \u00a0 A rotatividade de CEOs atingiu n\u00edveis recordes em 2024, e 2025 pode superar essa marca. Segundo o relat\u00f3rio Global CEO\u2026","rel":"","context":"In &quot;Carreira e Sucesso&quot;","block_context":{"text":"Carreira e Sucesso","link":"https:\/\/ismaelcolosi.com.br\/index.php\/category\/carreira-e-sucesso-dicas-para-carreira\/"},"img":{"alt_text":"","src":"https:\/\/i0.wp.com\/ismaelcolosi.com.br\/wp-content\/uploads\/2025\/02\/forbes-ceos-lideranca-autocuidado-1200x675.jpg?fit=1200%2C675&ssl=1&resize=350%2C200","width":350,"height":200,"srcset":"https:\/\/i0.wp.com\/ismaelcolosi.com.br\/wp-content\/uploads\/2025\/02\/forbes-ceos-lideranca-autocuidado-1200x675.jpg?fit=1200%2C675&ssl=1&resize=350%2C200 1x, https:\/\/i0.wp.com\/ismaelcolosi.com.br\/wp-content\/uploads\/2025\/02\/forbes-ceos-lideranca-autocuidado-1200x675.jpg?fit=1200%2C675&ssl=1&resize=525%2C300 1.5x, https:\/\/i0.wp.com\/ismaelcolosi.com.br\/wp-content\/uploads\/2025\/02\/forbes-ceos-lideranca-autocuidado-1200x675.jpg?fit=1200%2C675&ssl=1&resize=700%2C400 2x, https:\/\/i0.wp.com\/ismaelcolosi.com.br\/wp-content\/uploads\/2025\/02\/forbes-ceos-lideranca-autocuidado-1200x675.jpg?fit=1200%2C675&ssl=1&resize=1050%2C600 3x"},"classes":[]},{"id":88956,"url":"https:\/\/ismaelcolosi.com.br\/index.php\/2026\/01\/27\/8-habitos-para-fortalecer-o-cerebro-e-impulsionar-a-carreira-segundo-neurologista\/","url_meta":{"origin":29370,"position":5},"title":"8 H\u00e1bitos para Fortalecer o C\u00e9rebro e Impulsionar a Carreira, Segundo Neurologista","author":"ismaelcolosi.com.br","date":"27 de January de 2026","format":false,"excerpt":"A campanha nacional Janeiro Branco abre o calend\u00e1rio como um convite ao cuidado com a sa\u00fade mental e emocional. Dentro desse tema, um equ\u00edvoco bastante comum \u00e9 acreditar que o c\u00e9rebro funciona como um computador antigo que inevitavelmente vai perdendo desempenho com o passar dos anos. Mas as pesquisas mostram\u2026","rel":"","context":"In &quot;Carreira e Sucesso&quot;","block_context":{"text":"Carreira e Sucesso","link":"https:\/\/ismaelcolosi.com.br\/index.php\/category\/carreira-e-sucesso-dicas-para-carreira\/"},"img":{"alt_text":"","src":"https:\/\/i0.wp.com\/ismaelcolosi.com.br\/wp-content\/uploads\/2026\/01\/cerebro-forbes.jpg?fit=860%2C484&ssl=1&resize=350%2C200","width":350,"height":200,"srcset":"https:\/\/i0.wp.com\/ismaelcolosi.com.br\/wp-content\/uploads\/2026\/01\/cerebro-forbes.jpg?fit=860%2C484&ssl=1&resize=350%2C200 1x, https:\/\/i0.wp.com\/ismaelcolosi.com.br\/wp-content\/uploads\/2026\/01\/cerebro-forbes.jpg?fit=860%2C484&ssl=1&resize=525%2C300 1.5x, https:\/\/i0.wp.com\/ismaelcolosi.com.br\/wp-content\/uploads\/2026\/01\/cerebro-forbes.jpg?fit=860%2C484&ssl=1&resize=700%2C400 2x"},"classes":[]}],"jetpack_sharing_enabled":true,"jetpack_shortlink":"https:\/\/wp.me\/pfMlyK-7DI","_links":{"self":[{"href":"https:\/\/ismaelcolosi.com.br\/index.php\/wp-json\/wp\/v2\/posts\/29370","targetHints":{"allow":["GET"]}}],"collection":[{"href":"https:\/\/ismaelcolosi.com.br\/index.php\/wp-json\/wp\/v2\/posts"}],"about":[{"href":"https:\/\/ismaelcolosi.com.br\/index.php\/wp-json\/wp\/v2\/types\/post"}],"author":[{"embeddable":true,"href":"https:\/\/ismaelcolosi.com.br\/index.php\/wp-json\/wp\/v2\/users\/1"}],"replies":[{"embeddable":true,"href":"https:\/\/ismaelcolosi.com.br\/index.php\/wp-json\/wp\/v2\/comments?post=29370"}],"version-history":[{"count":0,"href":"https:\/\/ismaelcolosi.com.br\/index.php\/wp-json\/wp\/v2\/posts\/29370\/revisions"}],"wp:featuredmedia":[{"embeddable":true,"href":"https:\/\/ismaelcolosi.com.br\/index.php\/wp-json\/wp\/v2\/media\/29371"}],"wp:attachment":[{"href":"https:\/\/ismaelcolosi.com.br\/index.php\/wp-json\/wp\/v2\/media?parent=29370"}],"wp:term":[{"taxonomy":"category","embeddable":true,"href":"https:\/\/ismaelcolosi.com.br\/index.php\/wp-json\/wp\/v2\/categories?post=29370"},{"taxonomy":"post_tag","embeddable":true,"href":"https:\/\/ismaelcolosi.com.br\/index.php\/wp-json\/wp\/v2\/tags?post=29370"}],"curies":[{"name":"wp","href":"https:\/\/api.w.org\/{rel}","templated":true}]}}