{"id":28649,"date":"2024-01-16T11:48:12","date_gmt":"2024-01-16T14:48:12","guid":{"rendered":"https:\/\/ismaelcolosi.com.br\/index.php\/2024\/01\/16\/quem-era-a-enfermeira-gravida-de-8-meses-que-foi-morta-no-es\/"},"modified":"2024-01-16T11:48:12","modified_gmt":"2024-01-16T14:48:12","slug":"quem-era-a-enfermeira-gravida-de-8-meses-que-foi-morta-no-es","status":"publish","type":"post","link":"https:\/\/ismaelcolosi.com.br\/index.php\/2024\/01\/16\/quem-era-a-enfermeira-gravida-de-8-meses-que-foi-morta-no-es\/","title":{"rendered":"Quem era a enfermeira gr\u00e1vida de 8 meses que foi morta no ES"},"content":{"rendered":"<p> <br \/>\n<\/p>\n<div itemprop=\"text\">\n<p>A comunidade de Alfredo Chaves, no Sul do Esp\u00edrito Santo, est\u00e1 de luto e em estado de choque ap\u00f3s o assassinato brutal de \u00cdris Rocha, uma enfermeira de 30 anos, gr\u00e1vida de oito meses.<\/p>\n<p>O corpo de \u00cdris foi encontrado na \u00faltima quinta, dia 11 de janeiro \u00e0s margens da ES-383, em Iracema, Alfredo Chaves, mas s\u00f3 foi reconhecido na segunda, dia 15 de janeiro. A not\u00edcia da sua morte gerou uma onda de tristeza e indigna\u00e7\u00e3o entre familiares, amigos e alunos.<\/p>\n<p>\u00cdris, que morava sozinha em Jacara\u00edpe, na Serra, e estava cursando mestrado na Universidade Federal do Esp\u00edrito Santo (Ufes), j\u00e1 era m\u00e3e de um menino de 8 anos. A Universidade divulgou nota de pesar:\u00a0<img data-recalc-dims=\"1\" decoding=\"async\" src=\"https:\/\/i0.wp.com\/fnmais.com\/wp-content\/uploads\/2024\/01\/postiimg-65a691f200b8b3838.png?ssl=1\" alt=\"Universidade Federal do Esprito Santo Ufes publicou nota de pesar sobre a enfermeira que era mestranda Foto ReproduoInternet\"\/><\/p>\n<p>Seu assassinato, marcado por uma viol\u00eancia chocante, deixou a comunidade local e a sociedade em geral perplexa e clamando por justi\u00e7a. Nas redes sociais, as homenagens \u00e0 \u00cdris refletiram o quanto ela era querida e respeitada.<\/p>\n<p>Amigos e alunos a descreveram como uma pessoa doce, meiga, batalhadora e muito zelosa. <span style=\"font-size: inherit;\">O corpo de \u00cdris foi encontrado coberto de cal, com duas perfura\u00e7\u00f5es no t\u00f3rax causadas por arma de fogo. <\/span><\/p>\n<p><span style=\"font-size: inherit;\">Um cart\u00e3o banc\u00e1rio com o nome \u201c\u00cdris R. Souza\u201d foi encontrado junto ao corpo, o que ajudou na identifica\u00e7\u00e3o. O vel\u00f3rio e o enterro da enfermeira ocorreram nesta ter\u00e7a, dia 16 de janeiro, na Serra.<\/span><\/p>\n<p>A pol\u00edcia ainda est\u00e1 investigando o caso, e at\u00e9 o momento, nenhum suspeito foi preso. A comunidade local e os familiares de \u00cdris aguardam respostas e exigem que os respons\u00e1veis por este ato hediondo sejam levados \u00e0 justi\u00e7a.<\/p>\n<\/div>\n<p><br \/>\n<br \/><a href=\"https:\/\/fnmais.com\/quem-era-enfermeira-gravida-8-meses-que-foi-morta-no-es\/\">Source link <\/a><\/p>\n<div class='code-block code-block-4' style='margin: 8px auto 8px 0; text-align: left; display: block; clear: both;'>\n\ud83d\udce2 Aviso Legal\n\nO site ismaelcolosi.com.br atua apenas como um canal de divulga\u00e7\u00e3o de oportunidades de emprego e n\u00e3o se responsabiliza pelo processo seletivo, contrata\u00e7\u00e3o ou qualquer outra etapa relacionada \u00e0s vagas publicadas. Todas as informa\u00e7\u00f5es s\u00e3o de responsabilidade dos anunciantes.\n\n\u26a0\ufe0f Aten\u00e7\u00e3o! Nunca pague por promessas de emprego nem compre cursos que garantam contrata\u00e7\u00e3o. Desconfie de qualquer cobran\u00e7a para participar de sele\u00e7\u00f5es.\n\n\n\n<\/div>\n<!-- CONTENT END 1 -->\n","protected":false},"excerpt":{"rendered":"<p>A comunidade de Alfredo Chaves, no Sul do Esp\u00edrito Santo, est\u00e1 de luto e em estado de choque ap\u00f3s o assassinato brutal de \u00cdris Rocha,&#8230;<\/p>\n","protected":false},"author":1,"featured_media":28650,"comment_status":"open","ping_status":"open","sticky":false,"template":"","format":"standard","meta":{"_uag_custom_page_level_css":"","advanced_seo_description":"","jetpack_seo_html_title":"","jetpack_seo_noindex":false,"jetpack_post_was_ever_published":false,"_jetpack_newsletter_access":"","_jetpack_dont_email_post_to_subs":false,"_jetpack_newsletter_tier_id":0,"_jetpack_memberships_contains_paywalled_content":false,"_jetpack_memberships_contains_paid_content":false,"footnotes":"","jetpack_publicize_message":"","jetpack_publicize_feature_enabled":true,"jetpack_social_post_already_shared":true,"jetpack_social_options":{"image_generator_settings":{"template":"highway","default_image_id":0,"font":"","enabled":false},"version":2}},"categories":[1],"tags":[],"class_list":["post-28649","post","type-post","status-publish","format-standard","has-post-thumbnail","hentry","category-blog"],"jetpack_publicize_connections":[],"jetpack_featured_media_url":"https:\/\/i0.wp.com\/ismaelcolosi.com.br\/wp-content\/uploads\/2024\/01\/postimg-65a691f432cf65814.jpg?fit=1200%2C628&ssl=1","uagb_featured_image_src":{"full":["https:\/\/i0.wp.com\/ismaelcolosi.com.br\/wp-content\/uploads\/2024\/01\/postimg-65a691f432cf65814.jpg?fit=1200%2C628&ssl=1",1200,628,false],"thumbnail":["https:\/\/i0.wp.com\/ismaelcolosi.com.br\/wp-content\/uploads\/2024\/01\/postimg-65a691f432cf65814.jpg?resize=150%2C150&ssl=1",150,150,true],"medium":["https:\/\/i0.wp.com\/ismaelcolosi.com.br\/wp-content\/uploads\/2024\/01\/postimg-65a691f432cf65814.jpg?fit=300%2C157&ssl=1",300,157,true],"medium_large":["https:\/\/i0.wp.com\/ismaelcolosi.com.br\/wp-content\/uploads\/2024\/01\/postimg-65a691f432cf65814.jpg?fit=768%2C402&ssl=1",768,402,true],"large":["https:\/\/i0.wp.com\/ismaelcolosi.com.br\/wp-content\/uploads\/2024\/01\/postimg-65a691f432cf65814.jpg?fit=1024%2C536&ssl=1",1024,536,true],"1536x1536":["https:\/\/i0.wp.com\/ismaelcolosi.com.br\/wp-content\/uploads\/2024\/01\/postimg-65a691f432cf65814.jpg?fit=1200%2C628&ssl=1",1200,628,true],"2048x2048":["https:\/\/i0.wp.com\/ismaelcolosi.com.br\/wp-content\/uploads\/2024\/01\/postimg-65a691f432cf65814.jpg?fit=1200%2C628&ssl=1",1200,628,true],"really-simple-thumb":["https:\/\/i0.wp.com\/ismaelcolosi.com.br\/wp-content\/uploads\/2024\/01\/postimg-65a691f432cf65814.jpg?resize=370%2C247&ssl=1",370,247,true]},"uagb_author_info":{"display_name":"ismaelcolosi.com.br","author_link":"https:\/\/ismaelcolosi.com.br\/index.php\/author\/vidareal-online\/"},"uagb_comment_info":0,"uagb_excerpt":"A comunidade de Alfredo Chaves, no Sul do Esp\u00edrito Santo, est\u00e1 de luto e em estado de choque ap\u00f3s o assassinato brutal de \u00cdris Rocha,...","jetpack-related-posts":[{"id":19469,"url":"https:\/\/ismaelcolosi.com.br\/index.php\/2023\/12\/22\/paciente-gravida-medica-enfermeira-e-motorista-vitimas-fatais-do-acidente-com-ambulancia-sao-identificadas\/","url_meta":{"origin":28649,"position":0},"title":"Paciente gr\u00e1vida, m\u00e9dica, enfermeira e motorista: V\u00edtimas fatais do acidente com ambul\u00e2ncia s\u00e3o identificadas","author":"ismaelcolosi.com.br","date":"22 de December de 2023","format":false,"excerpt":"A rodovia BR-040, foi cen\u00e1rio de um tr\u00e1gico acidente que deixou v\u00e1rias v\u00edtimas fatais. A colis\u00e3o entre em uma ambul\u00e2ncia e uma carreta ceifou a vida de cinco pessoas.A trag\u00e9dia aconteceu pr\u00f3ximo a cidade de Santos Dumont, que fica localizada na regi\u00e3o da Zona da Mata mineira, s\u00e3o residentes da\u2026","rel":"","context":"In &quot;Blog&quot;","block_context":{"text":"Blog","link":"https:\/\/ismaelcolosi.com.br\/index.php\/category\/blog\/"},"img":{"alt_text":"","src":"https:\/\/i0.wp.com\/ismaelcolosi.com.br\/wp-content\/uploads\/2023\/12\/postimg-6585b3975b9ed3806.jpg?fit=1200%2C628&ssl=1&resize=350%2C200","width":350,"height":200,"srcset":"https:\/\/i0.wp.com\/ismaelcolosi.com.br\/wp-content\/uploads\/2023\/12\/postimg-6585b3975b9ed3806.jpg?fit=1200%2C628&ssl=1&resize=350%2C200 1x, https:\/\/i0.wp.com\/ismaelcolosi.com.br\/wp-content\/uploads\/2023\/12\/postimg-6585b3975b9ed3806.jpg?fit=1200%2C628&ssl=1&resize=525%2C300 1.5x, https:\/\/i0.wp.com\/ismaelcolosi.com.br\/wp-content\/uploads\/2023\/12\/postimg-6585b3975b9ed3806.jpg?fit=1200%2C628&ssl=1&resize=700%2C400 2x, https:\/\/i0.wp.com\/ismaelcolosi.com.br\/wp-content\/uploads\/2023\/12\/postimg-6585b3975b9ed3806.jpg?fit=1200%2C628&ssl=1&resize=1050%2C600 3x"},"classes":[]},{"id":19459,"url":"https:\/\/ismaelcolosi.com.br\/index.php\/2023\/12\/22\/equipe-medica-gravida-e-marido-sofrem-acidente-e-ambulancia-fica-destruida-eles-nao-resistiram-na-br-040-video\/","url_meta":{"origin":28649,"position":1},"title":"Equipe m\u00e9dica, gr\u00e1vida e marido sofrem acidente e ambul\u00e2ncia fica destru\u00edda; eles n\u00e3o resistiram na BR-040; v\u00eddeo","author":"ismaelcolosi.com.br","date":"22 de December de 2023","format":false,"excerpt":"Nesta \u00faltima quinta-feira, dia 21 de dezembro, na BR-040, pr\u00f3ximo a Santos Dumont, em Minas Gerais, cinco v\u00edtimas naturais de Juiz de Fora perderam suas vidas.O incidente ocorreu ap\u00f3s uma ambul\u00e2ncia e uma carreta colidirem. A situa\u00e7\u00e3o gerou a morte de uma m\u00e9dica, uma enfermeira, o motorista, uma gr\u00e1vida de\u2026","rel":"","context":"In &quot;Blog&quot;","block_context":{"text":"Blog","link":"https:\/\/ismaelcolosi.com.br\/index.php\/category\/blog\/"},"img":{"alt_text":"","src":"https:\/\/i0.wp.com\/ismaelcolosi.com.br\/wp-content\/uploads\/2023\/12\/postimg-6585b3ccbad3f1854.jpg?fit=1200%2C628&ssl=1&resize=350%2C200","width":350,"height":200,"srcset":"https:\/\/i0.wp.com\/ismaelcolosi.com.br\/wp-content\/uploads\/2023\/12\/postimg-6585b3ccbad3f1854.jpg?fit=1200%2C628&ssl=1&resize=350%2C200 1x, https:\/\/i0.wp.com\/ismaelcolosi.com.br\/wp-content\/uploads\/2023\/12\/postimg-6585b3ccbad3f1854.jpg?fit=1200%2C628&ssl=1&resize=525%2C300 1.5x, https:\/\/i0.wp.com\/ismaelcolosi.com.br\/wp-content\/uploads\/2023\/12\/postimg-6585b3ccbad3f1854.jpg?fit=1200%2C628&ssl=1&resize=700%2C400 2x, https:\/\/i0.wp.com\/ismaelcolosi.com.br\/wp-content\/uploads\/2023\/12\/postimg-6585b3ccbad3f1854.jpg?fit=1200%2C628&ssl=1&resize=1050%2C600 3x"},"classes":[]},{"id":24949,"url":"https:\/\/ismaelcolosi.com.br\/index.php\/2024\/01\/05\/empresario-de-42-anos-morre-em-grave-acidente-na-br-373\/","url_meta":{"origin":28649,"position":2},"title":"Empres\u00e1rio de 42 anos morre em grave acidente na BR-373","author":"ismaelcolosi.com.br","date":"5 de January de 2024","format":false,"excerpt":"Um tr\u00e1gico acidente rodovi\u00e1rio ceifou a vida de Samuel Eurich, um empres\u00e1rio de 42 anos, na BR-373, pr\u00f3ximo a Imbituva, nos Campos Gerais do Paran\u00e1. O incidente ocorreu na tarde da \u00faltima quarta-feira, quando Eurich, dirigindo seu ve\u00edculo, colidiu frontalmente com um caminh\u00e3o.A Pol\u00edcia Rodovi\u00e1ria Federal relatou que Eurich estava\u2026","rel":"","context":"In &quot;Blog&quot;","block_context":{"text":"Blog","link":"https:\/\/ismaelcolosi.com.br\/index.php\/category\/blog\/"},"img":{"alt_text":"","src":"https:\/\/i0.wp.com\/ismaelcolosi.com.br\/wp-content\/uploads\/2024\/01\/postimg-65983397ceb483205.jpg?fit=1200%2C628&ssl=1&resize=350%2C200","width":350,"height":200,"srcset":"https:\/\/i0.wp.com\/ismaelcolosi.com.br\/wp-content\/uploads\/2024\/01\/postimg-65983397ceb483205.jpg?fit=1200%2C628&ssl=1&resize=350%2C200 1x, https:\/\/i0.wp.com\/ismaelcolosi.com.br\/wp-content\/uploads\/2024\/01\/postimg-65983397ceb483205.jpg?fit=1200%2C628&ssl=1&resize=525%2C300 1.5x, https:\/\/i0.wp.com\/ismaelcolosi.com.br\/wp-content\/uploads\/2024\/01\/postimg-65983397ceb483205.jpg?fit=1200%2C628&ssl=1&resize=700%2C400 2x, https:\/\/i0.wp.com\/ismaelcolosi.com.br\/wp-content\/uploads\/2024\/01\/postimg-65983397ceb483205.jpg?fit=1200%2C628&ssl=1&resize=1050%2C600 3x"},"classes":[]},{"id":20957,"url":"https:\/\/ismaelcolosi.com.br\/index.php\/2023\/12\/26\/homem-tira-a-vida-de-esposa-foge-do-local-e-joga-carro-debaixo-de-caminhao-no-dia-do-natal\/","url_meta":{"origin":28649,"position":3},"title":"Homem tira a vida de esposa, foge do local e joga carro debaixo de caminh\u00e3o no dia do Natal","author":"ismaelcolosi.com.br","date":"26 de December de 2023","format":false,"excerpt":"Um crime hediondo em pleno dia de Natal deixou a popula\u00e7\u00e3o de uma pequena cidade em choque. Na cidade de Pesqueira, localizada no Agreste de Pernambuco, ocorreu o tr\u00e1gico assassinato de uma mulher de 42 anos, perpetrado pelo pr\u00f3prio marido dentro de sua resid\u00eancia.Conforme as informa\u00e7\u00f5es da Pol\u00edcia Civil, o\u2026","rel":"","context":"In &quot;Blog&quot;","block_context":{"text":"Blog","link":"https:\/\/ismaelcolosi.com.br\/index.php\/category\/blog\/"},"img":{"alt_text":"","src":"https:\/\/i0.wp.com\/ismaelcolosi.com.br\/wp-content\/uploads\/2023\/12\/postimg-658b496bec4376631.jpg?fit=1200%2C628&ssl=1&resize=350%2C200","width":350,"height":200,"srcset":"https:\/\/i0.wp.com\/ismaelcolosi.com.br\/wp-content\/uploads\/2023\/12\/postimg-658b496bec4376631.jpg?fit=1200%2C628&ssl=1&resize=350%2C200 1x, https:\/\/i0.wp.com\/ismaelcolosi.com.br\/wp-content\/uploads\/2023\/12\/postimg-658b496bec4376631.jpg?fit=1200%2C628&ssl=1&resize=525%2C300 1.5x, https:\/\/i0.wp.com\/ismaelcolosi.com.br\/wp-content\/uploads\/2023\/12\/postimg-658b496bec4376631.jpg?fit=1200%2C628&ssl=1&resize=700%2C400 2x, https:\/\/i0.wp.com\/ismaelcolosi.com.br\/wp-content\/uploads\/2023\/12\/postimg-658b496bec4376631.jpg?fit=1200%2C628&ssl=1&resize=1050%2C600 3x"},"classes":[]},{"id":4997,"url":"https:\/\/ismaelcolosi.com.br\/index.php\/2023\/11\/22\/homem-e-preso-apos-matar-ex-namorada-gravida-e-o-motivo-causa-perplexidade\/","url_meta":{"origin":28649,"position":4},"title":"Homem \u00e9 preso ap\u00f3s matar ex-namorada gr\u00e1vida e o motivo causa perplexidade","author":"ismaelcolosi.com.br","date":"22 de November de 2023","format":false,"excerpt":"Uma trag\u00e9dia chocante abalou Manaus, onde um homem foi preso preventivamente ap\u00f3s ser apontado como autor do brutal assassinato de sua ex-namorada, Karine Sevalho Lima, de apenas 19 anos que estava gr\u00e1vida de sete meses.Victor de Souza Rocha, 21 anos, foi detido quase um ano e meio depois do crime\u2026","rel":"","context":"In &quot;Blog&quot;","block_context":{"text":"Blog","link":"https:\/\/ismaelcolosi.com.br\/index.php\/category\/blog\/"},"img":{"alt_text":"","src":"https:\/\/i0.wp.com\/ismaelcolosi.com.br\/wp-content\/uploads\/2023\/11\/postimg-655e5500f16595941.jpg?fit=1200%2C628&ssl=1&resize=350%2C200","width":350,"height":200,"srcset":"https:\/\/i0.wp.com\/ismaelcolosi.com.br\/wp-content\/uploads\/2023\/11\/postimg-655e5500f16595941.jpg?fit=1200%2C628&ssl=1&resize=350%2C200 1x, https:\/\/i0.wp.com\/ismaelcolosi.com.br\/wp-content\/uploads\/2023\/11\/postimg-655e5500f16595941.jpg?fit=1200%2C628&ssl=1&resize=525%2C300 1.5x, https:\/\/i0.wp.com\/ismaelcolosi.com.br\/wp-content\/uploads\/2023\/11\/postimg-655e5500f16595941.jpg?fit=1200%2C628&ssl=1&resize=700%2C400 2x, https:\/\/i0.wp.com\/ismaelcolosi.com.br\/wp-content\/uploads\/2023\/11\/postimg-655e5500f16595941.jpg?fit=1200%2C628&ssl=1&resize=1050%2C600 3x"},"classes":[]},{"id":29418,"url":"https:\/\/ismaelcolosi.com.br\/index.php\/2024\/01\/18\/crianca-nao-resiste-apos-ser-atropelada-ao-sair-correndo-em-avenida-do-es-muito-triste-video\/","url_meta":{"origin":28649,"position":5},"title":"Crian\u00e7a n\u00e3o resiste ap\u00f3s ser atropelada ao sair correndo em avenida do ES: &#8216;Muito triste&#8217;; v\u00eddeo","author":"ismaelcolosi.com.br","date":"18 de January de 2024","format":false,"excerpt":"Uma trag\u00e9dia abalou a regi\u00e3o de Vila Velha, no Esp\u00edrito Santo, ap\u00f3s uma menina de 8 anos de idade ter sido atropelada e ter ido a \u00f3bito no come\u00e7o desta tarde de quarta-feira, dia 17 de janeiro.A v\u00edtima foi identificada pelo nome de Evelin Beatriz. O acidente ocorreu na localidade\u2026","rel":"","context":"In &quot;Blog&quot;","block_context":{"text":"Blog","link":"https:\/\/ismaelcolosi.com.br\/index.php\/category\/blog\/"},"img":{"alt_text":"","src":"https:\/\/i0.wp.com\/ismaelcolosi.com.br\/wp-content\/uploads\/2024\/01\/postimg-65a923bc0d66d3775.jpg?fit=1200%2C628&ssl=1&resize=350%2C200","width":350,"height":200,"srcset":"https:\/\/i0.wp.com\/ismaelcolosi.com.br\/wp-content\/uploads\/2024\/01\/postimg-65a923bc0d66d3775.jpg?fit=1200%2C628&ssl=1&resize=350%2C200 1x, https:\/\/i0.wp.com\/ismaelcolosi.com.br\/wp-content\/uploads\/2024\/01\/postimg-65a923bc0d66d3775.jpg?fit=1200%2C628&ssl=1&resize=525%2C300 1.5x, https:\/\/i0.wp.com\/ismaelcolosi.com.br\/wp-content\/uploads\/2024\/01\/postimg-65a923bc0d66d3775.jpg?fit=1200%2C628&ssl=1&resize=700%2C400 2x, https:\/\/i0.wp.com\/ismaelcolosi.com.br\/wp-content\/uploads\/2024\/01\/postimg-65a923bc0d66d3775.jpg?fit=1200%2C628&ssl=1&resize=1050%2C600 3x"},"classes":[]}],"jetpack_sharing_enabled":true,"jetpack_shortlink":"https:\/\/wp.me\/pfMlyK-7s5","_links":{"self":[{"href":"https:\/\/ismaelcolosi.com.br\/index.php\/wp-json\/wp\/v2\/posts\/28649","targetHints":{"allow":["GET"]}}],"collection":[{"href":"https:\/\/ismaelcolosi.com.br\/index.php\/wp-json\/wp\/v2\/posts"}],"about":[{"href":"https:\/\/ismaelcolosi.com.br\/index.php\/wp-json\/wp\/v2\/types\/post"}],"author":[{"embeddable":true,"href":"https:\/\/ismaelcolosi.com.br\/index.php\/wp-json\/wp\/v2\/users\/1"}],"replies":[{"embeddable":true,"href":"https:\/\/ismaelcolosi.com.br\/index.php\/wp-json\/wp\/v2\/comments?post=28649"}],"version-history":[{"count":0,"href":"https:\/\/ismaelcolosi.com.br\/index.php\/wp-json\/wp\/v2\/posts\/28649\/revisions"}],"wp:featuredmedia":[{"embeddable":true,"href":"https:\/\/ismaelcolosi.com.br\/index.php\/wp-json\/wp\/v2\/media\/28650"}],"wp:attachment":[{"href":"https:\/\/ismaelcolosi.com.br\/index.php\/wp-json\/wp\/v2\/media?parent=28649"}],"wp:term":[{"taxonomy":"category","embeddable":true,"href":"https:\/\/ismaelcolosi.com.br\/index.php\/wp-json\/wp\/v2\/categories?post=28649"},{"taxonomy":"post_tag","embeddable":true,"href":"https:\/\/ismaelcolosi.com.br\/index.php\/wp-json\/wp\/v2\/tags?post=28649"}],"curies":[{"name":"wp","href":"https:\/\/api.w.org\/{rel}","templated":true}]}}