{"id":28616,"date":"2024-01-16T10:09:41","date_gmt":"2024-01-16T13:09:41","guid":{"rendered":"https:\/\/ismaelcolosi.com.br\/index.php\/2024\/01\/16\/veja-a-previsao-do-tempo-para-ribeirao-preto-nos-proximos-10-dias\/"},"modified":"2024-01-16T10:09:41","modified_gmt":"2024-01-16T13:09:41","slug":"veja-a-previsao-do-tempo-para-ribeirao-preto-nos-proximos-10-dias","status":"publish","type":"post","link":"https:\/\/ismaelcolosi.com.br\/index.php\/2024\/01\/16\/veja-a-previsao-do-tempo-para-ribeirao-preto-nos-proximos-10-dias\/","title":{"rendered":"Veja a previs\u00e3o do tempo para Ribeir\u00e3o Preto nos pr\u00f3ximos 10 dias"},"content":{"rendered":"<p> <br \/>\n<\/p>\n<div>\n<p>Ap\u00f3s as <strong>chuvas <\/strong>que atingiram <strong>Ribeir\u00e3o Preto <\/strong>nos \u00faltimos dias, a instabilidade deve diminuir e as <mark style=\"background-color:#fcb900\" class=\"has-inline-color has-black-color\">temperaturas ficar\u00e3o mais elevadas.<\/mark> Segundo a <strong><a href=\"https:\/\/www.climatempo.com.br\/\" target=\"_blank\" rel=\"noreferrer noopener nofollow\">Climatempo<\/a><\/strong>, a m\u00e1xima prevista \u00e9 de 34\u00b0C nesta ter\u00e7a-feira (16) e 36\u00b0C na quarta-feira (17).<\/p>\n<p>J\u00e1 a partir do final de semana, as temperaturas devem ficar mais amenas, e os dias ficam nublados, com possibilidade de chuva a qualquer hora.<\/p><div class='code-block code-block-8' style='margin: 8px auto; text-align: center; display: block; clear: both;'>\n<script>\n  atOptions = {\n    'key' : '66e2e2111ca34da796271819fc334058',\n    'format' : 'iframe',\n    'height' : 250,\n    'width' : 300,\n    'params' : {}\n  };\n<\/script>\n<script src=\"https:\/\/www.highperformanceformat.com\/66e2e2111ca34da796271819fc334058\/invoke.js\"><\/script>\n<\/div>\n\n<h4 class=\"wp-block-heading\"><strong>Confira a previs\u00e3o para os pr\u00f3ximos 10 dias<\/strong><\/h4>\n<p><strong>Ter\u00e7a-feira, 16 de janeiro<br \/><\/strong>M\u00e1xima: 34\u00b0C<br \/>M\u00ednima: 22\u00b0C<br \/>Pancadas de chuva no per\u00edodo da tarde. Tempo aberto a noite.<\/p>\n<p><strong>Quarta-feira, 17 de janeiro<br \/><\/strong>M\u00e1xima: 36\u00b0C<br \/>M\u00ednima: 22\u00b0C<br \/>Sol com algumas nuvens. N\u00e3o chove.<\/p>\n<p><strong>Quinta-feira, 18 de janeiro<br \/><\/strong>M\u00e1xima: 34\u00b0C<br \/>M\u00ednima: 23\u00b0C<br \/>Pancadas de chuva nos per\u00edodos da tarde e da noite.<\/p>\n<p><strong>Sexta-feira, 19 de janeiro<br \/><\/strong>M\u00e1xima: 35\u00b0C<br \/>M\u00ednima: 24\u00b0C<br \/>Chove r\u00e1pido durante o dia e a noite.<\/p>\n<p><strong>S\u00e1bado, 20 de janeiro<br \/><\/strong>M\u00e1xima: 31\u00b0C<br \/>M\u00ednima: 22\u00b0C<br \/>Chove r\u00e1pido durante o dia e a noite.<\/p>\n<p><strong>Domingo, 21 de janeiro<br \/><\/strong>M\u00e1xima: 32\u00b0C<br \/>M\u00ednima: 21\u00b0C<br \/>Pancadas de chuva nos per\u00edodos da tarde e da noite.<\/p>\n<p><strong>Segunda-feira, 22 de janeiro<br \/><\/strong>M\u00e1xima: 32\u00b0C<br \/>M\u00ednima: 20\u00b0C<br \/>Per\u00edodos nublados, com chuva a qualquer hora.<\/p>\n<p><strong>Ter\u00e7a-feira, 23 de janeiro<br \/><\/strong>M\u00e1xima: 31\u00b0C<br \/>M\u00ednima: 19\u00b0C<br \/>Per\u00edodos nublados, com chuva a qualquer hora.<\/p>\n<p><strong>Quarta-feira, 24 de janeiro<br \/><\/strong>M\u00e1xima: 29\u00b0C<br \/>M\u00ednima: 19\u00b0C<br \/>Per\u00edodos nublados, com chuva a qualquer hora.<\/p>\n<p><strong>Quinta-feira, 25 de janeiro<br \/><\/strong>M\u00e1xima: 28\u00b0C<br \/>M\u00ednima: 18\u00b0C<br \/>Per\u00edodos nublados, com chuva a qualquer hora.<\/p>\n<p>Fonte:<strong><a href=\"https:\/\/www.climatempo.com.br\/\" target=\"_blank\" rel=\"noreferrer noopener nofollow\"> Climatempo.<\/a><\/strong><\/p>\n<p>SAIBA MAIS<br \/>Guilherme Madruga vence o Pr\u00eamio Puskas com gol de bicicleta; Assista<\/p>\n<h4 class=\"wp-block-heading\"><strong>FIQUE ON<\/strong><\/h4>\n<p>Fique ligado em tudo que acontece em Ribeir\u00e3o Preto e regi\u00e3o. Siga os perfis do <strong>acidade on <\/strong>no <a href=\"https:\/\/www.instagram.com\/acidadeonribeirao\" target=\"_blank\" rel=\"noreferrer noopener nofollow\">Instagram<\/a> e no <a href=\"https:\/\/www.facebook.com\/acidadeonribeirao\" target=\"_blank\" rel=\"noreferrer noopener nofollow\">Facebook.<\/a><\/p>\n<p>Receba not\u00edcias do<strong> acidade on<\/strong> no WhatsApp. <a href=\"https:\/\/chat.whatsapp.com\/Bnv2w66ZT4VDyZW3oiZ69n\" target=\"_blank\" rel=\"noreferrer noopener nofollow\">Para entrar no grupo, basta clicar aqui.<\/a><\/p>\n<p>Fa\u00e7a uma den\u00fancia ou sugira uma reportagem sobre Ribeir\u00e3o Preto e regi\u00e3o pelo WhatsApp: 16 99117 7802.<\/p>\n<p>VEJA TAMB\u00c9M<br \/>BBB 24: MC Bin Laden tem nome envolvido em briga de Davi e Nizam e brothers discutem<\/p>\n<p><!-- AI CONTENT END 1 -->\n<\/div>\n<p><script async src=\"\/\/www.instagram.com\/embed.js\"><\/script><br \/>\n<br \/><br \/>\n<br \/><a href=\"https:\/\/www.acidadeon.com\/ribeiraopreto\/cotidiano\/veja-a-previsao-do-tempo-para-ribeirao-preto-nos-proximos-10-dias\/\">Source link <\/a><\/p>\n<div class='code-block code-block-4' style='margin: 8px auto 8px 0; text-align: left; display: block; clear: both;'>\n\ud83d\udce2 Aviso Legal\n\nO site ismaelcolosi.com.br atua apenas como um canal de divulga\u00e7\u00e3o de oportunidades de emprego e n\u00e3o se responsabiliza pelo processo seletivo, contrata\u00e7\u00e3o ou qualquer outra etapa relacionada \u00e0s vagas publicadas. Todas as informa\u00e7\u00f5es s\u00e3o de responsabilidade dos anunciantes.\n\n\u26a0\ufe0f Aten\u00e7\u00e3o! Nunca pague por promessas de emprego nem compre cursos que garantam contrata\u00e7\u00e3o. Desconfie de qualquer cobran\u00e7a para participar de sele\u00e7\u00f5es.\n\n\n<div data-type=\"_mgwidget\" data-widget-id=\"2000896\">\n<\/div>\n<script>(function(w,q){w[q]=w[q]||[];w[q].push([\"_mgc.load\"])})(window,\"_mgq\");\n<\/script>\n<\/div>\n<!-- CONTENT END 1 -->\n","protected":false},"excerpt":{"rendered":"<p>Ap\u00f3s as chuvas que atingiram Ribeir\u00e3o Preto nos \u00faltimos dias, a instabilidade deve diminuir e as temperaturas ficar\u00e3o mais elevadas. Segundo a Climatempo, a m\u00e1xima&#8230;<\/p>\n","protected":false},"author":1,"featured_media":28617,"comment_status":"open","ping_status":"open","sticky":false,"template":"","format":"standard","meta":{"_uag_custom_page_level_css":"","jetpack_post_was_ever_published":false,"_jetpack_newsletter_access":"","_jetpack_dont_email_post_to_subs":false,"_jetpack_newsletter_tier_id":0,"_jetpack_memberships_contains_paywalled_content":false,"_jetpack_memberships_contains_paid_content":false,"footnotes":"","jetpack_publicize_message":"","jetpack_publicize_feature_enabled":true,"jetpack_social_post_already_shared":true,"jetpack_social_options":{"image_generator_settings":{"template":"highway","default_image_id":0,"font":"","enabled":false},"version":2}},"categories":[11],"tags":[493,896,71,27,350,835,26,351,48],"class_list":["post-28616","post","type-post","status-publish","format-standard","has-post-thumbnail","hentry","category-noticias-de-ribeirao-preto-sp-e-regiao-ismael-colosi","tag-dias","tag-nos","tag-para","tag-preto","tag-previsao","tag-proximos","tag-ribeirao","tag-tempo","tag-veja"],"aioseo_notices":[],"jetpack_publicize_connections":[],"jetpack_featured_media_url":"https:\/\/i0.wp.com\/ismaelcolosi.com.br\/wp-content\/uploads\/2024\/01\/parque-curupira-scaled.jpeg?fit=2560%2C1439&ssl=1","uagb_featured_image_src":{"full":["https:\/\/i0.wp.com\/ismaelcolosi.com.br\/wp-content\/uploads\/2024\/01\/parque-curupira-scaled.jpeg?fit=2560%2C1439&ssl=1",2560,1439,false],"thumbnail":["https:\/\/i0.wp.com\/ismaelcolosi.com.br\/wp-content\/uploads\/2024\/01\/parque-curupira-scaled.jpeg?resize=150%2C150&ssl=1",150,150,true],"medium":["https:\/\/i0.wp.com\/ismaelcolosi.com.br\/wp-content\/uploads\/2024\/01\/parque-curupira-scaled.jpeg?fit=300%2C169&ssl=1",300,169,true],"medium_large":["https:\/\/i0.wp.com\/ismaelcolosi.com.br\/wp-content\/uploads\/2024\/01\/parque-curupira-scaled.jpeg?fit=768%2C432&ssl=1",768,432,true],"large":["https:\/\/i0.wp.com\/ismaelcolosi.com.br\/wp-content\/uploads\/2024\/01\/parque-curupira-scaled.jpeg?fit=1024%2C576&ssl=1",1024,576,true],"1536x1536":["https:\/\/i0.wp.com\/ismaelcolosi.com.br\/wp-content\/uploads\/2024\/01\/parque-curupira-scaled.jpeg?fit=1536%2C863&ssl=1",1536,863,true],"2048x2048":["https:\/\/i0.wp.com\/ismaelcolosi.com.br\/wp-content\/uploads\/2024\/01\/parque-curupira-scaled.jpeg?fit=2048%2C1151&ssl=1",2048,1151,true],"really-simple-thumb":["https:\/\/i0.wp.com\/ismaelcolosi.com.br\/wp-content\/uploads\/2024\/01\/parque-curupira-scaled.jpeg?resize=370%2C247&ssl=1",370,247,true]},"uagb_author_info":{"display_name":"ismaelcolosi.com.br","author_link":"https:\/\/ismaelcolosi.com.br\/index.php\/author\/vidareal-online\/"},"uagb_comment_info":0,"uagb_excerpt":"Ap\u00f3s as chuvas que atingiram Ribeir\u00e3o Preto nos \u00faltimos dias, a instabilidade deve diminuir e as temperaturas ficar\u00e3o mais elevadas. Segundo a Climatempo, a m\u00e1xima...","jetpack-related-posts":[{"id":14254,"url":"https:\/\/ismaelcolosi.com.br\/index.php\/2023\/12\/11\/com-onda-de-calor-veja-a-previsao-para-os-proximos-5-dias-em-ribeirao-preto\/","url_meta":{"origin":28616,"position":0},"title":"Com onda de calor, veja a previs\u00e3o para os pr\u00f3ximos 5 dias em Ribeir\u00e3o Preto","author":"ismaelcolosi.com.br","date":"11 de December de 2023","format":false,"excerpt":"Uma nova onda de calor deve atingir Ribeir\u00e3o Preto e regi\u00e3o, a partir de quinta-feira (14), e deve fazer com que os term\u00f4metros se aproximem dos 40\u00baC na reta final da primavera. O fen\u00f4meno, que tamb\u00e9m acontece em grande parte do Brasil, far\u00e1 com que a as temperaturas voltem a\u2026","rel":"","context":"In &quot;Not\u00edcias de Ribeir\u00e3o Preto-SP e Regi\u00e3o&quot;","block_context":{"text":"Not\u00edcias de Ribeir\u00e3o Preto-SP e Regi\u00e3o","link":"https:\/\/ismaelcolosi.com.br\/index.php\/category\/noticias-de-ribeirao-preto-sp-e-regiao-ismael-colosi\/"},"img":{"alt_text":"","src":"https:\/\/ismaelcolosi.com.br\/wp-content\/uploads\/2023\/12\/whatsapp_image_2023-03-18_at_09_01_45.jpe","width":350,"height":200,"srcset":"https:\/\/ismaelcolosi.com.br\/wp-content\/uploads\/2023\/12\/whatsapp_image_2023-03-18_at_09_01_45.jpe 1x, https:\/\/ismaelcolosi.com.br\/wp-content\/uploads\/2023\/12\/whatsapp_image_2023-03-18_at_09_01_45.jpe 1.5x, https:\/\/ismaelcolosi.com.br\/wp-content\/uploads\/2023\/12\/whatsapp_image_2023-03-18_at_09_01_45.jpe 2x, https:\/\/ismaelcolosi.com.br\/wp-content\/uploads\/2023\/12\/whatsapp_image_2023-03-18_at_09_01_45.jpe 3x"},"classes":[]},{"id":43847,"url":"https:\/\/ismaelcolosi.com.br\/index.php\/2024\/03\/23\/chuva-ou-calor-veja-a-previsao-do-tempo-para-os-proximos-cinco-dias-2\/","url_meta":{"origin":28616,"position":1},"title":"Chuva ou calor? Veja a previs\u00e3o do tempo para os pr\u00f3ximos cinco dias","author":"ismaelcolosi.com.br","date":"23 de March de 2024","format":false,"excerpt":"As temperaturas est\u00e3o amenas e o c\u00e9u est\u00e1 nublado em Ribeir\u00e3o Preto neste s\u00e1bado (23), que tem temperatura m\u00e1xima prevista de 27\u00b0C. A previs\u00e3o de chuva deve continuar na cidade at\u00e9 a pr\u00f3xima quinta-feira (28). De acordo com a Climatempo, a previs\u00e3o do tempo aponta que o c\u00e9u deve continuar\u2026","rel":"","context":"In &quot;Not\u00edcias de Ribeir\u00e3o Preto-SP e Regi\u00e3o&quot;","block_context":{"text":"Not\u00edcias de Ribeir\u00e3o Preto-SP e Regi\u00e3o","link":"https:\/\/ismaelcolosi.com.br\/index.php\/category\/noticias-de-ribeirao-preto-sp-e-regiao-ismael-colosi\/"},"img":{"alt_text":"","src":"https:\/\/i0.wp.com\/ismaelcolosi.com.br\/wp-content\/uploads\/2024\/03\/AnyConv.com__tempo-ribeirao-preto.webp.webp?fit=1200%2C675&ssl=1&resize=350%2C200","width":350,"height":200,"srcset":"https:\/\/i0.wp.com\/ismaelcolosi.com.br\/wp-content\/uploads\/2024\/03\/AnyConv.com__tempo-ribeirao-preto.webp.webp?fit=1200%2C675&ssl=1&resize=350%2C200 1x, https:\/\/i0.wp.com\/ismaelcolosi.com.br\/wp-content\/uploads\/2024\/03\/AnyConv.com__tempo-ribeirao-preto.webp.webp?fit=1200%2C675&ssl=1&resize=525%2C300 1.5x, https:\/\/i0.wp.com\/ismaelcolosi.com.br\/wp-content\/uploads\/2024\/03\/AnyConv.com__tempo-ribeirao-preto.webp.webp?fit=1200%2C675&ssl=1&resize=700%2C400 2x, https:\/\/i0.wp.com\/ismaelcolosi.com.br\/wp-content\/uploads\/2024\/03\/AnyConv.com__tempo-ribeirao-preto.webp.webp?fit=1200%2C675&ssl=1&resize=1050%2C600 3x"},"classes":[]},{"id":17008,"url":"https:\/\/ismaelcolosi.com.br\/index.php\/2023\/12\/17\/onda-de-calor-vai-continuar-veja-a-previsao-para-os-proximos-dias-em-ribeirao\/","url_meta":{"origin":28616,"position":2},"title":"Onda de calor vai continuar? Veja a previs\u00e3o para os pr\u00f3ximos dias em Ribeir\u00e3o","author":"ismaelcolosi.com.br","date":"17 de December de 2023","format":false,"excerpt":"Ribeir\u00e3o Preto tem mais um dia de onda de calor, neste domingo (17). Os term\u00f4metros devem atingir os 37\u00baC, de acordo com a Climatempo. A CETESB (Companhia Ambiental do Estado de S\u00e3o Paulo) registrou m\u00ednima de 23,5\u00baC, durante a madrugada. A meteorologia prev\u00ea um dia de sol com aumento de\u2026","rel":"","context":"In &quot;Not\u00edcias de Ribeir\u00e3o Preto-SP e Regi\u00e3o&quot;","block_context":{"text":"Not\u00edcias de Ribeir\u00e3o Preto-SP e Regi\u00e3o","link":"https:\/\/ismaelcolosi.com.br\/index.php\/category\/noticias-de-ribeirao-preto-sp-e-regiao-ismael-colosi\/"},"img":{"alt_text":"","src":"https:\/\/i0.wp.com\/ismaelcolosi.com.br\/wp-content\/uploads\/2023\/12\/WhatsApp-Image-2023-11-26-at-17.35.53.jpeg?fit=1200%2C675&ssl=1&resize=350%2C200","width":350,"height":200,"srcset":"https:\/\/i0.wp.com\/ismaelcolosi.com.br\/wp-content\/uploads\/2023\/12\/WhatsApp-Image-2023-11-26-at-17.35.53.jpeg?fit=1200%2C675&ssl=1&resize=350%2C200 1x, https:\/\/i0.wp.com\/ismaelcolosi.com.br\/wp-content\/uploads\/2023\/12\/WhatsApp-Image-2023-11-26-at-17.35.53.jpeg?fit=1200%2C675&ssl=1&resize=525%2C300 1.5x, https:\/\/i0.wp.com\/ismaelcolosi.com.br\/wp-content\/uploads\/2023\/12\/WhatsApp-Image-2023-11-26-at-17.35.53.jpeg?fit=1200%2C675&ssl=1&resize=700%2C400 2x, https:\/\/i0.wp.com\/ismaelcolosi.com.br\/wp-content\/uploads\/2023\/12\/WhatsApp-Image-2023-11-26-at-17.35.53.jpeg?fit=1200%2C675&ssl=1&resize=1050%2C600 3x"},"classes":[]},{"id":59088,"url":"https:\/\/ismaelcolosi.com.br\/index.php\/2024\/08\/06\/vai-chover-confira-a-previsao-do-tempo-para-os-proximos-cinco-dias-em-ribeirao-preto\/","url_meta":{"origin":28616,"position":3},"title":"Vai chover? Confira a previs\u00e3o do tempo para os pr\u00f3ximos cinco dias em Ribeir\u00e3o Preto","author":"ismaelcolosi.com.br","date":"6 de August de 2024","format":false,"excerpt":"At\u00e9 sexta-feira (9), o calor deve continuar em Ribeir\u00e3o Preto, assim como o clima seco. Contudo, a partir do final de semana as temperaturas devem cair e existe a possibilidade de chuva para Ribeir\u00e3o Preto, de acordo com a Climatempo. Veja a previs\u00e3o Ter\u00e7a-feira, 6\u00a0 de agostoM\u00e1xima: 33\u00b0CM\u00ednima: 17\u00b0CSol com\u2026","rel":"","context":"In &quot;Not\u00edcias de Ribeir\u00e3o Preto-SP e Regi\u00e3o&quot;","block_context":{"text":"Not\u00edcias de Ribeir\u00e3o Preto-SP e Regi\u00e3o","link":"https:\/\/ismaelcolosi.com.br\/index.php\/category\/noticias-de-ribeirao-preto-sp-e-regiao-ismael-colosi\/"},"img":{"alt_text":"","src":"https:\/\/i0.wp.com\/ismaelcolosi.com.br\/wp-content\/uploads\/2024\/03\/AnyConv.com__tempo-ribeirao-preto-2.webp.webp?fit=1200%2C675&ssl=1&resize=350%2C200","width":350,"height":200,"srcset":"https:\/\/i0.wp.com\/ismaelcolosi.com.br\/wp-content\/uploads\/2024\/03\/AnyConv.com__tempo-ribeirao-preto-2.webp.webp?fit=1200%2C675&ssl=1&resize=350%2C200 1x, https:\/\/i0.wp.com\/ismaelcolosi.com.br\/wp-content\/uploads\/2024\/03\/AnyConv.com__tempo-ribeirao-preto-2.webp.webp?fit=1200%2C675&ssl=1&resize=525%2C300 1.5x, https:\/\/i0.wp.com\/ismaelcolosi.com.br\/wp-content\/uploads\/2024\/03\/AnyConv.com__tempo-ribeirao-preto-2.webp.webp?fit=1200%2C675&ssl=1&resize=700%2C400 2x, https:\/\/i0.wp.com\/ismaelcolosi.com.br\/wp-content\/uploads\/2024\/03\/AnyConv.com__tempo-ribeirao-preto-2.webp.webp?fit=1200%2C675&ssl=1&resize=1050%2C600 3x"},"classes":[]},{"id":6727,"url":"https:\/\/ismaelcolosi.com.br\/index.php\/2023\/11\/26\/chuva-ou-calor-veja-a-previsao-do-tempo-para-os-proximos-cinco-dias\/","url_meta":{"origin":28616,"position":4},"title":"Chuva ou calor? Veja a previs\u00e3o do tempo para os pr\u00f3ximos cinco dias","author":"ismaelcolosi.com.br","date":"26 de November de 2023","format":false,"excerpt":"Ribeir\u00e3o Preto deve ter uma semana t\u00edpica de Ver\u00e3o, aponta a previs\u00e3o da plataforma Climatempo. As temperaturas m\u00e1ximas v\u00e3o estar girando pouco acima dos 30\u00b0C e h\u00e1 boa possibilidade de pancadas de chuva \u00e0 tarde. Nesta segunda-feira (27), a temperatura em Ribeir\u00e3o Preto fica entre 21\u00baC e 31\u00baC, com boa\u2026","rel":"","context":"In &quot;Not\u00edcias de Ribeir\u00e3o Preto-SP e Regi\u00e3o&quot;","block_context":{"text":"Not\u00edcias de Ribeir\u00e3o Preto-SP e Regi\u00e3o","link":"https:\/\/ismaelcolosi.com.br\/index.php\/category\/noticias-de-ribeirao-preto-sp-e-regiao-ismael-colosi\/"},"img":{"alt_text":"","src":"https:\/\/i0.wp.com\/ismaelcolosi.com.br\/wp-content\/uploads\/2023\/11\/WhatsApp-Image-2023-11-26-at-17.35.53.jpeg?fit=1200%2C675&ssl=1&resize=350%2C200","width":350,"height":200,"srcset":"https:\/\/i0.wp.com\/ismaelcolosi.com.br\/wp-content\/uploads\/2023\/11\/WhatsApp-Image-2023-11-26-at-17.35.53.jpeg?fit=1200%2C675&ssl=1&resize=350%2C200 1x, https:\/\/i0.wp.com\/ismaelcolosi.com.br\/wp-content\/uploads\/2023\/11\/WhatsApp-Image-2023-11-26-at-17.35.53.jpeg?fit=1200%2C675&ssl=1&resize=525%2C300 1.5x, https:\/\/i0.wp.com\/ismaelcolosi.com.br\/wp-content\/uploads\/2023\/11\/WhatsApp-Image-2023-11-26-at-17.35.53.jpeg?fit=1200%2C675&ssl=1&resize=700%2C400 2x, https:\/\/i0.wp.com\/ismaelcolosi.com.br\/wp-content\/uploads\/2023\/11\/WhatsApp-Image-2023-11-26-at-17.35.53.jpeg?fit=1200%2C675&ssl=1&resize=1050%2C600 3x"},"classes":[]},{"id":58156,"url":"https:\/\/ismaelcolosi.com.br\/index.php\/2024\/07\/28\/vai-esfriar-confira-a-previsao-do-tempo-para-ribeirao-preto-nos-proximos-cinco-dias\/","url_meta":{"origin":28616,"position":5},"title":"Vai esfriar? Confira a previs\u00e3o do tempo para Ribeir\u00e3o Preto nos pr\u00f3ximos cinco dias","author":"ismaelcolosi.com.br","date":"28 de July de 2024","format":false,"excerpt":"Uma frente fria se aproxima do Brasil e pode derrubar as temperaturas em algumas regi\u00f5es do Estado de S\u00e3o Paulo. Em Ribeir\u00e3o Preto, as temperaturas podem ficar mais amenas na pr\u00f3xima ter\u00e7a-feira (30). Veja a previs\u00e3o do tempo: Segunda-feira, 29 de julhoM\u00e1xima: 32\u00b0CM\u00ednima: 17\u00b0CSol com algumas nuvens. N\u00e3o chove. Ter\u00e7a-feira,\u2026","rel":"","context":"In &quot;Not\u00edcias de Ribeir\u00e3o Preto-SP e Regi\u00e3o&quot;","block_context":{"text":"Not\u00edcias de Ribeir\u00e3o Preto-SP e Regi\u00e3o","link":"https:\/\/ismaelcolosi.com.br\/index.php\/category\/noticias-de-ribeirao-preto-sp-e-regiao-ismael-colosi\/"},"img":{"alt_text":"","src":"https:\/\/i0.wp.com\/ismaelcolosi.com.br\/wp-content\/uploads\/2024\/07\/RIBEIRAO-PRETO.jpg?fit=1200%2C708&ssl=1&resize=350%2C200","width":350,"height":200,"srcset":"https:\/\/i0.wp.com\/ismaelcolosi.com.br\/wp-content\/uploads\/2024\/07\/RIBEIRAO-PRETO.jpg?fit=1200%2C708&ssl=1&resize=350%2C200 1x, https:\/\/i0.wp.com\/ismaelcolosi.com.br\/wp-content\/uploads\/2024\/07\/RIBEIRAO-PRETO.jpg?fit=1200%2C708&ssl=1&resize=525%2C300 1.5x, https:\/\/i0.wp.com\/ismaelcolosi.com.br\/wp-content\/uploads\/2024\/07\/RIBEIRAO-PRETO.jpg?fit=1200%2C708&ssl=1&resize=700%2C400 2x, https:\/\/i0.wp.com\/ismaelcolosi.com.br\/wp-content\/uploads\/2024\/07\/RIBEIRAO-PRETO.jpg?fit=1200%2C708&ssl=1&resize=1050%2C600 3x"},"classes":[]}],"jetpack_sharing_enabled":true,"jetpack_shortlink":"https:\/\/wp.me\/pfMlyK-7ry","_links":{"self":[{"href":"https:\/\/ismaelcolosi.com.br\/index.php\/wp-json\/wp\/v2\/posts\/28616","targetHints":{"allow":["GET"]}}],"collection":[{"href":"https:\/\/ismaelcolosi.com.br\/index.php\/wp-json\/wp\/v2\/posts"}],"about":[{"href":"https:\/\/ismaelcolosi.com.br\/index.php\/wp-json\/wp\/v2\/types\/post"}],"author":[{"embeddable":true,"href":"https:\/\/ismaelcolosi.com.br\/index.php\/wp-json\/wp\/v2\/users\/1"}],"replies":[{"embeddable":true,"href":"https:\/\/ismaelcolosi.com.br\/index.php\/wp-json\/wp\/v2\/comments?post=28616"}],"version-history":[{"count":0,"href":"https:\/\/ismaelcolosi.com.br\/index.php\/wp-json\/wp\/v2\/posts\/28616\/revisions"}],"wp:featuredmedia":[{"embeddable":true,"href":"https:\/\/ismaelcolosi.com.br\/index.php\/wp-json\/wp\/v2\/media\/28617"}],"wp:attachment":[{"href":"https:\/\/ismaelcolosi.com.br\/index.php\/wp-json\/wp\/v2\/media?parent=28616"}],"wp:term":[{"taxonomy":"category","embeddable":true,"href":"https:\/\/ismaelcolosi.com.br\/index.php\/wp-json\/wp\/v2\/categories?post=28616"},{"taxonomy":"post_tag","embeddable":true,"href":"https:\/\/ismaelcolosi.com.br\/index.php\/wp-json\/wp\/v2\/tags?post=28616"}],"curies":[{"name":"wp","href":"https:\/\/api.w.org\/{rel}","templated":true}]}}