{"id":28600,"date":"2024-01-16T09:28:09","date_gmt":"2024-01-16T12:28:09","guid":{"rendered":"https:\/\/ismaelcolosi.com.br\/index.php\/2024\/01\/16\/vacinacao-contra-dengue-vai-priorizar-faixa-etaria-de-6-a-16-anos\/"},"modified":"2024-01-16T09:28:09","modified_gmt":"2024-01-16T12:28:09","slug":"vacinacao-contra-dengue-vai-priorizar-faixa-etaria-de-6-a-16-anos","status":"publish","type":"post","link":"https:\/\/ismaelcolosi.com.br\/index.php\/2024\/01\/16\/vacinacao-contra-dengue-vai-priorizar-faixa-etaria-de-6-a-16-anos\/","title":{"rendered":"Vacina\u00e7\u00e3o contra dengue vai priorizar faixa et\u00e1ria de 6 a 16 anos \u2013 Folha de Ribeir\u00e3o"},"content":{"rendered":"<p> <br \/>\n<\/p>\n<div>\n<p>O Minist\u00e9rio da Sa\u00fade informou nesta segunda-feira (15) que ir\u00e1 priorizar a faixa et\u00e1ria de 6 a 16 anos na aplica\u00e7\u00e3o da vacina contra a dengue.<img data-recalc-dims=\"1\" decoding=\"async\" src=\"https:\/\/i0.wp.com\/agenciabrasil.ebc.com.br\/ebc.gif?ssl=1\"\/><\/p>\n<p>O pa\u00eds ir\u00e1 adquirir\u00a05,2 milh\u00f5es de doses da Qdenga, fabricada pelo laborat\u00f3rio japon\u00eas Takeda, al\u00e9m de receber doa\u00e7\u00f5es. O quantitativo ir\u00e1 possibilitar vacina\u00e7\u00e3o de at\u00e9 3 milh\u00f5es de pessoas, j\u00e1 que o esquema vacinal prev\u00ea duas doses.<\/p>\n<p>De acordo com o diretor do Programa Nacional de Imuniza\u00e7\u00f5es (PNI), Eder Gatti, a faixa et\u00e1ria \u00e9 preconizada pela Organiza\u00e7\u00e3o Mundial da\u00a0Sa\u00fade (OMS) e recomendada pela C\u00e2mara T\u00e9cnica de Assessoramento em Imuniza\u00e7\u00e3o, composta por especialistas na \u00e1rea e que reuniu-se hoje.<\/p>\n<p>\u201cDentro desse grupo [6 a 16 anos], vamos ver qual \u00e9 o melhor grupo et\u00e1rio para ter melhor resultado epidemiol\u00f3gico, evitando hospitaliza\u00e7\u00f5es e mortes\u201d, explicou o diretor.<\/p>\n<p>A defini\u00e7\u00e3o sobre qual p\u00fablico-alvo, bem como as localidades priorit\u00e1rias, ser\u00e1 feita em conjunto com estados e munic\u00edpios, em reuni\u00e3o marcada para \u00faltima quinta-feira deste m\u00eas.<\/p>\n<p>Gatti confirmou que a previs\u00e3o \u00e9 iniciar a vacina\u00e7\u00e3o em fevereiro. No dia 21 de dezembro, o Minist\u00e9rio da Sa\u00fade anunciou a\u00a0incorpora\u00e7\u00e3o da vacina\u00a0no Sistema \u00danico de Sa\u00fade (SUS). Segundo o governo federal, o Brasil \u00e9 o primeiro pa\u00eds do mundo a oferecer o imunizante em sistema p\u00fablico e universal.<\/p>\n<p>O imunizante Qdenga tem registro na Ag\u00eancia Nacional de Vigil\u00e2ncia Sanit\u00e1ria (Anvisa) e \u00e9 indicado para preven\u00e7\u00e3o de dengue de 4 a 60 anos de idade, independentemente de a pessoa ter tido ou n\u00e3o a doen\u00e7a previamente.<\/p>\n<p>O Brasil bateu\u00a0recorde de mortes\u00a0por dengue no ano de 2023. Foram 1.079 mortes pela doen\u00e7a at\u00e9 o dia 27 de dezembro.<\/p>\n<p>De acordo com a OMS, o\u00a0pa\u00eds tem o maior n\u00famero de casos da doen\u00e7a\u00a0no mundo, respondendo por metade do total global.\u00a0Autoridades de sa\u00fade j\u00e1 alertaram para uma epidemia da doen\u00e7a no Brasil em 2024.<\/p>\n<\/p><\/div>\n<p><br \/>\n<br \/><a href=\"https:\/\/folhaderibeirao.com.br\/2024\/01\/16\/vacinacao-contra-dengue-vai-priorizar-faixa-etaria-de-6-a-16-anos\/\">Source link <\/a><\/p>\n<div class='code-block code-block-4' style='margin: 8px auto 8px 0; text-align: left; display: block; clear: both;'>\n\ud83d\udce2 Aviso Legal\n\nO site ismaelcolosi.com.br atua apenas como um canal de divulga\u00e7\u00e3o de oportunidades de emprego e n\u00e3o se responsabiliza pelo processo seletivo, contrata\u00e7\u00e3o ou qualquer outra etapa relacionada \u00e0s vagas publicadas. Todas as informa\u00e7\u00f5es s\u00e3o de responsabilidade dos anunciantes.\n\n\u26a0\ufe0f Aten\u00e7\u00e3o! Nunca pague por promessas de emprego nem compre cursos que garantam contrata\u00e7\u00e3o. Desconfie de qualquer cobran\u00e7a para participar de sele\u00e7\u00f5es.\n\n\n\n<\/div>\n<!-- CONTENT END 1 -->\n","protected":false},"excerpt":{"rendered":"<p>O Minist\u00e9rio da Sa\u00fade informou nesta segunda-feira (15) que ir\u00e1 priorizar a faixa et\u00e1ria de 6 a 16 anos na aplica\u00e7\u00e3o da vacina contra a&#8230;<\/p>\n","protected":false},"author":1,"featured_media":28601,"comment_status":"open","ping_status":"open","sticky":false,"template":"","format":"standard","meta":{"_uag_custom_page_level_css":"","advanced_seo_description":"","jetpack_seo_html_title":"","jetpack_seo_noindex":false,"jetpack_post_was_ever_published":false,"_jetpack_newsletter_access":"","_jetpack_dont_email_post_to_subs":false,"_jetpack_newsletter_tier_id":0,"_jetpack_memberships_contains_paywalled_content":false,"_jetpack_memberships_contains_paid_content":false,"footnotes":"","jetpack_publicize_message":"","jetpack_publicize_feature_enabled":true,"jetpack_social_post_already_shared":true,"jetpack_social_options":{"image_generator_settings":{"template":"highway","default_image_id":0,"font":"","enabled":false},"version":2}},"categories":[11],"tags":[84,109,1269,3559,1246,753,3558,26,1072,529],"class_list":["post-28600","post","type-post","status-publish","format-standard","has-post-thumbnail","hentry","category-noticias-de-ribeirao-preto-sp-e-regiao-ismael-colosi","tag-anos","tag-contra","tag-dengue","tag-etaria","tag-faixa","tag-folha","tag-priorizar","tag-ribeirao","tag-vacinacao","tag-vai"],"jetpack_publicize_connections":[],"jetpack_featured_media_url":"https:\/\/i0.wp.com\/ismaelcolosi.com.br\/wp-content\/uploads\/2024\/01\/1705408091_ebc.png?fit=1%2C1&ssl=1","uagb_featured_image_src":{"full":["https:\/\/i0.wp.com\/ismaelcolosi.com.br\/wp-content\/uploads\/2024\/01\/1705408091_ebc.png?fit=1%2C1&ssl=1",1,1,false],"thumbnail":["https:\/\/i0.wp.com\/ismaelcolosi.com.br\/wp-content\/uploads\/2024\/01\/1705408091_ebc.png?resize=1%2C1&ssl=1",1,1,true],"medium":["https:\/\/i0.wp.com\/ismaelcolosi.com.br\/wp-content\/uploads\/2024\/01\/1705408091_ebc.png?fit=1%2C1&ssl=1",1,1,true],"medium_large":["https:\/\/i0.wp.com\/ismaelcolosi.com.br\/wp-content\/uploads\/2024\/01\/1705408091_ebc.png?fit=1%2C1&ssl=1",1,1,true],"large":["https:\/\/i0.wp.com\/ismaelcolosi.com.br\/wp-content\/uploads\/2024\/01\/1705408091_ebc.png?fit=1%2C1&ssl=1",1,1,true],"1536x1536":["https:\/\/i0.wp.com\/ismaelcolosi.com.br\/wp-content\/uploads\/2024\/01\/1705408091_ebc.png?fit=1%2C1&ssl=1",1,1,true],"2048x2048":["https:\/\/i0.wp.com\/ismaelcolosi.com.br\/wp-content\/uploads\/2024\/01\/1705408091_ebc.png?fit=1%2C1&ssl=1",1,1,true],"really-simple-thumb":["https:\/\/i0.wp.com\/ismaelcolosi.com.br\/wp-content\/uploads\/2024\/01\/1705408091_ebc.png?resize=1%2C1&ssl=1",1,1,true]},"uagb_author_info":{"display_name":"ismaelcolosi.com.br","author_link":"https:\/\/ismaelcolosi.com.br\/index.php\/author\/vidareal-online\/"},"uagb_comment_info":0,"uagb_excerpt":"O Minist\u00e9rio da Sa\u00fade informou nesta segunda-feira (15) que ir\u00e1 priorizar a faixa et\u00e1ria de 6 a 16 anos na aplica\u00e7\u00e3o da vacina contra a...","jetpack-related-posts":[{"id":28449,"url":"https:\/\/ismaelcolosi.com.br\/index.php\/2024\/01\/15\/vacinacao-contra-dengue-vai-priorizar-faixa-etaria-de-6-a-16-anos-entenda-1\/","url_meta":{"origin":28600,"position":0},"title":"Vacina\u00e7\u00e3o contra dengue vai priorizar faixa et\u00e1ria de 6 a 16 anos; Entenda","author":"ismaelcolosi.com.br","date":"15 de January de 2024","format":false,"excerpt":"O Minist\u00e9rio da Sa\u00fade informou nesta segunda-feira (15) que ir\u00e1 priorizar a faixa et\u00e1ria de 6 a 16 anos na aplica\u00e7\u00e3o da vacina contra a dengue. O pa\u00eds ir\u00e1 adquirir\u00a05,2 milh\u00f5es de doses da Qdenga, fabricada pelo laborat\u00f3rio japon\u00eas Takeda, al\u00e9m de receber doa\u00e7\u00f5es. O quantitativo ir\u00e1 possibilitar vacina\u00e7\u00e3o de\u2026","rel":"","context":"In &quot;Not\u00edcias de Ribeir\u00e3o Preto-SP e Regi\u00e3o&quot;","block_context":{"text":"Not\u00edcias de Ribeir\u00e3o Preto-SP e Regi\u00e3o","link":"https:\/\/ismaelcolosi.com.br\/index.php\/category\/noticias-de-ribeirao-preto-sp-e-regiao-ismael-colosi\/"},"img":{"alt_text":"","src":"https:\/\/i0.wp.com\/ismaelcolosi.com.br\/wp-content\/uploads\/2024\/01\/1705362349_mosquito-213805_1280.jpg?fit=1200%2C800&ssl=1&resize=350%2C200","width":350,"height":200,"srcset":"https:\/\/i0.wp.com\/ismaelcolosi.com.br\/wp-content\/uploads\/2024\/01\/1705362349_mosquito-213805_1280.jpg?fit=1200%2C800&ssl=1&resize=350%2C200 1x, https:\/\/i0.wp.com\/ismaelcolosi.com.br\/wp-content\/uploads\/2024\/01\/1705362349_mosquito-213805_1280.jpg?fit=1200%2C800&ssl=1&resize=525%2C300 1.5x, https:\/\/i0.wp.com\/ismaelcolosi.com.br\/wp-content\/uploads\/2024\/01\/1705362349_mosquito-213805_1280.jpg?fit=1200%2C800&ssl=1&resize=700%2C400 2x, https:\/\/i0.wp.com\/ismaelcolosi.com.br\/wp-content\/uploads\/2024\/01\/1705362349_mosquito-213805_1280.jpg?fit=1200%2C800&ssl=1&resize=1050%2C600 3x"},"classes":[]},{"id":28953,"url":"https:\/\/ismaelcolosi.com.br\/index.php\/2024\/01\/17\/vacinacao-contra-a-dengue-vai-priorizar-jovens-de-6-a-16-anos\/","url_meta":{"origin":28600,"position":1},"title":"Vacina\u00e7\u00e3o contra a dengue vai priorizar jovens de 6 a 16 anos\u00a0","author":"ismaelcolosi.com.br","date":"17 de January de 2024","format":false,"excerpt":"16 de janeiro de 2024 | 14:0016 de janeiro de 2024 | 9:10 0O Minist\u00e9rio da Sa\u00fade informou nesta segunda-feira, 15 de janeiro, que ir\u00e1 priorizar a faixa et\u00e1ria de 6 a 16 anos na aplica\u00e7\u00e3o da vacina contra a dengue. O pa\u00eds ir\u00e1 adquirir 5,2 milh\u00f5es doses da Qdenga,\u2026","rel":"","context":"In &quot;Not\u00edcias de Ribeir\u00e3o Preto-SP e Regi\u00e3o&quot;","block_context":{"text":"Not\u00edcias de Ribeir\u00e3o Preto-SP e Regi\u00e3o","link":"https:\/\/ismaelcolosi.com.br\/index.php\/category\/noticias-de-ribeirao-preto-sp-e-regiao-ismael-colosi\/"},"img":{"alt_text":"","src":"https:\/\/i0.wp.com\/ismaelcolosi.com.br\/wp-content\/uploads\/2024\/01\/DengueVAC-Rogerio-Vidmantas-Prefeitura-de-Dourados-scaled.jpg?fit=1000%2C604&ssl=1&resize=350%2C200","width":350,"height":200,"srcset":"https:\/\/i0.wp.com\/ismaelcolosi.com.br\/wp-content\/uploads\/2024\/01\/DengueVAC-Rogerio-Vidmantas-Prefeitura-de-Dourados-scaled.jpg?fit=1000%2C604&ssl=1&resize=350%2C200 1x, https:\/\/i0.wp.com\/ismaelcolosi.com.br\/wp-content\/uploads\/2024\/01\/DengueVAC-Rogerio-Vidmantas-Prefeitura-de-Dourados-scaled.jpg?fit=1000%2C604&ssl=1&resize=525%2C300 1.5x, https:\/\/i0.wp.com\/ismaelcolosi.com.br\/wp-content\/uploads\/2024\/01\/DengueVAC-Rogerio-Vidmantas-Prefeitura-de-Dourados-scaled.jpg?fit=1000%2C604&ssl=1&resize=700%2C400 2x"},"classes":[]},{"id":54481,"url":"https:\/\/ismaelcolosi.com.br\/index.php\/2024\/06\/25\/ribeirao-chega-perto-de-zerar-estoque-de-vacina-contra-dengue-e-faixa-etaria-e-mantida\/","url_meta":{"origin":28600,"position":2},"title":"\u200b\u200bRibeir\u00e3o chega perto de zerar estoque de vacina contra dengue e faixa et\u00e1ria \u00e9 mantida","author":"ismaelcolosi.com.br","date":"25 de June de 2024","format":false,"excerpt":"A vacina\u00e7\u00e3o contra dengue em Ribeir\u00e3o Preto est\u00e1 pr\u00f3xima de atingir a meta de aplicar as 11 mil doses recebidas pelo Minist\u00e9rio da Sa\u00fade, em abril, deste ano. Segundo a Secretaria Municipal da Sa\u00fade, diante do alcance da vacina\u00e7\u00e3o no p\u00fablico-alvo, que \u00e9 de crian\u00e7as e adolescentes de 10 a\u2026","rel":"","context":"In &quot;Not\u00edcias de Ribeir\u00e3o Preto-SP e Regi\u00e3o&quot;","block_context":{"text":"Not\u00edcias de Ribeir\u00e3o Preto-SP e Regi\u00e3o","link":"https:\/\/ismaelcolosi.com.br\/index.php\/category\/noticias-de-ribeirao-preto-sp-e-regiao-ismael-colosi\/"},"img":{"alt_text":"","src":"https:\/\/i0.wp.com\/ismaelcolosi.com.br\/wp-content\/uploads\/2024\/06\/Copia-de-Copia-de-TAMANHO-EXATO-PARA-FOTOS-NO-SISTEMA-NOVO-16_2024-06-25_19-10-16_jpg_2024-06-25_19-10-16.webp.webp?fit=1200%2C675&ssl=1&resize=350%2C200","width":350,"height":200,"srcset":"https:\/\/i0.wp.com\/ismaelcolosi.com.br\/wp-content\/uploads\/2024\/06\/Copia-de-Copia-de-TAMANHO-EXATO-PARA-FOTOS-NO-SISTEMA-NOVO-16_2024-06-25_19-10-16_jpg_2024-06-25_19-10-16.webp.webp?fit=1200%2C675&ssl=1&resize=350%2C200 1x, https:\/\/i0.wp.com\/ismaelcolosi.com.br\/wp-content\/uploads\/2024\/06\/Copia-de-Copia-de-TAMANHO-EXATO-PARA-FOTOS-NO-SISTEMA-NOVO-16_2024-06-25_19-10-16_jpg_2024-06-25_19-10-16.webp.webp?fit=1200%2C675&ssl=1&resize=525%2C300 1.5x, https:\/\/i0.wp.com\/ismaelcolosi.com.br\/wp-content\/uploads\/2024\/06\/Copia-de-Copia-de-TAMANHO-EXATO-PARA-FOTOS-NO-SISTEMA-NOVO-16_2024-06-25_19-10-16_jpg_2024-06-25_19-10-16.webp.webp?fit=1200%2C675&ssl=1&resize=700%2C400 2x, https:\/\/i0.wp.com\/ismaelcolosi.com.br\/wp-content\/uploads\/2024\/06\/Copia-de-Copia-de-TAMANHO-EXATO-PARA-FOTOS-NO-SISTEMA-NOVO-16_2024-06-25_19-10-16_jpg_2024-06-25_19-10-16.webp.webp?fit=1200%2C675&ssl=1&resize=1050%2C600 3x"},"classes":[]},{"id":33464,"url":"https:\/\/ismaelcolosi.com.br\/index.php\/2024\/01\/29\/sus-vacinacao-contra-a-dengue-comeca-em-fevereiro-em-521-municipios\/","url_meta":{"origin":28600,"position":3},"title":"vacina\u00e7\u00e3o contra a dengue come\u00e7a em fevereiro, em 521 munic\u00edpios \u2013 Folha de Ribeir\u00e3o","author":"ismaelcolosi.com.br","date":"29 de January de 2024","format":false,"excerpt":"O Minist\u00e9rio da Sa\u00fade informou que 521 munic\u00edpios brasileiros foram selecionados para iniciar a vacina\u00e7\u00e3o contra a dengue via Sistema \u00danico de Sa\u00fade (SUS) a partir de fevereiro. As cidades comp\u00f5em um total de 37 regi\u00f5es de sa\u00fade que, segundo a pasta, s\u00e3o consideradas end\u00eamicas para a doen\u00e7a. Acesse a\u00a0lista\u2026","rel":"","context":"In &quot;Not\u00edcias de Ribeir\u00e3o Preto-SP e Regi\u00e3o&quot;","block_context":{"text":"Not\u00edcias de Ribeir\u00e3o Preto-SP e Regi\u00e3o","link":"https:\/\/ismaelcolosi.com.br\/index.php\/category\/noticias-de-ribeirao-preto-sp-e-regiao-ismael-colosi\/"},"img":{"alt_text":"Arte Mapa vacina\u00e7\u00e3o dengue por estado ","src":"https:\/\/i0.wp.com\/agenciabrasil.ebc.com.br\/sites\/default\/files\/thumbnails\/image\/mapa-vacinacao-dengue.png?resize=350%2C200&ssl=1","width":350,"height":200,"srcset":"https:\/\/i0.wp.com\/agenciabrasil.ebc.com.br\/sites\/default\/files\/thumbnails\/image\/mapa-vacinacao-dengue.png?resize=350%2C200&ssl=1 1x, https:\/\/i0.wp.com\/agenciabrasil.ebc.com.br\/sites\/default\/files\/thumbnails\/image\/mapa-vacinacao-dengue.png?resize=525%2C300&ssl=1 1.5x, https:\/\/i0.wp.com\/agenciabrasil.ebc.com.br\/sites\/default\/files\/thumbnails\/image\/mapa-vacinacao-dengue.png?resize=700%2C400&ssl=1 2x, https:\/\/i0.wp.com\/agenciabrasil.ebc.com.br\/sites\/default\/files\/thumbnails\/image\/mapa-vacinacao-dengue.png?resize=1050%2C600&ssl=1 3x"},"classes":[]},{"id":47613,"url":"https:\/\/ismaelcolosi.com.br\/index.php\/2024\/04\/26\/veja-quantas-criancas-e-adolescentes-ja-tomaram-a-vacina-contra-dengue-em-ribeirao\/","url_meta":{"origin":28600,"position":4},"title":"Veja quantas crian\u00e7as e adolescentes j\u00e1 tomaram a vacina contra dengue em Ribeir\u00e3o","author":"ismaelcolosi.com.br","date":"26 de April de 2024","format":false,"excerpt":"Ap\u00f3s 15 dias que a vacina\u00e7\u00e3o contra dengue come\u00e7ou em Ribeir\u00e3o Preto, das 11 mil doses disponibilizadas para a cidade, apenas 7.010 foram aplicadas at\u00e9 quinta-feira (25). O total representa 63,7% do p\u00fablico-alvo, que s\u00e3o crian\u00e7as e adolescentes de 10 a 14 anos. Segundo dados da Secretaria Municipal da Sa\u00fade,\u2026","rel":"","context":"In &quot;Not\u00edcias de Ribeir\u00e3o Preto-SP e Regi\u00e3o&quot;","block_context":{"text":"Not\u00edcias de Ribeir\u00e3o Preto-SP e Regi\u00e3o","link":"https:\/\/ismaelcolosi.com.br\/index.php\/category\/noticias-de-ribeirao-preto-sp-e-regiao-ismael-colosi\/"},"img":{"alt_text":"","src":"https:\/\/i0.wp.com\/ismaelcolosi.com.br\/wp-content\/uploads\/2024\/04\/Copia-de-Copia-de-TAMANHO-EXATO-PARA-FOTOS-NO-SISTEMA-NOVO-2-3_2024-04-26_17-50-44_png.webp.webp?fit=1200%2C675&ssl=1&resize=350%2C200","width":350,"height":200,"srcset":"https:\/\/i0.wp.com\/ismaelcolosi.com.br\/wp-content\/uploads\/2024\/04\/Copia-de-Copia-de-TAMANHO-EXATO-PARA-FOTOS-NO-SISTEMA-NOVO-2-3_2024-04-26_17-50-44_png.webp.webp?fit=1200%2C675&ssl=1&resize=350%2C200 1x, https:\/\/i0.wp.com\/ismaelcolosi.com.br\/wp-content\/uploads\/2024\/04\/Copia-de-Copia-de-TAMANHO-EXATO-PARA-FOTOS-NO-SISTEMA-NOVO-2-3_2024-04-26_17-50-44_png.webp.webp?fit=1200%2C675&ssl=1&resize=525%2C300 1.5x, https:\/\/i0.wp.com\/ismaelcolosi.com.br\/wp-content\/uploads\/2024\/04\/Copia-de-Copia-de-TAMANHO-EXATO-PARA-FOTOS-NO-SISTEMA-NOVO-2-3_2024-04-26_17-50-44_png.webp.webp?fit=1200%2C675&ssl=1&resize=700%2C400 2x, https:\/\/i0.wp.com\/ismaelcolosi.com.br\/wp-content\/uploads\/2024\/04\/Copia-de-Copia-de-TAMANHO-EXATO-PARA-FOTOS-NO-SISTEMA-NOVO-2-3_2024-04-26_17-50-44_png.webp.webp?fit=1200%2C675&ssl=1&resize=1050%2C600 3x"},"classes":[]},{"id":48287,"url":"https:\/\/ismaelcolosi.com.br\/index.php\/2024\/05\/02\/vacinacao-contra-gripe-e-ampliada-para-publico-acima-de-6-meses\/","url_meta":{"origin":28600,"position":5},"title":"Vacina\u00e7\u00e3o contra gripe \u00e9 ampliada para p\u00fablico acima de 6 meses","author":"ismaelcolosi.com.br","date":"2 de May de 2024","format":false,"excerpt":"O Minist\u00e9rio da Sa\u00fade informou\u00a0que a vacina\u00e7\u00e3o contra a gripe ser\u00e1 ampliada para todas as pessoas com mais de 6 meses de idade. A medida, segundo a pasta, \u00e9 para conter os casos mais graves e interna\u00e7\u00f5es pela doen\u00e7a. Caber\u00e1 aos estados e munic\u00edpios definir a faixa et\u00e1ria\u00a0a ser imunizada\u00a0a\u2026","rel":"","context":"In &quot;Not\u00edcias de Ribeir\u00e3o Preto-SP e Regi\u00e3o&quot;","block_context":{"text":"Not\u00edcias de Ribeir\u00e3o Preto-SP e Regi\u00e3o","link":"https:\/\/ismaelcolosi.com.br\/index.php\/category\/noticias-de-ribeirao-preto-sp-e-regiao-ismael-colosi\/"},"img":{"alt_text":"","src":"https:\/\/i0.wp.com\/ismaelcolosi.com.br\/wp-content\/uploads\/2024\/05\/vacina_1024x576_09012021110825.jpg?fit=1024%2C576&ssl=1&resize=350%2C200","width":350,"height":200,"srcset":"https:\/\/i0.wp.com\/ismaelcolosi.com.br\/wp-content\/uploads\/2024\/05\/vacina_1024x576_09012021110825.jpg?fit=1024%2C576&ssl=1&resize=350%2C200 1x, https:\/\/i0.wp.com\/ismaelcolosi.com.br\/wp-content\/uploads\/2024\/05\/vacina_1024x576_09012021110825.jpg?fit=1024%2C576&ssl=1&resize=525%2C300 1.5x, https:\/\/i0.wp.com\/ismaelcolosi.com.br\/wp-content\/uploads\/2024\/05\/vacina_1024x576_09012021110825.jpg?fit=1024%2C576&ssl=1&resize=700%2C400 2x"},"classes":[]}],"jetpack_sharing_enabled":true,"jetpack_shortlink":"https:\/\/wp.me\/pfMlyK-7ri","_links":{"self":[{"href":"https:\/\/ismaelcolosi.com.br\/index.php\/wp-json\/wp\/v2\/posts\/28600","targetHints":{"allow":["GET"]}}],"collection":[{"href":"https:\/\/ismaelcolosi.com.br\/index.php\/wp-json\/wp\/v2\/posts"}],"about":[{"href":"https:\/\/ismaelcolosi.com.br\/index.php\/wp-json\/wp\/v2\/types\/post"}],"author":[{"embeddable":true,"href":"https:\/\/ismaelcolosi.com.br\/index.php\/wp-json\/wp\/v2\/users\/1"}],"replies":[{"embeddable":true,"href":"https:\/\/ismaelcolosi.com.br\/index.php\/wp-json\/wp\/v2\/comments?post=28600"}],"version-history":[{"count":0,"href":"https:\/\/ismaelcolosi.com.br\/index.php\/wp-json\/wp\/v2\/posts\/28600\/revisions"}],"wp:featuredmedia":[{"embeddable":true,"href":"https:\/\/ismaelcolosi.com.br\/index.php\/wp-json\/wp\/v2\/media\/28601"}],"wp:attachment":[{"href":"https:\/\/ismaelcolosi.com.br\/index.php\/wp-json\/wp\/v2\/media?parent=28600"}],"wp:term":[{"taxonomy":"category","embeddable":true,"href":"https:\/\/ismaelcolosi.com.br\/index.php\/wp-json\/wp\/v2\/categories?post=28600"},{"taxonomy":"post_tag","embeddable":true,"href":"https:\/\/ismaelcolosi.com.br\/index.php\/wp-json\/wp\/v2\/tags?post=28600"}],"curies":[{"name":"wp","href":"https:\/\/api.w.org\/{rel}","templated":true}]}}