{"id":28542,"date":"2024-01-16T04:36:28","date_gmt":"2024-01-16T07:36:28","guid":{"rendered":"https:\/\/ismaelcolosi.com.br\/index.php\/2024\/01\/16\/dupla-sertaneja-tem-instrumentos-e-equipamentos-furtados-no-centro-de-ribeirao-preto\/"},"modified":"2024-01-16T04:36:28","modified_gmt":"2024-01-16T07:36:28","slug":"dupla-sertaneja-tem-instrumentos-e-equipamentos-furtados-no-centro-de-ribeirao-preto","status":"publish","type":"post","link":"https:\/\/ismaelcolosi.com.br\/index.php\/2024\/01\/16\/dupla-sertaneja-tem-instrumentos-e-equipamentos-furtados-no-centro-de-ribeirao-preto\/","title":{"rendered":"Dupla sertaneja tem instrumentos e equipamentos furtados no Centro de Ribeir\u00e3o Preto"},"content":{"rendered":"<p> <br \/>\n<\/p>\n<div>\n<p>Uma <strong>dupla sertaneja<\/strong> teve os <strong>instrumentos<\/strong> e <strong>equipamentos <\/strong>furtados, na madrugada do s\u00e1bado (13), na rua Duque de Caxias, no <strong>Centro de Ribeir\u00e3o Preto<\/strong>.<\/p>\n<p>Em entrevista a <em>EPTV<\/em>, os cantores Jo\u00e3o Pedro e Raphael disseram que <strong>todos os objetos furtados estavam na porta malas de um carro<\/strong>, que estava estacionado no local. Eles haviam ido a um espa\u00e7o cultural musical, para celebrar a formatura de uma amiga.<\/p><div class='code-block code-block-8' style='margin: 8px auto; text-align: center; display: block; clear: both;'>\n<script>\n  atOptions = {\n    'key' : '66e2e2111ca34da796271819fc334058',\n    'format' : 'iframe',\n    'height' : 250,\n    'width' : 300,\n    'params' : {}\n  };\n<\/script>\n<script src=\"https:\/\/www.highperformanceformat.com\/66e2e2111ca34da796271819fc334058\/invoke.js\"><\/script>\n<\/div>\n\n<figure class=\"wp-block-pullquote has-text-align-left\">\n<blockquote>\n<p>\u201cFoi coisa de uma hora e meia. Foi o tempo da gente ficar um pouquinho e sair. Fomos levar um amigo embora e, quando fizemos uma curva e ai acabou abrindo o porta-malas. Eu desci para fechar e j\u00e1 n\u00e3o tinha mais nada l\u00e1\u201d, informou Jo\u00e3o Pedro.<\/p>\n<\/blockquote>\n<\/figure>\n<p>Ainda de acordo com a dupla sertaneja, o preju\u00edzo foi grande. Entre os objetos furtados est\u00e3o um <strong><mark style=\"background-color:#fcb900\" class=\"has-inline-color\">viol\u00e3o<\/mark><\/strong><mark style=\"background-color:#fcb900\" class=\"has-inline-color\">, <\/mark><strong><mark style=\"background-color:#fcb900\" class=\"has-inline-color\">quatro microfones <\/mark><\/strong><mark style=\"background-color:#fcb900\" class=\"has-inline-color\">e <\/mark><strong><mark style=\"background-color:#fcb900\" class=\"has-inline-color\">todos os cabos utilizados para as apresenta\u00e7\u00f5es<\/mark><\/strong>.<\/p>\n<figure class=\"wp-block-pullquote\">\n<blockquote>\n<p>\u201cO preju\u00edzo \u00e9 muito grande e \u00e9 muito triste, porque a gente vem trabalhando bastante para conseguir todas essas coisas, alcan\u00e7ar nossos objetivos e ai vem um cara desses, que a gente n\u00e3o sabe quem \u00e9, n\u00e3o tem imagem [de c\u00e2mera de seguran\u00e7a] e faz uma coisa dessas. Tudo o que a gente trabalhou bastante para conseguir ele levou\u201d, disso Raphael.<\/p>\n<\/blockquote>\n<\/figure>\n<p>Um boletim de ocorr\u00eancia foi registrado, no entanto, ningu\u00e9m foi preso at\u00e9 o momento.<\/p>\n<h4 class=\"wp-block-heading\"><strong>Furtos no Centro<\/strong><\/h4>\n<p>De acordo com os dados parciais da <strong>Secret\u00e1ria de Seguran\u00e7a P\u00fablica (SSP)<\/strong>, de <strong>janeiro <\/strong>a <strong>novembro <\/strong>de 2023, foram registradas <strong>1.283 ocorr\u00eancias<\/strong>, uma m\u00e9dia de <strong>quatro casos por dia<\/strong>. Confira os n\u00fameros:<\/p>\n<h4 class=\"wp-block-heading\"><strong>Outro caso no s\u00e1bado<\/strong><\/h4>\n<p>No s\u00e1bado (13), um outro caso aconteceu no Centro da cidade. Um morador registrou o momento em que uma mulher sofreu uma tentativa de assalto na pra\u00e7a Lu\u00eds de Cam\u00f5es.<\/p>\n<p>A mulher estava em um <strong>carro estacionado<\/strong> na rua Rui Barbosa, quando <strong>o criminoso abre a porta do ve\u00edculo<\/strong> da v\u00edtima e <strong>tenta puxar a bolsa dela<\/strong>. A mulher \u00e9 agredida pelo ladr\u00e3o e cai no ch\u00e3o.<\/p>\n<p>Em ambos os casos,<strong> os bandidos fugiram do local<\/strong>. A regi\u00e3o central \u00e9 atendida pelo 1\u00b0 Distrito Policial de Ribeir\u00e3o Preto.<\/p>\n<p><em>(Com informa\u00e7\u00f5es da EPTV)<\/em><\/p>\n<p>SAIBA MAIS<\/p>\n<p>Pol\u00edcia prende acusado de ter matado engenheiro em Ribeir\u00e3o Preto<\/p>\n<h4 class=\"wp-block-heading\"><strong><mark style=\"background-color:#fcb900\" class=\"has-inline-color\">FIQUE ON<\/mark><\/strong><\/h4>\n<p>Fique ligado em tudo que acontece em Ribeir\u00e3o Preto e regi\u00e3o. Siga os perfis do\u00a0<strong>acidade on\u00a0<\/strong>no\u00a0<a href=\"https:\/\/www.instagram.com\/acidadeonribeirao\" target=\"_blank\" rel=\"noreferrer noopener\">Instagram<\/a>\u00a0e no\u00a0<a href=\"https:\/\/www.facebook.com\/acidadeonribeirao\" target=\"_blank\" rel=\"noreferrer noopener\">Facebook<\/a>.<\/p>\n<p>Receba not\u00edcias do\u00a0<strong>acidade on\u00a0<\/strong>no WhatsApp.\u00a0<a href=\"https:\/\/chat.whatsapp.com\/Bnv2w66ZT4VDyZW3oiZ69n\" target=\"_blank\" rel=\"noreferrer noopener\">Para entrar no grupo, basta clicar aqui.<\/a><\/p>\n<p>Fa\u00e7a uma den\u00fancia ou sugira uma reportagem sobre Ribeir\u00e3o Preto e regi\u00e3o pelo WhatsApp: 16 99117 7802.<\/p>\n<p>VEJA TAMB\u00c9M<\/p>\n<p>The Masked Singer Brasil 2024: conhe\u00e7a os participantes<\/p>\n<p><!-- AI CONTENT END 1 -->\n<\/div>\n<p><script async src=\"\/\/www.instagram.com\/embed.js\"><\/script><br \/>\n<br \/><br \/>\n<br \/><a href=\"https:\/\/www.acidadeon.com\/ribeiraopreto\/cotidiano\/dupla-sertaneja-tem-instrumentos-e-equipamentos-furtados-no-centro-de-ribeirao-preto\/\">Source link <\/a><\/p>\n<div class='code-block code-block-4' style='margin: 8px auto 8px 0; text-align: left; display: block; clear: both;'>\n\ud83d\udce2 Aviso Legal\n\nO site ismaelcolosi.com.br atua apenas como um canal de divulga\u00e7\u00e3o de oportunidades de emprego e n\u00e3o se responsabiliza pelo processo seletivo, contrata\u00e7\u00e3o ou qualquer outra etapa relacionada \u00e0s vagas publicadas. Todas as informa\u00e7\u00f5es s\u00e3o de responsabilidade dos anunciantes.\n\n\u26a0\ufe0f Aten\u00e7\u00e3o! Nunca pague por promessas de emprego nem compre cursos que garantam contrata\u00e7\u00e3o. Desconfie de qualquer cobran\u00e7a para participar de sele\u00e7\u00f5es.\n\n\n\n<\/div>\n<!-- CONTENT END 1 -->\n","protected":false},"excerpt":{"rendered":"<p>Uma dupla sertaneja teve os instrumentos e equipamentos furtados, na madrugada do s\u00e1bado (13), na rua Duque de Caxias, no Centro de Ribeir\u00e3o Preto. Em&#8230;<\/p>\n","protected":false},"author":1,"featured_media":28543,"comment_status":"open","ping_status":"open","sticky":false,"template":"","format":"standard","meta":{"_uag_custom_page_level_css":"","advanced_seo_description":"","jetpack_seo_html_title":"","jetpack_seo_noindex":false,"jetpack_post_was_ever_published":false,"_jetpack_newsletter_access":"","_jetpack_dont_email_post_to_subs":false,"_jetpack_newsletter_tier_id":0,"_jetpack_memberships_contains_paywalled_content":false,"_jetpack_memberships_contains_paid_content":false,"footnotes":"","jetpack_publicize_message":"","jetpack_publicize_feature_enabled":true,"jetpack_social_post_already_shared":true,"jetpack_social_options":{"image_generator_settings":{"template":"highway","default_image_id":0,"font":"","enabled":false},"version":2}},"categories":[11],"tags":[418,1140,2955,2475,3583,27,26,3582,162],"class_list":["post-28542","post","type-post","status-publish","format-standard","has-post-thumbnail","hentry","category-noticias-de-ribeirao-preto-sp-e-regiao-ismael-colosi","tag-centro","tag-dupla","tag-equipamentos","tag-furtados","tag-instrumentos","tag-preto","tag-ribeirao","tag-sertaneja","tag-tem"],"jetpack_publicize_connections":[],"jetpack_featured_media_url":"https:\/\/i0.wp.com\/ismaelcolosi.com.br\/wp-content\/uploads\/2024\/01\/close-up-de-violao-em-um-fundo-colorido-bonito-scaled.jpg?fit=2560%2C1284&ssl=1","uagb_featured_image_src":{"full":["https:\/\/i0.wp.com\/ismaelcolosi.com.br\/wp-content\/uploads\/2024\/01\/close-up-de-violao-em-um-fundo-colorido-bonito-scaled.jpg?fit=2560%2C1284&ssl=1",2560,1284,false],"thumbnail":["https:\/\/i0.wp.com\/ismaelcolosi.com.br\/wp-content\/uploads\/2024\/01\/close-up-de-violao-em-um-fundo-colorido-bonito-scaled.jpg?resize=150%2C150&ssl=1",150,150,true],"medium":["https:\/\/i0.wp.com\/ismaelcolosi.com.br\/wp-content\/uploads\/2024\/01\/close-up-de-violao-em-um-fundo-colorido-bonito-scaled.jpg?fit=300%2C150&ssl=1",300,150,true],"medium_large":["https:\/\/i0.wp.com\/ismaelcolosi.com.br\/wp-content\/uploads\/2024\/01\/close-up-de-violao-em-um-fundo-colorido-bonito-scaled.jpg?fit=768%2C385&ssl=1",768,385,true],"large":["https:\/\/i0.wp.com\/ismaelcolosi.com.br\/wp-content\/uploads\/2024\/01\/close-up-de-violao-em-um-fundo-colorido-bonito-scaled.jpg?fit=1024%2C514&ssl=1",1024,514,true],"1536x1536":["https:\/\/i0.wp.com\/ismaelcolosi.com.br\/wp-content\/uploads\/2024\/01\/close-up-de-violao-em-um-fundo-colorido-bonito-scaled.jpg?fit=1536%2C770&ssl=1",1536,770,true],"2048x2048":["https:\/\/i0.wp.com\/ismaelcolosi.com.br\/wp-content\/uploads\/2024\/01\/close-up-de-violao-em-um-fundo-colorido-bonito-scaled.jpg?fit=2048%2C1027&ssl=1",2048,1027,true],"really-simple-thumb":["https:\/\/i0.wp.com\/ismaelcolosi.com.br\/wp-content\/uploads\/2024\/01\/close-up-de-violao-em-um-fundo-colorido-bonito-scaled.jpg?resize=370%2C247&ssl=1",370,247,true]},"uagb_author_info":{"display_name":"ismaelcolosi.com.br","author_link":"https:\/\/ismaelcolosi.com.br\/index.php\/author\/vidareal-online\/"},"uagb_comment_info":0,"uagb_excerpt":"Uma dupla sertaneja teve os instrumentos e equipamentos furtados, na madrugada do s\u00e1bado (13), na rua Duque de Caxias, no Centro de Ribeir\u00e3o Preto. Em...","jetpack-related-posts":[{"id":46822,"url":"https:\/\/ismaelcolosi.com.br\/index.php\/2024\/04\/15\/aviao-de-dupla-sertaneja-sofre-pane-durante-a-decolagem-em-sp\/","url_meta":{"origin":28542,"position":0},"title":"Avi\u00e3o de dupla sertaneja sofre pane durante a decolagem em SP","author":"ismaelcolosi.com.br","date":"15 de April de 2024","format":false,"excerpt":"A dupla sertaneja Augusto e At\u00edlio, natural de Sales Oliveira, na regi\u00e3o de Ribeir\u00e3o Preto, sofreu um susto na madrugada do \u00faltimo s\u00e1bado (13), enquanto se preparava para embarcar para um show. Isso porque, o avi\u00e3o que iria transportar os artistas sofreu uma pane no momento da decolagem. Em contato\u2026","rel":"","context":"In &quot;Not\u00edcias de Ribeir\u00e3o Preto-SP e Regi\u00e3o&quot;","block_context":{"text":"Not\u00edcias de Ribeir\u00e3o Preto-SP e Regi\u00e3o","link":"https:\/\/ismaelcolosi.com.br\/index.php\/category\/noticias-de-ribeirao-preto-sp-e-regiao-ismael-colosi\/"},"img":{"alt_text":"","src":"https:\/\/i0.wp.com\/ismaelcolosi.com.br\/wp-content\/uploads\/2024\/04\/AnyConv.com__augusto-e-atilio.webp.webp?fit=1200%2C675&ssl=1&resize=350%2C200","width":350,"height":200,"srcset":"https:\/\/i0.wp.com\/ismaelcolosi.com.br\/wp-content\/uploads\/2024\/04\/AnyConv.com__augusto-e-atilio.webp.webp?fit=1200%2C675&ssl=1&resize=350%2C200 1x, https:\/\/i0.wp.com\/ismaelcolosi.com.br\/wp-content\/uploads\/2024\/04\/AnyConv.com__augusto-e-atilio.webp.webp?fit=1200%2C675&ssl=1&resize=525%2C300 1.5x, https:\/\/i0.wp.com\/ismaelcolosi.com.br\/wp-content\/uploads\/2024\/04\/AnyConv.com__augusto-e-atilio.webp.webp?fit=1200%2C675&ssl=1&resize=700%2C400 2x, https:\/\/i0.wp.com\/ismaelcolosi.com.br\/wp-content\/uploads\/2024\/04\/AnyConv.com__augusto-e-atilio.webp.webp?fit=1200%2C675&ssl=1&resize=1050%2C600 3x"},"classes":[]},{"id":72793,"url":"https:\/\/ismaelcolosi.com.br\/index.php\/2024\/10\/23\/cestas-basicas-cobertores-e-roupas-sao-furtados-da-sede-do-fundo-social-de-ribeirao\/","url_meta":{"origin":28542,"position":1},"title":"Cestas b\u00e1sicas, cobertores e roupas s\u00e3o furtados da sede do Fundo Social de Ribeir\u00e3o","author":"ismaelcolosi.com.br","date":"23 de October de 2024","format":false,"excerpt":"A sede do Fundo Social de Solidariedade (FSS) de Ribeir\u00e3o Preto teve cestas b\u00e1sicas, roupas e outros objetos furtados na rua Cerqueira C\u00e9sar, no Centro da cidade. O pr\u00e9dio fica ao lado do Pal\u00e1cio Rio Branco, antiga sede da prefeitura municipal. Segundo o boletim de ocorr\u00eancia (BO), uma funcion\u00e1ria percebeu\u2026","rel":"","context":"In &quot;Not\u00edcias de Ribeir\u00e3o Preto-SP e Regi\u00e3o&quot;","block_context":{"text":"Not\u00edcias de Ribeir\u00e3o Preto-SP e Regi\u00e3o","link":"https:\/\/ismaelcolosi.com.br\/index.php\/category\/noticias-de-ribeirao-preto-sp-e-regiao-ismael-colosi\/"},"img":{"alt_text":"","src":"https:\/\/i0.wp.com\/ismaelcolosi.com.br\/wp-content\/uploads\/2024\/10\/fss_2_fernando_gonzaga4456456456.jpg?fit=1200%2C799&ssl=1&resize=350%2C200","width":350,"height":200,"srcset":"https:\/\/i0.wp.com\/ismaelcolosi.com.br\/wp-content\/uploads\/2024\/10\/fss_2_fernando_gonzaga4456456456.jpg?fit=1200%2C799&ssl=1&resize=350%2C200 1x, https:\/\/i0.wp.com\/ismaelcolosi.com.br\/wp-content\/uploads\/2024\/10\/fss_2_fernando_gonzaga4456456456.jpg?fit=1200%2C799&ssl=1&resize=525%2C300 1.5x, https:\/\/i0.wp.com\/ismaelcolosi.com.br\/wp-content\/uploads\/2024\/10\/fss_2_fernando_gonzaga4456456456.jpg?fit=1200%2C799&ssl=1&resize=700%2C400 2x, https:\/\/i0.wp.com\/ismaelcolosi.com.br\/wp-content\/uploads\/2024\/10\/fss_2_fernando_gonzaga4456456456.jpg?fit=1200%2C799&ssl=1&resize=1050%2C600 3x"},"classes":[]},{"id":44732,"url":"https:\/\/ismaelcolosi.com.br\/index.php\/2024\/03\/30\/cultura-sertaneja-sera-destaque-no-ribeirao-rodeo-music-com-espaco-raiz\/","url_meta":{"origin":28542,"position":2},"title":"Cultura sertaneja ser\u00e1 destaque no Ribeir\u00e3o Rodeo Music com Espa\u00e7o Raiz","author":"ismaelcolosi.com.br","date":"30 de March de 2024","format":false,"excerpt":"A cultura sertaneja vai ganhar ainda mais destaque em uma \u00e1rea in\u00e9dita no Ribeir\u00e3o Rodeo Music. O Espa\u00e7o Raiz, totalmente dedicado para enaltecer a hist\u00f3ria, a cultura e a tradi\u00e7\u00e3o sertanejas, foi anunciado como uma das novidades do festival. O espa\u00e7o vai funcionar nos mesmos dias do evento \u2013 20,\u2026","rel":"","context":"In &quot;Not\u00edcias de Ribeir\u00e3o Preto-SP e Regi\u00e3o&quot;","block_context":{"text":"Not\u00edcias de Ribeir\u00e3o Preto-SP e Regi\u00e3o","link":"https:\/\/ismaelcolosi.com.br\/index.php\/category\/noticias-de-ribeirao-preto-sp-e-regiao-ismael-colosi\/"},"img":{"alt_text":"","src":"https:\/\/i0.wp.com\/ismaelcolosi.com.br\/wp-content\/uploads\/2024\/03\/AnyConv.com__rrm-scaled.webp.webp?fit=1200%2C800&ssl=1&resize=350%2C200","width":350,"height":200,"srcset":"https:\/\/i0.wp.com\/ismaelcolosi.com.br\/wp-content\/uploads\/2024\/03\/AnyConv.com__rrm-scaled.webp.webp?fit=1200%2C800&ssl=1&resize=350%2C200 1x, https:\/\/i0.wp.com\/ismaelcolosi.com.br\/wp-content\/uploads\/2024\/03\/AnyConv.com__rrm-scaled.webp.webp?fit=1200%2C800&ssl=1&resize=525%2C300 1.5x, https:\/\/i0.wp.com\/ismaelcolosi.com.br\/wp-content\/uploads\/2024\/03\/AnyConv.com__rrm-scaled.webp.webp?fit=1200%2C800&ssl=1&resize=700%2C400 2x, https:\/\/i0.wp.com\/ismaelcolosi.com.br\/wp-content\/uploads\/2024\/03\/AnyConv.com__rrm-scaled.webp.webp?fit=1200%2C800&ssl=1&resize=1050%2C600 3x"},"classes":[]},{"id":52587,"url":"https:\/\/ismaelcolosi.com.br\/index.php\/2024\/06\/07\/gcm-localiza-cabos-de-telefonia-e-objetos-furtados-em-deposito-de-sucatas-em-ribeirao\/","url_meta":{"origin":28542,"position":3},"title":"GCM localiza cabos de telefonia e objetos furtados em dep\u00f3sito de sucatas em Ribeir\u00e3o","author":"ismaelcolosi.com.br","date":"7 de June de 2024","format":false,"excerpt":"Uma opera\u00e7\u00e3o da Guarda Civil Metropolitana (GCM) de Ribeir\u00e3o Preto localizou, nesta sexta-feira (07), hidr\u00f4metros, tampas de bueiro e cabos de telefonia furtados, em um dep\u00f3sito de sucatas na avenida dos Bandeirantes. De acordo com a corpora\u00e7\u00e3o, um homem foi detido durante a opera\u00e7\u00e3o. No local foram encontrados dois hidr\u00f4metros\u2026","rel":"","context":"In &quot;Not\u00edcias de Ribeir\u00e3o Preto-SP e Regi\u00e3o&quot;","block_context":{"text":"Not\u00edcias de Ribeir\u00e3o Preto-SP e Regi\u00e3o","link":"https:\/\/ismaelcolosi.com.br\/index.php\/category\/noticias-de-ribeirao-preto-sp-e-regiao-ismael-colosi\/"},"img":{"alt_text":"","src":"https:\/\/i0.wp.com\/ismaelcolosi.com.br\/wp-content\/uploads\/2024\/06\/Copia-de-Copia-de-TAMANHO-EXATO-PARA-FOTOS-NO-SISTEMA-NOVO-69_2024-06-07_21-04-00_png_2024-06-07_21-04-00.webp.webp?fit=1200%2C675&ssl=1&resize=350%2C200","width":350,"height":200,"srcset":"https:\/\/i0.wp.com\/ismaelcolosi.com.br\/wp-content\/uploads\/2024\/06\/Copia-de-Copia-de-TAMANHO-EXATO-PARA-FOTOS-NO-SISTEMA-NOVO-69_2024-06-07_21-04-00_png_2024-06-07_21-04-00.webp.webp?fit=1200%2C675&ssl=1&resize=350%2C200 1x, https:\/\/i0.wp.com\/ismaelcolosi.com.br\/wp-content\/uploads\/2024\/06\/Copia-de-Copia-de-TAMANHO-EXATO-PARA-FOTOS-NO-SISTEMA-NOVO-69_2024-06-07_21-04-00_png_2024-06-07_21-04-00.webp.webp?fit=1200%2C675&ssl=1&resize=525%2C300 1.5x, https:\/\/i0.wp.com\/ismaelcolosi.com.br\/wp-content\/uploads\/2024\/06\/Copia-de-Copia-de-TAMANHO-EXATO-PARA-FOTOS-NO-SISTEMA-NOVO-69_2024-06-07_21-04-00_png_2024-06-07_21-04-00.webp.webp?fit=1200%2C675&ssl=1&resize=700%2C400 2x, https:\/\/i0.wp.com\/ismaelcolosi.com.br\/wp-content\/uploads\/2024\/06\/Copia-de-Copia-de-TAMANHO-EXATO-PARA-FOTOS-NO-SISTEMA-NOVO-69_2024-06-07_21-04-00_png_2024-06-07_21-04-00.webp.webp?fit=1200%2C675&ssl=1&resize=1050%2C600 3x"},"classes":[]},{"id":41508,"url":"https:\/\/ismaelcolosi.com.br\/index.php\/2024\/03\/08\/saiba-qual-e-a-dupla-que-mais-participou-do-ribeirao-rodeo-music\/","url_meta":{"origin":28542,"position":4},"title":"Saiba qual \u00e9 a dupla que mais participou do Ribeir\u00e3o Rodeo Music","author":"ismaelcolosi.com.br","date":"8 de March de 2024","format":false,"excerpt":"Para quem acompanha desde o in\u00edcio o Ribeir\u00e3o Rodeo Music \u00e9 f\u00e1cil adivinhar que a dupla sertaneja Jorge e Mateus \u00e9 a que mais participou no evento. Os cantores marcaram presen\u00e7a no RRM por 10 anos e nesta edi\u00e7\u00e3o voltam aos palcos do evento no dia 30 de abril. No\u2026","rel":"","context":"In &quot;Not\u00edcias de Ribeir\u00e3o Preto-SP e Regi\u00e3o&quot;","block_context":{"text":"Not\u00edcias de Ribeir\u00e3o Preto-SP e Regi\u00e3o","link":"https:\/\/ismaelcolosi.com.br\/index.php\/category\/noticias-de-ribeirao-preto-sp-e-regiao-ismael-colosi\/"},"img":{"alt_text":"","src":"https:\/\/i0.wp.com\/ismaelcolosi.com.br\/wp-content\/uploads\/2024\/03\/jorge-e-mateus.jpg?fit=1200%2C800&ssl=1&resize=350%2C200","width":350,"height":200,"srcset":"https:\/\/i0.wp.com\/ismaelcolosi.com.br\/wp-content\/uploads\/2024\/03\/jorge-e-mateus.jpg?fit=1200%2C800&ssl=1&resize=350%2C200 1x, https:\/\/i0.wp.com\/ismaelcolosi.com.br\/wp-content\/uploads\/2024\/03\/jorge-e-mateus.jpg?fit=1200%2C800&ssl=1&resize=525%2C300 1.5x, https:\/\/i0.wp.com\/ismaelcolosi.com.br\/wp-content\/uploads\/2024\/03\/jorge-e-mateus.jpg?fit=1200%2C800&ssl=1&resize=700%2C400 2x, https:\/\/i0.wp.com\/ismaelcolosi.com.br\/wp-content\/uploads\/2024\/03\/jorge-e-mateus.jpg?fit=1200%2C800&ssl=1&resize=1050%2C600 3x"},"classes":[]},{"id":41526,"url":"https:\/\/ismaelcolosi.com.br\/index.php\/2024\/03\/08\/saiba-qual-e-a-dupla-que-mais-participou-do-ribeirao-rodeo-music-2\/","url_meta":{"origin":28542,"position":5},"title":"Saiba qual \u00e9 a dupla que mais participou do Ribeir\u00e3o Rodeo Music","author":"ismaelcolosi.com.br","date":"8 de March de 2024","format":false,"excerpt":"Para quem acompanha desde o in\u00edcio o Ribeir\u00e3o Rodeo Music \u00e9 f\u00e1cil adivinhar que a dupla sertaneja Jorge e Mateus \u00e9 a que mais participou no evento. Os cantores marcaram presen\u00e7a no RRM por 10 anos e nesta edi\u00e7\u00e3o voltam aos palcos do evento no dia 30 de abril. No\u2026","rel":"","context":"In &quot;Not\u00edcias de Ribeir\u00e3o Preto-SP e Regi\u00e3o&quot;","block_context":{"text":"Not\u00edcias de Ribeir\u00e3o Preto-SP e Regi\u00e3o","link":"https:\/\/ismaelcolosi.com.br\/index.php\/category\/noticias-de-ribeirao-preto-sp-e-regiao-ismael-colosi\/"},"img":{"alt_text":"","src":"https:\/\/i0.wp.com\/ismaelcolosi.com.br\/wp-content\/uploads\/2024\/03\/ribeirao-rodeo-music-2023.jpg?fit=1200%2C777&ssl=1&resize=350%2C200","width":350,"height":200,"srcset":"https:\/\/i0.wp.com\/ismaelcolosi.com.br\/wp-content\/uploads\/2024\/03\/ribeirao-rodeo-music-2023.jpg?fit=1200%2C777&ssl=1&resize=350%2C200 1x, https:\/\/i0.wp.com\/ismaelcolosi.com.br\/wp-content\/uploads\/2024\/03\/ribeirao-rodeo-music-2023.jpg?fit=1200%2C777&ssl=1&resize=525%2C300 1.5x, https:\/\/i0.wp.com\/ismaelcolosi.com.br\/wp-content\/uploads\/2024\/03\/ribeirao-rodeo-music-2023.jpg?fit=1200%2C777&ssl=1&resize=700%2C400 2x, https:\/\/i0.wp.com\/ismaelcolosi.com.br\/wp-content\/uploads\/2024\/03\/ribeirao-rodeo-music-2023.jpg?fit=1200%2C777&ssl=1&resize=1050%2C600 3x"},"classes":[]}],"jetpack_sharing_enabled":true,"jetpack_shortlink":"https:\/\/wp.me\/pfMlyK-7qm","_links":{"self":[{"href":"https:\/\/ismaelcolosi.com.br\/index.php\/wp-json\/wp\/v2\/posts\/28542","targetHints":{"allow":["GET"]}}],"collection":[{"href":"https:\/\/ismaelcolosi.com.br\/index.php\/wp-json\/wp\/v2\/posts"}],"about":[{"href":"https:\/\/ismaelcolosi.com.br\/index.php\/wp-json\/wp\/v2\/types\/post"}],"author":[{"embeddable":true,"href":"https:\/\/ismaelcolosi.com.br\/index.php\/wp-json\/wp\/v2\/users\/1"}],"replies":[{"embeddable":true,"href":"https:\/\/ismaelcolosi.com.br\/index.php\/wp-json\/wp\/v2\/comments?post=28542"}],"version-history":[{"count":0,"href":"https:\/\/ismaelcolosi.com.br\/index.php\/wp-json\/wp\/v2\/posts\/28542\/revisions"}],"wp:featuredmedia":[{"embeddable":true,"href":"https:\/\/ismaelcolosi.com.br\/index.php\/wp-json\/wp\/v2\/media\/28543"}],"wp:attachment":[{"href":"https:\/\/ismaelcolosi.com.br\/index.php\/wp-json\/wp\/v2\/media?parent=28542"}],"wp:term":[{"taxonomy":"category","embeddable":true,"href":"https:\/\/ismaelcolosi.com.br\/index.php\/wp-json\/wp\/v2\/categories?post=28542"},{"taxonomy":"post_tag","embeddable":true,"href":"https:\/\/ismaelcolosi.com.br\/index.php\/wp-json\/wp\/v2\/tags?post=28542"}],"curies":[{"name":"wp","href":"https:\/\/api.w.org\/{rel}","templated":true}]}}