{"id":28365,"date":"2024-01-15T16:57:15","date_gmt":"2024-01-15T19:57:15","guid":{"rendered":"https:\/\/ismaelcolosi.com.br\/index.php\/2024\/01\/15\/arvore-de-casarao-do-centro-cai-em-fiacao\/"},"modified":"2024-01-15T16:57:15","modified_gmt":"2024-01-15T19:57:15","slug":"arvore-de-casarao-do-centro-cai-em-fiacao","status":"publish","type":"post","link":"https:\/\/ismaelcolosi.com.br\/index.php\/2024\/01\/15\/arvore-de-casarao-do-centro-cai-em-fiacao\/","title":{"rendered":"\u00c1rvore de casar\u00e3o do Centro cai em fia\u00e7\u00e3o"},"content":{"rendered":"<p> <br \/>\n<\/p>\n<div id=\"post-370445\">\n<header class=\"entry-header penci-entry-header penci-title-center\">\n<h2 class=\"penci-post-subtitle\">Local \u00e9 habitado por pessoas em situa\u00e7\u00e3o de rua que dizem ter acionado CPFL<\/h2>\n<p> <span class=\"entry-meta-item penci-posted-on\"><i class=\"fa fa-clock-o\"\/><time class=\"entry-date published updated\" datetime=\"2024-01-15T16:52:19-03:00\">15 de janeiro de 2024 | 16:52<\/time><\/span><\/p>\n<p> <span class=\"penci-social-buttons penci-social-share-footer\"><a href=\"#\" class=\"penci-post-like penci_post-meta_item  single-like-button penci-social-item like\" data-post_id=\"370445\" title=\"Like\" data-like=\"Like\" data-unlike=\"Unlike\"><i class=\"fa fa-thumbs-o-up\"\/><span class=\"penci-share-number\">0<\/span><\/a><i class=\"fa fa-facebook\"\/><a class=\"penci-social-item twitter\" target=\"_blank\" rel=\"noopener\" title=\"\" href=\"https:\/\/twitter.com\/intent\/tweet?text=\u00c1rvore%20de%20casar\u00e3o%20do%20Centro%20cai%20em%20fia\u00e7\u00e3o%20-%20https:\/\/www.tribunaribeirao.com.br\/site\/arvore-de-casarao-do-centro-cai-em-fiacao\/\"><i class=\"fa fa-twitter\"\/><\/a><i class=\"fa fa-whatsapp\"\/><\/span><\/header>\n<div class=\"penci-entry-content entry-content\">\n<p>Por: Adalberto Luque<\/p><div class='code-block code-block-8' style='margin: 8px auto; text-align: center; display: block; clear: both;'>\n<script>\n  atOptions = {\n    'key' : '66e2e2111ca34da796271819fc334058',\n    'format' : 'iframe',\n    'height' : 250,\n    'width' : 300,\n    'params' : {}\n  };\n<\/script>\n<script src=\"https:\/\/www.highperformanceformat.com\/66e2e2111ca34da796271819fc334058\/invoke.js\"><\/script>\n<\/div>\n\n<p>Com as constantes chuvas que atingiram Ribeir\u00e3o Preto nos \u00faltimos dias, a \u00e1rvore de um casar\u00e3o abandonado, na Rua Visconde de Inha\u00fama, 241, no Centro de Ribeir\u00e3o Preto, caiu durante a madrugada desta segunda-feira (15). O casar\u00e3o abandonado \u00e9 ocupado por pessoas em situa\u00e7\u00e3o de rua.<\/p>\n<p>Segundo Raimundo Alberto, seus c\u00e3es o acordaram com latidos, quando a \u00e1rvore teria ca\u00eddo. \u201cMoro no casar\u00e3o h\u00e1 quase 20 anos. A \u00e1rvore fica ao lado do meu barraco. Logo pela manh\u00e3, ligamos para a CPFL, mas n\u00e3o veio ningu\u00e9m\u201d, lamentou.<\/p>\n<figure id=\"attachment_370447\" aria-describedby=\"caption-attachment-370447\" style=\"width: 1000px\" class=\"wp-caption alignnone\"><noscript><img data-recalc-dims=\"1\" loading=\"lazy\" decoding=\"async\" class=\"size-full wp-image-370447\" src=\"https:\/\/i0.wp.com\/www.tribunaribeirao.com.br\/site\/wp-content\/uploads\/2024\/01\/00-15-jan-2024-arvore-caida-02-foto-max-gallao-mesquita-scaled.jpg?resize=1000%2C638&#038;ssl=1\" alt=\"\" width=\"1000\" height=\"638\" srcset=\"https:\/\/www.tribunaribeirao.com.br\/site\/wp-content\/uploads\/2024\/01\/00-15-jan-2024-arvore-caida-02-foto-max-gallao-mesquita-scaled.jpg 1000w, https:\/\/www.tribunaribeirao.com.br\/site\/wp-content\/uploads\/2024\/01\/00-15-jan-2024-arvore-caida-02-foto-max-gallao-mesquita-300x191.jpg 300w, https:\/\/www.tribunaribeirao.com.br\/site\/wp-content\/uploads\/2024\/01\/00-15-jan-2024-arvore-caida-02-foto-max-gallao-mesquita-1024x653.jpg 1024w, https:\/\/www.tribunaribeirao.com.br\/site\/wp-content\/uploads\/2024\/01\/00-15-jan-2024-arvore-caida-02-foto-max-gallao-mesquita-768x490.jpg 768w, https:\/\/www.tribunaribeirao.com.br\/site\/wp-content\/uploads\/2024\/01\/00-15-jan-2024-arvore-caida-02-foto-max-gallao-mesquita-1536x979.jpg 1536w, https:\/\/www.tribunaribeirao.com.br\/site\/wp-content\/uploads\/2024\/01\/00-15-jan-2024-arvore-caida-02-foto-max-gallao-mesquita-960x612.jpg 960w, https:\/\/www.tribunaribeirao.com.br\/site\/wp-content\/uploads\/2024\/01\/00-15-jan-2024-arvore-caida-02-foto-max-gallao-mesquita-627x400.jpg 627w, https:\/\/www.tribunaribeirao.com.br\/site\/wp-content\/uploads\/2024\/01\/00-15-jan-2024-arvore-caida-02-foto-max-gallao-mesquita-585x373.jpg 585w\" sizes=\"auto, (max-width: 1000px) 100vw, 1000px\"\/><\/noscript><figcaption id=\"caption-attachment-370447\" class=\"wp-caption-text\">Raimundo Alberto diz ter acionado a CPFL logo pela manh\u00e3, mas concession\u00e1ria de energia informou n\u00e3o ter recebido notifica\u00e7\u00e3o (Foto: Max Gall\u00e3o Mesquita)<\/figcaption><\/figure>\n<p>A \u00e1rvore caiu, mas ficou presa pela fia\u00e7\u00e3o el\u00e9trica em frente ao casar\u00e3o. O risco de acidente \u00e9 grande, caso a fia\u00e7\u00e3o seja rompida pelo peso da \u00e1rvore. Al\u00e9m de muitos pedestres, o local tamb\u00e9m \u00e9 passagem de ve\u00edculos e v\u00e1rias linhas de \u00f4nibus com destino ao Centro.<\/p>\n<p>A CPFL Paulista se manifestou atrav\u00e9s de nota enviada \u00e0 reda\u00e7\u00e3o: \u201cA CPFL Paulista informa que n\u00e3o h\u00e1 registro do caso mencionado. No entanto, equipes da companhia ser\u00e3o encaminhadas, em car\u00e1ter emergencial, para atuar nos reparos necess\u00e1rios. N\u00e3o h\u00e1 falta de energia para clientes da regi\u00e3o. A empresa destaca que, durante temporais ou sempre que h\u00e1 ventos fortes, \u00e1rvores de grande porte pr\u00f3ximas \u00e0 rede el\u00e9trica podem provocar interfer\u00eancias no fornecimento de energia, trazendo riscos \u00e0 popula\u00e7\u00e3o e podendo interromper servi\u00e7os essenciais como fornecimento de \u00e1gua e hospitais.\u201d<\/p>\n<\/div>\n<footer class=\"penci-entry-footer\"\/><\/div>\n<p><script async src=\"\/\/platform.twitter.com\/widgets.js\" charset=\"utf-8\"><\/script><br \/>\n<br \/><br \/>\n<br \/><a href=\"https:\/\/www.tribunaribeirao.com.br\/site\/arvore-de-casarao-do-centro-cai-em-fiacao\/\">Source link <\/a><\/p>\n<div class='code-block code-block-4' style='margin: 8px auto 8px 0; text-align: left; display: block; clear: both;'>\n\ud83d\udce2 Aviso Legal\n\nO site ismaelcolosi.com.br atua apenas como um canal de divulga\u00e7\u00e3o de oportunidades de emprego e n\u00e3o se responsabiliza pelo processo seletivo, contrata\u00e7\u00e3o ou qualquer outra etapa relacionada \u00e0s vagas publicadas. Todas as informa\u00e7\u00f5es s\u00e3o de responsabilidade dos anunciantes.\n\n\u26a0\ufe0f Aten\u00e7\u00e3o! Nunca pague por promessas de emprego nem compre cursos que garantam contrata\u00e7\u00e3o. Desconfie de qualquer cobran\u00e7a para participar de sele\u00e7\u00f5es.\n\n\n\n<\/div>\n<!-- CONTENT END 1 -->\n","protected":false},"excerpt":{"rendered":"<p>Local \u00e9 habitado por pessoas em situa\u00e7\u00e3o de rua que dizem ter acionado CPFL 15 de janeiro de 2024 | 16:52 0 Por: Adalberto Luque&#8230;<\/p>\n","protected":false},"author":1,"featured_media":28366,"comment_status":"open","ping_status":"open","sticky":false,"template":"","format":"standard","meta":{"_uag_custom_page_level_css":"","advanced_seo_description":"","jetpack_seo_html_title":"","jetpack_seo_noindex":false,"jetpack_post_was_ever_published":false,"_jetpack_newsletter_access":"","_jetpack_dont_email_post_to_subs":false,"_jetpack_newsletter_tier_id":0,"_jetpack_memberships_contains_paywalled_content":false,"_jetpack_memberships_contains_paid_content":false,"footnotes":"","jetpack_publicize_message":"","jetpack_publicize_feature_enabled":true,"jetpack_social_post_already_shared":true,"jetpack_social_options":{"image_generator_settings":{"template":"highway","default_image_id":0,"font":"","enabled":false},"version":2}},"categories":[11],"tags":[1930,634,3553,418,2276],"class_list":["post-28365","post","type-post","status-publish","format-standard","has-post-thumbnail","hentry","category-noticias-de-ribeirao-preto-sp-e-regiao-ismael-colosi","tag-arvore","tag-cai","tag-casarao","tag-centro","tag-fiacao"],"jetpack_publicize_connections":[],"jetpack_featured_media_url":"https:\/\/i0.wp.com\/ismaelcolosi.com.br\/wp-content\/uploads\/2024\/01\/00-15-jan-2024-arvore-caida-01-foto-max-gallao-mesquita-scaled.jpg?fit=944%2C645&ssl=1","uagb_featured_image_src":{"full":["https:\/\/i0.wp.com\/ismaelcolosi.com.br\/wp-content\/uploads\/2024\/01\/00-15-jan-2024-arvore-caida-01-foto-max-gallao-mesquita-scaled.jpg?fit=944%2C645&ssl=1",944,645,false],"thumbnail":["https:\/\/i0.wp.com\/ismaelcolosi.com.br\/wp-content\/uploads\/2024\/01\/00-15-jan-2024-arvore-caida-01-foto-max-gallao-mesquita-scaled.jpg?resize=150%2C150&ssl=1",150,150,true],"medium":["https:\/\/i0.wp.com\/ismaelcolosi.com.br\/wp-content\/uploads\/2024\/01\/00-15-jan-2024-arvore-caida-01-foto-max-gallao-mesquita-scaled.jpg?fit=300%2C205&ssl=1",300,205,true],"medium_large":["https:\/\/i0.wp.com\/ismaelcolosi.com.br\/wp-content\/uploads\/2024\/01\/00-15-jan-2024-arvore-caida-01-foto-max-gallao-mesquita-scaled.jpg?fit=768%2C525&ssl=1",768,525,true],"large":["https:\/\/i0.wp.com\/ismaelcolosi.com.br\/wp-content\/uploads\/2024\/01\/00-15-jan-2024-arvore-caida-01-foto-max-gallao-mesquita-scaled.jpg?fit=944%2C645&ssl=1",944,645,true],"1536x1536":["https:\/\/i0.wp.com\/ismaelcolosi.com.br\/wp-content\/uploads\/2024\/01\/00-15-jan-2024-arvore-caida-01-foto-max-gallao-mesquita-scaled.jpg?fit=944%2C645&ssl=1",944,645,true],"2048x2048":["https:\/\/i0.wp.com\/ismaelcolosi.com.br\/wp-content\/uploads\/2024\/01\/00-15-jan-2024-arvore-caida-01-foto-max-gallao-mesquita-scaled.jpg?fit=944%2C645&ssl=1",944,645,true],"really-simple-thumb":["https:\/\/i0.wp.com\/ismaelcolosi.com.br\/wp-content\/uploads\/2024\/01\/00-15-jan-2024-arvore-caida-01-foto-max-gallao-mesquita-scaled.jpg?resize=370%2C247&ssl=1",370,247,true]},"uagb_author_info":{"display_name":"ismaelcolosi.com.br","author_link":"https:\/\/ismaelcolosi.com.br\/index.php\/author\/vidareal-online\/"},"uagb_comment_info":0,"uagb_excerpt":"Local \u00e9 habitado por pessoas em situa\u00e7\u00e3o de rua que dizem ter acionado CPFL 15 de janeiro de 2024 | 16:52 0 Por: Adalberto Luque...","jetpack-related-posts":[{"id":70669,"url":"https:\/\/ismaelcolosi.com.br\/index.php\/2024\/10\/11\/temporal-provoca-quedas-de-arvores-e-interdicoes-em-ribeirao-preto\/","url_meta":{"origin":28365,"position":0},"title":"Temporal provoca quedas de \u00e1rvores e interdi\u00e7\u00f5es em Ribeir\u00e3o Preto","author":"ismaelcolosi.com.br","date":"11 de October de 2024","format":false,"excerpt":"O temporal que atingiu Ribeir\u00e3o Preto, na tarde desta sexta-feira (11), n\u00e3o durou muito tempo, mas foi o suficiente para causas danos e interdi\u00e7\u00f5es em alguns pontos da cidade. Na avenida Pio XII, zona Oeste da cidade, uma \u00e1rvore caiu e derrubou o muro da CEMEI Eduardo Romualdo de Souza.\u2026","rel":"","context":"In &quot;Not\u00edcias de Ribeir\u00e3o Preto-SP e Regi\u00e3o&quot;","block_context":{"text":"Not\u00edcias de Ribeir\u00e3o Preto-SP e Regi\u00e3o","link":"https:\/\/ismaelcolosi.com.br\/index.php\/category\/noticias-de-ribeirao-preto-sp-e-regiao-ismael-colosi\/"},"img":{"alt_text":"","src":"https:\/\/i0.wp.com\/ismaelcolosi.com.br\/wp-content\/uploads\/2024\/10\/Copia-de-Copia-de-Copia-de-TAMANHO-EXATO-PARA-FOTOS-NO-SISTEMA-NOVO-15_2024-10-11_21-01-48_png_2024-10-11_21-01-48.webp.webp?fit=1200%2C675&ssl=1&resize=350%2C200","width":350,"height":200,"srcset":"https:\/\/i0.wp.com\/ismaelcolosi.com.br\/wp-content\/uploads\/2024\/10\/Copia-de-Copia-de-Copia-de-TAMANHO-EXATO-PARA-FOTOS-NO-SISTEMA-NOVO-15_2024-10-11_21-01-48_png_2024-10-11_21-01-48.webp.webp?fit=1200%2C675&ssl=1&resize=350%2C200 1x, https:\/\/i0.wp.com\/ismaelcolosi.com.br\/wp-content\/uploads\/2024\/10\/Copia-de-Copia-de-Copia-de-TAMANHO-EXATO-PARA-FOTOS-NO-SISTEMA-NOVO-15_2024-10-11_21-01-48_png_2024-10-11_21-01-48.webp.webp?fit=1200%2C675&ssl=1&resize=525%2C300 1.5x, https:\/\/i0.wp.com\/ismaelcolosi.com.br\/wp-content\/uploads\/2024\/10\/Copia-de-Copia-de-Copia-de-TAMANHO-EXATO-PARA-FOTOS-NO-SISTEMA-NOVO-15_2024-10-11_21-01-48_png_2024-10-11_21-01-48.webp.webp?fit=1200%2C675&ssl=1&resize=700%2C400 2x, https:\/\/i0.wp.com\/ismaelcolosi.com.br\/wp-content\/uploads\/2024\/10\/Copia-de-Copia-de-Copia-de-TAMANHO-EXATO-PARA-FOTOS-NO-SISTEMA-NOVO-15_2024-10-11_21-01-48_png_2024-10-11_21-01-48.webp.webp?fit=1200%2C675&ssl=1&resize=1050%2C600 3x"},"classes":[]},{"id":802,"url":"https:\/\/ismaelcolosi.com.br\/index.php\/2023\/11\/09\/fiacao-segura-arvore-no-sumarezinho\/","url_meta":{"origin":28365,"position":1},"title":"Fia\u00e7\u00e3o segura \u00e1rvore no Sumarezinho","author":"ismaelcolosi.com.br","date":"9 de November de 2023","format":false,"excerpt":"9 de novembro de 2023 | 10:26 0A reda\u00e7\u00e3o do jornal Tribuna recebeu nesta manh\u00e3 de quinta-feira (8) uma informa\u00e7\u00e3o de que os fios da rede el\u00e9trica est\u00e3o segurando uma \u00e1rvore para ela n\u00e3o cair.O fato acontece na pra\u00e7a entre a rua Paranapanema e Rond\u00f4nia, na Adalberto Pajuaba e n\u00e3o\u2026","rel":"","context":"In &quot;Not\u00edcias de Ribeir\u00e3o Preto-SP e Regi\u00e3o&quot;","block_context":{"text":"Not\u00edcias de Ribeir\u00e3o Preto-SP e Regi\u00e3o","link":"https:\/\/ismaelcolosi.com.br\/index.php\/category\/noticias-de-ribeirao-preto-sp-e-regiao-ismael-colosi\/"},"img":{"alt_text":"","src":"https:\/\/i0.wp.com\/ismaelcolosi.com.br\/wp-content\/uploads\/2023\/11\/arvore-scaled.jpg?fit=1000%2C461&ssl=1&resize=350%2C200","width":350,"height":200,"srcset":"https:\/\/i0.wp.com\/ismaelcolosi.com.br\/wp-content\/uploads\/2023\/11\/arvore-scaled.jpg?fit=1000%2C461&ssl=1&resize=350%2C200 1x, https:\/\/i0.wp.com\/ismaelcolosi.com.br\/wp-content\/uploads\/2023\/11\/arvore-scaled.jpg?fit=1000%2C461&ssl=1&resize=525%2C300 1.5x, https:\/\/i0.wp.com\/ismaelcolosi.com.br\/wp-content\/uploads\/2023\/11\/arvore-scaled.jpg?fit=1000%2C461&ssl=1&resize=700%2C400 2x"},"classes":[]},{"id":78079,"url":"https:\/\/ismaelcolosi.com.br\/index.php\/2024\/12\/02\/galho-cai-de-arvore-e-atinge-carro-em-movimento-no-centro-de-ribeirao-preto\/","url_meta":{"origin":28365,"position":2},"title":"Galho cai de \u00e1rvore e atinge carro em movimento no Centro de Ribeir\u00e3o Preto","author":"ismaelcolosi.com.br","date":"2 de December de 2024","format":false,"excerpt":"Um galho caiu de uma \u00e1rvore de grande porte na noite deste domingo (1) e atingiu um carro em movimento na rua Flor\u00eancio de Abreu, ao lado da Pra\u00e7a Sete de\u00a0Setembro, no Centro de Ribeir\u00e3o Preto. O estudante universit\u00e1rio Arthur Lima disse que seguia com outra pessoa no ve\u00edculo e,\u2026","rel":"","context":"In &quot;Not\u00edcias de Ribeir\u00e3o Preto-SP e Regi\u00e3o&quot;","block_context":{"text":"Not\u00edcias de Ribeir\u00e3o Preto-SP e Regi\u00e3o","link":"https:\/\/ismaelcolosi.com.br\/index.php\/category\/noticias-de-ribeirao-preto-sp-e-regiao-ismael-colosi\/"},"img":{"alt_text":"","src":"https:\/\/i0.wp.com\/ismaelcolosi.com.br\/wp-content\/uploads\/2024\/12\/WhatsApp-Image-2024-12-02-at-08.49.26_2024-12-02_11-50-34_jpeg_2024-12-02_11-50-34.webp.webp?fit=1200%2C886&ssl=1&resize=350%2C200","width":350,"height":200,"srcset":"https:\/\/i0.wp.com\/ismaelcolosi.com.br\/wp-content\/uploads\/2024\/12\/WhatsApp-Image-2024-12-02-at-08.49.26_2024-12-02_11-50-34_jpeg_2024-12-02_11-50-34.webp.webp?fit=1200%2C886&ssl=1&resize=350%2C200 1x, https:\/\/i0.wp.com\/ismaelcolosi.com.br\/wp-content\/uploads\/2024\/12\/WhatsApp-Image-2024-12-02-at-08.49.26_2024-12-02_11-50-34_jpeg_2024-12-02_11-50-34.webp.webp?fit=1200%2C886&ssl=1&resize=525%2C300 1.5x, https:\/\/i0.wp.com\/ismaelcolosi.com.br\/wp-content\/uploads\/2024\/12\/WhatsApp-Image-2024-12-02-at-08.49.26_2024-12-02_11-50-34_jpeg_2024-12-02_11-50-34.webp.webp?fit=1200%2C886&ssl=1&resize=700%2C400 2x, https:\/\/i0.wp.com\/ismaelcolosi.com.br\/wp-content\/uploads\/2024\/12\/WhatsApp-Image-2024-12-02-at-08.49.26_2024-12-02_11-50-34_jpeg_2024-12-02_11-50-34.webp.webp?fit=1200%2C886&ssl=1&resize=1050%2C600 3x"},"classes":[]},{"id":71199,"url":"https:\/\/ismaelcolosi.com.br\/index.php\/2024\/10\/15\/arvore-de-grande-porte-cai-sobre-carro-em-movimento-em-avenida-de-ribeirao\/","url_meta":{"origin":28365,"position":3},"title":"\u00c1rvore de grande porte cai sobre carro em movimento em avenida de Ribeir\u00e3o","author":"ismaelcolosi.com.br","date":"15 de October de 2024","format":false,"excerpt":"Uma \u00e1rvore de grande porte caiu no in\u00edcio da noite desta segunda-feira (14) e atingiu um carro em movimento, na avenida Cost\u00e1bile Romano, em frente ao Parque Curupira, na zona Leste de Ribeir\u00e3o Preto. Apesar do susto e dos estragos, n\u00e3o houve feridos. O representante comercial Roberto Carlos de Castro,\u2026","rel":"","context":"In &quot;Not\u00edcias de Ribeir\u00e3o Preto-SP e Regi\u00e3o&quot;","block_context":{"text":"Not\u00edcias de Ribeir\u00e3o Preto-SP e Regi\u00e3o","link":"https:\/\/ismaelcolosi.com.br\/index.php\/category\/noticias-de-ribeirao-preto-sp-e-regiao-ismael-colosi\/"},"img":{"alt_text":"","src":"https:\/\/i0.wp.com\/ismaelcolosi.com.br\/wp-content\/uploads\/2024\/10\/WhatsApp-Image-2024-10-15-at-09.29.42_2024-10-15_14-35-49_jpeg_2024-10-15_14-35-49.webp.webp?fit=1200%2C900&ssl=1&resize=350%2C200","width":350,"height":200,"srcset":"https:\/\/i0.wp.com\/ismaelcolosi.com.br\/wp-content\/uploads\/2024\/10\/WhatsApp-Image-2024-10-15-at-09.29.42_2024-10-15_14-35-49_jpeg_2024-10-15_14-35-49.webp.webp?fit=1200%2C900&ssl=1&resize=350%2C200 1x, https:\/\/i0.wp.com\/ismaelcolosi.com.br\/wp-content\/uploads\/2024\/10\/WhatsApp-Image-2024-10-15-at-09.29.42_2024-10-15_14-35-49_jpeg_2024-10-15_14-35-49.webp.webp?fit=1200%2C900&ssl=1&resize=525%2C300 1.5x, https:\/\/i0.wp.com\/ismaelcolosi.com.br\/wp-content\/uploads\/2024\/10\/WhatsApp-Image-2024-10-15-at-09.29.42_2024-10-15_14-35-49_jpeg_2024-10-15_14-35-49.webp.webp?fit=1200%2C900&ssl=1&resize=700%2C400 2x, https:\/\/i0.wp.com\/ismaelcolosi.com.br\/wp-content\/uploads\/2024\/10\/WhatsApp-Image-2024-10-15-at-09.29.42_2024-10-15_14-35-49_jpeg_2024-10-15_14-35-49.webp.webp?fit=1200%2C900&ssl=1&resize=1050%2C600 3x"},"classes":[]},{"id":78962,"url":"https:\/\/ismaelcolosi.com.br\/index.php\/2024\/12\/11\/arvore-cai-e-atinge-motociclista-em-avenida-de-ribeirao-preto\/","url_meta":{"origin":28365,"position":4},"title":"\u00c1rvore cai e atinge motociclista em avenida de Ribeir\u00e3o Preto","author":"ismaelcolosi.com.br","date":"11 de December de 2024","format":false,"excerpt":"Uma \u00e1rvore caiu sobre uma motociclista durante chuva forte na noite desta ter\u00e7a-feira (10), na avenida Alfredo Ravaneli, no Jardim Helena, zona Leste de Ribeir\u00e3o Preto. Seguno informa\u00e7\u00f5es, a v\u00edtima foi socorrida por uma equipe do Samu e encaminhada a um hospital particular. Ela teria sofrido escoria\u00e7\u00f5es pelo corpo, mas\u2026","rel":"","context":"In &quot;Not\u00edcias de Ribeir\u00e3o Preto-SP e Regi\u00e3o&quot;","block_context":{"text":"Not\u00edcias de Ribeir\u00e3o Preto-SP e Regi\u00e3o","link":"https:\/\/ismaelcolosi.com.br\/index.php\/category\/noticias-de-ribeirao-preto-sp-e-regiao-ismael-colosi\/"},"img":{"alt_text":"","src":"https:\/\/i0.wp.com\/ismaelcolosi.com.br\/wp-content\/uploads\/2024\/12\/ARVORE_2024-12-11_10-36-27_jpg_2024-12-11_10-36-28.webp.webp?fit=1200%2C766&ssl=1&resize=350%2C200","width":350,"height":200,"srcset":"https:\/\/i0.wp.com\/ismaelcolosi.com.br\/wp-content\/uploads\/2024\/12\/ARVORE_2024-12-11_10-36-27_jpg_2024-12-11_10-36-28.webp.webp?fit=1200%2C766&ssl=1&resize=350%2C200 1x, https:\/\/i0.wp.com\/ismaelcolosi.com.br\/wp-content\/uploads\/2024\/12\/ARVORE_2024-12-11_10-36-27_jpg_2024-12-11_10-36-28.webp.webp?fit=1200%2C766&ssl=1&resize=525%2C300 1.5x, https:\/\/i0.wp.com\/ismaelcolosi.com.br\/wp-content\/uploads\/2024\/12\/ARVORE_2024-12-11_10-36-27_jpg_2024-12-11_10-36-28.webp.webp?fit=1200%2C766&ssl=1&resize=700%2C400 2x, https:\/\/i0.wp.com\/ismaelcolosi.com.br\/wp-content\/uploads\/2024\/12\/ARVORE_2024-12-11_10-36-27_jpg_2024-12-11_10-36-28.webp.webp?fit=1200%2C766&ssl=1&resize=1050%2C600 3x"},"classes":[]},{"id":78413,"url":"https:\/\/ismaelcolosi.com.br\/index.php\/2024\/12\/05\/arvore-de-grande-porte-cai-e-interdita-pista-da-maurilio-biagi-em-ribeirao-video\/","url_meta":{"origin":28365,"position":5},"title":"\u00c1rvore de grande porte cai e interdita pista da Maur\u00edlio Biagi em Ribeir\u00e3o; V\u00eddeo","author":"ismaelcolosi.com.br","date":"5 de December de 2024","format":false,"excerpt":"Uma \u00e1rvore de grande porte caiu sobre a avenida Maur\u00edlio Biagi e interdita a pista sentido bairro-Centro na manh\u00e3 desta quinta-feira (5), em Ribeir\u00e3o Preto. Assista ao v\u00eddeo abaixo. O bloqueio ao tr\u00e2nsito ocorre na altura da liga\u00e7\u00e3o com ruas Chile e Jos\u00e9 Ov\u00eddio de Faria. O motorista tem a\u2026","rel":"","context":"In &quot;Not\u00edcias de Ribeir\u00e3o Preto-SP e Regi\u00e3o&quot;","block_context":{"text":"Not\u00edcias de Ribeir\u00e3o Preto-SP e Regi\u00e3o","link":"https:\/\/ismaelcolosi.com.br\/index.php\/category\/noticias-de-ribeirao-preto-sp-e-regiao-ismael-colosi\/"},"img":{"alt_text":"","src":"https:\/\/i0.wp.com\/ismaelcolosi.com.br\/wp-content\/uploads\/2024\/12\/QUEDA-ARVORE-1_2024-12-05_10-54-22_jpg_2024-12-05_10-54-22.webp.webp?fit=1200%2C685&ssl=1&resize=350%2C200","width":350,"height":200,"srcset":"https:\/\/i0.wp.com\/ismaelcolosi.com.br\/wp-content\/uploads\/2024\/12\/QUEDA-ARVORE-1_2024-12-05_10-54-22_jpg_2024-12-05_10-54-22.webp.webp?fit=1200%2C685&ssl=1&resize=350%2C200 1x, https:\/\/i0.wp.com\/ismaelcolosi.com.br\/wp-content\/uploads\/2024\/12\/QUEDA-ARVORE-1_2024-12-05_10-54-22_jpg_2024-12-05_10-54-22.webp.webp?fit=1200%2C685&ssl=1&resize=525%2C300 1.5x, https:\/\/i0.wp.com\/ismaelcolosi.com.br\/wp-content\/uploads\/2024\/12\/QUEDA-ARVORE-1_2024-12-05_10-54-22_jpg_2024-12-05_10-54-22.webp.webp?fit=1200%2C685&ssl=1&resize=700%2C400 2x, https:\/\/i0.wp.com\/ismaelcolosi.com.br\/wp-content\/uploads\/2024\/12\/QUEDA-ARVORE-1_2024-12-05_10-54-22_jpg_2024-12-05_10-54-22.webp.webp?fit=1200%2C685&ssl=1&resize=1050%2C600 3x"},"classes":[]}],"jetpack_sharing_enabled":true,"jetpack_shortlink":"https:\/\/wp.me\/pfMlyK-7nv","_links":{"self":[{"href":"https:\/\/ismaelcolosi.com.br\/index.php\/wp-json\/wp\/v2\/posts\/28365","targetHints":{"allow":["GET"]}}],"collection":[{"href":"https:\/\/ismaelcolosi.com.br\/index.php\/wp-json\/wp\/v2\/posts"}],"about":[{"href":"https:\/\/ismaelcolosi.com.br\/index.php\/wp-json\/wp\/v2\/types\/post"}],"author":[{"embeddable":true,"href":"https:\/\/ismaelcolosi.com.br\/index.php\/wp-json\/wp\/v2\/users\/1"}],"replies":[{"embeddable":true,"href":"https:\/\/ismaelcolosi.com.br\/index.php\/wp-json\/wp\/v2\/comments?post=28365"}],"version-history":[{"count":0,"href":"https:\/\/ismaelcolosi.com.br\/index.php\/wp-json\/wp\/v2\/posts\/28365\/revisions"}],"wp:featuredmedia":[{"embeddable":true,"href":"https:\/\/ismaelcolosi.com.br\/index.php\/wp-json\/wp\/v2\/media\/28366"}],"wp:attachment":[{"href":"https:\/\/ismaelcolosi.com.br\/index.php\/wp-json\/wp\/v2\/media?parent=28365"}],"wp:term":[{"taxonomy":"category","embeddable":true,"href":"https:\/\/ismaelcolosi.com.br\/index.php\/wp-json\/wp\/v2\/categories?post=28365"},{"taxonomy":"post_tag","embeddable":true,"href":"https:\/\/ismaelcolosi.com.br\/index.php\/wp-json\/wp\/v2\/tags?post=28365"}],"curies":[{"name":"wp","href":"https:\/\/api.w.org\/{rel}","templated":true}]}}