{"id":28188,"date":"2024-01-15T07:50:44","date_gmt":"2024-01-15T10:50:44","guid":{"rendered":"https:\/\/ismaelcolosi.com.br\/index.php\/2024\/01\/15\/mais-de-800-porcoes-apreendidas-nas-zonas-leste-e-oeste-de-rp\/"},"modified":"2024-01-15T07:50:44","modified_gmt":"2024-01-15T10:50:44","slug":"mais-de-800-porcoes-apreendidas-nas-zonas-leste-e-oeste-de-rp","status":"publish","type":"post","link":"https:\/\/ismaelcolosi.com.br\/index.php\/2024\/01\/15\/mais-de-800-porcoes-apreendidas-nas-zonas-leste-e-oeste-de-rp\/","title":{"rendered":"Mais de 800 por\u00e7\u00f5es apreendidas nas zonas Leste e Oeste de RP"},"content":{"rendered":"<p> <br \/>\n<\/p>\n<div id=\"post-370375\">\n<header class=\"entry-header penci-entry-header penci-title-center\">\n<p> <span class=\"entry-meta-item penci-posted-on\"><i class=\"fa fa-clock-o\"\/><time class=\"entry-date published\" datetime=\"2024-01-15T07:16:55-03:00\">15 de janeiro de 2024 | 7:16<\/time><time class=\"updated\" datetime=\"2024-01-14T19:58:42-03:00\">14 de janeiro de 2024 | 19:58<\/time><\/span><\/p>\n<p> <span class=\"penci-social-buttons penci-social-share-footer\"><a href=\"#\" class=\"penci-post-like penci_post-meta_item  single-like-button penci-social-item like\" data-post_id=\"370375\" title=\"Like\" data-like=\"Like\" data-unlike=\"Unlike\"><i class=\"fa fa-thumbs-o-up\"\/><span class=\"penci-share-number\">1<\/span><\/a><i class=\"fa fa-facebook\"\/><a class=\"penci-social-item twitter\" target=\"_blank\" rel=\"noopener\" title=\"\" href=\"https:\/\/twitter.com\/intent\/tweet?text=Mais%20de%20800%20por\u00e7\u00f5es%20apreendidas%20nas%20zonas%20Leste%20e%20Oeste%20de%20RP%20-%20https:\/\/www.tribunaribeirao.com.br\/site\/mais-de-800-porcoes-apreendidas-nas-zonas-leste-e-oeste-de-rp\/\"><i class=\"fa fa-twitter\"\/><\/a><i class=\"fa fa-whatsapp\"\/><\/span><\/header>\n<div class=\"penci-entry-content entry-content\">\n<p>Por: Adalberto Luque<\/p><div class='code-block code-block-8' style='margin: 8px auto; text-align: center; display: block; clear: both;'>\n<script>\n  atOptions = {\n    'key' : '66e2e2111ca34da796271819fc334058',\n    'format' : 'iframe',\n    'height' : 250,\n    'width' : 300,\n    'params' : {}\n  };\n<\/script>\n<script src=\"https:\/\/www.highperformanceformat.com\/66e2e2111ca34da796271819fc334058\/invoke.js\"><\/script>\n<\/div>\n\n<p>Em duas a\u00e7\u00f5es distintas, agentes da Guarda Civil Metropolitana (GCM) apreenderam 800 por\u00e7\u00f5es de drogas. A primeira opera\u00e7\u00e3o foi registrada no s\u00e1bado (13), na Avenida dos Andradas, Parque Ribeir\u00e3o Preto, zona Oeste da cidade.<\/p>\n<p>Uma opera\u00e7\u00e3o conjunta entre equipes do Canil e Romu avistaram um homem parado com um pacote na m\u00e3o. Ao perceber a aproxima\u00e7\u00e3o das viaturas, ele jogou o pacote no canteiro central da avenida. Ao fazer a abordagem, havia R$ 122 em c\u00e9dulas e moedas de diversos valores nos bolsos do homem.<\/p>\n<p>Com aux\u00edlio do K-9 (c\u00e3o de faro) Fenrir, os guardas encontraram 69 c\u00e1psulas com coca\u00edna, cinco peda\u00e7os grandes de maconha e outras 59 por\u00e7\u00f5es tamb\u00e9m de maconha, no pacote arremessado pelo suspeito. As drogas foram apreendidas e entregues na Central de Pol\u00edcia Judici\u00e1ria (CPJ), no Centro de Ribeir\u00e3o Preto. O homem foi autuado em flagrante por tr\u00e1fico de drogas e encaminhado para uma unidade prisional.<\/p>\n<figure id=\"attachment_370376\" aria-describedby=\"caption-attachment-370376\" style=\"width: 761px\" class=\"wp-caption alignnone\"><noscript><img data-recalc-dims=\"1\" loading=\"lazy\" decoding=\"async\" class=\"size-full wp-image-370376\" src=\"https:\/\/i0.wp.com\/www.tribunaribeirao.com.br\/site\/wp-content\/uploads\/2024\/01\/00-15-jan-2024-droga-pq-s-sebastiao-foto-gcm.jpg?resize=761%2C645&#038;ssl=1\" alt=\"\" width=\"761\" height=\"645\" srcset=\"https:\/\/www.tribunaribeirao.com.br\/site\/wp-content\/uploads\/2024\/01\/00-15-jan-2024-droga-pq-s-sebastiao-foto-gcm.jpg 761w, https:\/\/www.tribunaribeirao.com.br\/site\/wp-content\/uploads\/2024\/01\/00-15-jan-2024-droga-pq-s-sebastiao-foto-gcm-300x254.jpg 300w, https:\/\/www.tribunaribeirao.com.br\/site\/wp-content\/uploads\/2024\/01\/00-15-jan-2024-droga-pq-s-sebastiao-foto-gcm-768x651.jpg 768w, https:\/\/www.tribunaribeirao.com.br\/site\/wp-content\/uploads\/2024\/01\/00-15-jan-2024-droga-pq-s-sebastiao-foto-gcm-472x400.jpg 472w, https:\/\/www.tribunaribeirao.com.br\/site\/wp-content\/uploads\/2024\/01\/00-15-jan-2024-droga-pq-s-sebastiao-foto-gcm-585x496.jpg 585w\" sizes=\"auto, (max-width: 761px) 100vw, 761px\"\/><\/noscript><figcaption id=\"caption-attachment-370376\" class=\"wp-caption-text\">Mais de 500 por\u00e7\u00f5es de drogas foram encontradas em terreno com mata na zona Leste (Foto: GCM\/Divulga\u00e7\u00e3o)<\/figcaption><\/figure>\n<p>Neste domingo (14), os GCMs faziam patrulhamento no Parque S\u00e3o Sebasti\u00e3o e receberam a den\u00fancia de que havia um terreno baldio na Rua Professora C\u00e2ndida Teixeira Golfeto, zona Leste da cidade, onde algumas pessoas teriam entrado no local horas antes.<\/p>\n<p>As equipes do Canil e Romu foram at\u00e9 o local. No terreno n\u00e3o havia ningu\u00e9m, mas com aux\u00edlio do K-9 Venon, foi feita uma varredura no meio da mata e localizaram uma sacola contendo 186 por\u00e7\u00f5es de maconha e 486 c\u00e1psulas com coca\u00edna. A droga foi apreendida e entregue na CPJ. Os dois casos s\u00e3o investigados pela Pol\u00edcia Civil.<\/p>\n<\/div>\n<footer class=\"penci-entry-footer\"\/><\/div>\n<p><script async src=\"\/\/platform.twitter.com\/widgets.js\" charset=\"utf-8\"><\/script><br \/>\n<br \/><br \/>\n<br \/><a href=\"https:\/\/www.tribunaribeirao.com.br\/site\/mais-de-800-porcoes-apreendidas-nas-zonas-leste-e-oeste-de-rp\/\">Source link <\/a><\/p>\n<div class='code-block code-block-4' style='margin: 8px auto 8px 0; text-align: left; display: block; clear: both;'>\n\ud83d\udce2 Aviso Legal\n\nO site ismaelcolosi.com.br atua apenas como um canal de divulga\u00e7\u00e3o de oportunidades de emprego e n\u00e3o se responsabiliza pelo processo seletivo, contrata\u00e7\u00e3o ou qualquer outra etapa relacionada \u00e0s vagas publicadas. Todas as informa\u00e7\u00f5es s\u00e3o de responsabilidade dos anunciantes.\n\n\u26a0\ufe0f Aten\u00e7\u00e3o! Nunca pague por promessas de emprego nem compre cursos que garantam contrata\u00e7\u00e3o. Desconfie de qualquer cobran\u00e7a para participar de sele\u00e7\u00f5es.\n\n\n\n<\/div>\n<!-- CONTENT END 1 -->\n","protected":false},"excerpt":{"rendered":"<p>15 de janeiro de 2024 | 7:1614 de janeiro de 2024 | 19:58 1 Por: Adalberto Luque Em duas a\u00e7\u00f5es distintas, agentes da Guarda Civil&#8230;<\/p>\n","protected":false},"author":1,"featured_media":28189,"comment_status":"open","ping_status":"open","sticky":false,"template":"","format":"standard","meta":{"_uag_custom_page_level_css":"","advanced_seo_description":"","jetpack_seo_html_title":"","jetpack_seo_noindex":false,"jetpack_post_was_ever_published":false,"_jetpack_newsletter_access":"","_jetpack_dont_email_post_to_subs":false,"_jetpack_newsletter_tier_id":0,"_jetpack_memberships_contains_paywalled_content":false,"_jetpack_memberships_contains_paid_content":false,"footnotes":"","jetpack_publicize_message":"","jetpack_publicize_feature_enabled":true,"jetpack_social_post_already_shared":true,"jetpack_social_options":{"image_generator_settings":{"template":"highway","default_image_id":0,"font":"","enabled":false},"version":2}},"categories":[11],"tags":[3527,1557,276,104,341,3526,3528],"class_list":["post-28188","post","type-post","status-publish","format-standard","has-post-thumbnail","hentry","category-noticias-de-ribeirao-preto-sp-e-regiao-ismael-colosi","tag-apreendidas","tag-leste","tag-mais","tag-nas","tag-oeste","tag-porcoes","tag-zonas"],"jetpack_publicize_connections":[],"jetpack_featured_media_url":"https:\/\/i0.wp.com\/ismaelcolosi.com.br\/wp-content\/uploads\/2024\/01\/00-15-jan-2024-droga-av-andradas-foto-gcm-scaled.jpg?fit=1000%2C529&ssl=1","uagb_featured_image_src":{"full":["https:\/\/i0.wp.com\/ismaelcolosi.com.br\/wp-content\/uploads\/2024\/01\/00-15-jan-2024-droga-av-andradas-foto-gcm-scaled.jpg?fit=1000%2C529&ssl=1",1000,529,false],"thumbnail":["https:\/\/i0.wp.com\/ismaelcolosi.com.br\/wp-content\/uploads\/2024\/01\/00-15-jan-2024-droga-av-andradas-foto-gcm-scaled.jpg?resize=150%2C150&ssl=1",150,150,true],"medium":["https:\/\/i0.wp.com\/ismaelcolosi.com.br\/wp-content\/uploads\/2024\/01\/00-15-jan-2024-droga-av-andradas-foto-gcm-scaled.jpg?fit=300%2C159&ssl=1",300,159,true],"medium_large":["https:\/\/i0.wp.com\/ismaelcolosi.com.br\/wp-content\/uploads\/2024\/01\/00-15-jan-2024-droga-av-andradas-foto-gcm-scaled.jpg?fit=768%2C406&ssl=1",768,406,true],"large":["https:\/\/i0.wp.com\/ismaelcolosi.com.br\/wp-content\/uploads\/2024\/01\/00-15-jan-2024-droga-av-andradas-foto-gcm-scaled.jpg?fit=1000%2C529&ssl=1",1000,529,true],"1536x1536":["https:\/\/i0.wp.com\/ismaelcolosi.com.br\/wp-content\/uploads\/2024\/01\/00-15-jan-2024-droga-av-andradas-foto-gcm-scaled.jpg?fit=1000%2C529&ssl=1",1000,529,true],"2048x2048":["https:\/\/i0.wp.com\/ismaelcolosi.com.br\/wp-content\/uploads\/2024\/01\/00-15-jan-2024-droga-av-andradas-foto-gcm-scaled.jpg?fit=1000%2C529&ssl=1",1000,529,true],"really-simple-thumb":["https:\/\/i0.wp.com\/ismaelcolosi.com.br\/wp-content\/uploads\/2024\/01\/00-15-jan-2024-droga-av-andradas-foto-gcm-scaled.jpg?resize=370%2C247&ssl=1",370,247,true]},"uagb_author_info":{"display_name":"ismaelcolosi.com.br","author_link":"https:\/\/ismaelcolosi.com.br\/index.php\/author\/vidareal-online\/"},"uagb_comment_info":0,"uagb_excerpt":"15 de janeiro de 2024 | 7:1614 de janeiro de 2024 | 19:58 1 Por: Adalberto Luque Em duas a\u00e7\u00f5es distintas, agentes da Guarda Civil...","jetpack-related-posts":[{"id":66705,"url":"https:\/\/ismaelcolosi.com.br\/index.php\/2024\/09\/18\/primavera-comeca-no-fim-de-semana-e-traz-chuva-para-sp-veja-previsao-para-nova-estacao\/","url_meta":{"origin":28188,"position":0},"title":"Primavera come\u00e7a no fim de semana e traz chuva para SP; Veja previs\u00e3o para nova esta\u00e7\u00e3o","author":"ismaelcolosi.com.br","date":"18 de September de 2024","format":false,"excerpt":"A primavera no Brasil come\u00e7a neste domingo (22), e a previs\u00e3o aponta para o aumento gradual da frequ\u00eancia de eventos de chuva em diversas \u00e1reas do Sudeste, como o estado de S\u00e3o Paulo, de acordo com os meteorologistas. Conforme a Climatempo, as pancadas de chuva \u00e0 tarde e \u00e0 noite\u2026","rel":"","context":"In &quot;Not\u00edcias de Ribeir\u00e3o Preto-SP e Regi\u00e3o&quot;","block_context":{"text":"Not\u00edcias de Ribeir\u00e3o Preto-SP e Regi\u00e3o","link":"https:\/\/ismaelcolosi.com.br\/index.php\/category\/noticias-de-ribeirao-preto-sp-e-regiao-ismael-colosi\/"},"img":{"alt_text":"","src":"https:\/\/i0.wp.com\/ismaelcolosi.com.br\/wp-content\/uploads\/2024\/09\/Copia-de-Copia-de-Copia-de-TAMANHO-EXATO-PARA-FOTOS-NO-SISTEMA-NOVO-56_2024-09-19_00-20-00_png_2024-09-19_00-20-00.webp.webp?fit=1200%2C675&ssl=1&resize=350%2C200","width":350,"height":200,"srcset":"https:\/\/i0.wp.com\/ismaelcolosi.com.br\/wp-content\/uploads\/2024\/09\/Copia-de-Copia-de-Copia-de-TAMANHO-EXATO-PARA-FOTOS-NO-SISTEMA-NOVO-56_2024-09-19_00-20-00_png_2024-09-19_00-20-00.webp.webp?fit=1200%2C675&ssl=1&resize=350%2C200 1x, https:\/\/i0.wp.com\/ismaelcolosi.com.br\/wp-content\/uploads\/2024\/09\/Copia-de-Copia-de-Copia-de-TAMANHO-EXATO-PARA-FOTOS-NO-SISTEMA-NOVO-56_2024-09-19_00-20-00_png_2024-09-19_00-20-00.webp.webp?fit=1200%2C675&ssl=1&resize=525%2C300 1.5x, https:\/\/i0.wp.com\/ismaelcolosi.com.br\/wp-content\/uploads\/2024\/09\/Copia-de-Copia-de-Copia-de-TAMANHO-EXATO-PARA-FOTOS-NO-SISTEMA-NOVO-56_2024-09-19_00-20-00_png_2024-09-19_00-20-00.webp.webp?fit=1200%2C675&ssl=1&resize=700%2C400 2x, https:\/\/i0.wp.com\/ismaelcolosi.com.br\/wp-content\/uploads\/2024\/09\/Copia-de-Copia-de-Copia-de-TAMANHO-EXATO-PARA-FOTOS-NO-SISTEMA-NOVO-56_2024-09-19_00-20-00_png_2024-09-19_00-20-00.webp.webp?fit=1200%2C675&ssl=1&resize=1050%2C600 3x"},"classes":[]},{"id":52729,"url":"https:\/\/ismaelcolosi.com.br\/index.php\/2024\/06\/10\/moradores-de-13-bairros-podem-ficar-sem-agua-em-ribeirao-preto-veja-quais-sao\/","url_meta":{"origin":28188,"position":1},"title":"Moradores de 13 bairros podem ficar sem \u00e1gua em Ribeir\u00e3o Preto; Veja quais s\u00e3o","author":"ismaelcolosi.com.br","date":"10 de June de 2024","format":false,"excerpt":"A Saerp (Secretaria de \u00c1gua e Esgoto de Ribeir\u00e3o Preto) alerta\u00a0para\u00a0poss\u00edvel falta d\u2019\u00e1gua nesta\u00a0segunda-feira (10) em 13 bairros na zonas Oeste e Leste. De acordo com a Pasta, equipes realizam dois reparos emergenciais em sistemas de abastecimento no Jardim Eugenio Mendes Lopes (Oeste) e na Lagoinha (Leste). Veja os bairros:\u2026","rel":"","context":"In &quot;Not\u00edcias de Ribeir\u00e3o Preto-SP e Regi\u00e3o&quot;","block_context":{"text":"Not\u00edcias de Ribeir\u00e3o Preto-SP e Regi\u00e3o","link":"https:\/\/ismaelcolosi.com.br\/index.php\/category\/noticias-de-ribeirao-preto-sp-e-regiao-ismael-colosi\/"},"img":{"alt_text":"","src":"https:\/\/i0.wp.com\/ismaelcolosi.com.br\/wp-content\/uploads\/2024\/06\/torneira_falta_1024x576_01122020133928.jpg?fit=1024%2C576&ssl=1&resize=350%2C200","width":350,"height":200,"srcset":"https:\/\/i0.wp.com\/ismaelcolosi.com.br\/wp-content\/uploads\/2024\/06\/torneira_falta_1024x576_01122020133928.jpg?fit=1024%2C576&ssl=1&resize=350%2C200 1x, https:\/\/i0.wp.com\/ismaelcolosi.com.br\/wp-content\/uploads\/2024\/06\/torneira_falta_1024x576_01122020133928.jpg?fit=1024%2C576&ssl=1&resize=525%2C300 1.5x, https:\/\/i0.wp.com\/ismaelcolosi.com.br\/wp-content\/uploads\/2024\/06\/torneira_falta_1024x576_01122020133928.jpg?fit=1024%2C576&ssl=1&resize=700%2C400 2x"},"classes":[]},{"id":31754,"url":"https:\/\/ismaelcolosi.com.br\/index.php\/2024\/01\/23\/homem-e-preso-com-muitas-porcoes-de-drogas-em-rp\/","url_meta":{"origin":28188,"position":2},"title":"Homem \u00e9 preso com muitas por\u00e7\u00f5es de drogas em RP","author":"ismaelcolosi.com.br","date":"23 de January de 2024","format":false,"excerpt":"Suspeito teria sido alertado por olheiros da chegada de viatura, mas acabou correndo ao encontro dos guardas civis metropolitanos 23 de janeiro de 2024 | 7:2122 de janeiro de 2024 | 17:24 1Por: Adalberto LuqueUm homem foi preso, na tarde desta segunda-feira (22), depois de ser apanhado com dezenas de\u2026","rel":"","context":"In &quot;Not\u00edcias de Ribeir\u00e3o Preto-SP e Regi\u00e3o&quot;","block_context":{"text":"Not\u00edcias de Ribeir\u00e3o Preto-SP e Regi\u00e3o","link":"https:\/\/ismaelcolosi.com.br\/index.php\/category\/noticias-de-ribeirao-preto-sp-e-regiao-ismael-colosi\/"},"img":{"alt_text":"","src":"https:\/\/i0.wp.com\/ismaelcolosi.com.br\/wp-content\/uploads\/2024\/01\/00-23-jan-2024-drogas-vila-guimar-foto-gcm-scaled.jpg?fit=559%2C645&ssl=1&resize=350%2C200","width":350,"height":200,"srcset":"https:\/\/i0.wp.com\/ismaelcolosi.com.br\/wp-content\/uploads\/2024\/01\/00-23-jan-2024-drogas-vila-guimar-foto-gcm-scaled.jpg?fit=559%2C645&ssl=1&resize=350%2C200 1x, https:\/\/i0.wp.com\/ismaelcolosi.com.br\/wp-content\/uploads\/2024\/01\/00-23-jan-2024-drogas-vila-guimar-foto-gcm-scaled.jpg?fit=559%2C645&ssl=1&resize=525%2C300 1.5x"},"classes":[]},{"id":12032,"url":"https:\/\/ismaelcolosi.com.br\/index.php\/2023\/12\/07\/traficante-deixa-a-droga-e-foge-ao-ver-gcm\/","url_meta":{"origin":28188,"position":3},"title":"Traficante deixa a droga e foge ao ver GCM","author":"ismaelcolosi.com.br","date":"7 de December de 2023","format":false,"excerpt":"Homem deixou mochila com mais de 1,5 mil por\u00e7\u00f5es de drogas 7 de dezembro de 2023 | 10:08 2Por: Adalberto LuqueA Guarda Civil Metropolitana apreendeu, na tarde desta quarta-feira (06) mais de 1,5 mil por\u00e7\u00f5es de drogas. O material estava com um homem que, ao notar a aproxima\u00e7\u00e3o da viatura,\u2026","rel":"","context":"In &quot;Not\u00edcias de Ribeir\u00e3o Preto-SP e Regi\u00e3o&quot;","block_context":{"text":"Not\u00edcias de Ribeir\u00e3o Preto-SP e Regi\u00e3o","link":"https:\/\/ismaelcolosi.com.br\/index.php\/category\/noticias-de-ribeirao-preto-sp-e-regiao-ismael-colosi\/"},"img":{"alt_text":"","src":"https:\/\/i0.wp.com\/ismaelcolosi.com.br\/wp-content\/uploads\/2023\/12\/00-07-dez-2023-apreensao-gcm-foto-max-gallao-mesquita-scaled.jpg?fit=911%2C645&ssl=1&resize=350%2C200","width":350,"height":200,"srcset":"https:\/\/i0.wp.com\/ismaelcolosi.com.br\/wp-content\/uploads\/2023\/12\/00-07-dez-2023-apreensao-gcm-foto-max-gallao-mesquita-scaled.jpg?fit=911%2C645&ssl=1&resize=350%2C200 1x, https:\/\/i0.wp.com\/ismaelcolosi.com.br\/wp-content\/uploads\/2023\/12\/00-07-dez-2023-apreensao-gcm-foto-max-gallao-mesquita-scaled.jpg?fit=911%2C645&ssl=1&resize=525%2C300 1.5x, https:\/\/i0.wp.com\/ismaelcolosi.com.br\/wp-content\/uploads\/2023\/12\/00-07-dez-2023-apreensao-gcm-foto-max-gallao-mesquita-scaled.jpg?fit=911%2C645&ssl=1&resize=700%2C400 2x"},"classes":[]},{"id":33601,"url":"https:\/\/ismaelcolosi.com.br\/index.php\/2024\/01\/30\/menor-e-apreendido-traficando-na-zona-oeste\/","url_meta":{"origin":28188,"position":4},"title":"Menor \u00e9 apreendido traficando na zona Oeste","author":"ismaelcolosi.com.br","date":"30 de January de 2024","format":false,"excerpt":"30 de janeiro de 2024 | 7:0929 de janeiro de 2024 | 17:14 1Por: Adalberto LuqueUm jovem de 17 anos foi apreendido, nesta segunda-feira (29). Ele teria sido flagrado traficando drogas nas ruas do Parque Ribeir\u00e3o Preto, zona Oeste da cidade. Durante opera\u00e7\u00e3o feita em local onde \u00e9 comum haver\u2026","rel":"","context":"In &quot;Not\u00edcias de Ribeir\u00e3o Preto-SP e Regi\u00e3o&quot;","block_context":{"text":"Not\u00edcias de Ribeir\u00e3o Preto-SP e Regi\u00e3o","link":"https:\/\/ismaelcolosi.com.br\/index.php\/category\/noticias-de-ribeirao-preto-sp-e-regiao-ismael-colosi\/"},"img":{"alt_text":"","src":"https:\/\/i0.wp.com\/ismaelcolosi.com.br\/wp-content\/uploads\/2024\/01\/00-30-jan-2024-menor-apreendido-foto-dise.jpg?fit=760%2C425&ssl=1&resize=350%2C200","width":350,"height":200,"srcset":"https:\/\/i0.wp.com\/ismaelcolosi.com.br\/wp-content\/uploads\/2024\/01\/00-30-jan-2024-menor-apreendido-foto-dise.jpg?fit=760%2C425&ssl=1&resize=350%2C200 1x, https:\/\/i0.wp.com\/ismaelcolosi.com.br\/wp-content\/uploads\/2024\/01\/00-30-jan-2024-menor-apreendido-foto-dise.jpg?fit=760%2C425&ssl=1&resize=525%2C300 1.5x, https:\/\/i0.wp.com\/ismaelcolosi.com.br\/wp-content\/uploads\/2024\/01\/00-30-jan-2024-menor-apreendido-foto-dise.jpg?fit=760%2C425&ssl=1&resize=700%2C400 2x"},"classes":[]},{"id":41149,"url":"https:\/\/ismaelcolosi.com.br\/index.php\/2024\/03\/06\/rei-das-porcoes-homem-e-preso-com-mil-porcoes-de-drogas\/","url_meta":{"origin":28188,"position":5},"title":"Rei das por\u00e7\u00f5es: homem \u00e9 preso com mil por\u00e7\u00f5es de drogas","author":"ismaelcolosi.com.br","date":"6 de March de 2024","format":false,"excerpt":"Pris\u00e3o ocorreu na zona Oeste e mais de 1 kg de entorpecentes foram apreendidos 6 de mar\u00e7o de 2024 | 16:37 0Por: Adalberto LuqueUm homem foi preso, na tarde desta ter\u00e7a-feira (05), com mais de mil por\u00e7\u00f5es de drogas. Ele foi detido na esquina da Avenida Arlindo Silva Pimenta com\u2026","rel":"","context":"In &quot;Not\u00edcias de Ribeir\u00e3o Preto-SP e Regi\u00e3o&quot;","block_context":{"text":"Not\u00edcias de Ribeir\u00e3o Preto-SP e Regi\u00e3o","link":"https:\/\/ismaelcolosi.com.br\/index.php\/category\/noticias-de-ribeirao-preto-sp-e-regiao-ismael-colosi\/"},"img":{"alt_text":"","src":"https:\/\/i0.wp.com\/ismaelcolosi.com.br\/wp-content\/uploads\/2024\/03\/00-06-mar-2024-drogas-dise-foto-divulgacao-scaled.jpg?fit=1000%2C634&ssl=1&resize=350%2C200","width":350,"height":200,"srcset":"https:\/\/i0.wp.com\/ismaelcolosi.com.br\/wp-content\/uploads\/2024\/03\/00-06-mar-2024-drogas-dise-foto-divulgacao-scaled.jpg?fit=1000%2C634&ssl=1&resize=350%2C200 1x, https:\/\/i0.wp.com\/ismaelcolosi.com.br\/wp-content\/uploads\/2024\/03\/00-06-mar-2024-drogas-dise-foto-divulgacao-scaled.jpg?fit=1000%2C634&ssl=1&resize=525%2C300 1.5x, https:\/\/i0.wp.com\/ismaelcolosi.com.br\/wp-content\/uploads\/2024\/03\/00-06-mar-2024-drogas-dise-foto-divulgacao-scaled.jpg?fit=1000%2C634&ssl=1&resize=700%2C400 2x"},"classes":[]}],"jetpack_sharing_enabled":true,"jetpack_shortlink":"https:\/\/wp.me\/pfMlyK-7kE","_links":{"self":[{"href":"https:\/\/ismaelcolosi.com.br\/index.php\/wp-json\/wp\/v2\/posts\/28188","targetHints":{"allow":["GET"]}}],"collection":[{"href":"https:\/\/ismaelcolosi.com.br\/index.php\/wp-json\/wp\/v2\/posts"}],"about":[{"href":"https:\/\/ismaelcolosi.com.br\/index.php\/wp-json\/wp\/v2\/types\/post"}],"author":[{"embeddable":true,"href":"https:\/\/ismaelcolosi.com.br\/index.php\/wp-json\/wp\/v2\/users\/1"}],"replies":[{"embeddable":true,"href":"https:\/\/ismaelcolosi.com.br\/index.php\/wp-json\/wp\/v2\/comments?post=28188"}],"version-history":[{"count":0,"href":"https:\/\/ismaelcolosi.com.br\/index.php\/wp-json\/wp\/v2\/posts\/28188\/revisions"}],"wp:featuredmedia":[{"embeddable":true,"href":"https:\/\/ismaelcolosi.com.br\/index.php\/wp-json\/wp\/v2\/media\/28189"}],"wp:attachment":[{"href":"https:\/\/ismaelcolosi.com.br\/index.php\/wp-json\/wp\/v2\/media?parent=28188"}],"wp:term":[{"taxonomy":"category","embeddable":true,"href":"https:\/\/ismaelcolosi.com.br\/index.php\/wp-json\/wp\/v2\/categories?post=28188"},{"taxonomy":"post_tag","embeddable":true,"href":"https:\/\/ismaelcolosi.com.br\/index.php\/wp-json\/wp\/v2\/tags?post=28188"}],"curies":[{"name":"wp","href":"https:\/\/api.w.org\/{rel}","templated":true}]}}