{"id":28078,"date":"2024-01-14T17:34:21","date_gmt":"2024-01-14T20:34:21","guid":{"rendered":"https:\/\/ismaelcolosi.com.br\/index.php\/2024\/01\/14\/veja-quais-sao-os-shows-confirmados-para-2024-em-ribeirao-preto\/"},"modified":"2024-01-14T17:34:21","modified_gmt":"2024-01-14T20:34:21","slug":"veja-quais-sao-os-shows-confirmados-para-2024-em-ribeirao-preto","status":"publish","type":"post","link":"https:\/\/ismaelcolosi.com.br\/index.php\/2024\/01\/14\/veja-quais-sao-os-shows-confirmados-para-2024-em-ribeirao-preto\/","title":{"rendered":"Veja quais s\u00e3o os shows nacionais e internacionais confirmados para 2024 em Ribeir\u00e3o Preto"},"content":{"rendered":"<p> <br \/>\n<\/p>\n<div>\n<p>O ano de 2024 come\u00e7ou a pouco tempo mas <strong>Ribeir\u00e3o Preto<\/strong> j\u00e1 possui diversos shows <strong>nacionais <\/strong>e <strong>internacionais <\/strong>confirmados para o primeiro semestre do ano. H\u00e1 op\u00e7\u00f5es para todos os estilos musicais, como <strong>rock<\/strong>, <strong>sertanejo<\/strong>, <strong>pop <\/strong>e <strong>tecnobrega<\/strong>.<\/p>\n<p>O<strong> portal acidade on<\/strong> preparou uma lista com as atra\u00e7\u00f5es confirmadas at\u00e9 o momento, para voc\u00ea se programar e n\u00e3o perder nenhum. <em>Confira<\/em>:<\/p><div class='code-block code-block-8' style='margin: 8px auto; text-align: center; display: block; clear: both;'>\n<script>\n  atOptions = {\n    'key' : '66e2e2111ca34da796271819fc334058',\n    'format' : 'iframe',\n    'height' : 250,\n    'width' : 300,\n    'params' : {}\n  };\n<\/script>\n<script src=\"https:\/\/www.highperformanceformat.com\/66e2e2111ca34da796271819fc334058\/invoke.js\"><\/script>\n<\/div>\n\n<h4 class=\"wp-block-heading\"><strong>Bloco Calif\u00f3rnia<\/strong><\/h4>\n<p>O carnaval est\u00e1 chegando e a 7\u00aa edi\u00e7\u00e3o do <strong>Bloco Calif\u00f3rnia<\/strong>, em Ribeir\u00e3o Preto, recebe o funk carioca de <strong>Tati Quebra Barraco<\/strong>, o ax\u00e9 da banda baiana <strong>Terra Samba<\/strong> e da cantora <strong>Carla Cristina<\/strong>, o samba e o pagode do <strong>Grupo Presen\u00e7a<\/strong>, os hits do<strong> DJ Blakes<\/strong>, al\u00e9m de baterias universit\u00e1rias e outros DJs.<\/p>\n<p>Quando: 3 de fevereiro<\/p>\n<p>Hor\u00e1rio: a partir das 15h<\/p>\n<p>Local: Est\u00e1dio Palma Travassos \u2013 avenida Dr. Pl\u00ednio de Castro Prado, 1000 \u2013 Jardim Paulista<\/p>\n<p>Ingressos: a partir de R$ 50 \u2013 <a href=\"https:\/\/blacktag.com.br\/eventos\/18199\/bloco-california-2024-geral\" target=\"_blank\" rel=\"noreferrer noopener\">clique aqui para adquirir<\/a><\/p>\n<h4 class=\"wp-block-heading\"><strong>J\u00e3o<\/strong><\/h4>\n<p>O cantor <strong>J\u00e3o <\/strong>vem a Ribeir\u00e3o Preto com a \u2018<strong>Superturn\u00ea<\/strong>\u2019, no dia 9 de mar\u00e7o, no <strong>Est\u00e1dio Palma Travassos<\/strong>, na zona Leste da cidade. Os ingressos ainda est\u00e3o dispon\u00edveis e podem ser adquiridos de forma on-line.<\/p>\n<p>Quando: 9 de mar\u00e7o<\/p>\n<p>Hor\u00e1rio: abertura dos port\u00f5es \u00e0s 18h<\/p>\n<p>Local: Est\u00e1dio Palma Travassos \u2013 avenida Dr. Pl\u00ednio de Castro Prado, 1000 \u2013 Jardim Paulista<\/p>\n<p>Ingressos: a partir de R$ 112,50 \u2013 <a href=\"https:\/\/www.eventim.com.br\/event\/jao-super-estadio-comercial-17452216\/?affiliate=JA0&amp;utm_source=search&amp;utm_medium=cpc&amp;utm_campaign=30e_search_jao-rib_conversao_google&amp;utm_term=rib-preto_keywords_x_x&amp;utm_content=jao-ribeirao_texto_vendas-abertas&amp;gclid=CjwKCAiAqY6tBhAtEiwAHeRopenQLRlVt8HSLjyJwUMQEH4ndBcF4yrB0vjzxF-cWGiJ6NaT9dIm5xoCFeEQAvD_BwE\" target=\"_blank\" rel=\"noreferrer noopener\">clique aqui para adquirir<\/a><\/p>\n<h4 class=\"wp-block-heading\"><strong>Joelma<\/strong><\/h4>\n<p>A cantora <strong>Joelma<\/strong>, conhecida como a rainha do <strong>Calypso<\/strong>, vai se apresentar no <strong>Quinta Linda Centro de Eventos<\/strong>, em Ribeir\u00e3o Preto, no dia 9 de mar\u00e7o de 2024. A artistas alcan\u00e7ou o sucesso nacional h\u00e1 20 anos quando integrava a <strong>Banda Calypso<\/strong>, ao lado do ex-marido Ximbinha. Atualmente, ela tem uma das m\u00fasicas mais tocadas no Brasil: Voando Pro Par\u00e1 (Tacac\u00e1).<\/p>\n<p>Quando: 9 de mar\u00e7o<\/p>\n<p>Hor\u00e1rio: \u00e0s 19h<\/p>\n<p>Local: Centro de Eventos Quinta Linda<\/p>\n<p>Ingressos: a partir de R$ 100 \u2013 <a href=\"https:\/\/www.guicheweb.com.br\/joelma-tour-isso-e-calypso_28288\" target=\"_blank\" rel=\"noreferrer noopener\">clique aqui para adquirir<\/a><\/p>\n<figure class=\"wp-block-image size-full is-resized\"><figcaption class=\"wp-element-caption\">Show da Joelma em Ribeir\u00e3o Preto \u00e9 em 9 de mar\u00e7o (Foto: Divulga\u00e7\u00e3o)<\/figcaption><\/figure>\n<h4 class=\"wp-block-heading\"><strong>Biquini<\/strong><\/h4>\n<p>A <strong>Banda Biquini<\/strong>, antiga <strong>Biquini Cavad\u00e3o<\/strong>, vai se apresentar em Ribeir\u00e3o Preto no dia 16 de mar\u00e7o, no <strong>Theatro Pedro II<\/strong>, no Centro. A banda surgiu em 1985 e precisou se adaptar para sobreviver a todas as mudan\u00e7as e ao mundo digital.<\/p>\n<p>Por isso mesmo, o grupo, formado por Bruno Gouveia, Carlos Coelho, Miguel Flores da Cunha e Alvaro Birita, lan\u00e7ou, no final de 2021, o \u00e1lbum Atrav\u00e9s dos Tempos, produzido durante a pandemia.<\/p>\n<p>Quando: 16 de mar\u00e7o<\/p>\n<p>Hor\u00e1rio: \u00e0s 20h<\/p>\n<p>Local: Theatro Pedro II \u2013 rua \u00c1lvares Cabral, 370, Centro<\/p>\n<p>Ingressos: a partir de R$ 100 \u2013<a href=\"https:\/\/www.alphatickets.com.br\/Detalhes.aspx?event=B0987828-CFE2-44A9-9A69-ABF06EC56DF9&amp;hostname=&amp;dt=20231215100903\" target=\"_blank\" rel=\"noreferrer noopener\"> clique aqui para adquirir<\/a><\/p>\n<h4 class=\"wp-block-heading\"><strong>Ney Matogrosso<\/strong><\/h4>\n<p>O cantor <strong>Ney Matogrosso<\/strong> se apresenta em Ribeir\u00e3o Preto, no dia 23 de mar\u00e7o, no <strong>Centro de Eventos do Ribeir\u00e3o Shopping<\/strong>, com o seu show \u201cBloco na Rua\u201d. Com mais de 50 anos de carreira, Ney foi um dos integrantes da banda <strong>Secos &amp; Molhados<\/strong>, um dos maiores grupos musicais da ind\u00fastria brasileira.<\/p>\n<p>Quando: 23 de mar\u00e7o<\/p>\n<p>Hor\u00e1rio: \u00e0s 21h<\/p>\n<p>Local: Centro de Eventos Ribeir\u00e3o Shopping \u2013 avenida Coronel Fernando Ferreira Leite, 1540, Jardim Calif\u00f3rnia<\/p>\n<p>Ingressos: indispon\u00edvel no momento<\/p>\n<h4 class=\"wp-block-heading\"><strong>Victor e Leo<\/strong><\/h4>\n<p>A dupla sertaneja <strong>Victor e L\u00e9o<\/strong> se apresenta, no dia 06 de abril, na <strong>Arena Nicnet Eurobike<\/strong>, em Ribeir\u00e3o Preto. A apresenta\u00e7\u00e3o faz parte de uma turn\u00ea que marca o <strong>retorno da dupla aos palcos<\/strong>. Em 2018, os irm\u00e3os anunciaram uma pausa na carreira, ap\u00f3s 26 anos de estrada. No ano passado, eles anunciaram uma nova turn\u00ea que passar\u00e1 por diversas cidades do Brasil.<\/p>\n<p>Quando: 06 de abril<\/p>\n<p>Hor\u00e1rio: abertura dos port\u00f5es \u00e0s 18h<\/p>\n<p>Local: Arena Nic Net Eurobike \u2013 avenida Cost\u00e1bile Romano, S\/N \u2013 Santa Cruz, Ribeir\u00e3o Preto<\/p>\n<p>Ingressos: a partir de R$ 50 \u2013<a href=\"https:\/\/www.guicheweb.com.br\/victor-e-leo-ribeirao-preto_28730\" target=\"_blank\" rel=\"noreferrer noopener\"> clique aqui para adquirir<\/a><\/p>\n<h4 class=\"wp-block-heading\"><strong>Bruce Dickinson<\/strong><\/h4>\n<p>O cantor<strong> Bruce Dickinson<\/strong>, do <strong>Iron Maiden<\/strong>, vai se apresentar em Ribeir\u00e3o Preto, no <strong>Quinta Linda Centro de Eventos<\/strong>, \u00e0s margens da rodovia Anhanguera, no dia 2 de maio. Essa \u00e9 a segunda passagem de Bruce Dickinson por Ribeir\u00e3o Preto. <mark style=\"background-color:#fcb900\" class=\"has-inline-color\">Em 2022, o cantor se apresentou na cidade junto com o Iron Maiden, no est\u00e1dio Santa Cruz\/Arena Eurobike.<\/mark><\/p>\n<p>Quando: 02 de maio<\/p>\n<p>Hor\u00e1rio: \u00e0s 18h<\/p>\n<p>Local: Centro de Eventos Quinta Linda <\/p>\n<p>Ingressos: a partir de R$ 300 \u2013 <a href=\"https:\/\/www.bilheteriadigital.com\/bruce-dickinson-brazil-tour-2024-ribeirao-preto-02-de-maio\" target=\"_blank\" rel=\"noreferrer noopener\">clique aqui para adquirir<\/a><\/p>\n<figure class=\"wp-block-image size-full is-resized\"><img data-recalc-dims=\"1\" decoding=\"async\" loading=\"lazy\" src=\"https:\/\/i0.wp.com\/www.acidadeon.com\/ribeiraopreto\/wp-content\/uploads\/sites\/3\/2023\/09\/BRUCE-DICKINSON.jpg?resize=526%2C397&#038;ssl=1\" alt=\"Cantor do Iron Maiden volta a Ribeir\u00e3o Preto\" class=\"wp-image-51966\" width=\"526\" height=\"397\"\/><figcaption class=\"wp-element-caption\">Bruce Dickinson, do Iron Maiden, se apresenta no dia 2 de maio em Ribeir\u00e3o Preto (Foto: Divulga\u00e7\u00e3o)<\/figcaption><\/figure>\n<h4 class=\"wp-block-heading\"><strong>The Calling<\/strong><\/h4>\n<p>A banda<strong> The Calling<\/strong>, formada nos Estados Unidos, vai se apresentar em Ribeir\u00e3o Preto no dia 23 de maio de 2024, no <strong>Theatro Pedro II<\/strong>, no Centro. O grupo, que atingiu o sucesso no in\u00edcio dos anos 2000, \u00e9 formado por Alex Band (vocal), Daniel Thomson (bateria) e Travis Loafman (guitarra solo).<\/p>\n<p>Quando: 23 de maio<\/p>\n<p>Hor\u00e1rio: \u00e0s 20h<\/p>\n<p>Local: Theatro Pedro II \u2013 rua \u00c1lvares Cabral, 370, Centro<\/p>\n<p>Ingressos: a partir de R$ 100 \u2013 <a href=\"https:\/\/www.alphatickets.com.br\/Detalhes.aspx?event=C30410FA-6DFD-44E5-94B6-253184D71FD2&amp;hostname=&amp;dt=20231215142534\" target=\"_blank\" rel=\"noreferrer noopener\">clique aqui para adquirir<\/a><\/p>\n<p><strong>Vale ressaltar que os valores dos ingressos de todos os shows est\u00e3o sujeitos a altera\u00e7\u00e3o de pre\u00e7o. <\/strong><\/p>\n<p>SAIBA MAIS<\/p>\n<p>Casa da Mem\u00f3ria Italiana tem programa\u00e7\u00e3o gratuita para as f\u00e9rias em Ribeir\u00e3o Preto<\/p>\n<h4 class=\"wp-block-heading\"><strong><mark style=\"background-color:#fcb900\" class=\"has-inline-color\">FIQUE ON<\/mark><\/strong><\/h4>\n<p>Fique ligado em tudo que acontece em Ribeir\u00e3o Preto e regi\u00e3o. Siga os perfis do<strong>\u00a0acidade on<\/strong>\u00a0no\u00a0<a href=\"https:\/\/www.instagram.com\/acidadeonribeirao\" target=\"_blank\" rel=\"noreferrer noopener\">Instagram<\/a>\u00a0e no<a href=\"https:\/\/www.facebook.com\/acidadeonribeirao\" target=\"_blank\" rel=\"noreferrer noopener\">\u00a0Facebook<\/a>.<\/p>\n<p>Receba not\u00edcias do\u00a0<strong>acidade on\u00a0<\/strong>no WhatsApp.<a href=\"https:\/\/chat.whatsapp.com\/Bnv2w66ZT4VDyZW3oiZ69n\" target=\"_blank\" rel=\"noreferrer noopener\">\u00a0Para entrar no grupo, basta clicar aqui.<\/a><\/p>\n<p>Fa\u00e7a uma den\u00fancia ou sugira uma reportagem sobre Ribeir\u00e3o Preto e regi\u00e3o pelo WhatsApp: 16 99117 7802.<\/p>\n<p>VEJA TAMB\u00c9M<\/p>\n<p>MC Daniel sai em defesa de Yasmin Brunet, ap\u00f3s falas de participantes do BBB 24<\/p>\n<p><!-- AI CONTENT END 1 -->\n<\/div>\n<p><script async src=\"\/\/www.instagram.com\/embed.js\"><\/script><br \/>\n<br \/><br \/>\n<br \/><a href=\"https:\/\/www.acidadeon.com\/ribeiraopreto\/lazer-e-cultura\/veja-quais-sao-os-shows-confirmados-para-2024-em-ribeirao-preto\/\">Source link <\/a><\/p>\n<div class='code-block code-block-4' style='margin: 8px auto 8px 0; text-align: left; display: block; clear: both;'>\n\ud83d\udce2 Aviso Legal\n\nO site ismaelcolosi.com.br atua apenas como um canal de divulga\u00e7\u00e3o de oportunidades de emprego e n\u00e3o se responsabiliza pelo processo seletivo, contrata\u00e7\u00e3o ou qualquer outra etapa relacionada \u00e0s vagas publicadas. Todas as informa\u00e7\u00f5es s\u00e3o de responsabilidade dos anunciantes.\n\n\u26a0\ufe0f Aten\u00e7\u00e3o! Nunca pague por promessas de emprego nem compre cursos que garantam contrata\u00e7\u00e3o. Desconfie de qualquer cobran\u00e7a para participar de sele\u00e7\u00f5es.\n\n\n\n<\/div>\n<!-- CONTENT END 1 -->\n","protected":false},"excerpt":{"rendered":"<p>O ano de 2024 come\u00e7ou a pouco tempo mas Ribeir\u00e3o Preto j\u00e1 possui diversos shows nacionais e internacionais confirmados para o primeiro semestre do ano&#8230;.<\/p>\n","protected":false},"author":1,"featured_media":28079,"comment_status":"open","ping_status":"open","sticky":false,"template":"","format":"standard","meta":{"_uag_custom_page_level_css":"","advanced_seo_description":"","jetpack_seo_html_title":"","jetpack_seo_noindex":false,"jetpack_post_was_ever_published":false,"_jetpack_newsletter_access":"","_jetpack_dont_email_post_to_subs":false,"_jetpack_newsletter_tier_id":0,"_jetpack_memberships_contains_paywalled_content":false,"_jetpack_memberships_contains_paid_content":false,"footnotes":"","jetpack_publicize_message":"","jetpack_publicize_feature_enabled":true,"jetpack_social_post_already_shared":true,"jetpack_social_options":{"image_generator_settings":{"template":"highway","default_image_id":0,"font":"","enabled":false},"version":2}},"categories":[11],"tags":[3512,3511,2534,71,27,49,26,50,1692,48],"class_list":["post-28078","post","type-post","status-publish","format-standard","has-post-thumbnail","hentry","category-noticias-de-ribeirao-preto-sp-e-regiao-ismael-colosi","tag-confirmados","tag-internacionais","tag-nacionais","tag-para","tag-preto","tag-quais","tag-ribeirao","tag-sao","tag-shows","tag-veja"],"jetpack_publicize_connections":[],"jetpack_featured_media_url":"https:\/\/i0.wp.com\/ismaelcolosi.com.br\/wp-content\/uploads\/2024\/01\/Copia-de-Copia-de-TAMANHO-EXATO-PARA-FOTOS-NO-SISTEMA-NOVO-10.png?fit=1200%2C675&ssl=1","uagb_featured_image_src":{"full":["https:\/\/i0.wp.com\/ismaelcolosi.com.br\/wp-content\/uploads\/2024\/01\/Copia-de-Copia-de-TAMANHO-EXATO-PARA-FOTOS-NO-SISTEMA-NOVO-10.png?fit=1200%2C675&ssl=1",1200,675,false],"thumbnail":["https:\/\/i0.wp.com\/ismaelcolosi.com.br\/wp-content\/uploads\/2024\/01\/Copia-de-Copia-de-TAMANHO-EXATO-PARA-FOTOS-NO-SISTEMA-NOVO-10.png?resize=150%2C150&ssl=1",150,150,true],"medium":["https:\/\/i0.wp.com\/ismaelcolosi.com.br\/wp-content\/uploads\/2024\/01\/Copia-de-Copia-de-TAMANHO-EXATO-PARA-FOTOS-NO-SISTEMA-NOVO-10.png?fit=300%2C169&ssl=1",300,169,true],"medium_large":["https:\/\/i0.wp.com\/ismaelcolosi.com.br\/wp-content\/uploads\/2024\/01\/Copia-de-Copia-de-TAMANHO-EXATO-PARA-FOTOS-NO-SISTEMA-NOVO-10.png?fit=768%2C432&ssl=1",768,432,true],"large":["https:\/\/i0.wp.com\/ismaelcolosi.com.br\/wp-content\/uploads\/2024\/01\/Copia-de-Copia-de-TAMANHO-EXATO-PARA-FOTOS-NO-SISTEMA-NOVO-10.png?fit=1024%2C576&ssl=1",1024,576,true],"1536x1536":["https:\/\/i0.wp.com\/ismaelcolosi.com.br\/wp-content\/uploads\/2024\/01\/Copia-de-Copia-de-TAMANHO-EXATO-PARA-FOTOS-NO-SISTEMA-NOVO-10.png?fit=1200%2C675&ssl=1",1200,675,true],"2048x2048":["https:\/\/i0.wp.com\/ismaelcolosi.com.br\/wp-content\/uploads\/2024\/01\/Copia-de-Copia-de-TAMANHO-EXATO-PARA-FOTOS-NO-SISTEMA-NOVO-10.png?fit=1200%2C675&ssl=1",1200,675,true],"really-simple-thumb":["https:\/\/i0.wp.com\/ismaelcolosi.com.br\/wp-content\/uploads\/2024\/01\/Copia-de-Copia-de-TAMANHO-EXATO-PARA-FOTOS-NO-SISTEMA-NOVO-10.png?resize=370%2C247&ssl=1",370,247,true]},"uagb_author_info":{"display_name":"ismaelcolosi.com.br","author_link":"https:\/\/ismaelcolosi.com.br\/index.php\/author\/vidareal-online\/"},"uagb_comment_info":0,"uagb_excerpt":"O ano de 2024 come\u00e7ou a pouco tempo mas Ribeir\u00e3o Preto j\u00e1 possui diversos shows nacionais e internacionais confirmados para o primeiro semestre do ano....","jetpack-related-posts":[{"id":38755,"url":"https:\/\/ismaelcolosi.com.br\/index.php\/2024\/02\/21\/shopping-de-ribeirao-anuncia-shows-de-zeca-pagodinho-titas-e-atracoes-internacionais\/","url_meta":{"origin":28078,"position":0},"title":"Shopping de Ribeir\u00e3o anuncia shows de Zeca Pagodinho, Tit\u00e3s e atra\u00e7\u00f5es internacionais","author":"ismaelcolosi.com.br","date":"21 de February de 2024","format":false,"excerpt":"O Ribeir\u00e3o Shopping anunciou nesta quarta-feira (21) algumas atra\u00e7\u00f5es que v\u00e3o passar pelo Centro de Eventos Multiplan Hall. Entre os artistas, est\u00e3o Zeca Pagodinho, Tit\u00e3s, Padre F\u00e1bio de Melo, Ana Carolina, e atra\u00e7\u00f5es internacionais como Oingo Boingo e Andy Summers \u2013 veja a lista abaixo. As datas dos shows ser\u00e3o\u2026","rel":"","context":"In &quot;Not\u00edcias de Ribeir\u00e3o Preto-SP e Regi\u00e3o&quot;","block_context":{"text":"Not\u00edcias de Ribeir\u00e3o Preto-SP e Regi\u00e3o","link":"https:\/\/ismaelcolosi.com.br\/index.php\/category\/noticias-de-ribeirao-preto-sp-e-regiao-ismael-colosi\/"},"img":{"alt_text":"","src":"https:\/\/i0.wp.com\/ismaelcolosi.com.br\/wp-content\/uploads\/2024\/02\/zeca-pagodinho.jpg?fit=1200%2C800&ssl=1&resize=350%2C200","width":350,"height":200,"srcset":"https:\/\/i0.wp.com\/ismaelcolosi.com.br\/wp-content\/uploads\/2024\/02\/zeca-pagodinho.jpg?fit=1200%2C800&ssl=1&resize=350%2C200 1x, https:\/\/i0.wp.com\/ismaelcolosi.com.br\/wp-content\/uploads\/2024\/02\/zeca-pagodinho.jpg?fit=1200%2C800&ssl=1&resize=525%2C300 1.5x, https:\/\/i0.wp.com\/ismaelcolosi.com.br\/wp-content\/uploads\/2024\/02\/zeca-pagodinho.jpg?fit=1200%2C800&ssl=1&resize=700%2C400 2x, https:\/\/i0.wp.com\/ismaelcolosi.com.br\/wp-content\/uploads\/2024\/02\/zeca-pagodinho.jpg?fit=1200%2C800&ssl=1&resize=1050%2C600 3x"},"classes":[]},{"id":39301,"url":"https:\/\/ismaelcolosi.com.br\/index.php\/2024\/02\/24\/confira-quais-sao-os-shows-confirmados-em-ribeirao-preto-em-2024\/","url_meta":{"origin":28078,"position":1},"title":"Confira quais s\u00e3o os shows confirmados em Ribeir\u00e3o Preto em 2024","author":"ismaelcolosi.com.br","date":"24 de February de 2024","format":false,"excerpt":"Ribeir\u00e3o Preto conta com mais de variados shows confirmados para o ano de 2024, com artistas nacionais e internacionais e estilos musicais diversificados. O portal acidade on criou uma lista dos shows confirmados at\u00e9 o momento. Confira: J\u00e3o O cantor\u00a0J\u00e3o\u00a0vem a Ribeir\u00e3o Preto com os shows da \u2018Superturn\u00ea\u2019, no dia\u2026","rel":"","context":"In &quot;Not\u00edcias de Ribeir\u00e3o Preto-SP e Regi\u00e3o&quot;","block_context":{"text":"Not\u00edcias de Ribeir\u00e3o Preto-SP e Regi\u00e3o","link":"https:\/\/ismaelcolosi.com.br\/index.php\/category\/noticias-de-ribeirao-preto-sp-e-regiao-ismael-colosi\/"},"img":{"alt_text":"","src":"https:\/\/i0.wp.com\/ismaelcolosi.com.br\/wp-content\/uploads\/2024\/02\/Capturar-21.jpg?fit=612%2C409&ssl=1&resize=350%2C200","width":350,"height":200,"srcset":"https:\/\/i0.wp.com\/ismaelcolosi.com.br\/wp-content\/uploads\/2024\/02\/Capturar-21.jpg?fit=612%2C409&ssl=1&resize=350%2C200 1x, https:\/\/i0.wp.com\/ismaelcolosi.com.br\/wp-content\/uploads\/2024\/02\/Capturar-21.jpg?fit=612%2C409&ssl=1&resize=525%2C300 1.5x"},"classes":[]},{"id":38809,"url":"https:\/\/ismaelcolosi.com.br\/index.php\/2024\/02\/21\/empresa-anuncia-programacao-2024-com-30-shows-e-eventos-ja-confirmados\/","url_meta":{"origin":28078,"position":2},"title":"Empresa anuncia programa\u00e7\u00e3o 2024 com 30 shows e eventos j\u00e1 confirmados","author":"ismaelcolosi.com.br","date":"21 de February de 2024","format":false,"excerpt":"O Centro de Eventos Ribeir\u00e3oShopping passou a se chamar Multiplan Hall desde o dia 1\u00ba de fevereiro e est\u00e1 repleto de novidades. Com nova gest\u00e3o operacional, o local promete surpreender o p\u00fablico com as melhores experi\u00eancias, exposi\u00e7\u00f5es, shows nacionais e internacionais. Hoje foi realizado um caf\u00e9 da manh\u00e3 para apresentar\u2026","rel":"","context":"In &quot;Not\u00edcias de Ribeir\u00e3o Preto-SP e Regi\u00e3o&quot;","block_context":{"text":"Not\u00edcias de Ribeir\u00e3o Preto-SP e Regi\u00e3o","link":"https:\/\/ismaelcolosi.com.br\/index.php\/category\/noticias-de-ribeirao-preto-sp-e-regiao-ismael-colosi\/"},"img":{"alt_text":"","src":"https:\/\/i0.wp.com\/ismaelcolosi.com.br\/wp-content\/uploads\/2024\/02\/Marcos-Botelho-scaled.jpg?fit=967%2C645&ssl=1&resize=350%2C200","width":350,"height":200,"srcset":"https:\/\/i0.wp.com\/ismaelcolosi.com.br\/wp-content\/uploads\/2024\/02\/Marcos-Botelho-scaled.jpg?fit=967%2C645&ssl=1&resize=350%2C200 1x, https:\/\/i0.wp.com\/ismaelcolosi.com.br\/wp-content\/uploads\/2024\/02\/Marcos-Botelho-scaled.jpg?fit=967%2C645&ssl=1&resize=525%2C300 1.5x, https:\/\/i0.wp.com\/ismaelcolosi.com.br\/wp-content\/uploads\/2024\/02\/Marcos-Botelho-scaled.jpg?fit=967%2C645&ssl=1&resize=700%2C400 2x"},"classes":[]},{"id":28092,"url":"https:\/\/ismaelcolosi.com.br\/index.php\/2024\/01\/14\/folga-entenda-se-o-dia-20-de-janeiro-e-feriado-em-ribeirao-preto\/","url_meta":{"origin":28078,"position":3},"title":"Folga? Entenda se o dia 20 de janeiro \u00e9 feriado em Ribeir\u00e3o Preto","author":"ismaelcolosi.com.br","date":"14 de January de 2024","format":false,"excerpt":"Sim! O primeiro feriado de 2024 em Ribeir\u00e3o Preto est\u00e1 chegando. O Dia de S\u00e3o Sebasti\u00e3o, celebrado no s\u00e1bado (20), \u00e9 feriado municipal em raz\u00e3o de o santo ser o padroeiro da cidade. Desde mar\u00e7o de 2009, o Dia de S\u00e3o Sebasti\u00e3o passou a ser feriado na cidade, atrav\u00e9s da\u2026","rel":"","context":"In &quot;Not\u00edcias de Ribeir\u00e3o Preto-SP e Regi\u00e3o&quot;","block_context":{"text":"Not\u00edcias de Ribeir\u00e3o Preto-SP e Regi\u00e3o","link":"https:\/\/ismaelcolosi.com.br\/index.php\/category\/noticias-de-ribeirao-preto-sp-e-regiao-ismael-colosi\/"},"img":{"alt_text":"","src":"https:\/\/i0.wp.com\/ismaelcolosi.com.br\/wp-content\/uploads\/2024\/01\/catedral_metropolitana_1200x675_17012022151612.jpg?fit=1200%2C675&ssl=1&resize=350%2C200","width":350,"height":200,"srcset":"https:\/\/i0.wp.com\/ismaelcolosi.com.br\/wp-content\/uploads\/2024\/01\/catedral_metropolitana_1200x675_17012022151612.jpg?fit=1200%2C675&ssl=1&resize=350%2C200 1x, https:\/\/i0.wp.com\/ismaelcolosi.com.br\/wp-content\/uploads\/2024\/01\/catedral_metropolitana_1200x675_17012022151612.jpg?fit=1200%2C675&ssl=1&resize=525%2C300 1.5x, https:\/\/i0.wp.com\/ismaelcolosi.com.br\/wp-content\/uploads\/2024\/01\/catedral_metropolitana_1200x675_17012022151612.jpg?fit=1200%2C675&ssl=1&resize=700%2C400 2x, https:\/\/i0.wp.com\/ismaelcolosi.com.br\/wp-content\/uploads\/2024\/01\/catedral_metropolitana_1200x675_17012022151612.jpg?fit=1200%2C675&ssl=1&resize=1050%2C600 3x"},"classes":[]},{"id":24843,"url":"https:\/\/ismaelcolosi.com.br\/index.php\/2024\/01\/05\/bloco-de-carnaval-de-ribeirao-preto-anuncia-terra-samba-e-grupo-presenca\/","url_meta":{"origin":28078,"position":4},"title":"Bloco de Carnaval de Ribeir\u00e3o Preto anuncia Terra Samba e Grupo Presen\u00e7a","author":"ismaelcolosi.com.br","date":"5 de January de 2024","format":false,"excerpt":"O Bloco Calif\u00f3rnia, que agita o pr\u00e9-carnaval de Ribeir\u00e3o Preto, anunciou a banda baiana Terra Samba e o Grupo Presen\u00e7a. O evento acontece no dia 3 de fevereiro (s\u00e1bado), a partir das 15h, no Est\u00e1dio Palma Travassos. Na segunda-feira (8), o Bloco Calif\u00f3rnia reabre a venda de ingressos para os\u2026","rel":"","context":"In &quot;Not\u00edcias de Ribeir\u00e3o Preto-SP e Regi\u00e3o&quot;","block_context":{"text":"Not\u00edcias de Ribeir\u00e3o Preto-SP e Regi\u00e3o","link":"https:\/\/ismaelcolosi.com.br\/index.php\/category\/noticias-de-ribeirao-preto-sp-e-regiao-ismael-colosi\/"},"img":{"alt_text":"","src":"https:\/\/i0.wp.com\/ismaelcolosi.com.br\/wp-content\/uploads\/2024\/01\/WhatsApp-Image-2024-01-05-at-10.25.32.jpeg?fit=1200%2C675&ssl=1&resize=350%2C200","width":350,"height":200,"srcset":"https:\/\/i0.wp.com\/ismaelcolosi.com.br\/wp-content\/uploads\/2024\/01\/WhatsApp-Image-2024-01-05-at-10.25.32.jpeg?fit=1200%2C675&ssl=1&resize=350%2C200 1x, https:\/\/i0.wp.com\/ismaelcolosi.com.br\/wp-content\/uploads\/2024\/01\/WhatsApp-Image-2024-01-05-at-10.25.32.jpeg?fit=1200%2C675&ssl=1&resize=525%2C300 1.5x, https:\/\/i0.wp.com\/ismaelcolosi.com.br\/wp-content\/uploads\/2024\/01\/WhatsApp-Image-2024-01-05-at-10.25.32.jpeg?fit=1200%2C675&ssl=1&resize=700%2C400 2x, https:\/\/i0.wp.com\/ismaelcolosi.com.br\/wp-content\/uploads\/2024\/01\/WhatsApp-Image-2024-01-05-at-10.25.32.jpeg?fit=1200%2C675&ssl=1&resize=1050%2C600 3x"},"classes":[]},{"id":24864,"url":"https:\/\/ismaelcolosi.com.br\/index.php\/2024\/01\/05\/bloco-de-carnaval-de-ribeirao-preto-anuncia-terra-samba-e-grupo-presenca-2\/","url_meta":{"origin":28078,"position":5},"title":"Bloco de Carnaval de Ribeir\u00e3o Preto anuncia Terra Samba e Grupo Presen\u00e7a","author":"ismaelcolosi.com.br","date":"5 de January de 2024","format":false,"excerpt":"O Bloco Calif\u00f3rnia, que agita o pr\u00e9-carnaval de Ribeir\u00e3o Preto, anunciou a banda baiana Terra Samba e o Grupo Presen\u00e7a. O evento acontece no dia 3 de fevereiro (s\u00e1bado), a partir das 15h, no Est\u00e1dio Palma Travassos. Na segunda-feira (8), o Bloco Calif\u00f3rnia reabre a venda de ingressos para os\u2026","rel":"","context":"In &quot;Not\u00edcias de Ribeir\u00e3o Preto-SP e Regi\u00e3o&quot;","block_context":{"text":"Not\u00edcias de Ribeir\u00e3o Preto-SP e Regi\u00e3o","link":"https:\/\/ismaelcolosi.com.br\/index.php\/category\/noticias-de-ribeirao-preto-sp-e-regiao-ismael-colosi\/"},"img":{"alt_text":"","src":"https:\/\/i0.wp.com\/ismaelcolosi.com.br\/wp-content\/uploads\/2024\/01\/1704466124_WhatsApp-Image-2024-01-05-at-10.25.32.jpeg?fit=1200%2C675&ssl=1&resize=350%2C200","width":350,"height":200,"srcset":"https:\/\/i0.wp.com\/ismaelcolosi.com.br\/wp-content\/uploads\/2024\/01\/1704466124_WhatsApp-Image-2024-01-05-at-10.25.32.jpeg?fit=1200%2C675&ssl=1&resize=350%2C200 1x, https:\/\/i0.wp.com\/ismaelcolosi.com.br\/wp-content\/uploads\/2024\/01\/1704466124_WhatsApp-Image-2024-01-05-at-10.25.32.jpeg?fit=1200%2C675&ssl=1&resize=525%2C300 1.5x, https:\/\/i0.wp.com\/ismaelcolosi.com.br\/wp-content\/uploads\/2024\/01\/1704466124_WhatsApp-Image-2024-01-05-at-10.25.32.jpeg?fit=1200%2C675&ssl=1&resize=700%2C400 2x, https:\/\/i0.wp.com\/ismaelcolosi.com.br\/wp-content\/uploads\/2024\/01\/1704466124_WhatsApp-Image-2024-01-05-at-10.25.32.jpeg?fit=1200%2C675&ssl=1&resize=1050%2C600 3x"},"classes":[]}],"jetpack_sharing_enabled":true,"jetpack_shortlink":"https:\/\/wp.me\/pfMlyK-7iS","_links":{"self":[{"href":"https:\/\/ismaelcolosi.com.br\/index.php\/wp-json\/wp\/v2\/posts\/28078","targetHints":{"allow":["GET"]}}],"collection":[{"href":"https:\/\/ismaelcolosi.com.br\/index.php\/wp-json\/wp\/v2\/posts"}],"about":[{"href":"https:\/\/ismaelcolosi.com.br\/index.php\/wp-json\/wp\/v2\/types\/post"}],"author":[{"embeddable":true,"href":"https:\/\/ismaelcolosi.com.br\/index.php\/wp-json\/wp\/v2\/users\/1"}],"replies":[{"embeddable":true,"href":"https:\/\/ismaelcolosi.com.br\/index.php\/wp-json\/wp\/v2\/comments?post=28078"}],"version-history":[{"count":0,"href":"https:\/\/ismaelcolosi.com.br\/index.php\/wp-json\/wp\/v2\/posts\/28078\/revisions"}],"wp:featuredmedia":[{"embeddable":true,"href":"https:\/\/ismaelcolosi.com.br\/index.php\/wp-json\/wp\/v2\/media\/28079"}],"wp:attachment":[{"href":"https:\/\/ismaelcolosi.com.br\/index.php\/wp-json\/wp\/v2\/media?parent=28078"}],"wp:term":[{"taxonomy":"category","embeddable":true,"href":"https:\/\/ismaelcolosi.com.br\/index.php\/wp-json\/wp\/v2\/categories?post=28078"},{"taxonomy":"post_tag","embeddable":true,"href":"https:\/\/ismaelcolosi.com.br\/index.php\/wp-json\/wp\/v2\/tags?post=28078"}],"curies":[{"name":"wp","href":"https:\/\/api.w.org\/{rel}","templated":true}]}}