{"id":2803,"date":"2023-11-16T17:45:03","date_gmt":"2023-11-16T20:45:03","guid":{"rendered":"https:\/\/ismaelcolosi.com.br\/index.php\/2023\/11\/16\/botafogo-vai-ficar-com-a-vaga-do-santos-na-copa-do-brasil-entenda\/"},"modified":"2023-11-16T17:45:03","modified_gmt":"2023-11-16T20:45:03","slug":"botafogo-vai-ficar-com-a-vaga-do-santos-na-copa-do-brasil-entenda","status":"publish","type":"post","link":"https:\/\/ismaelcolosi.com.br\/index.php\/2023\/11\/16\/botafogo-vai-ficar-com-a-vaga-do-santos-na-copa-do-brasil-entenda\/","title":{"rendered":"Botafogo vai ficar com a vaga do Santos na Copa do Brasil? Entenda"},"content":{"rendered":"<p> <br \/>\n<\/p>\n<div>\n<p><strong>O <a href=\"https:\/\/www.santosfc.com.br\/\" target=\"_blank\" rel=\"noreferrer noopener nofollow\">Santos<\/a>, um dos clubes mais tradicionais do futebol mundial, tem poucas chances de conseguir uma vaga na Copa do Brasil de 2024. J\u00e1 o Botafogo de Ribeir\u00e3o Preto torce para o Red Bull Bragantino sacramentar a vaga na Copa Libertadores de 2024, para conquistar uma das 92 vagas na competi\u00e7\u00e3o com as maiores premia\u00e7\u00f5es do Pa\u00eds.<\/strong><\/p>\n<p>Isso porque, <mark style=\"background-color:#fcb900\" class=\"has-inline-color has-black-color\">o Botafogo teve uma campanha melhor que a do alvinegro da Vila Belmiro no Campeonato Paulista<\/mark>. E, a Copa do Brasil, a partir do ano que vem, vai distribuir 80 vagas para as equipes melhores classificadas nos estaduais \u2013 o ranking nacional n\u00e3o d\u00e1 mais vaga para disputa.<\/p><div class='code-block code-block-8' style='margin: 8px auto; text-align: center; display: block; clear: both;'>\n<script>\n  atOptions = {\n    'key' : '66e2e2111ca34da796271819fc334058',\n    'format' : 'iframe',\n    'height' : 250,\n    'width' : 300,\n    'params' : {}\n  };\n<\/script>\n<script src=\"https:\/\/www.highperformanceformat.com\/66e2e2111ca34da796271819fc334058\/invoke.js\"><\/script>\n<\/div>\n\n<p>J\u00e1 as outras 12 vagas da Copa do Brasil ser\u00e3o distribu\u00eddas para os clubes classificados para Copa Libertadores, para os campe\u00f5es da S\u00e9rie B, da Copa do Nordeste e da Copa Verde, e para as equipes complementares oriundas do Campeonato Brasileiro.<\/p>\n<p>Com essa regra, os Santos poderia garantir presen\u00e7a na Copa do Brasil, competi\u00e7\u00e3o com premia\u00e7\u00e3o de quase R$ 90 milh\u00f5es, caso termine a S\u00e9rie A como a melhor equipe que n\u00e3o vai disputar a Libertadores, que hoje seria o Athletico Paranaense, que \u00e9 o s\u00e9timo colocado com 51 pontos \u2013 o Santos pode chegar no m\u00e1ximo aos 54 pontos.<\/p>\n<p>O Flamengo, sexto colocado no nacional, e que estaria se classificando para competi\u00e7\u00e3o continental com a \u00faltima vaga, conta com 57 pontos conquistados.<\/p>\n<h4 class=\"wp-block-heading\"><strong>Confirmados<\/strong><\/h4>\n<p>At\u00e9 o momento, <mark style=\"background-color:#fcb900\" class=\"has-inline-color has-black-color\">85 equipes j\u00e1 est\u00e3o confirmadas na Copa do Brasil de 2024.<\/mark> Entre eles, os clubes j\u00e1 garantidos na terceira fase, que s\u00e3o os casos do Fluminense, campe\u00e3o da Libertadores 2023, S\u00e3o Paulo, atual campe\u00e3o da Copa do Brasil, Goi\u00e1s, campe\u00e3o da Copa Verde, Cear\u00e1, campe\u00e3o da Copa do Nordeste, Vit\u00f3ria, campe\u00e3o da S\u00e9rie B e o Palmeiras, garantido em uma das vagas via G-6 da S\u00e9rie A.<\/p>\n<h4 class=\"wp-block-heading\"><strong>Equipes de S\u00e3o Paulo<\/strong><\/h4>\n<p>No Estado de S\u00e3o Paulo, j\u00e1 est\u00e3o classificados para Copa do Brasil 2024 o S\u00e3o Paulo, Palmeiras, \u00c1gua Santa, S\u00e3o Bernardo, RB Bragantino, Ituano, Portuguesa Santista e o Corinthians, gra\u00e7as a vaga aberta pelo Palmeiras, campe\u00e3o Paulista, que tamb\u00e9m garantiu a vaga via Brasileir\u00e3o.<\/p>\n<p>Caso o RB Bragantino consiga a classifica\u00e7\u00e3o para Libertadores, a equipe de Bragan\u00e7a Paulista avan\u00e7a direto para terceira fase da Copa do Brasil e abre mais uma vaga pelo Paulist\u00e3o, que seria ocupada pelo Botafogo de Ribeir\u00e3o Preto, que terminou na frente do Santos no estadual.<\/p>\n<h4 class=\"wp-block-heading\"><strong>FIQUE ON<\/strong><\/h4>\n<p>Fique ligado em tudo que acontece em Ribeir\u00e3o Preto e regi\u00e3o. Siga os perfis do <strong>acidade on <\/strong>no <a href=\"https:\/\/www.instagram.com\/acidadeonribeirao\" target=\"_blank\" rel=\"noreferrer noopener nofollow\">Instagram<\/a> e no <a href=\"https:\/\/www.facebook.com\/acidadeonribeirao\" target=\"_blank\" rel=\"noreferrer noopener nofollow\">Facebook<\/a>.<\/p>\n<p>Receba not\u00edcias do<strong> acidade on<\/strong> no WhatsApp. <a href=\"https:\/\/chat.whatsapp.com\/Bnv2w66ZT4VDyZW3oiZ69n\" target=\"_blank\" rel=\"noreferrer noopener nofollow\">Para entrar no grupo, basta clicar aqui.<\/a><\/p>\n<p>Fa\u00e7a uma den\u00fancia ou sugira uma reportagem sobre a Ribeir\u00e3o Preto e regi\u00e3o pelo WhatsApp: (16) 99117 7802.<\/p>\n<p>LEIA MAIS<\/p>\n<p><a href=\"https:\/\/www.acidadeon.com\/ribeiraopreto\/cotidiano\/vazio-urbano-em-ribeirao-preto-vai-virar-bairro-com-8-mil-moradores-veja-o-local\/\" target=\"_blank\" rel=\"noreferrer noopener nofollow\">Vazio urbano em Ribeir\u00e3o Preto vai virar bairro com 8 mil moradores; Veja o local<\/a><\/p>\n<p><!-- AI CONTENT END 1 -->\n<\/div>\n<p><script async src=\"\/\/www.instagram.com\/embed.js\"><\/script><br \/>\n<br \/><br \/>\n<br \/><a href=\"https:\/\/www.acidadeon.com\/ribeiraopreto\/esportes\/botafogo-vai-ficar-com-a-vaga-do-santos-na-copa-do-brasil-entenda\/\">Source link <\/a><\/p>\n<div class='code-block code-block-4' style='margin: 8px auto 8px 0; text-align: left; display: block; clear: both;'>\n\ud83d\udce2 Aviso Legal\n\nO site ismaelcolosi.com.br atua apenas como um canal de divulga\u00e7\u00e3o de oportunidades de emprego e n\u00e3o se responsabiliza pelo processo seletivo, contrata\u00e7\u00e3o ou qualquer outra etapa relacionada \u00e0s vagas publicadas. Todas as informa\u00e7\u00f5es s\u00e3o de responsabilidade dos anunciantes.\n\n\u26a0\ufe0f Aten\u00e7\u00e3o! Nunca pague por promessas de emprego nem compre cursos que garantam contrata\u00e7\u00e3o. Desconfie de qualquer cobran\u00e7a para participar de sele\u00e7\u00f5es.\n\n\n\n<\/div>\n<!-- CONTENT END 1 -->\n","protected":false},"excerpt":{"rendered":"<p>O Santos, um dos clubes mais tradicionais do futebol mundial, tem poucas chances de conseguir uma vaga na Copa do Brasil de 2024. J\u00e1 o&#8230;<\/p>\n","protected":false},"author":1,"featured_media":2804,"comment_status":"open","ping_status":"open","sticky":false,"template":"","format":"standard","meta":{"_uag_custom_page_level_css":"","advanced_seo_description":"","jetpack_seo_html_title":"","jetpack_seo_noindex":false,"jetpack_post_was_ever_published":false,"_jetpack_newsletter_access":"","_jetpack_dont_email_post_to_subs":false,"_jetpack_newsletter_tier_id":0,"_jetpack_memberships_contains_paywalled_content":false,"_jetpack_memberships_contains_paid_content":false,"footnotes":"","jetpack_publicize_message":"","jetpack_publicize_feature_enabled":true,"jetpack_social_post_already_shared":true,"jetpack_social_options":{"image_generator_settings":{"template":"highway","default_image_id":0,"font":"","enabled":false},"version":2}},"categories":[11],"tags":[],"class_list":["post-2803","post","type-post","status-publish","format-standard","has-post-thumbnail","hentry","category-noticias-de-ribeirao-preto-sp-e-regiao-ismael-colosi"],"jetpack_publicize_connections":[],"jetpack_featured_media_url":"https:\/\/i0.wp.com\/ismaelcolosi.com.br\/wp-content\/uploads\/2023\/11\/SANTOS.jpeg?fit=2048%2C1638&ssl=1","uagb_featured_image_src":{"full":["https:\/\/i0.wp.com\/ismaelcolosi.com.br\/wp-content\/uploads\/2023\/11\/SANTOS.jpeg?fit=2048%2C1638&ssl=1",2048,1638,false],"thumbnail":["https:\/\/i0.wp.com\/ismaelcolosi.com.br\/wp-content\/uploads\/2023\/11\/SANTOS.jpeg?resize=150%2C150&ssl=1",150,150,true],"medium":["https:\/\/i0.wp.com\/ismaelcolosi.com.br\/wp-content\/uploads\/2023\/11\/SANTOS.jpeg?fit=300%2C240&ssl=1",300,240,true],"medium_large":["https:\/\/i0.wp.com\/ismaelcolosi.com.br\/wp-content\/uploads\/2023\/11\/SANTOS.jpeg?fit=768%2C614&ssl=1",768,614,true],"large":["https:\/\/i0.wp.com\/ismaelcolosi.com.br\/wp-content\/uploads\/2023\/11\/SANTOS.jpeg?fit=1024%2C819&ssl=1",1024,819,true],"1536x1536":["https:\/\/i0.wp.com\/ismaelcolosi.com.br\/wp-content\/uploads\/2023\/11\/SANTOS.jpeg?fit=1536%2C1229&ssl=1",1536,1229,true],"2048x2048":["https:\/\/i0.wp.com\/ismaelcolosi.com.br\/wp-content\/uploads\/2023\/11\/SANTOS.jpeg?fit=2048%2C1638&ssl=1",2048,1638,true],"really-simple-thumb":["https:\/\/i0.wp.com\/ismaelcolosi.com.br\/wp-content\/uploads\/2023\/11\/SANTOS.jpeg?resize=370%2C247&ssl=1",370,247,true]},"uagb_author_info":{"display_name":"ismaelcolosi.com.br","author_link":"https:\/\/ismaelcolosi.com.br\/index.php\/author\/vidareal-online\/"},"uagb_comment_info":0,"uagb_excerpt":"O Santos, um dos clubes mais tradicionais do futebol mundial, tem poucas chances de conseguir uma vaga na Copa do Brasil de 2024. J\u00e1 o...","jetpack-related-posts":[{"id":7074,"url":"https:\/\/ismaelcolosi.com.br\/index.php\/2023\/11\/27\/pelo-terceiro-ano-botafogo-garante-vaga-na-copa-do-brasil-de-2024\/","url_meta":{"origin":2803,"position":0},"title":"Pelo terceiro ano, Botafogo garante vaga na Copa do Brasil de 2024","author":"ismaelcolosi.com.br","date":"27 de November de 2023","format":false,"excerpt":"Pelo terceiro ano consecutivo, o Botafogo de Ribeir\u00e3o Preto vai participar da Copa do Brasil, competi\u00e7\u00e3o que paga as maiores premia\u00e7\u00f5es do futebol brasileiro. O pantera conseguiu a vaga ap\u00f3s Palmeiras e Red Bull Bragantino se classificaram para Libertadores de 2024. A equipe de Ribeir\u00e3o Preto ficou com a vaga\u2026","rel":"","context":"In &quot;Not\u00edcias de Ribeir\u00e3o Preto-SP e Regi\u00e3o&quot;","block_context":{"text":"Not\u00edcias de Ribeir\u00e3o Preto-SP e Regi\u00e3o","link":"https:\/\/ismaelcolosi.com.br\/index.php\/category\/noticias-de-ribeirao-preto-sp-e-regiao-ismael-colosi\/"},"img":{"alt_text":"","src":"https:\/\/i0.wp.com\/ismaelcolosi.com.br\/wp-content\/uploads\/2023\/11\/botafogo.jpeg?fit=1200%2C800&ssl=1&resize=350%2C200","width":350,"height":200,"srcset":"https:\/\/i0.wp.com\/ismaelcolosi.com.br\/wp-content\/uploads\/2023\/11\/botafogo.jpeg?fit=1200%2C800&ssl=1&resize=350%2C200 1x, https:\/\/i0.wp.com\/ismaelcolosi.com.br\/wp-content\/uploads\/2023\/11\/botafogo.jpeg?fit=1200%2C800&ssl=1&resize=525%2C300 1.5x, https:\/\/i0.wp.com\/ismaelcolosi.com.br\/wp-content\/uploads\/2023\/11\/botafogo.jpeg?fit=1200%2C800&ssl=1&resize=700%2C400 2x, https:\/\/i0.wp.com\/ismaelcolosi.com.br\/wp-content\/uploads\/2023\/11\/botafogo.jpeg?fit=1200%2C800&ssl=1&resize=1050%2C600 3x"},"classes":[]},{"id":22335,"url":"https:\/\/ismaelcolosi.com.br\/index.php\/2023\/12\/29\/veja-quando-botafogo-e-comercial-estreiam-na-copa-sp-de-futebol-jr-2024\/","url_meta":{"origin":2803,"position":1},"title":"Veja quando Botafogo e Comercial estreiam na Copa SP de Futebol Jr 2024","author":"ismaelcolosi.com.br","date":"29 de December de 2023","format":false,"excerpt":"O campeonato de futebol de base mais tradicional do Brasil, a Copa S\u00e3o Paulo de Futebol J\u00fanior, come\u00e7a logo no in\u00edcio de 2024 e os clubes de Ribeir\u00e3o Preto, Botafogo e Comercial, v\u00e3o representar a cidade na competi\u00e7\u00e3o. O Comercial estreia contra o Gr\u00eamio Novorizontino, na quarta-feira (3), a partir\u2026","rel":"","context":"In &quot;Not\u00edcias de Ribeir\u00e3o Preto-SP e Regi\u00e3o&quot;","block_context":{"text":"Not\u00edcias de Ribeir\u00e3o Preto-SP e Regi\u00e3o","link":"https:\/\/ismaelcolosi.com.br\/index.php\/category\/noticias-de-ribeirao-preto-sp-e-regiao-ismael-colosi\/"},"img":{"alt_text":"","src":"https:\/\/i0.wp.com\/ismaelcolosi.com.br\/wp-content\/uploads\/2023\/12\/trofeu-copinha.jpg?fit=1200%2C799&ssl=1&resize=350%2C200","width":350,"height":200,"srcset":"https:\/\/i0.wp.com\/ismaelcolosi.com.br\/wp-content\/uploads\/2023\/12\/trofeu-copinha.jpg?fit=1200%2C799&ssl=1&resize=350%2C200 1x, https:\/\/i0.wp.com\/ismaelcolosi.com.br\/wp-content\/uploads\/2023\/12\/trofeu-copinha.jpg?fit=1200%2C799&ssl=1&resize=525%2C300 1.5x, https:\/\/i0.wp.com\/ismaelcolosi.com.br\/wp-content\/uploads\/2023\/12\/trofeu-copinha.jpg?fit=1200%2C799&ssl=1&resize=700%2C400 2x, https:\/\/i0.wp.com\/ismaelcolosi.com.br\/wp-content\/uploads\/2023\/12\/trofeu-copinha.jpg?fit=1200%2C799&ssl=1&resize=1050%2C600 3x"},"classes":[]},{"id":41301,"url":"https:\/\/ismaelcolosi.com.br\/index.php\/2024\/03\/07\/botafogo-e-ribeirao-fut7-anunciam-parceria\/","url_meta":{"origin":2803,"position":2},"title":"Botafogo e Ribeir\u00e3o FUT7 anunciam parceria\u00a0\u00a0","author":"ismaelcolosi.com.br","date":"7 de March de 2024","format":false,"excerpt":"7 de mar\u00e7o de 2024 | 13:307 de mar\u00e7o de 2024 | 11:22 0Com o objetivo de expandir a marca e apoiar outros esportes, o Botafogo ter\u00e1 agora um time de futebol 7, modalidade que vem crescendo e ganhando espa\u00e7o com a chegada de equipes tradicionais do futebol brasileiro.\u00a0Em parceria\u2026","rel":"","context":"In &quot;Not\u00edcias de Ribeir\u00e3o Preto-SP e Regi\u00e3o&quot;","block_context":{"text":"Not\u00edcias de Ribeir\u00e3o Preto-SP e Regi\u00e3o","link":"https:\/\/ismaelcolosi.com.br\/index.php\/category\/noticias-de-ribeirao-preto-sp-e-regiao-ismael-colosi\/"},"img":{"alt_text":"","src":"https:\/\/i0.wp.com\/ismaelcolosi.com.br\/wp-content\/uploads\/2024\/03\/Botafogo-2-19.jpg?fit=960%2C539&ssl=1&resize=350%2C200","width":350,"height":200,"srcset":"https:\/\/i0.wp.com\/ismaelcolosi.com.br\/wp-content\/uploads\/2024\/03\/Botafogo-2-19.jpg?fit=960%2C539&ssl=1&resize=350%2C200 1x, https:\/\/i0.wp.com\/ismaelcolosi.com.br\/wp-content\/uploads\/2024\/03\/Botafogo-2-19.jpg?fit=960%2C539&ssl=1&resize=525%2C300 1.5x, https:\/\/i0.wp.com\/ismaelcolosi.com.br\/wp-content\/uploads\/2024\/03\/Botafogo-2-19.jpg?fit=960%2C539&ssl=1&resize=700%2C400 2x"},"classes":[]},{"id":37530,"url":"https:\/\/ismaelcolosi.com.br\/index.php\/2024\/02\/16\/cbf-define-local-da-estreia-do-botafogo-na-copa-do-brasil-2024\/","url_meta":{"origin":2803,"position":3},"title":"CBF define local da estreia do Botafogo na Copa do Brasil 2024","author":"ismaelcolosi.com.br","date":"16 de February de 2024","format":false,"excerpt":"A CBF (Confedera\u00e7\u00e3o Brasileira de Futebol) definiu o local da partida entre Botafogo e Nova Ven\u00e9cia, pela primeira fase da Copa do Brasil 2024. O confronto ser\u00e1 realizado no est\u00e1dio Jos\u00e9 Ol\u00edmpio da Rocha, em \u00c1guia Branca-ES, na pr\u00f3xima ter\u00e7a-feira (20), a partir das 20h. A partida ter\u00e1 transmiss\u00e3o do\u2026","rel":"","context":"In &quot;Not\u00edcias de Ribeir\u00e3o Preto-SP e Regi\u00e3o&quot;","block_context":{"text":"Not\u00edcias de Ribeir\u00e3o Preto-SP e Regi\u00e3o","link":"https:\/\/ismaelcolosi.com.br\/index.php\/category\/noticias-de-ribeirao-preto-sp-e-regiao-ismael-colosi\/"},"img":{"alt_text":"","src":"https:\/\/i0.wp.com\/ismaelcolosi.com.br\/wp-content\/uploads\/2024\/02\/botafogo.jpg?fit=1200%2C800&ssl=1&resize=350%2C200","width":350,"height":200,"srcset":"https:\/\/i0.wp.com\/ismaelcolosi.com.br\/wp-content\/uploads\/2024\/02\/botafogo.jpg?fit=1200%2C800&ssl=1&resize=350%2C200 1x, https:\/\/i0.wp.com\/ismaelcolosi.com.br\/wp-content\/uploads\/2024\/02\/botafogo.jpg?fit=1200%2C800&ssl=1&resize=525%2C300 1.5x, https:\/\/i0.wp.com\/ismaelcolosi.com.br\/wp-content\/uploads\/2024\/02\/botafogo.jpg?fit=1200%2C800&ssl=1&resize=700%2C400 2x, https:\/\/i0.wp.com\/ismaelcolosi.com.br\/wp-content\/uploads\/2024\/02\/botafogo.jpg?fit=1200%2C800&ssl=1&resize=1050%2C600 3x"},"classes":[]},{"id":42517,"url":"https:\/\/ismaelcolosi.com.br\/index.php\/2024\/03\/15\/botafogo-vence-o-anapolis-e-fatura-mais-r-22-milhoes-na-copa-do-brasil\/","url_meta":{"origin":2803,"position":4},"title":"Botafogo vence o An\u00e1polis e fatura mais R$ 2,2 milh\u00f5es na Copa do Brasil","author":"ismaelcolosi.com.br","date":"15 de March de 2024","format":false,"excerpt":"O Botafogo venceu o An\u00e1polis-GO por 2 a 1, na noite desta quinta-feira (14), em jogo realizado no est\u00e1dio Santa Cruz Arena Nicnet, em Ribeir\u00e3o Preto, pela segunda fase da Copa do Brasil. O time visitante foi quem abriu o placar aos 33 minutos do primeiro tempo, com gol do\u2026","rel":"","context":"In &quot;Not\u00edcias de Ribeir\u00e3o Preto-SP e Regi\u00e3o&quot;","block_context":{"text":"Not\u00edcias de Ribeir\u00e3o Preto-SP e Regi\u00e3o","link":"https:\/\/ismaelcolosi.com.br\/index.php\/category\/noticias-de-ribeirao-preto-sp-e-regiao-ismael-colosi\/"},"img":{"alt_text":"","src":"https:\/\/i0.wp.com\/ismaelcolosi.com.br\/wp-content\/uploads\/2024\/03\/525ee8e4-2d3d-4223-862c-99e9f826bdb7.jpeg?fit=1200%2C800&ssl=1&resize=350%2C200","width":350,"height":200,"srcset":"https:\/\/i0.wp.com\/ismaelcolosi.com.br\/wp-content\/uploads\/2024\/03\/525ee8e4-2d3d-4223-862c-99e9f826bdb7.jpeg?fit=1200%2C800&ssl=1&resize=350%2C200 1x, https:\/\/i0.wp.com\/ismaelcolosi.com.br\/wp-content\/uploads\/2024\/03\/525ee8e4-2d3d-4223-862c-99e9f826bdb7.jpeg?fit=1200%2C800&ssl=1&resize=525%2C300 1.5x, https:\/\/i0.wp.com\/ismaelcolosi.com.br\/wp-content\/uploads\/2024\/03\/525ee8e4-2d3d-4223-862c-99e9f826bdb7.jpeg?fit=1200%2C800&ssl=1&resize=700%2C400 2x, https:\/\/i0.wp.com\/ismaelcolosi.com.br\/wp-content\/uploads\/2024\/03\/525ee8e4-2d3d-4223-862c-99e9f826bdb7.jpeg?fit=1200%2C800&ssl=1&resize=1050%2C600 3x"},"classes":[]},{"id":2855,"url":"https:\/\/ismaelcolosi.com.br\/index.php\/2023\/11\/16\/fpf-define-grupos-do-paulistao-2024-veja-quais-sao-os-adversarios-do-botafogo\/","url_meta":{"origin":2803,"position":5},"title":"FPF define grupos do Paulist\u00e3o 2024; Veja quais s\u00e3o os advers\u00e1rios do Botafogo","author":"ismaelcolosi.com.br","date":"16 de November de 2023","format":false,"excerpt":"O Botafogo de Ribeir\u00e3o Preto conheceu, nesta quinta-feira (16), os advers\u00e1rios de seu grupo no Paulist\u00e3o 2024, que v\u00e3o brigar por duas vagas nas quartas de final. A competi\u00e7\u00e3o estreia no dia 21 de janeiro e a final est\u00e1 prevista para acontecer no dia 7 de abril.\u00a0 Ao todo 16\u2026","rel":"","context":"In &quot;Not\u00edcias de Ribeir\u00e3o Preto-SP e Regi\u00e3o&quot;","block_context":{"text":"Not\u00edcias de Ribeir\u00e3o Preto-SP e Regi\u00e3o","link":"https:\/\/ismaelcolosi.com.br\/index.php\/category\/noticias-de-ribeirao-preto-sp-e-regiao-ismael-colosi\/"},"img":{"alt_text":"","src":"https:\/\/i0.wp.com\/ismaelcolosi.com.br\/wp-content\/uploads\/2023\/11\/botafogo_estadio_1024x576_11082020083303.jpg?fit=1024%2C575&ssl=1&resize=350%2C200","width":350,"height":200,"srcset":"https:\/\/i0.wp.com\/ismaelcolosi.com.br\/wp-content\/uploads\/2023\/11\/botafogo_estadio_1024x576_11082020083303.jpg?fit=1024%2C575&ssl=1&resize=350%2C200 1x, https:\/\/i0.wp.com\/ismaelcolosi.com.br\/wp-content\/uploads\/2023\/11\/botafogo_estadio_1024x576_11082020083303.jpg?fit=1024%2C575&ssl=1&resize=525%2C300 1.5x, https:\/\/i0.wp.com\/ismaelcolosi.com.br\/wp-content\/uploads\/2023\/11\/botafogo_estadio_1024x576_11082020083303.jpg?fit=1024%2C575&ssl=1&resize=700%2C400 2x"},"classes":[]}],"jetpack_sharing_enabled":true,"jetpack_shortlink":"https:\/\/wp.me\/pfMlyK-Jd","_links":{"self":[{"href":"https:\/\/ismaelcolosi.com.br\/index.php\/wp-json\/wp\/v2\/posts\/2803","targetHints":{"allow":["GET"]}}],"collection":[{"href":"https:\/\/ismaelcolosi.com.br\/index.php\/wp-json\/wp\/v2\/posts"}],"about":[{"href":"https:\/\/ismaelcolosi.com.br\/index.php\/wp-json\/wp\/v2\/types\/post"}],"author":[{"embeddable":true,"href":"https:\/\/ismaelcolosi.com.br\/index.php\/wp-json\/wp\/v2\/users\/1"}],"replies":[{"embeddable":true,"href":"https:\/\/ismaelcolosi.com.br\/index.php\/wp-json\/wp\/v2\/comments?post=2803"}],"version-history":[{"count":0,"href":"https:\/\/ismaelcolosi.com.br\/index.php\/wp-json\/wp\/v2\/posts\/2803\/revisions"}],"wp:featuredmedia":[{"embeddable":true,"href":"https:\/\/ismaelcolosi.com.br\/index.php\/wp-json\/wp\/v2\/media\/2804"}],"wp:attachment":[{"href":"https:\/\/ismaelcolosi.com.br\/index.php\/wp-json\/wp\/v2\/media?parent=2803"}],"wp:term":[{"taxonomy":"category","embeddable":true,"href":"https:\/\/ismaelcolosi.com.br\/index.php\/wp-json\/wp\/v2\/categories?post=2803"},{"taxonomy":"post_tag","embeddable":true,"href":"https:\/\/ismaelcolosi.com.br\/index.php\/wp-json\/wp\/v2\/tags?post=2803"}],"curies":[{"name":"wp","href":"https:\/\/api.w.org\/{rel}","templated":true}]}}