{"id":27957,"date":"2024-01-14T02:03:09","date_gmt":"2024-01-14T05:03:09","guid":{"rendered":"https:\/\/ismaelcolosi.com.br\/index.php\/2024\/01\/14\/video-flagra-o-momento-em-que-brincadeira-de-palhaco-com-trenzinho-da-alegria-tem-desfecho-assustador\/"},"modified":"2024-01-14T02:03:09","modified_gmt":"2024-01-14T05:03:09","slug":"video-flagra-o-momento-em-que-brincadeira-de-palhaco-com-trenzinho-da-alegria-tem-desfecho-assustador","status":"publish","type":"post","link":"https:\/\/ismaelcolosi.com.br\/index.php\/2024\/01\/14\/video-flagra-o-momento-em-que-brincadeira-de-palhaco-com-trenzinho-da-alegria-tem-desfecho-assustador\/","title":{"rendered":"V\u00eddeo flagra o momento em que brincadeira de palha\u00e7o com trenzinho da alegria tem desfecho assustador"},"content":{"rendered":"<p> <br \/>\n<\/p>\n<div itemprop=\"text\">\n<p>Nos \u00faltimos dias alguns v\u00eddeos que mostram a brincadeira de um palha\u00e7o diante de um \u2018trenzinho da alegria\u2019, viralizou nas redes sociais. O caso ganhou destaque em diversos portais de not\u00edcias e chama a aten\u00e7\u00e3o por causa de seu desfecho assustador.<\/p>\n<p>A ocorr\u00eancia teve como cen\u00e1rio a cidade de Piratuba, localizada na regi\u00e3o oeste de Santa Catarina, um momento de divers\u00e3o quase se converte em um evento tr\u00e1gico quando um palha\u00e7o, durante sua performance, foi atropelado pelo trenzinho.<\/p><div class='code-block code-block-8' style='margin: 8px auto; text-align: center; display: block; clear: both;'>\n<script>\n  atOptions = {\n    'key' : '66e2e2111ca34da796271819fc334058',\n    'format' : 'iframe',\n    'height' : 250,\n    'width' : 300,\n    'params' : {}\n  };\n<\/script>\n<script src=\"https:\/\/www.highperformanceformat.com\/66e2e2111ca34da796271819fc334058\/invoke.js\"><\/script>\n<\/div>\n\n<p>A pessoa, cujo nome n\u00e3o foi revelado, estava entretendo a plateia nas imedia\u00e7\u00f5es dos hot\u00e9is locais, quando resolveu se inclinar no meio da avenida, exatamente no instante em que o trenzinho se aproximava.<\/p>\n<p>As cenas impactantes evidenciam o motorista acionando a buzina, no entanto, o homem permanece na \u00e1rea, sendo atingido pela dianteira do ve\u00edculo. Conforme dados levantados sobre o incidente, a ocorr\u00eancia teve lugar em 26 de dezembro de 2023.<\/p>\n<p>Curiosamente, n\u00e3o foi solicitada a interven\u00e7\u00e3o do Corpo de Bombeiros Militar para auxiliar o indiv\u00edduo atingido, o qual, apesar do susto, apenas apresentou escoria\u00e7\u00f5es no nariz e na testa.<\/p>\n<p>As narrativas sobre o incidente diferem entre o palha\u00e7o e a empresa encarregada do trenzinho. Conforme a vers\u00e3o do homem, ele supunha que o condutor do trem iria parar, uma vez que este teria acionado os sinais luminosos e utilizado a buzina.<\/p>\n<p>Ap\u00f3s o incidente, o condutor teria confessado n\u00e3o ter avistado o palha\u00e7o e expressado suas desculpas pelo ocorrido. Contrariamente, a companhia encarregada do trenzinho refuta qualquer consentimento pr\u00e9vio para a brincadeira, alegando que o palha\u00e7o teria ingressado na \u00e1rea considerada \u201cponto cego\u201d pelo condutor.<\/p>\n<p>Felizmente, devido \u00e0 reduzida velocidade do ve\u00edculo, evitou-se uma trag\u00e9dia mais grave. A empresa garante que providenciou assist\u00eancia ao homem ap\u00f3s o ocorrido.<\/p>\n<\/div>\n<p><br \/>\n<br \/><a href=\"https:\/\/fnmais.com\/sc-video-flagra-momento-em-que-brincadeira-palhaco-com-trenzinho-alegria-tem-desfecho-assustador\/\">Source link <\/a><\/p>\n<div class='code-block code-block-4' style='margin: 8px auto 8px 0; text-align: left; display: block; clear: both;'>\n\ud83d\udce2 Aviso Legal\n\nO site ismaelcolosi.com.br atua apenas como um canal de divulga\u00e7\u00e3o de oportunidades de emprego e n\u00e3o se responsabiliza pelo processo seletivo, contrata\u00e7\u00e3o ou qualquer outra etapa relacionada \u00e0s vagas publicadas. Todas as informa\u00e7\u00f5es s\u00e3o de responsabilidade dos anunciantes.\n\n\u26a0\ufe0f Aten\u00e7\u00e3o! Nunca pague por promessas de emprego nem compre cursos que garantam contrata\u00e7\u00e3o. Desconfie de qualquer cobran\u00e7a para participar de sele\u00e7\u00f5es.\n\n\n\n<\/div>\n<!-- CONTENT END 1 -->\n","protected":false},"excerpt":{"rendered":"<p>Nos \u00faltimos dias alguns v\u00eddeos que mostram a brincadeira de um palha\u00e7o diante de um \u2018trenzinho da alegria\u2019, viralizou nas redes sociais. O caso ganhou&#8230;<\/p>\n","protected":false},"author":1,"featured_media":27958,"comment_status":"open","ping_status":"open","sticky":false,"template":"","format":"standard","meta":{"_uag_custom_page_level_css":"","advanced_seo_description":"","jetpack_seo_html_title":"","jetpack_seo_noindex":false,"jetpack_post_was_ever_published":false,"_jetpack_newsletter_access":"","_jetpack_dont_email_post_to_subs":false,"_jetpack_newsletter_tier_id":0,"_jetpack_memberships_contains_paywalled_content":false,"_jetpack_memberships_contains_paid_content":false,"footnotes":"","jetpack_publicize_message":"","jetpack_publicize_feature_enabled":true,"jetpack_social_post_already_shared":true,"jetpack_social_options":{"image_generator_settings":{"template":"highway","default_image_id":0,"font":"","enabled":false},"version":2}},"categories":[1],"tags":[],"class_list":["post-27957","post","type-post","status-publish","format-standard","has-post-thumbnail","hentry","category-blog"],"jetpack_publicize_connections":[],"jetpack_featured_media_url":"https:\/\/i0.wp.com\/ismaelcolosi.com.br\/wp-content\/uploads\/2024\/01\/postimg-65a369aea38406211.jpg?fit=1200%2C628&ssl=1","uagb_featured_image_src":{"full":["https:\/\/i0.wp.com\/ismaelcolosi.com.br\/wp-content\/uploads\/2024\/01\/postimg-65a369aea38406211.jpg?fit=1200%2C628&ssl=1",1200,628,false],"thumbnail":["https:\/\/i0.wp.com\/ismaelcolosi.com.br\/wp-content\/uploads\/2024\/01\/postimg-65a369aea38406211.jpg?resize=150%2C150&ssl=1",150,150,true],"medium":["https:\/\/i0.wp.com\/ismaelcolosi.com.br\/wp-content\/uploads\/2024\/01\/postimg-65a369aea38406211.jpg?fit=300%2C157&ssl=1",300,157,true],"medium_large":["https:\/\/i0.wp.com\/ismaelcolosi.com.br\/wp-content\/uploads\/2024\/01\/postimg-65a369aea38406211.jpg?fit=768%2C402&ssl=1",768,402,true],"large":["https:\/\/i0.wp.com\/ismaelcolosi.com.br\/wp-content\/uploads\/2024\/01\/postimg-65a369aea38406211.jpg?fit=1024%2C536&ssl=1",1024,536,true],"1536x1536":["https:\/\/i0.wp.com\/ismaelcolosi.com.br\/wp-content\/uploads\/2024\/01\/postimg-65a369aea38406211.jpg?fit=1200%2C628&ssl=1",1200,628,true],"2048x2048":["https:\/\/i0.wp.com\/ismaelcolosi.com.br\/wp-content\/uploads\/2024\/01\/postimg-65a369aea38406211.jpg?fit=1200%2C628&ssl=1",1200,628,true],"really-simple-thumb":["https:\/\/i0.wp.com\/ismaelcolosi.com.br\/wp-content\/uploads\/2024\/01\/postimg-65a369aea38406211.jpg?resize=370%2C247&ssl=1",370,247,true]},"uagb_author_info":{"display_name":"ismaelcolosi.com.br","author_link":"https:\/\/ismaelcolosi.com.br\/index.php\/author\/vidareal-online\/"},"uagb_comment_info":0,"uagb_excerpt":"Nos \u00faltimos dias alguns v\u00eddeos que mostram a brincadeira de um palha\u00e7o diante de um \u2018trenzinho da alegria\u2019, viralizou nas redes sociais. O caso ganhou...","jetpack-related-posts":[{"id":26489,"url":"https:\/\/ismaelcolosi.com.br\/index.php\/2024\/01\/10\/crianca-franca-vestida-de-fofao-danca-em-trenzinho-e-video-viraliza-entenda\/","url_meta":{"origin":27957,"position":0},"title":"Crian\u00e7a de Franca vestida de Fof\u00e3o dan\u00e7a em trenzinho e v\u00eddeo viraliza; Entenda","author":"ismaelcolosi.com.br","date":"10 de January de 2024","format":false,"excerpt":"O v\u00eddeo do pequeno Gael, de apenas 2 anos, vestido de Fof\u00e3o dan\u00e7ando em um trenzinho da alegria viralizou na internet \u2013 Veja o v\u00eddeo abaixo. A crian\u00e7a \u00e9 de Franca, na regi\u00e3o de Ribeir\u00e3o Preto, e o v\u00eddeo foi publicado pela m\u00e3e do garoto nas redes sociais no \u00faltimo\u2026","rel":"","context":"In &quot;Not\u00edcias de Ribeir\u00e3o Preto-SP e Regi\u00e3o&quot;","block_context":{"text":"Not\u00edcias de Ribeir\u00e3o Preto-SP e Regi\u00e3o","link":"https:\/\/ismaelcolosi.com.br\/index.php\/category\/noticias-de-ribeirao-preto-sp-e-regiao-ismael-colosi\/"},"img":{"alt_text":"","src":"https:\/\/i0.wp.com\/ismaelcolosi.com.br\/wp-content\/uploads\/2024\/01\/FOFAO-FRANCA-STORIES.jpg?fit=516%2C564&ssl=1&resize=350%2C200","width":350,"height":200},"classes":[]},{"id":53778,"url":"https:\/\/ismaelcolosi.com.br\/index.php\/2024\/06\/19\/morre-primeiro-interprete-do-palhaco-bozo-no-brasil\/","url_meta":{"origin":27957,"position":1},"title":"Morre primeiro int\u00e9rprete do palha\u00e7o Bozo no Brasil","author":"ismaelcolosi.com.br","date":"19 de June de 2024","format":false,"excerpt":"O primeiro int\u00e9rprete do Bozo no Brasil morreu na noite desta ter\u00e7a-feira (18), aos 73 anos, em Balne\u00e1rio Cambori\u00fa (SC). Wanderley Tribeck foi v\u00edtima de um infarto. A informa\u00e7\u00e3o foi confirmada por Wanderley Tribeck J\u00fanior, filho do artista, por meio de um v\u00eddeo publicado nas redes sociais \u2013 veja abaixo.\u2026","rel":"","context":"In &quot;Not\u00edcias de Ribeir\u00e3o Preto-SP e Regi\u00e3o&quot;","block_context":{"text":"Not\u00edcias de Ribeir\u00e3o Preto-SP e Regi\u00e3o","link":"https:\/\/ismaelcolosi.com.br\/index.php\/category\/noticias-de-ribeirao-preto-sp-e-regiao-ismael-colosi\/"},"img":{"alt_text":"","src":"https:\/\/i0.wp.com\/ismaelcolosi.com.br\/wp-content\/uploads\/2024\/06\/Copia-de-Copia-de-TAMANHO-EXATO-PARA-FOTOS-NO-SISTEMA-NOVO-83_2024-06-19_15-51-57_png_2024-06-19_15-51-57.webp.webp?fit=1200%2C675&ssl=1&resize=350%2C200","width":350,"height":200,"srcset":"https:\/\/i0.wp.com\/ismaelcolosi.com.br\/wp-content\/uploads\/2024\/06\/Copia-de-Copia-de-TAMANHO-EXATO-PARA-FOTOS-NO-SISTEMA-NOVO-83_2024-06-19_15-51-57_png_2024-06-19_15-51-57.webp.webp?fit=1200%2C675&ssl=1&resize=350%2C200 1x, https:\/\/i0.wp.com\/ismaelcolosi.com.br\/wp-content\/uploads\/2024\/06\/Copia-de-Copia-de-TAMANHO-EXATO-PARA-FOTOS-NO-SISTEMA-NOVO-83_2024-06-19_15-51-57_png_2024-06-19_15-51-57.webp.webp?fit=1200%2C675&ssl=1&resize=525%2C300 1.5x, https:\/\/i0.wp.com\/ismaelcolosi.com.br\/wp-content\/uploads\/2024\/06\/Copia-de-Copia-de-TAMANHO-EXATO-PARA-FOTOS-NO-SISTEMA-NOVO-83_2024-06-19_15-51-57_png_2024-06-19_15-51-57.webp.webp?fit=1200%2C675&ssl=1&resize=700%2C400 2x, https:\/\/i0.wp.com\/ismaelcolosi.com.br\/wp-content\/uploads\/2024\/06\/Copia-de-Copia-de-TAMANHO-EXATO-PARA-FOTOS-NO-SISTEMA-NOVO-83_2024-06-19_15-51-57_png_2024-06-19_15-51-57.webp.webp?fit=1200%2C675&ssl=1&resize=1050%2C600 3x"},"classes":[]},{"id":43785,"url":"https:\/\/ismaelcolosi.com.br\/index.php\/2024\/03\/23\/praca-recebe-a-festa-do-circo\/","url_meta":{"origin":27957,"position":2},"title":"Pra\u00e7a recebe a \u2018Festa do Circo\u2019 \u00a0","author":"ismaelcolosi.com.br","date":"23 de March de 2024","format":false,"excerpt":"23 de mar\u00e7o de 2024 | 11:0823 de mar\u00e7o de 2024 | 11:17 0 Em 27 de mar\u00e7o \u00e9 celebrado o Dia Nacional do Circo, uma homenagem ao patrono da cadeira 29 da Academia de Letras e Artes de Ribeir\u00e3o Preto (Alarp), o ribeir\u00e3o-pretano Abelardo Pinto, o palha\u00e7o \u201cPiolin\u201d, que\u2026","rel":"","context":"In &quot;Not\u00edcias de Ribeir\u00e3o Preto-SP e Regi\u00e3o&quot;","block_context":{"text":"Not\u00edcias de Ribeir\u00e3o Preto-SP e Regi\u00e3o","link":"https:\/\/ismaelcolosi.com.br\/index.php\/category\/noticias-de-ribeirao-preto-sp-e-regiao-ismael-colosi\/"},"img":{"alt_text":"","src":"https:\/\/i0.wp.com\/ismaelcolosi.com.br\/wp-content\/uploads\/2024\/03\/Piolin-Gru-Alfredo-Risk-scaled.jpg?fit=1200%2C800&ssl=1&resize=350%2C200","width":350,"height":200,"srcset":"https:\/\/i0.wp.com\/ismaelcolosi.com.br\/wp-content\/uploads\/2024\/03\/Piolin-Gru-Alfredo-Risk-scaled.jpg?fit=1200%2C800&ssl=1&resize=350%2C200 1x, https:\/\/i0.wp.com\/ismaelcolosi.com.br\/wp-content\/uploads\/2024\/03\/Piolin-Gru-Alfredo-Risk-scaled.jpg?fit=1200%2C800&ssl=1&resize=525%2C300 1.5x, https:\/\/i0.wp.com\/ismaelcolosi.com.br\/wp-content\/uploads\/2024\/03\/Piolin-Gru-Alfredo-Risk-scaled.jpg?fit=1200%2C800&ssl=1&resize=700%2C400 2x, https:\/\/i0.wp.com\/ismaelcolosi.com.br\/wp-content\/uploads\/2024\/03\/Piolin-Gru-Alfredo-Risk-scaled.jpg?fit=1200%2C800&ssl=1&resize=1050%2C600 3x"},"classes":[]},{"id":19502,"url":"https:\/\/ismaelcolosi.com.br\/index.php\/2023\/12\/22\/ao-som-de-funk-briga-de-integrantes-da-carreta-furacao-viraliza-na-web\/","url_meta":{"origin":27957,"position":3},"title":"Ao som de funk, briga de integrantes da Carreta Furac\u00e3o viraliza na web","author":"ismaelcolosi.com.br","date":"22 de December de 2023","format":false,"excerpt":"Entre os assuntos mais\u00a0f\u00e1ceis\u00a0de\u00a0viralizar nas\u00a0redes sociais, as\u00a0brigas\u00a0com\u00a0certeza ocupam\u00a0o p\u00f3dio\u00a0da classifica\u00e7\u00e3o dos\u00a0v\u00eddeos mais\u00a0vistos\u00a0e compartilhados.A jun\u00e7\u00e3o de alguns personagens de desenhos mais conhecidos da tv virou febre pelo Brasil \u00e0 fora. A Carreta Fura\u00e7\u00e3o \u00e9 uma das atra\u00e7\u00f5es mais famosas e divertidas da web.Acontece que nem s\u00f3 de muito gingado e correria\u2026","rel":"","context":"In &quot;Blog&quot;","block_context":{"text":"Blog","link":"https:\/\/ismaelcolosi.com.br\/index.php\/category\/blog\/"},"img":{"alt_text":"","src":"https:\/\/i0.wp.com\/ismaelcolosi.com.br\/wp-content\/uploads\/2023\/12\/postimg-6585ced0ddd088574.jpg?fit=1200%2C628&ssl=1&resize=350%2C200","width":350,"height":200,"srcset":"https:\/\/i0.wp.com\/ismaelcolosi.com.br\/wp-content\/uploads\/2023\/12\/postimg-6585ced0ddd088574.jpg?fit=1200%2C628&ssl=1&resize=350%2C200 1x, https:\/\/i0.wp.com\/ismaelcolosi.com.br\/wp-content\/uploads\/2023\/12\/postimg-6585ced0ddd088574.jpg?fit=1200%2C628&ssl=1&resize=525%2C300 1.5x, https:\/\/i0.wp.com\/ismaelcolosi.com.br\/wp-content\/uploads\/2023\/12\/postimg-6585ced0ddd088574.jpg?fit=1200%2C628&ssl=1&resize=700%2C400 2x, https:\/\/i0.wp.com\/ismaelcolosi.com.br\/wp-content\/uploads\/2023\/12\/postimg-6585ced0ddd088574.jpg?fit=1200%2C628&ssl=1&resize=1050%2C600 3x"},"classes":[]},{"id":20212,"url":"https:\/\/ismaelcolosi.com.br\/index.php\/2023\/12\/24\/video-flagra-momento-em-que-pecador-leva-descarga-eletrica-ao-pegar-peixe-e-cai-duro-dentro-dagua-imagens-viralizam\/","url_meta":{"origin":27957,"position":4},"title":"V\u00eddeo flagra momento em que pecador leva descarga el\u00e9trica ao pegar peixe e cai \u2018duro\u2019 dentro d\u2019\u00e1gua \u2013 Imagens viralizam","author":"ismaelcolosi.com.br","date":"24 de December de 2023","format":false,"excerpt":"O que deveria ser uma tarde comum de pesca entre amigos em um igarap\u00e9, localizado no munic\u00edpio de Iracema, que fica na regi\u00e3o sul do estado de Roraima, acabou se tornando um evento marcante, repleto de surpresas e risadas.Isso porque o pescador Jorge da Silva, de 58 anos, decidiu retirar\u2026","rel":"","context":"In &quot;Blog&quot;","block_context":{"text":"Blog","link":"https:\/\/ismaelcolosi.com.br\/index.php\/category\/blog\/"},"img":{"alt_text":"","src":"https:\/\/i0.wp.com\/ismaelcolosi.com.br\/wp-content\/uploads\/2023\/12\/postimg-6588711cf110b8104.jpg?fit=1200%2C628&ssl=1&resize=350%2C200","width":350,"height":200,"srcset":"https:\/\/i0.wp.com\/ismaelcolosi.com.br\/wp-content\/uploads\/2023\/12\/postimg-6588711cf110b8104.jpg?fit=1200%2C628&ssl=1&resize=350%2C200 1x, https:\/\/i0.wp.com\/ismaelcolosi.com.br\/wp-content\/uploads\/2023\/12\/postimg-6588711cf110b8104.jpg?fit=1200%2C628&ssl=1&resize=525%2C300 1.5x, https:\/\/i0.wp.com\/ismaelcolosi.com.br\/wp-content\/uploads\/2023\/12\/postimg-6588711cf110b8104.jpg?fit=1200%2C628&ssl=1&resize=700%2C400 2x, https:\/\/i0.wp.com\/ismaelcolosi.com.br\/wp-content\/uploads\/2023\/12\/postimg-6588711cf110b8104.jpg?fit=1200%2C628&ssl=1&resize=1050%2C600 3x"},"classes":[]},{"id":31057,"url":"https:\/\/ismaelcolosi.com.br\/index.php\/2024\/01\/20\/chega-ao-fim-a-luta-de-mamma-bruschetta-que-estava-internada-em-sao-paulo-detalhes-sobre-o-desfecho-do-caso-sao-expostos\/","url_meta":{"origin":27957,"position":5},"title":"Chega ao fim a luta de Mamma Bruschetta que estava internada em S\u00e3o Paulo, detalhes sobre o desfecho do caso s\u00e3o expostos","author":"ismaelcolosi.com.br","date":"20 de January de 2024","format":false,"excerpt":"Aos 74 anos, a apresentadora Mamma Bruschetta, que havia sido hospitalizada na Unidade de Terapia Intensiva em S\u00e3o Paulo desde sexta-feira (12), quando renomada artista foi admitida no pronto-socorro do Hospital S\u00e3o Luiz, localizado na regi\u00e3o da Zona Sul de S\u00e3o Paulo, devido a sintomas de tosse e dificuldades respirat\u00f3rias.A\u2026","rel":"","context":"In &quot;Blog&quot;","block_context":{"text":"Blog","link":"https:\/\/ismaelcolosi.com.br\/index.php\/category\/blog\/"},"img":{"alt_text":"","src":"https:\/\/i0.wp.com\/ismaelcolosi.com.br\/wp-content\/uploads\/2024\/01\/postimg-65ac5c20a0e875450.jpg?fit=1200%2C628&ssl=1&resize=350%2C200","width":350,"height":200,"srcset":"https:\/\/i0.wp.com\/ismaelcolosi.com.br\/wp-content\/uploads\/2024\/01\/postimg-65ac5c20a0e875450.jpg?fit=1200%2C628&ssl=1&resize=350%2C200 1x, https:\/\/i0.wp.com\/ismaelcolosi.com.br\/wp-content\/uploads\/2024\/01\/postimg-65ac5c20a0e875450.jpg?fit=1200%2C628&ssl=1&resize=525%2C300 1.5x, https:\/\/i0.wp.com\/ismaelcolosi.com.br\/wp-content\/uploads\/2024\/01\/postimg-65ac5c20a0e875450.jpg?fit=1200%2C628&ssl=1&resize=700%2C400 2x, https:\/\/i0.wp.com\/ismaelcolosi.com.br\/wp-content\/uploads\/2024\/01\/postimg-65ac5c20a0e875450.jpg?fit=1200%2C628&ssl=1&resize=1050%2C600 3x"},"classes":[]}],"jetpack_sharing_enabled":true,"jetpack_shortlink":"https:\/\/wp.me\/pfMlyK-7gV","_links":{"self":[{"href":"https:\/\/ismaelcolosi.com.br\/index.php\/wp-json\/wp\/v2\/posts\/27957","targetHints":{"allow":["GET"]}}],"collection":[{"href":"https:\/\/ismaelcolosi.com.br\/index.php\/wp-json\/wp\/v2\/posts"}],"about":[{"href":"https:\/\/ismaelcolosi.com.br\/index.php\/wp-json\/wp\/v2\/types\/post"}],"author":[{"embeddable":true,"href":"https:\/\/ismaelcolosi.com.br\/index.php\/wp-json\/wp\/v2\/users\/1"}],"replies":[{"embeddable":true,"href":"https:\/\/ismaelcolosi.com.br\/index.php\/wp-json\/wp\/v2\/comments?post=27957"}],"version-history":[{"count":0,"href":"https:\/\/ismaelcolosi.com.br\/index.php\/wp-json\/wp\/v2\/posts\/27957\/revisions"}],"wp:featuredmedia":[{"embeddable":true,"href":"https:\/\/ismaelcolosi.com.br\/index.php\/wp-json\/wp\/v2\/media\/27958"}],"wp:attachment":[{"href":"https:\/\/ismaelcolosi.com.br\/index.php\/wp-json\/wp\/v2\/media?parent=27957"}],"wp:term":[{"taxonomy":"category","embeddable":true,"href":"https:\/\/ismaelcolosi.com.br\/index.php\/wp-json\/wp\/v2\/categories?post=27957"},{"taxonomy":"post_tag","embeddable":true,"href":"https:\/\/ismaelcolosi.com.br\/index.php\/wp-json\/wp\/v2\/tags?post=27957"}],"curies":[{"name":"wp","href":"https:\/\/api.w.org\/{rel}","templated":true}]}}