{"id":27955,"date":"2024-01-14T01:30:05","date_gmt":"2024-01-14T04:30:05","guid":{"rendered":"https:\/\/ismaelcolosi.com.br\/index.php\/2024\/01\/14\/86a-reuniao-geral-da-fnp-ja-tem-data-e-local\/"},"modified":"2024-01-14T01:30:05","modified_gmt":"2024-01-14T04:30:05","slug":"86a-reuniao-geral-da-fnp-ja-tem-data-e-local","status":"publish","type":"post","link":"https:\/\/ismaelcolosi.com.br\/index.php\/2024\/01\/14\/86a-reuniao-geral-da-fnp-ja-tem-data-e-local\/","title":{"rendered":"\u00a086\u00aa Reuni\u00e3o Geral da FNP j\u00e1 tem data e local"},"content":{"rendered":"<p> <br \/>\n<\/p>\n<div id=\"post-370190\">\n<header class=\"entry-header penci-entry-header penci-title-center\">\n<p> <span class=\"entry-meta-item penci-posted-on\"><i class=\"fa fa-clock-o\"\/><time class=\"entry-date published\" datetime=\"2024-01-13T10:03:36-03:00\">13 de janeiro de 2024 | 10:03<\/time><time class=\"updated\" datetime=\"2024-01-12T15:08:36-03:00\">12 de janeiro de 2024 | 15:08<\/time><\/span><\/p>\n<p> <span class=\"penci-social-buttons penci-social-share-footer\"><a href=\"#\" class=\"penci-post-like penci_post-meta_item  single-like-button penci-social-item like\" data-post_id=\"370190\" title=\"Like\" data-like=\"Like\" data-unlike=\"Unlike\"><i class=\"fa fa-thumbs-o-up\"\/><span class=\"penci-share-number\">0<\/span><\/a><i class=\"fa fa-facebook\"\/><a class=\"penci-social-item twitter\" target=\"_blank\" rel=\"noopener\" title=\"\" href=\"https:\/\/twitter.com\/intent\/tweet?text=\u00a086\u00aa%20Reuni\u00e3o%20Geral%20da%20FNP%20j\u00e1%20tem%20data%20e%20local%20-%20https:\/\/www.tribunaribeirao.com.br\/site\/86a-reuniao-geral-da-fnp-ja-tem-data-e-local\/\"><i class=\"fa fa-twitter\"\/><\/a><i class=\"fa fa-whatsapp\"\/><\/span><\/header>\n<div class=\"penci-entry-content entry-content\">\n<p>Ribeir\u00e3o Preto\/SP vai sediar a 86\u00aa Reuni\u00e3o Geral da Frente Nacional de Prefeitas e Prefeitos (FNP), nos dias 18 e 19 de abril (quinta e sexta-feira).<\/p><div class='code-block code-block-8' style='margin: 8px auto; text-align: center; display: block; clear: both;'>\n<script>\n  atOptions = {\n    'key' : '66e2e2111ca34da796271819fc334058',\n    'format' : 'iframe',\n    'height' : 250,\n    'width' : 300,\n    'params' : {}\n  };\n<\/script>\n<script src=\"https:\/\/www.highperformanceformat.com\/66e2e2111ca34da796271819fc334058\/invoke.js\"><\/script>\n<\/div>\n\n<p>O evento j\u00e1 tem presen\u00e7a confirmada do vice-presidente da Rep\u00fablica, Geraldo Alckmin, que esteve com o prefeito anfitri\u00e3o, Duarte Nogueira, vice-presidente de Rela\u00e7\u00f5es com o Congresso Nacional da FNP.<\/p>\n<p>Programa\u00e7\u00e3o, inscri\u00e7\u00f5es e sugest\u00f5es de hospedagem ser\u00e3o divulgadas em breve no site da FNP \u2013 www.fnp.org.br<\/p>\n<\/div>\n<footer class=\"penci-entry-footer\"\/><\/div>\n<p><script async src=\"\/\/platform.twitter.com\/widgets.js\" charset=\"utf-8\"><\/script><br \/>\n<br \/><br \/>\n<br \/><a href=\"https:\/\/www.tribunaribeirao.com.br\/site\/86a-reuniao-geral-da-fnp-ja-tem-data-e-local\/\">Source link <\/a><\/p>\n<div class='code-block code-block-4' style='margin: 8px auto 8px 0; text-align: left; display: block; clear: both;'>\n\ud83d\udce2 Aviso Legal\n\nO site ismaelcolosi.com.br atua apenas como um canal de divulga\u00e7\u00e3o de oportunidades de emprego e n\u00e3o se responsabiliza pelo processo seletivo, contrata\u00e7\u00e3o ou qualquer outra etapa relacionada \u00e0s vagas publicadas. Todas as informa\u00e7\u00f5es s\u00e3o de responsabilidade dos anunciantes.\n\n\u26a0\ufe0f Aten\u00e7\u00e3o! Nunca pague por promessas de emprego nem compre cursos que garantam contrata\u00e7\u00e3o. Desconfie de qualquer cobran\u00e7a para participar de sele\u00e7\u00f5es.\n\n\n\n<\/div>\n<!-- CONTENT END 1 -->\n","protected":false},"excerpt":{"rendered":"<p>13 de janeiro de 2024 | 10:0312 de janeiro de 2024 | 15:08 0 Ribeir\u00e3o Preto\/SP vai sediar a 86\u00aa Reuni\u00e3o Geral da Frente Nacional&#8230;<\/p>\n","protected":false},"author":1,"featured_media":27956,"comment_status":"open","ping_status":"open","sticky":false,"template":"","format":"standard","meta":{"_uag_custom_page_level_css":"","advanced_seo_description":"","jetpack_seo_html_title":"","jetpack_seo_noindex":false,"jetpack_post_was_ever_published":false,"_jetpack_newsletter_access":"","_jetpack_dont_email_post_to_subs":false,"_jetpack_newsletter_tier_id":0,"_jetpack_memberships_contains_paywalled_content":false,"_jetpack_memberships_contains_paid_content":false,"footnotes":"","jetpack_publicize_message":"","jetpack_publicize_feature_enabled":true,"jetpack_social_post_already_shared":true,"jetpack_social_options":{"image_generator_settings":{"template":"highway","default_image_id":0,"font":"","enabled":false},"version":2}},"categories":[11],"tags":[3494,293,3463,951,292,613,1480,162],"class_list":["post-27955","post","type-post","status-publish","format-standard","has-post-thumbnail","hentry","category-noticias-de-ribeirao-preto-sp-e-regiao-ismael-colosi","tag-86a","tag-data","tag-fnp","tag-geral","tag-ja","tag-local","tag-reuniao","tag-tem"],"jetpack_publicize_connections":[],"jetpack_featured_media_url":"https:\/\/i0.wp.com\/ismaelcolosi.com.br\/wp-content\/uploads\/2024\/01\/ReuniaoFNP-Divulgacao-01-1-scaled.jpg?fit=860%2C645&ssl=1","uagb_featured_image_src":{"full":["https:\/\/i0.wp.com\/ismaelcolosi.com.br\/wp-content\/uploads\/2024\/01\/ReuniaoFNP-Divulgacao-01-1-scaled.jpg?fit=860%2C645&ssl=1",860,645,false],"thumbnail":["https:\/\/i0.wp.com\/ismaelcolosi.com.br\/wp-content\/uploads\/2024\/01\/ReuniaoFNP-Divulgacao-01-1-scaled.jpg?resize=150%2C150&ssl=1",150,150,true],"medium":["https:\/\/i0.wp.com\/ismaelcolosi.com.br\/wp-content\/uploads\/2024\/01\/ReuniaoFNP-Divulgacao-01-1-scaled.jpg?fit=300%2C225&ssl=1",300,225,true],"medium_large":["https:\/\/i0.wp.com\/ismaelcolosi.com.br\/wp-content\/uploads\/2024\/01\/ReuniaoFNP-Divulgacao-01-1-scaled.jpg?fit=768%2C576&ssl=1",768,576,true],"large":["https:\/\/i0.wp.com\/ismaelcolosi.com.br\/wp-content\/uploads\/2024\/01\/ReuniaoFNP-Divulgacao-01-1-scaled.jpg?fit=860%2C645&ssl=1",860,645,true],"1536x1536":["https:\/\/i0.wp.com\/ismaelcolosi.com.br\/wp-content\/uploads\/2024\/01\/ReuniaoFNP-Divulgacao-01-1-scaled.jpg?fit=860%2C645&ssl=1",860,645,true],"2048x2048":["https:\/\/i0.wp.com\/ismaelcolosi.com.br\/wp-content\/uploads\/2024\/01\/ReuniaoFNP-Divulgacao-01-1-scaled.jpg?fit=860%2C645&ssl=1",860,645,true],"really-simple-thumb":["https:\/\/i0.wp.com\/ismaelcolosi.com.br\/wp-content\/uploads\/2024\/01\/ReuniaoFNP-Divulgacao-01-1-scaled.jpg?resize=370%2C247&ssl=1",370,247,true]},"uagb_author_info":{"display_name":"ismaelcolosi.com.br","author_link":"https:\/\/ismaelcolosi.com.br\/index.php\/author\/vidareal-online\/"},"uagb_comment_info":0,"uagb_excerpt":"13 de janeiro de 2024 | 10:0312 de janeiro de 2024 | 15:08 0 Ribeir\u00e3o Preto\/SP vai sediar a 86\u00aa Reuni\u00e3o Geral da Frente Nacional...","jetpack-related-posts":[{"id":27712,"url":"https:\/\/ismaelcolosi.com.br\/index.php\/2024\/01\/13\/alckmin-deve-vir-a-rp-no-mes-de-abril\/","url_meta":{"origin":27955,"position":0},"title":"Alckmin estar\u00e1 em Ribeir\u00e3o para participar da FNP","author":"ismaelcolosi.com.br","date":"13 de January de 2024","format":false,"excerpt":"12 de janeiro de 2024 | 15:3012 de janeiro de 2024 | 15:00 0Na manh\u00e3 desta quinta-feira, 11 de janeiro, o prefeito Duarte Nogueira (PSDB) esteve em audi\u00eancia com o vice-presidente da Rep\u00fablica, Geraldo Alckmin (PSB). O objetivo do encontro foi formalizar o convite para a participa\u00e7\u00e3o do tamb\u00e9m ministro\u2026","rel":"","context":"In &quot;Not\u00edcias de Ribeir\u00e3o Preto-SP e Regi\u00e3o&quot;","block_context":{"text":"Not\u00edcias de Ribeir\u00e3o Preto-SP e Regi\u00e3o","link":"https:\/\/ismaelcolosi.com.br\/index.php\/category\/noticias-de-ribeirao-preto-sp-e-regiao-ismael-colosi\/"},"img":{"alt_text":"","src":"https:\/\/i0.wp.com\/ismaelcolosi.com.br\/wp-content\/uploads\/2024\/01\/ReuniaoFNP-Divulgacao-01-scaled.jpg?fit=860%2C645&ssl=1&resize=350%2C200","width":350,"height":200,"srcset":"https:\/\/i0.wp.com\/ismaelcolosi.com.br\/wp-content\/uploads\/2024\/01\/ReuniaoFNP-Divulgacao-01-scaled.jpg?fit=860%2C645&ssl=1&resize=350%2C200 1x, https:\/\/i0.wp.com\/ismaelcolosi.com.br\/wp-content\/uploads\/2024\/01\/ReuniaoFNP-Divulgacao-01-scaled.jpg?fit=860%2C645&ssl=1&resize=525%2C300 1.5x, https:\/\/i0.wp.com\/ismaelcolosi.com.br\/wp-content\/uploads\/2024\/01\/ReuniaoFNP-Divulgacao-01-scaled.jpg?fit=860%2C645&ssl=1&resize=700%2C400 2x"},"classes":[]},{"id":31561,"url":"https:\/\/ismaelcolosi.com.br\/index.php\/2024\/01\/22\/nogueira-cumpre-agenda-em-brasilia\/","url_meta":{"origin":27955,"position":1},"title":"Nogueira cumpre agenda em Bras\u00edlia","author":"ismaelcolosi.com.br","date":"22 de January de 2024","format":false,"excerpt":"22 de janeiro de 2024 | 16:59 0O prefeito de Ribeir\u00e3o Preto, Duarte Nogueira (PSDB) cumpriu agenda nesta segunda-feira, 22 de janeiro, em Bras\u00edlia. Al\u00e9m de reuni\u00e3o na Frente Nacional dos Prefeitos (FNP) ele se reuniu com ministros do governo federal. Nogueira \u00e9 vice-presidente de Rela\u00e7\u00f5es com o Congresso Nacional\u2026","rel":"","context":"In &quot;Not\u00edcias de Ribeir\u00e3o Preto-SP e Regi\u00e3o&quot;","block_context":{"text":"Not\u00edcias de Ribeir\u00e3o Preto-SP e Regi\u00e3o","link":"https:\/\/ismaelcolosi.com.br\/index.php\/category\/noticias-de-ribeirao-preto-sp-e-regiao-ismael-colosi\/"},"img":{"alt_text":"","src":"https:\/\/i0.wp.com\/ismaelcolosi.com.br\/wp-content\/uploads\/2024\/01\/WhatsApp-Image-2024-01-22-at-16.37.59-scaled.jpeg?fit=940%2C645&ssl=1&resize=350%2C200","width":350,"height":200,"srcset":"https:\/\/i0.wp.com\/ismaelcolosi.com.br\/wp-content\/uploads\/2024\/01\/WhatsApp-Image-2024-01-22-at-16.37.59-scaled.jpeg?fit=940%2C645&ssl=1&resize=350%2C200 1x, https:\/\/i0.wp.com\/ismaelcolosi.com.br\/wp-content\/uploads\/2024\/01\/WhatsApp-Image-2024-01-22-at-16.37.59-scaled.jpeg?fit=940%2C645&ssl=1&resize=525%2C300 1.5x, https:\/\/i0.wp.com\/ismaelcolosi.com.br\/wp-content\/uploads\/2024\/01\/WhatsApp-Image-2024-01-22-at-16.37.59-scaled.jpeg?fit=940%2C645&ssl=1&resize=700%2C400 2x"},"classes":[]},{"id":33930,"url":"https:\/\/ismaelcolosi.com.br\/index.php\/2024\/01\/31\/estre-ambiental-diz-que-negocia-com-motoristas\/","url_meta":{"origin":27955,"position":2},"title":"Estre Ambiental diz que negocia com motoristas\u00a0","author":"ismaelcolosi.com.br","date":"31 de January de 2024","format":false,"excerpt":"31 de janeiro de 2024 | 10:0030 de janeiro de 2024 | 19:34 0A Estre Ambiental, empresa respons\u00e1vel pela coleta de lixo e pelo gerenciamento e destina\u00e7\u00e3o dos res\u00edduos s\u00f3lidos na cidade, afirmou ao Tribuna que segue em processo de negocia\u00e7\u00e3o com o Sindicato dos Motoristas e Condutores de Ribeir\u00e3o\u2026","rel":"","context":"In &quot;Not\u00edcias de Ribeir\u00e3o Preto-SP e Regi\u00e3o&quot;","block_context":{"text":"Not\u00edcias de Ribeir\u00e3o Preto-SP e Regi\u00e3o","link":"https:\/\/ismaelcolosi.com.br\/index.php\/category\/noticias-de-ribeirao-preto-sp-e-regiao-ismael-colosi\/"},"img":{"alt_text":"","src":"https:\/\/i0.wp.com\/ismaelcolosi.com.br\/wp-content\/uploads\/2024\/01\/Estre-Alfredo-Risk-scaled.jpg?fit=967%2C645&ssl=1&resize=350%2C200","width":350,"height":200,"srcset":"https:\/\/i0.wp.com\/ismaelcolosi.com.br\/wp-content\/uploads\/2024\/01\/Estre-Alfredo-Risk-scaled.jpg?fit=967%2C645&ssl=1&resize=350%2C200 1x, https:\/\/i0.wp.com\/ismaelcolosi.com.br\/wp-content\/uploads\/2024\/01\/Estre-Alfredo-Risk-scaled.jpg?fit=967%2C645&ssl=1&resize=525%2C300 1.5x, https:\/\/i0.wp.com\/ismaelcolosi.com.br\/wp-content\/uploads\/2024\/01\/Estre-Alfredo-Risk-scaled.jpg?fit=967%2C645&ssl=1&resize=700%2C400 2x"},"classes":[]},{"id":38721,"url":"https:\/\/ismaelcolosi.com.br\/index.php\/2024\/02\/21\/secretario-de-estado-dos-eua-chega-ao-planalto-para-reuniao-com-lula\/","url_meta":{"origin":27955,"position":3},"title":"Secret\u00e1rio de Estado dos EUA chega ao Planalto para reuni\u00e3o com Lula","author":"ismaelcolosi.com.br","date":"21 de February de 2024","format":false,"excerpt":"Por Sofia AguiarO secret\u00e1rio de Estado dos Estados Unidos, Antony Blinken, chegou na manh\u00e3 desta quarta-feira, 21, ao Pal\u00e1cio do Planalto para se reunir com o presidente Luiz In\u00e1cio Lula da Silva. A visita ocorre no \u00e2mbito da reuni\u00e3o de chanceleres do G20, que ser\u00e1 realizada no Rio de Janeiro,\u2026","rel":"","context":"In &quot;Not\u00edcias de Ribeir\u00e3o Preto-SP e Regi\u00e3o&quot;","block_context":{"text":"Not\u00edcias de Ribeir\u00e3o Preto-SP e Regi\u00e3o","link":"https:\/\/ismaelcolosi.com.br\/index.php\/category\/noticias-de-ribeirao-preto-sp-e-regiao-ismael-colosi\/"},"img":{"alt_text":"","src":"https:\/\/i0.wp.com\/ismaelcolosi.com.br\/wp-content\/uploads\/2024\/02\/1_antony-35127548.jpeg?fit=675%2C450&ssl=1&resize=350%2C200","width":350,"height":200,"srcset":"https:\/\/i0.wp.com\/ismaelcolosi.com.br\/wp-content\/uploads\/2024\/02\/1_antony-35127548.jpeg?fit=675%2C450&ssl=1&resize=350%2C200 1x, https:\/\/i0.wp.com\/ismaelcolosi.com.br\/wp-content\/uploads\/2024\/02\/1_antony-35127548.jpeg?fit=675%2C450&ssl=1&resize=525%2C300 1.5x"},"classes":[]},{"id":38546,"url":"https:\/\/ismaelcolosi.com.br\/index.php\/2024\/02\/20\/nove-cultural-sera-no-dia-25\/","url_meta":{"origin":27955,"position":4},"title":"Nove Cultural\u00a0ser\u00e1 no dia 25\u00a0","author":"ismaelcolosi.com.br","date":"20 de February de 2024","format":false,"excerpt":"20 de fevereiro de 2024 | 15:0020 de fevereiro de 2024 | 8:21 0Na \u00faltima sexta-feira, 16 de fevereiro, a Secretaria da Cultura e Turismo de Ribeir\u00e3o Preto promoveu uma reuni\u00e3o geral com as secretarias e autarquias municipais para definir detalhes do projeto de ocupa\u00e7\u00e3o cultural da Nove de Julho,\u2026","rel":"","context":"In &quot;Not\u00edcias de Ribeir\u00e3o Preto-SP e Regi\u00e3o&quot;","block_context":{"text":"Not\u00edcias de Ribeir\u00e3o Preto-SP e Regi\u00e3o","link":"https:\/\/ismaelcolosi.com.br\/index.php\/category\/noticias-de-ribeirao-preto-sp-e-regiao-ismael-colosi\/"},"img":{"alt_text":"","src":"https:\/\/i0.wp.com\/ismaelcolosi.com.br\/wp-content\/uploads\/2024\/02\/NoveCUL-Divulgacao-scaled.jpeg?fit=860%2C645&ssl=1&resize=350%2C200","width":350,"height":200,"srcset":"https:\/\/i0.wp.com\/ismaelcolosi.com.br\/wp-content\/uploads\/2024\/02\/NoveCUL-Divulgacao-scaled.jpeg?fit=860%2C645&ssl=1&resize=350%2C200 1x, https:\/\/i0.wp.com\/ismaelcolosi.com.br\/wp-content\/uploads\/2024\/02\/NoveCUL-Divulgacao-scaled.jpeg?fit=860%2C645&ssl=1&resize=525%2C300 1.5x, https:\/\/i0.wp.com\/ismaelcolosi.com.br\/wp-content\/uploads\/2024\/02\/NoveCUL-Divulgacao-scaled.jpeg?fit=860%2C645&ssl=1&resize=700%2C400 2x"},"classes":[]},{"id":28953,"url":"https:\/\/ismaelcolosi.com.br\/index.php\/2024\/01\/17\/vacinacao-contra-a-dengue-vai-priorizar-jovens-de-6-a-16-anos\/","url_meta":{"origin":27955,"position":5},"title":"Vacina\u00e7\u00e3o contra a dengue vai priorizar jovens de 6 a 16 anos\u00a0","author":"ismaelcolosi.com.br","date":"17 de January de 2024","format":false,"excerpt":"16 de janeiro de 2024 | 14:0016 de janeiro de 2024 | 9:10 0O Minist\u00e9rio da Sa\u00fade informou nesta segunda-feira, 15 de janeiro, que ir\u00e1 priorizar a faixa et\u00e1ria de 6 a 16 anos na aplica\u00e7\u00e3o da vacina contra a dengue. O pa\u00eds ir\u00e1 adquirir 5,2 milh\u00f5es doses da Qdenga,\u2026","rel":"","context":"In &quot;Not\u00edcias de Ribeir\u00e3o Preto-SP e Regi\u00e3o&quot;","block_context":{"text":"Not\u00edcias de Ribeir\u00e3o Preto-SP e Regi\u00e3o","link":"https:\/\/ismaelcolosi.com.br\/index.php\/category\/noticias-de-ribeirao-preto-sp-e-regiao-ismael-colosi\/"},"img":{"alt_text":"","src":"https:\/\/i0.wp.com\/ismaelcolosi.com.br\/wp-content\/uploads\/2024\/01\/DengueVAC-Rogerio-Vidmantas-Prefeitura-de-Dourados-scaled.jpg?fit=1000%2C604&ssl=1&resize=350%2C200","width":350,"height":200,"srcset":"https:\/\/i0.wp.com\/ismaelcolosi.com.br\/wp-content\/uploads\/2024\/01\/DengueVAC-Rogerio-Vidmantas-Prefeitura-de-Dourados-scaled.jpg?fit=1000%2C604&ssl=1&resize=350%2C200 1x, https:\/\/i0.wp.com\/ismaelcolosi.com.br\/wp-content\/uploads\/2024\/01\/DengueVAC-Rogerio-Vidmantas-Prefeitura-de-Dourados-scaled.jpg?fit=1000%2C604&ssl=1&resize=525%2C300 1.5x, https:\/\/i0.wp.com\/ismaelcolosi.com.br\/wp-content\/uploads\/2024\/01\/DengueVAC-Rogerio-Vidmantas-Prefeitura-de-Dourados-scaled.jpg?fit=1000%2C604&ssl=1&resize=700%2C400 2x"},"classes":[]}],"jetpack_sharing_enabled":true,"jetpack_shortlink":"https:\/\/wp.me\/pfMlyK-7gT","_links":{"self":[{"href":"https:\/\/ismaelcolosi.com.br\/index.php\/wp-json\/wp\/v2\/posts\/27955","targetHints":{"allow":["GET"]}}],"collection":[{"href":"https:\/\/ismaelcolosi.com.br\/index.php\/wp-json\/wp\/v2\/posts"}],"about":[{"href":"https:\/\/ismaelcolosi.com.br\/index.php\/wp-json\/wp\/v2\/types\/post"}],"author":[{"embeddable":true,"href":"https:\/\/ismaelcolosi.com.br\/index.php\/wp-json\/wp\/v2\/users\/1"}],"replies":[{"embeddable":true,"href":"https:\/\/ismaelcolosi.com.br\/index.php\/wp-json\/wp\/v2\/comments?post=27955"}],"version-history":[{"count":0,"href":"https:\/\/ismaelcolosi.com.br\/index.php\/wp-json\/wp\/v2\/posts\/27955\/revisions"}],"wp:featuredmedia":[{"embeddable":true,"href":"https:\/\/ismaelcolosi.com.br\/index.php\/wp-json\/wp\/v2\/media\/27956"}],"wp:attachment":[{"href":"https:\/\/ismaelcolosi.com.br\/index.php\/wp-json\/wp\/v2\/media?parent=27955"}],"wp:term":[{"taxonomy":"category","embeddable":true,"href":"https:\/\/ismaelcolosi.com.br\/index.php\/wp-json\/wp\/v2\/categories?post=27955"},{"taxonomy":"post_tag","embeddable":true,"href":"https:\/\/ismaelcolosi.com.br\/index.php\/wp-json\/wp\/v2\/tags?post=27955"}],"curies":[{"name":"wp","href":"https:\/\/api.w.org\/{rel}","templated":true}]}}