{"id":2791,"date":"2023-11-16T16:49:21","date_gmt":"2023-11-16T19:49:21","guid":{"rendered":"https:\/\/ismaelcolosi.com.br\/index.php\/2023\/11\/16\/tarado-vagabundo-procurado-pela-justica-e-preso-apos-se-masturbar-perto-de-duas-mulheres-em-rp-x-tudo-ribeirao\/"},"modified":"2023-11-16T16:49:21","modified_gmt":"2023-11-16T19:49:21","slug":"tarado-vagabundo-procurado-pela-justica-e-preso-apos-se-masturbar-perto-de-duas-mulheres-em-rp-x-tudo-ribeirao","status":"publish","type":"post","link":"https:\/\/ismaelcolosi.com.br\/index.php\/2023\/11\/16\/tarado-vagabundo-procurado-pela-justica-e-preso-apos-se-masturbar-perto-de-duas-mulheres-em-rp-x-tudo-ribeirao\/","title":{"rendered":"TARADO VAGABUNDO procurado pela JUSTI\u00c7A \u00e9 preso ap\u00f3s se masturbar perto de duas mulheres em RP \u2013 X Tudo Ribeir\u00e3o"},"content":{"rendered":"<p> <br \/>\n<\/p>\n<div>\n<p>Um VAGABUNDO TARADO procurado pela Justi\u00e7a foi preso pela Pol\u00edcia Militar ap\u00f3s ser flagrado se masturbando na frente de duas mulheres na tarde desta quarta-feira (15\/11), no Jardim Anhanguera, na zona Leste de Ribeir\u00e3o Preto.\u00a0<\/p>\n<p>Segundo informa\u00e7\u00f5es da PM, por volta das 14h25 os Policiais foram acionados por populares que teria um LIXO DA SOCIEDADE detido ap\u00f3s ser flagrado se masturbando para duas mulheres em uma empresa na rua Coronel Mariano de Melo. Rapidamente os PMs foram at\u00e9 o local, e constataram o VAGABUNDO detido pelos populares.\u00a0<\/p><div class='code-block code-block-8' style='margin: 8px auto; text-align: center; display: block; clear: both;'>\n<script>\n  atOptions = {\n    'key' : '66e2e2111ca34da796271819fc334058',\n    'format' : 'iframe',\n    'height' : 250,\n    'width' : 300,\n    'params' : {}\n  };\n<\/script>\n<script src=\"https:\/\/www.highperformanceformat.com\/66e2e2111ca34da796271819fc334058\/invoke.js\"><\/script>\n<\/div>\n\n<p><strong>O CRIME<\/strong><\/p>\n<p>Consta no B.O (boletim de ocorr\u00eancia), que o VAGABUNDO aproveitando que estava duas mulheres, sendo uma jovem de 17 e 28 anos, sozinhas em uma confeitaria, teria sacado seu \u00f3rg\u00e3o genital, e come\u00e7ou a se masturbar.\u00a0<\/p>\n<p>As v\u00edtimas come\u00e7aram a gritar, sendo acolhidas por vizinhos que conseguiram deter o LIXO.\u00a0<\/p>\n<p><strong>CONDENADO POR ROUBO<\/strong><\/p>\n<p>Durante pesquisas no sistema da Pol\u00edcia, foi identificado um mandado de pris\u00e3o, em desfavor do VAGABUNDO, identificado como Ubirat\u00e3 Victor da Silva, de 2 anos e oito meses em regime fechado.\u00a0<\/p>\n<p>A ocorr\u00eancia foi encaminhada para CPJ (Central de Pol\u00edcia Judici\u00e1ria), onde o foi lavrado o B.O de ato obsceno e captura de procurado.\u00a0<\/p>\n<\/p><\/div>\n<p><br \/>\n<br \/><a href=\"https:\/\/xtudoribeirao.com.br\/2023\/11\/16\/tarado-vagabundo-procurado-pela-justica-e-preso-apos-se-masturbar-perto-de-duas-mulheres-em-rp\/?utm_source=rss&#038;utm_medium=rss&#038;utm_campaign=tarado-vagabundo-procurado-pela-justica-e-preso-apos-se-masturbar-perto-de-duas-mulheres-em-rp\">Source link <\/a><\/p>\n<div class='code-block code-block-4' style='margin: 8px auto 8px 0; text-align: left; display: block; clear: both;'>\n\ud83d\udce2 Aviso Legal\n\nO site ismaelcolosi.com.br atua apenas como um canal de divulga\u00e7\u00e3o de oportunidades de emprego e n\u00e3o se responsabiliza pelo processo seletivo, contrata\u00e7\u00e3o ou qualquer outra etapa relacionada \u00e0s vagas publicadas. Todas as informa\u00e7\u00f5es s\u00e3o de responsabilidade dos anunciantes.\n\n\u26a0\ufe0f Aten\u00e7\u00e3o! Nunca pague por promessas de emprego nem compre cursos que garantam contrata\u00e7\u00e3o. Desconfie de qualquer cobran\u00e7a para participar de sele\u00e7\u00f5es.\n\n\n\n<\/div>\n<!-- CONTENT END 1 -->\n","protected":false},"excerpt":{"rendered":"<p>Um VAGABUNDO TARADO procurado pela Justi\u00e7a foi preso pela Pol\u00edcia Militar ap\u00f3s ser flagrado se masturbando na frente de duas mulheres na tarde desta quarta-feira&#8230;<\/p>\n","protected":false},"author":1,"featured_media":2792,"comment_status":"open","ping_status":"open","sticky":false,"template":"","format":"standard","meta":{"_uag_custom_page_level_css":"","advanced_seo_description":"","jetpack_seo_html_title":"","jetpack_seo_noindex":false,"jetpack_post_was_ever_published":false,"_jetpack_newsletter_access":"","_jetpack_dont_email_post_to_subs":false,"_jetpack_newsletter_tier_id":0,"_jetpack_memberships_contains_paywalled_content":false,"_jetpack_memberships_contains_paid_content":false,"footnotes":"","jetpack_publicize_message":"","jetpack_publicize_feature_enabled":true,"jetpack_social_post_already_shared":true,"jetpack_social_options":{"image_generator_settings":{"template":"highway","default_image_id":0,"font":"","enabled":false},"version":2}},"categories":[11],"tags":[],"class_list":["post-2791","post","type-post","status-publish","format-standard","has-post-thumbnail","hentry","category-noticias-de-ribeirao-preto-sp-e-regiao-ismael-colosi"],"jetpack_publicize_connections":[],"jetpack_featured_media_url":"https:\/\/i0.wp.com\/ismaelcolosi.com.br\/wp-content\/uploads\/2023\/11\/WhatsApp-Image-2023-11-16-at-16.31.43.jpeg?fit=1050%2C693&ssl=1","uagb_featured_image_src":{"full":["https:\/\/i0.wp.com\/ismaelcolosi.com.br\/wp-content\/uploads\/2023\/11\/WhatsApp-Image-2023-11-16-at-16.31.43.jpeg?fit=1050%2C693&ssl=1",1050,693,false],"thumbnail":["https:\/\/i0.wp.com\/ismaelcolosi.com.br\/wp-content\/uploads\/2023\/11\/WhatsApp-Image-2023-11-16-at-16.31.43.jpeg?resize=150%2C150&ssl=1",150,150,true],"medium":["https:\/\/i0.wp.com\/ismaelcolosi.com.br\/wp-content\/uploads\/2023\/11\/WhatsApp-Image-2023-11-16-at-16.31.43.jpeg?fit=300%2C198&ssl=1",300,198,true],"medium_large":["https:\/\/i0.wp.com\/ismaelcolosi.com.br\/wp-content\/uploads\/2023\/11\/WhatsApp-Image-2023-11-16-at-16.31.43.jpeg?fit=768%2C507&ssl=1",768,507,true],"large":["https:\/\/i0.wp.com\/ismaelcolosi.com.br\/wp-content\/uploads\/2023\/11\/WhatsApp-Image-2023-11-16-at-16.31.43.jpeg?fit=1024%2C676&ssl=1",1024,676,true],"1536x1536":["https:\/\/i0.wp.com\/ismaelcolosi.com.br\/wp-content\/uploads\/2023\/11\/WhatsApp-Image-2023-11-16-at-16.31.43.jpeg?fit=1050%2C693&ssl=1",1050,693,true],"2048x2048":["https:\/\/i0.wp.com\/ismaelcolosi.com.br\/wp-content\/uploads\/2023\/11\/WhatsApp-Image-2023-11-16-at-16.31.43.jpeg?fit=1050%2C693&ssl=1",1050,693,true],"really-simple-thumb":["https:\/\/i0.wp.com\/ismaelcolosi.com.br\/wp-content\/uploads\/2023\/11\/WhatsApp-Image-2023-11-16-at-16.31.43.jpeg?resize=370%2C247&ssl=1",370,247,true]},"uagb_author_info":{"display_name":"ismaelcolosi.com.br","author_link":"https:\/\/ismaelcolosi.com.br\/index.php\/author\/vidareal-online\/"},"uagb_comment_info":0,"uagb_excerpt":"Um VAGABUNDO TARADO procurado pela Justi\u00e7a foi preso pela Pol\u00edcia Militar ap\u00f3s ser flagrado se masturbando na frente de duas mulheres na tarde desta quarta-feira...","jetpack-related-posts":[{"id":37607,"url":"https:\/\/ismaelcolosi.com.br\/index.php\/2024\/02\/17\/utm_sourcerssutm_mediumrssutm_campaignvagabundo-que-abusou-sexualmente-e-obrigou-a-filha-de-15-anos-em-2021-se-prostituir-e-preso-em-ribeirao-preto\/","url_meta":{"origin":2791,"position":0},"title":"VAGABUNDO que abusou sexualmente e obrigou a filha de 15 anos em 2021 se prostituir \u00e9 preso em Ribeir\u00e3o Preto \u2013 X Tudo Ribeir\u00e3o","author":"ismaelcolosi.com.br","date":"17 de February de 2024","format":false,"excerpt":"Um vagabundo que abusou sexualmente e for\u00e7ava a pr\u00f3pria filha a se prostituir no ano de 2021 \u00e9 preso pela Pol\u00edcia Militar ap\u00f3s a Justi\u00e7a expedir seu mandado de pris\u00e3o em Ribeir\u00e3o Preto.\u00a0 Segundo informa\u00e7\u00f5es da Pol\u00edcia, durante o trabalho os Policiais Tenente Louren\u00e7o e o Cabo T\u00e1rtaro, receberam uma\u2026","rel":"","context":"In &quot;Not\u00edcias de Ribeir\u00e3o Preto-SP e Regi\u00e3o&quot;","block_context":{"text":"Not\u00edcias de Ribeir\u00e3o Preto-SP e Regi\u00e3o","link":"https:\/\/ismaelcolosi.com.br\/index.php\/category\/noticias-de-ribeirao-preto-sp-e-regiao-ismael-colosi\/"},"img":{"alt_text":"","src":"https:\/\/i0.wp.com\/ismaelcolosi.com.br\/wp-content\/uploads\/2024\/02\/WhatsApp-Image-2024-02-17-at-00.19.39.jpeg?fit=554%2C554&ssl=1&resize=350%2C200","width":350,"height":200,"srcset":"https:\/\/i0.wp.com\/ismaelcolosi.com.br\/wp-content\/uploads\/2024\/02\/WhatsApp-Image-2024-02-17-at-00.19.39.jpeg?fit=554%2C554&ssl=1&resize=350%2C200 1x, https:\/\/i0.wp.com\/ismaelcolosi.com.br\/wp-content\/uploads\/2024\/02\/WhatsApp-Image-2024-02-17-at-00.19.39.jpeg?fit=554%2C554&ssl=1&resize=525%2C300 1.5x"},"classes":[]},{"id":32193,"url":"https:\/\/ismaelcolosi.com.br\/index.php\/2024\/01\/24\/utm_sourcerssutm_mediumrssutm_campaignvagabundo-safado-condenado-por-mais-de-23-anos-de-cadeia-por-abusar-da-propria-filha-e-preso-no-ipiranga\/","url_meta":{"origin":2791,"position":1},"title":"VAGABUNDO SAFADO condenado por mais de 23 anos de CADEIA por abusar da pr\u00f3pria filha \u00e9 preso no Ipiranga \u2013 X Tudo Ribeir\u00e3o","author":"ismaelcolosi.com.br","date":"24 de January de 2024","format":false,"excerpt":"Um VAGABUNDO SAFADO foragido da JUSTI\u00c7A condenado a mais de 23 anos de CADEIA por abusar sexualmente da pr\u00f3pria filha foi preso pela equipe da PM (Pol\u00edcia Militar) composta pelos Policiais Tenente Louren\u00e7o e Cabo Tartaro, na noite desta ter\u00e7a-feira (23\/1), no bairro Ipiranga, na zona Norte de Ribeir\u00e3o Preto.\u00a0\u2026","rel":"","context":"In &quot;Not\u00edcias de Ribeir\u00e3o Preto-SP e Regi\u00e3o&quot;","block_context":{"text":"Not\u00edcias de Ribeir\u00e3o Preto-SP e Regi\u00e3o","link":"https:\/\/ismaelcolosi.com.br\/index.php\/category\/noticias-de-ribeirao-preto-sp-e-regiao-ismael-colosi\/"},"img":{"alt_text":"","src":"https:\/\/i0.wp.com\/ismaelcolosi.com.br\/wp-content\/uploads\/2024\/01\/WhatsApp-Image-2024-01-24-at-10.54.34.jpeg?fit=554%2C554&ssl=1&resize=350%2C200","width":350,"height":200,"srcset":"https:\/\/i0.wp.com\/ismaelcolosi.com.br\/wp-content\/uploads\/2024\/01\/WhatsApp-Image-2024-01-24-at-10.54.34.jpeg?fit=554%2C554&ssl=1&resize=350%2C200 1x, https:\/\/i0.wp.com\/ismaelcolosi.com.br\/wp-content\/uploads\/2024\/01\/WhatsApp-Image-2024-01-24-at-10.54.34.jpeg?fit=554%2C554&ssl=1&resize=525%2C300 1.5x"},"classes":[]},{"id":13231,"url":"https:\/\/ismaelcolosi.com.br\/index.php\/2023\/12\/09\/utm_sourcerssutm_mediumrssutm_campaignvagabundo-preso-que-participou-de-roubo-e-estupro-teria-trabalhado-na-fazenda-por-tres-meses-em-serra-azul\/","url_meta":{"origin":2791,"position":2},"title":"VAGABUNDO preso que participou de roubo e estupro teria trabalhado na fazenda por tr\u00eas meses em Serra Azul \u2013 X Tudo Ribeir\u00e3o","author":"ismaelcolosi.com.br","date":"9 de December de 2023","format":false,"excerpt":"O VAGABUNDO preso que roubou e estuprou uma mulher em uma Fazenda na cidade de Serra Azul, teria trabalhado no local por tr\u00eas meses.\u00a0 LEIA MAIS Bandidos abusam sexualmente de mulher durante roubo a uma fazenda em Serra Azul Pol\u00edcia prende um dos VAGABUNDOS que roubou e estuprou uma mulher\u2026","rel":"","context":"In &quot;Not\u00edcias de Ribeir\u00e3o Preto-SP e Regi\u00e3o&quot;","block_context":{"text":"Not\u00edcias de Ribeir\u00e3o Preto-SP e Regi\u00e3o","link":"https:\/\/ismaelcolosi.com.br\/index.php\/category\/noticias-de-ribeirao-preto-sp-e-regiao-ismael-colosi\/"},"img":{"alt_text":"","src":"https:\/\/i0.wp.com\/ismaelcolosi.com.br\/wp-content\/uploads\/2023\/12\/WhatsApp-Image-2023-12-09-at-14.33.45.jpeg?fit=1200%2C803&ssl=1&resize=350%2C200","width":350,"height":200,"srcset":"https:\/\/i0.wp.com\/ismaelcolosi.com.br\/wp-content\/uploads\/2023\/12\/WhatsApp-Image-2023-12-09-at-14.33.45.jpeg?fit=1200%2C803&ssl=1&resize=350%2C200 1x, https:\/\/i0.wp.com\/ismaelcolosi.com.br\/wp-content\/uploads\/2023\/12\/WhatsApp-Image-2023-12-09-at-14.33.45.jpeg?fit=1200%2C803&ssl=1&resize=525%2C300 1.5x, https:\/\/i0.wp.com\/ismaelcolosi.com.br\/wp-content\/uploads\/2023\/12\/WhatsApp-Image-2023-12-09-at-14.33.45.jpeg?fit=1200%2C803&ssl=1&resize=700%2C400 2x, https:\/\/i0.wp.com\/ismaelcolosi.com.br\/wp-content\/uploads\/2023\/12\/WhatsApp-Image-2023-12-09-at-14.33.45.jpeg?fit=1200%2C803&ssl=1&resize=1050%2C600 3x"},"classes":[]},{"id":28652,"url":"https:\/\/ismaelcolosi.com.br\/index.php\/2024\/01\/16\/utm_sourcerssutm_mediumrssutm_campaignpreso-por-3stupr4r-a-propria-filha-em-amparo-morre-apos-passar-mal-na-penitenciaria-de-serra-azul\/","url_meta":{"origin":2791,"position":3},"title":"Preso por 3stupr4r a pr\u00f3pria filha em Amparo, morre ap\u00f3s passar mal na Penitenci\u00e1ria de Serra Azul \u2013 X Tudo Ribeir\u00e3o","author":"ismaelcolosi.com.br","date":"16 de January de 2024","format":false,"excerpt":"Um VAGABUNDO TARADO preso por abusar sexualmente da pr\u00f3pria filha no ano de 2015 na cidade de Amparo, morre ap\u00f3s passar mal nas depend\u00eancias da Penitenci\u00e1ria de Serra Azul.\u00a0 Segundo informa\u00e7\u00f5es do B.O (boletim de ocorr\u00eancia) registrado na CPJ da rua Duque de Caxias, em Ribeir\u00e3o Preto, o safado identificado\u2026","rel":"","context":"In &quot;Not\u00edcias de Ribeir\u00e3o Preto-SP e Regi\u00e3o&quot;","block_context":{"text":"Not\u00edcias de Ribeir\u00e3o Preto-SP e Regi\u00e3o","link":"https:\/\/ismaelcolosi.com.br\/index.php\/category\/noticias-de-ribeirao-preto-sp-e-regiao-ismael-colosi\/"},"img":{"alt_text":"","src":"","width":0,"height":0},"classes":[]},{"id":18172,"url":"https:\/\/ismaelcolosi.com.br\/index.php\/2023\/12\/19\/utm_sourcerssutm_mediumrssutm_campaignprocurado-pela-justica-e-preso-com-carro-duble-pelo-baep-em-jardinopolis\/","url_meta":{"origin":2791,"position":4},"title":"Procurado pela Justi\u00e7a \u00e9 preso com carro dubl\u00ea pelo BAEP em Jardin\u00f3polis \u2013 X Tudo Ribeir\u00e3o","author":"ismaelcolosi.com.br","date":"19 de December de 2023","format":false,"excerpt":"Um homem foi preso, no final da tarde desta segunda-feira (18), depois de ser flagrado portando documento falso e conduzindo um ve\u00edculo dubl\u00ea, na Rua Pl\u00ednio da Silva Reis, em Jardin\u00f3polis. O homem era procurado pela Justi\u00e7a ap\u00f3s ter sido condenado por furto em Bebedouro e sentenciado a dois anos\u2026","rel":"","context":"In &quot;Not\u00edcias de Ribeir\u00e3o Preto-SP e Regi\u00e3o&quot;","block_context":{"text":"Not\u00edcias de Ribeir\u00e3o Preto-SP e Regi\u00e3o","link":"https:\/\/ismaelcolosi.com.br\/index.php\/category\/noticias-de-ribeirao-preto-sp-e-regiao-ismael-colosi\/"},"img":{"alt_text":"","src":"https:\/\/i0.wp.com\/ismaelcolosi.com.br\/wp-content\/uploads\/2023\/12\/Carro-duble.jpg?fit=960%2C909&ssl=1&resize=350%2C200","width":350,"height":200,"srcset":"https:\/\/i0.wp.com\/ismaelcolosi.com.br\/wp-content\/uploads\/2023\/12\/Carro-duble.jpg?fit=960%2C909&ssl=1&resize=350%2C200 1x, https:\/\/i0.wp.com\/ismaelcolosi.com.br\/wp-content\/uploads\/2023\/12\/Carro-duble.jpg?fit=960%2C909&ssl=1&resize=525%2C300 1.5x, https:\/\/i0.wp.com\/ismaelcolosi.com.br\/wp-content\/uploads\/2023\/12\/Carro-duble.jpg?fit=960%2C909&ssl=1&resize=700%2C400 2x"},"classes":[]},{"id":9829,"url":"https:\/\/ismaelcolosi.com.br\/index.php\/2023\/12\/02\/utm_sourcerssutm_mediumrssutm_campaignjustica-decreta-prisao-preventiva-do-vagabundo-que-tentou-matar-a-ex-gravida-na-favela-do-sbt\/","url_meta":{"origin":2791,"position":5},"title":"Justi\u00e7a decreta pris\u00e3o preventiva do VAGABUNDO que tentou matar a ex gr\u00e1vida na Favela do SBT \u2013 X Tudo Ribeir\u00e3o","author":"ismaelcolosi.com.br","date":"2 de December de 2023","format":false,"excerpt":"A Justi\u00e7a decretou neste s\u00e1bado (2\/12), a pris\u00e3o preventiva do valent\u00e3o que tentou matar a ex-mulher que esta gr\u00e1vida com golpes de madeira na tarde desta sexta-feira, na Favela do SBT, na zona Oeste de Ribeir\u00e3o Preto.\u00a0 Segundo informa\u00e7\u00f5es obtidas com EXCLUSIVIDADE pelo Jornal X TUDO RIBEIR\u00c3O, a decis\u00e3o favor\u00e1vel\u2026","rel":"","context":"In &quot;Not\u00edcias de Ribeir\u00e3o Preto-SP e Regi\u00e3o&quot;","block_context":{"text":"Not\u00edcias de Ribeir\u00e3o Preto-SP e Regi\u00e3o","link":"https:\/\/ismaelcolosi.com.br\/index.php\/category\/noticias-de-ribeirao-preto-sp-e-regiao-ismael-colosi\/"},"img":{"alt_text":"","src":"https:\/\/i0.wp.com\/ismaelcolosi.com.br\/wp-content\/uploads\/2023\/12\/6c30ff76-11a1-4512-9745-6ddba92366e8.jpeg?fit=1196%2C1101&ssl=1&resize=350%2C200","width":350,"height":200,"srcset":"https:\/\/i0.wp.com\/ismaelcolosi.com.br\/wp-content\/uploads\/2023\/12\/6c30ff76-11a1-4512-9745-6ddba92366e8.jpeg?fit=1196%2C1101&ssl=1&resize=350%2C200 1x, https:\/\/i0.wp.com\/ismaelcolosi.com.br\/wp-content\/uploads\/2023\/12\/6c30ff76-11a1-4512-9745-6ddba92366e8.jpeg?fit=1196%2C1101&ssl=1&resize=525%2C300 1.5x, https:\/\/i0.wp.com\/ismaelcolosi.com.br\/wp-content\/uploads\/2023\/12\/6c30ff76-11a1-4512-9745-6ddba92366e8.jpeg?fit=1196%2C1101&ssl=1&resize=700%2C400 2x, https:\/\/i0.wp.com\/ismaelcolosi.com.br\/wp-content\/uploads\/2023\/12\/6c30ff76-11a1-4512-9745-6ddba92366e8.jpeg?fit=1196%2C1101&ssl=1&resize=1050%2C600 3x"},"classes":[]}],"jetpack_sharing_enabled":true,"jetpack_shortlink":"https:\/\/wp.me\/pfMlyK-J1","_links":{"self":[{"href":"https:\/\/ismaelcolosi.com.br\/index.php\/wp-json\/wp\/v2\/posts\/2791","targetHints":{"allow":["GET"]}}],"collection":[{"href":"https:\/\/ismaelcolosi.com.br\/index.php\/wp-json\/wp\/v2\/posts"}],"about":[{"href":"https:\/\/ismaelcolosi.com.br\/index.php\/wp-json\/wp\/v2\/types\/post"}],"author":[{"embeddable":true,"href":"https:\/\/ismaelcolosi.com.br\/index.php\/wp-json\/wp\/v2\/users\/1"}],"replies":[{"embeddable":true,"href":"https:\/\/ismaelcolosi.com.br\/index.php\/wp-json\/wp\/v2\/comments?post=2791"}],"version-history":[{"count":0,"href":"https:\/\/ismaelcolosi.com.br\/index.php\/wp-json\/wp\/v2\/posts\/2791\/revisions"}],"wp:featuredmedia":[{"embeddable":true,"href":"https:\/\/ismaelcolosi.com.br\/index.php\/wp-json\/wp\/v2\/media\/2792"}],"wp:attachment":[{"href":"https:\/\/ismaelcolosi.com.br\/index.php\/wp-json\/wp\/v2\/media?parent=2791"}],"wp:term":[{"taxonomy":"category","embeddable":true,"href":"https:\/\/ismaelcolosi.com.br\/index.php\/wp-json\/wp\/v2\/categories?post=2791"},{"taxonomy":"post_tag","embeddable":true,"href":"https:\/\/ismaelcolosi.com.br\/index.php\/wp-json\/wp\/v2\/tags?post=2791"}],"curies":[{"name":"wp","href":"https:\/\/api.w.org\/{rel}","templated":true}]}}