{"id":2787,"date":"2023-11-16T16:40:35","date_gmt":"2023-11-16T19:40:35","guid":{"rendered":"https:\/\/ismaelcolosi.com.br\/index.php\/2023\/11\/16\/bosque-zoologico-e-opcao-de-lazer-em-ribeirao-durante-o-feriado-de-20-de-novembro\/"},"modified":"2023-11-16T16:40:35","modified_gmt":"2023-11-16T19:40:35","slug":"bosque-zoologico-e-opcao-de-lazer-em-ribeirao-durante-o-feriado-de-20-de-novembro","status":"publish","type":"post","link":"https:\/\/ismaelcolosi.com.br\/index.php\/2023\/11\/16\/bosque-zoologico-e-opcao-de-lazer-em-ribeirao-durante-o-feriado-de-20-de-novembro\/","title":{"rendered":"Bosque Zool\u00f3gico \u00e9 op\u00e7\u00e3o de lazer em Ribeir\u00e3o durante o feriado de 20 de novembro"},"content":{"rendered":"<p> <br \/>\n<\/p>\n<div>\n<p>A <strong>Prefeitura de Ribeir\u00e3o Preto<\/strong> informou que o <strong>Bosque Zool\u00f3gico F\u00e1bio Barreto<\/strong>, localizado na zona Norte da cidade, <mark style=\"background-color:#fcb900\" class=\"has-inline-color\">estar\u00e1 aberto para visita\u00e7\u00e3o, durante o <strong>Dia da Consci\u00eancia Negra<\/strong>, celebrado em <strong>20 de novembro<\/strong>.<\/mark><\/p>\n<p>A data vai proporcionar o <strong>\u00faltimo feriado prolongado<\/strong> antes do <strong>Natal <\/strong>no Estado. O local funcionar\u00e1, excepcionalmente, nesta segunda-feira (20), <strong>das 09h \u00e0s 16h30<\/strong>.<\/p><div class='code-block code-block-8' style='margin: 8px auto; text-align: center; display: block; clear: both;'>\n<script>\n  atOptions = {\n    'key' : '66e2e2111ca34da796271819fc334058',\n    'format' : 'iframe',\n    'height' : 250,\n    'width' : 300,\n    'params' : {}\n  };\n<\/script>\n<script src=\"https:\/\/www.highperformanceformat.com\/66e2e2111ca34da796271819fc334058\/invoke.js\"><\/script>\n<\/div>\n\n<p>O fechamento para manuten\u00e7\u00e3o vai acontecer na ter\u00e7a (21) e quarta-feira (22).<\/p>\n<h4 class=\"wp-block-heading\"><strong>Op\u00e7\u00e3o de lazer<\/strong><\/h4>\n<p>O <strong>zoo <\/strong>\u00e9 um dos pontos mais tradicionais e arborizados da cidade e oferece lazer para toda a fam\u00edlia. Com 250.880 m\u00b2 de \u00e1rea verde, <strong>mais de 700 animais de 180 esp\u00e9cies<\/strong>, entre aves, peixes, mam\u00edferos, r\u00e9pteis e anf\u00edbios vivem no local.<\/p>\n<p>O <strong>Bosque de Ribeir\u00e3o<\/strong> tamb\u00e9m possui uma reserva de <strong>Mata Atl\u00e2ntica<\/strong>, com \u00e1rvores centen\u00e1rias, como perobas, jequitib\u00e1s, ip\u00eas e jatob\u00e1s.<\/p>\n<p>No espa\u00e7o tamb\u00e9m vivem animais amea\u00e7ados de extin\u00e7\u00e3o, como <strong>arara-azul<\/strong>, <strong>ararajuba<\/strong>, <strong>su\u00e7uarana<\/strong>, <strong>lobo-guar\u00e1<\/strong>, <strong>mutum-do-sudeste<\/strong>, <strong>urubu-rei<\/strong>, <strong>anta<\/strong>, <strong>tamandu\u00e1-bandeira<\/strong>, <strong>jaboti-tinga<\/strong> e <strong>tracaj\u00e1<\/strong>, tamb\u00e9m vivem no bosque.<\/p>\n<h4 class=\"wp-block-heading\"><strong>Servi\u00e7o<\/strong><\/h4>\n<p><em>Bosque Zool\u00f3gico F\u00e1bio Barreto<\/em><\/p>\n<p>Hor\u00e1rio: de quarta a sexta-feira, das 9h \u00e0s 16h30<\/p>\n<p>Excepcionalmente na segunda-feira (20), o local funcionar\u00e1 das 09h \u00e0s 16h30, com fechamento para manuten\u00e7\u00e3o na ter\u00e7a e quarta-feira, dias 21 e 22 de novembro<\/p>\n<p>Endere\u00e7o: rua Liberdade s\/n\u00ba, Campos El\u00edseos<\/p>\n<p>Telefone para mais informa\u00e7\u00f5es: (16) 3636-2283<\/p>\n<h4 class=\"wp-block-heading\"><strong><mark style=\"background-color:#fcb900\" class=\"has-inline-color\">FIQUE ON<\/mark><\/strong><\/h4>\n<p>Fique ligado em tudo que acontece em Ribeir\u00e3o Preto e regi\u00e3o. Siga os perfis do\u00a0<strong>acidade on<\/strong>\u00a0no\u00a0<a href=\"https:\/\/www.instagram.com\/acidadeonribeirao\" target=\"_blank\" rel=\"noreferrer noopener\">Instagram\u00a0<\/a>e no<a href=\"https:\/\/www.facebook.com\/acidadeonribeirao\" target=\"_blank\" rel=\"noreferrer noopener\">\u00a0Facebook.<\/a><\/p>\n<p>Receba not\u00edcias do\u00a0<strong>acidade on\u00a0<\/strong>no WhatsApp.\u00a0<a href=\"https:\/\/chat.whatsapp.com\/Bnv2w66ZT4VDyZW3oiZ69n\" target=\"_blank\" rel=\"noreferrer noopener\">Para entrar no grupo, basta clicar aqui.<\/a><\/p>\n<p>Fa\u00e7a uma den\u00fancia ou sugira uma reportagem sobre Ribeir\u00e3o Preto e regi\u00e3o pelo WhatsApp:\u00a0<strong>(16) 99117 7802.<\/strong><\/p>\n<p>VEJA TAMB\u00c9M<\/p>\n<p><a href=\"https:\/\/www.acidadeon.com\/ribeiraopreto\/lazer-e-cultura\/teatro-de-ribeirao-preto-promove-oficina-gratuita-de-fotografia\/\" target=\"_blank\" rel=\"noreferrer noopener\">Teatro de Ribeir\u00e3o Preto promove oficina gratuita de fotografia \u00a0<\/a><\/p>\n<p><!-- AI CONTENT END 1 -->\n<\/div>\n<p><script async src=\"\/\/www.instagram.com\/embed.js\"><\/script><br \/>\n<br \/><br \/>\n<br \/><a href=\"https:\/\/www.acidadeon.com\/ribeiraopreto\/lazer-e-cultura\/bosque-zoologico-e-opcao-de-lazer-em-ribeirao-durante-o-feriado-de-20-de-novembro\/\">Source link <\/a><\/p>\n<div class='code-block code-block-4' style='margin: 8px auto 8px 0; text-align: left; display: block; clear: both;'>\n\ud83d\udce2 Aviso Legal\n\nO site ismaelcolosi.com.br atua apenas como um canal de divulga\u00e7\u00e3o de oportunidades de emprego e n\u00e3o se responsabiliza pelo processo seletivo, contrata\u00e7\u00e3o ou qualquer outra etapa relacionada \u00e0s vagas publicadas. Todas as informa\u00e7\u00f5es s\u00e3o de responsabilidade dos anunciantes.\n\n\u26a0\ufe0f Aten\u00e7\u00e3o! Nunca pague por promessas de emprego nem compre cursos que garantam contrata\u00e7\u00e3o. Desconfie de qualquer cobran\u00e7a para participar de sele\u00e7\u00f5es.\n\n\n\n<\/div>\n<!-- CONTENT END 1 -->\n","protected":false},"excerpt":{"rendered":"<p>A Prefeitura de Ribeir\u00e3o Preto informou que o Bosque Zool\u00f3gico F\u00e1bio Barreto, localizado na zona Norte da cidade, estar\u00e1 aberto para visita\u00e7\u00e3o, durante o Dia&#8230;<\/p>\n","protected":false},"author":1,"featured_media":2788,"comment_status":"open","ping_status":"open","sticky":false,"template":"","format":"standard","meta":{"_uag_custom_page_level_css":"","advanced_seo_description":"","jetpack_seo_html_title":"","jetpack_seo_noindex":false,"jetpack_post_was_ever_published":false,"_jetpack_newsletter_access":"","_jetpack_dont_email_post_to_subs":false,"_jetpack_newsletter_tier_id":0,"_jetpack_memberships_contains_paywalled_content":false,"_jetpack_memberships_contains_paid_content":false,"footnotes":"","jetpack_publicize_message":"","jetpack_publicize_feature_enabled":true,"jetpack_social_post_already_shared":true,"jetpack_social_options":{"image_generator_settings":{"template":"highway","default_image_id":0,"font":"","enabled":false},"version":2}},"categories":[11],"tags":[],"class_list":["post-2787","post","type-post","status-publish","format-standard","has-post-thumbnail","hentry","category-noticias-de-ribeirao-preto-sp-e-regiao-ismael-colosi"],"jetpack_publicize_connections":[],"jetpack_featured_media_url":"https:\/\/i0.wp.com\/ismaelcolosi.com.br\/wp-content\/uploads\/2023\/11\/bosque.jpg?fit=2000%2C1033&ssl=1","uagb_featured_image_src":{"full":["https:\/\/i0.wp.com\/ismaelcolosi.com.br\/wp-content\/uploads\/2023\/11\/bosque.jpg?fit=2000%2C1033&ssl=1",2000,1033,false],"thumbnail":["https:\/\/i0.wp.com\/ismaelcolosi.com.br\/wp-content\/uploads\/2023\/11\/bosque.jpg?resize=150%2C150&ssl=1",150,150,true],"medium":["https:\/\/i0.wp.com\/ismaelcolosi.com.br\/wp-content\/uploads\/2023\/11\/bosque.jpg?fit=300%2C155&ssl=1",300,155,true],"medium_large":["https:\/\/i0.wp.com\/ismaelcolosi.com.br\/wp-content\/uploads\/2023\/11\/bosque.jpg?fit=768%2C397&ssl=1",768,397,true],"large":["https:\/\/i0.wp.com\/ismaelcolosi.com.br\/wp-content\/uploads\/2023\/11\/bosque.jpg?fit=1024%2C529&ssl=1",1024,529,true],"1536x1536":["https:\/\/i0.wp.com\/ismaelcolosi.com.br\/wp-content\/uploads\/2023\/11\/bosque.jpg?fit=1536%2C793&ssl=1",1536,793,true],"2048x2048":["https:\/\/i0.wp.com\/ismaelcolosi.com.br\/wp-content\/uploads\/2023\/11\/bosque.jpg?fit=2000%2C1033&ssl=1",2000,1033,true],"really-simple-thumb":["https:\/\/i0.wp.com\/ismaelcolosi.com.br\/wp-content\/uploads\/2023\/11\/bosque.jpg?resize=370%2C247&ssl=1",370,247,true]},"uagb_author_info":{"display_name":"ismaelcolosi.com.br","author_link":"https:\/\/ismaelcolosi.com.br\/index.php\/author\/vidareal-online\/"},"uagb_comment_info":0,"uagb_excerpt":"A Prefeitura de Ribeir\u00e3o Preto informou que o Bosque Zool\u00f3gico F\u00e1bio Barreto, localizado na zona Norte da cidade, estar\u00e1 aberto para visita\u00e7\u00e3o, durante o Dia...","jetpack-related-posts":[{"id":48125,"url":"https:\/\/ismaelcolosi.com.br\/index.php\/2024\/04\/30\/bosque-de-ribeirao-preto-e-opcao-de-lazer-neste-feriado-confira-o-horario-de-funcionamento\/","url_meta":{"origin":2787,"position":0},"title":"Bosque de Ribeir\u00e3o Preto \u00e9 op\u00e7\u00e3o de lazer neste feriado; Confira o hor\u00e1rio de funcionamento","author":"ismaelcolosi.com.br","date":"30 de April de 2024","format":false,"excerpt":"O Bosque Zool\u00f3gico F\u00e1bio Barreto, localizado na zona Norte de Ribeir\u00e3o Preto, \u00e9 uma op\u00e7\u00e3o para curtir o feriado do Dia do Trabalho, comemorado nesta quarta-feira (1\u00ba). Com entrada gratuita, o local estar\u00e1 aberto normalmente durante o feriado. Os interessados podem aproveitar o espa\u00e7o de \u00e1rea verde das 9h at\u00e9\u2026","rel":"","context":"In &quot;Not\u00edcias de Ribeir\u00e3o Preto-SP e Regi\u00e3o&quot;","block_context":{"text":"Not\u00edcias de Ribeir\u00e3o Preto-SP e Regi\u00e3o","link":"https:\/\/ismaelcolosi.com.br\/index.php\/category\/noticias-de-ribeirao-preto-sp-e-regiao-ismael-colosi\/"},"img":{"alt_text":"","src":"https:\/\/i0.wp.com\/ismaelcolosi.com.br\/wp-content\/uploads\/2024\/04\/bosque_zoo_1024x576_16122020150309.jpg?fit=1024%2C576&ssl=1&resize=350%2C200","width":350,"height":200,"srcset":"https:\/\/i0.wp.com\/ismaelcolosi.com.br\/wp-content\/uploads\/2024\/04\/bosque_zoo_1024x576_16122020150309.jpg?fit=1024%2C576&ssl=1&resize=350%2C200 1x, https:\/\/i0.wp.com\/ismaelcolosi.com.br\/wp-content\/uploads\/2024\/04\/bosque_zoo_1024x576_16122020150309.jpg?fit=1024%2C576&ssl=1&resize=525%2C300 1.5x, https:\/\/i0.wp.com\/ismaelcolosi.com.br\/wp-content\/uploads\/2024\/04\/bosque_zoo_1024x576_16122020150309.jpg?fit=1024%2C576&ssl=1&resize=700%2C400 2x"},"classes":[]},{"id":44701,"url":"https:\/\/ismaelcolosi.com.br\/index.php\/2024\/03\/29\/bosque-de-ribeirao-preto-e-opcao-de-lazer-neste-fim-de-semana-pos-feriado-2\/","url_meta":{"origin":2787,"position":1},"title":"Bosque de Ribeir\u00e3o Preto \u00e9 op\u00e7\u00e3o de lazer neste fim de semana p\u00f3s-feriado","author":"ismaelcolosi.com.br","date":"29 de March de 2024","format":false,"excerpt":"O Bosque Zool\u00f3gico F\u00e1bio Barreto em Ribeir\u00e3o Preto funcionar\u00e1 normalmente neste fim de semana, p\u00f3s-feriado. Com entrada de gra\u00e7a, o local estar\u00e1 aberto ao p\u00fablico no s\u00e1bado (30) e domingo (31), das 9h \u00e0s 16h30. Sobre o bosque O Bosque e Zool\u00f3gico conta com um espa\u00e7o de \u00e1rea verde de\u2026","rel":"","context":"In &quot;Not\u00edcias de Ribeir\u00e3o Preto-SP e Regi\u00e3o&quot;","block_context":{"text":"Not\u00edcias de Ribeir\u00e3o Preto-SP e Regi\u00e3o","link":"https:\/\/ismaelcolosi.com.br\/index.php\/category\/noticias-de-ribeirao-preto-sp-e-regiao-ismael-colosi\/"},"img":{"alt_text":"","src":"https:\/\/i0.wp.com\/ismaelcolosi.com.br\/wp-content\/uploads\/2024\/03\/Copia-de-Copia-de-TAMANHO-EXATO-PARA-FOTOS-NO-SISTEMA-NOVO-7-1.jpg?fit=1200%2C675&ssl=1&resize=350%2C200","width":350,"height":200,"srcset":"https:\/\/i0.wp.com\/ismaelcolosi.com.br\/wp-content\/uploads\/2024\/03\/Copia-de-Copia-de-TAMANHO-EXATO-PARA-FOTOS-NO-SISTEMA-NOVO-7-1.jpg?fit=1200%2C675&ssl=1&resize=350%2C200 1x, https:\/\/i0.wp.com\/ismaelcolosi.com.br\/wp-content\/uploads\/2024\/03\/Copia-de-Copia-de-TAMANHO-EXATO-PARA-FOTOS-NO-SISTEMA-NOVO-7-1.jpg?fit=1200%2C675&ssl=1&resize=525%2C300 1.5x, https:\/\/i0.wp.com\/ismaelcolosi.com.br\/wp-content\/uploads\/2024\/03\/Copia-de-Copia-de-TAMANHO-EXATO-PARA-FOTOS-NO-SISTEMA-NOVO-7-1.jpg?fit=1200%2C675&ssl=1&resize=700%2C400 2x, https:\/\/i0.wp.com\/ismaelcolosi.com.br\/wp-content\/uploads\/2024\/03\/Copia-de-Copia-de-TAMANHO-EXATO-PARA-FOTOS-NO-SISTEMA-NOVO-7-1.jpg?fit=1200%2C675&ssl=1&resize=1050%2C600 3x"},"classes":[]},{"id":44697,"url":"https:\/\/ismaelcolosi.com.br\/index.php\/2024\/03\/29\/bosque-de-ribeirao-preto-e-opcao-de-lazer-neste-fim-de-semana-pos-feriado\/","url_meta":{"origin":2787,"position":2},"title":"Bosque de Ribeir\u00e3o Preto \u00e9 op\u00e7\u00e3o de lazer neste fim de semana p\u00f3s-feriado","author":"ismaelcolosi.com.br","date":"29 de March de 2024","format":false,"excerpt":"O Bosque Zool\u00f3gico F\u00e1bio Barreto em Ribeir\u00e3o Preto funcionar\u00e1 normalmente neste fim de semana, p\u00f3s-feriado. Com entrada de gra\u00e7a, o local estar\u00e1 aberto ao p\u00fablico no s\u00e1bado (30) e domingo (31), das 9h \u00e0s 16h30. Sobre o bosque O Bosque e Zool\u00f3gico conta com um espa\u00e7o de \u00e1rea verde de\u2026","rel":"","context":"In &quot;Not\u00edcias de Ribeir\u00e3o Preto-SP e Regi\u00e3o&quot;","block_context":{"text":"Not\u00edcias de Ribeir\u00e3o Preto-SP e Regi\u00e3o","link":"https:\/\/ismaelcolosi.com.br\/index.php\/category\/noticias-de-ribeirao-preto-sp-e-regiao-ismael-colosi\/"},"img":{"alt_text":"","src":"https:\/\/i0.wp.com\/ismaelcolosi.com.br\/wp-content\/uploads\/2024\/03\/1711744108_acidadeon_logos_Prancheta-1-copia-12_edited.jpg?fit=1199%2C1200&ssl=1&resize=350%2C200","width":350,"height":200,"srcset":"https:\/\/i0.wp.com\/ismaelcolosi.com.br\/wp-content\/uploads\/2024\/03\/1711744108_acidadeon_logos_Prancheta-1-copia-12_edited.jpg?fit=1199%2C1200&ssl=1&resize=350%2C200 1x, https:\/\/i0.wp.com\/ismaelcolosi.com.br\/wp-content\/uploads\/2024\/03\/1711744108_acidadeon_logos_Prancheta-1-copia-12_edited.jpg?fit=1199%2C1200&ssl=1&resize=525%2C300 1.5x, https:\/\/i0.wp.com\/ismaelcolosi.com.br\/wp-content\/uploads\/2024\/03\/1711744108_acidadeon_logos_Prancheta-1-copia-12_edited.jpg?fit=1199%2C1200&ssl=1&resize=700%2C400 2x, https:\/\/i0.wp.com\/ismaelcolosi.com.br\/wp-content\/uploads\/2024\/03\/1711744108_acidadeon_logos_Prancheta-1-copia-12_edited.jpg?fit=1199%2C1200&ssl=1&resize=1050%2C600 3x"},"classes":[]},{"id":3701,"url":"https:\/\/ismaelcolosi.com.br\/index.php\/2023\/11\/19\/feriado-veja-o-horario-do-comercio-shoppings-e-bancos-de-ribeirao-preto-3\/","url_meta":{"origin":2787,"position":3},"title":"Feriado: Veja o hor\u00e1rio do com\u00e9rcio, shoppings e bancos de Ribeir\u00e3o Preto\u00a0","author":"ismaelcolosi.com.br","date":"19 de November de 2023","format":false,"excerpt":"Nesta segunda-feira, 20 de novembro, o feriado do Dia da Consci\u00eancia Negra, muda o hor\u00e1rio de funcionamento de algumas atividades.\u00a0\u00a0 A data passou a ser um feriado estadual em 2023, a partir de lei promulgada pelo Governo de S\u00e3o Paulo. Para ver em quais estados a data \u00e9 feriado, clique\u2026","rel":"","context":"In &quot;Not\u00edcias de Ribeir\u00e3o Preto-SP e Regi\u00e3o&quot;","block_context":{"text":"Not\u00edcias de Ribeir\u00e3o Preto-SP e Regi\u00e3o","link":"https:\/\/ismaelcolosi.com.br\/index.php\/category\/noticias-de-ribeirao-preto-sp-e-regiao-ismael-colosi\/"},"img":{"alt_text":"","src":"https:\/\/i0.wp.com\/ismaelcolosi.com.br\/wp-content\/uploads\/2023\/11\/20220506_090038-scaled.jpg?fit=1200%2C883&ssl=1&resize=350%2C200","width":350,"height":200,"srcset":"https:\/\/i0.wp.com\/ismaelcolosi.com.br\/wp-content\/uploads\/2023\/11\/20220506_090038-scaled.jpg?fit=1200%2C883&ssl=1&resize=350%2C200 1x, https:\/\/i0.wp.com\/ismaelcolosi.com.br\/wp-content\/uploads\/2023\/11\/20220506_090038-scaled.jpg?fit=1200%2C883&ssl=1&resize=525%2C300 1.5x, https:\/\/i0.wp.com\/ismaelcolosi.com.br\/wp-content\/uploads\/2023\/11\/20220506_090038-scaled.jpg?fit=1200%2C883&ssl=1&resize=700%2C400 2x, https:\/\/i0.wp.com\/ismaelcolosi.com.br\/wp-content\/uploads\/2023\/11\/20220506_090038-scaled.jpg?fit=1200%2C883&ssl=1&resize=1050%2C600 3x"},"classes":[]},{"id":3680,"url":"https:\/\/ismaelcolosi.com.br\/index.php\/2023\/11\/19\/feriado-veja-o-horario-de-funcionamento-do-bosque-de-ribeirao-preto\/","url_meta":{"origin":2787,"position":4},"title":"Feriado: Veja o hor\u00e1rio de funcionamento do Bosque de Ribeir\u00e3o Preto","author":"ismaelcolosi.com.br","date":"19 de November de 2023","format":false,"excerpt":"O Bosque Zool\u00f3gico F\u00e1bio Barreto, localizado na zona Norte de Ribeir\u00e3o Preto, vai abrir, excepcionalmente, nesta segunda-feira (20), das 09h \u00e0s 16h30, para receber os visitantes durante o feriado da Consci\u00eancia Negra. A data se tornou feriado estadual em setembro de 2023, ap\u00f3s medida decretada pelo governador de S\u00e3o Paulo,\u2026","rel":"","context":"In &quot;Not\u00edcias de Ribeir\u00e3o Preto-SP e Regi\u00e3o&quot;","block_context":{"text":"Not\u00edcias de Ribeir\u00e3o Preto-SP e Regi\u00e3o","link":"https:\/\/ismaelcolosi.com.br\/index.php\/category\/noticias-de-ribeirao-preto-sp-e-regiao-ismael-colosi\/"},"img":{"alt_text":"","src":"https:\/\/i0.wp.com\/ismaelcolosi.com.br\/wp-content\/uploads\/2023\/11\/bosque_zoo_1024x576_16122020150309.jpg?fit=1024%2C576&ssl=1&resize=350%2C200","width":350,"height":200,"srcset":"https:\/\/i0.wp.com\/ismaelcolosi.com.br\/wp-content\/uploads\/2023\/11\/bosque_zoo_1024x576_16122020150309.jpg?fit=1024%2C576&ssl=1&resize=350%2C200 1x, https:\/\/i0.wp.com\/ismaelcolosi.com.br\/wp-content\/uploads\/2023\/11\/bosque_zoo_1024x576_16122020150309.jpg?fit=1024%2C576&ssl=1&resize=525%2C300 1.5x, https:\/\/i0.wp.com\/ismaelcolosi.com.br\/wp-content\/uploads\/2023\/11\/bosque_zoo_1024x576_16122020150309.jpg?fit=1024%2C576&ssl=1&resize=700%2C400 2x"},"classes":[]},{"id":53688,"url":"https:\/\/ismaelcolosi.com.br\/index.php\/2024\/06\/18\/jardim-japones-do-bosque-de-ribeirao-preto-e-reaberto-ao-publico-veja-fotos\/","url_meta":{"origin":2787,"position":5},"title":"Jardim Japon\u00eas do bosque de Ribeir\u00e3o Preto \u00e9 reaberto ao p\u00fablico; Veja fotos","author":"ismaelcolosi.com.br","date":"18 de June de 2024","format":false,"excerpt":"O Jardim Japon\u00eas do Bosque Zool\u00f3gico F\u00e1bio Barreto ser\u00e1 reaberto ao p\u00fablico nesta quarta-feira (19), dia em que Ribeir\u00e3o Preto comemora 168 anos. A visita\u00e7\u00e3o ao local pode ser feita das 9h \u00e0s 16h30. Considerado um dos pontos tur\u00edsticos da cidade, o local que estava fechado h\u00e1 mais de dois\u2026","rel":"","context":"In &quot;Not\u00edcias de Ribeir\u00e3o Preto-SP e Regi\u00e3o&quot;","block_context":{"text":"Not\u00edcias de Ribeir\u00e3o Preto-SP e Regi\u00e3o","link":"https:\/\/ismaelcolosi.com.br\/index.php\/category\/noticias-de-ribeirao-preto-sp-e-regiao-ismael-colosi\/"},"img":{"alt_text":"","src":"https:\/\/i0.wp.com\/ismaelcolosi.com.br\/wp-content\/uploads\/2024\/06\/Copia-de-Copia-de-TAMANHO-EXATO-PARA-FOTOS-NO-SISTEMA-NOVO-13_2024-06-18_21-12-45_jpg_2024-06-18_21-12-45.webp.webp?fit=1200%2C675&ssl=1&resize=350%2C200","width":350,"height":200,"srcset":"https:\/\/i0.wp.com\/ismaelcolosi.com.br\/wp-content\/uploads\/2024\/06\/Copia-de-Copia-de-TAMANHO-EXATO-PARA-FOTOS-NO-SISTEMA-NOVO-13_2024-06-18_21-12-45_jpg_2024-06-18_21-12-45.webp.webp?fit=1200%2C675&ssl=1&resize=350%2C200 1x, https:\/\/i0.wp.com\/ismaelcolosi.com.br\/wp-content\/uploads\/2024\/06\/Copia-de-Copia-de-TAMANHO-EXATO-PARA-FOTOS-NO-SISTEMA-NOVO-13_2024-06-18_21-12-45_jpg_2024-06-18_21-12-45.webp.webp?fit=1200%2C675&ssl=1&resize=525%2C300 1.5x, https:\/\/i0.wp.com\/ismaelcolosi.com.br\/wp-content\/uploads\/2024\/06\/Copia-de-Copia-de-TAMANHO-EXATO-PARA-FOTOS-NO-SISTEMA-NOVO-13_2024-06-18_21-12-45_jpg_2024-06-18_21-12-45.webp.webp?fit=1200%2C675&ssl=1&resize=700%2C400 2x, https:\/\/i0.wp.com\/ismaelcolosi.com.br\/wp-content\/uploads\/2024\/06\/Copia-de-Copia-de-TAMANHO-EXATO-PARA-FOTOS-NO-SISTEMA-NOVO-13_2024-06-18_21-12-45_jpg_2024-06-18_21-12-45.webp.webp?fit=1200%2C675&ssl=1&resize=1050%2C600 3x"},"classes":[]}],"jetpack_sharing_enabled":true,"jetpack_shortlink":"https:\/\/wp.me\/pfMlyK-IX","_links":{"self":[{"href":"https:\/\/ismaelcolosi.com.br\/index.php\/wp-json\/wp\/v2\/posts\/2787","targetHints":{"allow":["GET"]}}],"collection":[{"href":"https:\/\/ismaelcolosi.com.br\/index.php\/wp-json\/wp\/v2\/posts"}],"about":[{"href":"https:\/\/ismaelcolosi.com.br\/index.php\/wp-json\/wp\/v2\/types\/post"}],"author":[{"embeddable":true,"href":"https:\/\/ismaelcolosi.com.br\/index.php\/wp-json\/wp\/v2\/users\/1"}],"replies":[{"embeddable":true,"href":"https:\/\/ismaelcolosi.com.br\/index.php\/wp-json\/wp\/v2\/comments?post=2787"}],"version-history":[{"count":0,"href":"https:\/\/ismaelcolosi.com.br\/index.php\/wp-json\/wp\/v2\/posts\/2787\/revisions"}],"wp:featuredmedia":[{"embeddable":true,"href":"https:\/\/ismaelcolosi.com.br\/index.php\/wp-json\/wp\/v2\/media\/2788"}],"wp:attachment":[{"href":"https:\/\/ismaelcolosi.com.br\/index.php\/wp-json\/wp\/v2\/media?parent=2787"}],"wp:term":[{"taxonomy":"category","embeddable":true,"href":"https:\/\/ismaelcolosi.com.br\/index.php\/wp-json\/wp\/v2\/categories?post=2787"},{"taxonomy":"post_tag","embeddable":true,"href":"https:\/\/ismaelcolosi.com.br\/index.php\/wp-json\/wp\/v2\/tags?post=2787"}],"curies":[{"name":"wp","href":"https:\/\/api.w.org\/{rel}","templated":true}]}}