{"id":2783,"date":"2023-11-16T16:25:49","date_gmt":"2023-11-16T19:25:49","guid":{"rendered":"https:\/\/ismaelcolosi.com.br\/index.php\/2023\/11\/16\/vazio-urbano-em-ribeirao-preto-vai-virar-bairro-com-8-mil-moradores-veja-o-local\/"},"modified":"2023-11-16T16:25:49","modified_gmt":"2023-11-16T19:25:49","slug":"vazio-urbano-em-ribeirao-preto-vai-virar-bairro-com-8-mil-moradores-veja-o-local","status":"publish","type":"post","link":"https:\/\/ismaelcolosi.com.br\/index.php\/2023\/11\/16\/vazio-urbano-em-ribeirao-preto-vai-virar-bairro-com-8-mil-moradores-veja-o-local\/","title":{"rendered":"Vazio urbano em Ribeir\u00e3o Preto vai virar bairro com 8 mil moradores; Veja o local"},"content":{"rendered":"<p> <br \/>\n<\/p>\n<div data-td-block-uid=\"tdi_104\">\n<div class=\"tdb-block-inner td-fix-index\">\n<p><strong>A <a href=\"https:\/\/www.ribeiraopreto.sp.gov.br\/portal\/\" target=\"_blank\" rel=\"noreferrer noopener\">Prefeitura de Ribeir\u00e3o Preto <\/a>aprovou o loteamento Parque Adria, que ser\u00e1 constru\u00eddo em um terreno na zona Leste da cidade. De acordo com o decreto que libera a constru\u00e7\u00e3o do novo bairro, a popula\u00e7\u00e3o estimada para o empreendimento \u00e9 de 8.157 moradores.<\/strong><\/p>\n<p><mark style=\"background-color:#fcb900\" class=\"has-inline-color has-black-color\">O loteamento ocupa uma \u00e1rea na <strong>avenida Henry Nestl\u00e9<\/strong><\/mark>, pr\u00f3ximo das rodovias Abr\u00e3o Assed e Anhanguera, na zona Leste. Ao todo, s\u00e3o 534 lotes distribu\u00eddos em uma \u00e1rea de 388,8 mil metros quadrados e 25 quadras.<\/p>\n<p>O empreendimento ter\u00e1 lotes residenciais com tamanhos entre 200 e 374 metros quadrados, al\u00e9m de lotes de edif\u00edcios baixos, \u00e1reas comerciais e presta\u00e7\u00e3o de servi\u00e7o, com at\u00e9 973 metros quadrados. A empresa ter\u00e1 o prazo de 24 meses para conclus\u00e3o da infraestrutura.<\/p>\n<p>Para libera\u00e7\u00e3o do loteamento, a Adria Empreendimentos Imobili\u00e1rios SPE Ltda, respons\u00e1vel pelo terreno, assinou um termo de compromisso se comprometendo a fazer a interliga\u00e7\u00e3o vi\u00e1ria entre a avenida Henry Nestl\u00e9 com a marginal da rodovia Abr\u00e3o Assed.<\/p>\n<h4 class=\"wp-block-heading\"><strong>FIQUE ON<\/strong><\/h4>\n<p>Fique ligado em tudo que acontece em Ribeir\u00e3o Preto e regi\u00e3o. Siga os perfis do <strong>acidade on <\/strong>no <a href=\"https:\/\/www.instagram.com\/acidadeonribeirao\" target=\"_blank\" rel=\"noreferrer noopener nofollow\">Instagram<\/a> e no <a href=\"https:\/\/www.facebook.com\/acidadeonribeirao\" target=\"_blank\" rel=\"noreferrer noopener nofollow\">Facebook.<\/a><\/p>\n<p>Receba not\u00edcias do <strong>acidade on<\/strong> no WhatsApp.<a href=\"https:\/\/chat.whatsapp.com\/Bnv2w66ZT4VDyZW3oiZ69n\" target=\"_blank\" rel=\"noreferrer noopener nofollow\"> Para entrar no grupo, basta clicar aqui.<\/a><\/p>\n<p>Fa\u00e7a uma den\u00fancia ou sugira uma reportagem sobre a Ribeir\u00e3o Preto e regi\u00e3o pelo WhatsApp: (16) 99117 7802.<\/p>\n<p>LEIA MAIS<\/p>\n<p><a href=\"https:\/\/www.acidadeon.com\/ribeiraopreto\/cotidiano\/moradores-de-varias-regioes-de-ribeirao-preto-reclamam-de-falta-dagua\/\" target=\"_blank\" rel=\"noreferrer noopener nofollow\">Moradores de v\u00e1rias regi\u00f5es de Ribeir\u00e3o Preto reclamam de falta d\u2019\u00e1gua<\/a><\/p>\n<p><!-- AI CONTENT END 1 -->\n<\/div>\n<\/div>\n<p><script async src=\"\/\/www.instagram.com\/embed.js\"><\/script><br \/>\n<br \/><br \/>\n<br \/><a href=\"https:\/\/www.acidadeon.com\/ribeiraopreto\/cotidiano\/vazio-urbano-em-ribeirao-preto-vai-virar-bairro-com-8-mil-moradores-veja-o-local\/\">Source link <\/a><\/p>\n<div class='code-block code-block-4' style='margin: 8px auto 8px 0; text-align: left; display: block; clear: both;'>\n\ud83d\udce2 Aviso Legal\n\nO site ismaelcolosi.com.br atua apenas como um canal de divulga\u00e7\u00e3o de oportunidades de emprego e n\u00e3o se responsabiliza pelo processo seletivo, contrata\u00e7\u00e3o ou qualquer outra etapa relacionada \u00e0s vagas publicadas. Todas as informa\u00e7\u00f5es s\u00e3o de responsabilidade dos anunciantes.\n\n\u26a0\ufe0f Aten\u00e7\u00e3o! Nunca pague por promessas de emprego nem compre cursos que garantam contrata\u00e7\u00e3o. Desconfie de qualquer cobran\u00e7a para participar de sele\u00e7\u00f5es.\n\n\n\n<\/div>\n<!-- CONTENT END 1 -->\n","protected":false},"excerpt":{"rendered":"<p>A Prefeitura de Ribeir\u00e3o Preto aprovou o loteamento Parque Adria, que ser\u00e1 constru\u00eddo em um terreno na zona Leste da cidade. De acordo com o&#8230;<\/p>\n","protected":false},"author":1,"featured_media":2784,"comment_status":"open","ping_status":"open","sticky":false,"template":"","format":"standard","meta":{"_uag_custom_page_level_css":"","advanced_seo_description":"","jetpack_seo_html_title":"","jetpack_seo_noindex":false,"jetpack_post_was_ever_published":false,"_jetpack_newsletter_access":"","_jetpack_dont_email_post_to_subs":false,"_jetpack_newsletter_tier_id":0,"_jetpack_memberships_contains_paywalled_content":false,"_jetpack_memberships_contains_paid_content":false,"footnotes":"","jetpack_publicize_message":"","jetpack_publicize_feature_enabled":true,"jetpack_social_post_already_shared":true,"jetpack_social_options":{"image_generator_settings":{"template":"highway","default_image_id":0,"font":"","enabled":false},"version":2}},"categories":[11],"tags":[],"class_list":["post-2783","post","type-post","status-publish","format-standard","has-post-thumbnail","hentry","category-noticias-de-ribeirao-preto-sp-e-regiao-ismael-colosi"],"jetpack_publicize_connections":[],"jetpack_featured_media_url":"https:\/\/i0.wp.com\/ismaelcolosi.com.br\/wp-content\/uploads\/2023\/11\/avenida-henry-nestle-ribeirao-preto.jpg?fit=1028%2C574&ssl=1","uagb_featured_image_src":{"full":["https:\/\/i0.wp.com\/ismaelcolosi.com.br\/wp-content\/uploads\/2023\/11\/avenida-henry-nestle-ribeirao-preto.jpg?fit=1028%2C574&ssl=1",1028,574,false],"thumbnail":["https:\/\/i0.wp.com\/ismaelcolosi.com.br\/wp-content\/uploads\/2023\/11\/avenida-henry-nestle-ribeirao-preto.jpg?resize=150%2C150&ssl=1",150,150,true],"medium":["https:\/\/i0.wp.com\/ismaelcolosi.com.br\/wp-content\/uploads\/2023\/11\/avenida-henry-nestle-ribeirao-preto.jpg?fit=300%2C168&ssl=1",300,168,true],"medium_large":["https:\/\/i0.wp.com\/ismaelcolosi.com.br\/wp-content\/uploads\/2023\/11\/avenida-henry-nestle-ribeirao-preto.jpg?fit=768%2C429&ssl=1",768,429,true],"large":["https:\/\/i0.wp.com\/ismaelcolosi.com.br\/wp-content\/uploads\/2023\/11\/avenida-henry-nestle-ribeirao-preto.jpg?fit=1024%2C572&ssl=1",1024,572,true],"1536x1536":["https:\/\/i0.wp.com\/ismaelcolosi.com.br\/wp-content\/uploads\/2023\/11\/avenida-henry-nestle-ribeirao-preto.jpg?fit=1028%2C574&ssl=1",1028,574,true],"2048x2048":["https:\/\/i0.wp.com\/ismaelcolosi.com.br\/wp-content\/uploads\/2023\/11\/avenida-henry-nestle-ribeirao-preto.jpg?fit=1028%2C574&ssl=1",1028,574,true],"really-simple-thumb":["https:\/\/i0.wp.com\/ismaelcolosi.com.br\/wp-content\/uploads\/2023\/11\/avenida-henry-nestle-ribeirao-preto.jpg?resize=370%2C247&ssl=1",370,247,true]},"uagb_author_info":{"display_name":"ismaelcolosi.com.br","author_link":"https:\/\/ismaelcolosi.com.br\/index.php\/author\/vidareal-online\/"},"uagb_comment_info":0,"uagb_excerpt":"A Prefeitura de Ribeir\u00e3o Preto aprovou o loteamento Parque Adria, que ser\u00e1 constru\u00eddo em um terreno na zona Leste da cidade. De acordo com o...","jetpack-related-posts":[{"id":40134,"url":"https:\/\/ismaelcolosi.com.br\/index.php\/2024\/03\/01\/prefeitura-aprova-novo-bairro-em-vazio-urbano-de-ribeirao-preto-veja-o-local\/","url_meta":{"origin":2783,"position":0},"title":"Prefeitura aprova novo bairro em vazio urbano de Ribeir\u00e3o Preto; Veja o local","author":"ismaelcolosi.com.br","date":"1 de March de 2024","format":false,"excerpt":"A Prefeitura de Ribeir\u00e3o Preto aprovou a constru\u00e7\u00e3o de um novo bairro em um vazio urbano na regi\u00e3o do Ribeir\u00e3o Verde, na zona Leste. A aprova\u00e7\u00e3o do loteamento Jardim Morada do Verde, foi publicada na edi\u00e7\u00e3o de quinta-feira (29) do Di\u00e1rio Oficial do Munic\u00edpio. De acordo com o documento, o\u2026","rel":"","context":"In &quot;Not\u00edcias de Ribeir\u00e3o Preto-SP e Regi\u00e3o&quot;","block_context":{"text":"Not\u00edcias de Ribeir\u00e3o Preto-SP e Regi\u00e3o","link":"https:\/\/ismaelcolosi.com.br\/index.php\/category\/noticias-de-ribeirao-preto-sp-e-regiao-ismael-colosi\/"},"img":{"alt_text":"","src":"https:\/\/i0.wp.com\/ismaelcolosi.com.br\/wp-content\/uploads\/2024\/03\/AnyConv.com__ribeirao-preto.webp.webp?fit=870%2C704&ssl=1&resize=350%2C200","width":350,"height":200,"srcset":"https:\/\/i0.wp.com\/ismaelcolosi.com.br\/wp-content\/uploads\/2024\/03\/AnyConv.com__ribeirao-preto.webp.webp?fit=870%2C704&ssl=1&resize=350%2C200 1x, https:\/\/i0.wp.com\/ismaelcolosi.com.br\/wp-content\/uploads\/2024\/03\/AnyConv.com__ribeirao-preto.webp.webp?fit=870%2C704&ssl=1&resize=525%2C300 1.5x, https:\/\/i0.wp.com\/ismaelcolosi.com.br\/wp-content\/uploads\/2024\/03\/AnyConv.com__ribeirao-preto.webp.webp?fit=870%2C704&ssl=1&resize=700%2C400 2x"},"classes":[]},{"id":48217,"url":"https:\/\/ismaelcolosi.com.br\/index.php\/2024\/05\/01\/prefeitura-de-ribeirao-preto-aprova-loteamento-no-distrito-de-bonfim-paulista\/","url_meta":{"origin":2783,"position":1},"title":"Prefeitura de Ribeir\u00e3o Preto aprova loteamento no distrito de Bonfim Paulista","author":"ismaelcolosi.com.br","date":"1 de May de 2024","format":false,"excerpt":"A Prefeitura de Ribeir\u00e3o Preto aprovou a constru\u00e7\u00e3o do loteamento Reserva Romana, no distrito de Bonfim Paulista. O empreendimento ter\u00e1 122,6 mil metros quadrados, dividido em 13 lotes de uso misto, com popula\u00e7\u00e3o estimada de 7.480 moradores. O novo bairro vai ficar na rua Lilian Silvana Perilli de P\u00e1dua, pr\u00f3ximo\u2026","rel":"","context":"In &quot;Not\u00edcias de Ribeir\u00e3o Preto-SP e Regi\u00e3o&quot;","block_context":{"text":"Not\u00edcias de Ribeir\u00e3o Preto-SP e Regi\u00e3o","link":"https:\/\/ismaelcolosi.com.br\/index.php\/category\/noticias-de-ribeirao-preto-sp-e-regiao-ismael-colosi\/"},"img":{"alt_text":"","src":"https:\/\/i0.wp.com\/ismaelcolosi.com.br\/wp-content\/uploads\/2024\/05\/AnyConv.com__loteamento-ribeirao-preto.webp.webp?fit=794%2C678&ssl=1&resize=350%2C200","width":350,"height":200,"srcset":"https:\/\/i0.wp.com\/ismaelcolosi.com.br\/wp-content\/uploads\/2024\/05\/AnyConv.com__loteamento-ribeirao-preto.webp.webp?fit=794%2C678&ssl=1&resize=350%2C200 1x, https:\/\/i0.wp.com\/ismaelcolosi.com.br\/wp-content\/uploads\/2024\/05\/AnyConv.com__loteamento-ribeirao-preto.webp.webp?fit=794%2C678&ssl=1&resize=525%2C300 1.5x, https:\/\/i0.wp.com\/ismaelcolosi.com.br\/wp-content\/uploads\/2024\/05\/AnyConv.com__loteamento-ribeirao-preto.webp.webp?fit=794%2C678&ssl=1&resize=700%2C400 2x"},"classes":[]},{"id":65443,"url":"https:\/\/ismaelcolosi.com.br\/index.php\/2024\/09\/12\/prefeitura-aprova-novo-bairro-em-ribeirao-preto-veja-o-local\/","url_meta":{"origin":2783,"position":2},"title":"Prefeitura aprova novo bairro em Ribeir\u00e3o Preto; Veja o local","author":"ismaelcolosi.com.br","date":"12 de September de 2024","format":false,"excerpt":"A Prefeitura de Ribeir\u00e3o Preto publicou na edi\u00e7\u00e3o de quarta-feira (11) do Di\u00e1rio Oficial do Munic\u00edpio decreto que aprova o loteamento Jardim Tropical, pr\u00f3ximo ao Parque das Oliveiras. De acordo com o documento, o novo bairro ter\u00e1 popula\u00e7\u00e3o estimada de 2.435 moradores. O decreto informa que o novo bairro ser\u00e1\u2026","rel":"","context":"In &quot;Not\u00edcias de Ribeir\u00e3o Preto-SP e Regi\u00e3o&quot;","block_context":{"text":"Not\u00edcias de Ribeir\u00e3o Preto-SP e Regi\u00e3o","link":"https:\/\/ismaelcolosi.com.br\/index.php\/category\/noticias-de-ribeirao-preto-sp-e-regiao-ismael-colosi\/"},"img":{"alt_text":"","src":"https:\/\/i0.wp.com\/ismaelcolosi.com.br\/wp-content\/uploads\/2024\/09\/satelite-ribeirao-preto_2024-09-12_12-55-40_jpg_2024-09-12_12-55-41.webp.webp?fit=818%2C625&ssl=1&resize=350%2C200","width":350,"height":200,"srcset":"https:\/\/i0.wp.com\/ismaelcolosi.com.br\/wp-content\/uploads\/2024\/09\/satelite-ribeirao-preto_2024-09-12_12-55-40_jpg_2024-09-12_12-55-41.webp.webp?fit=818%2C625&ssl=1&resize=350%2C200 1x, https:\/\/i0.wp.com\/ismaelcolosi.com.br\/wp-content\/uploads\/2024\/09\/satelite-ribeirao-preto_2024-09-12_12-55-40_jpg_2024-09-12_12-55-41.webp.webp?fit=818%2C625&ssl=1&resize=525%2C300 1.5x, https:\/\/i0.wp.com\/ismaelcolosi.com.br\/wp-content\/uploads\/2024\/09\/satelite-ribeirao-preto_2024-09-12_12-55-40_jpg_2024-09-12_12-55-41.webp.webp?fit=818%2C625&ssl=1&resize=700%2C400 2x"},"classes":[]},{"id":46996,"url":"https:\/\/ismaelcolosi.com.br\/index.php\/2024\/04\/16\/areas-ao-lado-de-shopping-em-ribeirao-sao-vendidas-para-projeto-multimilionario\/","url_meta":{"origin":2783,"position":3},"title":"\u00c1reas ao lado de shopping em Ribeir\u00e3o s\u00e3o vendidas para projeto multimilion\u00e1rio","author":"ismaelcolosi.com.br","date":"16 de April de 2024","format":false,"excerpt":"A Multiplan, administradora do Ribeir\u00e3o Shopping, anunciou a venda de dois terrenos ao lado do empreendimento para constru\u00e7\u00e3o de projetos multiuso comerciais e residenciais, sendo que um deles \u00e9 avaliado em R$ 500 milh\u00f5es. A \u00e1rea contar\u00e1 com uma liga\u00e7\u00e3o ao Parque das Artes, na zona Sul de Ribeir\u00e3o Preto.\u2026","rel":"","context":"In &quot;Not\u00edcias de Ribeir\u00e3o Preto-SP e Regi\u00e3o&quot;","block_context":{"text":"Not\u00edcias de Ribeir\u00e3o Preto-SP e Regi\u00e3o","link":"https:\/\/ismaelcolosi.com.br\/index.php\/category\/noticias-de-ribeirao-preto-sp-e-regiao-ismael-colosi\/"},"img":{"alt_text":"","src":"https:\/\/i0.wp.com\/ismaelcolosi.com.br\/wp-content\/uploads\/2024\/04\/AnyConv.com__venda-ribeirao-shopping.webp.webp?fit=1200%2C688&ssl=1&resize=350%2C200","width":350,"height":200,"srcset":"https:\/\/i0.wp.com\/ismaelcolosi.com.br\/wp-content\/uploads\/2024\/04\/AnyConv.com__venda-ribeirao-shopping.webp.webp?fit=1200%2C688&ssl=1&resize=350%2C200 1x, https:\/\/i0.wp.com\/ismaelcolosi.com.br\/wp-content\/uploads\/2024\/04\/AnyConv.com__venda-ribeirao-shopping.webp.webp?fit=1200%2C688&ssl=1&resize=525%2C300 1.5x, https:\/\/i0.wp.com\/ismaelcolosi.com.br\/wp-content\/uploads\/2024\/04\/AnyConv.com__venda-ribeirao-shopping.webp.webp?fit=1200%2C688&ssl=1&resize=700%2C400 2x, https:\/\/i0.wp.com\/ismaelcolosi.com.br\/wp-content\/uploads\/2024\/04\/AnyConv.com__venda-ribeirao-shopping.webp.webp?fit=1200%2C688&ssl=1&resize=1050%2C600 3x"},"classes":[]},{"id":55615,"url":"https:\/\/ismaelcolosi.com.br\/index.php\/2024\/07\/04\/ribeirao-preto-aprova-novo-bairro-em-bonfim-paulista-veja-o-local\/","url_meta":{"origin":2783,"position":4},"title":"Ribeir\u00e3o Preto aprova novo bairro em Bonfim Paulista; Veja o local","author":"ismaelcolosi.com.br","date":"4 de July de 2024","format":false,"excerpt":"A Prefeitura de Ribeir\u00e3o Preto aprovou a cria\u00e7\u00e3o de um novo bairro no distrito de Bonfim Paulista, na zona Sul. O decreto que aprova o loteamento Jardim Villa Lobos, foi publicado no Di\u00e1rio Oficial do Munic\u00edpio, da \u00faltima quarta-feira (3). O loteamento \u00e9 de propriedade de SBE Loteadora Imobili\u00e1ria e\u2026","rel":"","context":"In &quot;Not\u00edcias de Ribeir\u00e3o Preto-SP e Regi\u00e3o&quot;","block_context":{"text":"Not\u00edcias de Ribeir\u00e3o Preto-SP e Regi\u00e3o","link":"https:\/\/ismaelcolosi.com.br\/index.php\/category\/noticias-de-ribeirao-preto-sp-e-regiao-ismael-colosi\/"},"img":{"alt_text":"","src":"https:\/\/i0.wp.com\/ismaelcolosi.com.br\/wp-content\/uploads\/2024\/07\/Jardim-Villa-Lobos_2024-07-04_13-45-19_jpg_2024-07-04_13-45-20.webp.webp?fit=1110%2C733&ssl=1&resize=350%2C200","width":350,"height":200,"srcset":"https:\/\/i0.wp.com\/ismaelcolosi.com.br\/wp-content\/uploads\/2024\/07\/Jardim-Villa-Lobos_2024-07-04_13-45-19_jpg_2024-07-04_13-45-20.webp.webp?fit=1110%2C733&ssl=1&resize=350%2C200 1x, https:\/\/i0.wp.com\/ismaelcolosi.com.br\/wp-content\/uploads\/2024\/07\/Jardim-Villa-Lobos_2024-07-04_13-45-19_jpg_2024-07-04_13-45-20.webp.webp?fit=1110%2C733&ssl=1&resize=525%2C300 1.5x, https:\/\/i0.wp.com\/ismaelcolosi.com.br\/wp-content\/uploads\/2024\/07\/Jardim-Villa-Lobos_2024-07-04_13-45-19_jpg_2024-07-04_13-45-20.webp.webp?fit=1110%2C733&ssl=1&resize=700%2C400 2x, https:\/\/i0.wp.com\/ismaelcolosi.com.br\/wp-content\/uploads\/2024\/07\/Jardim-Villa-Lobos_2024-07-04_13-45-19_jpg_2024-07-04_13-45-20.webp.webp?fit=1110%2C733&ssl=1&resize=1050%2C600 3x"},"classes":[]},{"id":29007,"url":"https:\/\/ismaelcolosi.com.br\/index.php\/2024\/01\/17\/stefani-nogueira-apresenta-o-alto-do-belvedere\/","url_meta":{"origin":2783,"position":5},"title":"St\u00e9fani Nogueira apresenta o Alto do Belvedere","author":"ismaelcolosi.com.br","date":"17 de January de 2024","format":false,"excerpt":"17 de janeiro de 2024 | 9:038 de janeiro de 2024 | 14:52 0No in\u00edcio do m\u00eas de outubro, Ribeir\u00e3o Preto viveu uma das maiores mobiliza\u00e7\u00f5es j\u00e1 vistas para o lan\u00e7amento de um bairro planejado. Foram mais de 1500 lotes negociados e mais de duas mil pessoas no lan\u00e7amento do\u2026","rel":"","context":"In &quot;Not\u00edcias de Ribeir\u00e3o Preto-SP e Regi\u00e3o&quot;","block_context":{"text":"Not\u00edcias de Ribeir\u00e3o Preto-SP e Regi\u00e3o","link":"https:\/\/ismaelcolosi.com.br\/index.php\/category\/noticias-de-ribeirao-preto-sp-e-regiao-ismael-colosi\/"},"img":{"alt_text":"","src":"https:\/\/i0.wp.com\/ismaelcolosi.com.br\/wp-content\/uploads\/2024\/01\/Alto-do-Belvedere-3-scaled.jpg?fit=1000%2C563&ssl=1&resize=350%2C200","width":350,"height":200,"srcset":"https:\/\/i0.wp.com\/ismaelcolosi.com.br\/wp-content\/uploads\/2024\/01\/Alto-do-Belvedere-3-scaled.jpg?fit=1000%2C563&ssl=1&resize=350%2C200 1x, https:\/\/i0.wp.com\/ismaelcolosi.com.br\/wp-content\/uploads\/2024\/01\/Alto-do-Belvedere-3-scaled.jpg?fit=1000%2C563&ssl=1&resize=525%2C300 1.5x, https:\/\/i0.wp.com\/ismaelcolosi.com.br\/wp-content\/uploads\/2024\/01\/Alto-do-Belvedere-3-scaled.jpg?fit=1000%2C563&ssl=1&resize=700%2C400 2x"},"classes":[]}],"jetpack_sharing_enabled":true,"jetpack_shortlink":"https:\/\/wp.me\/pfMlyK-IT","_links":{"self":[{"href":"https:\/\/ismaelcolosi.com.br\/index.php\/wp-json\/wp\/v2\/posts\/2783","targetHints":{"allow":["GET"]}}],"collection":[{"href":"https:\/\/ismaelcolosi.com.br\/index.php\/wp-json\/wp\/v2\/posts"}],"about":[{"href":"https:\/\/ismaelcolosi.com.br\/index.php\/wp-json\/wp\/v2\/types\/post"}],"author":[{"embeddable":true,"href":"https:\/\/ismaelcolosi.com.br\/index.php\/wp-json\/wp\/v2\/users\/1"}],"replies":[{"embeddable":true,"href":"https:\/\/ismaelcolosi.com.br\/index.php\/wp-json\/wp\/v2\/comments?post=2783"}],"version-history":[{"count":0,"href":"https:\/\/ismaelcolosi.com.br\/index.php\/wp-json\/wp\/v2\/posts\/2783\/revisions"}],"wp:featuredmedia":[{"embeddable":true,"href":"https:\/\/ismaelcolosi.com.br\/index.php\/wp-json\/wp\/v2\/media\/2784"}],"wp:attachment":[{"href":"https:\/\/ismaelcolosi.com.br\/index.php\/wp-json\/wp\/v2\/media?parent=2783"}],"wp:term":[{"taxonomy":"category","embeddable":true,"href":"https:\/\/ismaelcolosi.com.br\/index.php\/wp-json\/wp\/v2\/categories?post=2783"},{"taxonomy":"post_tag","embeddable":true,"href":"https:\/\/ismaelcolosi.com.br\/index.php\/wp-json\/wp\/v2\/tags?post=2783"}],"curies":[{"name":"wp","href":"https:\/\/api.w.org\/{rel}","templated":true}]}}