{"id":27790,"date":"2024-01-13T10:41:26","date_gmt":"2024-01-13T13:41:26","guid":{"rendered":"https:\/\/ismaelcolosi.com.br\/index.php\/2024\/01\/13\/utm_sourcerssutm_mediumrssutm_campaignlarapio-furta-garrafas-de-cafe-em-ribeirao-preto\/"},"modified":"2024-01-13T10:41:26","modified_gmt":"2024-01-13T13:41:26","slug":"utm_sourcerssutm_mediumrssutm_campaignlarapio-furta-garrafas-de-cafe-em-ribeirao-preto","status":"publish","type":"post","link":"https:\/\/ismaelcolosi.com.br\/index.php\/2024\/01\/13\/utm_sourcerssutm_mediumrssutm_campaignlarapio-furta-garrafas-de-cafe-em-ribeirao-preto\/","title":{"rendered":"Lar\u00e1pio furta garrafas de caf\u00e9 em Ribeir\u00e3o Preto \u2013 X Tudo Ribeir\u00e3o"},"content":{"rendered":"<p> <br \/>\n<\/p>\n<div>\n<p>A Pol\u00edcia busca informa\u00e7\u00f5es que levem ao paradeiro de um lar\u00e1pio que furtou duas garrafas de caf\u00e9 de uma loja de utilidades situada na rua S\u00e3o Sebasti\u00e3o, na \u00e1rea Central de Ribeir\u00e3o Preto.\u00a0<\/p>\n<p>Segundo apurado com EXCLUSIVIDADE pelo X TUDO RIBEIR\u00c3O, por volta das 13h19 da \u00faltima\u00a0 (quinta-feira, 11\/1), o lar\u00e1pio adentrou a loja se passando por cliente, e quando n\u00e3o ningu\u00e9m vendo subtraiu as duas garrafas de caf\u00e9.\u00a0<\/p><div class='code-block code-block-8' style='margin: 8px auto; text-align: center; display: block; clear: both;'>\n<script>\n  atOptions = {\n    'key' : '66e2e2111ca34da796271819fc334058',\n    'format' : 'iframe',\n    'height' : 250,\n    'width' : 300,\n    'params' : {}\n  };\n<\/script>\n<script src=\"https:\/\/www.highperformanceformat.com\/66e2e2111ca34da796271819fc334058\/invoke.js\"><\/script>\n<\/div>\n\n<p><strong>VEJA O FURTO<\/strong><\/p>\n<figure class=\"wp-block-embed is-type-video is-provider-youtube wp-block-embed-youtube wp-embed-aspect-4-3 wp-has-aspect-ratio\">\n<div class=\"wp-block-embed__wrapper\">\n<p><iframe loading=\"lazy\" title=\"Lar\u00e1pio furta garrafas de caf\u00e9 em Ribeir\u00e3o Preto\" width=\"500\" height=\"375\" src=\"https:\/\/www.youtube.com\/embed\/_VkwZNYgKMM?feature=oembed\" frameborder=\"0\" allow=\"accelerometer; autoplay; clipboard-write; encrypted-media; gyroscope; picture-in-picture; web-share\" referrerpolicy=\"strict-origin-when-cross-origin\" allowfullscreen><\/iframe><\/p>\n<\/div>\n<\/figure>\n<p>Qualquer den\u00fancia que leve \u00e0 Pol\u00edcia at\u00e9 esse m\u00e3o lisa n\u00e3o fique sem denunciar (181 \/ 190).\u00a0<\/p>\n<\/p><\/div>\n<p><br \/>\n<br \/><a href=\"https:\/\/xtudoribeirao.com.br\/2024\/01\/13\/larapio-furta-garrafas-de-cafe-em-ribeirao-preto\/?utm_source=rss&#038;utm_medium=rss&#038;utm_campaign=larapio-furta-garrafas-de-cafe-em-ribeirao-preto\">Source link <\/a><\/p>\n<div class='code-block code-block-4' style='margin: 8px auto 8px 0; text-align: left; display: block; clear: both;'>\n\ud83d\udce2 Aviso Legal\n\nO site ismaelcolosi.com.br atua apenas como um canal de divulga\u00e7\u00e3o de oportunidades de emprego e n\u00e3o se responsabiliza pelo processo seletivo, contrata\u00e7\u00e3o ou qualquer outra etapa relacionada \u00e0s vagas publicadas. Todas as informa\u00e7\u00f5es s\u00e3o de responsabilidade dos anunciantes.\n\n\u26a0\ufe0f Aten\u00e7\u00e3o! Nunca pague por promessas de emprego nem compre cursos que garantam contrata\u00e7\u00e3o. Desconfie de qualquer cobran\u00e7a para participar de sele\u00e7\u00f5es.\n\n\n<div data-type=\"_mgwidget\" data-widget-id=\"2000896\">\n<\/div>\n<script>(function(w,q){w[q]=w[q]||[];w[q].push([\"_mgc.load\"])})(window,\"_mgq\");\n<\/script>\n<\/div>\n<!-- CONTENT END 1 -->\n","protected":false},"excerpt":{"rendered":"<p>A Pol\u00edcia busca informa\u00e7\u00f5es que levem ao paradeiro de um lar\u00e1pio que furtou duas garrafas de caf\u00e9 de uma loja de utilidades situada na rua&#8230;<\/p>\n","protected":false},"author":1,"featured_media":27791,"comment_status":"open","ping_status":"open","sticky":false,"template":"","format":"standard","meta":{"_uag_custom_page_level_css":"","jetpack_post_was_ever_published":false,"_jetpack_newsletter_access":"","_jetpack_dont_email_post_to_subs":false,"_jetpack_newsletter_tier_id":0,"_jetpack_memberships_contains_paywalled_content":false,"_jetpack_memberships_contains_paid_content":false,"footnotes":"","jetpack_publicize_message":"","jetpack_publicize_feature_enabled":true,"jetpack_social_post_already_shared":true,"jetpack_social_options":{"image_generator_settings":{"template":"highway","default_image_id":0,"font":"","enabled":false},"version":2}},"categories":[11],"tags":[2850,3465,936,3013,27,26,43],"class_list":["post-27790","post","type-post","status-publish","format-standard","has-post-thumbnail","hentry","category-noticias-de-ribeirao-preto-sp-e-regiao-ismael-colosi","tag-cafe","tag-furta","tag-garrafas","tag-larapio","tag-preto","tag-ribeirao","tag-tudo"],"aioseo_notices":[],"jetpack_publicize_connections":[],"jetpack_featured_media_url":"https:\/\/i0.wp.com\/ismaelcolosi.com.br\/wp-content\/uploads\/2024\/01\/WhatsApp-Image-2024-01-13-at-10.07.34.jpeg?fit=1158%2C667&ssl=1","uagb_featured_image_src":{"full":["https:\/\/i0.wp.com\/ismaelcolosi.com.br\/wp-content\/uploads\/2024\/01\/WhatsApp-Image-2024-01-13-at-10.07.34.jpeg?fit=1158%2C667&ssl=1",1158,667,false],"thumbnail":["https:\/\/i0.wp.com\/ismaelcolosi.com.br\/wp-content\/uploads\/2024\/01\/WhatsApp-Image-2024-01-13-at-10.07.34.jpeg?resize=150%2C150&ssl=1",150,150,true],"medium":["https:\/\/i0.wp.com\/ismaelcolosi.com.br\/wp-content\/uploads\/2024\/01\/WhatsApp-Image-2024-01-13-at-10.07.34.jpeg?fit=300%2C173&ssl=1",300,173,true],"medium_large":["https:\/\/i0.wp.com\/ismaelcolosi.com.br\/wp-content\/uploads\/2024\/01\/WhatsApp-Image-2024-01-13-at-10.07.34.jpeg?fit=768%2C442&ssl=1",768,442,true],"large":["https:\/\/i0.wp.com\/ismaelcolosi.com.br\/wp-content\/uploads\/2024\/01\/WhatsApp-Image-2024-01-13-at-10.07.34.jpeg?fit=1024%2C590&ssl=1",1024,590,true],"1536x1536":["https:\/\/i0.wp.com\/ismaelcolosi.com.br\/wp-content\/uploads\/2024\/01\/WhatsApp-Image-2024-01-13-at-10.07.34.jpeg?fit=1158%2C667&ssl=1",1158,667,true],"2048x2048":["https:\/\/i0.wp.com\/ismaelcolosi.com.br\/wp-content\/uploads\/2024\/01\/WhatsApp-Image-2024-01-13-at-10.07.34.jpeg?fit=1158%2C667&ssl=1",1158,667,true],"really-simple-thumb":["https:\/\/i0.wp.com\/ismaelcolosi.com.br\/wp-content\/uploads\/2024\/01\/WhatsApp-Image-2024-01-13-at-10.07.34.jpeg?resize=370%2C247&ssl=1",370,247,true]},"uagb_author_info":{"display_name":"ismaelcolosi.com.br","author_link":"https:\/\/ismaelcolosi.com.br\/index.php\/author\/vidareal-online\/"},"uagb_comment_info":0,"uagb_excerpt":"A Pol\u00edcia busca informa\u00e7\u00f5es que levem ao paradeiro de um lar\u00e1pio que furtou duas garrafas de caf\u00e9 de uma loja de utilidades situada na rua...","jetpack-related-posts":[{"id":24554,"url":"https:\/\/ismaelcolosi.com.br\/index.php\/2024\/01\/04\/utm_sourcerssutm_mediumrssutm_campaigno-churrasco-da-galera-precisou-ser-cancelado-apos-larapio-ser-pego-furtando-pecas-de-carne-no-amerelinhas-da-javari\/","url_meta":{"origin":27790,"position":0},"title":"O churrasco da galera precisou ser cancelado ap\u00f3s lar\u00e1pio ser pego furtando pe\u00e7as de carne no Amerelinhas da Javari \u2013 X Tudo Ribeir\u00e3o","author":"ismaelcolosi.com.br","date":"4 de January de 2024","format":false,"excerpt":"O churrasco da galera foi CANCELADO, ap\u00f3s um lar\u00e1pio ser preso furtando 4 pe\u00e7as de carne na tarde desta quarta-feira (3\/1), no Supermercado Amarelinhas, situado na rua Javari, na zona Norte de Ribeir\u00e3o Preto.\u00a0 Segundo informa\u00e7\u00f5es obtidas pela REPORTAGEM DO X TUDO RIBEIR\u00c3O, funcion\u00e1rios do local acionaram \u00e0 PM (Pol\u00edcia\u2026","rel":"","context":"In &quot;Not\u00edcias de Ribeir\u00e3o Preto-SP e Regi\u00e3o&quot;","block_context":{"text":"Not\u00edcias de Ribeir\u00e3o Preto-SP e Regi\u00e3o","link":"https:\/\/ismaelcolosi.com.br\/index.php\/category\/noticias-de-ribeirao-preto-sp-e-regiao-ismael-colosi\/"},"img":{"alt_text":"","src":"https:\/\/i0.wp.com\/ismaelcolosi.com.br\/wp-content\/uploads\/2024\/01\/WhatsApp-Image-2024-01-04-at-15.45.19.jpeg?fit=1200%2C926&ssl=1&resize=350%2C200","width":350,"height":200,"srcset":"https:\/\/i0.wp.com\/ismaelcolosi.com.br\/wp-content\/uploads\/2024\/01\/WhatsApp-Image-2024-01-04-at-15.45.19.jpeg?fit=1200%2C926&ssl=1&resize=350%2C200 1x, https:\/\/i0.wp.com\/ismaelcolosi.com.br\/wp-content\/uploads\/2024\/01\/WhatsApp-Image-2024-01-04-at-15.45.19.jpeg?fit=1200%2C926&ssl=1&resize=525%2C300 1.5x, https:\/\/i0.wp.com\/ismaelcolosi.com.br\/wp-content\/uploads\/2024\/01\/WhatsApp-Image-2024-01-04-at-15.45.19.jpeg?fit=1200%2C926&ssl=1&resize=700%2C400 2x, https:\/\/i0.wp.com\/ismaelcolosi.com.br\/wp-content\/uploads\/2024\/01\/WhatsApp-Image-2024-01-04-at-15.45.19.jpeg?fit=1200%2C926&ssl=1&resize=1050%2C600 3x"},"classes":[]},{"id":16878,"url":"https:\/\/ismaelcolosi.com.br\/index.php\/2023\/12\/16\/utm_sourcerssutm_mediumrssutm_campaignusuario-de-crack-e-preso-apos-furtar-bijuterias-na-crispark-no-calcadao-de-ribeirao-preto\/","url_meta":{"origin":27790,"position":1},"title":"Usu\u00e1rio de crack \u00e9 preso ap\u00f3s furtar bijuterias na Crispark no Cal\u00e7ad\u00e3o de Ribeir\u00e3o Preto \u2013 X Tudo Ribeir\u00e3o","author":"ismaelcolosi.com.br","date":"16 de December de 2023","format":false,"excerpt":"Um lar\u00e1pio foi preso pela PM (Pol\u00edcia Militar) ap\u00f3s furtar mais de R$ 544 em bijuterias da Crispark situada no Cal\u00e7ad\u00e3o na rua General Os\u00f3rio, na noite desta sexta-feira (15\/12), em Ribeir\u00e3o Preto.\u00a0 Segundo informa\u00e7\u00f5es da PM, populares acionaram os PMs informando que teria um ladr\u00e3o detido ap\u00f3s o furto\u2026","rel":"","context":"In &quot;Not\u00edcias de Ribeir\u00e3o Preto-SP e Regi\u00e3o&quot;","block_context":{"text":"Not\u00edcias de Ribeir\u00e3o Preto-SP e Regi\u00e3o","link":"https:\/\/ismaelcolosi.com.br\/index.php\/category\/noticias-de-ribeirao-preto-sp-e-regiao-ismael-colosi\/"},"img":{"alt_text":"","src":"https:\/\/i0.wp.com\/ismaelcolosi.com.br\/wp-content\/uploads\/2023\/12\/WhatsApp-Image-2023-12-16-at-18.45.02.jpeg?fit=1200%2C603&ssl=1&resize=350%2C200","width":350,"height":200,"srcset":"https:\/\/i0.wp.com\/ismaelcolosi.com.br\/wp-content\/uploads\/2023\/12\/WhatsApp-Image-2023-12-16-at-18.45.02.jpeg?fit=1200%2C603&ssl=1&resize=350%2C200 1x, https:\/\/i0.wp.com\/ismaelcolosi.com.br\/wp-content\/uploads\/2023\/12\/WhatsApp-Image-2023-12-16-at-18.45.02.jpeg?fit=1200%2C603&ssl=1&resize=525%2C300 1.5x, https:\/\/i0.wp.com\/ismaelcolosi.com.br\/wp-content\/uploads\/2023\/12\/WhatsApp-Image-2023-12-16-at-18.45.02.jpeg?fit=1200%2C603&ssl=1&resize=700%2C400 2x, https:\/\/i0.wp.com\/ismaelcolosi.com.br\/wp-content\/uploads\/2023\/12\/WhatsApp-Image-2023-12-16-at-18.45.02.jpeg?fit=1200%2C603&ssl=1&resize=1050%2C600 3x"},"classes":[]},{"id":827,"url":"https:\/\/ismaelcolosi.com.br\/index.php\/2023\/11\/09\/larapio-e-baleado-na-testa-durante-fuga-apos-roubo-em-ribeirao-preto-x-tudo-ribeirao\/","url_meta":{"origin":27790,"position":2},"title":"Lar\u00e1pio \u00e9 baleado na testa durante fuga ap\u00f3s roubo em Ribeir\u00e3o Preto \u2013 X Tudo Ribeir\u00e3o","author":"ismaelcolosi.com.br","date":"9 de November de 2023","format":false,"excerpt":"Um lar\u00e1pio se deu mal e foi baleado na rua Romano Cor\u00f3, ap\u00f3s roubar um carro na tarde deste s\u00e1bado (4\/11), no bairro Campos El\u00edseos, na zona Norte de Ribeir\u00e3o Preto. Segundo informa\u00e7\u00f5es da Pol\u00edcia Militar, por volta das 13h deste s\u00e1bado, tr\u00eas bandidos armados invadiram uma empresa situada na\u2026","rel":"","context":"In &quot;Not\u00edcias de Ribeir\u00e3o Preto-SP e Regi\u00e3o&quot;","block_context":{"text":"Not\u00edcias de Ribeir\u00e3o Preto-SP e Regi\u00e3o","link":"https:\/\/ismaelcolosi.com.br\/index.php\/category\/noticias-de-ribeirao-preto-sp-e-regiao-ismael-colosi\/"},"img":{"alt_text":"","src":"https:\/\/i0.wp.com\/ismaelcolosi.com.br\/wp-content\/uploads\/2023\/11\/79f53c00-e8b8-441c-886a-85e7e254b144.jpeg?fit=1200%2C883&ssl=1&resize=350%2C200","width":350,"height":200,"srcset":"https:\/\/i0.wp.com\/ismaelcolosi.com.br\/wp-content\/uploads\/2023\/11\/79f53c00-e8b8-441c-886a-85e7e254b144.jpeg?fit=1200%2C883&ssl=1&resize=350%2C200 1x, https:\/\/i0.wp.com\/ismaelcolosi.com.br\/wp-content\/uploads\/2023\/11\/79f53c00-e8b8-441c-886a-85e7e254b144.jpeg?fit=1200%2C883&ssl=1&resize=525%2C300 1.5x, https:\/\/i0.wp.com\/ismaelcolosi.com.br\/wp-content\/uploads\/2023\/11\/79f53c00-e8b8-441c-886a-85e7e254b144.jpeg?fit=1200%2C883&ssl=1&resize=700%2C400 2x, https:\/\/i0.wp.com\/ismaelcolosi.com.br\/wp-content\/uploads\/2023\/11\/79f53c00-e8b8-441c-886a-85e7e254b144.jpeg?fit=1200%2C883&ssl=1&resize=1050%2C600 3x"},"classes":[]},{"id":36407,"url":"https:\/\/ismaelcolosi.com.br\/index.php\/2024\/02\/09\/utm_sourcerssutm_mediumrssutm_campaignlarapio-e-preso-apos-furtar-celular-em-estacionamento-na-rua-quintino-bocaiuva-em-rp\/","url_meta":{"origin":27790,"position":3},"title":"Lar\u00e1pio \u00e9 preso ap\u00f3s furtar celular em estacionamento na rua Quintino Bocaiuva em RP \u2013 X Tudo Ribeir\u00e3o","author":"ismaelcolosi.com.br","date":"9 de February de 2024","format":false,"excerpt":"Um lar\u00e1pio com uma extensa ficha criminal foi preso ap\u00f3s furtar um celular nas depend\u00eancias de um estacionamento situado na rua Quintino Bocaiuva, na \u00e1rea Central de Ribeir\u00e3o Preto.\u00a0 Segundo informa\u00e7\u00f5es da PM, durante o turno de trabalhos os PMs receberam uma den\u00fancia atrav\u00e9s do (190) versando sobre a atitude\u2026","rel":"","context":"In &quot;Not\u00edcias de Ribeir\u00e3o Preto-SP e Regi\u00e3o&quot;","block_context":{"text":"Not\u00edcias de Ribeir\u00e3o Preto-SP e Regi\u00e3o","link":"https:\/\/ismaelcolosi.com.br\/index.php\/category\/noticias-de-ribeirao-preto-sp-e-regiao-ismael-colosi\/"},"img":{"alt_text":"","src":"https:\/\/i0.wp.com\/ismaelcolosi.com.br\/wp-content\/uploads\/2024\/02\/WhatsApp-Image-2024-02-09-at-15.06.21.jpeg?fit=1072%2C690&ssl=1&resize=350%2C200","width":350,"height":200,"srcset":"https:\/\/i0.wp.com\/ismaelcolosi.com.br\/wp-content\/uploads\/2024\/02\/WhatsApp-Image-2024-02-09-at-15.06.21.jpeg?fit=1072%2C690&ssl=1&resize=350%2C200 1x, https:\/\/i0.wp.com\/ismaelcolosi.com.br\/wp-content\/uploads\/2024\/02\/WhatsApp-Image-2024-02-09-at-15.06.21.jpeg?fit=1072%2C690&ssl=1&resize=525%2C300 1.5x, https:\/\/i0.wp.com\/ismaelcolosi.com.br\/wp-content\/uploads\/2024\/02\/WhatsApp-Image-2024-02-09-at-15.06.21.jpeg?fit=1072%2C690&ssl=1&resize=700%2C400 2x, https:\/\/i0.wp.com\/ismaelcolosi.com.br\/wp-content\/uploads\/2024\/02\/WhatsApp-Image-2024-02-09-at-15.06.21.jpeg?fit=1072%2C690&ssl=1&resize=1050%2C600 3x"},"classes":[]},{"id":26391,"url":"https:\/\/ismaelcolosi.com.br\/index.php\/2024\/01\/09\/utm_sourcerssutm_mediumrssutm_campaignprofesor-com-diversas-passagens-policial-e-preso-furtando-chocolates-em-ribeirao-preto\/","url_meta":{"origin":27790,"position":4},"title":"Profesor com diversas passagens Policial \u00e9 preso furtando chocolates em Ribeir\u00e3o Preto \u2013 X Tudo Ribeir\u00e3o","author":"ismaelcolosi.com.br","date":"9 de January de 2024","format":false,"excerpt":"Um professor m\u00e3o lisa de 47 anos, foi preso furtando chocolates de um supermercado situado no cruzamento da rua Capit\u00e3o Salom\u00e3o com a avenida Meira J\u00fanior, em Ribeir\u00e3o Preto. O professor tem mais passagem que guich\u00ea de companhia de viagem.\u00a0 Segundo informa\u00e7\u00f5es da PM, funcion\u00e1rios do supermercado acionaram os PMs\u2026","rel":"","context":"In &quot;Not\u00edcias de Ribeir\u00e3o Preto-SP e Regi\u00e3o&quot;","block_context":{"text":"Not\u00edcias de Ribeir\u00e3o Preto-SP e Regi\u00e3o","link":"https:\/\/ismaelcolosi.com.br\/index.php\/category\/noticias-de-ribeirao-preto-sp-e-regiao-ismael-colosi\/"},"img":{"alt_text":"","src":"https:\/\/i0.wp.com\/ismaelcolosi.com.br\/wp-content\/uploads\/2024\/01\/furto-chocolate.jpeg?fit=480%2C320&ssl=1&resize=350%2C200","width":350,"height":200},"classes":[]},{"id":7254,"url":"https:\/\/ismaelcolosi.com.br\/index.php\/2023\/11\/27\/mapa-apreende-6-mil-garrafas-de-azeite-de-oliva-falso-e-28-toneladas-de-feijao-com-impurezas-em-sp\/","url_meta":{"origin":27790,"position":5},"title":"MAPA apreende 6 mil garrafas de azeite de oliva falso e 28 toneladas de feij\u00e3o com impurezas em SP","author":"ismaelcolosi.com.br","date":"27 de November de 2023","format":false,"excerpt":"Uma for\u00e7a-tarefa do Minist\u00e9rio da Agricultura e Pecu\u00e1ria (Mapa) apreendeu 6.031 garrafas de azeite de oliva falsificado e descartou 16.380 litros do produto importado por estarem adulterados. O azeite de oliva \u00e9 o segundo produto alimentar mais fraudado do mundo, atr\u00e1s apenas do pescado. A fraude mais comum \u00e9 a\u2026","rel":"","context":"In &quot;Not\u00edcias de Ribeir\u00e3o Preto-SP e Regi\u00e3o&quot;","block_context":{"text":"Not\u00edcias de Ribeir\u00e3o Preto-SP e Regi\u00e3o","link":"https:\/\/ismaelcolosi.com.br\/index.php\/category\/noticias-de-ribeirao-preto-sp-e-regiao-ismael-colosi\/"},"img":{"alt_text":"","src":"https:\/\/i0.wp.com\/ismaelcolosi.com.br\/wp-content\/uploads\/2023\/11\/aef5cfb7-14e6-43e4-b260-9990d5186aa6.jpeg?fit=768%2C731&ssl=1&resize=350%2C200","width":350,"height":200,"srcset":"https:\/\/i0.wp.com\/ismaelcolosi.com.br\/wp-content\/uploads\/2023\/11\/aef5cfb7-14e6-43e4-b260-9990d5186aa6.jpeg?fit=768%2C731&ssl=1&resize=350%2C200 1x, https:\/\/i0.wp.com\/ismaelcolosi.com.br\/wp-content\/uploads\/2023\/11\/aef5cfb7-14e6-43e4-b260-9990d5186aa6.jpeg?fit=768%2C731&ssl=1&resize=525%2C300 1.5x, https:\/\/i0.wp.com\/ismaelcolosi.com.br\/wp-content\/uploads\/2023\/11\/aef5cfb7-14e6-43e4-b260-9990d5186aa6.jpeg?fit=768%2C731&ssl=1&resize=700%2C400 2x"},"classes":[]}],"jetpack_sharing_enabled":true,"jetpack_shortlink":"https:\/\/wp.me\/pfMlyK-7ee","_links":{"self":[{"href":"https:\/\/ismaelcolosi.com.br\/index.php\/wp-json\/wp\/v2\/posts\/27790","targetHints":{"allow":["GET"]}}],"collection":[{"href":"https:\/\/ismaelcolosi.com.br\/index.php\/wp-json\/wp\/v2\/posts"}],"about":[{"href":"https:\/\/ismaelcolosi.com.br\/index.php\/wp-json\/wp\/v2\/types\/post"}],"author":[{"embeddable":true,"href":"https:\/\/ismaelcolosi.com.br\/index.php\/wp-json\/wp\/v2\/users\/1"}],"replies":[{"embeddable":true,"href":"https:\/\/ismaelcolosi.com.br\/index.php\/wp-json\/wp\/v2\/comments?post=27790"}],"version-history":[{"count":0,"href":"https:\/\/ismaelcolosi.com.br\/index.php\/wp-json\/wp\/v2\/posts\/27790\/revisions"}],"wp:featuredmedia":[{"embeddable":true,"href":"https:\/\/ismaelcolosi.com.br\/index.php\/wp-json\/wp\/v2\/media\/27791"}],"wp:attachment":[{"href":"https:\/\/ismaelcolosi.com.br\/index.php\/wp-json\/wp\/v2\/media?parent=27790"}],"wp:term":[{"taxonomy":"category","embeddable":true,"href":"https:\/\/ismaelcolosi.com.br\/index.php\/wp-json\/wp\/v2\/categories?post=27790"},{"taxonomy":"post_tag","embeddable":true,"href":"https:\/\/ismaelcolosi.com.br\/index.php\/wp-json\/wp\/v2\/tags?post=27790"}],"curies":[{"name":"wp","href":"https:\/\/api.w.org\/{rel}","templated":true}]}}