{"id":2765,"date":"2023-11-16T15:45:06","date_gmt":"2023-11-16T18:45:06","guid":{"rendered":"https:\/\/ismaelcolosi.com.br\/index.php\/2023\/11\/16\/moradores-de-varias-regioes-de-ribeirao-preto-reclamam-de-falta-dagua\/"},"modified":"2023-11-16T15:45:06","modified_gmt":"2023-11-16T18:45:06","slug":"moradores-de-varias-regioes-de-ribeirao-preto-reclamam-de-falta-dagua","status":"publish","type":"post","link":"https:\/\/ismaelcolosi.com.br\/index.php\/2023\/11\/16\/moradores-de-varias-regioes-de-ribeirao-preto-reclamam-de-falta-dagua\/","title":{"rendered":"Moradores de v\u00e1rias regi\u00f5es de Ribeir\u00e3o Preto reclamam de falta d\u2019\u00e1gua"},"content":{"rendered":"<p> <br \/>\n<\/p>\n<div data-td-block-uid=\"tdi_104\">\n<div class=\"tdb-block-inner td-fix-index\">\n<p><strong>Moradores de diferentes regi\u00f5es de Ribeir\u00e3o Preto<\/strong> tem procurado o <a href=\"https:\/\/www.acidadeon.com\/ribeiraopreto\/\" target=\"_blank\" rel=\"noreferrer noopener\">acidade on <\/a>\u2013 por WhatsApp e redes sociais \u2013 <strong>para reclamar de falta d\u2019\u00e1gua e de intermit\u00eancia constante do abastecimento.<\/strong><\/p>\n<p>S\u00e3o casos em todas as regi\u00f5es da cidade: Oeste, Leste, Norte, Sul e Centro. Uma postagem no <a href=\"https:\/\/www.instagram.com\/acidadeonribeirao\/\" target=\"_blank\" rel=\"noreferrer noopener\">Instagram do acidade on<\/a> recebeu cerca de 500 coment\u00e1rios em aproximadamente 5 horas (Veja o post abaixo).<\/p><div class='code-block code-block-8' style='margin: 8px auto; text-align: center; display: block; clear: both;'>\n<script>\n  atOptions = {\n    'key' : '66e2e2111ca34da796271819fc334058',\n    'format' : 'iframe',\n    'height' : 250,\n    'width' : 300,\n    'params' : {}\n  };\n<\/script>\n<script src=\"https:\/\/www.highperformanceformat.com\/66e2e2111ca34da796271819fc334058\/invoke.js\"><\/script>\n<\/div>\n\n<p>Na tarde da quarta-feira (15), a Secretaria de \u00c1gua e Esgoto de Ribeir\u00e3o Preto (Saerp) tinha publicado um alerta falando que o calor fez o consumo disparar.<\/p>\n<blockquote class=\"instagram-media\" data-instgrm-permalink=\"https:\/\/www.instagram.com\/p\/CztY_Awuvcy\/?utm_source=ig_embed&amp;utm_campaign=loading\" data-instgrm-version=\"14\" style=\" background:#FFF; border:0; border-radius:3px; box-shadow:0 0 1px 0 rgba(0,0,0,0.5),0 1px 10px 0 rgba(0,0,0,0.15); margin: 1px; max-width:540px; min-width:326px; padding:0; width:99.375%; width:-webkit-calc(100% - 2px); width:calc(100% - 2px);\"\/>\n<h4 class=\"wp-block-heading\"><strong>O que diz a Saerp<\/strong><\/h4>\n<p>Nesta quinta-feira (16), o acidade on voltou a questionar a Prefeitura sobre a situa\u00e7\u00e3o e a <strong>Saerp alegou que \u201cdevido ao alto consumo de \u00e1gua, alguns pontos podem estar apresentando intermit\u00eancias\u201d.<\/strong><\/p>\n<p>\u201cEntretanto, equipes est\u00e3o monitorando o sistema de abastecimento e realizando manobras a fim de minimizar o cen\u00e1rio\u201d, seguiu a Saerp.<\/p>\n<p>A Secretaria ainda informou que,<strong> na quarta (15), alguns po\u00e7os tiveram queda no fornecimento de energia el\u00e9trica, ocasionando intermit\u00eancias em alguns bairros.<\/strong><\/p>\n<p>\u201cA Saerp reitera para o consumo consciente, a fim de assegurar o abastecimento a todos, e que os im\u00f3veis tenham caixas d\u2019\u00e1gua padr\u00e3o, de no m\u00ednimo mil litros\u201d, concluiu a Secretaria.<\/p>\n<p>Reclama\u00e7\u00f5es e pedidos de caminh\u00e3o-pipa podem ser feitos pelo telefone 0800 1150115.<\/p>\n<h4 class=\"wp-block-heading\"><strong><span style=\"background-color:#f7cc62\" class=\"td_text_highlight_marker\">FIQUE ON<\/span><\/strong><\/h4>\n<p>Fique ligado em tudo que acontece em Ribeir\u00e3o Preto e regi\u00e3o. Siga os perfis do\u00a0<strong>acidade on<\/strong>\u00a0no\u00a0<a href=\"https:\/\/www.instagram.com\/acidadeonribeirao\" target=\"_blank\" rel=\"noreferrer noopener\">Instagram\u00a0<\/a>e no<a href=\"https:\/\/www.facebook.com\/acidadeonribeirao\" target=\"_blank\" rel=\"noreferrer noopener\">\u00a0Facebook.<\/a><\/p>\n<p>Receba not\u00edcias do\u00a0<strong>acidade on\u00a0<\/strong>no WhatsApp.\u00a0<a href=\"https:\/\/chat.whatsapp.com\/Bnv2w66ZT4VDyZW3oiZ69n\" target=\"_blank\" rel=\"noreferrer noopener\">Para entrar no grupo, basta clicar aqui.<\/a><\/p>\n<p>Fa\u00e7a uma den\u00fancia ou sugira uma reportagem sobre Ribeir\u00e3o Preto e regi\u00e3o pelo WhatsApp:\u00a0<strong>(16) 99117 7802.<\/strong><\/p>\n<p><a href=\"https:\/\/www.acidadeon.com\/ribeiraopreto\/economia\/consciencia-negra-saiba-em-quais-estados-o-dia-20-de-novembro-e-feriado\/\" target=\"_blank\" rel=\"noreferrer noopener\">VEJA TAMB\u00c9M<br \/>Consci\u00eancia Negra: Saiba em quais estados o dia 20 de novembro \u00e9 feriado<\/a><\/p>\n<p><!-- AI CONTENT END 1 -->\n<\/div>\n<\/div>\n<p><script async src=\"\/\/www.instagram.com\/embed.js\"><\/script><br \/>\n<br \/><br \/>\n<br \/><a href=\"https:\/\/www.acidadeon.com\/ribeiraopreto\/cotidiano\/moradores-de-varias-regioes-de-ribeirao-preto-reclamam-de-falta-dagua\/\">Source link <\/a><\/p>\n<div class='code-block code-block-4' style='margin: 8px auto 8px 0; text-align: left; display: block; clear: both;'>\n\ud83d\udce2 Aviso Legal\n\nO site ismaelcolosi.com.br atua apenas como um canal de divulga\u00e7\u00e3o de oportunidades de emprego e n\u00e3o se responsabiliza pelo processo seletivo, contrata\u00e7\u00e3o ou qualquer outra etapa relacionada \u00e0s vagas publicadas. Todas as informa\u00e7\u00f5es s\u00e3o de responsabilidade dos anunciantes.\n\n\u26a0\ufe0f Aten\u00e7\u00e3o! Nunca pague por promessas de emprego nem compre cursos que garantam contrata\u00e7\u00e3o. Desconfie de qualquer cobran\u00e7a para participar de sele\u00e7\u00f5es.\n\n\n\n<\/div>\n<!-- CONTENT END 1 -->\n","protected":false},"excerpt":{"rendered":"<p>Moradores de diferentes regi\u00f5es de Ribeir\u00e3o Preto tem procurado o acidade on \u2013 por WhatsApp e redes sociais \u2013 para reclamar de falta d\u2019\u00e1gua e&#8230;<\/p>\n","protected":false},"author":1,"featured_media":2766,"comment_status":"open","ping_status":"open","sticky":false,"template":"","format":"standard","meta":{"_uag_custom_page_level_css":"","advanced_seo_description":"","jetpack_seo_html_title":"","jetpack_seo_noindex":false,"jetpack_post_was_ever_published":false,"_jetpack_newsletter_access":"","_jetpack_dont_email_post_to_subs":false,"_jetpack_newsletter_tier_id":0,"_jetpack_memberships_contains_paywalled_content":false,"_jetpack_memberships_contains_paid_content":false,"footnotes":"","jetpack_publicize_message":"","jetpack_publicize_feature_enabled":true,"jetpack_social_post_already_shared":true,"jetpack_social_options":{"image_generator_settings":{"template":"highway","default_image_id":0,"font":"","enabled":false},"version":2}},"categories":[11],"tags":[],"class_list":["post-2765","post","type-post","status-publish","format-standard","has-post-thumbnail","hentry","category-noticias-de-ribeirao-preto-sp-e-regiao-ismael-colosi"],"jetpack_publicize_connections":[],"jetpack_featured_media_url":"https:\/\/i0.wp.com\/ismaelcolosi.com.br\/wp-content\/uploads\/2023\/11\/bathroom-1851566_1280.jpg?fit=1280%2C853&ssl=1","uagb_featured_image_src":{"full":["https:\/\/i0.wp.com\/ismaelcolosi.com.br\/wp-content\/uploads\/2023\/11\/bathroom-1851566_1280.jpg?fit=1280%2C853&ssl=1",1280,853,false],"thumbnail":["https:\/\/i0.wp.com\/ismaelcolosi.com.br\/wp-content\/uploads\/2023\/11\/bathroom-1851566_1280.jpg?resize=150%2C150&ssl=1",150,150,true],"medium":["https:\/\/i0.wp.com\/ismaelcolosi.com.br\/wp-content\/uploads\/2023\/11\/bathroom-1851566_1280.jpg?fit=300%2C200&ssl=1",300,200,true],"medium_large":["https:\/\/i0.wp.com\/ismaelcolosi.com.br\/wp-content\/uploads\/2023\/11\/bathroom-1851566_1280.jpg?fit=768%2C512&ssl=1",768,512,true],"large":["https:\/\/i0.wp.com\/ismaelcolosi.com.br\/wp-content\/uploads\/2023\/11\/bathroom-1851566_1280.jpg?fit=1024%2C682&ssl=1",1024,682,true],"1536x1536":["https:\/\/i0.wp.com\/ismaelcolosi.com.br\/wp-content\/uploads\/2023\/11\/bathroom-1851566_1280.jpg?fit=1280%2C853&ssl=1",1280,853,true],"2048x2048":["https:\/\/i0.wp.com\/ismaelcolosi.com.br\/wp-content\/uploads\/2023\/11\/bathroom-1851566_1280.jpg?fit=1280%2C853&ssl=1",1280,853,true],"really-simple-thumb":["https:\/\/i0.wp.com\/ismaelcolosi.com.br\/wp-content\/uploads\/2023\/11\/bathroom-1851566_1280.jpg?resize=370%2C247&ssl=1",370,247,true]},"uagb_author_info":{"display_name":"ismaelcolosi.com.br","author_link":"https:\/\/ismaelcolosi.com.br\/index.php\/author\/vidareal-online\/"},"uagb_comment_info":0,"uagb_excerpt":"Moradores de diferentes regi\u00f5es de Ribeir\u00e3o Preto tem procurado o acidade on \u2013 por WhatsApp e redes sociais \u2013 para reclamar de falta d\u2019\u00e1gua e...","jetpack-related-posts":[{"id":52729,"url":"https:\/\/ismaelcolosi.com.br\/index.php\/2024\/06\/10\/moradores-de-13-bairros-podem-ficar-sem-agua-em-ribeirao-preto-veja-quais-sao\/","url_meta":{"origin":2765,"position":0},"title":"Moradores de 13 bairros podem ficar sem \u00e1gua em Ribeir\u00e3o Preto; Veja quais s\u00e3o","author":"ismaelcolosi.com.br","date":"10 de June de 2024","format":false,"excerpt":"A Saerp (Secretaria de \u00c1gua e Esgoto de Ribeir\u00e3o Preto) alerta\u00a0para\u00a0poss\u00edvel falta d\u2019\u00e1gua nesta\u00a0segunda-feira (10) em 13 bairros na zonas Oeste e Leste. De acordo com a Pasta, equipes realizam dois reparos emergenciais em sistemas de abastecimento no Jardim Eugenio Mendes Lopes (Oeste) e na Lagoinha (Leste). Veja os bairros:\u2026","rel":"","context":"In &quot;Not\u00edcias de Ribeir\u00e3o Preto-SP e Regi\u00e3o&quot;","block_context":{"text":"Not\u00edcias de Ribeir\u00e3o Preto-SP e Regi\u00e3o","link":"https:\/\/ismaelcolosi.com.br\/index.php\/category\/noticias-de-ribeirao-preto-sp-e-regiao-ismael-colosi\/"},"img":{"alt_text":"","src":"https:\/\/i0.wp.com\/ismaelcolosi.com.br\/wp-content\/uploads\/2024\/06\/torneira_falta_1024x576_01122020133928.jpg?fit=1024%2C576&ssl=1&resize=350%2C200","width":350,"height":200,"srcset":"https:\/\/i0.wp.com\/ismaelcolosi.com.br\/wp-content\/uploads\/2024\/06\/torneira_falta_1024x576_01122020133928.jpg?fit=1024%2C576&ssl=1&resize=350%2C200 1x, https:\/\/i0.wp.com\/ismaelcolosi.com.br\/wp-content\/uploads\/2024\/06\/torneira_falta_1024x576_01122020133928.jpg?fit=1024%2C576&ssl=1&resize=525%2C300 1.5x, https:\/\/i0.wp.com\/ismaelcolosi.com.br\/wp-content\/uploads\/2024\/06\/torneira_falta_1024x576_01122020133928.jpg?fit=1024%2C576&ssl=1&resize=700%2C400 2x"},"classes":[]},{"id":63615,"url":"https:\/\/ismaelcolosi.com.br\/index.php\/2024\/09\/03\/regioes-leste-e-norte-de-ribeirao-preto-tem-alerta-para-falta-dagua-veja-os-bairros\/","url_meta":{"origin":2765,"position":1},"title":"Regi\u00f5es Leste e Norte de Ribeir\u00e3o Preto t\u00eam alerta para falta d\u2019\u00e1gua; Veja os bairros","author":"ismaelcolosi.com.br","date":"3 de September de 2024","format":false,"excerpt":"A Saerp (Secretaria de \u00c1gua e Esgoto de Ribeir\u00e3o Preto) informou nesta ter\u00e7a-feira (3) que bairros das regi\u00f5es Leste e Norte de Ribeir\u00e3o Preto t\u00eam alerta para falta d\u2019\u00e1gua. De acordo com a secretaria, est\u00e1 sendo realizada a substitui\u00e7\u00e3o da bomba do po\u00e7o Jardim Paulista, a fim de aumentar a\u2026","rel":"","context":"In &quot;Not\u00edcias de Ribeir\u00e3o Preto-SP e Regi\u00e3o&quot;","block_context":{"text":"Not\u00edcias de Ribeir\u00e3o Preto-SP e Regi\u00e3o","link":"https:\/\/ismaelcolosi.com.br\/index.php\/category\/noticias-de-ribeirao-preto-sp-e-regiao-ismael-colosi\/"},"img":{"alt_text":"","src":"https:\/\/i0.wp.com\/ismaelcolosi.com.br\/wp-content\/uploads\/2024\/09\/falta-de-agua-3.jpg?fit=1200%2C673&ssl=1&resize=350%2C200","width":350,"height":200,"srcset":"https:\/\/i0.wp.com\/ismaelcolosi.com.br\/wp-content\/uploads\/2024\/09\/falta-de-agua-3.jpg?fit=1200%2C673&ssl=1&resize=350%2C200 1x, https:\/\/i0.wp.com\/ismaelcolosi.com.br\/wp-content\/uploads\/2024\/09\/falta-de-agua-3.jpg?fit=1200%2C673&ssl=1&resize=525%2C300 1.5x, https:\/\/i0.wp.com\/ismaelcolosi.com.br\/wp-content\/uploads\/2024\/09\/falta-de-agua-3.jpg?fit=1200%2C673&ssl=1&resize=700%2C400 2x, https:\/\/i0.wp.com\/ismaelcolosi.com.br\/wp-content\/uploads\/2024\/09\/falta-de-agua-3.jpg?fit=1200%2C673&ssl=1&resize=1050%2C600 3x"},"classes":[]},{"id":71617,"url":"https:\/\/ismaelcolosi.com.br\/index.php\/2024\/10\/17\/saerp-alerta-para-falta-dagua-em-bairros-de-ribeirao-preto-veja-onde\/","url_meta":{"origin":2765,"position":2},"title":"Saerp alerta para falta d\u2019\u00e1gua em bairros de Ribeir\u00e3o Preto; Veja onde","author":"ismaelcolosi.com.br","date":"17 de October de 2024","format":false,"excerpt":"A Saerp (Secretaria de \u00c1gua e Esgoto de Ribeir\u00e3o Preto) informou nesta quinta-feira (17) que cinco bairros de Ribeir\u00e3o Preto podem apresentar falta d\u2019\u00e1gua. De acordo com a secretaria, uma equipe realiza uma substitui\u00e7\u00e3o de bomba do po\u00e7o Clubinho, que tem o objetivo de aumentar a produ\u00e7\u00e3o de \u00e1gua para\u2026","rel":"","context":"In &quot;Not\u00edcias de Ribeir\u00e3o Preto-SP e Regi\u00e3o&quot;","block_context":{"text":"Not\u00edcias de Ribeir\u00e3o Preto-SP e Regi\u00e3o","link":"https:\/\/ismaelcolosi.com.br\/index.php\/category\/noticias-de-ribeirao-preto-sp-e-regiao-ismael-colosi\/"},"img":{"alt_text":"","src":"https:\/\/i0.wp.com\/ismaelcolosi.com.br\/wp-content\/uploads\/2024\/10\/1729170142_Vejaosbairrosquepodemterfaltadguapor3diasnazonaLestedeRibeiroPreto_Tamanho_2_image-1-1.png?fit=1200%2C900&ssl=1&resize=350%2C200","width":350,"height":200,"srcset":"https:\/\/i0.wp.com\/ismaelcolosi.com.br\/wp-content\/uploads\/2024\/10\/1729170142_Vejaosbairrosquepodemterfaltadguapor3diasnazonaLestedeRibeiroPreto_Tamanho_2_image-1-1.png?fit=1200%2C900&ssl=1&resize=350%2C200 1x, https:\/\/i0.wp.com\/ismaelcolosi.com.br\/wp-content\/uploads\/2024\/10\/1729170142_Vejaosbairrosquepodemterfaltadguapor3diasnazonaLestedeRibeiroPreto_Tamanho_2_image-1-1.png?fit=1200%2C900&ssl=1&resize=525%2C300 1.5x, https:\/\/i0.wp.com\/ismaelcolosi.com.br\/wp-content\/uploads\/2024\/10\/1729170142_Vejaosbairrosquepodemterfaltadguapor3diasnazonaLestedeRibeiroPreto_Tamanho_2_image-1-1.png?fit=1200%2C900&ssl=1&resize=700%2C400 2x, https:\/\/i0.wp.com\/ismaelcolosi.com.br\/wp-content\/uploads\/2024\/10\/1729170142_Vejaosbairrosquepodemterfaltadguapor3diasnazonaLestedeRibeiroPreto_Tamanho_2_image-1-1.png?fit=1200%2C900&ssl=1&resize=1050%2C600 3x"},"classes":[]},{"id":73429,"url":"https:\/\/ismaelcolosi.com.br\/index.php\/2024\/10\/26\/saerp-alerta-para-falta-dagua-em-ribeirao-preto-veja-bairros\/","url_meta":{"origin":2765,"position":3},"title":"Saerp alerta para falta d&#8217;\u00e1gua em Ribeir\u00e3o Preto; Veja bairros","author":"ismaelcolosi.com.br","date":"26 de October de 2024","format":false,"excerpt":"A Saerp (Secretaria de \u00c1gua e Esgoto de Ribeir\u00e3o Preto) informou s\u00e1bado (26), que quatro bairros de Ribeir\u00e3o Preto podem apresentar falta d\u2019\u00e1gua. De acordo com a secretaria, uma equipe est\u00e1 realizando uma manuten\u00e7\u00e3o el\u00e9trica emergencial, que pode gerar falta d\u2019\u00e1gua nos seguintes bairros: Parque Ribeir\u00e3o Jardim Maria da Gra\u00e7a\u2026","rel":"","context":"In &quot;Not\u00edcias de Ribeir\u00e3o Preto-SP e Regi\u00e3o&quot;","block_context":{"text":"Not\u00edcias de Ribeir\u00e3o Preto-SP e Regi\u00e3o","link":"https:\/\/ismaelcolosi.com.br\/index.php\/category\/noticias-de-ribeirao-preto-sp-e-regiao-ismael-colosi\/"},"img":{"alt_text":"","src":"https:\/\/i0.wp.com\/ismaelcolosi.com.br\/wp-content\/uploads\/2024\/07\/Copia-de-Copia-de-TAMANHO-EXATO-PARA-FOTOS-NO-SISTEMA-NOVO-15_2024-07-10_14-38-39_jpg_2024-07-10_14-38-39.webp.webp?fit=1200%2C675&ssl=1&resize=350%2C200","width":350,"height":200,"srcset":"https:\/\/i0.wp.com\/ismaelcolosi.com.br\/wp-content\/uploads\/2024\/07\/Copia-de-Copia-de-TAMANHO-EXATO-PARA-FOTOS-NO-SISTEMA-NOVO-15_2024-07-10_14-38-39_jpg_2024-07-10_14-38-39.webp.webp?fit=1200%2C675&ssl=1&resize=350%2C200 1x, https:\/\/i0.wp.com\/ismaelcolosi.com.br\/wp-content\/uploads\/2024\/07\/Copia-de-Copia-de-TAMANHO-EXATO-PARA-FOTOS-NO-SISTEMA-NOVO-15_2024-07-10_14-38-39_jpg_2024-07-10_14-38-39.webp.webp?fit=1200%2C675&ssl=1&resize=525%2C300 1.5x, https:\/\/i0.wp.com\/ismaelcolosi.com.br\/wp-content\/uploads\/2024\/07\/Copia-de-Copia-de-TAMANHO-EXATO-PARA-FOTOS-NO-SISTEMA-NOVO-15_2024-07-10_14-38-39_jpg_2024-07-10_14-38-39.webp.webp?fit=1200%2C675&ssl=1&resize=700%2C400 2x, https:\/\/i0.wp.com\/ismaelcolosi.com.br\/wp-content\/uploads\/2024\/07\/Copia-de-Copia-de-TAMANHO-EXATO-PARA-FOTOS-NO-SISTEMA-NOVO-15_2024-07-10_14-38-39_jpg_2024-07-10_14-38-39.webp.webp?fit=1200%2C675&ssl=1&resize=1050%2C600 3x"},"classes":[]},{"id":68097,"url":"https:\/\/ismaelcolosi.com.br\/index.php\/2024\/09\/27\/veja-os-bairros-em-alerta-para-falta-dagua-nesta-sexta-em-ribeirao-preto\/","url_meta":{"origin":2765,"position":4},"title":"Veja os bairros em alerta para falta d\u2019\u00e1gua nesta sexta em Ribeir\u00e3o Preto","author":"ismaelcolosi.com.br","date":"27 de September de 2024","format":false,"excerpt":"A Saerp (Secretaria de \u00c1gua e Esgoto de Ribeir\u00e3o Preto) informou que realiza nesta sexta-feira (27) a troca emergencial da bomba no Po\u00e7o Cadacaan, o que pode causar faltar d\u2019\u00e1gua em bairros das regi\u00f5es Leste e Norte da cidade. Veja os bairros em alerta: Parte dos Campos El\u00edseos Ainda conforme\u2026","rel":"","context":"In &quot;Not\u00edcias de Ribeir\u00e3o Preto-SP e Regi\u00e3o&quot;","block_context":{"text":"Not\u00edcias de Ribeir\u00e3o Preto-SP e Regi\u00e3o","link":"https:\/\/ismaelcolosi.com.br\/index.php\/category\/noticias-de-ribeirao-preto-sp-e-regiao-ismael-colosi\/"},"img":{"alt_text":"","src":"https:\/\/i0.wp.com\/ismaelcolosi.com.br\/wp-content\/uploads\/2024\/09\/1727440078_torneira_falta_1024x576_08122020103237.jpg?fit=1024%2C576&ssl=1&resize=350%2C200","width":350,"height":200,"srcset":"https:\/\/i0.wp.com\/ismaelcolosi.com.br\/wp-content\/uploads\/2024\/09\/1727440078_torneira_falta_1024x576_08122020103237.jpg?fit=1024%2C576&ssl=1&resize=350%2C200 1x, https:\/\/i0.wp.com\/ismaelcolosi.com.br\/wp-content\/uploads\/2024\/09\/1727440078_torneira_falta_1024x576_08122020103237.jpg?fit=1024%2C576&ssl=1&resize=525%2C300 1.5x, https:\/\/i0.wp.com\/ismaelcolosi.com.br\/wp-content\/uploads\/2024\/09\/1727440078_torneira_falta_1024x576_08122020103237.jpg?fit=1024%2C576&ssl=1&resize=700%2C400 2x"},"classes":[]},{"id":68108,"url":"https:\/\/ismaelcolosi.com.br\/index.php\/2024\/09\/27\/veja-os-bairros-em-alerta-para-falta-dagua-nesta-sexta-em-ribeirao-preto-2\/","url_meta":{"origin":2765,"position":5},"title":"Veja os bairros em alerta para falta d\u2019\u00e1gua nesta sexta em Ribeir\u00e3o Preto","author":"ismaelcolosi.com.br","date":"27 de September de 2024","format":false,"excerpt":"A Saerp (Secretaria de \u00c1gua e Esgoto de Ribeir\u00e3o Preto) informou que realiza nesta sexta-feira (27) a troca emergencial da bomba no Po\u00e7o Cadacaan, o que pode causar faltar d\u2019\u00e1gua em bairros das regi\u00f5es Leste e Norte da cidade. Veja os bairros em alerta: Parte dos Campos El\u00edseos Ainda conforme\u2026","rel":"","context":"In &quot;Not\u00edcias de Ribeir\u00e3o Preto-SP e Regi\u00e3o&quot;","block_context":{"text":"Not\u00edcias de Ribeir\u00e3o Preto-SP e Regi\u00e3o","link":"https:\/\/ismaelcolosi.com.br\/index.php\/category\/noticias-de-ribeirao-preto-sp-e-regiao-ismael-colosi\/"},"img":{"alt_text":"","src":"https:\/\/i0.wp.com\/ismaelcolosi.com.br\/wp-content\/uploads\/2024\/09\/1727442866_torneira_falta_1024x576_08122020103237.jpg?fit=1024%2C576&ssl=1&resize=350%2C200","width":350,"height":200,"srcset":"https:\/\/i0.wp.com\/ismaelcolosi.com.br\/wp-content\/uploads\/2024\/09\/1727442866_torneira_falta_1024x576_08122020103237.jpg?fit=1024%2C576&ssl=1&resize=350%2C200 1x, https:\/\/i0.wp.com\/ismaelcolosi.com.br\/wp-content\/uploads\/2024\/09\/1727442866_torneira_falta_1024x576_08122020103237.jpg?fit=1024%2C576&ssl=1&resize=525%2C300 1.5x, https:\/\/i0.wp.com\/ismaelcolosi.com.br\/wp-content\/uploads\/2024\/09\/1727442866_torneira_falta_1024x576_08122020103237.jpg?fit=1024%2C576&ssl=1&resize=700%2C400 2x"},"classes":[]}],"jetpack_sharing_enabled":true,"jetpack_shortlink":"https:\/\/wp.me\/pfMlyK-IB","_links":{"self":[{"href":"https:\/\/ismaelcolosi.com.br\/index.php\/wp-json\/wp\/v2\/posts\/2765","targetHints":{"allow":["GET"]}}],"collection":[{"href":"https:\/\/ismaelcolosi.com.br\/index.php\/wp-json\/wp\/v2\/posts"}],"about":[{"href":"https:\/\/ismaelcolosi.com.br\/index.php\/wp-json\/wp\/v2\/types\/post"}],"author":[{"embeddable":true,"href":"https:\/\/ismaelcolosi.com.br\/index.php\/wp-json\/wp\/v2\/users\/1"}],"replies":[{"embeddable":true,"href":"https:\/\/ismaelcolosi.com.br\/index.php\/wp-json\/wp\/v2\/comments?post=2765"}],"version-history":[{"count":0,"href":"https:\/\/ismaelcolosi.com.br\/index.php\/wp-json\/wp\/v2\/posts\/2765\/revisions"}],"wp:featuredmedia":[{"embeddable":true,"href":"https:\/\/ismaelcolosi.com.br\/index.php\/wp-json\/wp\/v2\/media\/2766"}],"wp:attachment":[{"href":"https:\/\/ismaelcolosi.com.br\/index.php\/wp-json\/wp\/v2\/media?parent=2765"}],"wp:term":[{"taxonomy":"category","embeddable":true,"href":"https:\/\/ismaelcolosi.com.br\/index.php\/wp-json\/wp\/v2\/categories?post=2765"},{"taxonomy":"post_tag","embeddable":true,"href":"https:\/\/ismaelcolosi.com.br\/index.php\/wp-json\/wp\/v2\/tags?post=2765"}],"curies":[{"name":"wp","href":"https:\/\/api.w.org\/{rel}","templated":true}]}}