{"id":27647,"date":"2024-01-12T20:56:08","date_gmt":"2024-01-12T23:56:08","guid":{"rendered":"https:\/\/ismaelcolosi.com.br\/index.php\/2024\/01\/12\/onibus-despenca-de-ponte-apos-colisao-com-carro-pelo-menos-6-pessoas-perderam-a-vida-e-ha-dezenas-de-feridos\/"},"modified":"2024-01-12T20:56:08","modified_gmt":"2024-01-12T23:56:08","slug":"onibus-despenca-de-ponte-apos-colisao-com-carro-pelo-menos-6-pessoas-perderam-a-vida-e-ha-dezenas-de-feridos","status":"publish","type":"post","link":"https:\/\/ismaelcolosi.com.br\/index.php\/2024\/01\/12\/onibus-despenca-de-ponte-apos-colisao-com-carro-pelo-menos-6-pessoas-perderam-a-vida-e-ha-dezenas-de-feridos\/","title":{"rendered":"\u00d4nibus despenca de ponte ap\u00f3s colis\u00e3o com carro, pelo menos 6 pessoas perderam a vida e h\u00e1 dezenas de feridos"},"content":{"rendered":"<p> <br \/>\n<\/p>\n<div itemprop=\"text\">\n<p>Na tarde desta sexta-feira (12), um grave acidente culminou em uma terr\u00edvel trag\u00e9dia que teve como cen\u00e1rio a rodovia BR-116. Um s\u00e9rio acidente envolvendo tr\u00eas ve\u00edculos, entre os quais um \u00f4nibus e um autom\u00f3vel, resultou na tr\u00e1gica perda de pelo menos seis vidas no quil\u00f4metro 325 da BR-116, na altura do munic\u00edpio de Campan\u00e1rio, localizado no Vale do Mucuri, que fica no interior do estado de Minas Gerais.<\/p>\n<p>O incidente ocorreu por volta das 15 horas desta sexta-feira (12). Segundo informa\u00e7\u00f5es fornecidas pelos socorristas do Corpo de Bombeiros, ap\u00f3s a colis\u00e3o, o \u00f4nibus, que fazia a rota da cidade de Novo Cruzeiro, situado no Vale do Jequitinhonha, com destino ao estado de S\u00e3o Paulo, despencou de uma ponte sobre o Rio Itambacuri.<\/p>\n<p>A equipe de resgate foi chamada para intervir na situa\u00e7\u00e3o aproximadamente \u00e0s 16h40. Os membros dos socorristas do Corpo de Bombeiros, foram deslocados para o local em conjunto com a presen\u00e7a de agentes da PRF (Pol\u00edcia Rodovi\u00e1ria Federal) e profissionais do SAMU (Servi\u00e7o de Atendimento M\u00f3vel de Urg\u00eancia).<\/p>\n<p>Registros visuais capturados por testemunhas revelam a cena de devasta\u00e7\u00e3o. O ve\u00edculo envolvido na colis\u00e3o encontrava-se em estado de completa destrui\u00e7\u00e3o sobre a ponte. Enquanto isso, o \u00f4nibus permanecia pendurado \u00e0 beira do precip\u00edcio, a poucos metros de se precipitar nas \u00e1guas que percorrem a regi\u00e3o.<\/p>\n<p><a href=\"https:\/\/noticias.r7.com\/minas-gerais\/videos\/videos-mostram-destruicao-apos-acidente-com-onibus-em-mg-12012024\" target=\"_blank\" rel=\"nofollow noopener\">VEJA O VIDEO<\/a><\/p>\n<p>O desastre ocasionou um congestionamento na estrada. O autom\u00f3vel exibe a identifica\u00e7\u00e3o visual da empresa Transminas. At\u00e9 o momento a empresa n\u00e3o se pronunciou sobre o grave acidente.<\/p>\n<\/div>\n<p><br \/>\n<br \/><a href=\"https:\/\/fnmais.com\/video-tragedia-na-br-116-onibus-despenca-ponte-apos-colisao-com-carro-pelo-menos-6-pessoas-perderam-vida-ha-dezenas-feridos\/\">Source link <\/a><\/p>\n<div class='code-block code-block-4' style='margin: 8px auto 8px 0; text-align: left; display: block; clear: both;'>\n\ud83d\udce2 Aviso Legal\n\nO site ismaelcolosi.com.br atua apenas como um canal de divulga\u00e7\u00e3o de oportunidades de emprego e n\u00e3o se responsabiliza pelo processo seletivo, contrata\u00e7\u00e3o ou qualquer outra etapa relacionada \u00e0s vagas publicadas. Todas as informa\u00e7\u00f5es s\u00e3o de responsabilidade dos anunciantes.\n\n\u26a0\ufe0f Aten\u00e7\u00e3o! Nunca pague por promessas de emprego nem compre cursos que garantam contrata\u00e7\u00e3o. Desconfie de qualquer cobran\u00e7a para participar de sele\u00e7\u00f5es.\n\n\n\n<\/div>\n<!-- CONTENT END 1 -->\n","protected":false},"excerpt":{"rendered":"<p>Na tarde desta sexta-feira (12), um grave acidente culminou em uma terr\u00edvel trag\u00e9dia que teve como cen\u00e1rio a rodovia BR-116. Um s\u00e9rio acidente envolvendo tr\u00eas&#8230;<\/p>\n","protected":false},"author":1,"featured_media":27648,"comment_status":"open","ping_status":"open","sticky":false,"template":"","format":"standard","meta":{"_uag_custom_page_level_css":"","advanced_seo_description":"","jetpack_seo_html_title":"","jetpack_seo_noindex":false,"jetpack_post_was_ever_published":false,"_jetpack_newsletter_access":"","_jetpack_dont_email_post_to_subs":false,"_jetpack_newsletter_tier_id":0,"_jetpack_memberships_contains_paywalled_content":false,"_jetpack_memberships_contains_paid_content":false,"footnotes":"","jetpack_publicize_message":"","jetpack_publicize_feature_enabled":true,"jetpack_social_post_already_shared":true,"jetpack_social_options":{"image_generator_settings":{"template":"highway","default_image_id":0,"font":"","enabled":false},"version":2}},"categories":[1],"tags":[],"class_list":["post-27647","post","type-post","status-publish","format-standard","has-post-thumbnail","hentry","category-blog"],"jetpack_publicize_connections":[],"jetpack_featured_media_url":"https:\/\/i0.wp.com\/ismaelcolosi.com.br\/wp-content\/uploads\/2024\/01\/postimg-65a1c8a1d4bc08399.jpg?fit=1200%2C628&ssl=1","uagb_featured_image_src":{"full":["https:\/\/i0.wp.com\/ismaelcolosi.com.br\/wp-content\/uploads\/2024\/01\/postimg-65a1c8a1d4bc08399.jpg?fit=1200%2C628&ssl=1",1200,628,false],"thumbnail":["https:\/\/i0.wp.com\/ismaelcolosi.com.br\/wp-content\/uploads\/2024\/01\/postimg-65a1c8a1d4bc08399.jpg?resize=150%2C150&ssl=1",150,150,true],"medium":["https:\/\/i0.wp.com\/ismaelcolosi.com.br\/wp-content\/uploads\/2024\/01\/postimg-65a1c8a1d4bc08399.jpg?fit=300%2C157&ssl=1",300,157,true],"medium_large":["https:\/\/i0.wp.com\/ismaelcolosi.com.br\/wp-content\/uploads\/2024\/01\/postimg-65a1c8a1d4bc08399.jpg?fit=768%2C402&ssl=1",768,402,true],"large":["https:\/\/i0.wp.com\/ismaelcolosi.com.br\/wp-content\/uploads\/2024\/01\/postimg-65a1c8a1d4bc08399.jpg?fit=1024%2C536&ssl=1",1024,536,true],"1536x1536":["https:\/\/i0.wp.com\/ismaelcolosi.com.br\/wp-content\/uploads\/2024\/01\/postimg-65a1c8a1d4bc08399.jpg?fit=1200%2C628&ssl=1",1200,628,true],"2048x2048":["https:\/\/i0.wp.com\/ismaelcolosi.com.br\/wp-content\/uploads\/2024\/01\/postimg-65a1c8a1d4bc08399.jpg?fit=1200%2C628&ssl=1",1200,628,true],"really-simple-thumb":["https:\/\/i0.wp.com\/ismaelcolosi.com.br\/wp-content\/uploads\/2024\/01\/postimg-65a1c8a1d4bc08399.jpg?resize=370%2C247&ssl=1",370,247,true]},"uagb_author_info":{"display_name":"ismaelcolosi.com.br","author_link":"https:\/\/ismaelcolosi.com.br\/index.php\/author\/vidareal-online\/"},"uagb_comment_info":0,"uagb_excerpt":"Na tarde desta sexta-feira (12), um grave acidente culminou em uma terr\u00edvel trag\u00e9dia que teve como cen\u00e1rio a rodovia BR-116. Um s\u00e9rio acidente envolvendo tr\u00eas...","jetpack-related-posts":[{"id":18982,"url":"https:\/\/ismaelcolosi.com.br\/index.php\/2023\/12\/21\/colisao-entre-onibus-e-carreta-deixa-veiculos-destruidos-e-diversas-vitimas\/","url_meta":{"origin":27647,"position":0},"title":"Colis\u00e3o entre \u00f4nibus e carreta deixa ve\u00edculos destru\u00eddos e diversas v\u00edtimas","author":"ismaelcolosi.com.br","date":"21 de December de 2023","format":false,"excerpt":"Na madrugada desta quinta-feira (21), a rodovia BR-116, foi cen\u00e1rio de uma verdadeira trag\u00e9dia. Um grave acidente envolvendo um \u00f4nibus e uma carreta deixou os ve\u00edculos destru\u00eddos, al\u00e9m de v\u00e1rias v\u00edtimas.O acidente aconteceu na altura do munic\u00edpio de Muria\u00e9, localizado no interior do estado de Minas Gerais. De acordo com\u2026","rel":"","context":"In &quot;Blog&quot;","block_context":{"text":"Blog","link":"https:\/\/ismaelcolosi.com.br\/index.php\/category\/blog\/"},"img":{"alt_text":"","src":"https:\/\/i0.wp.com\/ismaelcolosi.com.br\/wp-content\/uploads\/2023\/12\/postimg-6584672946d0c1005.jpg?fit=1200%2C628&ssl=1&resize=350%2C200","width":350,"height":200,"srcset":"https:\/\/i0.wp.com\/ismaelcolosi.com.br\/wp-content\/uploads\/2023\/12\/postimg-6584672946d0c1005.jpg?fit=1200%2C628&ssl=1&resize=350%2C200 1x, https:\/\/i0.wp.com\/ismaelcolosi.com.br\/wp-content\/uploads\/2023\/12\/postimg-6584672946d0c1005.jpg?fit=1200%2C628&ssl=1&resize=525%2C300 1.5x, https:\/\/i0.wp.com\/ismaelcolosi.com.br\/wp-content\/uploads\/2023\/12\/postimg-6584672946d0c1005.jpg?fit=1200%2C628&ssl=1&resize=700%2C400 2x, https:\/\/i0.wp.com\/ismaelcolosi.com.br\/wp-content\/uploads\/2023\/12\/postimg-6584672946d0c1005.jpg?fit=1200%2C628&ssl=1&resize=1050%2C600 3x"},"classes":[]},{"id":27498,"url":"https:\/\/ismaelcolosi.com.br\/index.php\/2024\/01\/12\/sc-acidente-envolvendo-dois-carro-e-onibus-deixa-vitima-fatal-feridos-e-cenario-de-destruicao\/","url_meta":{"origin":27647,"position":1},"title":"SC: Acidente envolvendo dois carro e \u00f4nibus deixa v\u00edtima fatal, feridos e cen\u00e1rio de destrui\u00e7\u00e3o","author":"ismaelcolosi.com.br","date":"12 de January de 2024","format":false,"excerpt":"Na manh\u00e3 desta sexta-feira (12), um grave acidente envolvendo um \u00f4nibus e uma caminhonete, teve como cen\u00e1rio a rodovia BR-116.A colis\u00e3o violenta entre o ve\u00edculo e o \u00f4nibus que levava funcion\u00e1rios de uma empresa denominada Klabin, ocorreu por volta das 07h24, no km 227 da BR-116, no trecho que corta\u2026","rel":"","context":"In &quot;Blog&quot;","block_context":{"text":"Blog","link":"https:\/\/ismaelcolosi.com.br\/index.php\/category\/blog\/"},"img":{"alt_text":"","src":"https:\/\/i0.wp.com\/ismaelcolosi.com.br\/wp-content\/uploads\/2024\/01\/postimg-65a1663626d9c2126.jpg?fit=1200%2C628&ssl=1&resize=350%2C200","width":350,"height":200,"srcset":"https:\/\/i0.wp.com\/ismaelcolosi.com.br\/wp-content\/uploads\/2024\/01\/postimg-65a1663626d9c2126.jpg?fit=1200%2C628&ssl=1&resize=350%2C200 1x, https:\/\/i0.wp.com\/ismaelcolosi.com.br\/wp-content\/uploads\/2024\/01\/postimg-65a1663626d9c2126.jpg?fit=1200%2C628&ssl=1&resize=525%2C300 1.5x, https:\/\/i0.wp.com\/ismaelcolosi.com.br\/wp-content\/uploads\/2024\/01\/postimg-65a1663626d9c2126.jpg?fit=1200%2C628&ssl=1&resize=700%2C400 2x, https:\/\/i0.wp.com\/ismaelcolosi.com.br\/wp-content\/uploads\/2024\/01\/postimg-65a1663626d9c2126.jpg?fit=1200%2C628&ssl=1&resize=1050%2C600 3x"},"classes":[]},{"id":55749,"url":"https:\/\/ismaelcolosi.com.br\/index.php\/2024\/07\/05\/acidente-com-onibus-de-romeiros-deixa-10-mortos-e-42-feridos-no-interior-de-sp\/","url_meta":{"origin":27647,"position":2},"title":"Acidente com \u00f4nibus de romeiros deixa 10 mortos e 42 feridos no interior de SP","author":"ismaelcolosi.com.br","date":"5 de July de 2024","format":false,"excerpt":"Um grave acidente com um \u00f4nibus de romeiros deixou ao menos 10 mortos e 42 feridos na madrugada desta sexta-feira (5) , em Itapetininga, no interior de S\u00e3o Paulo. Entre as v\u00edtimas, cinco pessoas tiveram ferimentos graves, 13 moderados e 24 leves. Ao todo, 52 pessoas estavam no \u00f4nibus, que\u2026","rel":"","context":"In &quot;Not\u00edcias de Ribeir\u00e3o Preto-SP e Regi\u00e3o&quot;","block_context":{"text":"Not\u00edcias de Ribeir\u00e3o Preto-SP e Regi\u00e3o","link":"https:\/\/ismaelcolosi.com.br\/index.php\/category\/noticias-de-ribeirao-preto-sp-e-regiao-ismael-colosi\/"},"img":{"alt_text":"","src":"https:\/\/i0.wp.com\/ismaelcolosi.com.br\/wp-content\/uploads\/2024\/07\/WhatsApp-Image-2024-07-05-at-07.55.08_2024-07-05_12-57-14_jpeg_2024-07-05_12-57-14.webp.webp?fit=984%2C454&ssl=1&resize=350%2C200","width":350,"height":200,"srcset":"https:\/\/i0.wp.com\/ismaelcolosi.com.br\/wp-content\/uploads\/2024\/07\/WhatsApp-Image-2024-07-05-at-07.55.08_2024-07-05_12-57-14_jpeg_2024-07-05_12-57-14.webp.webp?fit=984%2C454&ssl=1&resize=350%2C200 1x, https:\/\/i0.wp.com\/ismaelcolosi.com.br\/wp-content\/uploads\/2024\/07\/WhatsApp-Image-2024-07-05-at-07.55.08_2024-07-05_12-57-14_jpeg_2024-07-05_12-57-14.webp.webp?fit=984%2C454&ssl=1&resize=525%2C300 1.5x, https:\/\/i0.wp.com\/ismaelcolosi.com.br\/wp-content\/uploads\/2024\/07\/WhatsApp-Image-2024-07-05-at-07.55.08_2024-07-05_12-57-14_jpeg_2024-07-05_12-57-14.webp.webp?fit=984%2C454&ssl=1&resize=700%2C400 2x"},"classes":[]},{"id":78572,"url":"https:\/\/ismaelcolosi.com.br\/index.php\/2024\/12\/06\/um-morto-e-cinco-feridos-em-acidente-no-trecho-critico-da-anhanguera\/","url_meta":{"origin":27647,"position":3},"title":"Um morto e cinco feridos em acidente no trecho cr\u00edtico da Anhanguera","author":"ismaelcolosi.com.br","date":"6 de December de 2024","format":false,"excerpt":"Em um per\u00edodo de 15 dias, cinco pessoas j\u00e1 perderam a vida na regi\u00e3o pr\u00f3xima \u00e0 Serra de Santa Rita 6 de dezembro de 20246 de dezembro de 202410 Compartilhar2 Por: Adalberto Luque Uma pessoa morreu e cinco ficaram feridas, na madrugada desta sexta-feira (6), ap\u00f3s um acidente envolvendo um\u2026","rel":"","context":"In &quot;Not\u00edcias de Ribeir\u00e3o Preto-SP e Regi\u00e3o&quot;","block_context":{"text":"Not\u00edcias de Ribeir\u00e3o Preto-SP e Regi\u00e3o","link":"https:\/\/ismaelcolosi.com.br\/index.php\/category\/noticias-de-ribeirao-preto-sp-e-regiao-ismael-colosi\/"},"img":{"alt_text":"","src":"https:\/\/i0.wp.com\/ismaelcolosi.com.br\/wp-content\/uploads\/2024\/12\/06dez2024-morteserrinha-scaled.jpg?fit=651%2C500&ssl=1&resize=350%2C200","width":350,"height":200,"srcset":"https:\/\/i0.wp.com\/ismaelcolosi.com.br\/wp-content\/uploads\/2024\/12\/06dez2024-morteserrinha-scaled.jpg?fit=651%2C500&ssl=1&resize=350%2C200 1x, https:\/\/i0.wp.com\/ismaelcolosi.com.br\/wp-content\/uploads\/2024\/12\/06dez2024-morteserrinha-scaled.jpg?fit=651%2C500&ssl=1&resize=525%2C300 1.5x"},"classes":[]},{"id":58906,"url":"https:\/\/ismaelcolosi.com.br\/index.php\/2024\/08\/03\/apos-show-em-ribeirao-cesar-menotti-da-dupla-com-fabiano-sofre-acidente-com-onibus\/","url_meta":{"origin":27647,"position":4},"title":"Ap\u00f3s show em Ribeir\u00e3o, C\u00e9sar Menotti, da dupla com Fabiano, sofre acidente com \u00f4nibus","author":"ismaelcolosi.com.br","date":"3 de August de 2024","format":false,"excerpt":"C\u00e9sar Menotti, da dupla com Fabiano, estava no \u00f4nibus da equipe que se envoveu em um acidente neste s\u00e1bado (3), em Minas Gerais. A dupla havia se apresentado na noite desta sexta-feira (2), em um show surpresa realizado em um shopping na zona Sul de Ribeir\u00e3o Preto, para divulgar a\u2026","rel":"","context":"In &quot;Not\u00edcias de Ribeir\u00e3o Preto-SP e Regi\u00e3o&quot;","block_context":{"text":"Not\u00edcias de Ribeir\u00e3o Preto-SP e Regi\u00e3o","link":"https:\/\/ismaelcolosi.com.br\/index.php\/category\/noticias-de-ribeirao-preto-sp-e-regiao-ismael-colosi\/"},"img":{"alt_text":"","src":"https:\/\/i0.wp.com\/ismaelcolosi.com.br\/wp-content\/uploads\/2024\/08\/ONIBUS_2024-08-03_21-09-33_jpg_2024-08-03_21-09-34.webp.webp?fit=1200%2C748&ssl=1&resize=350%2C200","width":350,"height":200,"srcset":"https:\/\/i0.wp.com\/ismaelcolosi.com.br\/wp-content\/uploads\/2024\/08\/ONIBUS_2024-08-03_21-09-33_jpg_2024-08-03_21-09-34.webp.webp?fit=1200%2C748&ssl=1&resize=350%2C200 1x, https:\/\/i0.wp.com\/ismaelcolosi.com.br\/wp-content\/uploads\/2024\/08\/ONIBUS_2024-08-03_21-09-33_jpg_2024-08-03_21-09-34.webp.webp?fit=1200%2C748&ssl=1&resize=525%2C300 1.5x, https:\/\/i0.wp.com\/ismaelcolosi.com.br\/wp-content\/uploads\/2024\/08\/ONIBUS_2024-08-03_21-09-33_jpg_2024-08-03_21-09-34.webp.webp?fit=1200%2C748&ssl=1&resize=700%2C400 2x, https:\/\/i0.wp.com\/ismaelcolosi.com.br\/wp-content\/uploads\/2024\/08\/ONIBUS_2024-08-03_21-09-33_jpg_2024-08-03_21-09-34.webp.webp?fit=1200%2C748&ssl=1&resize=1050%2C600 3x"},"classes":[]},{"id":26214,"url":"https:\/\/ismaelcolosi.com.br\/index.php\/2024\/01\/09\/velorio-coletivo-das-vitimas-do-acidente-entre-onibus-e-caminhao-na-br-324-acontece-sob-forte-comocao-videos-e-fotos\/","url_meta":{"origin":27647,"position":5},"title":"Vel\u00f3rio coletivo das v\u00edtimas do acidente entre \u00f4nibus e caminh\u00e3o na BR-324 acontece sob forte como\u00e7\u00e3o \u2013 V\u00cdDEOS E FOTOS","author":"ismaelcolosi.com.br","date":"9 de January de 2024","format":false,"excerpt":"A como\u00e7\u00e3o j\u00e1 se espalhava pela cidade de Jacobina, localizada no centro-norte da Bahia, quando os primeiros corpos provenientes da trag\u00e9dia envolvendo um micro-\u00f4nibus e um caminh\u00e3o chegaram ao Gin\u00e1sio Municipal de Esportes Paulo Santos Gomes na noite desta \u00faltima segunda-feira (8).Os primeiros a serem velados foram quatro indiv\u00edduos de\u2026","rel":"","context":"In &quot;Blog&quot;","block_context":{"text":"Blog","link":"https:\/\/ismaelcolosi.com.br\/index.php\/category\/blog\/"},"img":{"alt_text":"","src":"https:\/\/i0.wp.com\/ismaelcolosi.com.br\/wp-content\/uploads\/2024\/01\/postimg-659d7d94a1e278920.jpg?fit=1200%2C628&ssl=1&resize=350%2C200","width":350,"height":200,"srcset":"https:\/\/i0.wp.com\/ismaelcolosi.com.br\/wp-content\/uploads\/2024\/01\/postimg-659d7d94a1e278920.jpg?fit=1200%2C628&ssl=1&resize=350%2C200 1x, https:\/\/i0.wp.com\/ismaelcolosi.com.br\/wp-content\/uploads\/2024\/01\/postimg-659d7d94a1e278920.jpg?fit=1200%2C628&ssl=1&resize=525%2C300 1.5x, https:\/\/i0.wp.com\/ismaelcolosi.com.br\/wp-content\/uploads\/2024\/01\/postimg-659d7d94a1e278920.jpg?fit=1200%2C628&ssl=1&resize=700%2C400 2x, https:\/\/i0.wp.com\/ismaelcolosi.com.br\/wp-content\/uploads\/2024\/01\/postimg-659d7d94a1e278920.jpg?fit=1200%2C628&ssl=1&resize=1050%2C600 3x"},"classes":[]}],"jetpack_sharing_enabled":true,"jetpack_shortlink":"https:\/\/wp.me\/pfMlyK-7bV","_links":{"self":[{"href":"https:\/\/ismaelcolosi.com.br\/index.php\/wp-json\/wp\/v2\/posts\/27647","targetHints":{"allow":["GET"]}}],"collection":[{"href":"https:\/\/ismaelcolosi.com.br\/index.php\/wp-json\/wp\/v2\/posts"}],"about":[{"href":"https:\/\/ismaelcolosi.com.br\/index.php\/wp-json\/wp\/v2\/types\/post"}],"author":[{"embeddable":true,"href":"https:\/\/ismaelcolosi.com.br\/index.php\/wp-json\/wp\/v2\/users\/1"}],"replies":[{"embeddable":true,"href":"https:\/\/ismaelcolosi.com.br\/index.php\/wp-json\/wp\/v2\/comments?post=27647"}],"version-history":[{"count":0,"href":"https:\/\/ismaelcolosi.com.br\/index.php\/wp-json\/wp\/v2\/posts\/27647\/revisions"}],"wp:featuredmedia":[{"embeddable":true,"href":"https:\/\/ismaelcolosi.com.br\/index.php\/wp-json\/wp\/v2\/media\/27648"}],"wp:attachment":[{"href":"https:\/\/ismaelcolosi.com.br\/index.php\/wp-json\/wp\/v2\/media?parent=27647"}],"wp:term":[{"taxonomy":"category","embeddable":true,"href":"https:\/\/ismaelcolosi.com.br\/index.php\/wp-json\/wp\/v2\/categories?post=27647"},{"taxonomy":"post_tag","embeddable":true,"href":"https:\/\/ismaelcolosi.com.br\/index.php\/wp-json\/wp\/v2\/tags?post=27647"}],"curies":[{"name":"wp","href":"https:\/\/api.w.org\/{rel}","templated":true}]}}