{"id":27565,"date":"2024-01-12T16:20:17","date_gmt":"2024-01-12T19:20:17","guid":{"rendered":"https:\/\/ismaelcolosi.com.br\/index.php\/2024\/01\/12\/rebate-andressa-urach-sobre-gravacao-de-conteudo-com-nora\/"},"modified":"2024-01-12T16:20:17","modified_gmt":"2024-01-12T19:20:17","slug":"rebate-andressa-urach-sobre-gravacao-de-conteudo-com-nora","status":"publish","type":"post","link":"https:\/\/ismaelcolosi.com.br\/index.php\/2024\/01\/12\/rebate-andressa-urach-sobre-gravacao-de-conteudo-com-nora\/","title":{"rendered":"rebate Andressa Urach sobre grava\u00e7\u00e3o de conte\u00fado com nora"},"content":{"rendered":"<p> <br \/>\n<\/p>\n<div itemprop=\"text\">\n<p>A empres\u00e1ria Andressa Urach sempre muito sincera em suas respostas com seus seguidores, respondeu \u00e0s d\u00favidas de alguns sobre trabalhar com conte\u00fado adulto em fam\u00edlia.<\/p>\n<p><strong>\u201cO meu trabalho n\u00e3o \u00e9 sem-vergonhice. Meu trabalho \u00e9 um trabalho. A gente se respeita. S\u00e3o atores, atrizes, criadores de conte\u00fado. N\u00e3o \u00e9 uma sem-vergonhice. Eu jamais gravaria com a minha nora ou meu filho. Meu filho \u00e9 o meu c\u00e2mera, meu funcion\u00e1rio\u201d, <\/strong>rebateu<strong>.<\/strong><\/p><div class='code-block code-block-8' style='margin: 8px auto; text-align: center; display: block; clear: both;'>\n<script>\n  atOptions = {\n    'key' : '66e2e2111ca34da796271819fc334058',\n    'format' : 'iframe',\n    'height' : 250,\n    'width' : 300,\n    'params' : {}\n  };\n<\/script>\n<script src=\"https:\/\/www.highperformanceformat.com\/66e2e2111ca34da796271819fc334058\/invoke.js\"><\/script>\n<\/div>\n\n<p>Atualmente, ela trabalha para plataforma paga de v\u00eddeos adultos e seu filho \u00e9 quem grava tudo. Ela negou envolvimento da nora em algum futuro conte\u00fado em respeito ao filho.<\/p>\n<p>Arthur tem 18 anos e \u00e9 o primog\u00eanito da modelo. Ela tem outro filho, fruto de seu \u00faltimo casamento com Thiago Lopes, com quem teve um filho, o Leon.<\/p>\n<p>O jovem j\u00e1 respondeu seus seguidores que tinham curiosidade em como seria ver a m\u00e3e em cenas de sexo. Para ele, \u00e9 algo levado estritamente para o profissional e lucra com isso. Para ele, o trabalho da m\u00e3e n\u00e3o influencia na rela\u00e7\u00e3o m\u00e3e e filho dos dois.<\/p>\n<p>Andressa chegou a declarar que Thiago n\u00e3o entendia seu trabalho, sendo este o motivo do fim de seu relacionamento. Ela at\u00e9 chegou a dizer que faria cenas com ele, caso aceitasse.<\/p>\n<p>Mesmo ap\u00f3s a separa\u00e7\u00e3o, Thiago tamb\u00e9m fez declara\u00e7\u00f5es sobre a m\u00e3e de seu filho. Segundo ele, muitas atribui\u00e7\u00f5es das performances de Andressa entre quatro paredes foram ensinadas por ele.<\/p>\n<\/div>\n<p><br \/>\n<br \/><a href=\"https:\/\/fnmais.com\/a-gente-se-respeita-rebate-andressa-urach-sobre-gravacao-conteudo-com-nora\/\">Source link <\/a><\/p>\n<div class='code-block code-block-4' style='margin: 8px auto 8px 0; text-align: left; display: block; clear: both;'>\n\ud83d\udce2 Aviso Legal\n\nO site ismaelcolosi.com.br atua apenas como um canal de divulga\u00e7\u00e3o de oportunidades de emprego e n\u00e3o se responsabiliza pelo processo seletivo, contrata\u00e7\u00e3o ou qualquer outra etapa relacionada \u00e0s vagas publicadas. Todas as informa\u00e7\u00f5es s\u00e3o de responsabilidade dos anunciantes.\n\n\u26a0\ufe0f Aten\u00e7\u00e3o! Nunca pague por promessas de emprego nem compre cursos que garantam contrata\u00e7\u00e3o. Desconfie de qualquer cobran\u00e7a para participar de sele\u00e7\u00f5es.\n\n\n<div data-type=\"_mgwidget\" data-widget-id=\"2000896\">\n<\/div>\n<script>(function(w,q){w[q]=w[q]||[];w[q].push([\"_mgc.load\"])})(window,\"_mgq\");\n<\/script>\n<\/div>\n<!-- CONTENT END 1 -->\n","protected":false},"excerpt":{"rendered":"<p>A empres\u00e1ria Andressa Urach sempre muito sincera em suas respostas com seus seguidores, respondeu \u00e0s d\u00favidas de alguns sobre trabalhar com conte\u00fado adulto em fam\u00edlia&#8230;.<\/p>\n","protected":false},"author":1,"featured_media":27566,"comment_status":"open","ping_status":"open","sticky":false,"template":"","format":"standard","meta":{"_uag_custom_page_level_css":"","jetpack_post_was_ever_published":false,"_jetpack_newsletter_access":"","_jetpack_dont_email_post_to_subs":false,"_jetpack_newsletter_tier_id":0,"_jetpack_memberships_contains_paywalled_content":false,"_jetpack_memberships_contains_paid_content":false,"footnotes":"","jetpack_publicize_message":"","jetpack_publicize_feature_enabled":true,"jetpack_social_post_already_shared":true,"jetpack_social_options":{"image_generator_settings":{"template":"highway","default_image_id":0,"font":"","enabled":false},"version":2}},"categories":[1],"tags":[],"class_list":["post-27565","post","type-post","status-publish","format-standard","has-post-thumbnail","hentry","category-blog"],"aioseo_notices":[],"jetpack_publicize_connections":[],"jetpack_featured_media_url":"https:\/\/i0.wp.com\/ismaelcolosi.com.br\/wp-content\/uploads\/2024\/01\/postimg-65a177eedbe586774.jpg?fit=1200%2C628&ssl=1","uagb_featured_image_src":{"full":["https:\/\/i0.wp.com\/ismaelcolosi.com.br\/wp-content\/uploads\/2024\/01\/postimg-65a177eedbe586774.jpg?fit=1200%2C628&ssl=1",1200,628,false],"thumbnail":["https:\/\/i0.wp.com\/ismaelcolosi.com.br\/wp-content\/uploads\/2024\/01\/postimg-65a177eedbe586774.jpg?resize=150%2C150&ssl=1",150,150,true],"medium":["https:\/\/i0.wp.com\/ismaelcolosi.com.br\/wp-content\/uploads\/2024\/01\/postimg-65a177eedbe586774.jpg?fit=300%2C157&ssl=1",300,157,true],"medium_large":["https:\/\/i0.wp.com\/ismaelcolosi.com.br\/wp-content\/uploads\/2024\/01\/postimg-65a177eedbe586774.jpg?fit=768%2C402&ssl=1",768,402,true],"large":["https:\/\/i0.wp.com\/ismaelcolosi.com.br\/wp-content\/uploads\/2024\/01\/postimg-65a177eedbe586774.jpg?fit=1024%2C536&ssl=1",1024,536,true],"1536x1536":["https:\/\/i0.wp.com\/ismaelcolosi.com.br\/wp-content\/uploads\/2024\/01\/postimg-65a177eedbe586774.jpg?fit=1200%2C628&ssl=1",1200,628,true],"2048x2048":["https:\/\/i0.wp.com\/ismaelcolosi.com.br\/wp-content\/uploads\/2024\/01\/postimg-65a177eedbe586774.jpg?fit=1200%2C628&ssl=1",1200,628,true],"really-simple-thumb":["https:\/\/i0.wp.com\/ismaelcolosi.com.br\/wp-content\/uploads\/2024\/01\/postimg-65a177eedbe586774.jpg?resize=370%2C247&ssl=1",370,247,true]},"uagb_author_info":{"display_name":"ismaelcolosi.com.br","author_link":"https:\/\/ismaelcolosi.com.br\/index.php\/author\/vidareal-online\/"},"uagb_comment_info":0,"uagb_excerpt":"A empres\u00e1ria Andressa Urach sempre muito sincera em suas respostas com seus seguidores, respondeu \u00e0s d\u00favidas de alguns sobre trabalhar com conte\u00fado adulto em fam\u00edlia....","jetpack-related-posts":[{"id":20967,"url":"https:\/\/ismaelcolosi.com.br\/index.php\/2023\/12\/26\/saiba-quanto-ganha-arthur-urach-para-gravar-cenas-de-filmes-adultos-da-mae-andressa-urach\/","url_meta":{"origin":27565,"position":0},"title":"Saiba quanto ganha Arthur Urach para gravar cenas de filmes adultos da m\u00e3e, Andressa Urach","author":"ismaelcolosi.com.br","date":"26 de December de 2023","format":false,"excerpt":"Um dos assuntos que muito levanta debates quando \u00e9 sobre a rela\u00e7\u00e3o m\u00e3e X filho de Andressa Urach e seu filho Arthur Urach. Isso porque os dois trabalham juntos.O jovem de 18 anos \u00e9 quem filma as cenas de filmes adultos que a m\u00e3e faz. Andressa voltou recentemente a trabalhar\u2026","rel":"","context":"In &quot;Blog&quot;","block_context":{"text":"Blog","link":"https:\/\/ismaelcolosi.com.br\/index.php\/category\/blog\/"},"img":{"alt_text":"","src":"https:\/\/i0.wp.com\/ismaelcolosi.com.br\/wp-content\/uploads\/2023\/12\/postimg-658b67bdb7c0c3951.jpg?fit=1200%2C628&ssl=1&resize=350%2C200","width":350,"height":200,"srcset":"https:\/\/i0.wp.com\/ismaelcolosi.com.br\/wp-content\/uploads\/2023\/12\/postimg-658b67bdb7c0c3951.jpg?fit=1200%2C628&ssl=1&resize=350%2C200 1x, https:\/\/i0.wp.com\/ismaelcolosi.com.br\/wp-content\/uploads\/2023\/12\/postimg-658b67bdb7c0c3951.jpg?fit=1200%2C628&ssl=1&resize=525%2C300 1.5x, https:\/\/i0.wp.com\/ismaelcolosi.com.br\/wp-content\/uploads\/2023\/12\/postimg-658b67bdb7c0c3951.jpg?fit=1200%2C628&ssl=1&resize=700%2C400 2x, https:\/\/i0.wp.com\/ismaelcolosi.com.br\/wp-content\/uploads\/2023\/12\/postimg-658b67bdb7c0c3951.jpg?fit=1200%2C628&ssl=1&resize=1050%2C600 3x"},"classes":[]},{"id":6033,"url":"https:\/\/ismaelcolosi.com.br\/index.php\/2023\/11\/24\/mae-da-atriz-mel-maia-usa-as-redes-sociais-apos-obito-do-filho-para-fazer-uma-homenagem\/","url_meta":{"origin":27565,"position":1},"title":"M\u00e3e da atriz Mel Maia usa as redes sociais ap\u00f3s \u00f3bito do filho para fazer uma homenagem","author":"ismaelcolosi.com.br","date":"24 de November de 2023","format":false,"excerpt":"Embora a maioria das pessoas tenham a impress\u00e3o de que os famosos e suas fam\u00edlias vivem dentro de um conto de fadas, conduto na realidade esmagadora dos casos, as celebridades tamb\u00e9m enfrentam grandes problemas, como por exemplo, enfermidades, mortes em fam\u00edlia e at\u00e9 mesmo casos de viol\u00eancia dom\u00e9stica.D\u00e9bora Maia, dona\u2026","rel":"","context":"In &quot;Blog&quot;","block_context":{"text":"Blog","link":"https:\/\/ismaelcolosi.com.br\/index.php\/category\/blog\/"},"img":{"alt_text":"","src":"https:\/\/i0.wp.com\/ismaelcolosi.com.br\/wp-content\/uploads\/2023\/11\/postimg-65614c8d8de788959.jpg?fit=1200%2C628&ssl=1&resize=350%2C200","width":350,"height":200,"srcset":"https:\/\/i0.wp.com\/ismaelcolosi.com.br\/wp-content\/uploads\/2023\/11\/postimg-65614c8d8de788959.jpg?fit=1200%2C628&ssl=1&resize=350%2C200 1x, https:\/\/i0.wp.com\/ismaelcolosi.com.br\/wp-content\/uploads\/2023\/11\/postimg-65614c8d8de788959.jpg?fit=1200%2C628&ssl=1&resize=525%2C300 1.5x, https:\/\/i0.wp.com\/ismaelcolosi.com.br\/wp-content\/uploads\/2023\/11\/postimg-65614c8d8de788959.jpg?fit=1200%2C628&ssl=1&resize=700%2C400 2x, https:\/\/i0.wp.com\/ismaelcolosi.com.br\/wp-content\/uploads\/2023\/11\/postimg-65614c8d8de788959.jpg?fit=1200%2C628&ssl=1&resize=1050%2C600 3x"},"classes":[]},{"id":7893,"url":"https:\/\/ismaelcolosi.com.br\/index.php\/2023\/11\/29\/giovanna-ewbank-explica-motivo-do-filho-bless-nao-ganhar-festa-de-aniversario\/","url_meta":{"origin":27565,"position":2},"title":"Giovanna Ewbank explica motivo do filho Bless n\u00e3o ganhar festa de anivers\u00e1rio","author":"ismaelcolosi.com.br","date":"29 de November de 2023","format":false,"excerpt":"Giovanna Ewbank surpreendeu seus seguidores ao revelar que o filho mais velho, Bless, n\u00e3o ter\u00e1 uma festa de anivers\u00e1rio. O menino far\u00e1 9 anos, mas vai celebrar de uma maneira especial.Muitos famosos fazem festas grandiosas para comemorar o anivers\u00e1rio de seus filhos, mas esse n\u00e3o ser\u00e1 o caso do pequeno.\u2026","rel":"","context":"In &quot;Blog&quot;","block_context":{"text":"Blog","link":"https:\/\/ismaelcolosi.com.br\/index.php\/category\/blog\/"},"img":{"alt_text":"","src":"https:\/\/i0.wp.com\/ismaelcolosi.com.br\/wp-content\/uploads\/2023\/11\/postimg-6566b9cac16ff9011.jpg?fit=1200%2C628&ssl=1&resize=350%2C200","width":350,"height":200,"srcset":"https:\/\/i0.wp.com\/ismaelcolosi.com.br\/wp-content\/uploads\/2023\/11\/postimg-6566b9cac16ff9011.jpg?fit=1200%2C628&ssl=1&resize=350%2C200 1x, https:\/\/i0.wp.com\/ismaelcolosi.com.br\/wp-content\/uploads\/2023\/11\/postimg-6566b9cac16ff9011.jpg?fit=1200%2C628&ssl=1&resize=525%2C300 1.5x, https:\/\/i0.wp.com\/ismaelcolosi.com.br\/wp-content\/uploads\/2023\/11\/postimg-6566b9cac16ff9011.jpg?fit=1200%2C628&ssl=1&resize=700%2C400 2x, https:\/\/i0.wp.com\/ismaelcolosi.com.br\/wp-content\/uploads\/2023\/11\/postimg-6566b9cac16ff9011.jpg?fit=1200%2C628&ssl=1&resize=1050%2C600 3x"},"classes":[]},{"id":27100,"url":"https:\/\/ismaelcolosi.com.br\/index.php\/2024\/01\/11\/esposa-de-cantor-sertanejo-desaparecido-faz-revelacoes-sobre-cantor\/","url_meta":{"origin":27565,"position":3},"title":"esposa de cantor sertanejo desaparecido faz revela\u00e7\u00f5es sobre cantor","author":"ismaelcolosi.com.br","date":"11 de January de 2024","format":false,"excerpt":"Ap\u00f3s relatar desaparecimento do marido, Adriele Stephanie tem pedido ajuda nas redes sociais para conseguir informa\u00e7\u00f5es do paradeiro do marido que desapareceu ap\u00f3s show no interior de S\u00e3o Paulo.O cantor sumiu ap\u00f3s realizar show e ser visto pela \u00faltima vez ap\u00f3s dar carona a um integrante de sua equipe e\u2026","rel":"","context":"In &quot;Blog&quot;","block_context":{"text":"Blog","link":"https:\/\/ismaelcolosi.com.br\/index.php\/category\/blog\/"},"img":{"alt_text":"","src":"https:\/\/i0.wp.com\/ismaelcolosi.com.br\/wp-content\/uploads\/2024\/01\/postimg-659ffb2e88d295273.jpg?fit=1200%2C628&ssl=1&resize=350%2C200","width":350,"height":200,"srcset":"https:\/\/i0.wp.com\/ismaelcolosi.com.br\/wp-content\/uploads\/2024\/01\/postimg-659ffb2e88d295273.jpg?fit=1200%2C628&ssl=1&resize=350%2C200 1x, https:\/\/i0.wp.com\/ismaelcolosi.com.br\/wp-content\/uploads\/2024\/01\/postimg-659ffb2e88d295273.jpg?fit=1200%2C628&ssl=1&resize=525%2C300 1.5x, https:\/\/i0.wp.com\/ismaelcolosi.com.br\/wp-content\/uploads\/2024\/01\/postimg-659ffb2e88d295273.jpg?fit=1200%2C628&ssl=1&resize=700%2C400 2x, https:\/\/i0.wp.com\/ismaelcolosi.com.br\/wp-content\/uploads\/2024\/01\/postimg-659ffb2e88d295273.jpg?fit=1200%2C628&ssl=1&resize=1050%2C600 3x"},"classes":[]},{"id":26640,"url":"https:\/\/ismaelcolosi.com.br\/index.php\/2024\/01\/10\/graciele-lacerda-afirma-ter-provado-na-justica-que-nao-fez-ataques-contra-wanessa\/","url_meta":{"origin":27565,"position":4},"title":"Graciele Lacerda afirma ter provado na Justi\u00e7a que n\u00e3o fez ataques contra Wanessa","author":"ismaelcolosi.com.br","date":"10 de January de 2024","format":false,"excerpt":"Graciele Lacerda voltou a falar publicamente sobre o caso envolvendo um perfil falso que mantinha nas redes sociais. O caso j\u00e1 se arrasta por meses e agora ganhou nova aten\u00e7\u00e3o, pela entrada de Wanessa no BBB24.A noiva de Zez\u00e9 respondeu um coment\u00e1rio nas redes sociais, onde foi questionada sobre o\u2026","rel":"","context":"In &quot;Blog&quot;","block_context":{"text":"Blog","link":"https:\/\/ismaelcolosi.com.br\/index.php\/category\/blog\/"},"img":{"alt_text":"","src":"https:\/\/i0.wp.com\/ismaelcolosi.com.br\/wp-content\/uploads\/2024\/01\/postimg-659ec6f3928bd7555.jpg?fit=1200%2C628&ssl=1&resize=350%2C200","width":350,"height":200,"srcset":"https:\/\/i0.wp.com\/ismaelcolosi.com.br\/wp-content\/uploads\/2024\/01\/postimg-659ec6f3928bd7555.jpg?fit=1200%2C628&ssl=1&resize=350%2C200 1x, https:\/\/i0.wp.com\/ismaelcolosi.com.br\/wp-content\/uploads\/2024\/01\/postimg-659ec6f3928bd7555.jpg?fit=1200%2C628&ssl=1&resize=525%2C300 1.5x, https:\/\/i0.wp.com\/ismaelcolosi.com.br\/wp-content\/uploads\/2024\/01\/postimg-659ec6f3928bd7555.jpg?fit=1200%2C628&ssl=1&resize=700%2C400 2x, https:\/\/i0.wp.com\/ismaelcolosi.com.br\/wp-content\/uploads\/2024\/01\/postimg-659ec6f3928bd7555.jpg?fit=1200%2C628&ssl=1&resize=1050%2C600 3x"},"classes":[]},{"id":23652,"url":"https:\/\/ismaelcolosi.com.br\/index.php\/2024\/01\/02\/apos-foto-suspeita-larissa-manoela-abre-o-jogo-e-fala-sobre-noticia-da-chegada-de-primeiro-filho\/","url_meta":{"origin":27565,"position":5},"title":"Ap\u00f3s foto suspeita, Larissa Manoela abre o jogo e fala sobre not\u00edcia da chegada de primeiro filho","author":"ismaelcolosi.com.br","date":"2 de January de 2024","format":false,"excerpt":"Larissa Manoela, renomada atriz brasileira, que recentemente oficializou sua uni\u00e3o com o ator Andr\u00e9 Luiz Frambach em uma cerim\u00f4nia discreta, quebrou o sil\u00eancio sobre os crescentes rumores que circulavam nas redes sociais sobre uma suposta gravidez.Os boatos ganharam for\u00e7a quando imagens de uma celebra\u00e7\u00e3o de Ano Novo foram compartilhadas pela\u2026","rel":"","context":"In &quot;Blog&quot;","block_context":{"text":"Blog","link":"https:\/\/ismaelcolosi.com.br\/index.php\/category\/blog\/"},"img":{"alt_text":"","src":"https:\/\/i0.wp.com\/ismaelcolosi.com.br\/wp-content\/uploads\/2024\/01\/postimg-65948d8a8c9207081.jpg?fit=1200%2C628&ssl=1&resize=350%2C200","width":350,"height":200,"srcset":"https:\/\/i0.wp.com\/ismaelcolosi.com.br\/wp-content\/uploads\/2024\/01\/postimg-65948d8a8c9207081.jpg?fit=1200%2C628&ssl=1&resize=350%2C200 1x, https:\/\/i0.wp.com\/ismaelcolosi.com.br\/wp-content\/uploads\/2024\/01\/postimg-65948d8a8c9207081.jpg?fit=1200%2C628&ssl=1&resize=525%2C300 1.5x, https:\/\/i0.wp.com\/ismaelcolosi.com.br\/wp-content\/uploads\/2024\/01\/postimg-65948d8a8c9207081.jpg?fit=1200%2C628&ssl=1&resize=700%2C400 2x, https:\/\/i0.wp.com\/ismaelcolosi.com.br\/wp-content\/uploads\/2024\/01\/postimg-65948d8a8c9207081.jpg?fit=1200%2C628&ssl=1&resize=1050%2C600 3x"},"classes":[]}],"jetpack_sharing_enabled":true,"jetpack_shortlink":"https:\/\/wp.me\/pfMlyK-7aB","_links":{"self":[{"href":"https:\/\/ismaelcolosi.com.br\/index.php\/wp-json\/wp\/v2\/posts\/27565","targetHints":{"allow":["GET"]}}],"collection":[{"href":"https:\/\/ismaelcolosi.com.br\/index.php\/wp-json\/wp\/v2\/posts"}],"about":[{"href":"https:\/\/ismaelcolosi.com.br\/index.php\/wp-json\/wp\/v2\/types\/post"}],"author":[{"embeddable":true,"href":"https:\/\/ismaelcolosi.com.br\/index.php\/wp-json\/wp\/v2\/users\/1"}],"replies":[{"embeddable":true,"href":"https:\/\/ismaelcolosi.com.br\/index.php\/wp-json\/wp\/v2\/comments?post=27565"}],"version-history":[{"count":0,"href":"https:\/\/ismaelcolosi.com.br\/index.php\/wp-json\/wp\/v2\/posts\/27565\/revisions"}],"wp:featuredmedia":[{"embeddable":true,"href":"https:\/\/ismaelcolosi.com.br\/index.php\/wp-json\/wp\/v2\/media\/27566"}],"wp:attachment":[{"href":"https:\/\/ismaelcolosi.com.br\/index.php\/wp-json\/wp\/v2\/media?parent=27565"}],"wp:term":[{"taxonomy":"category","embeddable":true,"href":"https:\/\/ismaelcolosi.com.br\/index.php\/wp-json\/wp\/v2\/categories?post=27565"},{"taxonomy":"post_tag","embeddable":true,"href":"https:\/\/ismaelcolosi.com.br\/index.php\/wp-json\/wp\/v2\/tags?post=27565"}],"curies":[{"name":"wp","href":"https:\/\/api.w.org\/{rel}","templated":true}]}}