{"id":2743,"date":"2023-11-16T14:39:26","date_gmt":"2023-11-16T17:39:26","guid":{"rendered":"https:\/\/ismaelcolosi.com.br\/index.php\/2023\/11\/16\/justica-anula-investigacao-da-camara-de-ribeirao-preto-contra-vereador\/"},"modified":"2023-11-16T14:39:26","modified_gmt":"2023-11-16T17:39:26","slug":"justica-anula-investigacao-da-camara-de-ribeirao-preto-contra-vereador","status":"publish","type":"post","link":"https:\/\/ismaelcolosi.com.br\/index.php\/2023\/11\/16\/justica-anula-investigacao-da-camara-de-ribeirao-preto-contra-vereador\/","title":{"rendered":"Justi\u00e7a anula investiga\u00e7\u00e3o da C\u00e2mara de Ribeir\u00e3o Preto contra vereador"},"content":{"rendered":"<p> <br \/>\n<\/p>\n<div data-td-block-uid=\"tdi_104\">\n<div class=\"tdb-block-inner td-fix-index\">\n<p><strong>A 2\u00aa Vara da Fazenda P\u00fablica anulou o processo administrativo da <a href=\"https:\/\/www.camararibeiraopreto.sp.gov.br\/\" target=\"_blank\" rel=\"noreferrer noopener nofollow\">C\u00e2mara Municipal de Ribeir\u00e3o Preto<\/a> que investigava o vereador Ramon Faustino (Psol) por suposta quebra de decoro parlamentar.<\/strong><\/p>\n<p>A decis\u00e3o da ju\u00edza Lu\u00edsa Helena Carvalho Pita foi publicada na \u00faltima segunda-feira (13). <mark style=\"background-color:#fcb900\" class=\"has-inline-color has-black-color\">O parlamentar era acusado de ter cometido ass\u00e9dio moral e fraude documental por duas ex-assessoras<\/mark> \u2013 entre elas, uma ex-namorada do parlamentar.<\/p>\n<p>Na ocasi\u00e3o, Ramon negou as acusa\u00e7\u00f5es e afirmou que as denunciantes apresentaram falsas alega\u00e7\u00f5es \u201csabidamente caluniosas e difamantes\u201d, em raz\u00e3o de disputas interna do Psol.<\/p>\n<p><a href=\"https:\/\/www.acidadeon.com\/ribeiraopreto\/politica\/justica-suspende-investigacao-contra-vereador-de-ribeirao-preto\/\" target=\"_blank\" rel=\"noreferrer noopener nofollow\">O processo administrativo j\u00e1 estava suspenso desde outubro de 2022. <\/a>Na a\u00e7\u00e3o que anulou a investiga\u00e7\u00e3o, Ramon Faustino alegou que a comiss\u00e3o processante que comandava o processo administrativo n\u00e3o era imparcial, j\u00e1 que o presidente da comiss\u00e3o teria dado causa a instaura\u00e7\u00e3o do processo e, por isso, n\u00e3o teria isen\u00e7\u00e3o julg\u00e1-lo.<\/p>\n<p>\u201cDe rigor, assim, a declara\u00e7\u00e3o de nulidade do Processo Administrativo CMRP n\u00ba 18.613\/2022, pois, repita-se, o impetrado possui o direito l\u00edquido e certo de ser julgado por uma Comiss\u00e3o Processante composta por membros imparciais, tudo em aten\u00e7\u00e3o ao devido processo legal constitucional\u201d, escreveu a ju\u00edza na decis\u00e3o.<\/p>\n<h4 class=\"wp-block-heading\"><strong>O que diz a C\u00e2mara?<\/strong><\/h4>\n<p>A C\u00e2mara de Ribeir\u00e3o Preto informou que foi notificada da senten\u00e7a nesta quinta-feira (16) e que encaminhar\u00e1 a decis\u00e3o para comiss\u00e3o processante para as devidas provid\u00eancias.<\/p>\n<h4 class=\"wp-block-heading\"><strong>FIQUE ON<\/strong><\/h4>\n<p>Fique ligado em tudo que acontece em Ribeir\u00e3o Preto e regi\u00e3o. Siga os perfis do<strong> acidade on<\/strong> no <a href=\"https:\/\/www.instagram.com\/acidadeonribeirao\" target=\"_blank\" rel=\"noreferrer noopener nofollow\">Instagram <\/a>e no <a href=\"https:\/\/www.facebook.com\/acidadeonribeirao\" target=\"_blank\" rel=\"noreferrer noopener nofollow\">Facebook.<\/a><\/p>\n<p>Receba not\u00edcias do<strong> acidade on<\/strong> no WhatsApp. <a href=\"https:\/\/chat.whatsapp.com\/Bnv2w66ZT4VDyZW3oiZ69n\" target=\"_blank\" rel=\"noreferrer noopener nofollow\">Para entrar no grupo, basta clicar aqui.<\/a><\/p>\n<p>Fa\u00e7a uma den\u00fancia ou sugira uma reportagem sobre a Ribeir\u00e3o Preto e regi\u00e3o pelo WhatsApp: (16) 99117 7802.<\/p>\n<p>LEIA MAIS<\/p>\n<p><a href=\"https:\/\/www.acidadeon.com\/ribeiraopreto\/economia\/veja-os-ganhadores-da-nota-fiscal-paulista-morador-da-regiao-de-ribeirao-leva-r-500-mil\/\" target=\"_blank\" rel=\"noreferrer noopener nofollow\">Veja os ganhadores da Nota Fiscal Paulista; Morador da regi\u00e3o de Ribeir\u00e3o leva R$ 500 mil<\/a><\/p>\n<p><!-- AI CONTENT END 1 -->\n<\/div>\n<\/div>\n<p><script async src=\"\/\/www.instagram.com\/embed.js\"><\/script><br \/>\n<br \/><br \/>\n<br \/><a href=\"https:\/\/www.acidadeon.com\/ribeiraopreto\/politica\/justica-anula-investigacao-da-camara-de-ribeirao-preto-contra-vereador\/\">Source link <\/a><\/p>\n<div class='code-block code-block-4' style='margin: 8px auto 8px 0; text-align: left; display: block; clear: both;'>\n\ud83d\udce2 Aviso Legal\n\nO site ismaelcolosi.com.br atua apenas como um canal de divulga\u00e7\u00e3o de oportunidades de emprego e n\u00e3o se responsabiliza pelo processo seletivo, contrata\u00e7\u00e3o ou qualquer outra etapa relacionada \u00e0s vagas publicadas. Todas as informa\u00e7\u00f5es s\u00e3o de responsabilidade dos anunciantes.\n\n\u26a0\ufe0f Aten\u00e7\u00e3o! Nunca pague por promessas de emprego nem compre cursos que garantam contrata\u00e7\u00e3o. Desconfie de qualquer cobran\u00e7a para participar de sele\u00e7\u00f5es.\n\n\n\n<\/div>\n<!-- CONTENT END 1 -->\n","protected":false},"excerpt":{"rendered":"<p>A 2\u00aa Vara da Fazenda P\u00fablica anulou o processo administrativo da C\u00e2mara Municipal de Ribeir\u00e3o Preto que investigava o vereador Ramon Faustino (Psol) por suposta&#8230;<\/p>\n","protected":false},"author":1,"featured_media":2744,"comment_status":"open","ping_status":"open","sticky":false,"template":"","format":"standard","meta":{"_uag_custom_page_level_css":"","advanced_seo_description":"","jetpack_seo_html_title":"","jetpack_seo_noindex":false,"jetpack_post_was_ever_published":false,"_jetpack_newsletter_access":"","_jetpack_dont_email_post_to_subs":false,"_jetpack_newsletter_tier_id":0,"_jetpack_memberships_contains_paywalled_content":false,"_jetpack_memberships_contains_paid_content":false,"footnotes":"","jetpack_publicize_message":"","jetpack_publicize_feature_enabled":true,"jetpack_social_post_already_shared":true,"jetpack_social_options":{"image_generator_settings":{"template":"highway","default_image_id":0,"font":"","enabled":false},"version":2}},"categories":[11],"tags":[],"class_list":["post-2743","post","type-post","status-publish","format-standard","has-post-thumbnail","hentry","category-noticias-de-ribeirao-preto-sp-e-regiao-ismael-colosi"],"jetpack_publicize_connections":[],"jetpack_featured_media_url":"https:\/\/i0.wp.com\/ismaelcolosi.com.br\/wp-content\/uploads\/2023\/11\/ramon-faustino.jpg?fit=2048%2C1366&ssl=1","uagb_featured_image_src":{"full":["https:\/\/i0.wp.com\/ismaelcolosi.com.br\/wp-content\/uploads\/2023\/11\/ramon-faustino.jpg?fit=2048%2C1366&ssl=1",2048,1366,false],"thumbnail":["https:\/\/i0.wp.com\/ismaelcolosi.com.br\/wp-content\/uploads\/2023\/11\/ramon-faustino.jpg?resize=150%2C150&ssl=1",150,150,true],"medium":["https:\/\/i0.wp.com\/ismaelcolosi.com.br\/wp-content\/uploads\/2023\/11\/ramon-faustino.jpg?fit=300%2C200&ssl=1",300,200,true],"medium_large":["https:\/\/i0.wp.com\/ismaelcolosi.com.br\/wp-content\/uploads\/2023\/11\/ramon-faustino.jpg?fit=768%2C512&ssl=1",768,512,true],"large":["https:\/\/i0.wp.com\/ismaelcolosi.com.br\/wp-content\/uploads\/2023\/11\/ramon-faustino.jpg?fit=1024%2C683&ssl=1",1024,683,true],"1536x1536":["https:\/\/i0.wp.com\/ismaelcolosi.com.br\/wp-content\/uploads\/2023\/11\/ramon-faustino.jpg?fit=1536%2C1025&ssl=1",1536,1025,true],"2048x2048":["https:\/\/i0.wp.com\/ismaelcolosi.com.br\/wp-content\/uploads\/2023\/11\/ramon-faustino.jpg?fit=2048%2C1366&ssl=1",2048,1366,true],"really-simple-thumb":["https:\/\/i0.wp.com\/ismaelcolosi.com.br\/wp-content\/uploads\/2023\/11\/ramon-faustino.jpg?resize=370%2C247&ssl=1",370,247,true]},"uagb_author_info":{"display_name":"ismaelcolosi.com.br","author_link":"https:\/\/ismaelcolosi.com.br\/index.php\/author\/vidareal-online\/"},"uagb_comment_info":0,"uagb_excerpt":"A 2\u00aa Vara da Fazenda P\u00fablica anulou o processo administrativo da C\u00e2mara Municipal de Ribeir\u00e3o Preto que investigava o vereador Ramon Faustino (Psol) por suposta...","jetpack-related-posts":[{"id":34037,"url":"https:\/\/ismaelcolosi.com.br\/index.php\/2024\/01\/31\/vereador-de-ribeirao-preto-vira-reu-por-perseguicao-contra-ex-namorada\/","url_meta":{"origin":2743,"position":0},"title":"Vereador de Ribeir\u00e3o Preto vira r\u00e9u por persegui\u00e7\u00e3o contra ex-namorada","author":"ismaelcolosi.com.br","date":"31 de January de 2024","format":false,"excerpt":"O vereador de Ribeir\u00e3o Preto, Ramon Fernandes Faustino (Psol), se tornou r\u00e9u em um processo da Vara de Viol\u00eancia Dom\u00e9stica e Familiar contra a Mulher por persegui\u00e7\u00e3o contra a ex-namorada (Artigo 147-A do CP), que tamb\u00e9m \u00e9 sua ex-assessora na C\u00e2mara Municipal. A audi\u00eancia de instru\u00e7\u00e3o, debates e julgamento foi\u2026","rel":"","context":"In &quot;Not\u00edcias de Ribeir\u00e3o Preto-SP e Regi\u00e3o&quot;","block_context":{"text":"Not\u00edcias de Ribeir\u00e3o Preto-SP e Regi\u00e3o","link":"https:\/\/ismaelcolosi.com.br\/index.php\/category\/noticias-de-ribeirao-preto-sp-e-regiao-ismael-colosi\/"},"img":{"alt_text":"","src":"https:\/\/i0.wp.com\/ismaelcolosi.com.br\/wp-content\/uploads\/2024\/01\/ramon.jpg?fit=1200%2C800&ssl=1&resize=350%2C200","width":350,"height":200,"srcset":"https:\/\/i0.wp.com\/ismaelcolosi.com.br\/wp-content\/uploads\/2024\/01\/ramon.jpg?fit=1200%2C800&ssl=1&resize=350%2C200 1x, https:\/\/i0.wp.com\/ismaelcolosi.com.br\/wp-content\/uploads\/2024\/01\/ramon.jpg?fit=1200%2C800&ssl=1&resize=525%2C300 1.5x, https:\/\/i0.wp.com\/ismaelcolosi.com.br\/wp-content\/uploads\/2024\/01\/ramon.jpg?fit=1200%2C800&ssl=1&resize=700%2C400 2x, https:\/\/i0.wp.com\/ismaelcolosi.com.br\/wp-content\/uploads\/2024\/01\/ramon.jpg?fit=1200%2C800&ssl=1&resize=1050%2C600 3x"},"classes":[]},{"id":41260,"url":"https:\/\/ismaelcolosi.com.br\/index.php\/2024\/03\/07\/sete-vereadores-podem-trocar-de-partido\/","url_meta":{"origin":2743,"position":1},"title":"Sete vereadores podem trocar de partido\u00a0","author":"ismaelcolosi.com.br","date":"7 de March de 2024","format":false,"excerpt":"7 de mar\u00e7o de 2024 | 11:006 de mar\u00e7o de 2024 | 20:00 0Ao menos sete vereadores de Ribeir\u00e3o Preto \u2013 31,8% da C\u00e2mara, que conta com 22 cadeiras \u2013 devem trocar de legenda durante a janela eleitoral, que come\u00e7a nesta quinta-feira, 7 de mar\u00e7o, e vai at\u00e9 5 de\u2026","rel":"","context":"In &quot;Not\u00edcias de Ribeir\u00e3o Preto-SP e Regi\u00e3o&quot;","block_context":{"text":"Not\u00edcias de Ribeir\u00e3o Preto-SP e Regi\u00e3o","link":"https:\/\/ismaelcolosi.com.br\/index.php\/category\/noticias-de-ribeirao-preto-sp-e-regiao-ismael-colosi\/"},"img":{"alt_text":"","src":"https:\/\/i0.wp.com\/ismaelcolosi.com.br\/wp-content\/uploads\/2024\/03\/tse_1908200982-1-scaled.jpg?fit=1000%2C598&ssl=1&resize=350%2C200","width":350,"height":200,"srcset":"https:\/\/i0.wp.com\/ismaelcolosi.com.br\/wp-content\/uploads\/2024\/03\/tse_1908200982-1-scaled.jpg?fit=1000%2C598&ssl=1&resize=350%2C200 1x, https:\/\/i0.wp.com\/ismaelcolosi.com.br\/wp-content\/uploads\/2024\/03\/tse_1908200982-1-scaled.jpg?fit=1000%2C598&ssl=1&resize=525%2C300 1.5x, https:\/\/i0.wp.com\/ismaelcolosi.com.br\/wp-content\/uploads\/2024\/03\/tse_1908200982-1-scaled.jpg?fit=1000%2C598&ssl=1&resize=700%2C400 2x"},"classes":[]},{"id":69732,"url":"https:\/\/ismaelcolosi.com.br\/index.php\/2024\/10\/07\/vereador-tem-mais-votos-do-que-nove-eleitos-mas-fica-sem-vaga-na-camara-de-ribeirao\/","url_meta":{"origin":2743,"position":2},"title":"Vereador tem mais votos do que nove eleitos, mas fica sem vaga na C\u00e2mara de Ribeir\u00e3o","author":"ismaelcolosi.com.br","date":"7 de October de 2024","format":false,"excerpt":"Ap\u00f3s tr\u00eas mandatos, o vereador Marcos Papa (Pode), n\u00e3o conseguiu a reelei\u00e7\u00e3o para C\u00e2mara de Ribeir\u00e3o Preto mesmo tendo mais votos do que nove parlamentares eleitos no primeiro turno das elei\u00e7\u00f5es 2024, realizado no \u00faltimo domingo (6). Papa recebeu 3.518 votos e ficou fora do Legislativo a partir de 2025.\u2026","rel":"","context":"In &quot;Not\u00edcias de Ribeir\u00e3o Preto-SP e Regi\u00e3o&quot;","block_context":{"text":"Not\u00edcias de Ribeir\u00e3o Preto-SP e Regi\u00e3o","link":"https:\/\/ismaelcolosi.com.br\/index.php\/category\/noticias-de-ribeirao-preto-sp-e-regiao-ismael-colosi\/"},"img":{"alt_text":"","src":"https:\/\/i0.wp.com\/ismaelcolosi.com.br\/wp-content\/uploads\/2024\/10\/marcos-papa_2024-10-07_19-11-00_jpg_2024-10-07_19-11-00.webp.webp?fit=1198%2C840&ssl=1&resize=350%2C200","width":350,"height":200,"srcset":"https:\/\/i0.wp.com\/ismaelcolosi.com.br\/wp-content\/uploads\/2024\/10\/marcos-papa_2024-10-07_19-11-00_jpg_2024-10-07_19-11-00.webp.webp?fit=1198%2C840&ssl=1&resize=350%2C200 1x, https:\/\/i0.wp.com\/ismaelcolosi.com.br\/wp-content\/uploads\/2024\/10\/marcos-papa_2024-10-07_19-11-00_jpg_2024-10-07_19-11-00.webp.webp?fit=1198%2C840&ssl=1&resize=525%2C300 1.5x, https:\/\/i0.wp.com\/ismaelcolosi.com.br\/wp-content\/uploads\/2024\/10\/marcos-papa_2024-10-07_19-11-00_jpg_2024-10-07_19-11-00.webp.webp?fit=1198%2C840&ssl=1&resize=700%2C400 2x, https:\/\/i0.wp.com\/ismaelcolosi.com.br\/wp-content\/uploads\/2024\/10\/marcos-papa_2024-10-07_19-11-00_jpg_2024-10-07_19-11-00.webp.webp?fit=1198%2C840&ssl=1&resize=1050%2C600 3x"},"classes":[]},{"id":76189,"url":"https:\/\/ismaelcolosi.com.br\/index.php\/2024\/11\/11\/preso-ex-vereador-foragido-tribuna-ribeirao\/","url_meta":{"origin":2743,"position":3},"title":"Preso ex-vereador foragido &#8211; Tribuna Ribeir\u00e3o","author":"ismaelcolosi.com.br","date":"11 de November de 2024","format":false,"excerpt":"O ex-vereador de Ribeir\u00e3o Preto Oliveira Junior foi preso no dia 6 de novembro, na cidade de Olinda (PE). Ele estava foragido da Justi\u00e7a desde 2017 ap\u00f3s ter sido condenado em 2015, h\u00e1 vinte ano de pris\u00e3o, pela morte de um advogado e por um atentado contra um radialista no\u2026","rel":"","context":"In &quot;Not\u00edcias de Ribeir\u00e3o Preto-SP e Regi\u00e3o&quot;","block_context":{"text":"Not\u00edcias de Ribeir\u00e3o Preto-SP e Regi\u00e3o","link":"https:\/\/ismaelcolosi.com.br\/index.php\/category\/noticias-de-ribeirao-preto-sp-e-regiao-ismael-colosi\/"},"img":{"alt_text":"","src":"https:\/\/i0.wp.com\/ismaelcolosi.com.br\/wp-content\/uploads\/2024\/11\/b514300b-fb82-46ed-bd5a-da52b966fdc2-scaled.jpeg?fit=680%2C500&ssl=1&resize=350%2C200","width":350,"height":200,"srcset":"https:\/\/i0.wp.com\/ismaelcolosi.com.br\/wp-content\/uploads\/2024\/11\/b514300b-fb82-46ed-bd5a-da52b966fdc2-scaled.jpeg?fit=680%2C500&ssl=1&resize=350%2C200 1x, https:\/\/i0.wp.com\/ismaelcolosi.com.br\/wp-content\/uploads\/2024\/11\/b514300b-fb82-46ed-bd5a-da52b966fdc2-scaled.jpeg?fit=680%2C500&ssl=1&resize=525%2C300 1.5x"},"classes":[]},{"id":8740,"url":"https:\/\/ismaelcolosi.com.br\/index.php\/2023\/11\/30\/isaac-antunes-e-eleito-presidente-da-camara-de-ribeirao-preto\/","url_meta":{"origin":2743,"position":4},"title":"Isaac Antunes \u00e9 eleito presidente da C\u00e2mara de Ribeir\u00e3o Preto","author":"ismaelcolosi.com.br","date":"30 de November de 2023","format":false,"excerpt":"O vereador Isaac Antunes (PL) foi eleito presidente da Mesa Diretora da C\u00e2mara de Ribeir\u00e3o Preto para o ano de 2024. O parlamentar foi o \u00fanico indicado para fun\u00e7\u00e3o e recebeu 17 votos no pleito realizado na noite desta quinta-feira (30) \u2013 quatro parlamentares se abstiveram. O parlamentar est\u00e1 no\u2026","rel":"","context":"In &quot;Not\u00edcias de Ribeir\u00e3o Preto-SP e Regi\u00e3o&quot;","block_context":{"text":"Not\u00edcias de Ribeir\u00e3o Preto-SP e Regi\u00e3o","link":"https:\/\/ismaelcolosi.com.br\/index.php\/category\/noticias-de-ribeirao-preto-sp-e-regiao-ismael-colosi\/"},"img":{"alt_text":"","src":"https:\/\/i0.wp.com\/ismaelcolosi.com.br\/wp-content\/uploads\/2023\/11\/isaac-antunes-pl.jpg?fit=1200%2C799&ssl=1&resize=350%2C200","width":350,"height":200,"srcset":"https:\/\/i0.wp.com\/ismaelcolosi.com.br\/wp-content\/uploads\/2023\/11\/isaac-antunes-pl.jpg?fit=1200%2C799&ssl=1&resize=350%2C200 1x, https:\/\/i0.wp.com\/ismaelcolosi.com.br\/wp-content\/uploads\/2023\/11\/isaac-antunes-pl.jpg?fit=1200%2C799&ssl=1&resize=525%2C300 1.5x, https:\/\/i0.wp.com\/ismaelcolosi.com.br\/wp-content\/uploads\/2023\/11\/isaac-antunes-pl.jpg?fit=1200%2C799&ssl=1&resize=700%2C400 2x, https:\/\/i0.wp.com\/ismaelcolosi.com.br\/wp-content\/uploads\/2023\/11\/isaac-antunes-pl.jpg?fit=1200%2C799&ssl=1&resize=1050%2C600 3x"},"classes":[]},{"id":78183,"url":"https:\/\/ismaelcolosi.com.br\/index.php\/2024\/12\/03\/ex-vereador-segue-sem-receber-aposentadoria\/","url_meta":{"origin":2743,"position":5},"title":"Ex-vereador segue sem receber aposentadoria\u00a0","author":"ismaelcolosi.com.br","date":"3 de December de 2024","format":false,"excerpt":"3 de dezembro de 20243 Compartilhar0 O juiz Arm\u00eanio Gomes Duarte, da 1\u00aa Vara da Fazenda P\u00fablica de Ribeir\u00e3o Preto, rejeitou recurso de um ex-vereador da cidade e da vi\u00fava de um antigo parlamentar que, no ano passado, perderam o direito \u00e0 aposentadoria e \u00e0 pens\u00e3o pagas pela C\u00e2mara devido\u2026","rel":"","context":"In &quot;Not\u00edcias de Ribeir\u00e3o Preto-SP e Regi\u00e3o&quot;","block_context":{"text":"Not\u00edcias de Ribeir\u00e3o Preto-SP e Regi\u00e3o","link":"https:\/\/ismaelcolosi.com.br\/index.php\/category\/noticias-de-ribeirao-preto-sp-e-regiao-ismael-colosi\/"},"img":{"alt_text":"","src":"https:\/\/i0.wp.com\/ismaelcolosi.com.br\/wp-content\/uploads\/2024\/12\/CamaraRP-Alfredo-Risk.jpg?fit=300%2C200&ssl=1&resize=350%2C200","width":350,"height":200},"classes":[]}],"jetpack_sharing_enabled":true,"jetpack_shortlink":"https:\/\/wp.me\/pfMlyK-If","_links":{"self":[{"href":"https:\/\/ismaelcolosi.com.br\/index.php\/wp-json\/wp\/v2\/posts\/2743","targetHints":{"allow":["GET"]}}],"collection":[{"href":"https:\/\/ismaelcolosi.com.br\/index.php\/wp-json\/wp\/v2\/posts"}],"about":[{"href":"https:\/\/ismaelcolosi.com.br\/index.php\/wp-json\/wp\/v2\/types\/post"}],"author":[{"embeddable":true,"href":"https:\/\/ismaelcolosi.com.br\/index.php\/wp-json\/wp\/v2\/users\/1"}],"replies":[{"embeddable":true,"href":"https:\/\/ismaelcolosi.com.br\/index.php\/wp-json\/wp\/v2\/comments?post=2743"}],"version-history":[{"count":0,"href":"https:\/\/ismaelcolosi.com.br\/index.php\/wp-json\/wp\/v2\/posts\/2743\/revisions"}],"wp:featuredmedia":[{"embeddable":true,"href":"https:\/\/ismaelcolosi.com.br\/index.php\/wp-json\/wp\/v2\/media\/2744"}],"wp:attachment":[{"href":"https:\/\/ismaelcolosi.com.br\/index.php\/wp-json\/wp\/v2\/media?parent=2743"}],"wp:term":[{"taxonomy":"category","embeddable":true,"href":"https:\/\/ismaelcolosi.com.br\/index.php\/wp-json\/wp\/v2\/categories?post=2743"},{"taxonomy":"post_tag","embeddable":true,"href":"https:\/\/ismaelcolosi.com.br\/index.php\/wp-json\/wp\/v2\/tags?post=2743"}],"curies":[{"name":"wp","href":"https:\/\/api.w.org\/{rel}","templated":true}]}}