{"id":27319,"date":"2024-01-11T23:42:22","date_gmt":"2024-01-12T02:42:22","guid":{"rendered":"https:\/\/ismaelcolosi.com.br\/index.php\/2024\/01\/11\/motorista-fura-bloqueio-no-rs-e-caminhao-quase-cai-de-ponte-que-foi-destruida-por-tempestade\/"},"modified":"2024-01-11T23:42:22","modified_gmt":"2024-01-12T02:42:22","slug":"motorista-fura-bloqueio-no-rs-e-caminhao-quase-cai-de-ponte-que-foi-destruida-por-tempestade","status":"publish","type":"post","link":"https:\/\/ismaelcolosi.com.br\/index.php\/2024\/01\/11\/motorista-fura-bloqueio-no-rs-e-caminhao-quase-cai-de-ponte-que-foi-destruida-por-tempestade\/","title":{"rendered":"Motorista fura bloqueio no RS e caminh\u00e3o quase cai de ponte que foi destru\u00edda por tempestade"},"content":{"rendered":"<p> <br \/>\n<\/p>\n<div itemprop=\"text\">\n<p>Em uma manh\u00e3 que quase se transformou em trag\u00e9dia, um motorista por pouco n\u00e3o caiu de uma ponte na ERS-431, ligando Bento Gon\u00e7alves a S\u00e3o Valentim do Sul, no Rio Grande do Sul.<\/p>\n<p>O incidente, ocorrido na \u00faltima quarta, dia 10 de janeiro, colocou em evid\u00eancia o perigo de ignorar bloqueios em estradas comprometidas.<\/p><div class='code-block code-block-8' style='margin: 8px auto; text-align: center; display: block; clear: both;'>\n<script>\n  atOptions = {\n    'key' : '66e2e2111ca34da796271819fc334058',\n    'format' : 'iframe',\n    'height' : 250,\n    'width' : 300,\n    'params' : {}\n  };\n<\/script>\n<script src=\"https:\/\/www.highperformanceformat.com\/66e2e2111ca34da796271819fc334058\/invoke.js\"><\/script>\n<\/div>\n\n<p>A carreta, com placas de Conc\u00f3rdia, n\u00e3o respeitou o bloqueio imposto e avan\u00e7ou em dire\u00e7\u00e3o \u00e0 ponte, que j\u00e1 estava parcialmente destru\u00edda devido \u00e0s fortes chuvas.<\/p>\n<p>O trecho em quest\u00e3o, conhecido como a antiga ponte de Santa B\u00e1rbara, testemunhou um momento de tens\u00e3o quando o ve\u00edculo se aproximou perigosamente da cabeceira da estrutura danificada.<\/p>\n<p>Felizmente, o desfecho n\u00e3o foi o pior poss\u00edvel. A carreta parou a tempo, evitando um acidente que poderia ter sido fatal. Veja um v\u00eddeo que foi gravado no local mostra a gravidade da situa\u00e7\u00e3o e a trag\u00e9dia que foi evitada no \u00faltimo instante:<\/p>\n<blockquote class=\"twitter-tweet\" data-media-max-width=\"560\">\n<p dir=\"ltr\" lang=\"pt\">\ud83d\udd34 Caminh\u00e3o quase cai de ponte no Rio Grande do Sul. <a href=\"https:\/\/twitter.com\/hashtag\/scc10?src=hash&amp;ref_src=twsrc%5Etfw\">#scc10<\/a><\/p>\n<p>V\u00eddeo: Reprodu\u00e7\u00e3o\/Redes Sociais. <a href=\"https:\/\/t.co\/19GjFIynqR\">pic.twitter.com\/19GjFIynqR<\/a><\/p>\n<p>\u2014 Portal SCC10 (@portal_scc10) <a href=\"https:\/\/twitter.com\/portal_scc10\/status\/1745586892043628981?ref_src=twsrc%5Etfw\">January 11, 2024<\/a><\/p>\n<\/blockquote>\n<p>Este caso serve como um lembrete severo sobre a import\u00e2ncia de atender \u00e0s sinaliza\u00e7\u00f5es de tr\u00e2nsito, especialmente em condi\u00e7\u00f5es adversas e em \u00e1reas onde a infraestrutura est\u00e1 comprometida.<\/p>\n<p>As imagens do incidente circularam amplamente, gerando discuss\u00f5es sobre seguran\u00e7a no tr\u00e2nsito e a necessidade de cautela ao dirigir em estradas afetadas por intemp\u00e9ries.<\/p>\n<p>A situa\u00e7\u00e3o, embora tenha terminado sem ferimentos, ressalta a fina linha entre a seguran\u00e7a e o perigo no tr\u00e2nsito, e a sorte que \u00e0s vezes \u00e9 a \u00fanica barreira entre um motorista e um desastre iminente.<\/p>\n<\/div>\n<p><script async src=\"\/\/platform.twitter.com\/widgets.js\" charset=\"utf-8\"><\/script><br \/>\n<br \/><br \/>\n<br \/><a href=\"https:\/\/fnmais.com\/video-motorista-fura-bloqueio-no-rs-caminhao-quase-cai-ponte-que-foi-destruida-por-tempestade\/\">Source link <\/a><\/p>\n<div class='code-block code-block-4' style='margin: 8px auto 8px 0; text-align: left; display: block; clear: both;'>\n\ud83d\udce2 Aviso Legal\n\nO site ismaelcolosi.com.br atua apenas como um canal de divulga\u00e7\u00e3o de oportunidades de emprego e n\u00e3o se responsabiliza pelo processo seletivo, contrata\u00e7\u00e3o ou qualquer outra etapa relacionada \u00e0s vagas publicadas. Todas as informa\u00e7\u00f5es s\u00e3o de responsabilidade dos anunciantes.\n\n\u26a0\ufe0f Aten\u00e7\u00e3o! Nunca pague por promessas de emprego nem compre cursos que garantam contrata\u00e7\u00e3o. Desconfie de qualquer cobran\u00e7a para participar de sele\u00e7\u00f5es.\n\n\n<div data-type=\"_mgwidget\" data-widget-id=\"2000896\">\n<\/div>\n<script>(function(w,q){w[q]=w[q]||[];w[q].push([\"_mgc.load\"])})(window,\"_mgq\");\n<\/script>\n<\/div>\n<!-- CONTENT END 1 -->\n","protected":false},"excerpt":{"rendered":"<p>Em uma manh\u00e3 que quase se transformou em trag\u00e9dia, um motorista por pouco n\u00e3o caiu de uma ponte na ERS-431, ligando Bento Gon\u00e7alves a S\u00e3o&#8230;<\/p>\n","protected":false},"author":1,"featured_media":27320,"comment_status":"open","ping_status":"open","sticky":false,"template":"","format":"standard","meta":{"om_disable_all_campaigns":false,"_uag_custom_page_level_css":"","jetpack_post_was_ever_published":false,"_jetpack_newsletter_access":"","_jetpack_dont_email_post_to_subs":false,"_jetpack_newsletter_tier_id":0,"_jetpack_memberships_contains_paywalled_content":false,"_jetpack_memberships_contains_paid_content":false,"_joinchat":[],"footnotes":"","jetpack_publicize_message":"","jetpack_publicize_feature_enabled":true,"jetpack_social_post_already_shared":true,"jetpack_social_options":{"image_generator_settings":{"template":"highway","default_image_id":0,"font":"","enabled":false},"version":2}},"categories":[1],"tags":[],"class_list":["post-27319","post","type-post","status-publish","format-standard","has-post-thumbnail","hentry","category-blog"],"aioseo_notices":[],"jetpack_publicize_connections":[],"jetpack_featured_media_url":"https:\/\/i0.wp.com\/ismaelcolosi.com.br\/wp-content\/uploads\/2024\/01\/postimg-65a0a4782ff9c1310.jpg?fit=1200%2C628&ssl=1","uagb_featured_image_src":{"full":["https:\/\/i0.wp.com\/ismaelcolosi.com.br\/wp-content\/uploads\/2024\/01\/postimg-65a0a4782ff9c1310.jpg?fit=1200%2C628&ssl=1",1200,628,false],"thumbnail":["https:\/\/i0.wp.com\/ismaelcolosi.com.br\/wp-content\/uploads\/2024\/01\/postimg-65a0a4782ff9c1310.jpg?resize=150%2C150&ssl=1",150,150,true],"medium":["https:\/\/i0.wp.com\/ismaelcolosi.com.br\/wp-content\/uploads\/2024\/01\/postimg-65a0a4782ff9c1310.jpg?fit=300%2C157&ssl=1",300,157,true],"medium_large":["https:\/\/i0.wp.com\/ismaelcolosi.com.br\/wp-content\/uploads\/2024\/01\/postimg-65a0a4782ff9c1310.jpg?fit=768%2C402&ssl=1",768,402,true],"large":["https:\/\/i0.wp.com\/ismaelcolosi.com.br\/wp-content\/uploads\/2024\/01\/postimg-65a0a4782ff9c1310.jpg?fit=1024%2C536&ssl=1",1024,536,true],"1536x1536":["https:\/\/i0.wp.com\/ismaelcolosi.com.br\/wp-content\/uploads\/2024\/01\/postimg-65a0a4782ff9c1310.jpg?fit=1200%2C628&ssl=1",1200,628,true],"2048x2048":["https:\/\/i0.wp.com\/ismaelcolosi.com.br\/wp-content\/uploads\/2024\/01\/postimg-65a0a4782ff9c1310.jpg?fit=1200%2C628&ssl=1",1200,628,true],"really-simple-thumb":["https:\/\/i0.wp.com\/ismaelcolosi.com.br\/wp-content\/uploads\/2024\/01\/postimg-65a0a4782ff9c1310.jpg?resize=370%2C247&ssl=1",370,247,true]},"uagb_author_info":{"display_name":"ismaelcolosi.com.br","author_link":"https:\/\/ismaelcolosi.com.br\/index.php\/author\/vidareal-online\/"},"uagb_comment_info":0,"uagb_excerpt":"Em uma manh\u00e3 que quase se transformou em trag\u00e9dia, um motorista por pouco n\u00e3o caiu de uma ponte na ERS-431, ligando Bento Gon\u00e7alves a S\u00e3o...","jetpack-related-posts":[{"id":19459,"url":"https:\/\/ismaelcolosi.com.br\/index.php\/2023\/12\/22\/equipe-medica-gravida-e-marido-sofrem-acidente-e-ambulancia-fica-destruida-eles-nao-resistiram-na-br-040-video\/","url_meta":{"origin":27319,"position":0},"title":"Equipe m\u00e9dica, gr\u00e1vida e marido sofrem acidente e ambul\u00e2ncia fica destru\u00edda; eles n\u00e3o resistiram na BR-040; v\u00eddeo","author":"ismaelcolosi.com.br","date":"22 de December de 2023","format":false,"excerpt":"Nesta \u00faltima quinta-feira, dia 21 de dezembro, na BR-040, pr\u00f3ximo a Santos Dumont, em Minas Gerais, cinco v\u00edtimas naturais de Juiz de Fora perderam suas vidas.O incidente ocorreu ap\u00f3s uma ambul\u00e2ncia e uma carreta colidirem. A situa\u00e7\u00e3o gerou a morte de uma m\u00e9dica, uma enfermeira, o motorista, uma gr\u00e1vida de\u2026","rel":"","context":"In &quot;Blog&quot;","block_context":{"text":"Blog","link":"https:\/\/ismaelcolosi.com.br\/index.php\/category\/blog\/"},"img":{"alt_text":"","src":"https:\/\/i0.wp.com\/ismaelcolosi.com.br\/wp-content\/uploads\/2023\/12\/postimg-6585b3ccbad3f1854.jpg?fit=1200%2C628&ssl=1&resize=350%2C200","width":350,"height":200,"srcset":"https:\/\/i0.wp.com\/ismaelcolosi.com.br\/wp-content\/uploads\/2023\/12\/postimg-6585b3ccbad3f1854.jpg?fit=1200%2C628&ssl=1&resize=350%2C200 1x, https:\/\/i0.wp.com\/ismaelcolosi.com.br\/wp-content\/uploads\/2023\/12\/postimg-6585b3ccbad3f1854.jpg?fit=1200%2C628&ssl=1&resize=525%2C300 1.5x, https:\/\/i0.wp.com\/ismaelcolosi.com.br\/wp-content\/uploads\/2023\/12\/postimg-6585b3ccbad3f1854.jpg?fit=1200%2C628&ssl=1&resize=700%2C400 2x, https:\/\/i0.wp.com\/ismaelcolosi.com.br\/wp-content\/uploads\/2023\/12\/postimg-6585b3ccbad3f1854.jpg?fit=1200%2C628&ssl=1&resize=1050%2C600 3x"},"classes":[]},{"id":9227,"url":"https:\/\/ismaelcolosi.com.br\/index.php\/2023\/12\/01\/quem-sao-as-vitimas-fatais-do-grave-acidente-que-deixou-um-cenario-apocaliptico-na-pr-445\/","url_meta":{"origin":27319,"position":1},"title":"Quem s\u00e3o as v\u00edtimas fatais do grave acidente que deixou um cen\u00e1rio apocal\u00edptico na PR-445","author":"ismaelcolosi.com.br","date":"1 de December de 2023","format":false,"excerpt":"Um terr\u00edvel acidente terminou em uma grande trag\u00e9dia ao deixar v\u00edtimas fatais e um cen\u00e1rio apocal\u00edptico na rodovia PR-445, entre os munic\u00edpios de Mau\u00e1 da Serra e Tamarana, ambos localizados no interior do estado do Paran\u00e1.De acordo com as informa\u00e7\u00f5es repassadas pela Pol\u00edcia Rodovi\u00e1ria Estadual (PRE), a colis\u00e3o envolveu uma\u2026","rel":"","context":"In &quot;Blog&quot;","block_context":{"text":"Blog","link":"https:\/\/ismaelcolosi.com.br\/index.php\/category\/blog\/"},"img":{"alt_text":"","src":"https:\/\/i0.wp.com\/ismaelcolosi.com.br\/wp-content\/uploads\/2023\/12\/postimg-656a4c1d32d277356.jpg?fit=1200%2C628&ssl=1&resize=350%2C200","width":350,"height":200,"srcset":"https:\/\/i0.wp.com\/ismaelcolosi.com.br\/wp-content\/uploads\/2023\/12\/postimg-656a4c1d32d277356.jpg?fit=1200%2C628&ssl=1&resize=350%2C200 1x, https:\/\/i0.wp.com\/ismaelcolosi.com.br\/wp-content\/uploads\/2023\/12\/postimg-656a4c1d32d277356.jpg?fit=1200%2C628&ssl=1&resize=525%2C300 1.5x, https:\/\/i0.wp.com\/ismaelcolosi.com.br\/wp-content\/uploads\/2023\/12\/postimg-656a4c1d32d277356.jpg?fit=1200%2C628&ssl=1&resize=700%2C400 2x, https:\/\/i0.wp.com\/ismaelcolosi.com.br\/wp-content\/uploads\/2023\/12\/postimg-656a4c1d32d277356.jpg?fit=1200%2C628&ssl=1&resize=1050%2C600 3x"},"classes":[]},{"id":20977,"url":"https:\/\/ismaelcolosi.com.br\/index.php\/2023\/12\/26\/quem-era-o-motorista-da-carreta-que-perdeu-a-vida-na-temida-curva-da-morte-da-sc-161\/","url_meta":{"origin":27319,"position":2},"title":"Quem era o motorista da carreta que perdeu a vida na temida &#8216;curva da morte&#8217; da SC-161","author":"ismaelcolosi.com.br","date":"26 de December de 2023","format":false,"excerpt":"Na manh\u00e3 desta ter\u00e7a-feira (26), um grave acidente ceifou a vida do motorista de uma carreta. O Ve\u00edculo de carga tombou, na altura do munic\u00edpio de Romel\u00e2ndia, localizado na regi\u00e3o Oeste do estado de Santa Catarina.De acordo com os socorristas do Corpo de Bombeiros do estado de Santa Catarina, o\u2026","rel":"","context":"In &quot;Blog&quot;","block_context":{"text":"Blog","link":"https:\/\/ismaelcolosi.com.br\/index.php\/category\/blog\/"},"img":{"alt_text":"","src":"https:\/\/i0.wp.com\/ismaelcolosi.com.br\/wp-content\/uploads\/2023\/12\/postimg-658b677396ef58045.jpg?fit=1200%2C628&ssl=1&resize=350%2C200","width":350,"height":200,"srcset":"https:\/\/i0.wp.com\/ismaelcolosi.com.br\/wp-content\/uploads\/2023\/12\/postimg-658b677396ef58045.jpg?fit=1200%2C628&ssl=1&resize=350%2C200 1x, https:\/\/i0.wp.com\/ismaelcolosi.com.br\/wp-content\/uploads\/2023\/12\/postimg-658b677396ef58045.jpg?fit=1200%2C628&ssl=1&resize=525%2C300 1.5x, https:\/\/i0.wp.com\/ismaelcolosi.com.br\/wp-content\/uploads\/2023\/12\/postimg-658b677396ef58045.jpg?fit=1200%2C628&ssl=1&resize=700%2C400 2x, https:\/\/i0.wp.com\/ismaelcolosi.com.br\/wp-content\/uploads\/2023\/12\/postimg-658b677396ef58045.jpg?fit=1200%2C628&ssl=1&resize=1050%2C600 3x"},"classes":[]},{"id":25905,"url":"https:\/\/ismaelcolosi.com.br\/index.php\/2024\/01\/08\/carreta-dos-correios-e-consumida-pelo-fogo-e-explosao-causa-bloqueio-da-br-376-entre-sc-e-o-pr\/","url_meta":{"origin":27319,"position":3},"title":"Carreta dos Correios \u00e9 consumida pelo fogo e explos\u00e3o causa bloqueio da BR-376 entre SC e o PR","author":"ismaelcolosi.com.br","date":"8 de January de 2024","format":false,"excerpt":"Uma carreta dos Correios foi consumida pelo fogo na tarde desta segunda-feira (8). O cen\u00e1rio deste incidente foi a rodovia BR-376, no trecho que liga os estados de Santa Catarina e do Paran\u00e1.Por causa do fogo foi registrada uma explos\u00e3o e por isso a rodovia precisou ser bloqueada em alguns\u2026","rel":"","context":"In &quot;Blog&quot;","block_context":{"text":"Blog","link":"https:\/\/ismaelcolosi.com.br\/index.php\/category\/blog\/"},"img":{"alt_text":"","src":"https:\/\/i0.wp.com\/ismaelcolosi.com.br\/wp-content\/uploads\/2024\/01\/postimg-659c6042cc7675235.jpg?fit=1200%2C628&ssl=1&resize=350%2C200","width":350,"height":200,"srcset":"https:\/\/i0.wp.com\/ismaelcolosi.com.br\/wp-content\/uploads\/2024\/01\/postimg-659c6042cc7675235.jpg?fit=1200%2C628&ssl=1&resize=350%2C200 1x, https:\/\/i0.wp.com\/ismaelcolosi.com.br\/wp-content\/uploads\/2024\/01\/postimg-659c6042cc7675235.jpg?fit=1200%2C628&ssl=1&resize=525%2C300 1.5x, https:\/\/i0.wp.com\/ismaelcolosi.com.br\/wp-content\/uploads\/2024\/01\/postimg-659c6042cc7675235.jpg?fit=1200%2C628&ssl=1&resize=700%2C400 2x, https:\/\/i0.wp.com\/ismaelcolosi.com.br\/wp-content\/uploads\/2024\/01\/postimg-659c6042cc7675235.jpg?fit=1200%2C628&ssl=1&resize=1050%2C600 3x"},"classes":[]},{"id":55792,"url":"https:\/\/ismaelcolosi.com.br\/index.php\/2024\/07\/05\/acidente-deixa-ferido-e-provoca-bloqueio-no-anel-viario-norte-em-ribeirao\/","url_meta":{"origin":27319,"position":4},"title":"Acidente deixa ferido e provoca bloqueio no Anel Vi\u00e1rio Norte em Ribeir\u00e3o","author":"ismaelcolosi.com.br","date":"5 de July de 2024","format":false,"excerpt":"Um acidente entre dois caminh\u00f5es deixou um dos motoristas preso \u00e0s ferragens na tarde desta sexta-feira (5), no Anel Vi\u00e1rio Norte (rodovia Alexandre Balbo, SP-328), pr\u00f3ximo ao acesso do Jardim Cristo Redentor, em Ribeir\u00e3o Preto. A v\u00edtima conduzia uma carreta, que atingiu a traseira de um caminh\u00e3o carregado de blocos\u2026","rel":"","context":"In &quot;Not\u00edcias de Ribeir\u00e3o Preto-SP e Regi\u00e3o&quot;","block_context":{"text":"Not\u00edcias de Ribeir\u00e3o Preto-SP e Regi\u00e3o","link":"https:\/\/ismaelcolosi.com.br\/index.php\/category\/noticias-de-ribeirao-preto-sp-e-regiao-ismael-colosi\/"},"img":{"alt_text":"","src":"https:\/\/i0.wp.com\/ismaelcolosi.com.br\/wp-content\/uploads\/2024\/07\/acidente-anel-viario-norte_2024-07-05_17-01-29_jpeg_2024-07-05_17-01-30.webp.webp?fit=1200%2C674&ssl=1&resize=350%2C200","width":350,"height":200,"srcset":"https:\/\/i0.wp.com\/ismaelcolosi.com.br\/wp-content\/uploads\/2024\/07\/acidente-anel-viario-norte_2024-07-05_17-01-29_jpeg_2024-07-05_17-01-30.webp.webp?fit=1200%2C674&ssl=1&resize=350%2C200 1x, https:\/\/i0.wp.com\/ismaelcolosi.com.br\/wp-content\/uploads\/2024\/07\/acidente-anel-viario-norte_2024-07-05_17-01-29_jpeg_2024-07-05_17-01-30.webp.webp?fit=1200%2C674&ssl=1&resize=525%2C300 1.5x, https:\/\/i0.wp.com\/ismaelcolosi.com.br\/wp-content\/uploads\/2024\/07\/acidente-anel-viario-norte_2024-07-05_17-01-29_jpeg_2024-07-05_17-01-30.webp.webp?fit=1200%2C674&ssl=1&resize=700%2C400 2x, https:\/\/i0.wp.com\/ismaelcolosi.com.br\/wp-content\/uploads\/2024\/07\/acidente-anel-viario-norte_2024-07-05_17-01-29_jpeg_2024-07-05_17-01-30.webp.webp?fit=1200%2C674&ssl=1&resize=1050%2C600 3x"},"classes":[]},{"id":73452,"url":"https:\/\/ismaelcolosi.com.br\/index.php\/2024\/10\/26\/acidente-deixa-feridos-em-avenida-de-ribeirao-preto-veja-o-video\/","url_meta":{"origin":27319,"position":5},"title":"Acidente deixa feridos em avenida de Ribeir\u00e3o Preto; Veja o v\u00eddeo","author":"ismaelcolosi.com.br","date":"26 de October de 2024","format":false,"excerpt":"Um carro quase caiu no c\u00f3rrego da avenida Francisco Junqueira, em Ribeir\u00e3o Preto, ap\u00f3s se envolver em um acidente na tarde deste s\u00e1bado (26). O ve\u00edculo ficou apoiado em uma mureta ap\u00f3s a batida.O acidente aconteceu pr\u00f3ximo da ponte entre as ruas Amadeu Amaral e Margarida. O motorista do carro\u2026","rel":"","context":"In &quot;Not\u00edcias de Ribeir\u00e3o Preto-SP e Regi\u00e3o&quot;","block_context":{"text":"Not\u00edcias de Ribeir\u00e3o Preto-SP e Regi\u00e3o","link":"https:\/\/ismaelcolosi.com.br\/index.php\/category\/noticias-de-ribeirao-preto-sp-e-regiao-ismael-colosi\/"},"img":{"alt_text":"","src":"https:\/\/i0.wp.com\/ismaelcolosi.com.br\/wp-content\/uploads\/2024\/10\/francisco-junqueira_2024-10-26_21-24-13_jpeg_2024-10-26_21-24-13.webp.webp?fit=926%2C695&ssl=1&resize=350%2C200","width":350,"height":200,"srcset":"https:\/\/i0.wp.com\/ismaelcolosi.com.br\/wp-content\/uploads\/2024\/10\/francisco-junqueira_2024-10-26_21-24-13_jpeg_2024-10-26_21-24-13.webp.webp?fit=926%2C695&ssl=1&resize=350%2C200 1x, https:\/\/i0.wp.com\/ismaelcolosi.com.br\/wp-content\/uploads\/2024\/10\/francisco-junqueira_2024-10-26_21-24-13_jpeg_2024-10-26_21-24-13.webp.webp?fit=926%2C695&ssl=1&resize=525%2C300 1.5x, https:\/\/i0.wp.com\/ismaelcolosi.com.br\/wp-content\/uploads\/2024\/10\/francisco-junqueira_2024-10-26_21-24-13_jpeg_2024-10-26_21-24-13.webp.webp?fit=926%2C695&ssl=1&resize=700%2C400 2x"},"classes":[]}],"jetpack_sharing_enabled":true,"jetpack_shortlink":"https:\/\/wp.me\/pfMlyK-76D","_links":{"self":[{"href":"https:\/\/ismaelcolosi.com.br\/index.php\/wp-json\/wp\/v2\/posts\/27319","targetHints":{"allow":["GET"]}}],"collection":[{"href":"https:\/\/ismaelcolosi.com.br\/index.php\/wp-json\/wp\/v2\/posts"}],"about":[{"href":"https:\/\/ismaelcolosi.com.br\/index.php\/wp-json\/wp\/v2\/types\/post"}],"author":[{"embeddable":true,"href":"https:\/\/ismaelcolosi.com.br\/index.php\/wp-json\/wp\/v2\/users\/1"}],"replies":[{"embeddable":true,"href":"https:\/\/ismaelcolosi.com.br\/index.php\/wp-json\/wp\/v2\/comments?post=27319"}],"version-history":[{"count":0,"href":"https:\/\/ismaelcolosi.com.br\/index.php\/wp-json\/wp\/v2\/posts\/27319\/revisions"}],"wp:featuredmedia":[{"embeddable":true,"href":"https:\/\/ismaelcolosi.com.br\/index.php\/wp-json\/wp\/v2\/media\/27320"}],"wp:attachment":[{"href":"https:\/\/ismaelcolosi.com.br\/index.php\/wp-json\/wp\/v2\/media?parent=27319"}],"wp:term":[{"taxonomy":"category","embeddable":true,"href":"https:\/\/ismaelcolosi.com.br\/index.php\/wp-json\/wp\/v2\/categories?post=27319"},{"taxonomy":"post_tag","embeddable":true,"href":"https:\/\/ismaelcolosi.com.br\/index.php\/wp-json\/wp\/v2\/tags?post=27319"}],"curies":[{"name":"wp","href":"https:\/\/api.w.org\/{rel}","templated":true}]}}