{"id":27194,"date":"2024-01-11T17:23:05","date_gmt":"2024-01-11T20:23:05","guid":{"rendered":"https:\/\/ismaelcolosi.com.br\/index.php\/2024\/01\/11\/bbb24-expulsa-beatriz-da-tapa-em-colega-de-confinamento-e-producao-toma-atitude-imediata\/"},"modified":"2024-01-11T17:23:05","modified_gmt":"2024-01-11T20:23:05","slug":"bbb24-expulsa-beatriz-da-tapa-em-colega-de-confinamento-e-producao-toma-atitude-imediata","status":"publish","type":"post","link":"https:\/\/ismaelcolosi.com.br\/index.php\/2024\/01\/11\/bbb24-expulsa-beatriz-da-tapa-em-colega-de-confinamento-e-producao-toma-atitude-imediata\/","title":{"rendered":"BBB24: Expulsa? Beatriz d\u00e1 tapa em colega de confinamento e produ\u00e7\u00e3o toma atitude imediata"},"content":{"rendered":"<p> <br \/>\n<\/p>\n<div itemprop=\"text\">\n<p>Quem acompanha o reality show que vai ao ar atrav\u00e9s do Grupo Globo sabe que o atrativo \u00e9 um ninho de pol\u00eamicas. A vig\u00e9sima quarta edi\u00e7\u00e3o do Big Brother Brasil, come\u00e7ou do jeito que o povo gosta.<\/p>\n<p>Logo no primeiro epis\u00f3dio, prova de resist\u00eancia valendo a lideran\u00e7a, forma\u00e7\u00e3o do primeiro pared\u00e3o e at\u00e9 mesmo a possibilidade de expuls\u00e3o, ou seja, \u00e9 fogo no parquinho.<\/p><div class='code-block code-block-8' style='margin: 8px auto; text-align: center; display: block; clear: both;'>\n<script>\n  atOptions = {\n    'key' : '66e2e2111ca34da796271819fc334058',\n    'format' : 'iframe',\n    'height' : 250,\n    'width' : 300,\n    'params' : {}\n  };\n<\/script>\n<script src=\"https:\/\/www.highperformanceformat.com\/66e2e2111ca34da796271819fc334058\/invoke.js\"><\/script>\n<\/div>\n\n<p>Desde o in\u00edcio do BBB 24, as integrantes Beatriz Reis e Alane Dias, pertencentes ao grupo Pipoca, t\u00eam mantido uma rela\u00e7\u00e3o pr\u00f3xima. No entanto, um incidente quase resultou na expuls\u00e3o de uma delas.<\/p>\n<p>Na \u00faltima quarta-feira (10), a produ\u00e7\u00e3o teve que intervir ap\u00f3s um tapa, dado de forma \u201cbrincalhona\u201d pela vendedora em sua colega. Beatriz compartilhou o incidente em uma conversa com Marcus.<\/p>\n<p>A sister revelou que recebeu um aviso sobre a possibilidade de ser expulsa devido a a\u00e7\u00f5es desse tipo. \u00c9 relevante destacar que a dupla Beatriz e Alane tem se destacado por soltar v\u00e1rias observa\u00e7\u00f5es peculiares em suas conversas.<\/p>\n<p>Recentemente, Alane admitiu ter uma predile\u00e7\u00e3o por praticar a \u201carte do flerte\u201d e manifestou preocupa\u00e7\u00e3o sobre como o p\u00fablico pode interpretar essa atitude. <strong>\u201cEu brinco de flertar, entendeu? A\u00ed agora v\u00e3o achar que to querendo todo mundo?\u201d,<\/strong> ressaltou Beatriz.<\/p>\n<p>Imediatamente, Beatriz caiu na risada e deu uma boa resposta para sanar a d\u00favida da colega de confinamento da casa mais vigiada do Brasil<em>: <\/em><strong>\u201cMas se todo mundo te querer e voc\u00ea querer todo mundo, qual o problema?\u201d<\/strong>.<\/p>\n<p>Nas redes sociais a amizade que est\u00e1 come\u00e7ando a aflorar tem agrado ao p\u00fablico:<\/p>\n<blockquote class=\"twitter-tweet\" data-media-max-width=\"560\">\n<p dir=\"ltr\" lang=\"pt\">\u201cEu brinco de flerta, entendeu? A\u00ed agora v\u00e3o achar que to querendo todo mundo?\u201d (Alane)<\/p>\n<p>\u201cMas se todo mundo te querer e voce querer todo mundo qual o problema?\u201d (Beatriz) <a href=\"https:\/\/twitter.com\/hashtag\/BBB24?src=hash&amp;ref_src=twsrc%5Etfw\">#BBB24<\/a> <a href=\"https:\/\/t.co\/1pWx0LEDsu\">pic.twitter.com\/1pWx0LEDsu<\/a><\/p>\n<p>\u2014 S\u00e9rgio Santos (@ZAMENZA) <a href=\"https:\/\/twitter.com\/ZAMENZA\/status\/1745225807834812575?ref_src=twsrc%5Etfw\">January 10, 2024<\/a><\/p>\n<\/blockquote>\n<p>Nesta\u00a0quinta-feira\u00a0(11),\u00a0acontecer\u00e1\u00a0<a href=\"https:\/\/mulherinteressante.com\/bbb-24-enquete-uol-aponta-quem-entre-maycon-giovanna-yasmin-brunet-sera-primeiro-deixar-casa-mais-vigiada-brasil\/?fbsu=348&amp;fbsl=1HYG\" target=\"_blank\" rel=\"nofollow noopener\">a\u00a0primeira\u00a0elimina\u00e7\u00e3o\u00a0do\u00a0BBB24<\/a> e\u00a0logo\u00a0em seguida os confinados v\u00e3o disputar a segunda prova de lideran\u00e7a.<\/p>\n<\/div>\n<p><script async src=\"\/\/platform.twitter.com\/widgets.js\" charset=\"utf-8\"><\/script><br \/>\n<br \/><br \/>\n<br \/><a href=\"https:\/\/fnmais.com\/bbb24-expulsa-beatriz-tapa-em-colega-confinamento-producao-toma-atitude-imediata-video\/\">Source link <\/a><\/p>\n<div class='code-block code-block-4' style='margin: 8px auto 8px 0; text-align: left; display: block; clear: both;'>\n\ud83d\udce2 Aviso Legal\n\nO site ismaelcolosi.com.br atua apenas como um canal de divulga\u00e7\u00e3o de oportunidades de emprego e n\u00e3o se responsabiliza pelo processo seletivo, contrata\u00e7\u00e3o ou qualquer outra etapa relacionada \u00e0s vagas publicadas. Todas as informa\u00e7\u00f5es s\u00e3o de responsabilidade dos anunciantes.\n\n\u26a0\ufe0f Aten\u00e7\u00e3o! Nunca pague por promessas de emprego nem compre cursos que garantam contrata\u00e7\u00e3o. Desconfie de qualquer cobran\u00e7a para participar de sele\u00e7\u00f5es.\n\n\n<div data-type=\"_mgwidget\" data-widget-id=\"2000896\">\n<\/div>\n<script>(function(w,q){w[q]=w[q]||[];w[q].push([\"_mgc.load\"])})(window,\"_mgq\");\n<\/script>\n<\/div>\n<!-- CONTENT END 1 -->\n","protected":false},"excerpt":{"rendered":"<p>Quem acompanha o reality show que vai ao ar atrav\u00e9s do Grupo Globo sabe que o atrativo \u00e9 um ninho de pol\u00eamicas. A vig\u00e9sima quarta&#8230;<\/p>\n","protected":false},"author":1,"featured_media":27195,"comment_status":"open","ping_status":"open","sticky":false,"template":"","format":"standard","meta":{"_uag_custom_page_level_css":"","jetpack_post_was_ever_published":false,"_jetpack_newsletter_access":"","_jetpack_dont_email_post_to_subs":false,"_jetpack_newsletter_tier_id":0,"_jetpack_memberships_contains_paywalled_content":false,"_jetpack_memberships_contains_paid_content":false,"footnotes":"","jetpack_publicize_message":"","jetpack_publicize_feature_enabled":true,"jetpack_social_post_already_shared":true,"jetpack_social_options":{"image_generator_settings":{"template":"highway","default_image_id":0,"font":"","enabled":false},"version":2}},"categories":[1],"tags":[],"class_list":["post-27194","post","type-post","status-publish","format-standard","has-post-thumbnail","hentry","category-blog"],"aioseo_notices":[],"jetpack_publicize_connections":[],"jetpack_featured_media_url":"https:\/\/i0.wp.com\/ismaelcolosi.com.br\/wp-content\/uploads\/2024\/01\/postimg-65a03e75917875210.jpg?fit=1200%2C628&ssl=1","uagb_featured_image_src":{"full":["https:\/\/i0.wp.com\/ismaelcolosi.com.br\/wp-content\/uploads\/2024\/01\/postimg-65a03e75917875210.jpg?fit=1200%2C628&ssl=1",1200,628,false],"thumbnail":["https:\/\/i0.wp.com\/ismaelcolosi.com.br\/wp-content\/uploads\/2024\/01\/postimg-65a03e75917875210.jpg?resize=150%2C150&ssl=1",150,150,true],"medium":["https:\/\/i0.wp.com\/ismaelcolosi.com.br\/wp-content\/uploads\/2024\/01\/postimg-65a03e75917875210.jpg?fit=300%2C157&ssl=1",300,157,true],"medium_large":["https:\/\/i0.wp.com\/ismaelcolosi.com.br\/wp-content\/uploads\/2024\/01\/postimg-65a03e75917875210.jpg?fit=768%2C402&ssl=1",768,402,true],"large":["https:\/\/i0.wp.com\/ismaelcolosi.com.br\/wp-content\/uploads\/2024\/01\/postimg-65a03e75917875210.jpg?fit=1024%2C536&ssl=1",1024,536,true],"1536x1536":["https:\/\/i0.wp.com\/ismaelcolosi.com.br\/wp-content\/uploads\/2024\/01\/postimg-65a03e75917875210.jpg?fit=1200%2C628&ssl=1",1200,628,true],"2048x2048":["https:\/\/i0.wp.com\/ismaelcolosi.com.br\/wp-content\/uploads\/2024\/01\/postimg-65a03e75917875210.jpg?fit=1200%2C628&ssl=1",1200,628,true],"really-simple-thumb":["https:\/\/i0.wp.com\/ismaelcolosi.com.br\/wp-content\/uploads\/2024\/01\/postimg-65a03e75917875210.jpg?resize=370%2C247&ssl=1",370,247,true]},"uagb_author_info":{"display_name":"ismaelcolosi.com.br","author_link":"https:\/\/ismaelcolosi.com.br\/index.php\/author\/vidareal-online\/"},"uagb_comment_info":0,"uagb_excerpt":"Quem acompanha o reality show que vai ao ar atrav\u00e9s do Grupo Globo sabe que o atrativo \u00e9 um ninho de pol\u00eamicas. A vig\u00e9sima quarta...","jetpack-related-posts":[{"id":26652,"url":"https:\/\/ismaelcolosi.com.br\/index.php\/2024\/01\/10\/jovem-tira-a-vida-de-colega-de-trabalho-por-conta-de-ciumes-do-namorado-video-flagrou-momento\/","url_meta":{"origin":27194,"position":0},"title":"Jovem tira a vida de colega de trabalho por conta de ci\u00fames do namorado; v\u00eddeo flagrou momento","author":"ismaelcolosi.com.br","date":"10 de January de 2024","format":false,"excerpt":"Canais de comunica\u00e7\u00e3o est\u00e3o divulgando mais detalhes de um tr\u00e1gico incidente ocorrido na regi\u00e3o de Marab\u00e1, no Par\u00e1, onde Ana Beatriz, de 22 anos, perdeu sua vida ap\u00f3s ter sido atacada por uma colega de trabalho, Sara, de 20 anos.O motivo de sua morte teria sido por Sara ter ci\u00fames\u2026","rel":"","context":"In &quot;Blog&quot;","block_context":{"text":"Blog","link":"https:\/\/ismaelcolosi.com.br\/index.php\/category\/blog\/"},"img":{"alt_text":"","src":"https:\/\/i0.wp.com\/ismaelcolosi.com.br\/wp-content\/uploads\/2024\/01\/postimg-659eb5505bc7f6412.jpg?fit=1200%2C628&ssl=1&resize=350%2C200","width":350,"height":200,"srcset":"https:\/\/i0.wp.com\/ismaelcolosi.com.br\/wp-content\/uploads\/2024\/01\/postimg-659eb5505bc7f6412.jpg?fit=1200%2C628&ssl=1&resize=350%2C200 1x, https:\/\/i0.wp.com\/ismaelcolosi.com.br\/wp-content\/uploads\/2024\/01\/postimg-659eb5505bc7f6412.jpg?fit=1200%2C628&ssl=1&resize=525%2C300 1.5x, https:\/\/i0.wp.com\/ismaelcolosi.com.br\/wp-content\/uploads\/2024\/01\/postimg-659eb5505bc7f6412.jpg?fit=1200%2C628&ssl=1&resize=700%2C400 2x, https:\/\/i0.wp.com\/ismaelcolosi.com.br\/wp-content\/uploads\/2024\/01\/postimg-659eb5505bc7f6412.jpg?fit=1200%2C628&ssl=1&resize=1050%2C600 3x"},"classes":[]},{"id":27297,"url":"https:\/\/ismaelcolosi.com.br\/index.php\/2024\/01\/11\/bbb24-yasmin-brunet-fica-assustada-com-o-quadro-de-abstemia-de-beatriz-durante-a-festa-voce-ta-assim\/","url_meta":{"origin":27194,"position":1},"title":"BBB24: Yasmin Brunet fica assustada com o quadro de abstemia de Beatriz durante a festa: \u2018Voc\u00ea t\u00e1 assim\u2019","author":"ismaelcolosi.com.br","date":"11 de January de 2024","format":false,"excerpt":"A vig\u00e9sima quarta edi\u00e7\u00e3o do Big Brother Brasil j\u00e1 est\u00e1 no ar e j\u00e1 tem dado o que falar, tanto que o reality show j\u00e1 se tornou um dos assuntos mais comentados nas redes sociais.A casa mais vigiada do Brasil j\u00e1 come\u00e7ou com o parquinho incendiado, inclusive, nas primeiras horas\u2026","rel":"","context":"In &quot;Blog&quot;","block_context":{"text":"Blog","link":"https:\/\/ismaelcolosi.com.br\/index.php\/category\/blog\/"},"img":{"alt_text":"","src":"https:\/\/i0.wp.com\/ismaelcolosi.com.br\/wp-content\/uploads\/2024\/01\/postimg-65a08bef49d442627.jpg?fit=1200%2C628&ssl=1&resize=350%2C200","width":350,"height":200,"srcset":"https:\/\/i0.wp.com\/ismaelcolosi.com.br\/wp-content\/uploads\/2024\/01\/postimg-65a08bef49d442627.jpg?fit=1200%2C628&ssl=1&resize=350%2C200 1x, https:\/\/i0.wp.com\/ismaelcolosi.com.br\/wp-content\/uploads\/2024\/01\/postimg-65a08bef49d442627.jpg?fit=1200%2C628&ssl=1&resize=525%2C300 1.5x, https:\/\/i0.wp.com\/ismaelcolosi.com.br\/wp-content\/uploads\/2024\/01\/postimg-65a08bef49d442627.jpg?fit=1200%2C628&ssl=1&resize=700%2C400 2x, https:\/\/i0.wp.com\/ismaelcolosi.com.br\/wp-content\/uploads\/2024\/01\/postimg-65a08bef49d442627.jpg?fit=1200%2C628&ssl=1&resize=1050%2C600 3x"},"classes":[]},{"id":28152,"url":"https:\/\/ismaelcolosi.com.br\/index.php\/2024\/01\/15\/enquete-uol-aponta-quem-entre-beatriz-davi-e-pizani-e-o-preferido-do-publico-para-ficar-no-reality-show\/","url_meta":{"origin":27194,"position":2},"title":"Enquete UOL aponta quem entre Beatriz, Davi e Pizani \u00e9 o preferido do p\u00fablico para ficar no reality show","author":"ismaelcolosi.com.br","date":"15 de January de 2024","format":false,"excerpt":"A noite deste domingo (14), aconteceu a segunda elimina\u00e7\u00e3o da vig\u00e9sima quarta do Big Brother Brasil.Estavam na berlinda, Davi, Juninho e Thalyta que disputaram voto a voto a perman\u00eancia na casa mais vigiada do Brasil e foi a sister que precisou deixar o confinamento conforme a vontade do p\u00fablico.Ap\u00f3s anunciar\u2026","rel":"","context":"In &quot;Blog&quot;","block_context":{"text":"Blog","link":"https:\/\/ismaelcolosi.com.br\/index.php\/category\/blog\/"},"img":{"alt_text":"","src":"https:\/\/i0.wp.com\/ismaelcolosi.com.br\/wp-content\/uploads\/2024\/01\/postimg-65a4af765c9276129.jpg?fit=1200%2C628&ssl=1&resize=350%2C200","width":350,"height":200,"srcset":"https:\/\/i0.wp.com\/ismaelcolosi.com.br\/wp-content\/uploads\/2024\/01\/postimg-65a4af765c9276129.jpg?fit=1200%2C628&ssl=1&resize=350%2C200 1x, https:\/\/i0.wp.com\/ismaelcolosi.com.br\/wp-content\/uploads\/2024\/01\/postimg-65a4af765c9276129.jpg?fit=1200%2C628&ssl=1&resize=525%2C300 1.5x, https:\/\/i0.wp.com\/ismaelcolosi.com.br\/wp-content\/uploads\/2024\/01\/postimg-65a4af765c9276129.jpg?fit=1200%2C628&ssl=1&resize=700%2C400 2x, https:\/\/i0.wp.com\/ismaelcolosi.com.br\/wp-content\/uploads\/2024\/01\/postimg-65a4af765c9276129.jpg?fit=1200%2C628&ssl=1&resize=1050%2C600 3x"},"classes":[]},{"id":37023,"url":"https:\/\/ismaelcolosi.com.br\/index.php\/2024\/02\/13\/video-davi-e-acusado-de-tentar-beijar-isabelle-publico-pede-expulsao-do-participante-e-decisao-deixa-todos-em-choque\/","url_meta":{"origin":27194,"position":3},"title":"V\u00cdDEO: Davi \u00e9 acusado de tentar beijar Isabelle, p\u00fablico pede expuls\u00e3o do participante e decis\u00e3o deixa todos em CHOQUE","author":"ismaelcolosi.com.br","date":"13 de February de 2024","format":false,"excerpt":"Um epis\u00f3dio que ocorreu no Big Brother Brasil 24 envolvendo os participante Davi e Isabelle deixou todos em choque. A pol\u00eamica arrasta uma acusa\u00e7\u00e3o de tentativa de beijo for\u00e7ado contra a sister. V\u00eddeos que circulam nas redes sociais mostram um momento em que Davi se aproxima de Isabelle, apertas suas\u2026","rel":"","context":"In &quot;Variedades&quot;","block_context":{"text":"Variedades","link":"https:\/\/ismaelcolosi.com.br\/index.php\/category\/variedades\/"},"img":{"alt_text":"","src":"https:\/\/i0.wp.com\/ismaelcolosi.com.br\/wp-content\/uploads\/2024\/02\/VIDEO-Davi-e-acusado-de-tentar-beijar-Isabelle-a-forca-e-publico-pede-expulsao-do-participante.webp.webp?fit=1017%2C567&ssl=1&resize=350%2C200","width":350,"height":200,"srcset":"https:\/\/i0.wp.com\/ismaelcolosi.com.br\/wp-content\/uploads\/2024\/02\/VIDEO-Davi-e-acusado-de-tentar-beijar-Isabelle-a-forca-e-publico-pede-expulsao-do-participante.webp.webp?fit=1017%2C567&ssl=1&resize=350%2C200 1x, https:\/\/i0.wp.com\/ismaelcolosi.com.br\/wp-content\/uploads\/2024\/02\/VIDEO-Davi-e-acusado-de-tentar-beijar-Isabelle-a-forca-e-publico-pede-expulsao-do-participante.webp.webp?fit=1017%2C567&ssl=1&resize=525%2C300 1.5x, https:\/\/i0.wp.com\/ismaelcolosi.com.br\/wp-content\/uploads\/2024\/02\/VIDEO-Davi-e-acusado-de-tentar-beijar-Isabelle-a-forca-e-publico-pede-expulsao-do-participante.webp.webp?fit=1017%2C567&ssl=1&resize=700%2C400 2x"},"classes":[]},{"id":47377,"url":"https:\/\/ismaelcolosi.com.br\/index.php\/2024\/04\/25\/funcionario-de-lavanderia-e-acusado-de-furtar-empresa-e-colega-de-trabalho-em-ribeirao\/","url_meta":{"origin":27194,"position":4},"title":"Funcion\u00e1rio de lavanderia \u00e9 acusado de furtar empresa e colega de trabalho em Ribeir\u00e3o","author":"ismaelcolosi.com.br","date":"25 de April de 2024","format":false,"excerpt":"O dono de uma lavanderia registrou um boletim de ocorr\u00eancia (BO) por furto contra um funcion\u00e1rio da empresa em Ribeir\u00e3o Preto. O propriet\u00e1rio do estabelecimento localizado no Jardim Zara, zona Leste da cidade, afirmou \u00e0 pol\u00edcia que o funcion\u00e1rio teria sido flagrado por c\u00e2meras de seguran\u00e7a durante o furto de\u2026","rel":"","context":"In &quot;Not\u00edcias de Ribeir\u00e3o Preto-SP e Regi\u00e3o&quot;","block_context":{"text":"Not\u00edcias de Ribeir\u00e3o Preto-SP e Regi\u00e3o","link":"https:\/\/ismaelcolosi.com.br\/index.php\/category\/noticias-de-ribeirao-preto-sp-e-regiao-ismael-colosi\/"},"img":{"alt_text":"","src":"https:\/\/ismaelcolosi.com.br\/wp-content\/uploads\/2024\/04\/whatsapp_image_2023-01-04_at_18_12_27.jpe","width":350,"height":200,"srcset":"https:\/\/ismaelcolosi.com.br\/wp-content\/uploads\/2024\/04\/whatsapp_image_2023-01-04_at_18_12_27.jpe 1x, https:\/\/ismaelcolosi.com.br\/wp-content\/uploads\/2024\/04\/whatsapp_image_2023-01-04_at_18_12_27.jpe 1.5x, https:\/\/ismaelcolosi.com.br\/wp-content\/uploads\/2024\/04\/whatsapp_image_2023-01-04_at_18_12_27.jpe 2x, https:\/\/ismaelcolosi.com.br\/wp-content\/uploads\/2024\/04\/whatsapp_image_2023-01-04_at_18_12_27.jpe 3x"},"classes":[]},{"id":27020,"url":"https:\/\/ismaelcolosi.com.br\/index.php\/2024\/01\/11\/logo-na-primeira-semana-participantes-sofrem-punicao-gravissima-descumpriram-regra-importante\/","url_meta":{"origin":27194,"position":5},"title":"Logo na primeira semana participantes sofrem puni\u00e7\u00e3o grav\u00edssima; descumpriram regra importante","author":"ismaelcolosi.com.br","date":"11 de January de 2024","format":false,"excerpt":"Na edi\u00e7\u00e3o 24 do Big Brother Brasil, a noite prometia ser de celebra\u00e7\u00f5es com a primeira festa da temporada, mas acabou sendo marcada por uma reviravolta inesperada.A l\u00edder Deniziane, juntamente com Marcus Vinicius e Alane, enfrentou uma penalidade severa, resultando na perda de 500 estalecas cada um, ap\u00f3s uma infra\u00e7\u00e3o\u2026","rel":"","context":"In &quot;Blog&quot;","block_context":{"text":"Blog","link":"https:\/\/ismaelcolosi.com.br\/index.php\/category\/blog\/"},"img":{"alt_text":"","src":"https:\/\/i0.wp.com\/ismaelcolosi.com.br\/wp-content\/uploads\/2024\/01\/postimg-659fefe257df39081.jpg?fit=1200%2C628&ssl=1&resize=350%2C200","width":350,"height":200,"srcset":"https:\/\/i0.wp.com\/ismaelcolosi.com.br\/wp-content\/uploads\/2024\/01\/postimg-659fefe257df39081.jpg?fit=1200%2C628&ssl=1&resize=350%2C200 1x, https:\/\/i0.wp.com\/ismaelcolosi.com.br\/wp-content\/uploads\/2024\/01\/postimg-659fefe257df39081.jpg?fit=1200%2C628&ssl=1&resize=525%2C300 1.5x, https:\/\/i0.wp.com\/ismaelcolosi.com.br\/wp-content\/uploads\/2024\/01\/postimg-659fefe257df39081.jpg?fit=1200%2C628&ssl=1&resize=700%2C400 2x, https:\/\/i0.wp.com\/ismaelcolosi.com.br\/wp-content\/uploads\/2024\/01\/postimg-659fefe257df39081.jpg?fit=1200%2C628&ssl=1&resize=1050%2C600 3x"},"classes":[]}],"jetpack_sharing_enabled":true,"jetpack_shortlink":"https:\/\/wp.me\/pfMlyK-74C","_links":{"self":[{"href":"https:\/\/ismaelcolosi.com.br\/index.php\/wp-json\/wp\/v2\/posts\/27194","targetHints":{"allow":["GET"]}}],"collection":[{"href":"https:\/\/ismaelcolosi.com.br\/index.php\/wp-json\/wp\/v2\/posts"}],"about":[{"href":"https:\/\/ismaelcolosi.com.br\/index.php\/wp-json\/wp\/v2\/types\/post"}],"author":[{"embeddable":true,"href":"https:\/\/ismaelcolosi.com.br\/index.php\/wp-json\/wp\/v2\/users\/1"}],"replies":[{"embeddable":true,"href":"https:\/\/ismaelcolosi.com.br\/index.php\/wp-json\/wp\/v2\/comments?post=27194"}],"version-history":[{"count":0,"href":"https:\/\/ismaelcolosi.com.br\/index.php\/wp-json\/wp\/v2\/posts\/27194\/revisions"}],"wp:featuredmedia":[{"embeddable":true,"href":"https:\/\/ismaelcolosi.com.br\/index.php\/wp-json\/wp\/v2\/media\/27195"}],"wp:attachment":[{"href":"https:\/\/ismaelcolosi.com.br\/index.php\/wp-json\/wp\/v2\/media?parent=27194"}],"wp:term":[{"taxonomy":"category","embeddable":true,"href":"https:\/\/ismaelcolosi.com.br\/index.php\/wp-json\/wp\/v2\/categories?post=27194"},{"taxonomy":"post_tag","embeddable":true,"href":"https:\/\/ismaelcolosi.com.br\/index.php\/wp-json\/wp\/v2\/tags?post=27194"}],"curies":[{"name":"wp","href":"https:\/\/api.w.org\/{rel}","templated":true}]}}