{"id":26953,"date":"2024-01-11T07:20:45","date_gmt":"2024-01-11T10:20:45","guid":{"rendered":"https:\/\/ismaelcolosi.com.br\/index.php\/2024\/01\/11\/tj-sp-mantem-valor-passagem-do-onibus-em-ribeirao-preto\/"},"modified":"2024-01-11T07:20:45","modified_gmt":"2024-01-11T10:20:45","slug":"tj-sp-mantem-valor-passagem-do-onibus-em-ribeirao-preto","status":"publish","type":"post","link":"https:\/\/ismaelcolosi.com.br\/index.php\/2024\/01\/11\/tj-sp-mantem-valor-passagem-do-onibus-em-ribeirao-preto\/","title":{"rendered":"TJ-SP mant\u00e9m valor da passagem do \u00f4nibus em Ribeir\u00e3o Preto"},"content":{"rendered":"<p> <br \/>\n<\/p>\n<div>\n<p>O<strong><a href=\"https:\/\/www.tjsp.jus.br\/\" target=\"_blank\" rel=\"noreferrer noopener nofollow\"> TJ-SP (Tribunal de Justi\u00e7a de S\u00e3o Paulo) <\/a><\/strong>aceitou o recurso da<strong><a href=\"https:\/\/www.ribeiraopreto.sp.gov.br\/portal\/\" target=\"_blank\" rel=\"noreferrer noopener nofollow\"> Prefeitura de Ribeir\u00e3o Preto<\/a><\/strong> e manteve o valor da passagem de \u00f4nibus em R$ 5. O ac\u00f3rd\u00e3o com a decis\u00e3o foi publicado nesta quarta-feira (10).<\/p>\n<p>O processo foi julgado pelo plen\u00e1rio virtual da<strong> 12\u00aa C\u00e2mara de Direito P\u00fablico do Tribunal de Justi\u00e7a de S\u00e3o Paulo<\/strong> que, por unanimidade, decidiu extinguir a a\u00e7\u00e3o.<\/p><div class='code-block code-block-8' style='margin: 8px auto; text-align: center; display: block; clear: both;'>\n<script>\n  atOptions = {\n    'key' : '66e2e2111ca34da796271819fc334058',\n    'format' : 'iframe',\n    'height' : 250,\n    'width' : 300,\n    'params' : {}\n  };\n<\/script>\n<script src=\"https:\/\/www.highperformanceformat.com\/66e2e2111ca34da796271819fc334058\/invoke.js\"><\/script>\n<\/div>\n\n<p>Os desembargadores entenderam que o decreto 220\/2018, questionado pelo diret\u00f3rio municipal da <strong>Rede Sustentabilidade<\/strong>, e que aumentou o valor da passagem na ocasi\u00e3o, <mark style=\"background-color:#fcb900\" class=\"has-inline-color has-black-color\">j\u00e1 havia sido substitu\u00eddo pelo decreto 026\/2022, que instituiu o novo pre\u00e7o da tarifa.<\/mark><\/p>\n<p>\u201c[\u2026] tem-se que a tarifa introduzida pelo decreto tornado nulo pela concess\u00e3o da seguran\u00e7a restou revogada e superada por outros atos normativos que, em tese, n\u00e3o apresentaram os mesmos v\u00edcios, afastando o cen\u00e1rio verificado em 2018\u201d, escreveu o desembargador Souza Meirelles, relator do processo.<\/p>\n<p>No ac\u00f3rd\u00e3o, o relator ainda escreveu que determinar que o munic\u00edpio cumprisse a senten\u00e7a imposta pela<strong> Justi\u00e7a de Ribeir\u00e3o Preto <\/strong>para <mark style=\"background-color:#fcb900\" class=\"has-inline-color has-black-color\">reduzir o valor, \u201cimplicaria interfer\u00eancia de cunho financeiro e patrimonial dotada de retroatividade no sistema de transporte p\u00fablico local\u201d.<\/mark><\/p>\n<h4 class=\"wp-block-heading\"><strong>Outro lado<\/strong><\/h4>\n<p>O vereador <strong>Marcos Papa<\/strong>, que atualmente est\u00e1 no Podemos, mas na ocasi\u00e3o era o representante da Rede no Legislativo, foi procurado pela reportagem.<\/p>\n<p>Em nota, o parlamentar afirma que respeita a decis\u00e3o da Justi\u00e7a, mas que lamenta. \u201cA injusti\u00e7a que a Prefeitura provocou com a cidade, tendo colocado a tarifa no alto valor que quis e, agora, repassando milh\u00f5es de reais \u00e0s empresas do Pr\u00f3Urbano, n\u00e3o tem compet\u00eancia para entregar um servi\u00e7o de transporte p\u00fablico decente \u00e0 popula\u00e7\u00e3o\u201d, afirma.<\/p>\n<p>\u201cAt\u00e9 o in\u00edcio desse processo, o Pr\u00f3Urbano entregava um servi\u00e7o ruim bancado pela tarifa, agora o usu\u00e1rio banca a tarifa, o contribuinte nos \u00faltimos 12 meses pagou mais de R$ 100 milh\u00f5es para o Cons\u00f3rcio e o servi\u00e7o continua p\u00e9ssimo. \u00c9 isso que n\u00f3s lamentamos\u201d, declara o vereador.<\/p>\n<p>VEJA TAMB\u00c9M<br \/>Sa\u00fade investiga morte de crian\u00e7a por dengue no HC de Ribeir\u00e3o Preto<\/p>\n<h4 class=\"wp-block-heading\"><strong>FIQUE ON<\/strong><\/h4>\n<p>Fique ligado em tudo que acontece em Ribeir\u00e3o Preto e regi\u00e3o. Siga os perfis do <strong>acidade on<\/strong> no <a href=\"https:\/\/www.instagram.com\/acidadeonribeirao\" target=\"_blank\" rel=\"noreferrer noopener nofollow\">Instagram <\/a>e no <a href=\"https:\/\/www.facebook.com\/acidadeonribeirao\" target=\"_blank\" rel=\"noreferrer noopener nofollow\">Facebook<\/a>.<\/p>\n<p>Receba not\u00edcias do <strong>acidade on <\/strong>no WhatsApp. <a href=\"https:\/\/chat.whatsapp.com\/Bnv2w66ZT4VDyZW3oiZ69n\" target=\"_blank\" rel=\"noreferrer noopener nofollow\">Para entrar no grupo, basta clicar aqui.<\/a><\/p>\n<p>Fa\u00e7a uma den\u00fancia ou sugira uma reportagem sobre a Ribeir\u00e3o Preto e regi\u00e3o pelo WhatsApp: (16) 99117 7802.<\/p>\n<p><!-- AI CONTENT END 1 -->\n<\/div>\n<p><script async src=\"\/\/www.instagram.com\/embed.js\"><\/script><br \/>\n<br \/><br \/>\n<br \/><a href=\"https:\/\/www.acidadeon.com\/ribeiraopreto\/politica\/tj-sp-mantem-valor-passagem-do-onibus-em-ribeirao-preto\/\">Source link <\/a><\/p>\n<div class='code-block code-block-4' style='margin: 8px auto 8px 0; text-align: left; display: block; clear: both;'>\n\ud83d\udce2 Aviso Legal\n\nO site ismaelcolosi.com.br atua apenas como um canal de divulga\u00e7\u00e3o de oportunidades de emprego e n\u00e3o se responsabiliza pelo processo seletivo, contrata\u00e7\u00e3o ou qualquer outra etapa relacionada \u00e0s vagas publicadas. Todas as informa\u00e7\u00f5es s\u00e3o de responsabilidade dos anunciantes.\n\n\u26a0\ufe0f Aten\u00e7\u00e3o! Nunca pague por promessas de emprego nem compre cursos que garantam contrata\u00e7\u00e3o. Desconfie de qualquer cobran\u00e7a para participar de sele\u00e7\u00f5es.\n\n\n<div data-type=\"_mgwidget\" data-widget-id=\"2000896\">\n<\/div>\n<script>(function(w,q){w[q]=w[q]||[];w[q].push([\"_mgc.load\"])})(window,\"_mgq\");\n<\/script>\n<\/div>\n<!-- CONTENT END 1 -->\n","protected":false},"excerpt":{"rendered":"<p>O TJ-SP (Tribunal de Justi\u00e7a de S\u00e3o Paulo) aceitou o recurso da Prefeitura de Ribeir\u00e3o Preto e manteve o valor da passagem de \u00f4nibus em&#8230;<\/p>\n","protected":false},"author":1,"featured_media":26954,"comment_status":"open","ping_status":"open","sticky":false,"template":"","format":"standard","meta":{"om_disable_all_campaigns":false,"_uag_custom_page_level_css":"","jetpack_post_was_ever_published":false,"_jetpack_newsletter_access":"","_jetpack_dont_email_post_to_subs":false,"_jetpack_newsletter_tier_id":0,"_jetpack_memberships_contains_paywalled_content":false,"_jetpack_memberships_contains_paid_content":false,"_joinchat":[],"footnotes":"","jetpack_publicize_message":"","jetpack_publicize_feature_enabled":true,"jetpack_social_post_already_shared":true,"jetpack_social_options":{"image_generator_settings":{"template":"highway","default_image_id":0,"font":"","enabled":false},"version":2}},"categories":[11],"tags":[2139,335,3374,27,26,3373,268],"class_list":["post-26953","post","type-post","status-publish","format-standard","has-post-thumbnail","hentry","category-noticias-de-ribeirao-preto-sp-e-regiao-ismael-colosi","tag-mantem","tag-onibus","tag-passagem","tag-preto","tag-ribeirao","tag-tjsp","tag-valor"],"aioseo_notices":[],"jetpack_publicize_connections":[],"jetpack_featured_media_url":"https:\/\/i0.wp.com\/ismaelcolosi.com.br\/wp-content\/uploads\/2024\/01\/onibus-ribeirao-preto.jpg?fit=1920%2C1080&ssl=1","uagb_featured_image_src":{"full":["https:\/\/i0.wp.com\/ismaelcolosi.com.br\/wp-content\/uploads\/2024\/01\/onibus-ribeirao-preto.jpg?fit=1920%2C1080&ssl=1",1920,1080,false],"thumbnail":["https:\/\/i0.wp.com\/ismaelcolosi.com.br\/wp-content\/uploads\/2024\/01\/onibus-ribeirao-preto.jpg?resize=150%2C150&ssl=1",150,150,true],"medium":["https:\/\/i0.wp.com\/ismaelcolosi.com.br\/wp-content\/uploads\/2024\/01\/onibus-ribeirao-preto.jpg?fit=300%2C169&ssl=1",300,169,true],"medium_large":["https:\/\/i0.wp.com\/ismaelcolosi.com.br\/wp-content\/uploads\/2024\/01\/onibus-ribeirao-preto.jpg?fit=768%2C432&ssl=1",768,432,true],"large":["https:\/\/i0.wp.com\/ismaelcolosi.com.br\/wp-content\/uploads\/2024\/01\/onibus-ribeirao-preto.jpg?fit=1024%2C576&ssl=1",1024,576,true],"1536x1536":["https:\/\/i0.wp.com\/ismaelcolosi.com.br\/wp-content\/uploads\/2024\/01\/onibus-ribeirao-preto.jpg?fit=1536%2C864&ssl=1",1536,864,true],"2048x2048":["https:\/\/i0.wp.com\/ismaelcolosi.com.br\/wp-content\/uploads\/2024\/01\/onibus-ribeirao-preto.jpg?fit=1920%2C1080&ssl=1",1920,1080,true],"really-simple-thumb":["https:\/\/i0.wp.com\/ismaelcolosi.com.br\/wp-content\/uploads\/2024\/01\/onibus-ribeirao-preto.jpg?resize=370%2C247&ssl=1",370,247,true]},"uagb_author_info":{"display_name":"ismaelcolosi.com.br","author_link":"https:\/\/ismaelcolosi.com.br\/index.php\/author\/vidareal-online\/"},"uagb_comment_info":0,"uagb_excerpt":"O TJ-SP (Tribunal de Justi\u00e7a de S\u00e3o Paulo) aceitou o recurso da Prefeitura de Ribeir\u00e3o Preto e manteve o valor da passagem de \u00f4nibus em...","jetpack-related-posts":[{"id":27838,"url":"https:\/\/ismaelcolosi.com.br\/index.php\/2024\/01\/13\/tarifa-do-vale-transporte-sobe-em-ribeirao-usuario-comum-continua-pagando-r-5\/","url_meta":{"origin":26953,"position":0},"title":"Tarifa do vale-transporte sobe em Ribeir\u00e3o; usu\u00e1rio comum continua pagando R$ 5","author":"ismaelcolosi.com.br","date":"13 de January de 2024","format":false,"excerpt":"A Prefeitura de Ribeir\u00e3o Preto publicou decreto que reajusta para R$ 6 o valor da tarifa do vale-transporte, a partir do dia 1\u00ba de fevereiro. J\u00e1 o pre\u00e7o da passagem para os usu\u00e1rios comuns, continua em R$ 5. A tarifa das linhas alimentadoras, que atende os passageiros nos bairros, continua\u2026","rel":"","context":"In &quot;Not\u00edcias de Ribeir\u00e3o Preto-SP e Regi\u00e3o&quot;","block_context":{"text":"Not\u00edcias de Ribeir\u00e3o Preto-SP e Regi\u00e3o","link":"https:\/\/ismaelcolosi.com.br\/index.php\/category\/noticias-de-ribeirao-preto-sp-e-regiao-ismael-colosi\/"},"img":{"alt_text":"","src":"https:\/\/i0.wp.com\/ismaelcolosi.com.br\/wp-content\/uploads\/2024\/01\/novas_linhas_ribeirao_verde_33.jpeg?fit=1156%2C867&ssl=1&resize=350%2C200","width":350,"height":200,"srcset":"https:\/\/i0.wp.com\/ismaelcolosi.com.br\/wp-content\/uploads\/2024\/01\/novas_linhas_ribeirao_verde_33.jpeg?fit=1156%2C867&ssl=1&resize=350%2C200 1x, https:\/\/i0.wp.com\/ismaelcolosi.com.br\/wp-content\/uploads\/2024\/01\/novas_linhas_ribeirao_verde_33.jpeg?fit=1156%2C867&ssl=1&resize=525%2C300 1.5x, https:\/\/i0.wp.com\/ismaelcolosi.com.br\/wp-content\/uploads\/2024\/01\/novas_linhas_ribeirao_verde_33.jpeg?fit=1156%2C867&ssl=1&resize=700%2C400 2x, https:\/\/i0.wp.com\/ismaelcolosi.com.br\/wp-content\/uploads\/2024\/01\/novas_linhas_ribeirao_verde_33.jpeg?fit=1156%2C867&ssl=1&resize=1050%2C600 3x"},"classes":[]},{"id":39764,"url":"https:\/\/ismaelcolosi.com.br\/index.php\/2024\/02\/28\/tribunal-de-justica-mantem-vale-transporte-em-r-5-em-rp\/","url_meta":{"origin":26953,"position":1},"title":"Tribunal de Justi\u00e7a mant\u00e9m vale-transporte em R$ 5\u00a0em RP","author":"ismaelcolosi.com.br","date":"28 de February de 2024","format":false,"excerpt":"28 de fevereiro de 2024 | 9:0027 de fevereiro de 2024 | 19:40 0O Tribunal de Justi\u00e7a de S\u00e3o Paulo (TJSP) manteve a liminar da ju\u00edza Lucilene Aparecida Canella de Melo, da 2\u00aa Vara da Fazenda P\u00fablica de Ribeir\u00e3o Preto, que suspendeu o reajuste de 20% no valor do vale-transporte\u2026","rel":"","context":"In &quot;Not\u00edcias de Ribeir\u00e3o Preto-SP e Regi\u00e3o&quot;","block_context":{"text":"Not\u00edcias de Ribeir\u00e3o Preto-SP e Regi\u00e3o","link":"https:\/\/ismaelcolosi.com.br\/index.php\/category\/noticias-de-ribeirao-preto-sp-e-regiao-ismael-colosi\/"},"img":{"alt_text":"","src":"https:\/\/i0.wp.com\/ismaelcolosi.com.br\/wp-content\/uploads\/2024\/02\/OnibusRP-Alfredo-Risk-2-scaled.jpg?fit=1000%2C538&ssl=1&resize=350%2C200","width":350,"height":200,"srcset":"https:\/\/i0.wp.com\/ismaelcolosi.com.br\/wp-content\/uploads\/2024\/02\/OnibusRP-Alfredo-Risk-2-scaled.jpg?fit=1000%2C538&ssl=1&resize=350%2C200 1x, https:\/\/i0.wp.com\/ismaelcolosi.com.br\/wp-content\/uploads\/2024\/02\/OnibusRP-Alfredo-Risk-2-scaled.jpg?fit=1000%2C538&ssl=1&resize=525%2C300 1.5x, https:\/\/i0.wp.com\/ismaelcolosi.com.br\/wp-content\/uploads\/2024\/02\/OnibusRP-Alfredo-Risk-2-scaled.jpg?fit=1000%2C538&ssl=1&resize=700%2C400 2x"},"classes":[]},{"id":39511,"url":"https:\/\/ismaelcolosi.com.br\/index.php\/2024\/02\/26\/tj-sp-mantem-valor-da-tarifa-do-vale-transporte-nos-onibus-de-ribeirao-preto\/","url_meta":{"origin":26953,"position":2},"title":"TJ-SP mant\u00e9m valor da tarifa do vale-transporte nos \u00f4nibus de Ribeir\u00e3o Preto","author":"ismaelcolosi.com.br","date":"26 de February de 2024","format":false,"excerpt":"O TJ-SP (Tribunal de Justi\u00e7a de S\u00e3o Paulo) manteve a suspens\u00e3o do reajuste do vale-transporte nos \u00f4nibus de Ribeir\u00e3o Preto. O Tribunal recusou pedido da Prefeitura de Ribeir\u00e3o Preto para suspender a decis\u00e3o que derrubou o novo valor da modalidade que seria reajustado de R$ 5 para R$ 6. O\u2026","rel":"","context":"In &quot;Not\u00edcias de Ribeir\u00e3o Preto-SP e Regi\u00e3o&quot;","block_context":{"text":"Not\u00edcias de Ribeir\u00e3o Preto-SP e Regi\u00e3o","link":"https:\/\/ismaelcolosi.com.br\/index.php\/category\/noticias-de-ribeirao-preto-sp-e-regiao-ismael-colosi\/"},"img":{"alt_text":"","src":"https:\/\/i0.wp.com\/ismaelcolosi.com.br\/wp-content\/uploads\/2024\/02\/1708975515_novos-onibus-ribeirao-preto.jpg?fit=1200%2C800&ssl=1&resize=350%2C200","width":350,"height":200,"srcset":"https:\/\/i0.wp.com\/ismaelcolosi.com.br\/wp-content\/uploads\/2024\/02\/1708975515_novos-onibus-ribeirao-preto.jpg?fit=1200%2C800&ssl=1&resize=350%2C200 1x, https:\/\/i0.wp.com\/ismaelcolosi.com.br\/wp-content\/uploads\/2024\/02\/1708975515_novos-onibus-ribeirao-preto.jpg?fit=1200%2C800&ssl=1&resize=525%2C300 1.5x, https:\/\/i0.wp.com\/ismaelcolosi.com.br\/wp-content\/uploads\/2024\/02\/1708975515_novos-onibus-ribeirao-preto.jpg?fit=1200%2C800&ssl=1&resize=700%2C400 2x, https:\/\/i0.wp.com\/ismaelcolosi.com.br\/wp-content\/uploads\/2024\/02\/1708975515_novos-onibus-ribeirao-preto.jpg?fit=1200%2C800&ssl=1&resize=1050%2C600 3x"},"classes":[]},{"id":29438,"url":"https:\/\/ismaelcolosi.com.br\/index.php\/2024\/01\/18\/vereadora-aciona-a-justica-contra-aumento-da-tarifa-do-vale-transporte\/","url_meta":{"origin":26953,"position":3},"title":"Vereadora aciona a Justi\u00e7a contra aumento da tarifa do vale transporte","author":"ismaelcolosi.com.br","date":"18 de January de 2024","format":false,"excerpt":"18 de janeiro de 2024 | 11:29 0A vereadora de Ribeir\u00e3o Preto, Judeti Zilli (PT) do Coletivo Popular, protocolou uma A\u00e7\u00e3o Popular, na Justi\u00e7a de Ribeir\u00e3o Preto, pedindo a revoga\u00e7\u00e3o de parte do Decreto 08\/ 2024 do prefeito Duarte Nogueira (PSDB) que fixou o valor da passagem do transporte coletivo\u2026","rel":"","context":"In &quot;Not\u00edcias de Ribeir\u00e3o Preto-SP e Regi\u00e3o&quot;","block_context":{"text":"Not\u00edcias de Ribeir\u00e3o Preto-SP e Regi\u00e3o","link":"https:\/\/ismaelcolosi.com.br\/index.php\/category\/noticias-de-ribeirao-preto-sp-e-regiao-ismael-colosi\/"},"img":{"alt_text":"","src":"https:\/\/i0.wp.com\/ismaelcolosi.com.br\/wp-content\/uploads\/2024\/01\/OnibusRP-Alfredo-Risk-1-scaled.jpg?fit=1000%2C629&ssl=1&resize=350%2C200","width":350,"height":200,"srcset":"https:\/\/i0.wp.com\/ismaelcolosi.com.br\/wp-content\/uploads\/2024\/01\/OnibusRP-Alfredo-Risk-1-scaled.jpg?fit=1000%2C629&ssl=1&resize=350%2C200 1x, https:\/\/i0.wp.com\/ismaelcolosi.com.br\/wp-content\/uploads\/2024\/01\/OnibusRP-Alfredo-Risk-1-scaled.jpg?fit=1000%2C629&ssl=1&resize=525%2C300 1.5x, https:\/\/i0.wp.com\/ismaelcolosi.com.br\/wp-content\/uploads\/2024\/01\/OnibusRP-Alfredo-Risk-1-scaled.jpg?fit=1000%2C629&ssl=1&resize=700%2C400 2x"},"classes":[]},{"id":33420,"url":"https:\/\/ismaelcolosi.com.br\/index.php\/2024\/01\/29\/liminar-suspende-reajuste-da-tarifa-do-vale-transporte\/","url_meta":{"origin":26953,"position":4},"title":"Liminar suspende reajuste da tarifa do vale transporte","author":"ismaelcolosi.com.br","date":"29 de January de 2024","format":false,"excerpt":"A ju\u00edza Lucilene Aparecida Canella de Melo, da 2\u00aa Vara da Fazenda P\u00fablica de Ribeir\u00e3o Preto, concedeu uma liminar suspendendo o reajuste do vale-transporte em que passaria de R$ 5,00 para R$ 6,00 a partir de quinta-feira,1 de fevereiro. A decis\u00e3o foi dada no dia 26 de fevereiro e atendeu\u2026","rel":"","context":"In &quot;Not\u00edcias de Ribeir\u00e3o Preto-SP e Regi\u00e3o&quot;","block_context":{"text":"Not\u00edcias de Ribeir\u00e3o Preto-SP e Regi\u00e3o","link":"https:\/\/ismaelcolosi.com.br\/index.php\/category\/noticias-de-ribeirao-preto-sp-e-regiao-ismael-colosi\/"},"img":{"alt_text":"","src":"https:\/\/i0.wp.com\/ismaelcolosi.com.br\/wp-content\/uploads\/2024\/01\/1-44-scaled.jpg?fit=700%2C446&ssl=1&resize=350%2C200","width":350,"height":200,"srcset":"https:\/\/i0.wp.com\/ismaelcolosi.com.br\/wp-content\/uploads\/2024\/01\/1-44-scaled.jpg?fit=700%2C446&ssl=1&resize=350%2C200 1x, https:\/\/i0.wp.com\/ismaelcolosi.com.br\/wp-content\/uploads\/2024\/01\/1-44-scaled.jpg?fit=700%2C446&ssl=1&resize=525%2C300 1.5x, https:\/\/i0.wp.com\/ismaelcolosi.com.br\/wp-content\/uploads\/2024\/01\/1-44-scaled.jpg?fit=700%2C446&ssl=1&resize=700%2C400 2x"},"classes":[]},{"id":28000,"url":"https:\/\/ismaelcolosi.com.br\/index.php\/2024\/01\/14\/passagem-do-onibus-custa-r-845-em-ribeirao-preto-entenda\/","url_meta":{"origin":26953,"position":5},"title":"Passagem do \u00f4nibus custa R$ 8,45 em Ribeir\u00e3o Preto? Entenda","author":"ismaelcolosi.com.br","date":"14 de January de 2024","format":false,"excerpt":"A tarifa do transporte coletivo de Ribeir\u00e3o Preto vai passar para R$ 8,45 a partir de 1\u00ba de fevereiro. Contudo, o valor cobrado do usu\u00e1rio comum que embarcar nos \u00f4nibus da cidade continuar\u00e1 a ser de R$ 5, pelo terceiro ano consecutivo. Os outros R$ 3,45, por passageiro, ser\u00e3o pagos\u2026","rel":"","context":"In &quot;Not\u00edcias de Ribeir\u00e3o Preto-SP e Regi\u00e3o&quot;","block_context":{"text":"Not\u00edcias de Ribeir\u00e3o Preto-SP e Regi\u00e3o","link":"https:\/\/ismaelcolosi.com.br\/index.php\/category\/noticias-de-ribeirao-preto-sp-e-regiao-ismael-colosi\/"},"img":{"alt_text":"","src":"https:\/\/i0.wp.com\/ismaelcolosi.com.br\/wp-content\/uploads\/2024\/01\/novos-onibus-ribeirao-preto.jpg?fit=1200%2C800&ssl=1&resize=350%2C200","width":350,"height":200,"srcset":"https:\/\/i0.wp.com\/ismaelcolosi.com.br\/wp-content\/uploads\/2024\/01\/novos-onibus-ribeirao-preto.jpg?fit=1200%2C800&ssl=1&resize=350%2C200 1x, https:\/\/i0.wp.com\/ismaelcolosi.com.br\/wp-content\/uploads\/2024\/01\/novos-onibus-ribeirao-preto.jpg?fit=1200%2C800&ssl=1&resize=525%2C300 1.5x, https:\/\/i0.wp.com\/ismaelcolosi.com.br\/wp-content\/uploads\/2024\/01\/novos-onibus-ribeirao-preto.jpg?fit=1200%2C800&ssl=1&resize=700%2C400 2x, https:\/\/i0.wp.com\/ismaelcolosi.com.br\/wp-content\/uploads\/2024\/01\/novos-onibus-ribeirao-preto.jpg?fit=1200%2C800&ssl=1&resize=1050%2C600 3x"},"classes":[]}],"jetpack_sharing_enabled":true,"jetpack_shortlink":"https:\/\/wp.me\/pfMlyK-70J","_links":{"self":[{"href":"https:\/\/ismaelcolosi.com.br\/index.php\/wp-json\/wp\/v2\/posts\/26953","targetHints":{"allow":["GET"]}}],"collection":[{"href":"https:\/\/ismaelcolosi.com.br\/index.php\/wp-json\/wp\/v2\/posts"}],"about":[{"href":"https:\/\/ismaelcolosi.com.br\/index.php\/wp-json\/wp\/v2\/types\/post"}],"author":[{"embeddable":true,"href":"https:\/\/ismaelcolosi.com.br\/index.php\/wp-json\/wp\/v2\/users\/1"}],"replies":[{"embeddable":true,"href":"https:\/\/ismaelcolosi.com.br\/index.php\/wp-json\/wp\/v2\/comments?post=26953"}],"version-history":[{"count":0,"href":"https:\/\/ismaelcolosi.com.br\/index.php\/wp-json\/wp\/v2\/posts\/26953\/revisions"}],"wp:featuredmedia":[{"embeddable":true,"href":"https:\/\/ismaelcolosi.com.br\/index.php\/wp-json\/wp\/v2\/media\/26954"}],"wp:attachment":[{"href":"https:\/\/ismaelcolosi.com.br\/index.php\/wp-json\/wp\/v2\/media?parent=26953"}],"wp:term":[{"taxonomy":"category","embeddable":true,"href":"https:\/\/ismaelcolosi.com.br\/index.php\/wp-json\/wp\/v2\/categories?post=26953"},{"taxonomy":"post_tag","embeddable":true,"href":"https:\/\/ismaelcolosi.com.br\/index.php\/wp-json\/wp\/v2\/tags?post=26953"}],"curies":[{"name":"wp","href":"https:\/\/api.w.org\/{rel}","templated":true}]}}