{"id":26913,"date":"2024-01-11T02:37:32","date_gmt":"2024-01-11T05:37:32","guid":{"rendered":"https:\/\/ismaelcolosi.com.br\/index.php\/2024\/01\/11\/sesi-apresenta-a-comedia-moby-dick-os-cacadores-de-baleia\/"},"modified":"2024-01-11T02:37:32","modified_gmt":"2024-01-11T05:37:32","slug":"sesi-apresenta-a-comedia-moby-dick-os-cacadores-de-baleia","status":"publish","type":"post","link":"https:\/\/ismaelcolosi.com.br\/index.php\/2024\/01\/11\/sesi-apresenta-a-comedia-moby-dick-os-cacadores-de-baleia\/","title":{"rendered":"Sesi apresenta a com\u00e9dia Moby Dick &#038; os Ca\u00e7adores de Baleia"},"content":{"rendered":"<p> <br \/>\n<\/p>\n<div id=\"\">\n<p> <span class=\"entry-meta-item penci-posted-on\"><i class=\"fa fa-clock-o\"\/><time class=\"entry-date published\" datetime=\"2024-01-10T14:00:25-03:00\">10 de janeiro de 2024 | 14:00<\/time><time class=\"updated\" datetime=\"2024-01-10T09:56:58-03:00\">10 de janeiro de 2024 | 9:56<\/time><\/span><\/p>\n<p> <span class=\"penci-social-buttons penci-social-share-footer\"><a href=\"#\" class=\"penci-post-like penci_post-meta_item  single-like-button penci-social-item like\" data-post_id=\"369921\" title=\"Like\" data-like=\"Like\" data-unlike=\"Unlike\"><i class=\"fa fa-thumbs-o-up\"\/><span class=\"penci-share-number\">0<\/span><\/a><i class=\"fa fa-facebook\"\/><a class=\"penci-social-item twitter\" target=\"_blank\" rel=\"noopener\" title=\"\" href=\"https:\/\/twitter.com\/intent\/tweet?text=Sesi%20apresenta%20a%20com\u00e9dia%20Moby%20Dick%20-amp%20os%20Ca\u00e7adores%20de%20Baleia%20-%20https:\/\/www.tribunaribeirao.com.br\/site\/sesi-apresenta-a-comedia-moby-dick-os-cacadores-de-baleia\/\"><i class=\"fa fa-twitter\"\/><\/a><i class=\"fa fa-whatsapp\"\/><\/span><\/div>\n<div>\n<p>O SESI Ribeir\u00e3o Preto recebe a com\u00e9dia Moby Dick &amp; os Ca\u00e7adores de Baleia para uma mini temporada, com ingressos gratuitos reservados no sistema online <a href=\"https:\/\/www.sesisp.org.br\/evento\/41e4636b-4db3-4f1a-a4ae-16bffc57c4d4\/moby-dick-e-os-cacadores-de-baleia\">Meu SESI<\/a>. O espet\u00e1culo ser\u00e1 apresentado nos dias 11, 12, 13, 18, 19 e 20 de janeiro. Nas quintas-feiras, a pe\u00e7a acontece \u00e0s 15 horas, enquanto nas sextas e nos s\u00e1bados ser\u00e1 \u00e0s 17 horas. Apesar de a classifica\u00e7\u00e3o indicativa ser de 12 anos, crian\u00e7as acompanhadas pelos pais ou respons\u00e1veis t\u00eam entrada liberada.<\/p>\n<p>A proposta da Cia de 2 \u00e9 apresentar ao p\u00fablico uma adapta\u00e7\u00e3o livre desse cl\u00e1ssico da literatura mundial escrito em 1851 por Herman Melville, no formato com\u00e9dia com palha\u00e7os estilizados e muita m\u00fasica ao vivo no palco.<\/p>\n<p>Para recontar essa hist\u00f3ria, tr\u00eas palha\u00e7os e um capit\u00e3o ao mesmo tempo divinamente e grotescamente paramentados. O figurino de Moby Dick e os Ca\u00e7adores de Baleia foi inspirado na poesia de Herman Melville, o escritor norte-americano que h\u00e1 170 anos brindou essa grande obra para o p\u00fablico.<\/p>\n<p>\u00a0<\/p>\n<p><strong>Servi\u00e7o<\/strong><\/p>\n<div id=\"x_m_-523060707861829814x_divtagdefaultwrapper\" dir=\"ltr\">\n<p>Moby Dick e os Ca\u00e7adores de Baleia<\/p>\n<p>Dura\u00e7\u00e3o: 60 minutos<\/p>\n<p>G\u00eanero: com\u00e9dia<\/p>\n<p>Local: SESI Ribeir\u00e3o Preto (Rua Jo\u00e3o Ignacchitti, 20-364, Jardim Castelo Branco)<\/p>\n<p>Sess\u00f5es: 11, 12, 13, 18, 19 e 20 de janeiro<\/p>\n<p>Hor\u00e1rios: Quintas-feiras, \u00e0s 15h | Sextas e s\u00e1bados, \u00e0s 17h<\/p>\n<p>Classifica\u00e7\u00e3o indicativa: 12 anos (crian\u00e7as acompanhadas t\u00eam entrada liberada)<\/p>\n<p>Entrada gratuita<\/p>\n<\/div>\n<\/div>\n<p><script async src=\"\/\/platform.twitter.com\/widgets.js\" charset=\"utf-8\"><\/script><br \/>\n<br \/><br \/>\n<br \/><a href=\"https:\/\/www.tribunaribeirao.com.br\/site\/sesi-apresenta-a-comedia-moby-dick-os-cacadores-de-baleia\/\">Source link <\/a><\/p>\n<div class='code-block code-block-4' style='margin: 8px auto 8px 0; text-align: left; display: block; clear: both;'>\n\ud83d\udce2 Aviso Legal\n\nO site ismaelcolosi.com.br atua apenas como um canal de divulga\u00e7\u00e3o de oportunidades de emprego e n\u00e3o se responsabiliza pelo processo seletivo, contrata\u00e7\u00e3o ou qualquer outra etapa relacionada \u00e0s vagas publicadas. Todas as informa\u00e7\u00f5es s\u00e3o de responsabilidade dos anunciantes.\n\n\u26a0\ufe0f Aten\u00e7\u00e3o! Nunca pague por promessas de emprego nem compre cursos que garantam contrata\u00e7\u00e3o. Desconfie de qualquer cobran\u00e7a para participar de sele\u00e7\u00f5es.\n\n\n\n<\/div>\n<!-- CONTENT END 1 -->\n","protected":false},"excerpt":{"rendered":"<p>10 de janeiro de 2024 | 14:0010 de janeiro de 2024 | 9:56 0 O SESI Ribeir\u00e3o Preto recebe a com\u00e9dia Moby Dick &amp; os&#8230;<\/p>\n","protected":false},"author":1,"featured_media":26914,"comment_status":"open","ping_status":"open","sticky":false,"template":"","format":"standard","meta":{"_uag_custom_page_level_css":"","advanced_seo_description":"","jetpack_seo_html_title":"","jetpack_seo_noindex":false,"jetpack_post_was_ever_published":false,"_jetpack_newsletter_access":"","_jetpack_dont_email_post_to_subs":false,"_jetpack_newsletter_tier_id":0,"_jetpack_memberships_contains_paywalled_content":false,"_jetpack_memberships_contains_paid_content":false,"footnotes":"","jetpack_publicize_message":"","jetpack_publicize_feature_enabled":true,"jetpack_social_post_already_shared":true,"jetpack_social_options":{"image_generator_settings":{"template":"highway","default_image_id":0,"font":"","enabled":false},"version":2}},"categories":[11],"tags":[56,3372,3371,3368,3370,3369,3367],"class_list":["post-26913","post","type-post","status-publish","format-standard","has-post-thumbnail","hentry","category-noticias-de-ribeirao-preto-sp-e-regiao-ismael-colosi","tag-apresenta","tag-baleia","tag-cacadores","tag-comedia","tag-dick","tag-moby","tag-sesi"],"jetpack_publicize_connections":[],"jetpack_featured_media_url":"https:\/\/i0.wp.com\/ismaelcolosi.com.br\/wp-content\/uploads\/2024\/01\/moby_dick_foto_miguel-ramos-scaled.jpg?fit=967%2C645&ssl=1","uagb_featured_image_src":{"full":["https:\/\/i0.wp.com\/ismaelcolosi.com.br\/wp-content\/uploads\/2024\/01\/moby_dick_foto_miguel-ramos-scaled.jpg?fit=967%2C645&ssl=1",967,645,false],"thumbnail":["https:\/\/i0.wp.com\/ismaelcolosi.com.br\/wp-content\/uploads\/2024\/01\/moby_dick_foto_miguel-ramos-scaled.jpg?resize=150%2C150&ssl=1",150,150,true],"medium":["https:\/\/i0.wp.com\/ismaelcolosi.com.br\/wp-content\/uploads\/2024\/01\/moby_dick_foto_miguel-ramos-scaled.jpg?fit=300%2C200&ssl=1",300,200,true],"medium_large":["https:\/\/i0.wp.com\/ismaelcolosi.com.br\/wp-content\/uploads\/2024\/01\/moby_dick_foto_miguel-ramos-scaled.jpg?fit=768%2C512&ssl=1",768,512,true],"large":["https:\/\/i0.wp.com\/ismaelcolosi.com.br\/wp-content\/uploads\/2024\/01\/moby_dick_foto_miguel-ramos-scaled.jpg?fit=967%2C645&ssl=1",967,645,true],"1536x1536":["https:\/\/i0.wp.com\/ismaelcolosi.com.br\/wp-content\/uploads\/2024\/01\/moby_dick_foto_miguel-ramos-scaled.jpg?fit=967%2C645&ssl=1",967,645,true],"2048x2048":["https:\/\/i0.wp.com\/ismaelcolosi.com.br\/wp-content\/uploads\/2024\/01\/moby_dick_foto_miguel-ramos-scaled.jpg?fit=967%2C645&ssl=1",967,645,true],"really-simple-thumb":["https:\/\/i0.wp.com\/ismaelcolosi.com.br\/wp-content\/uploads\/2024\/01\/moby_dick_foto_miguel-ramos-scaled.jpg?resize=370%2C247&ssl=1",370,247,true]},"uagb_author_info":{"display_name":"ismaelcolosi.com.br","author_link":"https:\/\/ismaelcolosi.com.br\/index.php\/author\/vidareal-online\/"},"uagb_comment_info":0,"uagb_excerpt":"10 de janeiro de 2024 | 14:0010 de janeiro de 2024 | 9:56 0 O SESI Ribeir\u00e3o Preto recebe a com\u00e9dia Moby Dick &amp; os...","jetpack-related-posts":[{"id":27583,"url":"https:\/\/ismaelcolosi.com.br\/index.php\/2024\/01\/12\/confira-as-opcoes-para-aproveitar-o-final-de-semana-em-ribeirao-preto-2\/","url_meta":{"origin":26913,"position":0},"title":"Confira as op\u00e7\u00f5es para aproveitar o final de semana em Ribeir\u00e3o Preto","author":"ismaelcolosi.com.br","date":"12 de January de 2024","format":false,"excerpt":"A programa\u00e7\u00e3o do final de semana em Ribeir\u00e3o Preto est\u00e1 cheia de op\u00e7\u00f5es para curtir com a fam\u00edlia, principalmente neste per\u00edodo de f\u00e9rias escolares. S\u00e3o atividades e oficinas gratuitas, shows musicais, teatro e muito mais. Confira a programa\u00e7\u00e3o: Circo Patati Patat\u00e1 O circo dos palha\u00e7os Patati e Patat\u00e1 estreia, nesta\u2026","rel":"","context":"In &quot;Not\u00edcias de Ribeir\u00e3o Preto-SP e Regi\u00e3o&quot;","block_context":{"text":"Not\u00edcias de Ribeir\u00e3o Preto-SP e Regi\u00e3o","link":"https:\/\/ismaelcolosi.com.br\/index.php\/category\/noticias-de-ribeirao-preto-sp-e-regiao-ismael-colosi\/"},"img":{"alt_text":"","src":"https:\/\/i0.wp.com\/ismaelcolosi.com.br\/wp-content\/uploads\/2024\/01\/Copia-de-Copia-de-TAMANHO-EXATO-PARA-FOTOS-NO-SISTEMA-NOVO-8.png?fit=1200%2C675&ssl=1&resize=350%2C200","width":350,"height":200,"srcset":"https:\/\/i0.wp.com\/ismaelcolosi.com.br\/wp-content\/uploads\/2024\/01\/Copia-de-Copia-de-TAMANHO-EXATO-PARA-FOTOS-NO-SISTEMA-NOVO-8.png?fit=1200%2C675&ssl=1&resize=350%2C200 1x, https:\/\/i0.wp.com\/ismaelcolosi.com.br\/wp-content\/uploads\/2024\/01\/Copia-de-Copia-de-TAMANHO-EXATO-PARA-FOTOS-NO-SISTEMA-NOVO-8.png?fit=1200%2C675&ssl=1&resize=525%2C300 1.5x, https:\/\/i0.wp.com\/ismaelcolosi.com.br\/wp-content\/uploads\/2024\/01\/Copia-de-Copia-de-TAMANHO-EXATO-PARA-FOTOS-NO-SISTEMA-NOVO-8.png?fit=1200%2C675&ssl=1&resize=700%2C400 2x, https:\/\/i0.wp.com\/ismaelcolosi.com.br\/wp-content\/uploads\/2024\/01\/Copia-de-Copia-de-TAMANHO-EXATO-PARA-FOTOS-NO-SISTEMA-NOVO-8.png?fit=1200%2C675&ssl=1&resize=1050%2C600 3x"},"classes":[]},{"id":46052,"url":"https:\/\/ismaelcolosi.com.br\/index.php\/2024\/04\/09\/peca-teatral-de-perto-ninguem-e-normal-chega-a-ribeirao-preto-entrada-e-de-graca\/","url_meta":{"origin":26913,"position":1},"title":"Pe\u00e7a teatral \u2018De Perto Ningu\u00e9m \u00e9 Normal\u2019 chega a Ribeir\u00e3o Preto; Entrada \u00e9 de gra\u00e7a","author":"ismaelcolosi.com.br","date":"9 de April de 2024","format":false,"excerpt":"A pe\u00e7a teatral \u201cDe Perto Ningu\u00e9m \u00e9 Normal\u201d chega a Ribeir\u00e3o Preto nesta sexta-feira (12), com mais cinco datas confirmadas para as apresenta\u00e7\u00f5es do espet\u00e1culo (veja abaixo). A com\u00e9dia acontece no teatro do Sesi. Mesmo com entrada de gra\u00e7a, a retirada dos ingressos devem ser pelo site do Sesi \/\u2026","rel":"","context":"In &quot;Not\u00edcias de Ribeir\u00e3o Preto-SP e Regi\u00e3o&quot;","block_context":{"text":"Not\u00edcias de Ribeir\u00e3o Preto-SP e Regi\u00e3o","link":"https:\/\/ismaelcolosi.com.br\/index.php\/category\/noticias-de-ribeirao-preto-sp-e-regiao-ismael-colosi\/"},"img":{"alt_text":"","src":"https:\/\/i0.wp.com\/ismaelcolosi.com.br\/wp-content\/uploads\/2024\/04\/Copia-de-Copia-de-TAMANHO-EXATO-PARA-FOTOS-NO-SISTEMA-NOVO-8-1.jpg?fit=1200%2C675&ssl=1&resize=350%2C200","width":350,"height":200,"srcset":"https:\/\/i0.wp.com\/ismaelcolosi.com.br\/wp-content\/uploads\/2024\/04\/Copia-de-Copia-de-TAMANHO-EXATO-PARA-FOTOS-NO-SISTEMA-NOVO-8-1.jpg?fit=1200%2C675&ssl=1&resize=350%2C200 1x, https:\/\/i0.wp.com\/ismaelcolosi.com.br\/wp-content\/uploads\/2024\/04\/Copia-de-Copia-de-TAMANHO-EXATO-PARA-FOTOS-NO-SISTEMA-NOVO-8-1.jpg?fit=1200%2C675&ssl=1&resize=525%2C300 1.5x, https:\/\/i0.wp.com\/ismaelcolosi.com.br\/wp-content\/uploads\/2024\/04\/Copia-de-Copia-de-TAMANHO-EXATO-PARA-FOTOS-NO-SISTEMA-NOVO-8-1.jpg?fit=1200%2C675&ssl=1&resize=700%2C400 2x, https:\/\/i0.wp.com\/ismaelcolosi.com.br\/wp-content\/uploads\/2024\/04\/Copia-de-Copia-de-TAMANHO-EXATO-PARA-FOTOS-NO-SISTEMA-NOVO-8-1.jpg?fit=1200%2C675&ssl=1&resize=1050%2C600 3x"},"classes":[]},{"id":45139,"url":"https:\/\/ismaelcolosi.com.br\/index.php\/2024\/04\/02\/marisa-orth-e-tania-bondezan-se-apresentam-em-ribeirao-preto-veja-quando\/","url_meta":{"origin":26913,"position":2},"title":"Marisa Orth e Tania Bondezan se apresentam em Ribeir\u00e3o Preto; Veja quando","author":"ismaelcolosi.com.br","date":"2 de April de 2024","format":false,"excerpt":"As atrizes Marisa Orth e Tania Bondezan desembarcam no Theatro Pedro II, Ribeir\u00e3o Preto, nos dias 06 e 07 de julho, para apresentar a com\u00e9dia \u2018Radojka\u2019. Os ingressos j\u00e1 est\u00e3o dispon\u00edveis. Dirigido por Odilon Wagner, a pe\u00e7a foi escrito pelos uruguaios Fernando Schmidt e Christian Ibarzabal e encenada em 12\u2026","rel":"","context":"In &quot;Not\u00edcias de Ribeir\u00e3o Preto-SP e Regi\u00e3o&quot;","block_context":{"text":"Not\u00edcias de Ribeir\u00e3o Preto-SP e Regi\u00e3o","link":"https:\/\/ismaelcolosi.com.br\/index.php\/category\/noticias-de-ribeirao-preto-sp-e-regiao-ismael-colosi\/"},"img":{"alt_text":"","src":"https:\/\/i0.wp.com\/ismaelcolosi.com.br\/wp-content\/uploads\/2024\/04\/teatro_.png?fit=693%2C507&ssl=1&resize=350%2C200","width":350,"height":200,"srcset":"https:\/\/i0.wp.com\/ismaelcolosi.com.br\/wp-content\/uploads\/2024\/04\/teatro_.png?fit=693%2C507&ssl=1&resize=350%2C200 1x, https:\/\/i0.wp.com\/ismaelcolosi.com.br\/wp-content\/uploads\/2024\/04\/teatro_.png?fit=693%2C507&ssl=1&resize=525%2C300 1.5x"},"classes":[]},{"id":9002,"url":"https:\/\/ismaelcolosi.com.br\/index.php\/2023\/12\/01\/thiaguinho-carpinejar-e-toninho-delicio-opcoes-para-curtir-o-fim-de-semana-em-ribeirao\/","url_meta":{"origin":26913,"position":3},"title":"Thiaguinho, Carpinejar e Toninho Del\u00edcio: Op\u00e7\u00f5es para curtir o fim de semana em Ribeir\u00e3o\u00a0","author":"ismaelcolosi.com.br","date":"1 de December de 2023","format":false,"excerpt":"O primeiro fim de semana do m\u00eas de dezembro em Ribeir\u00e3o Preto tem op\u00e7\u00f5es variadas para quem gosta de m\u00fasica e programa\u00e7\u00f5es em teatros. \u00a0 Apresenta\u00e7\u00e3o de chorinho, maracatu, stand up, show do Thiaguinho e mais. Confira\u00a0 DUO GIARDINI \u00a0 O Teatro Sesi de Ribeir\u00e3o Preto, no Jardim Castelo Branco,\u2026","rel":"","context":"In &quot;Not\u00edcias de Ribeir\u00e3o Preto-SP e Regi\u00e3o&quot;","block_context":{"text":"Not\u00edcias de Ribeir\u00e3o Preto-SP e Regi\u00e3o","link":"https:\/\/ismaelcolosi.com.br\/index.php\/category\/noticias-de-ribeirao-preto-sp-e-regiao-ismael-colosi\/"},"img":{"alt_text":"","src":"https:\/\/i0.wp.com\/ismaelcolosi.com.br\/wp-content\/uploads\/2023\/12\/WhatsApp-Image-2023-11-11-at-12.18.32.jpeg?fit=1080%2C745&ssl=1&resize=350%2C200","width":350,"height":200,"srcset":"https:\/\/i0.wp.com\/ismaelcolosi.com.br\/wp-content\/uploads\/2023\/12\/WhatsApp-Image-2023-11-11-at-12.18.32.jpeg?fit=1080%2C745&ssl=1&resize=350%2C200 1x, https:\/\/i0.wp.com\/ismaelcolosi.com.br\/wp-content\/uploads\/2023\/12\/WhatsApp-Image-2023-11-11-at-12.18.32.jpeg?fit=1080%2C745&ssl=1&resize=525%2C300 1.5x, https:\/\/i0.wp.com\/ismaelcolosi.com.br\/wp-content\/uploads\/2023\/12\/WhatsApp-Image-2023-11-11-at-12.18.32.jpeg?fit=1080%2C745&ssl=1&resize=700%2C400 2x, https:\/\/i0.wp.com\/ismaelcolosi.com.br\/wp-content\/uploads\/2023\/12\/WhatsApp-Image-2023-11-11-at-12.18.32.jpeg?fit=1080%2C745&ssl=1&resize=1050%2C600 3x"},"classes":[]},{"id":62794,"url":"https:\/\/ismaelcolosi.com.br\/index.php\/2024\/08\/29\/terror-comedia-e-animacao-confira-as-estreias-nos-cinemas\/","url_meta":{"origin":26913,"position":4},"title":"Terror, com\u00e9dia e anima\u00e7\u00e3o: Confira as estreias nos cinemas","author":"ismaelcolosi.com.br","date":"29 de August de 2024","format":false,"excerpt":"A programa\u00e7\u00e3o das telonas nesta quinta-feira (29) traz boas op\u00e7\u00f5es para os cin\u00e9filos, da com\u00e9dia nacional ao terror produzido pelo ator e diretor Oz Perkins. O acidade on preparou uma lista com as estreias. Confira: Est\u00f4mago 2 \u2013 O Poderoso Chef Dezesseis anos ap\u00f3s o primeiro filme, um dos anti-her\u00f3is\u2026","rel":"","context":"In &quot;Not\u00edcias de Ribeir\u00e3o Preto-SP e Regi\u00e3o&quot;","block_context":{"text":"Not\u00edcias de Ribeir\u00e3o Preto-SP e Regi\u00e3o","link":"https:\/\/ismaelcolosi.com.br\/index.php\/category\/noticias-de-ribeirao-preto-sp-e-regiao-ismael-colosi\/"},"img":{"alt_text":"","src":"https:\/\/i0.wp.com\/ismaelcolosi.com.br\/wp-content\/uploads\/2024\/08\/19132501046175_2024-08-29_12-36-10.webp.webp?fit=1197%2C747&ssl=1&resize=350%2C200","width":350,"height":200,"srcset":"https:\/\/i0.wp.com\/ismaelcolosi.com.br\/wp-content\/uploads\/2024\/08\/19132501046175_2024-08-29_12-36-10.webp.webp?fit=1197%2C747&ssl=1&resize=350%2C200 1x, https:\/\/i0.wp.com\/ismaelcolosi.com.br\/wp-content\/uploads\/2024\/08\/19132501046175_2024-08-29_12-36-10.webp.webp?fit=1197%2C747&ssl=1&resize=525%2C300 1.5x, https:\/\/i0.wp.com\/ismaelcolosi.com.br\/wp-content\/uploads\/2024\/08\/19132501046175_2024-08-29_12-36-10.webp.webp?fit=1197%2C747&ssl=1&resize=700%2C400 2x, https:\/\/i0.wp.com\/ismaelcolosi.com.br\/wp-content\/uploads\/2024\/08\/19132501046175_2024-08-29_12-36-10.webp.webp?fit=1197%2C747&ssl=1&resize=1050%2C600 3x"},"classes":[]},{"id":63875,"url":"https:\/\/ismaelcolosi.com.br\/index.php\/2024\/09\/04\/shows-e-mostra-cinematografica-veja-a-programacao-gratuita-do-sesi-ribeirao\/","url_meta":{"origin":26913,"position":5},"title":"Shows e mostra cinematogr\u00e1fica: veja a programa\u00e7\u00e3o gratuita do Sesi Ribeir\u00e3o","author":"ismaelcolosi.com.br","date":"4 de September de 2024","format":false,"excerpt":"A programa\u00e7\u00e3o cultural gratuita do Sesi Ribeir\u00e3o Preto come\u00e7a nesta quarta-feira (4) e segue at\u00e9 domingo (8). Embora as atividades sejam gratuitas, ainda \u00e9 necess\u00e1rio reservar os ingressos on-line atrav\u00e9s do sistema Meu Sesi. Confira a programa\u00e7\u00e3o completa do Sesi Ribeir\u00e3o Preto: O Melhor Est\u00e1 Por Vir | Il sol\u2026","rel":"","context":"In &quot;Not\u00edcias de Ribeir\u00e3o Preto-SP e Regi\u00e3o&quot;","block_context":{"text":"Not\u00edcias de Ribeir\u00e3o Preto-SP e Regi\u00e3o","link":"https:\/\/ismaelcolosi.com.br\/index.php\/category\/noticias-de-ribeirao-preto-sp-e-regiao-ismael-colosi\/"},"img":{"alt_text":"","src":"https:\/\/i0.wp.com\/ismaelcolosi.com.br\/wp-content\/uploads\/2024\/09\/55122355-0702-4156-8254-7540069ba906_2024-09-04_14-24-48_png_2024-09-04_14-24-48.webp.webp?fit=1066%2C600&ssl=1&resize=350%2C200","width":350,"height":200,"srcset":"https:\/\/i0.wp.com\/ismaelcolosi.com.br\/wp-content\/uploads\/2024\/09\/55122355-0702-4156-8254-7540069ba906_2024-09-04_14-24-48_png_2024-09-04_14-24-48.webp.webp?fit=1066%2C600&ssl=1&resize=350%2C200 1x, https:\/\/i0.wp.com\/ismaelcolosi.com.br\/wp-content\/uploads\/2024\/09\/55122355-0702-4156-8254-7540069ba906_2024-09-04_14-24-48_png_2024-09-04_14-24-48.webp.webp?fit=1066%2C600&ssl=1&resize=525%2C300 1.5x, https:\/\/i0.wp.com\/ismaelcolosi.com.br\/wp-content\/uploads\/2024\/09\/55122355-0702-4156-8254-7540069ba906_2024-09-04_14-24-48_png_2024-09-04_14-24-48.webp.webp?fit=1066%2C600&ssl=1&resize=700%2C400 2x, https:\/\/i0.wp.com\/ismaelcolosi.com.br\/wp-content\/uploads\/2024\/09\/55122355-0702-4156-8254-7540069ba906_2024-09-04_14-24-48_png_2024-09-04_14-24-48.webp.webp?fit=1066%2C600&ssl=1&resize=1050%2C600 3x"},"classes":[]}],"jetpack_sharing_enabled":true,"jetpack_shortlink":"https:\/\/wp.me\/pfMlyK-705","_links":{"self":[{"href":"https:\/\/ismaelcolosi.com.br\/index.php\/wp-json\/wp\/v2\/posts\/26913","targetHints":{"allow":["GET"]}}],"collection":[{"href":"https:\/\/ismaelcolosi.com.br\/index.php\/wp-json\/wp\/v2\/posts"}],"about":[{"href":"https:\/\/ismaelcolosi.com.br\/index.php\/wp-json\/wp\/v2\/types\/post"}],"author":[{"embeddable":true,"href":"https:\/\/ismaelcolosi.com.br\/index.php\/wp-json\/wp\/v2\/users\/1"}],"replies":[{"embeddable":true,"href":"https:\/\/ismaelcolosi.com.br\/index.php\/wp-json\/wp\/v2\/comments?post=26913"}],"version-history":[{"count":0,"href":"https:\/\/ismaelcolosi.com.br\/index.php\/wp-json\/wp\/v2\/posts\/26913\/revisions"}],"wp:featuredmedia":[{"embeddable":true,"href":"https:\/\/ismaelcolosi.com.br\/index.php\/wp-json\/wp\/v2\/media\/26914"}],"wp:attachment":[{"href":"https:\/\/ismaelcolosi.com.br\/index.php\/wp-json\/wp\/v2\/media?parent=26913"}],"wp:term":[{"taxonomy":"category","embeddable":true,"href":"https:\/\/ismaelcolosi.com.br\/index.php\/wp-json\/wp\/v2\/categories?post=26913"},{"taxonomy":"post_tag","embeddable":true,"href":"https:\/\/ismaelcolosi.com.br\/index.php\/wp-json\/wp\/v2\/tags?post=26913"}],"curies":[{"name":"wp","href":"https:\/\/api.w.org\/{rel}","templated":true}]}}