{"id":26897,"date":"2024-01-11T01:46:39","date_gmt":"2024-01-11T04:46:39","guid":{"rendered":"https:\/\/ismaelcolosi.com.br\/index.php\/2024\/01\/11\/filho-mais-velho-de-dani-winits-vai-estrear-como-ator-em-filme-ao-lado-da-mae\/"},"modified":"2024-01-11T01:46:39","modified_gmt":"2024-01-11T04:46:39","slug":"filho-mais-velho-de-dani-winits-vai-estrear-como-ator-em-filme-ao-lado-da-mae","status":"publish","type":"post","link":"https:\/\/ismaelcolosi.com.br\/index.php\/2024\/01\/11\/filho-mais-velho-de-dani-winits-vai-estrear-como-ator-em-filme-ao-lado-da-mae\/","title":{"rendered":"Filho mais velho de Dani Winits vai estrear como ator em filme ao lado da m\u00e3e"},"content":{"rendered":"<p> <br \/>\n<\/p>\n<div itemprop=\"text\">\n<p>Filho de peixe, peixinho \u00e9! Assim diz um antigo ditado popular que aponta para as chances de um filho seguir os passos de seus pais. Quem tem assistido isso acontecer \u00e9 Danielle Winits.<\/p>\n<p>O adolescente Noah Reis, de 16 anos, foi confirmado no elenco do pr\u00f3ximo filme da m\u00e3e. A produ\u00e7\u00e3o, chamada \u201cQuerido Mundo\u201d, \u00e9 assinada por Miguel Falabella e ainda n\u00e3o tem data de estreia.<\/p>\n<p>Segundo o que se sabe da produ\u00e7\u00e3o at\u00e9 o momento, Noah vai interpretar um personagem que \u00e9 filho da personagem interpretada por Dani Winits. A atriz far\u00e1 par rom\u00e2ntico com o ator Edu Moscovis.<\/p>\n<p>Noah \u00e9 fruto da rela\u00e7\u00e3o que Dani Winits teve com C\u00e1ssio Reis h\u00e1 anos atr\u00e1s. O ator atualmente vive um romance com Fernanda Vasconcellos. J\u00e1 o garoto sempre demostrou interesse a seguir os passos dos pais.<\/p>\n<p>Dani, al\u00e9m de Noah, tamb\u00e9m \u00e9 m\u00e3e do menino Guy. O garoto agora tem 12 anos e \u00e9 fruto do relacionamento que a atriz viveu com Jonatas Faro. Atualmente, a atriz esta casada com Andr\u00e9 Gon\u00e7alves,<\/p>\n<p>Quanto ao filme, ainda s\u00e3o poucas as informa\u00e7\u00f5es j\u00e1 confirmadas. Al\u00e9m dos nomes j\u00e1 revelados, o filme tamb\u00e9m vai ter no elenco outros atores, como Marcello Novaes e Vitor Figueiredo, que viver\u00e1 o filho mais velho de Dani.<\/p>\n<p>Ainda segundo as informa\u00e7\u00f5es dispon\u00edveis sobre Noah, o garoto sempre demostrou interesse nas artes e chegou a participar de pe\u00e7as na escola, se interessando ainda mais pela atua\u00e7\u00e3o.<\/p>\n<\/div>\n<p><br \/>\n<br \/><a href=\"https:\/\/fnmais.com\/filho-mais-velho-dani-winits-vai-estrear-como-ator-em-filme-ao-lado-mae\/\">Source link <\/a><\/p>\n<div class='code-block code-block-4' style='margin: 8px auto 8px 0; text-align: left; display: block; clear: both;'>\n\ud83d\udce2 Aviso Legal\n\nO site ismaelcolosi.com.br atua apenas como um canal de divulga\u00e7\u00e3o de oportunidades de emprego e n\u00e3o se responsabiliza pelo processo seletivo, contrata\u00e7\u00e3o ou qualquer outra etapa relacionada \u00e0s vagas publicadas. Todas as informa\u00e7\u00f5es s\u00e3o de responsabilidade dos anunciantes.\n\n\u26a0\ufe0f Aten\u00e7\u00e3o! Nunca pague por promessas de emprego nem compre cursos que garantam contrata\u00e7\u00e3o. Desconfie de qualquer cobran\u00e7a para participar de sele\u00e7\u00f5es.\n\n\n\n<\/div>\n<!-- CONTENT END 1 -->\n","protected":false},"excerpt":{"rendered":"<p>Filho de peixe, peixinho \u00e9! Assim diz um antigo ditado popular que aponta para as chances de um filho seguir os passos de seus pais&#8230;.<\/p>\n","protected":false},"author":1,"featured_media":26898,"comment_status":"open","ping_status":"open","sticky":false,"template":"","format":"standard","meta":{"_uag_custom_page_level_css":"","advanced_seo_description":"","jetpack_seo_html_title":"","jetpack_seo_noindex":false,"jetpack_post_was_ever_published":false,"_jetpack_newsletter_access":"","_jetpack_dont_email_post_to_subs":false,"_jetpack_newsletter_tier_id":0,"_jetpack_memberships_contains_paywalled_content":false,"_jetpack_memberships_contains_paid_content":false,"footnotes":"","jetpack_publicize_message":"","jetpack_publicize_feature_enabled":true,"jetpack_social_post_already_shared":true,"jetpack_social_options":{"image_generator_settings":{"template":"highway","default_image_id":0,"font":"","enabled":false},"version":2}},"categories":[1],"tags":[],"class_list":["post-26897","post","type-post","status-publish","format-standard","has-post-thumbnail","hentry","category-blog"],"jetpack_publicize_connections":[],"jetpack_featured_media_url":"https:\/\/i0.wp.com\/ismaelcolosi.com.br\/wp-content\/uploads\/2024\/01\/postimg-659f51a8044ba8639.jpg?fit=1200%2C628&ssl=1","uagb_featured_image_src":{"full":["https:\/\/i0.wp.com\/ismaelcolosi.com.br\/wp-content\/uploads\/2024\/01\/postimg-659f51a8044ba8639.jpg?fit=1200%2C628&ssl=1",1200,628,false],"thumbnail":["https:\/\/i0.wp.com\/ismaelcolosi.com.br\/wp-content\/uploads\/2024\/01\/postimg-659f51a8044ba8639.jpg?resize=150%2C150&ssl=1",150,150,true],"medium":["https:\/\/i0.wp.com\/ismaelcolosi.com.br\/wp-content\/uploads\/2024\/01\/postimg-659f51a8044ba8639.jpg?fit=300%2C157&ssl=1",300,157,true],"medium_large":["https:\/\/i0.wp.com\/ismaelcolosi.com.br\/wp-content\/uploads\/2024\/01\/postimg-659f51a8044ba8639.jpg?fit=768%2C402&ssl=1",768,402,true],"large":["https:\/\/i0.wp.com\/ismaelcolosi.com.br\/wp-content\/uploads\/2024\/01\/postimg-659f51a8044ba8639.jpg?fit=1024%2C536&ssl=1",1024,536,true],"1536x1536":["https:\/\/i0.wp.com\/ismaelcolosi.com.br\/wp-content\/uploads\/2024\/01\/postimg-659f51a8044ba8639.jpg?fit=1200%2C628&ssl=1",1200,628,true],"2048x2048":["https:\/\/i0.wp.com\/ismaelcolosi.com.br\/wp-content\/uploads\/2024\/01\/postimg-659f51a8044ba8639.jpg?fit=1200%2C628&ssl=1",1200,628,true],"really-simple-thumb":["https:\/\/i0.wp.com\/ismaelcolosi.com.br\/wp-content\/uploads\/2024\/01\/postimg-659f51a8044ba8639.jpg?resize=370%2C247&ssl=1",370,247,true]},"uagb_author_info":{"display_name":"ismaelcolosi.com.br","author_link":"https:\/\/ismaelcolosi.com.br\/index.php\/author\/vidareal-online\/"},"uagb_comment_info":0,"uagb_excerpt":"Filho de peixe, peixinho \u00e9! Assim diz um antigo ditado popular que aponta para as chances de um filho seguir os passos de seus pais....","jetpack-related-posts":[{"id":4424,"url":"https:\/\/ismaelcolosi.com.br\/index.php\/2023\/11\/21\/angelica-ganha-homenagem-no-domingao-mas-filho-a-chama-de-velha-e-seu-apelido-acaba-sendo-exposto\/","url_meta":{"origin":26897,"position":0},"title":"Ang\u00e9lica ganha homenagem no &#8216;Doming\u00e3o&#8217;, mas filho a chama de velha e seu apelido acaba sendo exposto","author":"ismaelcolosi.com.br","date":"21 de November de 2023","format":false,"excerpt":"Ben\u00edcio Huck, de 16 anos, \u00e9 o filho da famosa apresentadora Ang\u00e9lica e de Luciano Huck. E de forma recente, ele fez uma rara apari\u00e7\u00e3o no programa \u2018Doming\u00e3o\u2019, comandado pelo seu pai e exibido pela emissora Globo.Acontece que Ang\u00e9lica far\u00e1 50 anos em breve, e com isso, a programa\u00e7\u00e3o decidiu\u2026","rel":"","context":"In &quot;Blog&quot;","block_context":{"text":"Blog","link":"https:\/\/ismaelcolosi.com.br\/index.php\/category\/blog\/"},"img":{"alt_text":"","src":"https:\/\/i0.wp.com\/ismaelcolosi.com.br\/wp-content\/uploads\/2023\/11\/postimg-655cd7ec076fd8510.jpg?fit=1200%2C628&ssl=1&resize=350%2C200","width":350,"height":200,"srcset":"https:\/\/i0.wp.com\/ismaelcolosi.com.br\/wp-content\/uploads\/2023\/11\/postimg-655cd7ec076fd8510.jpg?fit=1200%2C628&ssl=1&resize=350%2C200 1x, https:\/\/i0.wp.com\/ismaelcolosi.com.br\/wp-content\/uploads\/2023\/11\/postimg-655cd7ec076fd8510.jpg?fit=1200%2C628&ssl=1&resize=525%2C300 1.5x, https:\/\/i0.wp.com\/ismaelcolosi.com.br\/wp-content\/uploads\/2023\/11\/postimg-655cd7ec076fd8510.jpg?fit=1200%2C628&ssl=1&resize=700%2C400 2x, https:\/\/i0.wp.com\/ismaelcolosi.com.br\/wp-content\/uploads\/2023\/11\/postimg-655cd7ec076fd8510.jpg?fit=1200%2C628&ssl=1&resize=1050%2C600 3x"},"classes":[]},{"id":19253,"url":"https:\/\/ismaelcolosi.com.br\/index.php\/2023\/12\/22\/cabecao-de-malhacao-celebra-resultado-negativo-de-exame-toxicologico-limpo-de-tudo\/","url_meta":{"origin":26897,"position":1},"title":"&#8216;Cabe\u00e7\u00e3o&#8217; de malha\u00e7\u00e3o celebra resultado negativo de exame toxicol\u00f3gico: &#8216;Limpo de tudo&#8217;","author":"ismaelcolosi.com.br","date":"22 de December de 2023","format":false,"excerpt":"Quem que atualmente j\u00e1 est\u00e1 na casa dos 30 ou at\u00e9 mesmo j\u00e1 ultrapassou a idade nunca se sentou na frente da tv nas tardes para se divertir com os epis\u00f3dios de malha\u00e7\u00e3o?Sucesso desde 1995, Malha\u00e7\u00e3o \u00e9 uma s\u00e9rie de adolescente que marcou gera\u00e7\u00f5es. A s\u00e9rie produzida pela Tv Globo,\u2026","rel":"","context":"In &quot;Blog&quot;","block_context":{"text":"Blog","link":"https:\/\/ismaelcolosi.com.br\/index.php\/category\/blog\/"},"img":{"alt_text":"","src":"https:\/\/i0.wp.com\/ismaelcolosi.com.br\/wp-content\/uploads\/2023\/12\/postimg-6585183c21b8e6965.jpg?fit=1200%2C628&ssl=1&resize=350%2C200","width":350,"height":200,"srcset":"https:\/\/i0.wp.com\/ismaelcolosi.com.br\/wp-content\/uploads\/2023\/12\/postimg-6585183c21b8e6965.jpg?fit=1200%2C628&ssl=1&resize=350%2C200 1x, https:\/\/i0.wp.com\/ismaelcolosi.com.br\/wp-content\/uploads\/2023\/12\/postimg-6585183c21b8e6965.jpg?fit=1200%2C628&ssl=1&resize=525%2C300 1.5x, https:\/\/i0.wp.com\/ismaelcolosi.com.br\/wp-content\/uploads\/2023\/12\/postimg-6585183c21b8e6965.jpg?fit=1200%2C628&ssl=1&resize=700%2C400 2x, https:\/\/i0.wp.com\/ismaelcolosi.com.br\/wp-content\/uploads\/2023\/12\/postimg-6585183c21b8e6965.jpg?fit=1200%2C628&ssl=1&resize=1050%2C600 3x"},"classes":[]},{"id":88831,"url":"https:\/\/ismaelcolosi.com.br\/index.php\/2026\/01\/12\/a-carreira-de-wagner-moura-no-cinema\/","url_meta":{"origin":26897,"position":2},"title":"a Carreira de Wagner Moura no Cinema","author":"ismaelcolosi.com.br","date":"12 de January de 2026","format":false,"excerpt":"\r Amy Sussman\/Getty Images\r Com produ\u00e7\u00f5es como \u201cTropa de Elite\u201d e \u201cNarcos\u201d no curr\u00edculo, Wagner Moura construiu uma carreira de sucesso no cinema nacional e internacional \r Acessibilidade \r L\r L\r A-\r A+\r \r \u25d0\r \r Wagner Moura fez hist\u00f3ria ao se tornar o primeiro brasileiro a levar o Globo\u2026","rel":"","context":"In &quot;Carreira e Sucesso&quot;","block_context":{"text":"Carreira e Sucesso","link":"https:\/\/ismaelcolosi.com.br\/index.php\/category\/carreira-e-sucesso-dicas-para-carreira\/"},"img":{"alt_text":"","src":"https:\/\/i0.wp.com\/ismaelcolosi.com.br\/wp-content\/uploads\/2026\/01\/Wagner-Moura-globo-de-ouro-1200x675.jpg?fit=1200%2C675&ssl=1&resize=350%2C200","width":350,"height":200,"srcset":"https:\/\/i0.wp.com\/ismaelcolosi.com.br\/wp-content\/uploads\/2026\/01\/Wagner-Moura-globo-de-ouro-1200x675.jpg?fit=1200%2C675&ssl=1&resize=350%2C200 1x, https:\/\/i0.wp.com\/ismaelcolosi.com.br\/wp-content\/uploads\/2026\/01\/Wagner-Moura-globo-de-ouro-1200x675.jpg?fit=1200%2C675&ssl=1&resize=525%2C300 1.5x, https:\/\/i0.wp.com\/ismaelcolosi.com.br\/wp-content\/uploads\/2026\/01\/Wagner-Moura-globo-de-ouro-1200x675.jpg?fit=1200%2C675&ssl=1&resize=700%2C400 2x, https:\/\/i0.wp.com\/ismaelcolosi.com.br\/wp-content\/uploads\/2026\/01\/Wagner-Moura-globo-de-ouro-1200x675.jpg?fit=1200%2C675&ssl=1&resize=1050%2C600 3x"},"classes":[]},{"id":89484,"url":"https:\/\/ismaelcolosi.com.br\/index.php\/2026\/03\/14\/5-filmes-que-explicam-como-wagner-moura-chegou-ao-topo-de-hollywood\/","url_meta":{"origin":26897,"position":3},"title":"5 Filmes Que Explicam Como Wagner Moura Chegou Ao Topo de Hollywood","author":"ismaelcolosi.com.br","date":"14 de March de 2026","format":false,"excerpt":"Neste domingo (15), Wagner Moura chega \u00e0 cerim\u00f4nia do Oscar com a chance de registrar um marco in\u00e9dito para o cinema nacional: tornar-se o primeiro brasileiro a vencer a estatueta de Melhor Ator. Al\u00e9m da indica\u00e7\u00e3o de Moura por seu papel em \u201cO Agente Secreto\u201c, dirigido por Kleber Mendon\u00e7a Filho,\u2026","rel":"","context":"In &quot;Carreira e Sucesso&quot;","block_context":{"text":"Carreira e Sucesso","link":"https:\/\/ismaelcolosi.com.br\/index.php\/category\/carreira-e-sucesso-dicas-para-carreira\/"},"img":{"alt_text":"","src":"https:\/\/i0.wp.com\/ismaelcolosi.com.br\/wp-content\/uploads\/2026\/03\/wagner-moura-1200x675.jpg?fit=1200%2C675&ssl=1&resize=350%2C200","width":350,"height":200,"srcset":"https:\/\/i0.wp.com\/ismaelcolosi.com.br\/wp-content\/uploads\/2026\/03\/wagner-moura-1200x675.jpg?fit=1200%2C675&ssl=1&resize=350%2C200 1x, https:\/\/i0.wp.com\/ismaelcolosi.com.br\/wp-content\/uploads\/2026\/03\/wagner-moura-1200x675.jpg?fit=1200%2C675&ssl=1&resize=525%2C300 1.5x, https:\/\/i0.wp.com\/ismaelcolosi.com.br\/wp-content\/uploads\/2026\/03\/wagner-moura-1200x675.jpg?fit=1200%2C675&ssl=1&resize=700%2C400 2x, https:\/\/i0.wp.com\/ismaelcolosi.com.br\/wp-content\/uploads\/2026\/03\/wagner-moura-1200x675.jpg?fit=1200%2C675&ssl=1&resize=1050%2C600 3x"},"classes":[]},{"id":48654,"url":"https:\/\/ismaelcolosi.com.br\/index.php\/2024\/05\/05\/kung-fu-panda-4-com-um-mes-em-cartaz-filme-ja-arrecadou-r-38-milhoes-em-bilheteria\/","url_meta":{"origin":26897,"position":4},"title":"Kung Fu Panda 4: com um m\u00eas em cartaz, filme j\u00e1 arrecadou R$ 38 milh\u00f5es em bilheteria","author":"ismaelcolosi.com.br","date":"5 de May de 2024","format":false,"excerpt":"Casa \/ Cinema \/ Kung Fu Panda 4: com um m\u00eas em cartaz, filme j\u00e1 arrecadou R$ 38 milh\u00f5es em bilheteriaKung Fu Panda 4: com um m\u00eas em cartaz, filme j\u00e1 arrecadou R$ 38 milh\u00f5es em bilheteriaA sequ\u00eancia da Universal Pictures levou aproximadamente 2 milh\u00f5es de espectadores aos cinemas para\u2026","rel":"","context":"In &quot;Not\u00edcias de Ribeir\u00e3o Preto-SP e Regi\u00e3o&quot;","block_context":{"text":"Not\u00edcias de Ribeir\u00e3o Preto-SP e Regi\u00e3o","link":"https:\/\/ismaelcolosi.com.br\/index.php\/category\/noticias-de-ribeirao-preto-sp-e-regiao-ismael-colosi\/"},"img":{"alt_text":"","src":"https:\/\/i0.wp.com\/ismaelcolosi.com.br\/wp-content\/uploads\/2024\/05\/kungfupanda_bloghiperion.jpg?fit=1200%2C771&ssl=1&resize=350%2C200","width":350,"height":200,"srcset":"https:\/\/i0.wp.com\/ismaelcolosi.com.br\/wp-content\/uploads\/2024\/05\/kungfupanda_bloghiperion.jpg?fit=1200%2C771&ssl=1&resize=350%2C200 1x, https:\/\/i0.wp.com\/ismaelcolosi.com.br\/wp-content\/uploads\/2024\/05\/kungfupanda_bloghiperion.jpg?fit=1200%2C771&ssl=1&resize=525%2C300 1.5x, https:\/\/i0.wp.com\/ismaelcolosi.com.br\/wp-content\/uploads\/2024\/05\/kungfupanda_bloghiperion.jpg?fit=1200%2C771&ssl=1&resize=700%2C400 2x, https:\/\/i0.wp.com\/ismaelcolosi.com.br\/wp-content\/uploads\/2024\/05\/kungfupanda_bloghiperion.jpg?fit=1200%2C771&ssl=1&resize=1050%2C600 3x"},"classes":[]},{"id":26755,"url":"https:\/\/ismaelcolosi.com.br\/index.php\/2024\/01\/10\/vizinhos-desabafam-apos-confirmacao-das-mortes-de-mae-e-filho-fim-triste\/","url_meta":{"origin":26897,"position":5},"title":"Vizinhos desabafam ap\u00f3s confirma\u00e7\u00e3o das mortes de m\u00e3e e filho: \u201cFim triste\u201d","author":"ismaelcolosi.com.br","date":"10 de January de 2024","format":false,"excerpt":"Uma trag\u00e9dia familiar registrada no Distrito Federal tem causado como\u00e7\u00e3o entre moradores de \u00c1guas Claras. Uma m\u00e3e e um filho foram encontrados sem vida no apartamento onde moravam.As v\u00edtimas foram identificadas, sendo a m\u00e3e de 63 anos, e o filho de 27 anos. O rapaz era autista, conforme confirmaram as\u2026","rel":"","context":"In &quot;Blog&quot;","block_context":{"text":"Blog","link":"https:\/\/ismaelcolosi.com.br\/index.php\/category\/blog\/"},"img":{"alt_text":"","src":"https:\/\/i0.wp.com\/ismaelcolosi.com.br\/wp-content\/uploads\/2024\/01\/postimg-659ee775b0fc87014.jpg?fit=1200%2C628&ssl=1&resize=350%2C200","width":350,"height":200,"srcset":"https:\/\/i0.wp.com\/ismaelcolosi.com.br\/wp-content\/uploads\/2024\/01\/postimg-659ee775b0fc87014.jpg?fit=1200%2C628&ssl=1&resize=350%2C200 1x, https:\/\/i0.wp.com\/ismaelcolosi.com.br\/wp-content\/uploads\/2024\/01\/postimg-659ee775b0fc87014.jpg?fit=1200%2C628&ssl=1&resize=525%2C300 1.5x, https:\/\/i0.wp.com\/ismaelcolosi.com.br\/wp-content\/uploads\/2024\/01\/postimg-659ee775b0fc87014.jpg?fit=1200%2C628&ssl=1&resize=700%2C400 2x, https:\/\/i0.wp.com\/ismaelcolosi.com.br\/wp-content\/uploads\/2024\/01\/postimg-659ee775b0fc87014.jpg?fit=1200%2C628&ssl=1&resize=1050%2C600 3x"},"classes":[]}],"jetpack_sharing_enabled":true,"jetpack_shortlink":"https:\/\/wp.me\/pfMlyK-6ZP","_links":{"self":[{"href":"https:\/\/ismaelcolosi.com.br\/index.php\/wp-json\/wp\/v2\/posts\/26897","targetHints":{"allow":["GET"]}}],"collection":[{"href":"https:\/\/ismaelcolosi.com.br\/index.php\/wp-json\/wp\/v2\/posts"}],"about":[{"href":"https:\/\/ismaelcolosi.com.br\/index.php\/wp-json\/wp\/v2\/types\/post"}],"author":[{"embeddable":true,"href":"https:\/\/ismaelcolosi.com.br\/index.php\/wp-json\/wp\/v2\/users\/1"}],"replies":[{"embeddable":true,"href":"https:\/\/ismaelcolosi.com.br\/index.php\/wp-json\/wp\/v2\/comments?post=26897"}],"version-history":[{"count":0,"href":"https:\/\/ismaelcolosi.com.br\/index.php\/wp-json\/wp\/v2\/posts\/26897\/revisions"}],"wp:featuredmedia":[{"embeddable":true,"href":"https:\/\/ismaelcolosi.com.br\/index.php\/wp-json\/wp\/v2\/media\/26898"}],"wp:attachment":[{"href":"https:\/\/ismaelcolosi.com.br\/index.php\/wp-json\/wp\/v2\/media?parent=26897"}],"wp:term":[{"taxonomy":"category","embeddable":true,"href":"https:\/\/ismaelcolosi.com.br\/index.php\/wp-json\/wp\/v2\/categories?post=26897"},{"taxonomy":"post_tag","embeddable":true,"href":"https:\/\/ismaelcolosi.com.br\/index.php\/wp-json\/wp\/v2\/tags?post=26897"}],"curies":[{"name":"wp","href":"https:\/\/api.w.org\/{rel}","templated":true}]}}