{"id":2686,"date":"2023-11-16T12:13:04","date_gmt":"2023-11-16T15:13:04","guid":{"rendered":"https:\/\/ismaelcolosi.com.br\/index.php\/2023\/11\/16\/veja-os-ganhadores-da-nota-fiscal-paulista-morador-da-regiao-de-ribeirao-leva-r-500-mil\/"},"modified":"2023-11-16T12:13:04","modified_gmt":"2023-11-16T15:13:04","slug":"veja-os-ganhadores-da-nota-fiscal-paulista-morador-da-regiao-de-ribeirao-leva-r-500-mil","status":"publish","type":"post","link":"https:\/\/ismaelcolosi.com.br\/index.php\/2023\/11\/16\/veja-os-ganhadores-da-nota-fiscal-paulista-morador-da-regiao-de-ribeirao-leva-r-500-mil\/","title":{"rendered":"Veja os ganhadores da Nota Fiscal Paulista; Morador da regi\u00e3o de Ribeir\u00e3o leva R$ 500 mil"},"content":{"rendered":"<p> <br \/>\n<\/p>\n<div data-td-block-uid=\"tdi_104\">\n<div class=\"tdb-block-inner td-fix-index\">\n<p><strong>A <a href=\"https:\/\/portal.fazenda.sp.gov.br\/\" target=\"_blank\" rel=\"noreferrer noopener nofollow\">Secretaria da Fazenda de S\u00e3o Paulo<\/a> realizou o sorteio de novembro da Nota Fiscal Paulista e um morador de Itu levou o pr\u00eamio principal de R$ 1 milh\u00e3o. Al\u00e9m disso, outros pr\u00eamios de R$ 500 mil foram sorteados e um morador de Morro Agudo, na regi\u00e3o de Ribeir\u00e3o Preto, est\u00e1 entre os vencedores.<\/strong><\/p>\n<p>Tamb\u00e9m foram sorteados 10 pr\u00eamios de R$ 100 mil e um morador de Franca, tamb\u00e9m na regi\u00e3o, tamb\u00e9m est\u00e1 entre os vencedores \u2013 veja a lista abaixo.<\/p>\n<h4 class=\"wp-block-heading\"><strong>Pr\u00eamio de R$ 1 milh\u00e3o<\/strong><\/h4>\n<h4 class=\"wp-block-heading\"><strong>Pr\u00eamios de R$ 500 mil<\/strong><\/h4>\n<ul>\n<li>morador do Jardim Jos\u00e9 Benedetti em Morro Agudo<\/li>\n<\/ul>\n<ul>\n<li>morador do Jardim do Sol em Cosm\u00f3polis<\/li>\n<\/ul>\n<ul>\n<li>morador da Vila Nova Jaguar\u00e9 em S\u00e3o Paulo<\/li>\n<\/ul>\n<ul>\n<li>morador da Vila Adyana em S\u00e3o Jos\u00e9 dos Campos<\/li>\n<\/ul>\n<h4 class=\"wp-block-heading\"><strong>Pr\u00eamios de R$ 100 mil<\/strong><\/h4>\n<ul>\n<li>morador do Jardim Ip\u00ea em Promiss\u00e3o<\/li>\n<\/ul>\n<ul>\n<li>morador do Sat\u00e9lite Iris em Campinas<\/li>\n<\/ul>\n<ul>\n<li>morador da Santa Cec\u00edlia em S\u00e3o Paulo<\/li>\n<\/ul>\n<ul>\n<li>morador da Vila Camil\u00f3polis em Santo Andr\u00e9<\/li>\n<\/ul>\n<ul>\n<li>morador do Planalto Paulista em S\u00e3o Paulo<\/li>\n<\/ul>\n<ul>\n<li>morador do Jardim S\u00e3o Bento em S\u00e3o Paulo<\/li>\n<\/ul>\n<ul>\n<li>morador do Jardim Odete em Itaquaquecetuba<\/li>\n<\/ul>\n<ul>\n<li>morador do Parque Alto da Boa Vista em Lins<\/li>\n<\/ul>\n<ul>\n<li>morador do Jardim do Vale em Guaratinguet\u00e1<\/li>\n<\/ul>\n<ul>\n<li>Morador do Chico Neca em Franca<\/li>\n<\/ul>\n<h4 class=\"wp-block-heading\"><strong>Como concorrer ao pr\u00eamio da Nota Fiscal Paulista?<\/strong><\/h4>\n<p>No total foram sorteados 655 pr\u00eamios que somam R$ 6,7 milh\u00f5es. Consumidores de todo o pa\u00eds podem participar do programa, basta indicar seu CPF nos documentos fiscais emitidos por com\u00e9rcios paulistas participantes da Nota Fiscal Paulista. Para concorrer aos sorteios e ter acesso aos cr\u00e9ditos \u00e9 s\u00f3 se cadastrar no programa \u2013<a href=\"https:\/\/portal.fazenda.sp.gov.br\/servicos\/nfp\/Paginas\/Guia-Cadastro-PF.aspx\" target=\"_blank\" rel=\"noreferrer noopener nofollow\"> clique aqui e saiba como<\/a>.\u00a0\u00a0<\/p>\n<h4 class=\"wp-block-heading\"><strong>Como consultar o resultado da Nota Fiscal Paulista?<\/strong><\/h4>\n<p>O resultado est\u00e1 dispon\u00edvel no <a href=\"https:\/\/portal.fazenda.sp.gov.br\/\" target=\"_blank\" rel=\"noreferrer noopener nofollow\">site da Sefaz-SP.<\/a> Para verificar, basta acessar o sistema com o CPF e senha cadastrada e clicar na aba Sorteios &gt; Visualizar Sorteios &gt; Sorteio n\u00ba 180.\u00a0<\/p>\n<h4 class=\"wp-block-heading\"><strong>FIQUE ON<\/strong><\/h4>\n<p>Fique ligado em tudo que acontece em Ribeir\u00e3o Preto e regi\u00e3o. Siga os perfis do <strong>acidade on<\/strong> no <a href=\"https:\/\/www.instagram.com\/acidadeonribeirao\" target=\"_blank\" rel=\"noreferrer noopener nofollow\">Instagram<\/a> e no <a href=\"https:\/\/www.facebook.com\/acidadeonribeirao\" target=\"_blank\" rel=\"noreferrer noopener nofollow\">Facebook.<\/a><\/p>\n<p>Receba not\u00edcias do <strong>acidade on <\/strong>no WhatsApp.<a href=\"https:\/\/chat.whatsapp.com\/Bnv2w66ZT4VDyZW3oiZ69n\" target=\"_blank\" rel=\"noreferrer noopener nofollow\"> Para entrar no grupo, basta clicar aqui.<\/a><\/p>\n<p>Fa\u00e7a uma den\u00fancia ou sugira uma reportagem sobre a Ribeir\u00e3o Preto e regi\u00e3o pelo WhatsApp: (16) 99117 7802.<\/p>\n<p>LEIA MAIS<\/p>\n<p><a href=\"https:\/\/www.acidadeon.com\/ribeiraopreto\/cotidiano\/frente-fria-poe-fim-ao-calor-intenso-no-estado-de-sp-saiba-a-previsao-nos-proximos-dias\/\" target=\"_blank\" rel=\"noreferrer noopener nofollow\">Frente fria p\u00f5e fim ao calor intenso no estado de SP; Saiba a previs\u00e3o nos pr\u00f3ximos dias<\/a><\/p>\n<p><!-- AI CONTENT END 1 -->\n<\/div>\n<\/div>\n<p><script async src=\"\/\/www.instagram.com\/embed.js\"><\/script><br \/>\n<br \/><br \/>\n<br \/><a href=\"https:\/\/www.acidadeon.com\/ribeiraopreto\/economia\/veja-os-ganhadores-da-nota-fiscal-paulista-morador-da-regiao-de-ribeirao-leva-r-500-mil\/\">Source link <\/a><\/p>\n<div class='code-block code-block-4' style='margin: 8px auto 8px 0; text-align: left; display: block; clear: both;'>\n\ud83d\udce2 Aviso Legal\n\nO site ismaelcolosi.com.br atua apenas como um canal de divulga\u00e7\u00e3o de oportunidades de emprego e n\u00e3o se responsabiliza pelo processo seletivo, contrata\u00e7\u00e3o ou qualquer outra etapa relacionada \u00e0s vagas publicadas. Todas as informa\u00e7\u00f5es s\u00e3o de responsabilidade dos anunciantes.\n\n\u26a0\ufe0f Aten\u00e7\u00e3o! Nunca pague por promessas de emprego nem compre cursos que garantam contrata\u00e7\u00e3o. Desconfie de qualquer cobran\u00e7a para participar de sele\u00e7\u00f5es.\n\n\n\n<\/div>\n<!-- CONTENT END 1 -->\n","protected":false},"excerpt":{"rendered":"<p>A Secretaria da Fazenda de S\u00e3o Paulo realizou o sorteio de novembro da Nota Fiscal Paulista e um morador de Itu levou o pr\u00eamio principal&#8230;<\/p>\n","protected":false},"author":1,"featured_media":2687,"comment_status":"open","ping_status":"open","sticky":false,"template":"","format":"standard","meta":{"_uag_custom_page_level_css":"","advanced_seo_description":"","jetpack_seo_html_title":"","jetpack_seo_noindex":false,"jetpack_post_was_ever_published":false,"_jetpack_newsletter_access":"","_jetpack_dont_email_post_to_subs":false,"_jetpack_newsletter_tier_id":0,"_jetpack_memberships_contains_paywalled_content":false,"_jetpack_memberships_contains_paid_content":false,"footnotes":"","jetpack_publicize_message":"","jetpack_publicize_feature_enabled":true,"jetpack_social_post_already_shared":true,"jetpack_social_options":{"image_generator_settings":{"template":"highway","default_image_id":0,"font":"","enabled":false},"version":2}},"categories":[11],"tags":[],"class_list":["post-2686","post","type-post","status-publish","format-standard","has-post-thumbnail","hentry","category-noticias-de-ribeirao-preto-sp-e-regiao-ismael-colosi"],"jetpack_publicize_connections":[],"jetpack_featured_media_url":"https:\/\/i0.wp.com\/ismaelcolosi.com.br\/wp-content\/uploads\/2023\/11\/nota-fiscal-paulista.jpg?fit=1024%2C697&ssl=1","uagb_featured_image_src":{"full":["https:\/\/i0.wp.com\/ismaelcolosi.com.br\/wp-content\/uploads\/2023\/11\/nota-fiscal-paulista.jpg?fit=1024%2C697&ssl=1",1024,697,false],"thumbnail":["https:\/\/i0.wp.com\/ismaelcolosi.com.br\/wp-content\/uploads\/2023\/11\/nota-fiscal-paulista.jpg?resize=150%2C150&ssl=1",150,150,true],"medium":["https:\/\/i0.wp.com\/ismaelcolosi.com.br\/wp-content\/uploads\/2023\/11\/nota-fiscal-paulista.jpg?fit=300%2C204&ssl=1",300,204,true],"medium_large":["https:\/\/i0.wp.com\/ismaelcolosi.com.br\/wp-content\/uploads\/2023\/11\/nota-fiscal-paulista.jpg?fit=768%2C523&ssl=1",768,523,true],"large":["https:\/\/i0.wp.com\/ismaelcolosi.com.br\/wp-content\/uploads\/2023\/11\/nota-fiscal-paulista.jpg?fit=1024%2C697&ssl=1",1024,697,true],"1536x1536":["https:\/\/i0.wp.com\/ismaelcolosi.com.br\/wp-content\/uploads\/2023\/11\/nota-fiscal-paulista.jpg?fit=1024%2C697&ssl=1",1024,697,true],"2048x2048":["https:\/\/i0.wp.com\/ismaelcolosi.com.br\/wp-content\/uploads\/2023\/11\/nota-fiscal-paulista.jpg?fit=1024%2C697&ssl=1",1024,697,true],"really-simple-thumb":["https:\/\/i0.wp.com\/ismaelcolosi.com.br\/wp-content\/uploads\/2023\/11\/nota-fiscal-paulista.jpg?resize=370%2C247&ssl=1",370,247,true]},"uagb_author_info":{"display_name":"ismaelcolosi.com.br","author_link":"https:\/\/ismaelcolosi.com.br\/index.php\/author\/vidareal-online\/"},"uagb_comment_info":0,"uagb_excerpt":"A Secretaria da Fazenda de S\u00e3o Paulo realizou o sorteio de novembro da Nota Fiscal Paulista e um morador de Itu levou o pr\u00eamio principal...","jetpack-related-posts":[{"id":50036,"url":"https:\/\/ismaelcolosi.com.br\/index.php\/2024\/05\/14\/morador-do-interior-de-sp-ganha-r-1-milhao-no-sorteio-da-nota-fiscal-paulista\/","url_meta":{"origin":2686,"position":0},"title":"Morador do interior de SP ganha R$ 1 milh\u00e3o no sorteio da Nota Fiscal Paulista","author":"ismaelcolosi.com.br","date":"14 de May de 2024","format":false,"excerpt":"Um morador de Buri, no interior de S\u00e3o Paulo, ganhou o pr\u00eamio de R$ 1 milh\u00e3o da Nota Fiscal Paulista sorteado nesta ter\u00e7a-feira (14). O novo milion\u00e1rio foi premiado no 186\u00ba sorteio do programa da Secretaria da Fazenda e Planejamento de S\u00e3o Paulo e concorreu com apenas 6 bilhetes. Al\u00e9m\u2026","rel":"","context":"In &quot;Not\u00edcias de Ribeir\u00e3o Preto-SP e Regi\u00e3o&quot;","block_context":{"text":"Not\u00edcias de Ribeir\u00e3o Preto-SP e Regi\u00e3o","link":"https:\/\/ismaelcolosi.com.br\/index.php\/category\/noticias-de-ribeirao-preto-sp-e-regiao-ismael-colosi\/"},"img":{"alt_text":"","src":"https:\/\/i0.wp.com\/ismaelcolosi.com.br\/wp-content\/uploads\/2024\/05\/WhatsApp-Image-2023-12-20-at-16.26.15.jpeg?fit=1200%2C707&ssl=1&resize=350%2C200","width":350,"height":200,"srcset":"https:\/\/i0.wp.com\/ismaelcolosi.com.br\/wp-content\/uploads\/2024\/05\/WhatsApp-Image-2023-12-20-at-16.26.15.jpeg?fit=1200%2C707&ssl=1&resize=350%2C200 1x, https:\/\/i0.wp.com\/ismaelcolosi.com.br\/wp-content\/uploads\/2024\/05\/WhatsApp-Image-2023-12-20-at-16.26.15.jpeg?fit=1200%2C707&ssl=1&resize=525%2C300 1.5x, https:\/\/i0.wp.com\/ismaelcolosi.com.br\/wp-content\/uploads\/2024\/05\/WhatsApp-Image-2023-12-20-at-16.26.15.jpeg?fit=1200%2C707&ssl=1&resize=700%2C400 2x, https:\/\/i0.wp.com\/ismaelcolosi.com.br\/wp-content\/uploads\/2024\/05\/WhatsApp-Image-2023-12-20-at-16.26.15.jpeg?fit=1200%2C707&ssl=1&resize=1050%2C600 3x"},"classes":[]},{"id":42250,"url":"https:\/\/ismaelcolosi.com.br\/index.php\/2024\/03\/13\/nota-fiscal-paulista-premia-morador-de-sp-com-r-1-milhao-veja-as-cidades-sorteadas\/","url_meta":{"origin":2686,"position":1},"title":"Nota Fiscal Paulista premia morador de SP com R$ 1 milh\u00e3o; Veja as cidades sorteadas","author":"ismaelcolosi.com.br","date":"13 de March de 2024","format":false,"excerpt":"Um morador de Pinheiros, bairro da zona Oeste de S\u00e3o Paulo, \u00e9 o mais novo milion\u00e1rio do estado. Ele foi o grande sortudo do sorteio de mar\u00e7o, da Nota Fiscal Paulista, realizado nesta quarta-feira (13). De acordo com a Secretaria da Fazenda e Planejamento (Sefaz-SP), ele concorreu com onze bilhetes\u2026","rel":"","context":"In &quot;Not\u00edcias de Ribeir\u00e3o Preto-SP e Regi\u00e3o&quot;","block_context":{"text":"Not\u00edcias de Ribeir\u00e3o Preto-SP e Regi\u00e3o","link":"https:\/\/ismaelcolosi.com.br\/index.php\/category\/noticias-de-ribeirao-preto-sp-e-regiao-ismael-colosi\/"},"img":{"alt_text":"","src":"https:\/\/i0.wp.com\/ismaelcolosi.com.br\/wp-content\/uploads\/2024\/03\/dinheiro_real_1024x576_28082021103253.jpg?fit=1024%2C576&ssl=1&resize=350%2C200","width":350,"height":200,"srcset":"https:\/\/i0.wp.com\/ismaelcolosi.com.br\/wp-content\/uploads\/2024\/03\/dinheiro_real_1024x576_28082021103253.jpg?fit=1024%2C576&ssl=1&resize=350%2C200 1x, https:\/\/i0.wp.com\/ismaelcolosi.com.br\/wp-content\/uploads\/2024\/03\/dinheiro_real_1024x576_28082021103253.jpg?fit=1024%2C576&ssl=1&resize=525%2C300 1.5x, https:\/\/i0.wp.com\/ismaelcolosi.com.br\/wp-content\/uploads\/2024\/03\/dinheiro_real_1024x576_28082021103253.jpg?fit=1024%2C576&ssl=1&resize=700%2C400 2x"},"classes":[]},{"id":28032,"url":"https:\/\/ismaelcolosi.com.br\/index.php\/2024\/01\/14\/aposta-de-ribeirao-fatura-meio-milhao-em-sorteio-da-loteria-veja-as-cidades-premiadas\/","url_meta":{"origin":2686,"position":2},"title":"Aposta de Ribeir\u00e3o fatura meio milh\u00e3o em sorteio da Loteria; Veja as cidades premiadas","author":"ismaelcolosi.com.br","date":"14 de January de 2024","format":false,"excerpt":"Um morador de Ribeir\u00e3o Preto acertou todas as dezenas da Lotof\u00e1cil e faturou mais de R$ 500 mil, na noite deste s\u00e1bado (13). O sorteio foi realizado pela Caixa Econ\u00f4mica Federal, em S\u00e3o Paulo. De acordo com a institui\u00e7\u00e3o, a aposta premiada no concurso 3003 foi registrada atrav\u00e9s dos canais\u2026","rel":"","context":"In &quot;Not\u00edcias de Ribeir\u00e3o Preto-SP e Regi\u00e3o&quot;","block_context":{"text":"Not\u00edcias de Ribeir\u00e3o Preto-SP e Regi\u00e3o","link":"https:\/\/ismaelcolosi.com.br\/index.php\/category\/noticias-de-ribeirao-preto-sp-e-regiao-ismael-colosi\/"},"img":{"alt_text":"","src":"https:\/\/i0.wp.com\/ismaelcolosi.com.br\/wp-content\/uploads\/2024\/01\/1705247220_sorteio_da_1200x675_16012022122353.jpg?fit=1200%2C675&ssl=1&resize=350%2C200","width":350,"height":200,"srcset":"https:\/\/i0.wp.com\/ismaelcolosi.com.br\/wp-content\/uploads\/2024\/01\/1705247220_sorteio_da_1200x675_16012022122353.jpg?fit=1200%2C675&ssl=1&resize=350%2C200 1x, https:\/\/i0.wp.com\/ismaelcolosi.com.br\/wp-content\/uploads\/2024\/01\/1705247220_sorteio_da_1200x675_16012022122353.jpg?fit=1200%2C675&ssl=1&resize=525%2C300 1.5x, https:\/\/i0.wp.com\/ismaelcolosi.com.br\/wp-content\/uploads\/2024\/01\/1705247220_sorteio_da_1200x675_16012022122353.jpg?fit=1200%2C675&ssl=1&resize=700%2C400 2x, https:\/\/i0.wp.com\/ismaelcolosi.com.br\/wp-content\/uploads\/2024\/01\/1705247220_sorteio_da_1200x675_16012022122353.jpg?fit=1200%2C675&ssl=1&resize=1050%2C600 3x"},"classes":[]},{"id":15373,"url":"https:\/\/ismaelcolosi.com.br\/index.php\/2023\/12\/13\/moradora-do-interior-de-sp-ganha-premio-de-r-2-milhoes-na-nota-fiscal-paulista-veja-as-cidade-sorteadas\/","url_meta":{"origin":2686,"position":3},"title":"Moradora do interior de SP ganha pr\u00eamio de R$ 2 milh\u00f5es na Nota Fiscal Paulista; Veja as cidade sorteadas","author":"ismaelcolosi.com.br","date":"13 de December de 2023","format":false,"excerpt":"Uma moradora de Ribeir\u00e3o Preto, no interior de S\u00e3o Paulo, ganhou o pr\u00eamio principal no sorteio do m\u00eas de dezembro da Nota Fiscal Paulista, programa da Secretaria da Fazenda e Planejamento do Estado de S\u00e3o Paulo (Sefaz-SP), realizado nesta quarta-feira (13). O pr\u00eamio de R$ 2 milh\u00f5es saiu para uma\u2026","rel":"","context":"In &quot;Not\u00edcias de Ribeir\u00e3o Preto-SP e Regi\u00e3o&quot;","block_context":{"text":"Not\u00edcias de Ribeir\u00e3o Preto-SP e Regi\u00e3o","link":"https:\/\/ismaelcolosi.com.br\/index.php\/category\/noticias-de-ribeirao-preto-sp-e-regiao-ismael-colosi\/"},"img":{"alt_text":"","src":"https:\/\/i0.wp.com\/ismaelcolosi.com.br\/wp-content\/uploads\/2023\/12\/money-2387280_1280.jpg?fit=1200%2C677&ssl=1&resize=350%2C200","width":350,"height":200,"srcset":"https:\/\/i0.wp.com\/ismaelcolosi.com.br\/wp-content\/uploads\/2023\/12\/money-2387280_1280.jpg?fit=1200%2C677&ssl=1&resize=350%2C200 1x, https:\/\/i0.wp.com\/ismaelcolosi.com.br\/wp-content\/uploads\/2023\/12\/money-2387280_1280.jpg?fit=1200%2C677&ssl=1&resize=525%2C300 1.5x, https:\/\/i0.wp.com\/ismaelcolosi.com.br\/wp-content\/uploads\/2023\/12\/money-2387280_1280.jpg?fit=1200%2C677&ssl=1&resize=700%2C400 2x, https:\/\/i0.wp.com\/ismaelcolosi.com.br\/wp-content\/uploads\/2023\/12\/money-2387280_1280.jpg?fit=1200%2C677&ssl=1&resize=1050%2C600 3x"},"classes":[]},{"id":56514,"url":"https:\/\/ismaelcolosi.com.br\/index.php\/2024\/07\/12\/apostadores-do-interior-de-sp-levam-r-500-mil-na-nota-fiscal-paulista\/","url_meta":{"origin":2686,"position":4},"title":"Apostadores do interior de SP levam R$ 500 mil na Nota Fiscal Paulista","author":"ismaelcolosi.com.br","date":"12 de July de 2024","format":false,"excerpt":"Um morador de Mau\u00e1, na Grande S\u00e3o Paulo, foi o vencedor do pr\u00eamio de R$ 1 milh\u00e3o da Nota Fiscal Paulista no m\u00eas de julho. Al\u00e9m disso, quatro consumidores do interior de S\u00e3o Paulo v\u00e3o levar o pr\u00eamio de R$ 500 mil, cada um \u2013 dois desses sortudos moram em\u2026","rel":"","context":"In &quot;Not\u00edcias de Ribeir\u00e3o Preto-SP e Regi\u00e3o&quot;","block_context":{"text":"Not\u00edcias de Ribeir\u00e3o Preto-SP e Regi\u00e3o","link":"https:\/\/ismaelcolosi.com.br\/index.php\/category\/noticias-de-ribeirao-preto-sp-e-regiao-ismael-colosi\/"},"img":{"alt_text":"","src":"https:\/\/i0.wp.com\/ismaelcolosi.com.br\/wp-content\/uploads\/2024\/07\/WhatsApp-Image-2023-12-20-at-16.26.15.jpeg?fit=1200%2C707&ssl=1&resize=350%2C200","width":350,"height":200,"srcset":"https:\/\/i0.wp.com\/ismaelcolosi.com.br\/wp-content\/uploads\/2024\/07\/WhatsApp-Image-2023-12-20-at-16.26.15.jpeg?fit=1200%2C707&ssl=1&resize=350%2C200 1x, https:\/\/i0.wp.com\/ismaelcolosi.com.br\/wp-content\/uploads\/2024\/07\/WhatsApp-Image-2023-12-20-at-16.26.15.jpeg?fit=1200%2C707&ssl=1&resize=525%2C300 1.5x, https:\/\/i0.wp.com\/ismaelcolosi.com.br\/wp-content\/uploads\/2024\/07\/WhatsApp-Image-2023-12-20-at-16.26.15.jpeg?fit=1200%2C707&ssl=1&resize=700%2C400 2x, https:\/\/i0.wp.com\/ismaelcolosi.com.br\/wp-content\/uploads\/2024\/07\/WhatsApp-Image-2023-12-20-at-16.26.15.jpeg?fit=1200%2C707&ssl=1&resize=1050%2C600 3x"},"classes":[]},{"id":56528,"url":"https:\/\/ismaelcolosi.com.br\/index.php\/2024\/07\/12\/consumidores-do-interior-de-sp-levam-r-500-mil-na-nota-fiscal-paulista\/","url_meta":{"origin":2686,"position":5},"title":"Consumidores do interior de SP levam R$ 500 mil na Nota Fiscal Paulista","author":"ismaelcolosi.com.br","date":"12 de July de 2024","format":false,"excerpt":"Um morador de Mau\u00e1, na Grande S\u00e3o Paulo, foi o vencedor do pr\u00eamio de R$ 1 milh\u00e3o da Nota Fiscal Paulista no m\u00eas de julho. Al\u00e9m disso, quatro consumidores do interior de S\u00e3o Paulo v\u00e3o levar o pr\u00eamio de R$ 500 mil, cada um \u2013 dois desses sortudos moram em\u2026","rel":"","context":"In &quot;Not\u00edcias de Ribeir\u00e3o Preto-SP e Regi\u00e3o&quot;","block_context":{"text":"Not\u00edcias de Ribeir\u00e3o Preto-SP e Regi\u00e3o","link":"https:\/\/ismaelcolosi.com.br\/index.php\/category\/noticias-de-ribeirao-preto-sp-e-regiao-ismael-colosi\/"},"img":{"alt_text":"","src":"https:\/\/i0.wp.com\/ismaelcolosi.com.br\/wp-content\/uploads\/2024\/07\/1720797720_WhatsApp-Image-2023-12-20-at-16.26.15.jpeg?fit=1200%2C707&ssl=1&resize=350%2C200","width":350,"height":200,"srcset":"https:\/\/i0.wp.com\/ismaelcolosi.com.br\/wp-content\/uploads\/2024\/07\/1720797720_WhatsApp-Image-2023-12-20-at-16.26.15.jpeg?fit=1200%2C707&ssl=1&resize=350%2C200 1x, https:\/\/i0.wp.com\/ismaelcolosi.com.br\/wp-content\/uploads\/2024\/07\/1720797720_WhatsApp-Image-2023-12-20-at-16.26.15.jpeg?fit=1200%2C707&ssl=1&resize=525%2C300 1.5x, https:\/\/i0.wp.com\/ismaelcolosi.com.br\/wp-content\/uploads\/2024\/07\/1720797720_WhatsApp-Image-2023-12-20-at-16.26.15.jpeg?fit=1200%2C707&ssl=1&resize=700%2C400 2x, https:\/\/i0.wp.com\/ismaelcolosi.com.br\/wp-content\/uploads\/2024\/07\/1720797720_WhatsApp-Image-2023-12-20-at-16.26.15.jpeg?fit=1200%2C707&ssl=1&resize=1050%2C600 3x"},"classes":[]}],"jetpack_sharing_enabled":true,"jetpack_shortlink":"https:\/\/wp.me\/pfMlyK-Hk","_links":{"self":[{"href":"https:\/\/ismaelcolosi.com.br\/index.php\/wp-json\/wp\/v2\/posts\/2686","targetHints":{"allow":["GET"]}}],"collection":[{"href":"https:\/\/ismaelcolosi.com.br\/index.php\/wp-json\/wp\/v2\/posts"}],"about":[{"href":"https:\/\/ismaelcolosi.com.br\/index.php\/wp-json\/wp\/v2\/types\/post"}],"author":[{"embeddable":true,"href":"https:\/\/ismaelcolosi.com.br\/index.php\/wp-json\/wp\/v2\/users\/1"}],"replies":[{"embeddable":true,"href":"https:\/\/ismaelcolosi.com.br\/index.php\/wp-json\/wp\/v2\/comments?post=2686"}],"version-history":[{"count":0,"href":"https:\/\/ismaelcolosi.com.br\/index.php\/wp-json\/wp\/v2\/posts\/2686\/revisions"}],"wp:featuredmedia":[{"embeddable":true,"href":"https:\/\/ismaelcolosi.com.br\/index.php\/wp-json\/wp\/v2\/media\/2687"}],"wp:attachment":[{"href":"https:\/\/ismaelcolosi.com.br\/index.php\/wp-json\/wp\/v2\/media?parent=2686"}],"wp:term":[{"taxonomy":"category","embeddable":true,"href":"https:\/\/ismaelcolosi.com.br\/index.php\/wp-json\/wp\/v2\/categories?post=2686"},{"taxonomy":"post_tag","embeddable":true,"href":"https:\/\/ismaelcolosi.com.br\/index.php\/wp-json\/wp\/v2\/tags?post=2686"}],"curies":[{"name":"wp","href":"https:\/\/api.w.org\/{rel}","templated":true}]}}