{"id":26830,"date":"2024-01-10T22:03:37","date_gmt":"2024-01-11T01:03:37","guid":{"rendered":"https:\/\/ismaelcolosi.com.br\/index.php\/2024\/01\/10\/defesa-civil-alerta-para-chuvas-fortes-de-ate-100-milimetros-no-interior-de-sp\/"},"modified":"2024-01-10T22:03:37","modified_gmt":"2024-01-11T01:03:37","slug":"defesa-civil-alerta-para-chuvas-fortes-de-ate-100-milimetros-no-interior-de-sp","status":"publish","type":"post","link":"https:\/\/ismaelcolosi.com.br\/index.php\/2024\/01\/10\/defesa-civil-alerta-para-chuvas-fortes-de-ate-100-milimetros-no-interior-de-sp\/","title":{"rendered":"Defesa Civil alerta para chuvas fortes de at\u00e9 100 mil\u00edmetros no interior de SP"},"content":{"rendered":"<p> <br \/>\n<\/p>\n<div>\n<p>A <strong>Defesa Civil<\/strong> publicou nesta quarta-feira (10), um alerta de<strong> chuva forte<\/strong> para grande parte do <strong>estado de S\u00e3o Paulo<\/strong>, entre <strong>quinta-feira (11)<\/strong> e <strong>s\u00e1bado (13)<\/strong>. De acordo com o \u00f3rg\u00e3o, as chuvas s\u00e3o motivadas pelo deslocamento de uma frente fria.<\/p>\n<p><strong>Ribeir\u00e3o Preto, Barretos e Franca<\/strong> aparecem entre as regi\u00f5es com o maior acumulado, <strong>100 mm<\/strong>. Tamb\u00e9m fazem parte do mesmo grupo as regi\u00f5es do Vale do Ribeira e do Para\u00edba, Itapeva e Litoral Norte.<\/p>\n<p>Na regi\u00e3o <strong>Metropolitana de SP<\/strong>, s\u00e3o esperados 90 mm. \u00a0J\u00e1 nas regi\u00f5es da baixada Santista, <strong>Campinas <\/strong>e Sorocaba, os acumulados ficar\u00e3o em 80 mm.<\/p>\n<p>Em Bauru e <strong>Araraquara<\/strong>, a <strong>Defesa Civil<\/strong> emitiu um alerta de chuva moderada, portanto, o acumulado \u00e9 de 70 mm.<\/p>\n<p>Situa\u00e7\u00e3o parecida para as regi\u00f5es de S\u00e3o Jos\u00e9 do Rio Preto, Ara\u00e7atuba, Presidente Prudente e Mar\u00edlia, onde s\u00e3o esperados acumulados de at\u00e9 60 mm.<\/p>\n<h4 class=\"wp-block-heading\"><strong>Orienta\u00e7\u00f5es<\/strong><\/h4>\n<p>Em caso de emerg\u00eancia, a <strong>Defesa Civil<\/strong> orienta que a popula\u00e7\u00e3o acione o \u00f3rg\u00e3o pelo telefone <strong>199 <\/strong>ou o <strong>Corpo de Bombeiros<\/strong> pelo n\u00famero <strong>193<\/strong>.<\/p>\n<p>Vale ressaltar que os moradores destas regi\u00f5es n\u00e3o devem enfrentar \u00e1reas alagadas ou com enxurradas. Uma l\u00e2mina com 15 cm de \u00e1gua pode arrastar uma pessoa e com 30cm levar um autom\u00f3vel.<\/p>\n<p>VEJA TAMB\u00c9M<\/p>\n<p>Carteira da Pessoa Autista agora pode ser solicitada por aplicativo; Ribeir\u00e3o emitiu mais de 450 documentos<\/p>\n<h4 class=\"wp-block-heading\"><strong><mark style=\"background-color:#fcb900\" class=\"has-inline-color\">FIQUE ON<\/mark><\/strong><\/h4>\n<p>Fique ligado em tudo que acontece em Ribeir\u00e3o Preto e regi\u00e3o. Siga os perfis do<strong>\u00a0acidade on<\/strong>\u00a0no\u00a0<a href=\"https:\/\/www.instagram.com\/acidadeonribeirao\" target=\"_blank\" rel=\"noreferrer noopener\">Instagram<\/a>\u00a0e no<a href=\"https:\/\/www.facebook.com\/acidadeonribeirao\" target=\"_blank\" rel=\"noreferrer noopener\">\u00a0Facebook.<\/a><\/p>\n<p>Receba not\u00edcias do\u00a0<strong>acidade on\u00a0<\/strong>no WhatsApp.<a href=\"https:\/\/chat.whatsapp.com\/DfXwcjKVIddHUT3BvnQuPZ\" target=\"_blank\" rel=\"noreferrer noopener\">\u00a0Para entrar no grupo, basta clicar aqui.<\/a><\/p>\n<p>Fa\u00e7a uma den\u00fancia ou sugira uma reportagem sobre a Ribeir\u00e3o Preto e regi\u00e3o pelo WhatsApp: (16) 99117 7802.<\/p>\n<p>LEIA MAIS<\/p>\n<p>P\u00e3o sem leite da Ana Maria Braga: confira como fazer<\/p>\n<p><!-- AI CONTENT END 1 -->\n<\/div>\n<p><script async src=\"\/\/www.instagram.com\/embed.js\"><\/script><br \/>\n<br \/><br \/>\n<br \/><a href=\"https:\/\/www.acidadeon.com\/ribeiraopreto\/cotidiano\/defesa-civil-alerta-para-chuvas-fortes-de-ate-100-milimetros-no-interior-de-sp\/\">Source link <\/a><\/p>\n<div class='code-block code-block-4' style='margin: 8px auto 8px 0; text-align: left; display: block; clear: both;'>\n\ud83d\udce2 Aviso Legal\n\nO site ismaelcolosi.com.br atua apenas como um canal de divulga\u00e7\u00e3o de oportunidades de emprego e n\u00e3o se responsabiliza pelo processo seletivo, contrata\u00e7\u00e3o ou qualquer outra etapa relacionada \u00e0s vagas publicadas. Todas as informa\u00e7\u00f5es s\u00e3o de responsabilidade dos anunciantes.\n\n\u26a0\ufe0f Aten\u00e7\u00e3o! Nunca pague por promessas de emprego nem compre cursos que garantam contrata\u00e7\u00e3o. Desconfie de qualquer cobran\u00e7a para participar de sele\u00e7\u00f5es.\n\n\n\n<\/div>\n<!-- CONTENT END 1 -->\n","protected":false},"excerpt":{"rendered":"<p>A Defesa Civil publicou nesta quarta-feira (10), um alerta de chuva forte para grande parte do estado de S\u00e3o Paulo, entre quinta-feira (11) e s\u00e1bado&#8230;<\/p>\n","protected":false},"author":1,"featured_media":26831,"comment_status":"open","ping_status":"open","sticky":false,"template":"","format":"standard","meta":{"_uag_custom_page_level_css":"","advanced_seo_description":"","jetpack_seo_html_title":"","jetpack_seo_noindex":false,"jetpack_post_was_ever_published":false,"_jetpack_newsletter_access":"","_jetpack_dont_email_post_to_subs":false,"_jetpack_newsletter_tier_id":0,"_jetpack_memberships_contains_paywalled_content":false,"_jetpack_memberships_contains_paid_content":false,"footnotes":"","jetpack_publicize_message":"","jetpack_publicize_feature_enabled":true,"jetpack_social_post_already_shared":true,"jetpack_social_options":{"image_generator_settings":{"template":"highway","default_image_id":0,"font":"","enabled":false},"version":2}},"categories":[11],"tags":[163,103,164,450,544,2391,237,546,71],"class_list":["post-26830","post","type-post","status-publish","format-standard","has-post-thumbnail","hentry","category-noticias-de-ribeirao-preto-sp-e-regiao-ismael-colosi","tag-alerta","tag-ate","tag-chuvas","tag-civil","tag-defesa","tag-fortes","tag-interior","tag-milimetros","tag-para"],"jetpack_publicize_connections":[],"jetpack_featured_media_url":"https:\/\/ismaelcolosi.com.br\/wp-content\/uploads\/2024\/01\/whatsapp_image_2023-01-06_at_18_24_13.jpe","uagb_featured_image_src":{"full":["https:\/\/ismaelcolosi.com.br\/wp-content\/uploads\/2024\/01\/whatsapp_image_2023-01-06_at_18_24_13.jpe",1600,903,false],"thumbnail":["https:\/\/ismaelcolosi.com.br\/wp-content\/uploads\/2024\/01\/whatsapp_image_2023-01-06_at_18_24_13-150x150.jpe",150,150,true],"medium":["https:\/\/ismaelcolosi.com.br\/wp-content\/uploads\/2024\/01\/whatsapp_image_2023-01-06_at_18_24_13-300x169.jpe",300,169,true],"medium_large":["https:\/\/ismaelcolosi.com.br\/wp-content\/uploads\/2024\/01\/whatsapp_image_2023-01-06_at_18_24_13-768x433.jpe",768,433,true],"large":["https:\/\/ismaelcolosi.com.br\/wp-content\/uploads\/2024\/01\/whatsapp_image_2023-01-06_at_18_24_13-1024x578.jpe",1024,578,true],"1536x1536":["https:\/\/ismaelcolosi.com.br\/wp-content\/uploads\/2024\/01\/whatsapp_image_2023-01-06_at_18_24_13-1536x867.jpe",1536,867,true],"2048x2048":["https:\/\/ismaelcolosi.com.br\/wp-content\/uploads\/2024\/01\/whatsapp_image_2023-01-06_at_18_24_13.jpe",1600,903,false],"really-simple-thumb":["https:\/\/ismaelcolosi.com.br\/wp-content\/uploads\/2024\/01\/whatsapp_image_2023-01-06_at_18_24_13-370x247.jpe",370,247,true]},"uagb_author_info":{"display_name":"ismaelcolosi.com.br","author_link":"https:\/\/ismaelcolosi.com.br\/index.php\/author\/vidareal-online\/"},"uagb_comment_info":0,"uagb_excerpt":"A Defesa Civil publicou nesta quarta-feira (10), um alerta de chuva forte para grande parte do estado de S\u00e3o Paulo, entre quinta-feira (11) e s\u00e1bado...","jetpack-related-posts":[{"id":32333,"url":"https:\/\/ismaelcolosi.com.br\/index.php\/2024\/01\/24\/defesa-civil-publica-alerta-de-chuvas-fortes-para-o-interior-de-sp-veja-os-locais\/","url_meta":{"origin":26830,"position":0},"title":"Defesa Civil publica alerta de chuvas fortes para o interior de SP; Veja os locais","author":"ismaelcolosi.com.br","date":"24 de January de 2024","format":false,"excerpt":"A Defesa Civil estadual publicou um novo alerta de chuvas para o interior e litoral de S\u00e3o Paulo. O aviso \u00e9 v\u00e1lido o para o per\u00edodo entre quinta-feira (25) e s\u00e1bado (27). Segundo o alerta, h\u00e1 previs\u00e3o de chuva moderada para as regi\u00f5es de Campinas (acumulado previsto de 60 mil\u00edmetros)\u2026","rel":"","context":"In &quot;Not\u00edcias de Ribeir\u00e3o Preto-SP e Regi\u00e3o&quot;","block_context":{"text":"Not\u00edcias de Ribeir\u00e3o Preto-SP e Regi\u00e3o","link":"https:\/\/ismaelcolosi.com.br\/index.php\/category\/noticias-de-ribeirao-preto-sp-e-regiao-ismael-colosi\/"},"img":{"alt_text":"","src":"https:\/\/i0.wp.com\/ismaelcolosi.com.br\/wp-content\/uploads\/2024\/01\/1706139756_chuva_temporal_1024x576_07012021130023.jpg?fit=1024%2C575&ssl=1&resize=350%2C200","width":350,"height":200,"srcset":"https:\/\/i0.wp.com\/ismaelcolosi.com.br\/wp-content\/uploads\/2024\/01\/1706139756_chuva_temporal_1024x576_07012021130023.jpg?fit=1024%2C575&ssl=1&resize=350%2C200 1x, https:\/\/i0.wp.com\/ismaelcolosi.com.br\/wp-content\/uploads\/2024\/01\/1706139756_chuva_temporal_1024x576_07012021130023.jpg?fit=1024%2C575&ssl=1&resize=525%2C300 1.5x, https:\/\/i0.wp.com\/ismaelcolosi.com.br\/wp-content\/uploads\/2024\/01\/1706139756_chuva_temporal_1024x576_07012021130023.jpg?fit=1024%2C575&ssl=1&resize=700%2C400 2x"},"classes":[]},{"id":5043,"url":"https:\/\/ismaelcolosi.com.br\/index.php\/2023\/11\/22\/interior-do-estado-de-sp-tem-alerta-da-defesa-civil-para-temporais-de-ate-170-milimetros\/","url_meta":{"origin":26830,"position":1},"title":"Interior do estado de SP tem alerta da Defesa Civil para temporais de at\u00e9 170 mil\u00edmetros","author":"ismaelcolosi.com.br","date":"22 de November de 2023","format":false,"excerpt":"A Defesa Civil publicou um alerta nesta quarta-feira (22) para temporais que podem ocorrer no interior de S\u00e3o Paulo entre quinta-feira (23) e s\u00e1bado (25).\u00a0 As chuvas podem atingir o acumulado de 170 mil\u00edmetros e s\u00e3o motivadas por uma frente fria que chegou ao estado. De acordo com o \u00f3rg\u00e3o,\u2026","rel":"","context":"In &quot;Not\u00edcias de Ribeir\u00e3o Preto-SP e Regi\u00e3o&quot;","block_context":{"text":"Not\u00edcias de Ribeir\u00e3o Preto-SP e Regi\u00e3o","link":"https:\/\/ismaelcolosi.com.br\/index.php\/category\/noticias-de-ribeirao-preto-sp-e-regiao-ismael-colosi\/"},"img":{"alt_text":"","src":"https:\/\/i0.wp.com\/ismaelcolosi.com.br\/wp-content\/uploads\/2023\/11\/WhatsApp-Image-2023-10-27-at-06.48.27.jpeg?fit=1200%2C540&ssl=1&resize=350%2C200","width":350,"height":200,"srcset":"https:\/\/i0.wp.com\/ismaelcolosi.com.br\/wp-content\/uploads\/2023\/11\/WhatsApp-Image-2023-10-27-at-06.48.27.jpeg?fit=1200%2C540&ssl=1&resize=350%2C200 1x, https:\/\/i0.wp.com\/ismaelcolosi.com.br\/wp-content\/uploads\/2023\/11\/WhatsApp-Image-2023-10-27-at-06.48.27.jpeg?fit=1200%2C540&ssl=1&resize=525%2C300 1.5x, https:\/\/i0.wp.com\/ismaelcolosi.com.br\/wp-content\/uploads\/2023\/11\/WhatsApp-Image-2023-10-27-at-06.48.27.jpeg?fit=1200%2C540&ssl=1&resize=700%2C400 2x, https:\/\/i0.wp.com\/ismaelcolosi.com.br\/wp-content\/uploads\/2023\/11\/WhatsApp-Image-2023-10-27-at-06.48.27.jpeg?fit=1200%2C540&ssl=1&resize=1050%2C600 3x"},"classes":[]},{"id":29511,"url":"https:\/\/ismaelcolosi.com.br\/index.php\/2024\/01\/18\/interior-de-sp-tem-alerta-de-chuvas-intensas-veja-os-locais-afetados\/","url_meta":{"origin":26830,"position":2},"title":"Interior de SP tem alerta de chuvas intensas; Veja os locais afetados","author":"ismaelcolosi.com.br","date":"18 de January de 2024","format":false,"excerpt":"O Inmet (Instituto Nacional de Meteorologia) publicou nesta quinta-feira (18) um alerta de chuvas intensas para o interior de S\u00e3o Paulo. O aviso \u00e9 v\u00e1lido at\u00e9 as 10h desta sexta-feira (19). De acordo com o \u00f3rg\u00e3o, pode chover o acumulado de at\u00e9 50 mil\u00edmetros no per\u00edodo de um dia e\u2026","rel":"","context":"In &quot;Not\u00edcias de Ribeir\u00e3o Preto-SP e Regi\u00e3o&quot;","block_context":{"text":"Not\u00edcias de Ribeir\u00e3o Preto-SP e Regi\u00e3o","link":"https:\/\/ismaelcolosi.com.br\/index.php\/category\/noticias-de-ribeirao-preto-sp-e-regiao-ismael-colosi\/"},"img":{"alt_text":"","src":"https:\/\/i0.wp.com\/ismaelcolosi.com.br\/wp-content\/uploads\/2024\/01\/chuva-no-interior.jpeg?fit=1200%2C903&ssl=1&resize=350%2C200","width":350,"height":200,"srcset":"https:\/\/i0.wp.com\/ismaelcolosi.com.br\/wp-content\/uploads\/2024\/01\/chuva-no-interior.jpeg?fit=1200%2C903&ssl=1&resize=350%2C200 1x, https:\/\/i0.wp.com\/ismaelcolosi.com.br\/wp-content\/uploads\/2024\/01\/chuva-no-interior.jpeg?fit=1200%2C903&ssl=1&resize=525%2C300 1.5x, https:\/\/i0.wp.com\/ismaelcolosi.com.br\/wp-content\/uploads\/2024\/01\/chuva-no-interior.jpeg?fit=1200%2C903&ssl=1&resize=700%2C400 2x, https:\/\/i0.wp.com\/ismaelcolosi.com.br\/wp-content\/uploads\/2024\/01\/chuva-no-interior.jpeg?fit=1200%2C903&ssl=1&resize=1050%2C600 3x"},"classes":[]},{"id":26975,"url":"https:\/\/ismaelcolosi.com.br\/index.php\/2024\/01\/11\/interior-de-sp-tera-dia-quente-e-abafado-confira-a-previsao-do-tempo\/","url_meta":{"origin":26830,"position":3},"title":"Interior de SP ter\u00e1 dia quente e abafado; Confira a previs\u00e3o do tempo","author":"ismaelcolosi.com.br","date":"11 de January de 2024","format":false,"excerpt":"O dia deve ser quente e abafado no interior de S\u00e3o Paulo nesta quinta-feira (11), segundo a Climatempo. Os meteorologistas apontam que nuvens carregadas voltam a se formar e h\u00e1 risco de novos temporais nos per\u00edodos da tarde e da noite em todas as regi\u00f5es paulistas. A Defesa Civil de\u2026","rel":"","context":"In &quot;Not\u00edcias de Ribeir\u00e3o Preto-SP e Regi\u00e3o&quot;","block_context":{"text":"Not\u00edcias de Ribeir\u00e3o Preto-SP e Regi\u00e3o","link":"https:\/\/ismaelcolosi.com.br\/index.php\/category\/noticias-de-ribeirao-preto-sp-e-regiao-ismael-colosi\/"},"img":{"alt_text":"","src":"https:\/\/i0.wp.com\/ismaelcolosi.com.br\/wp-content\/uploads\/2024\/01\/WhatsApp-Image-2023-11-24-at-11.08.54.jpeg?fit=1200%2C523&ssl=1&resize=350%2C200","width":350,"height":200,"srcset":"https:\/\/i0.wp.com\/ismaelcolosi.com.br\/wp-content\/uploads\/2024\/01\/WhatsApp-Image-2023-11-24-at-11.08.54.jpeg?fit=1200%2C523&ssl=1&resize=350%2C200 1x, https:\/\/i0.wp.com\/ismaelcolosi.com.br\/wp-content\/uploads\/2024\/01\/WhatsApp-Image-2023-11-24-at-11.08.54.jpeg?fit=1200%2C523&ssl=1&resize=525%2C300 1.5x, https:\/\/i0.wp.com\/ismaelcolosi.com.br\/wp-content\/uploads\/2024\/01\/WhatsApp-Image-2023-11-24-at-11.08.54.jpeg?fit=1200%2C523&ssl=1&resize=700%2C400 2x, https:\/\/i0.wp.com\/ismaelcolosi.com.br\/wp-content\/uploads\/2024\/01\/WhatsApp-Image-2023-11-24-at-11.08.54.jpeg?fit=1200%2C523&ssl=1&resize=1050%2C600 3x"},"classes":[]},{"id":2522,"url":"https:\/\/ismaelcolosi.com.br\/index.php\/2023\/11\/15\/defesa-civil-do-estado-de-sp-emite-alerta-para-ventos-e-tempestades\/","url_meta":{"origin":26830,"position":4},"title":"Defesa Civil do Estado de SP emite alerta para ventos e tempestades","author":"ismaelcolosi.com.br","date":"15 de November de 2023","format":false,"excerpt":"A Defesa Civil do Estado de S\u00e3o Paulo emitiu, na tarde desta quinta-feira (15), um alerta para a chegada de uma frente fria que deve provocar tempestades volumosas e ventos fortes. O alerta \u00e9 para o per\u00edodo entre a sexta-feira (17) e domingo (19) e prev\u00ea chuva intensa, que pode\u2026","rel":"","context":"In &quot;Not\u00edcias de Ribeir\u00e3o Preto-SP e Regi\u00e3o&quot;","block_context":{"text":"Not\u00edcias de Ribeir\u00e3o Preto-SP e Regi\u00e3o","link":"https:\/\/ismaelcolosi.com.br\/index.php\/category\/noticias-de-ribeirao-preto-sp-e-regiao-ismael-colosi\/"},"img":{"alt_text":"","src":"https:\/\/i0.wp.com\/ismaelcolosi.com.br\/wp-content\/uploads\/2023\/11\/WhatsApp-Image-2023-11-15-at-18.38.17.jpeg?fit=1200%2C709&ssl=1&resize=350%2C200","width":350,"height":200,"srcset":"https:\/\/i0.wp.com\/ismaelcolosi.com.br\/wp-content\/uploads\/2023\/11\/WhatsApp-Image-2023-11-15-at-18.38.17.jpeg?fit=1200%2C709&ssl=1&resize=350%2C200 1x, https:\/\/i0.wp.com\/ismaelcolosi.com.br\/wp-content\/uploads\/2023\/11\/WhatsApp-Image-2023-11-15-at-18.38.17.jpeg?fit=1200%2C709&ssl=1&resize=525%2C300 1.5x, https:\/\/i0.wp.com\/ismaelcolosi.com.br\/wp-content\/uploads\/2023\/11\/WhatsApp-Image-2023-11-15-at-18.38.17.jpeg?fit=1200%2C709&ssl=1&resize=700%2C400 2x, https:\/\/i0.wp.com\/ismaelcolosi.com.br\/wp-content\/uploads\/2023\/11\/WhatsApp-Image-2023-11-15-at-18.38.17.jpeg?fit=1200%2C709&ssl=1&resize=1050%2C600 3x"},"classes":[]},{"id":30035,"url":"https:\/\/ismaelcolosi.com.br\/index.php\/2024\/01\/19\/mais-chuva-veja-ate-quando-vai-o-alerta-da-defesa-civil-para-o-interior-de-sp\/","url_meta":{"origin":26830,"position":5},"title":"Mais chuva? Veja at\u00e9 quando vai o alerta da Defesa Civil para o interior de SP","author":"ismaelcolosi.com.br","date":"19 de January de 2024","format":false,"excerpt":"O alerta da Defesa Civil para chuvas intensas e moderadas no interior de S\u00e3o Paulo \u00e9 v\u00e1lido at\u00e9 o domingo (21). Segundo o \u00f3rg\u00e3o, pode chover o acumulado de at\u00e9 150 mil\u00edmetros em determinadas regi\u00f5es. De acordo com a Defesa Civil, em Ribeir\u00e3o Preto, Ara\u00e7atuba, Barretos, S\u00e3o Jos\u00e9 do Rio\u2026","rel":"","context":"In &quot;Not\u00edcias de Ribeir\u00e3o Preto-SP e Regi\u00e3o&quot;","block_context":{"text":"Not\u00edcias de Ribeir\u00e3o Preto-SP e Regi\u00e3o","link":"https:\/\/ismaelcolosi.com.br\/index.php\/category\/noticias-de-ribeirao-preto-sp-e-regiao-ismael-colosi\/"},"img":{"alt_text":"","src":"https:\/\/i0.wp.com\/ismaelcolosi.com.br\/wp-content\/uploads\/2024\/01\/WhatsApp-Image-2023-10-27-at-06.48.27.jpeg?fit=1200%2C540&ssl=1&resize=350%2C200","width":350,"height":200,"srcset":"https:\/\/i0.wp.com\/ismaelcolosi.com.br\/wp-content\/uploads\/2024\/01\/WhatsApp-Image-2023-10-27-at-06.48.27.jpeg?fit=1200%2C540&ssl=1&resize=350%2C200 1x, https:\/\/i0.wp.com\/ismaelcolosi.com.br\/wp-content\/uploads\/2024\/01\/WhatsApp-Image-2023-10-27-at-06.48.27.jpeg?fit=1200%2C540&ssl=1&resize=525%2C300 1.5x, https:\/\/i0.wp.com\/ismaelcolosi.com.br\/wp-content\/uploads\/2024\/01\/WhatsApp-Image-2023-10-27-at-06.48.27.jpeg?fit=1200%2C540&ssl=1&resize=700%2C400 2x, https:\/\/i0.wp.com\/ismaelcolosi.com.br\/wp-content\/uploads\/2024\/01\/WhatsApp-Image-2023-10-27-at-06.48.27.jpeg?fit=1200%2C540&ssl=1&resize=1050%2C600 3x"},"classes":[]}],"jetpack_sharing_enabled":true,"jetpack_shortlink":"https:\/\/wp.me\/pfMlyK-6YK","_links":{"self":[{"href":"https:\/\/ismaelcolosi.com.br\/index.php\/wp-json\/wp\/v2\/posts\/26830","targetHints":{"allow":["GET"]}}],"collection":[{"href":"https:\/\/ismaelcolosi.com.br\/index.php\/wp-json\/wp\/v2\/posts"}],"about":[{"href":"https:\/\/ismaelcolosi.com.br\/index.php\/wp-json\/wp\/v2\/types\/post"}],"author":[{"embeddable":true,"href":"https:\/\/ismaelcolosi.com.br\/index.php\/wp-json\/wp\/v2\/users\/1"}],"replies":[{"embeddable":true,"href":"https:\/\/ismaelcolosi.com.br\/index.php\/wp-json\/wp\/v2\/comments?post=26830"}],"version-history":[{"count":0,"href":"https:\/\/ismaelcolosi.com.br\/index.php\/wp-json\/wp\/v2\/posts\/26830\/revisions"}],"wp:featuredmedia":[{"embeddable":true,"href":"https:\/\/ismaelcolosi.com.br\/index.php\/wp-json\/wp\/v2\/media\/26831"}],"wp:attachment":[{"href":"https:\/\/ismaelcolosi.com.br\/index.php\/wp-json\/wp\/v2\/media?parent=26830"}],"wp:term":[{"taxonomy":"category","embeddable":true,"href":"https:\/\/ismaelcolosi.com.br\/index.php\/wp-json\/wp\/v2\/categories?post=26830"},{"taxonomy":"post_tag","embeddable":true,"href":"https:\/\/ismaelcolosi.com.br\/index.php\/wp-json\/wp\/v2\/tags?post=26830"}],"curies":[{"name":"wp","href":"https:\/\/api.w.org\/{rel}","templated":true}]}}