{"id":2675,"date":"2023-11-16T11:47:33","date_gmt":"2023-11-16T14:47:33","guid":{"rendered":"https:\/\/ismaelcolosi.com.br\/index.php\/2023\/11\/16\/teatro-de-ribeirao-preto-promove-oficina-gratuita-de-fotografia\/"},"modified":"2023-11-16T11:47:33","modified_gmt":"2023-11-16T14:47:33","slug":"teatro-de-ribeirao-preto-promove-oficina-gratuita-de-fotografia","status":"publish","type":"post","link":"https:\/\/ismaelcolosi.com.br\/index.php\/2023\/11\/16\/teatro-de-ribeirao-preto-promove-oficina-gratuita-de-fotografia\/","title":{"rendered":"Teatro de Ribeir\u00e3o Preto promove oficina gratuita de fotografia \u00a0"},"content":{"rendered":"<p> <br \/>\n<\/p>\n<div data-td-block-uid=\"tdi_104\">\n<div class=\"tdb-block-inner td-fix-index\">\n<p>O <strong>Teatro Sesi<\/strong>, localizado no Jardim Castelo Branco, em <strong>Ribeir\u00e3o Preto <\/strong>recebe, <strong>nos dias 17 e 24 de novembro, a oficina de fotografia \u2018Light Painting\u2019, \u00e0s 19h. \u00a0<\/strong><\/p>\n<p><span style=\"background-color:#f7cc62\" class=\"td_text_highlight_marker\">A entrada \u00e9 gratuita e aberta ao p\u00fablico, mas \u00e9 necess\u00e1rio reservar os ingressos on-line <\/span>(<a href=\"https:\/\/www.sesisp.org.br\/evento\/f0e3a36b-178d-4660-a7a0-78f4f7ebd68a\/oficina-light-painting-visita-guiada-a-exposicao-my-selfie\" target=\"_blank\" rel=\"noreferrer noopener\">aqui<\/a>). Para realizar a reserva, o cadastro deve ser feito no \u2018<a href=\"https:\/\/acesso.sesisp.org.br\/Account\/Login?ReturnUrl=%2Fconnect%2Fauthorize%2Fcallback%3Fclient_id%3Dmvc.sesi.org.br%26redirect_uri%3Dhttps%253A%252F%252Fwww.sesisp.org.br%252Fsignin-oidc%26response_type%3Dcode%2520id_token%26scope%3Dopenid%2520profile%2520api.portal.evento%2520SesiUser%26response_mode%3Dform_post%26nonce%3D638357380438987304.ZGRiZjgwODItZWE3Mi00MjY2LWFiNjMtN2VjMGU5ODVhYzM1OGJkMDg2N2EtYzA3YS00NGI5LWJhNDctZDEwMTNmNzAyMDky%26state%3DCfDJ8NTH76TrvtJAjOr7rjuhLfF6fH8w3JZH5BfYxtEUUzDxi390CUMAjqNz4Tm-RgEk3wg1JshwDC0utgFcoOmSlTIYtvVBE92bP0r2Zv8fwJg1BGKUWd2exrBDTVAsxGCbut0oTnLEqbRS0Mp4i6c1FR6ZXp07NZ1ATOwuBAWisTbPriyvsVzt4zBPhkWDRsiwjMAYLU1o-_GKf7jKxJrGAwdJhGCYpPcy7VtMpy3PO9cWDHMRCMO6Z66b1_Ijd70kZe7HSsWmDQaUq1SdayfQ76NPRd1UnKgrs54ihN4D-Znz4NRsK2-sZJR8a4-gRUfAOFuSoyOWO2N7D-uvaxNLkfTl_D-_wM9oj0aOthi6IWROUBvs-sdSn6he2GQFDKGuRkIC1mW8Afdc9N8d4Xkaujjd4NGUuQsmVXUZh0SvKH3I%26x-client-SKU%3DID_NETSTANDARD2_0%26x-client-ver%3D5.5.0.0\" target=\"_blank\" rel=\"noreferrer noopener\"><strong>Meu Sesi<\/strong>\u2019<\/a>. \u00a0<\/p>\n<h4 class=\"wp-block-heading\"><strong>\u2018Light Painting\u2019 <\/strong>\u00a0<\/h4>\n<p>A oficina acontece ap\u00f3s a visita medida da exposi\u00e7\u00e3o \u2018<strong>My Selfie<\/strong>\u2019, de Gigi Manfrinat, com 23 esculturas que mostram a evolu\u00e7\u00e3o da fotografia. \u00a0<\/p>\n<p>A t\u00e9cnica <strong>Light Painting<\/strong>, \u201cpintar com a luz\u201d,\u00a0\u00e9 usada uma alta exposi\u00e7\u00e3o e um foco de luz para gerar efeitos visuais. A oficina ser\u00e1 realizada com o uso do celular e n\u00e3o \u00e9 necess\u00e1rio que a pessoa tenha conhecimento de fotografia. \u00a0<\/p>\n<p><strong>SERVI\u00c7O\u00a0<br \/>Oficina de fotografia\u00a0<\/strong><br \/>Data: 17 e 24\/11 \u2013 sexta-feira\u00a0<br \/>Hor\u00e1rio: 19h\u00a0<br \/>Entrada: gratuita, mas \u00e9 necess\u00e1rio reservar <a href=\"https:\/\/www.sesisp.org.br\/evento\/f0e3a36b-178d-4660-a7a0-78f4f7ebd68a\/oficina-light-painting-visita-guiada-a-exposicao-my-selfie\" target=\"_blank\" rel=\"noreferrer noopener\">aqui\u00a0<\/a><br \/><em>*S\u00e3o 15 vagas por data\u00a0<br \/><\/em>Local: Teatro do Sesi \u2013 Rua Jo\u00e3o Ignachiti, 20-364, Jardim Castelo Branco\u00a0<\/p>\n<h4 class=\"wp-block-heading\"><strong><span style=\"background-color:#f7cc62\" class=\"td_text_highlight_marker\">FIQUE ON <\/span><\/strong><\/h4>\n<p>Fique ligado em tudo que acontece em Ribeir\u00e3o Preto e regi\u00e3o. Siga os perfis do\u00a0<strong>acidade on<\/strong>\u00a0no\u00a0<a href=\"https:\/\/www.instagram.com\/acidadeonribeirao\" target=\"_blank\" rel=\"noreferrer noopener\">Instagram\u00a0<\/a>e no<a href=\"https:\/\/www.facebook.com\/acidadeonribeirao\" target=\"_blank\" rel=\"noreferrer noopener\">\u00a0Facebook.<\/a><\/p>\n<p>Receba not\u00edcias do\u00a0<strong>acidade on\u00a0<\/strong>no WhatsApp.\u00a0<a href=\"https:\/\/chat.whatsapp.com\/Bnv2w66ZT4VDyZW3oiZ69n\" target=\"_blank\" rel=\"noreferrer noopener\">Para entrar no grupo, basta clicar aqui.<\/a><\/p>\n<p>Fa\u00e7a uma den\u00fancia ou sugira uma reportagem sobre Ribeir\u00e3o Preto e regi\u00e3o pelo WhatsApp:\u00a0<strong>(16) 99117 7802.<\/strong><\/p>\n<p>VEJA TAMB\u00c9M <br \/><a href=\"https:\/\/www.acidadeon.com\/ribeiraopreto\/cotidiano\/em-um-so-dia-ribeirao-tem-calor-de-38oc-tempestade-de-terra-e-queimada-veja-videos\/\" target=\"_blank\" rel=\"noreferrer noopener\">Em um s\u00f3 dia, Ribeir\u00e3o tem calor de 38\u00baC, \u2018tempestade de terra\u2019 e queimada; Veja v\u00eddeos<\/a><\/p>\n<p><!-- AI CONTENT END 1 -->\n<\/div>\n<\/div>\n<p><script async src=\"\/\/www.instagram.com\/embed.js\"><\/script><br \/>\n<br \/><br \/>\n<br \/><a href=\"https:\/\/www.acidadeon.com\/ribeiraopreto\/lazer-e-cultura\/teatro-de-ribeirao-preto-promove-oficina-gratuita-de-fotografia\/\">Source link <\/a><\/p>\n<div class='code-block code-block-4' style='margin: 8px auto 8px 0; text-align: left; display: block; clear: both;'>\n\ud83d\udce2 Aviso Legal\n\nO site ismaelcolosi.com.br atua apenas como um canal de divulga\u00e7\u00e3o de oportunidades de emprego e n\u00e3o se responsabiliza pelo processo seletivo, contrata\u00e7\u00e3o ou qualquer outra etapa relacionada \u00e0s vagas publicadas. Todas as informa\u00e7\u00f5es s\u00e3o de responsabilidade dos anunciantes.\n\n\u26a0\ufe0f Aten\u00e7\u00e3o! Nunca pague por promessas de emprego nem compre cursos que garantam contrata\u00e7\u00e3o. Desconfie de qualquer cobran\u00e7a para participar de sele\u00e7\u00f5es.\n\n\n\n<\/div>\n<!-- CONTENT END 1 -->\n","protected":false},"excerpt":{"rendered":"<p>O Teatro Sesi, localizado no Jardim Castelo Branco, em Ribeir\u00e3o Preto recebe, nos dias 17 e 24 de novembro, a oficina de fotografia \u2018Light Painting\u2019,&#8230;<\/p>\n","protected":false},"author":1,"featured_media":2676,"comment_status":"open","ping_status":"open","sticky":false,"template":"","format":"standard","meta":{"_uag_custom_page_level_css":"","advanced_seo_description":"","jetpack_seo_html_title":"","jetpack_seo_noindex":false,"jetpack_post_was_ever_published":false,"_jetpack_newsletter_access":"","_jetpack_dont_email_post_to_subs":false,"_jetpack_newsletter_tier_id":0,"_jetpack_memberships_contains_paywalled_content":false,"_jetpack_memberships_contains_paid_content":false,"footnotes":"","jetpack_publicize_message":"","jetpack_publicize_feature_enabled":true,"jetpack_social_post_already_shared":true,"jetpack_social_options":{"image_generator_settings":{"template":"highway","default_image_id":0,"font":"","enabled":false},"version":2}},"categories":[11],"tags":[],"class_list":["post-2675","post","type-post","status-publish","format-standard","has-post-thumbnail","hentry","category-noticias-de-ribeirao-preto-sp-e-regiao-ismael-colosi"],"jetpack_publicize_connections":[],"jetpack_featured_media_url":"https:\/\/i0.wp.com\/ismaelcolosi.com.br\/wp-content\/uploads\/2023\/11\/uma-jovem-com-uma-camera-profissional-tira-uma-foto-na-natureza-scaled.jpg?fit=2307%2C2560&ssl=1","uagb_featured_image_src":{"full":["https:\/\/i0.wp.com\/ismaelcolosi.com.br\/wp-content\/uploads\/2023\/11\/uma-jovem-com-uma-camera-profissional-tira-uma-foto-na-natureza-scaled.jpg?fit=2307%2C2560&ssl=1",2307,2560,false],"thumbnail":["https:\/\/i0.wp.com\/ismaelcolosi.com.br\/wp-content\/uploads\/2023\/11\/uma-jovem-com-uma-camera-profissional-tira-uma-foto-na-natureza-scaled.jpg?resize=150%2C150&ssl=1",150,150,true],"medium":["https:\/\/i0.wp.com\/ismaelcolosi.com.br\/wp-content\/uploads\/2023\/11\/uma-jovem-com-uma-camera-profissional-tira-uma-foto-na-natureza-scaled.jpg?fit=270%2C300&ssl=1",270,300,true],"medium_large":["https:\/\/i0.wp.com\/ismaelcolosi.com.br\/wp-content\/uploads\/2023\/11\/uma-jovem-com-uma-camera-profissional-tira-uma-foto-na-natureza-scaled.jpg?fit=768%2C852&ssl=1",768,852,true],"large":["https:\/\/i0.wp.com\/ismaelcolosi.com.br\/wp-content\/uploads\/2023\/11\/uma-jovem-com-uma-camera-profissional-tira-uma-foto-na-natureza-scaled.jpg?fit=923%2C1024&ssl=1",923,1024,true],"1536x1536":["https:\/\/i0.wp.com\/ismaelcolosi.com.br\/wp-content\/uploads\/2023\/11\/uma-jovem-com-uma-camera-profissional-tira-uma-foto-na-natureza-scaled.jpg?fit=1384%2C1536&ssl=1",1384,1536,true],"2048x2048":["https:\/\/i0.wp.com\/ismaelcolosi.com.br\/wp-content\/uploads\/2023\/11\/uma-jovem-com-uma-camera-profissional-tira-uma-foto-na-natureza-scaled.jpg?fit=1846%2C2048&ssl=1",1846,2048,true],"really-simple-thumb":["https:\/\/i0.wp.com\/ismaelcolosi.com.br\/wp-content\/uploads\/2023\/11\/uma-jovem-com-uma-camera-profissional-tira-uma-foto-na-natureza-scaled.jpg?resize=370%2C247&ssl=1",370,247,true]},"uagb_author_info":{"display_name":"ismaelcolosi.com.br","author_link":"https:\/\/ismaelcolosi.com.br\/index.php\/author\/vidareal-online\/"},"uagb_comment_info":0,"uagb_excerpt":"O Teatro Sesi, localizado no Jardim Castelo Branco, em Ribeir\u00e3o Preto recebe, nos dias 17 e 24 de novembro, a oficina de fotografia \u2018Light Painting\u2019,...","jetpack-related-posts":[{"id":2755,"url":"https:\/\/ismaelcolosi.com.br\/index.php\/2023\/11\/16\/usp-de-ribeirao-preto-realiza-concerto-gratuito\/","url_meta":{"origin":2675,"position":0},"title":"USP de Ribeir\u00e3o Preto realiza concerto gratuito\u00a0","author":"ismaelcolosi.com.br","date":"16 de November de 2023","format":false,"excerpt":"A Sala de Concertos da Tulha da USP de Ribeir\u00e3o Preto, recebe, nesta sexta-feira (17), um concerto com o grupo de m\u00fasica de c\u00e2mara Ensemble Mentemanuque. A entrada \u00e9 gratuita. \u00a0 A apresenta\u00e7\u00e3o \u00e9 em celebra\u00e7\u00e3o ao Dia da Consci\u00eancia Negra com maestro e compositor Rubens Russomanno Ricciardi e participa\u00e7\u00e3o\u2026","rel":"","context":"In &quot;Not\u00edcias de Ribeir\u00e3o Preto-SP e Regi\u00e3o&quot;","block_context":{"text":"Not\u00edcias de Ribeir\u00e3o Preto-SP e Regi\u00e3o","link":"https:\/\/ismaelcolosi.com.br\/index.php\/category\/noticias-de-ribeirao-preto-sp-e-regiao-ismael-colosi\/"},"img":{"alt_text":"","src":"https:\/\/i0.wp.com\/ismaelcolosi.com.br\/wp-content\/uploads\/2023\/11\/Tulha-FFCLRP.png?fit=618%2C416&ssl=1&resize=350%2C200","width":350,"height":200,"srcset":"https:\/\/i0.wp.com\/ismaelcolosi.com.br\/wp-content\/uploads\/2023\/11\/Tulha-FFCLRP.png?fit=618%2C416&ssl=1&resize=350%2C200 1x, https:\/\/i0.wp.com\/ismaelcolosi.com.br\/wp-content\/uploads\/2023\/11\/Tulha-FFCLRP.png?fit=618%2C416&ssl=1&resize=525%2C300 1.5x"},"classes":[]},{"id":43625,"url":"https:\/\/ismaelcolosi.com.br\/index.php\/2024\/03\/22\/prefeitura-municipal-de-ribeirao-preto\/","url_meta":{"origin":2675,"position":1},"title":"Inscri\u00e7\u00f5es abertas para a oficina de teatro gratuita \u201cOutros Contos: Contando Teatro\u201d","author":"ismaelcolosi.com.br","date":"22 de March de 2024","format":false,"excerpt":"30\/04\/2024 15:31 - Cultura Inscri\u00e7\u00f5es abertas para a oficina de teatro gratuita \u201cOutros Contos: Contando Teatro\u201d Ser\u00e3o disponibilizadas 20 vagas para quatro op\u00e7\u00f5es de dias e hor\u00e1rios na Arena Por\u00e3o\r \r \u00a0\r \r Est\u00e3o\u00a0abertas as inscri\u00e7\u00f5es\u00a0para a oficina de teatro gratuita \u201cOutros Contos: Contando Teatro\u201d que acontece nos dias 3,\u2026","rel":"","context":"In &quot;Vagas de Emprego em Ribeir\u00e3o Preto-SP&quot;","block_context":{"text":"Vagas de Emprego em Ribeir\u00e3o Preto-SP","link":"https:\/\/ismaelcolosi.com.br\/index.php\/category\/empregos-classificados-vagas-trabalho\/vagas-de-empregos-em-ribeirao-preto-regiao-brasil\/"},"img":{"alt_text":"","src":"https:\/\/i0.wp.com\/ismaelcolosi.com.br\/wp-content\/uploads\/2024\/05\/outros_contos.jpeg?fit=969%2C1080&ssl=1&resize=350%2C200","width":350,"height":200,"srcset":"https:\/\/i0.wp.com\/ismaelcolosi.com.br\/wp-content\/uploads\/2024\/05\/outros_contos.jpeg?fit=969%2C1080&ssl=1&resize=350%2C200 1x, https:\/\/i0.wp.com\/ismaelcolosi.com.br\/wp-content\/uploads\/2024\/05\/outros_contos.jpeg?fit=969%2C1080&ssl=1&resize=525%2C300 1.5x, https:\/\/i0.wp.com\/ismaelcolosi.com.br\/wp-content\/uploads\/2024\/05\/outros_contos.jpeg?fit=969%2C1080&ssl=1&resize=700%2C400 2x"},"classes":[]},{"id":57520,"url":"https:\/\/ismaelcolosi.com.br\/index.php\/2024\/07\/22\/teatro-de-arena-de-ribeirao-preto-recebe-festival-sobre-diversidade-religiosa\/","url_meta":{"origin":2675,"position":2},"title":"Teatro de Arena de Ribeir\u00e3o Preto recebe festival sobre diversidade religiosa","author":"ismaelcolosi.com.br","date":"22 de July de 2024","format":false,"excerpt":"O Teatro de Arena de Ribeir\u00e3o Preto recebe no pr\u00f3ximo domingo (28) o \u201cNas Encruzas Festival\u201d, sobre diversidade religiosa. O evento contar\u00e1 com m\u00fasica, oficina, feirinha de artesanato, comida e bebida. O festival come\u00e7a a partir das 15h30 e foi criado com o objetivo de \u201creunir as pessoas em torno\u2026","rel":"","context":"In &quot;Not\u00edcias de Ribeir\u00e3o Preto-SP e Regi\u00e3o&quot;","block_context":{"text":"Not\u00edcias de Ribeir\u00e3o Preto-SP e Regi\u00e3o","link":"https:\/\/ismaelcolosi.com.br\/index.php\/category\/noticias-de-ribeirao-preto-sp-e-regiao-ismael-colosi\/"},"img":{"alt_text":"","src":"https:\/\/i0.wp.com\/ismaelcolosi.com.br\/wp-content\/uploads\/2024\/07\/nas-encruzas_2024-07-22_17-15-15_jpg_2024-07-22_17-15-15.webp.webp?fit=1199%2C852&ssl=1&resize=350%2C200","width":350,"height":200,"srcset":"https:\/\/i0.wp.com\/ismaelcolosi.com.br\/wp-content\/uploads\/2024\/07\/nas-encruzas_2024-07-22_17-15-15_jpg_2024-07-22_17-15-15.webp.webp?fit=1199%2C852&ssl=1&resize=350%2C200 1x, https:\/\/i0.wp.com\/ismaelcolosi.com.br\/wp-content\/uploads\/2024\/07\/nas-encruzas_2024-07-22_17-15-15_jpg_2024-07-22_17-15-15.webp.webp?fit=1199%2C852&ssl=1&resize=525%2C300 1.5x, https:\/\/i0.wp.com\/ismaelcolosi.com.br\/wp-content\/uploads\/2024\/07\/nas-encruzas_2024-07-22_17-15-15_jpg_2024-07-22_17-15-15.webp.webp?fit=1199%2C852&ssl=1&resize=700%2C400 2x, https:\/\/i0.wp.com\/ismaelcolosi.com.br\/wp-content\/uploads\/2024\/07\/nas-encruzas_2024-07-22_17-15-15_jpg_2024-07-22_17-15-15.webp.webp?fit=1199%2C852&ssl=1&resize=1050%2C600 3x"},"classes":[]},{"id":61817,"url":"https:\/\/ismaelcolosi.com.br\/index.php\/2024\/08\/23\/sepultura-exposicao-de-carros-e-peter-pan-veja-programacao-do-fim-de-semana-em-ribeirao\/","url_meta":{"origin":2675,"position":3},"title":"Sepultura, exposi\u00e7\u00e3o de carros e Peter Pan: Veja programa\u00e7\u00e3o do fim de semana em Ribeir\u00e3o","author":"ismaelcolosi.com.br","date":"23 de August de 2024","format":false,"excerpt":"A programa\u00e7\u00e3o do fim de semana em Ribeir\u00e3o Preto est\u00e1 a todo vapor! Entre os destaques est\u00e3o shows, musicais e pe\u00e7as de teatro. Confira a agenda cultural abaixo: Sepultura A banda\u00a0Sepultura se apresenta no Alcans Hall, na rodovia Anhanguera (SP-330), em Ribeir\u00e3o Preto, neste s\u00e1bado (24), com sua turn\u00ea de\u2026","rel":"","context":"In &quot;Not\u00edcias de Ribeir\u00e3o Preto-SP e Regi\u00e3o&quot;","block_context":{"text":"Not\u00edcias de Ribeir\u00e3o Preto-SP e Regi\u00e3o","link":"https:\/\/ismaelcolosi.com.br\/index.php\/category\/noticias-de-ribeirao-preto-sp-e-regiao-ismael-colosi\/"},"img":{"alt_text":"","src":"https:\/\/i0.wp.com\/ismaelcolosi.com.br\/wp-content\/uploads\/2024\/08\/Copia-de-Copia-de-Copia-de-TAMANHO-EXATO-PARA-FOTOS-NO-SISTEMA-NOVO-4_2024-08-23_13-58-50_jpg_2024-08-23_13-58-50.webp.webp?fit=1200%2C675&ssl=1&resize=350%2C200","width":350,"height":200,"srcset":"https:\/\/i0.wp.com\/ismaelcolosi.com.br\/wp-content\/uploads\/2024\/08\/Copia-de-Copia-de-Copia-de-TAMANHO-EXATO-PARA-FOTOS-NO-SISTEMA-NOVO-4_2024-08-23_13-58-50_jpg_2024-08-23_13-58-50.webp.webp?fit=1200%2C675&ssl=1&resize=350%2C200 1x, https:\/\/i0.wp.com\/ismaelcolosi.com.br\/wp-content\/uploads\/2024\/08\/Copia-de-Copia-de-Copia-de-TAMANHO-EXATO-PARA-FOTOS-NO-SISTEMA-NOVO-4_2024-08-23_13-58-50_jpg_2024-08-23_13-58-50.webp.webp?fit=1200%2C675&ssl=1&resize=525%2C300 1.5x, https:\/\/i0.wp.com\/ismaelcolosi.com.br\/wp-content\/uploads\/2024\/08\/Copia-de-Copia-de-Copia-de-TAMANHO-EXATO-PARA-FOTOS-NO-SISTEMA-NOVO-4_2024-08-23_13-58-50_jpg_2024-08-23_13-58-50.webp.webp?fit=1200%2C675&ssl=1&resize=700%2C400 2x, https:\/\/i0.wp.com\/ismaelcolosi.com.br\/wp-content\/uploads\/2024\/08\/Copia-de-Copia-de-Copia-de-TAMANHO-EXATO-PARA-FOTOS-NO-SISTEMA-NOVO-4_2024-08-23_13-58-50_jpg_2024-08-23_13-58-50.webp.webp?fit=1200%2C675&ssl=1&resize=1050%2C600 3x"},"classes":[]},{"id":8474,"url":"https:\/\/ismaelcolosi.com.br\/index.php\/2023\/11\/30\/biblioteca-de-ribeirao-preto-tem-programacao-gratuita-de-natal\/","url_meta":{"origin":2675,"position":4},"title":"Biblioteca de Ribeir\u00e3o Preto tem programa\u00e7\u00e3o gratuita de Natal\u00a0","author":"ismaelcolosi.com.br","date":"30 de November de 2023","format":false,"excerpt":"A Biblioteca Sinh\u00e1 Junqueira, localizada no Centro de Ribeir\u00e3o Preto, ir\u00e1 realizar no m\u00eas de dezembro uma programa\u00e7\u00e3o especial de Natal e voltada para as f\u00e9rias das crian\u00e7as. \u00a0 Com a tem\u00e1tica \u2018F\u00e9rias Natalinas\u2019, haver\u00e1 oficinas, shows e atividades para todos os gostos e idades. \u00a0 Confira a programa\u00e7\u00e3o \u00a0\u2026","rel":"","context":"In &quot;Not\u00edcias de Ribeir\u00e3o Preto-SP e Regi\u00e3o&quot;","block_context":{"text":"Not\u00edcias de Ribeir\u00e3o Preto-SP e Regi\u00e3o","link":"https:\/\/ismaelcolosi.com.br\/index.php\/category\/noticias-de-ribeirao-preto-sp-e-regiao-ismael-colosi\/"},"img":{"alt_text":"","src":"https:\/\/i0.wp.com\/ismaelcolosi.com.br\/wp-content\/uploads\/2023\/11\/20220203-130306-1-scaled.jpg?fit=1200%2C900&ssl=1&resize=350%2C200","width":350,"height":200,"srcset":"https:\/\/i0.wp.com\/ismaelcolosi.com.br\/wp-content\/uploads\/2023\/11\/20220203-130306-1-scaled.jpg?fit=1200%2C900&ssl=1&resize=350%2C200 1x, https:\/\/i0.wp.com\/ismaelcolosi.com.br\/wp-content\/uploads\/2023\/11\/20220203-130306-1-scaled.jpg?fit=1200%2C900&ssl=1&resize=525%2C300 1.5x, https:\/\/i0.wp.com\/ismaelcolosi.com.br\/wp-content\/uploads\/2023\/11\/20220203-130306-1-scaled.jpg?fit=1200%2C900&ssl=1&resize=700%2C400 2x, https:\/\/i0.wp.com\/ismaelcolosi.com.br\/wp-content\/uploads\/2023\/11\/20220203-130306-1-scaled.jpg?fit=1200%2C900&ssl=1&resize=1050%2C600 3x"},"classes":[]},{"id":52918,"url":"https:\/\/ismaelcolosi.com.br\/index.php\/2024\/06\/12\/sesi-ribeirao-preto-realiza-peca-e-oficina-sobre-diversidade-de-corpos-e-identidade-de-genero\/","url_meta":{"origin":2675,"position":5},"title":"Sesi Ribeir\u00e3o Preto realiza pe\u00e7a e oficina sobre diversidade de corpos e identidade de g\u00eanero","author":"ismaelcolosi.com.br","date":"12 de June de 2024","format":false,"excerpt":"A pe\u00e7a \u201cBrian ou Brenda?\u201d, inspirada no caso do canadense David Reimer, ficar\u00e1 em cartaz no Centro Cultural Sesi de Ribeir\u00e3o Preto, a partir da pr\u00f3xima sexta-feira (14) at\u00e9 o pr\u00f3ximo domingo (23). A pe\u00e7a conta a hist\u00f3ria de Brian, onde ap\u00f3s uma cirurgia mal sucedida, ele \u00e9 submetido a\u2026","rel":"","context":"In &quot;Not\u00edcias de Ribeir\u00e3o Preto-SP e Regi\u00e3o&quot;","block_context":{"text":"Not\u00edcias de Ribeir\u00e3o Preto-SP e Regi\u00e3o","link":"https:\/\/ismaelcolosi.com.br\/index.php\/category\/noticias-de-ribeirao-preto-sp-e-regiao-ismael-colosi\/"},"img":{"alt_text":"","src":"https:\/\/i0.wp.com\/ismaelcolosi.com.br\/wp-content\/uploads\/2024\/06\/2022-10-02_BRIAN-OU-BRENDA_DIVULGACAO_%C2%A9HELOISA-BORTZ_0586_HIGH_2024-06-11_14-21-40_jpg_2024-06-11_14-21-42-scaled.webp.webp?fit=1200%2C801&ssl=1&resize=350%2C200","width":350,"height":200,"srcset":"https:\/\/i0.wp.com\/ismaelcolosi.com.br\/wp-content\/uploads\/2024\/06\/2022-10-02_BRIAN-OU-BRENDA_DIVULGACAO_%C2%A9HELOISA-BORTZ_0586_HIGH_2024-06-11_14-21-40_jpg_2024-06-11_14-21-42-scaled.webp.webp?fit=1200%2C801&ssl=1&resize=350%2C200 1x, https:\/\/i0.wp.com\/ismaelcolosi.com.br\/wp-content\/uploads\/2024\/06\/2022-10-02_BRIAN-OU-BRENDA_DIVULGACAO_%C2%A9HELOISA-BORTZ_0586_HIGH_2024-06-11_14-21-40_jpg_2024-06-11_14-21-42-scaled.webp.webp?fit=1200%2C801&ssl=1&resize=525%2C300 1.5x, https:\/\/i0.wp.com\/ismaelcolosi.com.br\/wp-content\/uploads\/2024\/06\/2022-10-02_BRIAN-OU-BRENDA_DIVULGACAO_%C2%A9HELOISA-BORTZ_0586_HIGH_2024-06-11_14-21-40_jpg_2024-06-11_14-21-42-scaled.webp.webp?fit=1200%2C801&ssl=1&resize=700%2C400 2x, https:\/\/i0.wp.com\/ismaelcolosi.com.br\/wp-content\/uploads\/2024\/06\/2022-10-02_BRIAN-OU-BRENDA_DIVULGACAO_%C2%A9HELOISA-BORTZ_0586_HIGH_2024-06-11_14-21-40_jpg_2024-06-11_14-21-42-scaled.webp.webp?fit=1200%2C801&ssl=1&resize=1050%2C600 3x"},"classes":[]}],"jetpack_sharing_enabled":true,"jetpack_shortlink":"https:\/\/wp.me\/pfMlyK-H9","_links":{"self":[{"href":"https:\/\/ismaelcolosi.com.br\/index.php\/wp-json\/wp\/v2\/posts\/2675","targetHints":{"allow":["GET"]}}],"collection":[{"href":"https:\/\/ismaelcolosi.com.br\/index.php\/wp-json\/wp\/v2\/posts"}],"about":[{"href":"https:\/\/ismaelcolosi.com.br\/index.php\/wp-json\/wp\/v2\/types\/post"}],"author":[{"embeddable":true,"href":"https:\/\/ismaelcolosi.com.br\/index.php\/wp-json\/wp\/v2\/users\/1"}],"replies":[{"embeddable":true,"href":"https:\/\/ismaelcolosi.com.br\/index.php\/wp-json\/wp\/v2\/comments?post=2675"}],"version-history":[{"count":0,"href":"https:\/\/ismaelcolosi.com.br\/index.php\/wp-json\/wp\/v2\/posts\/2675\/revisions"}],"wp:featuredmedia":[{"embeddable":true,"href":"https:\/\/ismaelcolosi.com.br\/index.php\/wp-json\/wp\/v2\/media\/2676"}],"wp:attachment":[{"href":"https:\/\/ismaelcolosi.com.br\/index.php\/wp-json\/wp\/v2\/media?parent=2675"}],"wp:term":[{"taxonomy":"category","embeddable":true,"href":"https:\/\/ismaelcolosi.com.br\/index.php\/wp-json\/wp\/v2\/categories?post=2675"},{"taxonomy":"post_tag","embeddable":true,"href":"https:\/\/ismaelcolosi.com.br\/index.php\/wp-json\/wp\/v2\/tags?post=2675"}],"curies":[{"name":"wp","href":"https:\/\/api.w.org\/{rel}","templated":true}]}}