{"id":26721,"date":"2024-01-10T17:14:28","date_gmt":"2024-01-10T20:14:28","guid":{"rendered":"https:\/\/ismaelcolosi.com.br\/index.php\/2024\/01\/10\/cesta-basica-recua-em-15-de-17-capitais-2\/"},"modified":"2024-01-10T17:14:28","modified_gmt":"2024-01-10T20:14:28","slug":"cesta-basica-recua-em-15-de-17-capitais-2","status":"publish","type":"post","link":"https:\/\/ismaelcolosi.com.br\/index.php\/2024\/01\/10\/cesta-basica-recua-em-15-de-17-capitais-2\/","title":{"rendered":"Cesta b\u00e1sica recua em 15 de 17 capitais \u00a0"},"content":{"rendered":"<p> <br \/>\n<\/p>\n<div>\n<p><span data-contrast=\"none\">O valor da cesta b\u00e1sica encerrou o ano passado em queda em 15 das 17 capitais pesquisadas pelo Departamento Intersindical de Estat\u00edsticas e Estudos Socioecon\u00f4micos (Dieese). S\u00f3 Bel\u00e9m (PA) e Porto Alegre (RS) caminharam na contram\u00e3o das demais no per\u00edodo, com altas de 0,94% e 0,12%, respectivamente.<\/span><\/p>\n<p><span data-contrast=\"none\">Campo Grande (MS) liderou o ranking de baixa no valor da cesta b\u00e1sica de alimentos, com recuo de 6,25% no custo, seguido por Belo Horizonte (- 5,75%), Vit\u00f3ria (- 5,48%), Goi\u00e2nia (- 5,01%) e Natal (- 4,84%). No m\u00eas passado, o maior custo da cesta b\u00e1sica de alimentos foi registrado em Porto Alegre (R$ 766,53), seguido por S\u00e3o Paulo (R$ 761,01), Florian\u00f3polis (R$ 758,50) e Rio de Janeiro (R$ 738,61). Em S\u00e3o Paulo, o custo caiu 3,83% em 2023.<\/span><\/p><div class='code-block code-block-8' style='margin: 8px auto; text-align: center; display: block; clear: both;'>\n<script>\n  atOptions = {\n    'key' : '66e2e2111ca34da796271819fc334058',\n    'format' : 'iframe',\n    'height' : 250,\n    'width' : 300,\n    'params' : {}\n  };\n<\/script>\n<script src=\"https:\/\/www.highperformanceformat.com\/66e2e2111ca34da796271819fc334058\/invoke.js\"><\/script>\n<\/div>\n\n<p><span data-contrast=\"none\">Em Ribeir\u00e3o Preto, a cesta b\u00e1sica subiu de R$ 630,83 em novembro para R$ 650,42 em dezembro, acr\u00e9scimo de R$ 19,59 e alta de 3,11%, a maior infla\u00e7\u00e3o desde maio na cidade, quando o \u00edndice de pre\u00e7os do kit b\u00e1sico de alimentos come\u00e7ou a ser monitorado pela Associa\u00e7\u00e3o Comercial e Industrial de Ribeir\u00e3o Preto (Acirp). Foi a terceira alta consecutiva no trimestre.<\/span><span data-ccp-props=\"{&quot;201341983&quot;:0,&quot;335559739&quot;:200,&quot;335559740&quot;:276}\">\u00a0<\/span><\/p>\n<p><span data-contrast=\"none\">A infla\u00e7\u00e3o acumulada nos \u00faltimos nove meses aumentou de -2,1% para 0,91%. A coleta de dados foi feita no dia 19 de dezembro pelos analistas do Instituto de Economia Maur\u00edlio Biagi da Acirp. A equipe visitou onze supermercados\/hipermercados e quatro panificadoras distribu\u00eddas pelas cinco regi\u00f5es do munic\u00edpio.\u00a0 <\/span><\/p>\n<p><b><span data-contrast=\"none\">Capitais <\/span><\/b><b><span data-contrast=\"auto\">\u2013<\/span><\/b> <span data-contrast=\"none\">Carne bovina e \u00f3leo de soja, produtos que foram sin\u00f4nimo de infla\u00e7\u00e3o em 2022, viraram o jogo no ano passado. Dos 13 alimentos que integram a cesta b\u00e1sica, carne bovina de primeira, feij\u00e3o carioquinha, caf\u00e9, \u00f3leo de soja e farinha de trigo registram queda de pre\u00e7o em todas as 17 capitais pesquisadas em 2023, com recuos acumulados no ano na casa de dois d\u00edgitos.<\/span><\/p>\n<p><span data-contrast=\"none\">A carne bovina de primeira ficou at\u00e9 12,96% mais em conta no varejo de Salvador (BA), enquanto o pre\u00e7o do \u00f3leo de soja caiu at\u00e9 33,04% em Curitiba (PR). J\u00e1 o pre\u00e7o do leite, outro vil\u00e3o da infla\u00e7\u00e3o, recuou em 16 capitais, com recuo de at\u00e9 16,81% em Vit\u00f3ria (ES). Os produtos com alta de pre\u00e7os no ano foram arroz agulhinha, feij\u00e3o preto, p\u00e3o franc\u00eas, a\u00e7\u00facar, batata e farinha de mandioca.<\/span><\/p>\n<p><span data-contrast=\"none\">Apesar do al\u00edvio no or\u00e7amento das fam\u00edlias por conta do recuo nos pre\u00e7os da comida, combinado com a valoriza\u00e7\u00e3o do sal\u00e1rio m\u00ednimo e pol\u00edtica de transfer\u00eancia de renda, os t\u00e9cnicos do Dieese alertam que h\u00e1 desafios importantes a serem enfrentados para o custo dos alimentos neste ano.<\/span><\/p>\n<p><span data-contrast=\"none\">Entre os fatores que poder\u00e3o acarretar alta de pre\u00e7os, est\u00e3o problemas clim\u00e1ticos, conflitos externos e o c\u00e2mbio desvalorizado, que estimula a exporta\u00e7\u00e3o. Na capital paulista, o valor da cesta b\u00e1sica apresentou queda de -3,83% entre dezembro de 2022 e dezembro de 2023, e ficou em R$ 761,01, o segundo maior valor entre as 17 cidades pesquisadas pelo Dieese. <\/span><\/p>\n<p><span data-contrast=\"none\">Entre novembro e dezembro de 2023, os pre\u00e7os dos g\u00eaneros aliment\u00edcios tiveram eleva\u00e7\u00e3o de 1,57%. Em doze meses, sete produtos tiveram redu\u00e7\u00e3o de pre\u00e7o entre dezembro de 2022 e o mesmo m\u00eas de 2023: \u00f3leo de soja (-30,89%), feij\u00e3o carioquinha (-19,42%), carne bovina de primeira (-11,10%), farinha de trigo (-7,09%), leite integral longa vida (-5,17%), caf\u00e9 em p\u00f3 (-4,80%) e manteiga (-0,82%). <\/span><\/p>\n<p><span data-contrast=\"none\">Outros seis produtos tiveram alta acumulada de pre\u00e7o: arroz agulhinha (26,24%), a\u00e7\u00facar refinado (11,14%), batata (3,91%), p\u00e3o franc\u00eas (3,15%), banana (2,98%) e tomate (2,23%). Entre novembro e dezembro de 2023, houve eleva\u00e7\u00e3o do pre\u00e7o m\u00e9dio de oito produtos.<\/span><\/p>\n<p><span data-contrast=\"none\">S\u00e3o eles batata (14,73%), feij\u00e3o carioquinha (5,77%), arroz agulhinha (3,45%), banana (3,26%), \u00f3leo de soja (2,51%), a\u00e7\u00facar refinado (2,05%), tomate (1,37%) e p\u00e3o franc\u00eas (0,45%). Os valores de outros cinco itens tiveram redu\u00e7\u00e3o: caf\u00e9 em p\u00f3 (-0,85%), farinha de trigo (-0,63%), manteiga (-0,58%), leite integral longa vida (-0,32%) e carne bovina de primeira (-0,20%).<\/span><\/p>\n<p><span data-ccp-props=\"{&quot;201341983&quot;:0,&quot;335559739&quot;:200,&quot;335559740&quot;:276}\">\u00a0<\/span><\/p>\n<\/div>\n<p><br \/>\n<br \/><a href=\"https:\/\/www.tribunaribeirao.com.br\/site\/cesta-basica-recua-em-15-de-17-capitais-2\/\">Source link <\/a><\/p>\n<div class='code-block code-block-4' style='margin: 8px auto 8px 0; text-align: left; display: block; clear: both;'>\n\ud83d\udce2 Aviso Legal\n\nO site ismaelcolosi.com.br atua apenas como um canal de divulga\u00e7\u00e3o de oportunidades de emprego e n\u00e3o se responsabiliza pelo processo seletivo, contrata\u00e7\u00e3o ou qualquer outra etapa relacionada \u00e0s vagas publicadas. Todas as informa\u00e7\u00f5es s\u00e3o de responsabilidade dos anunciantes.\n\n\u26a0\ufe0f Aten\u00e7\u00e3o! Nunca pague por promessas de emprego nem compre cursos que garantam contrata\u00e7\u00e3o. Desconfie de qualquer cobran\u00e7a para participar de sele\u00e7\u00f5es.\n\n\n\n<\/div>\n<!-- CONTENT END 1 -->\n","protected":false},"excerpt":{"rendered":"<p>O valor da cesta b\u00e1sica encerrou o ano passado em queda em 15 das 17 capitais pesquisadas pelo Departamento Intersindical de Estat\u00edsticas e Estudos Socioecon\u00f4micos&#8230;<\/p>\n","protected":false},"author":1,"featured_media":26722,"comment_status":"open","ping_status":"open","sticky":false,"template":"","format":"standard","meta":{"_uag_custom_page_level_css":"","advanced_seo_description":"","jetpack_seo_html_title":"","jetpack_seo_noindex":false,"jetpack_post_was_ever_published":false,"_jetpack_newsletter_access":"","_jetpack_dont_email_post_to_subs":false,"_jetpack_newsletter_tier_id":0,"_jetpack_memberships_contains_paywalled_content":false,"_jetpack_memberships_contains_paid_content":false,"footnotes":"","jetpack_publicize_message":"","jetpack_publicize_feature_enabled":true,"jetpack_social_post_already_shared":true,"jetpack_social_options":{"image_generator_settings":{"template":"highway","default_image_id":0,"font":"","enabled":false},"version":2}},"categories":[11],"tags":[802,3222,801,1849],"class_list":["post-26721","post","type-post","status-publish","format-standard","has-post-thumbnail","hentry","category-noticias-de-ribeirao-preto-sp-e-regiao-ismael-colosi","tag-basica","tag-capitais","tag-cesta","tag-recua"],"jetpack_publicize_connections":[],"jetpack_featured_media_url":"https:\/\/i0.wp.com\/ismaelcolosi.com.br\/wp-content\/uploads\/2024\/01\/Cesta-Geraldo-Bubniak-AEN-1-scaled.jpg?fit=1000%2C598&ssl=1","uagb_featured_image_src":{"full":["https:\/\/i0.wp.com\/ismaelcolosi.com.br\/wp-content\/uploads\/2024\/01\/Cesta-Geraldo-Bubniak-AEN-1-scaled.jpg?fit=1000%2C598&ssl=1",1000,598,false],"thumbnail":["https:\/\/i0.wp.com\/ismaelcolosi.com.br\/wp-content\/uploads\/2024\/01\/Cesta-Geraldo-Bubniak-AEN-1-scaled.jpg?resize=150%2C150&ssl=1",150,150,true],"medium":["https:\/\/i0.wp.com\/ismaelcolosi.com.br\/wp-content\/uploads\/2024\/01\/Cesta-Geraldo-Bubniak-AEN-1-scaled.jpg?fit=300%2C179&ssl=1",300,179,true],"medium_large":["https:\/\/i0.wp.com\/ismaelcolosi.com.br\/wp-content\/uploads\/2024\/01\/Cesta-Geraldo-Bubniak-AEN-1-scaled.jpg?fit=768%2C459&ssl=1",768,459,true],"large":["https:\/\/i0.wp.com\/ismaelcolosi.com.br\/wp-content\/uploads\/2024\/01\/Cesta-Geraldo-Bubniak-AEN-1-scaled.jpg?fit=1000%2C598&ssl=1",1000,598,true],"1536x1536":["https:\/\/i0.wp.com\/ismaelcolosi.com.br\/wp-content\/uploads\/2024\/01\/Cesta-Geraldo-Bubniak-AEN-1-scaled.jpg?fit=1000%2C598&ssl=1",1000,598,true],"2048x2048":["https:\/\/i0.wp.com\/ismaelcolosi.com.br\/wp-content\/uploads\/2024\/01\/Cesta-Geraldo-Bubniak-AEN-1-scaled.jpg?fit=1000%2C598&ssl=1",1000,598,true],"really-simple-thumb":["https:\/\/i0.wp.com\/ismaelcolosi.com.br\/wp-content\/uploads\/2024\/01\/Cesta-Geraldo-Bubniak-AEN-1-scaled.jpg?resize=370%2C247&ssl=1",370,247,true]},"uagb_author_info":{"display_name":"ismaelcolosi.com.br","author_link":"https:\/\/ismaelcolosi.com.br\/index.php\/author\/vidareal-online\/"},"uagb_comment_info":0,"uagb_excerpt":"O valor da cesta b\u00e1sica encerrou o ano passado em queda em 15 das 17 capitais pesquisadas pelo Departamento Intersindical de Estat\u00edsticas e Estudos Socioecon\u00f4micos...","jetpack-related-posts":[{"id":25831,"url":"https:\/\/ismaelcolosi.com.br\/index.php\/2024\/01\/08\/dieese-preco-da-cesta-basica-diminuiu-em-15-capitais-em-12-meses\/","url_meta":{"origin":26721,"position":0},"title":"pre\u00e7o da cesta b\u00e1sica diminuiu em 15 capitais em 12 meses \u2013 Folha de Ribeir\u00e3o","author":"ismaelcolosi.com.br","date":"8 de January de 2024","format":false,"excerpt":"O valor da cesta b\u00e1sica diminuiu em 15 capitais em 2023. As principais redu\u00e7\u00f5es acumuladas no per\u00edodo de 12 meses, entre dezembro de 2022 e no mesmo m\u00eas do ano passado, foram registradas em Campo Grande (-6,25%), Belo Horizonte (-5,75%), Vit\u00f3ria (-5,48%), Goi\u00e2nia (-5,01%) e Natal (-4,84%). J\u00e1 as taxas\u2026","rel":"","context":"In &quot;Not\u00edcias de Ribeir\u00e3o Preto-SP e Regi\u00e3o&quot;","block_context":{"text":"Not\u00edcias de Ribeir\u00e3o Preto-SP e Regi\u00e3o","link":"https:\/\/ismaelcolosi.com.br\/index.php\/category\/noticias-de-ribeirao-preto-sp-e-regiao-ismael-colosi\/"},"img":{"alt_text":"","src":"","width":0,"height":0},"classes":[]},{"id":38967,"url":"https:\/\/ismaelcolosi.com.br\/index.php\/2024\/02\/22\/cesta-basica-mais-cara-veja-qual-o-motivo-da-inflacao-em-ribeirao-preto\/","url_meta":{"origin":26721,"position":1},"title":"Cesta b\u00e1sica mais cara: Veja qual o motivo da infla\u00e7\u00e3o em Ribeir\u00e3o Preto","author":"ismaelcolosi.com.br","date":"22 de February de 2024","format":false,"excerpt":"Pela quinta vez consecutiva, o valor dos alimentos subiu em Ribeir\u00e3o Preto e apresentou infla\u00e7\u00e3o de 3,95% em fevereiro, na compara\u00e7\u00e3o com janeiro de 2024. O impacto do clima segue afetando o pre\u00e7o final da cesta b\u00e1sica da cidade. De acordo com o levantamento da Associa\u00e7\u00e3o Comercial e Industrial de\u2026","rel":"","context":"In &quot;Not\u00edcias de Ribeir\u00e3o Preto-SP e Regi\u00e3o&quot;","block_context":{"text":"Not\u00edcias de Ribeir\u00e3o Preto-SP e Regi\u00e3o","link":"https:\/\/ismaelcolosi.com.br\/index.php\/category\/noticias-de-ribeirao-preto-sp-e-regiao-ismael-colosi\/"},"img":{"alt_text":"","src":"https:\/\/i0.wp.com\/ismaelcolosi.com.br\/wp-content\/uploads\/2024\/02\/1708627724_inflacao_alimentos_1024x576_09022021133744.jpg?fit=1024%2C576&ssl=1&resize=350%2C200","width":350,"height":200,"srcset":"https:\/\/i0.wp.com\/ismaelcolosi.com.br\/wp-content\/uploads\/2024\/02\/1708627724_inflacao_alimentos_1024x576_09022021133744.jpg?fit=1024%2C576&ssl=1&resize=350%2C200 1x, https:\/\/i0.wp.com\/ismaelcolosi.com.br\/wp-content\/uploads\/2024\/02\/1708627724_inflacao_alimentos_1024x576_09022021133744.jpg?fit=1024%2C576&ssl=1&resize=525%2C300 1.5x, https:\/\/i0.wp.com\/ismaelcolosi.com.br\/wp-content\/uploads\/2024\/02\/1708627724_inflacao_alimentos_1024x576_09022021133744.jpg?fit=1024%2C576&ssl=1&resize=700%2C400 2x"},"classes":[]},{"id":6635,"url":"https:\/\/ismaelcolosi.com.br\/index.php\/2023\/11\/26\/saiba-em-qual-regiao-de-ribeirao-preto-a-cesta-basica-e-mais-cara\/","url_meta":{"origin":26721,"position":2},"title":"Saiba em qual regi\u00e3o de Ribeir\u00e3o Preto a cesta b\u00e1sica \u00e9 mais cara","author":"ismaelcolosi.com.br","date":"26 de November de 2023","format":false,"excerpt":"O pre\u00e7o dos alimentos subiu mais uma vez em Ribeir\u00e3o Preto e apresentou infla\u00e7\u00e3o de 3,07% em novembro em compara\u00e7\u00e3o ao m\u00eas anterior. O custo m\u00e9dio da cesta b\u00e1sica na cidade est\u00e1 em R$ 630,83. A zona Sul \u00e9 a regi\u00e3o de Ribeir\u00e3o Preto mais cara (saiba mais abaixo). O\u2026","rel":"","context":"In &quot;Not\u00edcias de Ribeir\u00e3o Preto-SP e Regi\u00e3o&quot;","block_context":{"text":"Not\u00edcias de Ribeir\u00e3o Preto-SP e Regi\u00e3o","link":"https:\/\/ismaelcolosi.com.br\/index.php\/category\/noticias-de-ribeirao-preto-sp-e-regiao-ismael-colosi\/"},"img":{"alt_text":"","src":"https:\/\/i0.wp.com\/ismaelcolosi.com.br\/wp-content\/uploads\/2023\/11\/shopping-1165437_1280-1.jpg?fit=1200%2C690&ssl=1&resize=350%2C200","width":350,"height":200,"srcset":"https:\/\/i0.wp.com\/ismaelcolosi.com.br\/wp-content\/uploads\/2023\/11\/shopping-1165437_1280-1.jpg?fit=1200%2C690&ssl=1&resize=350%2C200 1x, https:\/\/i0.wp.com\/ismaelcolosi.com.br\/wp-content\/uploads\/2023\/11\/shopping-1165437_1280-1.jpg?fit=1200%2C690&ssl=1&resize=525%2C300 1.5x, https:\/\/i0.wp.com\/ismaelcolosi.com.br\/wp-content\/uploads\/2023\/11\/shopping-1165437_1280-1.jpg?fit=1200%2C690&ssl=1&resize=700%2C400 2x, https:\/\/i0.wp.com\/ismaelcolosi.com.br\/wp-content\/uploads\/2023\/11\/shopping-1165437_1280-1.jpg?fit=1200%2C690&ssl=1&resize=1050%2C600 3x"},"classes":[]},{"id":38965,"url":"https:\/\/ismaelcolosi.com.br\/index.php\/2024\/02\/22\/clima-impulsiona-inflacao-em-ribeirao-veja-regiao-com-cesta-basica-mais-cara\/","url_meta":{"origin":26721,"position":3},"title":"Clima impulsiona infla\u00e7\u00e3o em Ribeir\u00e3o; Veja regi\u00e3o com cesta b\u00e1sica mais cara","author":"ismaelcolosi.com.br","date":"22 de February de 2024","format":false,"excerpt":"Pela quinta vez consecutiva, o valor dos alimentos subiu em Ribeir\u00e3o Preto e apresentou infla\u00e7\u00e3o de 3,95% em fevereiro, na compara\u00e7\u00e3o com janeiro de 2024. O impacto do clima segue afetando o pre\u00e7o final da cesta b\u00e1sica da cidade. De acordo com o levantamento da Associa\u00e7\u00e3o Comercial e Industrial de\u2026","rel":"","context":"In &quot;Not\u00edcias de Ribeir\u00e3o Preto-SP e Regi\u00e3o&quot;","block_context":{"text":"Not\u00edcias de Ribeir\u00e3o Preto-SP e Regi\u00e3o","link":"https:\/\/ismaelcolosi.com.br\/index.php\/category\/noticias-de-ribeirao-preto-sp-e-regiao-ismael-colosi\/"},"img":{"alt_text":"","src":"https:\/\/i0.wp.com\/ismaelcolosi.com.br\/wp-content\/uploads\/2024\/02\/inflacao_alimentos_1024x576_09022021133744.jpg?fit=1024%2C576&ssl=1&resize=350%2C200","width":350,"height":200,"srcset":"https:\/\/i0.wp.com\/ismaelcolosi.com.br\/wp-content\/uploads\/2024\/02\/inflacao_alimentos_1024x576_09022021133744.jpg?fit=1024%2C576&ssl=1&resize=350%2C200 1x, https:\/\/i0.wp.com\/ismaelcolosi.com.br\/wp-content\/uploads\/2024\/02\/inflacao_alimentos_1024x576_09022021133744.jpg?fit=1024%2C576&ssl=1&resize=525%2C300 1.5x, https:\/\/i0.wp.com\/ismaelcolosi.com.br\/wp-content\/uploads\/2024\/02\/inflacao_alimentos_1024x576_09022021133744.jpg?fit=1024%2C576&ssl=1&resize=700%2C400 2x"},"classes":[]},{"id":48250,"url":"https:\/\/ismaelcolosi.com.br\/index.php\/2024\/05\/01\/valor-da-cesta-basica-cai-em-ribeirao-preto-confira-o-ranking-de-valores-por-regiao\/","url_meta":{"origin":26721,"position":4},"title":"Valor da cesta b\u00e1sica cai em Ribeir\u00e3o Preto; Confira o ranking de valores por regi\u00e3o","author":"ismaelcolosi.com.br","date":"1 de May de 2024","format":false,"excerpt":"O pre\u00e7o dos alimentos em Ribeir\u00e3o Preto registrou a segunda queda consecutiva e o valor m\u00e9dio da cesta b\u00e1sica na cidade foi de R$ 668,23 em abril. Uma pesquisa da Associa\u00e7\u00e3o Comercial e Industrial de Ribeir\u00e3o Preto (Acirp) aponta redu\u00e7\u00e3o de 1,59% em rela\u00e7\u00e3o a mar\u00e7o. De acordo com levantamento\u2026","rel":"","context":"In &quot;Not\u00edcias de Ribeir\u00e3o Preto-SP e Regi\u00e3o&quot;","block_context":{"text":"Not\u00edcias de Ribeir\u00e3o Preto-SP e Regi\u00e3o","link":"https:\/\/ismaelcolosi.com.br\/index.php\/category\/noticias-de-ribeirao-preto-sp-e-regiao-ismael-colosi\/"},"img":{"alt_text":"","src":"https:\/\/i0.wp.com\/ismaelcolosi.com.br\/wp-content\/uploads\/2024\/05\/cesta_basica_1200x675_07022022110630.jpg?fit=1200%2C675&ssl=1&resize=350%2C200","width":350,"height":200,"srcset":"https:\/\/i0.wp.com\/ismaelcolosi.com.br\/wp-content\/uploads\/2024\/05\/cesta_basica_1200x675_07022022110630.jpg?fit=1200%2C675&ssl=1&resize=350%2C200 1x, https:\/\/i0.wp.com\/ismaelcolosi.com.br\/wp-content\/uploads\/2024\/05\/cesta_basica_1200x675_07022022110630.jpg?fit=1200%2C675&ssl=1&resize=525%2C300 1.5x, https:\/\/i0.wp.com\/ismaelcolosi.com.br\/wp-content\/uploads\/2024\/05\/cesta_basica_1200x675_07022022110630.jpg?fit=1200%2C675&ssl=1&resize=700%2C400 2x, https:\/\/i0.wp.com\/ismaelcolosi.com.br\/wp-content\/uploads\/2024\/05\/cesta_basica_1200x675_07022022110630.jpg?fit=1200%2C675&ssl=1&resize=1050%2C600 3x"},"classes":[]},{"id":54522,"url":"https:\/\/ismaelcolosi.com.br\/index.php\/2024\/06\/25\/centro-de-ribeirao-preto-tem-o-maior-preco-da-cesta-basica-em-junho-veja-valores-por-regiao\/","url_meta":{"origin":26721,"position":5},"title":"Centro de Ribeir\u00e3o Preto tem o maior pre\u00e7o da cesta b\u00e1sica em junho; Veja valores por regi\u00e3o","author":"ismaelcolosi.com.br","date":"25 de June de 2024","format":false,"excerpt":"O pre\u00e7o m\u00e9dio da cesta b\u00e1sica em Ribeir\u00e3o Preto registrou em junho, queda de 0,55% em rela\u00e7\u00e3o a maio, de acordo com pesquisa realizada pela Associa\u00e7\u00e3o Comercial e Industrial de Ribeir\u00e3o Preto (Acirp). Conforme mostra o levantamento, o kit de alimentos essenciais custou, em m\u00e9dia, R$ 686,73. No acumulado do\u2026","rel":"","context":"In &quot;Not\u00edcias de Ribeir\u00e3o Preto-SP e Regi\u00e3o&quot;","block_context":{"text":"Not\u00edcias de Ribeir\u00e3o Preto-SP e Regi\u00e3o","link":"https:\/\/ismaelcolosi.com.br\/index.php\/category\/noticias-de-ribeirao-preto-sp-e-regiao-ismael-colosi\/"},"img":{"alt_text":"","src":"https:\/\/i0.wp.com\/ismaelcolosi.com.br\/wp-content\/uploads\/2024\/06\/inflacao_alimentos_1024x576_09022021133744.jpg?fit=1024%2C576&ssl=1&resize=350%2C200","width":350,"height":200,"srcset":"https:\/\/i0.wp.com\/ismaelcolosi.com.br\/wp-content\/uploads\/2024\/06\/inflacao_alimentos_1024x576_09022021133744.jpg?fit=1024%2C576&ssl=1&resize=350%2C200 1x, https:\/\/i0.wp.com\/ismaelcolosi.com.br\/wp-content\/uploads\/2024\/06\/inflacao_alimentos_1024x576_09022021133744.jpg?fit=1024%2C576&ssl=1&resize=525%2C300 1.5x, https:\/\/i0.wp.com\/ismaelcolosi.com.br\/wp-content\/uploads\/2024\/06\/inflacao_alimentos_1024x576_09022021133744.jpg?fit=1024%2C576&ssl=1&resize=700%2C400 2x"},"classes":[]}],"jetpack_sharing_enabled":true,"jetpack_shortlink":"https:\/\/wp.me\/pfMlyK-6WZ","_links":{"self":[{"href":"https:\/\/ismaelcolosi.com.br\/index.php\/wp-json\/wp\/v2\/posts\/26721","targetHints":{"allow":["GET"]}}],"collection":[{"href":"https:\/\/ismaelcolosi.com.br\/index.php\/wp-json\/wp\/v2\/posts"}],"about":[{"href":"https:\/\/ismaelcolosi.com.br\/index.php\/wp-json\/wp\/v2\/types\/post"}],"author":[{"embeddable":true,"href":"https:\/\/ismaelcolosi.com.br\/index.php\/wp-json\/wp\/v2\/users\/1"}],"replies":[{"embeddable":true,"href":"https:\/\/ismaelcolosi.com.br\/index.php\/wp-json\/wp\/v2\/comments?post=26721"}],"version-history":[{"count":0,"href":"https:\/\/ismaelcolosi.com.br\/index.php\/wp-json\/wp\/v2\/posts\/26721\/revisions"}],"wp:featuredmedia":[{"embeddable":true,"href":"https:\/\/ismaelcolosi.com.br\/index.php\/wp-json\/wp\/v2\/media\/26722"}],"wp:attachment":[{"href":"https:\/\/ismaelcolosi.com.br\/index.php\/wp-json\/wp\/v2\/media?parent=26721"}],"wp:term":[{"taxonomy":"category","embeddable":true,"href":"https:\/\/ismaelcolosi.com.br\/index.php\/wp-json\/wp\/v2\/categories?post=26721"},{"taxonomy":"post_tag","embeddable":true,"href":"https:\/\/ismaelcolosi.com.br\/index.php\/wp-json\/wp\/v2\/tags?post=26721"}],"curies":[{"name":"wp","href":"https:\/\/api.w.org\/{rel}","templated":true}]}}