{"id":26716,"date":"2024-01-10T17:03:00","date_gmt":"2024-01-10T20:03:00","guid":{"rendered":"https:\/\/ismaelcolosi.com.br\/index.php\/2024\/01\/10\/resgate-de-idosos-mantidos-em-condicoes-sub-humanas-pelo-proprio-filho-causa-comocao-em-bombeiros\/"},"modified":"2024-01-10T17:03:00","modified_gmt":"2024-01-10T20:03:00","slug":"resgate-de-idosos-mantidos-em-condicoes-sub-humanas-pelo-proprio-filho-causa-comocao-em-bombeiros","status":"publish","type":"post","link":"https:\/\/ismaelcolosi.com.br\/index.php\/2024\/01\/10\/resgate-de-idosos-mantidos-em-condicoes-sub-humanas-pelo-proprio-filho-causa-comocao-em-bombeiros\/","title":{"rendered":"Resgate de idosos mantidos em condi\u00e7\u00f5es sub-humanas pelo pr\u00f3prio filho causa como\u00e7\u00e3o em bombeiros"},"content":{"rendered":"<p> <br \/>\n<\/p>\n<div itemprop=\"text\">\n<p>Casos de viol\u00eancia e maus-tratos contra grupos vulner\u00e1veis s\u00e3o sempre muito dif\u00edceis de se digerir. Nesta semana, at\u00e9 mesmo bombeiros treinados acabaram se emocionando com um caso registrado no estado de Goi\u00e1s.<\/p>\n<p>De acordo com informa\u00e7\u00f5es da pol\u00edcia civil, um casal de idosos foi resgatado de maus-tratos impostos pelo pr\u00f3prio filho. Durante a a\u00e7\u00e3o, os agentes dos bombeiros n\u00e3o conseguiram conter a como\u00e7\u00e3o.<\/p><div class='code-block code-block-8' style='margin: 8px auto; text-align: center; display: block; clear: both;'>\n<script>\n  atOptions = {\n    'key' : '66e2e2111ca34da796271819fc334058',\n    'format' : 'iframe',\n    'height' : 250,\n    'width' : 300,\n    'params' : {}\n  };\n<\/script>\n<script src=\"https:\/\/www.highperformanceformat.com\/66e2e2111ca34da796271819fc334058\/invoke.js\"><\/script>\n<\/div>\n\n<p>O casal, uma mulher de 87 anos e um homem de 92 anos, era explorado e agredido pelo pr\u00f3prio filho, de 52 anos. Al\u00e9m de maltratar os pr\u00f3prios pais, o homem tamb\u00e9m se apossava do dinheiro de aposentadoria dos idosos.<\/p>\n<p>O caso foi descoberta ap\u00f3s uma denuncia an\u00f4nima. Na liga\u00e7\u00e3o, a pessoa relatava sobre um homem que usava os cart\u00f5es dos pais, mas n\u00e3o custeava os gastos b\u00e1sicos dos pais, incluindo alimenta\u00e7\u00e3o e sa\u00fade.<\/p>\n<p>Ambos os idosos foram encontrados em estado de subnutri\u00e7\u00e3o, com roupas sujas. A casa apresentava sujeira e falta de condi\u00e7\u00f5es m\u00ednimas. A mulher, ao ver os policiais, pediu socorro, comida e por atendimento m\u00e9dico se queixando de dores.<\/p>\n<p><iframe loading=\"lazy\" src=\"https:\/\/content.jwplatform.com\/players\/Q4qANWwm-HdA8q6gX.html\" width=\"640\" height=\"360\" frameborder=\"0\" scrolling=\"auto\"><\/iframe><\/p>\n<p>Questionada se o filho providenciava comida, a idosa afirmou que recebia bolachas, mas n\u00e3o conseguia comer. O casal foi levado ao hospital pelo quadro de desidrata\u00e7\u00e3o, desnutri\u00e7\u00e3o e para passar por uma avalia\u00e7\u00e3o m\u00e9dica.<\/p>\n<p>No atendimento, uma sargento dos bombeiros conseguiu um prato de mingau e a descri\u00e7\u00e3o \u00e9 de que a idosa comeu como se n\u00e3o visse comida h\u00e1 dias. Os militares se emocionaram no atendimento.<\/p>\n<\/div>\n<p><br \/>\n<br \/><a href=\"https:\/\/fnmais.com\/resgate-idosos-mantidos-em-condicoes-sub-humanas-pelo-proprio-filho-causa-comocao-em-bombeiros\/\">Source link <\/a><\/p>\n<div class='code-block code-block-4' style='margin: 8px auto 8px 0; text-align: left; display: block; clear: both;'>\n\ud83d\udce2 Aviso Legal\n\nO site ismaelcolosi.com.br atua apenas como um canal de divulga\u00e7\u00e3o de oportunidades de emprego e n\u00e3o se responsabiliza pelo processo seletivo, contrata\u00e7\u00e3o ou qualquer outra etapa relacionada \u00e0s vagas publicadas. Todas as informa\u00e7\u00f5es s\u00e3o de responsabilidade dos anunciantes.\n\n\u26a0\ufe0f Aten\u00e7\u00e3o! Nunca pague por promessas de emprego nem compre cursos que garantam contrata\u00e7\u00e3o. Desconfie de qualquer cobran\u00e7a para participar de sele\u00e7\u00f5es.\n\n\n\n<\/div>\n<!-- CONTENT END 1 -->\n","protected":false},"excerpt":{"rendered":"<p>Casos de viol\u00eancia e maus-tratos contra grupos vulner\u00e1veis s\u00e3o sempre muito dif\u00edceis de se digerir. Nesta semana, at\u00e9 mesmo bombeiros treinados acabaram se emocionando com&#8230;<\/p>\n","protected":false},"author":1,"featured_media":26717,"comment_status":"open","ping_status":"open","sticky":false,"template":"","format":"standard","meta":{"_uag_custom_page_level_css":"","advanced_seo_description":"","jetpack_seo_html_title":"","jetpack_seo_noindex":false,"jetpack_post_was_ever_published":false,"_jetpack_newsletter_access":"","_jetpack_dont_email_post_to_subs":false,"_jetpack_newsletter_tier_id":0,"_jetpack_memberships_contains_paywalled_content":false,"_jetpack_memberships_contains_paid_content":false,"footnotes":"","jetpack_publicize_message":"","jetpack_publicize_feature_enabled":true,"jetpack_social_post_already_shared":true,"jetpack_social_options":{"image_generator_settings":{"template":"highway","default_image_id":0,"font":"","enabled":false},"version":2}},"categories":[1],"tags":[],"class_list":["post-26716","post","type-post","status-publish","format-standard","has-post-thumbnail","hentry","category-blog"],"jetpack_publicize_connections":[],"jetpack_featured_media_url":"https:\/\/i0.wp.com\/ismaelcolosi.com.br\/wp-content\/uploads\/2024\/01\/postimg-659edf09836336007.jpg?fit=1200%2C628&ssl=1","uagb_featured_image_src":{"full":["https:\/\/i0.wp.com\/ismaelcolosi.com.br\/wp-content\/uploads\/2024\/01\/postimg-659edf09836336007.jpg?fit=1200%2C628&ssl=1",1200,628,false],"thumbnail":["https:\/\/i0.wp.com\/ismaelcolosi.com.br\/wp-content\/uploads\/2024\/01\/postimg-659edf09836336007.jpg?resize=150%2C150&ssl=1",150,150,true],"medium":["https:\/\/i0.wp.com\/ismaelcolosi.com.br\/wp-content\/uploads\/2024\/01\/postimg-659edf09836336007.jpg?fit=300%2C157&ssl=1",300,157,true],"medium_large":["https:\/\/i0.wp.com\/ismaelcolosi.com.br\/wp-content\/uploads\/2024\/01\/postimg-659edf09836336007.jpg?fit=768%2C402&ssl=1",768,402,true],"large":["https:\/\/i0.wp.com\/ismaelcolosi.com.br\/wp-content\/uploads\/2024\/01\/postimg-659edf09836336007.jpg?fit=1024%2C536&ssl=1",1024,536,true],"1536x1536":["https:\/\/i0.wp.com\/ismaelcolosi.com.br\/wp-content\/uploads\/2024\/01\/postimg-659edf09836336007.jpg?fit=1200%2C628&ssl=1",1200,628,true],"2048x2048":["https:\/\/i0.wp.com\/ismaelcolosi.com.br\/wp-content\/uploads\/2024\/01\/postimg-659edf09836336007.jpg?fit=1200%2C628&ssl=1",1200,628,true],"really-simple-thumb":["https:\/\/i0.wp.com\/ismaelcolosi.com.br\/wp-content\/uploads\/2024\/01\/postimg-659edf09836336007.jpg?resize=370%2C247&ssl=1",370,247,true]},"uagb_author_info":{"display_name":"ismaelcolosi.com.br","author_link":"https:\/\/ismaelcolosi.com.br\/index.php\/author\/vidareal-online\/"},"uagb_comment_info":0,"uagb_excerpt":"Casos de viol\u00eancia e maus-tratos contra grupos vulner\u00e1veis s\u00e3o sempre muito dif\u00edceis de se digerir. Nesta semana, at\u00e9 mesmo bombeiros treinados acabaram se emocionando com...","jetpack-related-posts":[{"id":25753,"url":"https:\/\/ismaelcolosi.com.br\/index.php\/2024\/01\/08\/filho-mata-o-proprio-pai-em-jardinopolis\/","url_meta":{"origin":26716,"position":0},"title":"Filho mata o pr\u00f3prio pai em Jardin\u00f3polis","author":"ismaelcolosi.com.br","date":"8 de January de 2024","format":false,"excerpt":"Parric\u00eddio ocorreu ap\u00f3s discuss\u00e3o entre os dois, suspeito do crime usa medicamentos controlados 8 de janeiro de 2024 | 12:15 0Por: Adalberto LuqueUm homem de 64 anos morreu, na noite deste domingo (07), na Rua Doutor Saul Ruas Martins, em Jardin\u00f3polis. O autor do crime foi seu pr\u00f3prio filho. Os\u2026","rel":"","context":"In &quot;Not\u00edcias de Ribeir\u00e3o Preto-SP e Regi\u00e3o&quot;","block_context":{"text":"Not\u00edcias de Ribeir\u00e3o Preto-SP e Regi\u00e3o","link":"https:\/\/ismaelcolosi.com.br\/index.php\/category\/noticias-de-ribeirao-preto-sp-e-regiao-ismael-colosi\/"},"img":{"alt_text":"","src":"https:\/\/i0.wp.com\/ismaelcolosi.com.br\/wp-content\/uploads\/2024\/01\/Luque-Viaturas-PM-jan-2023-Foto-Alfredo-Fisk-scaled.jpg?fit=1200%2C800&ssl=1&resize=350%2C200","width":350,"height":200,"srcset":"https:\/\/i0.wp.com\/ismaelcolosi.com.br\/wp-content\/uploads\/2024\/01\/Luque-Viaturas-PM-jan-2023-Foto-Alfredo-Fisk-scaled.jpg?fit=1200%2C800&ssl=1&resize=350%2C200 1x, https:\/\/i0.wp.com\/ismaelcolosi.com.br\/wp-content\/uploads\/2024\/01\/Luque-Viaturas-PM-jan-2023-Foto-Alfredo-Fisk-scaled.jpg?fit=1200%2C800&ssl=1&resize=525%2C300 1.5x, https:\/\/i0.wp.com\/ismaelcolosi.com.br\/wp-content\/uploads\/2024\/01\/Luque-Viaturas-PM-jan-2023-Foto-Alfredo-Fisk-scaled.jpg?fit=1200%2C800&ssl=1&resize=700%2C400 2x, https:\/\/i0.wp.com\/ismaelcolosi.com.br\/wp-content\/uploads\/2024\/01\/Luque-Viaturas-PM-jan-2023-Foto-Alfredo-Fisk-scaled.jpg?fit=1200%2C800&ssl=1&resize=1050%2C600 3x"},"classes":[]},{"id":20878,"url":"https:\/\/ismaelcolosi.com.br\/index.php\/2023\/12\/26\/pai-e-filho-perderam-a-vida-abracados-em-ataque-a-tiros-durante-ceia-de-natal-em-seguida-atirador-tirou-a-propria-vida\/","url_meta":{"origin":26716,"position":1},"title":"Pai e filho perderam a vida abra\u00e7ados em ataque a tiros durante ceia de Natal, em seguida atirador tirou a pr\u00f3pria vida","author":"ismaelcolosi.com.br","date":"26 de December de 2023","format":false,"excerpt":"O que era para ser uma noite de alegria e festividade em fam\u00edlia terminou de maneira tr\u00e1gica, uma fam\u00edlia moradora da cidade de Maring\u00e1 que fica no interior do estado do Paran\u00e1, foi v\u00edtima de um ataque a tiros durante a ceia de Natal.Os corpos do pai e do filho\u2026","rel":"","context":"In &quot;Blog&quot;","block_context":{"text":"Blog","link":"https:\/\/ismaelcolosi.com.br\/index.php\/category\/blog\/"},"img":{"alt_text":"","src":"https:\/\/i0.wp.com\/ismaelcolosi.com.br\/wp-content\/uploads\/2023\/12\/postimg-658b08e6879ce8246.jpg?fit=1200%2C628&ssl=1&resize=350%2C200","width":350,"height":200,"srcset":"https:\/\/i0.wp.com\/ismaelcolosi.com.br\/wp-content\/uploads\/2023\/12\/postimg-658b08e6879ce8246.jpg?fit=1200%2C628&ssl=1&resize=350%2C200 1x, https:\/\/i0.wp.com\/ismaelcolosi.com.br\/wp-content\/uploads\/2023\/12\/postimg-658b08e6879ce8246.jpg?fit=1200%2C628&ssl=1&resize=525%2C300 1.5x, https:\/\/i0.wp.com\/ismaelcolosi.com.br\/wp-content\/uploads\/2023\/12\/postimg-658b08e6879ce8246.jpg?fit=1200%2C628&ssl=1&resize=700%2C400 2x, https:\/\/i0.wp.com\/ismaelcolosi.com.br\/wp-content\/uploads\/2023\/12\/postimg-658b08e6879ce8246.jpg?fit=1200%2C628&ssl=1&resize=1050%2C600 3x"},"classes":[]},{"id":75804,"url":"https:\/\/ismaelcolosi.com.br\/index.php\/2024\/11\/07\/pais-sao-presos-em-franca-suspeitos-da-morte-do-filho-de-53-dias-com-sinais-de-desnutricao\/","url_meta":{"origin":26716,"position":2},"title":"Pais S\u00e3o Presos em Franca Suspeitos da Morte do Filho de 53 Dias com Sinais de Desnutri\u00e7\u00e3o","author":"ismaelcolosi.com.br","date":"7 de November de 2024","format":false,"excerpt":"Um caso tr\u00e1gico chocou a cidade de Franca, interior de S\u00e3o Paulo, quando um beb\u00ea de apenas 53 dias de vida foi encontrado morto com sinais evidentes de desnutri\u00e7\u00e3o. Os pais da crian\u00e7a foram presos e est\u00e3o sendo investigados pela pol\u00edcia, que apura as circunst\u00e2ncias que levaram \u00e0 morte do\u2026","rel":"","context":"In &quot;Not\u00edcias de Ribeir\u00e3o Preto-SP e Regi\u00e3o&quot;","block_context":{"text":"Not\u00edcias de Ribeir\u00e3o Preto-SP e Regi\u00e3o","link":"https:\/\/ismaelcolosi.com.br\/index.php\/category\/noticias-de-ribeirao-preto-sp-e-regiao-ismael-colosi\/"},"img":{"alt_text":"","src":"https:\/\/i0.wp.com\/ismaelcolosi.com.br\/wp-content\/uploads\/2024\/11\/bebe.webp.webp?fit=1170%2C700&ssl=1&resize=350%2C200","width":350,"height":200,"srcset":"https:\/\/i0.wp.com\/ismaelcolosi.com.br\/wp-content\/uploads\/2024\/11\/bebe.webp.webp?fit=1170%2C700&ssl=1&resize=350%2C200 1x, https:\/\/i0.wp.com\/ismaelcolosi.com.br\/wp-content\/uploads\/2024\/11\/bebe.webp.webp?fit=1170%2C700&ssl=1&resize=525%2C300 1.5x, https:\/\/i0.wp.com\/ismaelcolosi.com.br\/wp-content\/uploads\/2024\/11\/bebe.webp.webp?fit=1170%2C700&ssl=1&resize=700%2C400 2x, https:\/\/i0.wp.com\/ismaelcolosi.com.br\/wp-content\/uploads\/2024\/11\/bebe.webp.webp?fit=1170%2C700&ssl=1&resize=1050%2C600 3x"},"classes":[]},{"id":51949,"url":"https:\/\/ismaelcolosi.com.br\/index.php\/2024\/06\/02\/incendio-atinge-residencia-com-casal-de-idosos-na-regiao-de-ribeirao-preto\/","url_meta":{"origin":26716,"position":3},"title":"Inc\u00eandio atinge resid\u00eancia com casal de idosos na regi\u00e3o de Ribeir\u00e3o Preto","author":"ismaelcolosi.com.br","date":"2 de June de 2024","format":false,"excerpt":"Um inc\u00eandio atingiu uma resid\u00eancia onde estava um casal de idosos e um filho na tarde deste domingo (2), em Sert\u00e3ozinho, na regi\u00e3o de Ribeir\u00e3o Preto. Segundo informa\u00e7\u00f5es, os idosos foram retirados do im\u00f3vel pelo filho, que rapidamente percebeu as chamas na rua Carlos Gomes, no Jardim Nova Sert\u00e3ozinho. Apesar\u2026","rel":"","context":"In &quot;Not\u00edcias de Ribeir\u00e3o Preto-SP e Regi\u00e3o&quot;","block_context":{"text":"Not\u00edcias de Ribeir\u00e3o Preto-SP e Regi\u00e3o","link":"https:\/\/ismaelcolosi.com.br\/index.php\/category\/noticias-de-ribeirao-preto-sp-e-regiao-ismael-colosi\/"},"img":{"alt_text":"","src":"https:\/\/i0.wp.com\/ismaelcolosi.com.br\/wp-content\/uploads\/2024\/06\/viaturas_2024-06-02_21-54-54_jpg_2024-06-02_21-54-54.webp.webp?fit=1029%2C578&ssl=1&resize=350%2C200","width":350,"height":200,"srcset":"https:\/\/i0.wp.com\/ismaelcolosi.com.br\/wp-content\/uploads\/2024\/06\/viaturas_2024-06-02_21-54-54_jpg_2024-06-02_21-54-54.webp.webp?fit=1029%2C578&ssl=1&resize=350%2C200 1x, https:\/\/i0.wp.com\/ismaelcolosi.com.br\/wp-content\/uploads\/2024\/06\/viaturas_2024-06-02_21-54-54_jpg_2024-06-02_21-54-54.webp.webp?fit=1029%2C578&ssl=1&resize=525%2C300 1.5x, https:\/\/i0.wp.com\/ismaelcolosi.com.br\/wp-content\/uploads\/2024\/06\/viaturas_2024-06-02_21-54-54_jpg_2024-06-02_21-54-54.webp.webp?fit=1029%2C578&ssl=1&resize=700%2C400 2x"},"classes":[]},{"id":13895,"url":"https:\/\/ismaelcolosi.com.br\/index.php\/2023\/12\/11\/bebe-nao-resiste-apos-ser-ejetado-de-veiculo-na-br-369-mae-esta-em-estado-grave\/","url_meta":{"origin":26716,"position":4},"title":"Beb\u00ea n\u00e3o resiste ap\u00f3s ser ejetado de ve\u00edculo na BR-369; m\u00e3e est\u00e1 em estado grave","author":"ismaelcolosi.com.br","date":"11 de December de 2023","format":false,"excerpt":"Neste \u00faltimo domingo, dia 10 de dezembro, um beb\u00ea morreu ap\u00f3s ter sido ejetado de um ve\u00edculo na BR-369, entre as regi\u00f5es de Londrina e Ibipor\u00e3, no norte do Paran\u00e1. O caso aconteceu durante o per\u00edodo noturno e est\u00e1 sendo bastante lamentado.De acordo com informa\u00e7\u00f5es fornecidas pela PRF (Pol\u00edcia Rodovi\u00e1ria\u2026","rel":"","context":"In &quot;Blog&quot;","block_context":{"text":"Blog","link":"https:\/\/ismaelcolosi.com.br\/index.php\/category\/blog\/"},"img":{"alt_text":"","src":"https:\/\/i0.wp.com\/ismaelcolosi.com.br\/wp-content\/uploads\/2023\/12\/postimg-65772acf01e4e8965.jpg?fit=1200%2C628&ssl=1&resize=350%2C200","width":350,"height":200,"srcset":"https:\/\/i0.wp.com\/ismaelcolosi.com.br\/wp-content\/uploads\/2023\/12\/postimg-65772acf01e4e8965.jpg?fit=1200%2C628&ssl=1&resize=350%2C200 1x, https:\/\/i0.wp.com\/ismaelcolosi.com.br\/wp-content\/uploads\/2023\/12\/postimg-65772acf01e4e8965.jpg?fit=1200%2C628&ssl=1&resize=525%2C300 1.5x, https:\/\/i0.wp.com\/ismaelcolosi.com.br\/wp-content\/uploads\/2023\/12\/postimg-65772acf01e4e8965.jpg?fit=1200%2C628&ssl=1&resize=700%2C400 2x, https:\/\/i0.wp.com\/ismaelcolosi.com.br\/wp-content\/uploads\/2023\/12\/postimg-65772acf01e4e8965.jpg?fit=1200%2C628&ssl=1&resize=1050%2C600 3x"},"classes":[]},{"id":35147,"url":"https:\/\/ismaelcolosi.com.br\/index.php\/2024\/02\/05\/homem-e-preso-por-maus-tratos-contra-cachorro-na-regiao-de-ribeirao-preto\/","url_meta":{"origin":26716,"position":5},"title":"Homem \u00e9 preso por maus-tratos contra cachorro na regi\u00e3o de Ribeir\u00e3o Preto","author":"ismaelcolosi.com.br","date":"5 de February de 2024","format":false,"excerpt":"Um homem de 53 anos foi preso na manh\u00e3 de domingo (4), em C\u00f3rrego Rico, distrito de Jaboticabal, que fica cerca de 60 quil\u00f4metros de Ribeir\u00e3o Preto. Segundo o Boletim de Ocorr\u00eancia, registrado como abuso de animais, policiais militares foram chamados para checar uma den\u00fancia an\u00f4nima de maus-tratos contra animal.\u2026","rel":"","context":"In &quot;Not\u00edcias de Ribeir\u00e3o Preto-SP e Regi\u00e3o&quot;","block_context":{"text":"Not\u00edcias de Ribeir\u00e3o Preto-SP e Regi\u00e3o","link":"https:\/\/ismaelcolosi.com.br\/index.php\/category\/noticias-de-ribeirao-preto-sp-e-regiao-ismael-colosi\/"},"img":{"alt_text":"","src":"https:\/\/i0.wp.com\/ismaelcolosi.com.br\/wp-content\/uploads\/2024\/02\/acidadeon_logos_Prancheta-1-copia-12_edited.jpg?fit=1199%2C1200&ssl=1&resize=350%2C200","width":350,"height":200,"srcset":"https:\/\/i0.wp.com\/ismaelcolosi.com.br\/wp-content\/uploads\/2024\/02\/acidadeon_logos_Prancheta-1-copia-12_edited.jpg?fit=1199%2C1200&ssl=1&resize=350%2C200 1x, https:\/\/i0.wp.com\/ismaelcolosi.com.br\/wp-content\/uploads\/2024\/02\/acidadeon_logos_Prancheta-1-copia-12_edited.jpg?fit=1199%2C1200&ssl=1&resize=525%2C300 1.5x, https:\/\/i0.wp.com\/ismaelcolosi.com.br\/wp-content\/uploads\/2024\/02\/acidadeon_logos_Prancheta-1-copia-12_edited.jpg?fit=1199%2C1200&ssl=1&resize=700%2C400 2x, https:\/\/i0.wp.com\/ismaelcolosi.com.br\/wp-content\/uploads\/2024\/02\/acidadeon_logos_Prancheta-1-copia-12_edited.jpg?fit=1199%2C1200&ssl=1&resize=1050%2C600 3x"},"classes":[]}],"jetpack_sharing_enabled":true,"jetpack_shortlink":"https:\/\/wp.me\/pfMlyK-6WU","_links":{"self":[{"href":"https:\/\/ismaelcolosi.com.br\/index.php\/wp-json\/wp\/v2\/posts\/26716","targetHints":{"allow":["GET"]}}],"collection":[{"href":"https:\/\/ismaelcolosi.com.br\/index.php\/wp-json\/wp\/v2\/posts"}],"about":[{"href":"https:\/\/ismaelcolosi.com.br\/index.php\/wp-json\/wp\/v2\/types\/post"}],"author":[{"embeddable":true,"href":"https:\/\/ismaelcolosi.com.br\/index.php\/wp-json\/wp\/v2\/users\/1"}],"replies":[{"embeddable":true,"href":"https:\/\/ismaelcolosi.com.br\/index.php\/wp-json\/wp\/v2\/comments?post=26716"}],"version-history":[{"count":0,"href":"https:\/\/ismaelcolosi.com.br\/index.php\/wp-json\/wp\/v2\/posts\/26716\/revisions"}],"wp:featuredmedia":[{"embeddable":true,"href":"https:\/\/ismaelcolosi.com.br\/index.php\/wp-json\/wp\/v2\/media\/26717"}],"wp:attachment":[{"href":"https:\/\/ismaelcolosi.com.br\/index.php\/wp-json\/wp\/v2\/media?parent=26716"}],"wp:term":[{"taxonomy":"category","embeddable":true,"href":"https:\/\/ismaelcolosi.com.br\/index.php\/wp-json\/wp\/v2\/categories?post=26716"},{"taxonomy":"post_tag","embeddable":true,"href":"https:\/\/ismaelcolosi.com.br\/index.php\/wp-json\/wp\/v2\/tags?post=26716"}],"curies":[{"name":"wp","href":"https:\/\/api.w.org\/{rel}","templated":true}]}}