{"id":26683,"date":"2024-01-10T15:37:35","date_gmt":"2024-01-10T18:37:35","guid":{"rendered":"https:\/\/ismaelcolosi.com.br\/index.php\/2024\/01\/10\/botafogo-goleia-e-garante-classificacao-na-copinha\/"},"modified":"2024-01-10T15:37:35","modified_gmt":"2024-01-10T18:37:35","slug":"botafogo-goleia-e-garante-classificacao-na-copinha","status":"publish","type":"post","link":"https:\/\/ismaelcolosi.com.br\/index.php\/2024\/01\/10\/botafogo-goleia-e-garante-classificacao-na-copinha\/","title":{"rendered":"Botafogo goleia e garante classifica\u00e7\u00e3o na Copinha"},"content":{"rendered":"<p> <br \/>\n<\/p>\n<div id=\"post-369965\">\n<header class=\"entry-header penci-entry-header penci-title-center\">\n<p> <span class=\"entry-meta-item penci-posted-on\"><i class=\"fa fa-clock-o\"\/><time class=\"entry-date published updated\" datetime=\"2024-01-10T15:25:19-03:00\">10 de janeiro de 2024 | 15:25<\/time><\/span><\/p>\n<p> <span class=\"penci-social-buttons penci-social-share-footer\"><a href=\"#\" class=\"penci-post-like penci_post-meta_item  single-like-button penci-social-item like\" data-post_id=\"369965\" title=\"Like\" data-like=\"Like\" data-unlike=\"Unlike\"><i class=\"fa fa-thumbs-o-up\"\/><span class=\"penci-share-number\">0<\/span><\/a><i class=\"fa fa-facebook\"\/><a class=\"penci-social-item twitter\" target=\"_blank\" rel=\"noopener\" title=\"\" href=\"https:\/\/twitter.com\/intent\/tweet?text=Botafogo%20goleia%20e%20garante%20classifica\u00e7\u00e3o%20na%20Copinha%20-%20https:\/\/www.tribunaribeirao.com.br\/site\/botafogo-goleia-e-garante-classificacao-na-copinha\/\"><i class=\"fa fa-twitter\"\/><\/a><i class=\"fa fa-whatsapp\"\/><\/span><\/header>\n<div class=\"penci-entry-content entry-content\">\n<figure id=\"attachment_369967\" aria-describedby=\"caption-attachment-369967\" style=\"width: 300px\" class=\"wp-caption alignleft\"><noscript><img data-recalc-dims=\"1\" loading=\"lazy\" decoding=\"async\" class=\"size-medium wp-image-369967\" src=\"https:\/\/i0.wp.com\/www.tribunaribeirao.com.br\/site\/wp-content\/uploads\/2024\/01\/bota1-300x200.jpeg?resize=300%2C200&#038;ssl=1\" alt=\"\" width=\"300\" height=\"200\" srcset=\"https:\/\/www.tribunaribeirao.com.br\/site\/wp-content\/uploads\/2024\/01\/bota1-300x200.jpeg 300w, https:\/\/www.tribunaribeirao.com.br\/site\/wp-content\/uploads\/2024\/01\/bota1-1024x682.jpeg 1024w, https:\/\/www.tribunaribeirao.com.br\/site\/wp-content\/uploads\/2024\/01\/bota1-768x512.jpeg 768w, https:\/\/www.tribunaribeirao.com.br\/site\/wp-content\/uploads\/2024\/01\/bota1-1536x1024.jpeg 1536w, https:\/\/www.tribunaribeirao.com.br\/site\/wp-content\/uploads\/2024\/01\/bota1-2048x1365.jpeg 2048w, https:\/\/www.tribunaribeirao.com.br\/site\/wp-content\/uploads\/2024\/01\/bota1-480x320.jpeg 480w, https:\/\/www.tribunaribeirao.com.br\/site\/wp-content\/uploads\/2024\/01\/bota1-280x186.jpeg 280w, https:\/\/www.tribunaribeirao.com.br\/site\/wp-content\/uploads\/2024\/01\/bota1-1920x1280.jpeg 1920w, https:\/\/www.tribunaribeirao.com.br\/site\/wp-content\/uploads\/2024\/01\/bota1-960x640.jpeg 960w, https:\/\/www.tribunaribeirao.com.br\/site\/wp-content\/uploads\/2024\/01\/bota1-600x400.jpeg 600w, https:\/\/www.tribunaribeirao.com.br\/site\/wp-content\/uploads\/2024\/01\/bota1-585x390.jpeg 585w, https:\/\/www.tribunaribeirao.com.br\/site\/wp-content\/uploads\/2024\/01\/bota1-scaled.jpeg 968w\" sizes=\"auto, (max-width: 300px) 100vw, 300px\"\/><\/noscript><figcaption id=\"caption-attachment-369967\" class=\"wp-caption-text\">Bota espera o t\u00e9rmino da rodada para conhecer o seu advers\u00e1rio na pr\u00f3xima fase.<\/figcaption><\/figure>\n<p>O Botafogo venceu o Fast Clube (AM) na tarde desta quarta-feira (10) e garantiu sua classifica\u00e7\u00e3o para a segunda fase da Copa S\u00e3o Paulo de Futebol J\u00fanior. O jogo aconteceu no Est\u00e1dio Amadeu Mosca, em Salto, pela terceira e \u00faltima rodada da primeira fase. O Tricolor de Ribeir\u00e3o Preto venceu por 7 a 1.<\/p>\n<p>O Botafogo precisava da vit\u00f3ria para se classificar no Grupo 17. E n\u00e3o encontrou muitas dificuldades. Logo aos 16 minutos, Z\u00e9 L\u00facio lan\u00e7ou para o atacante William, que ganhou na velocidade, se livrou do zagueiro e com categoria, tirou do goleiro Neneca para abrir o placar.<\/p>\n<p>O segundo foi 4 minutos depois, numa troca de passes que culminou num chute certeiro de Thalles. Piriquito diminuiu aos 25 cobrando p\u00eanalti, mas aos 34, de novo Thalles, de cabe\u00e7a, ampliou: 3 a 1. O Bota ainda chegou ao quarto gol no fim da primeira etapa com Jo\u00e3o Costa.<\/p>\n<p>No segundo tempo o time de Ribeir\u00e3o continuou buscando o gol. E aos 30, Pedro Severino acertou um belo chute de fora da \u00e1rea fazendo o quinto do Tricolor. Cadu ainda fez mais dois, aos 42 e aos 46. Final 7 a 1 pro Pantera, que agora espera o t\u00e9rmino da rodada para conhecer o seu advers\u00e1rio na pr\u00f3xima fase.<\/p>\n<p>\u00a0<\/p>\n<p>\u00a0<\/p>\n<\/div>\n<footer class=\"penci-entry-footer\"\/><\/div>\n<p><script async src=\"\/\/platform.twitter.com\/widgets.js\" charset=\"utf-8\"><\/script><br \/>\n<br \/><br \/>\n<br \/><a href=\"https:\/\/www.tribunaribeirao.com.br\/site\/botafogo-goleia-e-garante-classificacao-na-copinha\/\">Source link <\/a><\/p>\n<div class='code-block code-block-4' style='margin: 8px auto 8px 0; text-align: left; display: block; clear: both;'>\n\ud83d\udce2 Aviso Legal\n\nO site ismaelcolosi.com.br atua apenas como um canal de divulga\u00e7\u00e3o de oportunidades de emprego e n\u00e3o se responsabiliza pelo processo seletivo, contrata\u00e7\u00e3o ou qualquer outra etapa relacionada \u00e0s vagas publicadas. Todas as informa\u00e7\u00f5es s\u00e3o de responsabilidade dos anunciantes.\n\n\u26a0\ufe0f Aten\u00e7\u00e3o! Nunca pague por promessas de emprego nem compre cursos que garantam contrata\u00e7\u00e3o. Desconfie de qualquer cobran\u00e7a para participar de sele\u00e7\u00f5es.\n\n\n\n<\/div>\n<!-- CONTENT END 1 -->\n","protected":false},"excerpt":{"rendered":"<p>10 de janeiro de 2024 | 15:25 0 Bota espera o t\u00e9rmino da rodada para conhecer o seu advers\u00e1rio na pr\u00f3xima fase. O Botafogo venceu&#8230;<\/p>\n","protected":false},"author":1,"featured_media":26684,"comment_status":"open","ping_status":"open","sticky":false,"template":"","format":"standard","meta":{"_uag_custom_page_level_css":"","advanced_seo_description":"","jetpack_seo_html_title":"","jetpack_seo_noindex":false,"jetpack_post_was_ever_published":false,"_jetpack_newsletter_access":"","_jetpack_dont_email_post_to_subs":false,"_jetpack_newsletter_tier_id":0,"_jetpack_memberships_contains_paywalled_content":false,"_jetpack_memberships_contains_paid_content":false,"footnotes":"","jetpack_publicize_message":"","jetpack_publicize_feature_enabled":true,"jetpack_social_post_already_shared":true,"jetpack_social_options":{"image_generator_settings":{"template":"highway","default_image_id":0,"font":"","enabled":false},"version":2}},"categories":[11],"tags":[52,3178,3003,887,3342],"class_list":["post-26683","post","type-post","status-publish","format-standard","has-post-thumbnail","hentry","category-noticias-de-ribeirao-preto-sp-e-regiao-ismael-colosi","tag-botafogo","tag-classificacao","tag-copinha","tag-garante","tag-goleia"],"jetpack_publicize_connections":[],"jetpack_featured_media_url":"https:\/\/i0.wp.com\/ismaelcolosi.com.br\/wp-content\/uploads\/2024\/01\/bota2-scaled.jpeg?fit=968%2C645&ssl=1","uagb_featured_image_src":{"full":["https:\/\/i0.wp.com\/ismaelcolosi.com.br\/wp-content\/uploads\/2024\/01\/bota2-scaled.jpeg?fit=968%2C645&ssl=1",968,645,false],"thumbnail":["https:\/\/i0.wp.com\/ismaelcolosi.com.br\/wp-content\/uploads\/2024\/01\/bota2-scaled.jpeg?resize=150%2C150&ssl=1",150,150,true],"medium":["https:\/\/i0.wp.com\/ismaelcolosi.com.br\/wp-content\/uploads\/2024\/01\/bota2-scaled.jpeg?fit=300%2C200&ssl=1",300,200,true],"medium_large":["https:\/\/i0.wp.com\/ismaelcolosi.com.br\/wp-content\/uploads\/2024\/01\/bota2-scaled.jpeg?fit=768%2C512&ssl=1",768,512,true],"large":["https:\/\/i0.wp.com\/ismaelcolosi.com.br\/wp-content\/uploads\/2024\/01\/bota2-scaled.jpeg?fit=968%2C645&ssl=1",968,645,true],"1536x1536":["https:\/\/i0.wp.com\/ismaelcolosi.com.br\/wp-content\/uploads\/2024\/01\/bota2-scaled.jpeg?fit=968%2C645&ssl=1",968,645,true],"2048x2048":["https:\/\/i0.wp.com\/ismaelcolosi.com.br\/wp-content\/uploads\/2024\/01\/bota2-scaled.jpeg?fit=968%2C645&ssl=1",968,645,true],"really-simple-thumb":["https:\/\/i0.wp.com\/ismaelcolosi.com.br\/wp-content\/uploads\/2024\/01\/bota2-scaled.jpeg?resize=370%2C247&ssl=1",370,247,true]},"uagb_author_info":{"display_name":"ismaelcolosi.com.br","author_link":"https:\/\/ismaelcolosi.com.br\/index.php\/author\/vidareal-online\/"},"uagb_comment_info":0,"uagb_excerpt":"10 de janeiro de 2024 | 15:25 0 Bota espera o t\u00e9rmino da rodada para conhecer o seu advers\u00e1rio na pr\u00f3xima fase. O Botafogo venceu...","jetpack-related-posts":[{"id":27873,"url":"https:\/\/ismaelcolosi.com.br\/index.php\/2024\/01\/13\/com-gol-no-fim-botafogo-vira-e-consegue-a-classificacao-na-copinha\/","url_meta":{"origin":26683,"position":0},"title":"Com gol no fim, Botafogo vira e consegue a classifica\u00e7\u00e3o na Copinha","author":"ismaelcolosi.com.br","date":"13 de January de 2024","format":false,"excerpt":"Com gol no fim, o Botafogo virou sobre o Floresta-CE e conseguiu a classifica\u00e7\u00e3o para terceira fase da Copa S\u00e3o Paulo de Futebol J\u00fanior 2024. O confronto aconteceu na tarde deste s\u00e1bado (13) no est\u00e1dio Amadeu Mosca, em Salto. A equipe do Cear\u00e1 abriu o placar aos 6 minutos do\u2026","rel":"","context":"In &quot;Not\u00edcias de Ribeir\u00e3o Preto-SP e Regi\u00e3o&quot;","block_context":{"text":"Not\u00edcias de Ribeir\u00e3o Preto-SP e Regi\u00e3o","link":"https:\/\/ismaelcolosi.com.br\/index.php\/category\/noticias-de-ribeirao-preto-sp-e-regiao-ismael-colosi\/"},"img":{"alt_text":"","src":"https:\/\/i0.wp.com\/ismaelcolosi.com.br\/wp-content\/uploads\/2024\/01\/BOTAFOGO-DE-RIBEIRAO.jpg?fit=1200%2C800&ssl=1&resize=350%2C200","width":350,"height":200,"srcset":"https:\/\/i0.wp.com\/ismaelcolosi.com.br\/wp-content\/uploads\/2024\/01\/BOTAFOGO-DE-RIBEIRAO.jpg?fit=1200%2C800&ssl=1&resize=350%2C200 1x, https:\/\/i0.wp.com\/ismaelcolosi.com.br\/wp-content\/uploads\/2024\/01\/BOTAFOGO-DE-RIBEIRAO.jpg?fit=1200%2C800&ssl=1&resize=525%2C300 1.5x, https:\/\/i0.wp.com\/ismaelcolosi.com.br\/wp-content\/uploads\/2024\/01\/BOTAFOGO-DE-RIBEIRAO.jpg?fit=1200%2C800&ssl=1&resize=700%2C400 2x, https:\/\/i0.wp.com\/ismaelcolosi.com.br\/wp-content\/uploads\/2024\/01\/BOTAFOGO-DE-RIBEIRAO.jpg?fit=1200%2C800&ssl=1&resize=1050%2C600 3x"},"classes":[]},{"id":29050,"url":"https:\/\/ismaelcolosi.com.br\/index.php\/2024\/01\/17\/copinha-corinthians-goleia-crb-para-se-garantir-nas-quartas\/","url_meta":{"origin":26683,"position":1},"title":"Corinthians goleia CRB para se garantir nas quartas \u2013 Folha de Ribeir\u00e3o","author":"ismaelcolosi.com.br","date":"17 de January de 2024","format":false,"excerpt":"O Corinthians avan\u00e7ou para as quartas de final da Copa S\u00e3o Paulo de Futebol ap\u00f3s golear o CRB por 6 a 0, na noite desta ter\u00e7a-feira (16) no est\u00e1dio Bento de Abreu Sampaio Vidal, em Mar\u00edlia. Desta forma o Tim\u00e3o, que \u00e9 o maior campe\u00e3o da hist\u00f3ria da competi\u00e7\u00e3o, continua\u2026","rel":"","context":"In &quot;Not\u00edcias de Ribeir\u00e3o Preto-SP e Regi\u00e3o&quot;","block_context":{"text":"Not\u00edcias de Ribeir\u00e3o Preto-SP e Regi\u00e3o","link":"https:\/\/ismaelcolosi.com.br\/index.php\/category\/noticias-de-ribeirao-preto-sp-e-regiao-ismael-colosi\/"},"img":{"alt_text":"","src":"","width":0,"height":0},"classes":[]},{"id":28408,"url":"https:\/\/ismaelcolosi.com.br\/index.php\/2024\/01\/15\/botafogo-esta-nas-oitavas-de-final-da-copinha\/","url_meta":{"origin":26683,"position":2},"title":"Botafogo est\u00e1 nas oitavas de final da Copinha","author":"ismaelcolosi.com.br","date":"15 de January de 2024","format":false,"excerpt":"15 de janeiro de 2024 | 18:22 0O Botafogo est\u00e1 classificado para as oitavas de final da Copa S\u00e3o Paulo de Futebol J\u00fanior. Nesta segunda-feira (15), o Tricolor venceu o Sfera por 4 a 3, nos p\u00eanaltis, ap\u00f3s empate no tempo normal por 0 a 0, no Est\u00e1dio Amadeu Mosca,\u2026","rel":"","context":"In &quot;Not\u00edcias de Ribeir\u00e3o Preto-SP e Regi\u00e3o&quot;","block_context":{"text":"Not\u00edcias de Ribeir\u00e3o Preto-SP e Regi\u00e3o","link":"https:\/\/ismaelcolosi.com.br\/index.php\/category\/noticias-de-ribeirao-preto-sp-e-regiao-ismael-colosi\/"},"img":{"alt_text":"","src":"https:\/\/i0.wp.com\/ismaelcolosi.com.br\/wp-content\/uploads\/2024\/01\/60234e00-8d91-4e1a-b552-eada0c752f92.jpg?fit=960%2C539&ssl=1&resize=350%2C200","width":350,"height":200,"srcset":"https:\/\/i0.wp.com\/ismaelcolosi.com.br\/wp-content\/uploads\/2024\/01\/60234e00-8d91-4e1a-b552-eada0c752f92.jpg?fit=960%2C539&ssl=1&resize=350%2C200 1x, https:\/\/i0.wp.com\/ismaelcolosi.com.br\/wp-content\/uploads\/2024\/01\/60234e00-8d91-4e1a-b552-eada0c752f92.jpg?fit=960%2C539&ssl=1&resize=525%2C300 1.5x, https:\/\/i0.wp.com\/ismaelcolosi.com.br\/wp-content\/uploads\/2024\/01\/60234e00-8d91-4e1a-b552-eada0c752f92.jpg?fit=960%2C539&ssl=1&resize=700%2C400 2x"},"classes":[]},{"id":28530,"url":"https:\/\/ismaelcolosi.com.br\/index.php\/2024\/01\/16\/botafogo-vence-nos-penaltis-e-garante-vaga-para-as-oitavas-de-final-da-copinha-1\/","url_meta":{"origin":26683,"position":3},"title":"Botafogo vence nos p\u00eanaltis e garante vaga para as oitavas de final da Copinha","author":"ismaelcolosi.com.br","date":"16 de January de 2024","format":false,"excerpt":"O Botafogo se classificou para as oitavas de final da Copa S\u00e3o Paulo de Futebol J\u00fanior 2024. A disputa contra o Sfera aconteceu, na tarde desta segunda-feira (15), no est\u00e1dio Amadeu Mosca, em Salto. A equipe de Ribeir\u00e3o Preto empatou em 0 a 0 no tempo regular da partida e\u2026","rel":"","context":"In &quot;Not\u00edcias de Ribeir\u00e3o Preto-SP e Regi\u00e3o&quot;","block_context":{"text":"Not\u00edcias de Ribeir\u00e3o Preto-SP e Regi\u00e3o","link":"https:\/\/ismaelcolosi.com.br\/index.php\/category\/noticias-de-ribeirao-preto-sp-e-regiao-ismael-colosi\/"},"img":{"alt_text":"","src":"https:\/\/i0.wp.com\/ismaelcolosi.com.br\/wp-content\/uploads\/2024\/01\/Copia-de-Copia-de-TAMANHO-EXATO-PARA-FOTOS-NO-SISTEMA-NOVO-11.png?fit=1200%2C675&ssl=1&resize=350%2C200","width":350,"height":200,"srcset":"https:\/\/i0.wp.com\/ismaelcolosi.com.br\/wp-content\/uploads\/2024\/01\/Copia-de-Copia-de-TAMANHO-EXATO-PARA-FOTOS-NO-SISTEMA-NOVO-11.png?fit=1200%2C675&ssl=1&resize=350%2C200 1x, https:\/\/i0.wp.com\/ismaelcolosi.com.br\/wp-content\/uploads\/2024\/01\/Copia-de-Copia-de-TAMANHO-EXATO-PARA-FOTOS-NO-SISTEMA-NOVO-11.png?fit=1200%2C675&ssl=1&resize=525%2C300 1.5x, https:\/\/i0.wp.com\/ismaelcolosi.com.br\/wp-content\/uploads\/2024\/01\/Copia-de-Copia-de-TAMANHO-EXATO-PARA-FOTOS-NO-SISTEMA-NOVO-11.png?fit=1200%2C675&ssl=1&resize=700%2C400 2x, https:\/\/i0.wp.com\/ismaelcolosi.com.br\/wp-content\/uploads\/2024\/01\/Copia-de-Copia-de-TAMANHO-EXATO-PARA-FOTOS-NO-SISTEMA-NOVO-11.png?fit=1200%2C675&ssl=1&resize=1050%2C600 3x"},"classes":[]},{"id":29294,"url":"https:\/\/ismaelcolosi.com.br\/index.php\/2024\/01\/17\/botafogo-perde-para-o-flamengo-nos-ultimos-minutos-e-esta-fora-da-copinha\/","url_meta":{"origin":26683,"position":4},"title":"Botafogo perde para o Flamengo nos \u00faltimos minutos e est\u00e1 fora da Copinha","author":"ismaelcolosi.com.br","date":"17 de January de 2024","format":false,"excerpt":"O Botafogo foi derrotado pelo Flamengo por 2 a 1, no fim da partida desta quarta-feira (17), no Est\u00e1dio Jos\u00e9 Liberatti, em Osasco, pelas oitavas de final da Copa S\u00e3o Paulo de Futebol J\u00fanior. Daniel Rog\u00e9rio foi quem abriu o placar para o Rubro-Negro, aos 17 minutos do primeiro tempo,\u2026","rel":"","context":"In &quot;Not\u00edcias de Ribeir\u00e3o Preto-SP e Regi\u00e3o&quot;","block_context":{"text":"Not\u00edcias de Ribeir\u00e3o Preto-SP e Regi\u00e3o","link":"https:\/\/ismaelcolosi.com.br\/index.php\/category\/noticias-de-ribeirao-preto-sp-e-regiao-ismael-colosi\/"},"img":{"alt_text":"","src":"https:\/\/i0.wp.com\/ismaelcolosi.com.br\/wp-content\/uploads\/2024\/01\/Copia-de-Copia-de-TAMANHO-EXATO-PARA-FOTOS-NO-SISTEMA-NOVO-1.jpg?fit=1200%2C675&ssl=1&resize=350%2C200","width":350,"height":200,"srcset":"https:\/\/i0.wp.com\/ismaelcolosi.com.br\/wp-content\/uploads\/2024\/01\/Copia-de-Copia-de-TAMANHO-EXATO-PARA-FOTOS-NO-SISTEMA-NOVO-1.jpg?fit=1200%2C675&ssl=1&resize=350%2C200 1x, https:\/\/i0.wp.com\/ismaelcolosi.com.br\/wp-content\/uploads\/2024\/01\/Copia-de-Copia-de-TAMANHO-EXATO-PARA-FOTOS-NO-SISTEMA-NOVO-1.jpg?fit=1200%2C675&ssl=1&resize=525%2C300 1.5x, https:\/\/i0.wp.com\/ismaelcolosi.com.br\/wp-content\/uploads\/2024\/01\/Copia-de-Copia-de-TAMANHO-EXATO-PARA-FOTOS-NO-SISTEMA-NOVO-1.jpg?fit=1200%2C675&ssl=1&resize=700%2C400 2x, https:\/\/i0.wp.com\/ismaelcolosi.com.br\/wp-content\/uploads\/2024\/01\/Copia-de-Copia-de-TAMANHO-EXATO-PARA-FOTOS-NO-SISTEMA-NOVO-1.jpg?fit=1200%2C675&ssl=1&resize=1050%2C600 3x"},"classes":[]},{"id":56163,"url":"https:\/\/ismaelcolosi.com.br\/index.php\/2024\/07\/09\/de-virada-botafogo-goleia-o-comercial-em-classico-pela-copa-paulista\/","url_meta":{"origin":26683,"position":5},"title":"De virada: Botafogo goleia o Comercial em cl\u00e1ssico pela Copa Paulista","author":"ismaelcolosi.com.br","date":"9 de July de 2024","format":false,"excerpt":"O Botafogo venceu o Comercial por 4 a 1 na noite desta ter\u00e7a-feira (9), pela Copa Paulista. O cl\u00e1ssico Come-Fogo foi disputado no est\u00e1dio Santa Cruz\/Arena Nicnet, em Ribeir\u00e3o Preto. Os gols A vit\u00f3ria do Pantera sobre o Le\u00e3o do Norte veio de virada. O Comercial abriu o placar com\u2026","rel":"","context":"In &quot;Not\u00edcias de Ribeir\u00e3o Preto-SP e Regi\u00e3o&quot;","block_context":{"text":"Not\u00edcias de Ribeir\u00e3o Preto-SP e Regi\u00e3o","link":"https:\/\/ismaelcolosi.com.br\/index.php\/category\/noticias-de-ribeirao-preto-sp-e-regiao-ismael-colosi\/"},"img":{"alt_text":"","src":"https:\/\/i0.wp.com\/ismaelcolosi.com.br\/wp-content\/uploads\/2024\/07\/comefogo_2024-07-09_23-49-06_jpeg_2024-07-09_23-49-06.webp.webp?fit=1200%2C915&ssl=1&resize=350%2C200","width":350,"height":200,"srcset":"https:\/\/i0.wp.com\/ismaelcolosi.com.br\/wp-content\/uploads\/2024\/07\/comefogo_2024-07-09_23-49-06_jpeg_2024-07-09_23-49-06.webp.webp?fit=1200%2C915&ssl=1&resize=350%2C200 1x, https:\/\/i0.wp.com\/ismaelcolosi.com.br\/wp-content\/uploads\/2024\/07\/comefogo_2024-07-09_23-49-06_jpeg_2024-07-09_23-49-06.webp.webp?fit=1200%2C915&ssl=1&resize=525%2C300 1.5x, https:\/\/i0.wp.com\/ismaelcolosi.com.br\/wp-content\/uploads\/2024\/07\/comefogo_2024-07-09_23-49-06_jpeg_2024-07-09_23-49-06.webp.webp?fit=1200%2C915&ssl=1&resize=700%2C400 2x, https:\/\/i0.wp.com\/ismaelcolosi.com.br\/wp-content\/uploads\/2024\/07\/comefogo_2024-07-09_23-49-06_jpeg_2024-07-09_23-49-06.webp.webp?fit=1200%2C915&ssl=1&resize=1050%2C600 3x"},"classes":[]}],"jetpack_sharing_enabled":true,"jetpack_shortlink":"https:\/\/wp.me\/pfMlyK-6Wn","_links":{"self":[{"href":"https:\/\/ismaelcolosi.com.br\/index.php\/wp-json\/wp\/v2\/posts\/26683","targetHints":{"allow":["GET"]}}],"collection":[{"href":"https:\/\/ismaelcolosi.com.br\/index.php\/wp-json\/wp\/v2\/posts"}],"about":[{"href":"https:\/\/ismaelcolosi.com.br\/index.php\/wp-json\/wp\/v2\/types\/post"}],"author":[{"embeddable":true,"href":"https:\/\/ismaelcolosi.com.br\/index.php\/wp-json\/wp\/v2\/users\/1"}],"replies":[{"embeddable":true,"href":"https:\/\/ismaelcolosi.com.br\/index.php\/wp-json\/wp\/v2\/comments?post=26683"}],"version-history":[{"count":0,"href":"https:\/\/ismaelcolosi.com.br\/index.php\/wp-json\/wp\/v2\/posts\/26683\/revisions"}],"wp:featuredmedia":[{"embeddable":true,"href":"https:\/\/ismaelcolosi.com.br\/index.php\/wp-json\/wp\/v2\/media\/26684"}],"wp:attachment":[{"href":"https:\/\/ismaelcolosi.com.br\/index.php\/wp-json\/wp\/v2\/media?parent=26683"}],"wp:term":[{"taxonomy":"category","embeddable":true,"href":"https:\/\/ismaelcolosi.com.br\/index.php\/wp-json\/wp\/v2\/categories?post=26683"},{"taxonomy":"post_tag","embeddable":true,"href":"https:\/\/ismaelcolosi.com.br\/index.php\/wp-json\/wp\/v2\/tags?post=26683"}],"curies":[{"name":"wp","href":"https:\/\/api.w.org\/{rel}","templated":true}]}}