{"id":26515,"date":"2024-01-10T07:02:50","date_gmt":"2024-01-10T10:02:50","guid":{"rendered":"https:\/\/ismaelcolosi.com.br\/index.php\/2024\/01\/10\/ex-ceo-do-google-tem-projeto-secreto-de-drones-militares\/"},"modified":"2024-01-10T07:02:50","modified_gmt":"2024-01-10T10:02:50","slug":"ex-ceo-do-google-tem-projeto-secreto-de-drones-militares","status":"publish","type":"post","link":"https:\/\/ismaelcolosi.com.br\/index.php\/2024\/01\/10\/ex-ceo-do-google-tem-projeto-secreto-de-drones-militares\/","title":{"rendered":"Ex-CEO do Google tem projeto secreto de drones militares"},"content":{"rendered":"<p> <br \/>\n<\/p>\n<div>\n<div id=\"attachment_589201\" class=\"wp-caption alignnone style=\" max-width:=\"\"><img data-recalc-dims=\"1\" fetchpriority=\"high\" decoding=\"async\" class=\"alignnone wp-image-589201 size-full\" src=\"https:\/\/i0.wp.com\/forbes.com.br\/wp-content\/uploads\/2024\/01\/carreira-Eric-Schmidt-ex-ceo-google-768x512.jpg?resize=678%2C452&#038;ssl=1\" http:=\"\" alt=\"Foto: Getty Images \/ Ilustra\u00e7\u00e3o: Forbes\" width=\"678\" height=\"452\" data-lazy-src=\"https:\/\/forbes.com.br\/wp-content\/uploads\/2024\/01\/carreira-Eric-Schmidt-ex-ceo-google-768x512.jpg\"\/><noscript><img data-recalc-dims=\"1\" fetchpriority=\"high\" decoding=\"async\" class=\"alignnone wp-image-589201 size-full\" src=\"https:\/\/i0.wp.com\/forbes.com.br\/wp-content\/uploads\/2024\/01\/carreira-Eric-Schmidt-ex-ceo-google-768x512.jpg?resize=678%2C452&#038;ssl=1\" alt=\"Foto: Getty Images \/ Ilustra\u00e7\u00e3o: Forbes\" width=\"678\" height=\"452\"\/><\/noscript><\/p>\n<p>Foto: Getty Images \/ Ilustra\u00e7\u00e3o: Forbes<\/p>\n<p class=\"wp-caption-text\">Bilion\u00e1rio, Eric Schmidt deixou a lideran\u00e7a do Google em 2017<\/p>\n<\/div>\n<p><span style=\"font-weight: 400;\">O <strong>ex-CEO do Google Eric Schmidt<\/strong> vem planejando discretamente um novo empreendimento de tecnologia de defesa: um projeto de drones militares, segundo fontes com conhecimento do assunto disseram \u00e0 Forbes. O projeto ainda n\u00e3o foi lan\u00e7ado publicamente.<\/span><\/p>\n<p><span style=\"font-weight: 400;\">O empreendimento pretende fornecer uma alternativa americana aos drones chineses e desenvolver\u00e1 sistemas de aeronaves n\u00e3o-tripuladas especificamente para serem usadas \u200b\u200bno campo de batalha, disseram duas das fontes.\u00a0<\/span><\/p>\n<ul>\n<li>\n<h4>Siga o canal da <a href=\"https:\/\/whatsapp.com\/channel\/0029Va9gQKwBFLgM96cJnu0u\" target=\"_blank\" rel=\"noopener\">Forbes<\/a> e de <a href=\"https:\/\/whatsapp.com\/channel\/0029VaAZk57JuyA9F4UwQc2I\" target=\"_blank\" rel=\"noopener\">Forbes Money<\/a> no WhatsApp e receba as principais not\u00edcias sobre neg\u00f3cios, carreira, tecnologia e estilo de vida<\/h4>\n<\/li>\n<\/ul>\n<h2><b>Quem est\u00e1 envolvido no projeto<\/b><\/h2>\n<p><span style=\"font-weight: 400;\">Tr\u00eas pessoas familiarizadas com o projeto de Schmidt afirmaram que o projeto foi influenciado pelas suas recentes visitas \u00e0 Ucr\u00e2nia, onde o bilion\u00e1rio se encontrou com funcion\u00e1rios do governo e l\u00edderes militares. Duas dessas pessoas acrescentaram que Sebastian Thrun, cofundador de um laborat\u00f3rio de inova\u00e7\u00e3o do Google, tamb\u00e9m est\u00e1 envolvido.<\/span><\/p>\n<p><span style=\"font-weight: 400;\">De acordo com duas fontes, apenas algumas pessoas est\u00e3o envolvidas no neg\u00f3cio, que Schmidt conseguiu manter em segredo devido a sensibilidades geopol\u00edticas. N\u00e3o est\u00e1 claro se uma empresa foi criada e Schmidt e Thrun n\u00e3o quiseram comentar.<\/span><\/p>\n<p><strong>Leia tamb\u00e9m:<\/strong><\/p>\n<h2><b>Investimentos militares<\/b><\/h2>\n<p><span style=\"font-weight: 400;\">O ex-CEO do Google j\u00e1 se manifestou algumas vezes sobre a import\u00e2ncia dos drones na guerra na Ucr\u00e2nia. \u201cO futuro da guerra ser\u00e1 ditado e travado por drones\u201d,<\/span><span style=\"font-weight: 400;\"> escreveu<\/span><span style=\"font-weight: 400;\"> em um artigo de julho para o \u201cWall Street Journal\u201d depois de retornar de Kiev.\u00a0<\/span><\/p>\n<p><span style=\"font-weight: 400;\">No in\u00edcio deste ano, o jornal \u201c<\/span><span style=\"font-weight: 400;\">Washington Post<\/span><span style=\"font-weight: 400;\">\u201d informou que Schmidt, juntamente com outros investidores, havia colocado US$ 10 milh\u00f5es na aceleradora de startups ucraniana <\/span><span style=\"font-weight: 400;\">D3<\/span><span style=\"font-weight: 400;\">, que se concentra em tecnologia militar, mas parece estar desvinculada deste novo empreendimento.\u00a0<\/span><\/p>\n<p><span style=\"font-weight: 400;\">A D3, que significa Dare to Defend Democracy (Ouse Defender a Democracia, em tradu\u00e7\u00e3o literal), fornecer\u00e1 uma primeira rodada de <\/span><span style=\"font-weight: 400;\">US$ 125 mil <\/span><span style=\"font-weight: 400;\">para startups em est\u00e1gio inicial, bem como oportunidades de mentoria.<\/span><\/p>\n<h2><b>Depois do crach\u00e1<\/b><\/h2>\n<p><span style=\"font-weight: 400;\">Desde que deixou o cargo de presidente do Google em 2017, Schmidt dedicou grande parte do seu tempo e da sua fortuna para unir os interesses do Vale do Sil\u00edcio e do Pent\u00e1gono por meio de diversos comit\u00eas consultivos, grupos de reflex\u00e3o e seu vasto portf\u00f3lio de startups.<\/span><\/p>\n<p><span style=\"font-weight: 400;\">Em Washington, ele defende que as ag\u00eancias militares acelerem os seus investimentos em tecnologia, especialmente em torno da intelig\u00eancia artificial, que ele acredita que desempenhar\u00e1 um papel importante<\/span><span style=\"font-weight: 400;\"> na seguran\u00e7a nacional<\/span><span style=\"font-weight: 400;\"> e em assuntos relacionados \u00e0 China.\u00a0<\/span><\/p>\n<p><span style=\"font-weight: 400;\">Schmidt atuou anteriormente como presidente do Conselho de Inova\u00e7\u00e3o do Departamento de Defesa dos EUA e na Comiss\u00e3o de Seguran\u00e7a Nacional sobre Intelig\u00eancia Artificial, onde fez <\/span><span style=\"font-weight: 400;\">recomenda\u00e7\u00f5es formais<\/span><span style=\"font-weight: 400;\"> sobre a estrat\u00e9gia de intelig\u00eancia artificial do pa\u00eds.<\/span><\/p>\n<h2><b>Rela\u00e7\u00f5es com a Ucr\u00e2nia<\/b><\/h2>\n<p><span style=\"font-weight: 400;\">Essas rela\u00e7\u00f5es governamentais deram a ele uma reputa\u00e7\u00e3o de estadista tanto nos EUA quanto no exterior, e ele aproveitou essa influ\u00eancia para se reunir com poderosos estrategistas militares.\u00a0<\/span><\/p>\n<p><span style=\"font-weight: 400;\">As recentes viagens de Schmidt \u00e0 Ucr\u00e2nia ajudaram a divulgar o seu novo projeto de drones, disseram tr\u00eas fontes familiarizadas com o projeto do bilion\u00e1rio. Em particular, disseram duas delas, ele estava interessado no uso de drones e quadric\u00f3pteros (aeronaves impulsionadas por quatro motores) pelo pa\u00eds para lan\u00e7ar uma contraofensiva em rela\u00e7\u00e3o \u00e0 R\u00fassia.\u00a0<\/span><\/p>\n<p><span style=\"font-weight: 400;\">Em setembro de 2022, Andriy Yermak, chefe do gabinete do presidente Volodymyr Zelenskyy, <\/span><span style=\"font-weight: 400;\">anunciou<\/span><span style=\"font-weight: 400;\"> que ele e Schmidt discutiram \u201csolu\u00e7\u00f5es tecnol\u00f3gicas\u201d para expulsar as for\u00e7as russas da Ucr\u00e2nia.<\/span><\/p>\n<h2>Thrun e os drones do Google<\/h2>\n<p><span style=\"font-weight: 400;\">Faz sentido que Thrun, um veterano da aeron\u00e1utica e ex-colega de Schmidt no Google, seja seu parceiro no neg\u00f3cio. Especialista em rob\u00f3tica, o alem\u00e3o estabeleceu seus primeiros la\u00e7os com o Google em 2010, depois que o cofundador Larry Page o recrutou para construir carros aut\u00f4nomos, nos quais Thrun j\u00e1 vinha trabalhando na Universidade de Stanford.\u00a0<\/span><\/p>\n<p><span style=\"font-weight: 400;\">A iniciativa acabaria se tornando a subsidi\u00e1ria Waymo da Alphabet, controladora do Google, e o laborat\u00f3rio se transformou no Google X, a incubadora secreta da gigante da tecnologia para projetos lunares. Em 2010, Thrun tamb\u00e9m fundou a <\/span><span style=\"font-weight: 400;\">startup de t\u00e1xi a\u00e9reo Kittyhawk<\/span><span style=\"font-weight: 400;\"> \u2013 que f<\/span><span style=\"font-weight: 400;\">echou no ano passado<\/span><span style=\"font-weight: 400;\"> \u2013 com apoio de Page<\/span><span style=\"font-weight: 400;\">. Ele ent\u00e3o criou a empresa de educa\u00e7\u00e3o online Udacity em 2011 antes de deixar seu cargo como vice-presidente do Google tr\u00eas anos depois, e <\/span><span style=\"font-weight: 400;\">anunciou recentemente<\/span><span style=\"font-weight: 400;\"> uma nova companhia de IA chamada Sage Labs.<\/span><\/p>\n<p><span style=\"font-weight: 400;\">No Google, os projetos de drones geraram pol\u00eamica no passado. Em 2018, enquanto Schmidt ainda servia como consultor t\u00e9cnico na Alphabet, milhares de funcion\u00e1rios do Google protestaram contra o seu contrato para o Project Maven, uma iniciativa do Departamento de Defesa em que os militares usaram a tecnologia de IA da empresa para analisar imagens de vigil\u00e2ncia de drones.\u00a0<\/span><\/p>\n<p><span style=\"font-weight: 400;\">A briga resultou em demiss\u00f5es de funcion\u00e1rios, na cria\u00e7\u00e3o das diretrizes de IA do Google que afirmam que a empresa n\u00e3o desenvolver\u00e1 armamentos com intelig\u00eancia artificial e na decis\u00e3o de n\u00e3o renovar o contrato.<\/span><\/p>\n<p><span style=\"font-weight: 400;\">N\u00e3o est\u00e1 claro quando Schmidt lan\u00e7ar\u00e1 seu projeto de drones ou como ele planeja competir com fabricantes tradicionais como a DJI, com sede em Shenzhen, na China, que atualmente comanda <\/span><span style=\"font-weight: 400;\">70% do mercado global de drones<\/span><span style=\"font-weight: 400;\">, bem como a americana Anduril e uma s\u00e9rie de novas startups.<\/span><\/p>\n<p><span style=\"font-weight: 400;\">Schmidt pode estar esperando lucrar com um rec\u00e9m-anunciado Programa do Pent\u00e1gono denominado \u201cReplicator\u201d, que visa minar o dom\u00ednio da China no setor de drones, recorrendo aos fabricantes dos EUA para construir milhares de naves no pr\u00f3ximo ano.<\/span><\/p>\n<p><span style=\"font-weight: 400;\">A Ucr\u00e2nia acolheu recentemente outros projetos de drones estrangeiros. Em dezembro, seu Minist\u00e9rio de Transforma\u00e7\u00e3o Digital <\/span><span style=\"font-weight: 400;\">anunciou<\/span><span style=\"font-weight: 400;\"> que a Quantum Systems, fabricante alem\u00e3 de drones, abrir\u00e1 um centro de pesquisa e desenvolvimento no pa\u00eds. A empresa vai se juntar \u00e0 cidade ucraniana de Diia, uma \u201czona econ\u00f4mica virtual\u201d destinada a atrair empresas tecnol\u00f3gicas estrangeiras e locais com vantagens fiscais e outros benef\u00edcios.<\/span><\/p>\n<p><i><span style=\"font-weight: 400;\">Com contribui\u00e7\u00e3o de David Jeans.<\/span><\/i><\/p>\n<\/div>\n<p><script type=\"rocketlazyloadscript\">\n\t\t\t\t(function(d, s, id){\n\t\t\t\t\tvar js, fjs = d.getElementsByTagName(s)[0];\n\t\t\t\t\tif (d.getElementById(id)) return;\n\t\t\t\t\tjs = d.createElement(s); js.id = id;\n\t\t\t\t\tjs.src = \"\/\/connect.facebook.net\/pt_BR\/sdk.js#xfbml=1&version=v2.9\";\n\t\t\t\t\tfjs.parentNode.insertBefore(js, fjs);\n\t\t\t\t}(document, 'script', 'facebook-jssdk'));\n\t\t\t<\/script><br \/>\n<br \/><br \/>\n<br \/><a href=\"https:\/\/forbes.com.br\/carreira\/2024\/01\/ex-ceo-e-ex-vp-do-google-trabalham-em-projeto-secreto-de-drones-militares\/\">Source link <\/a><\/p>\n<div class='code-block code-block-4' style='margin: 8px auto 8px 0; text-align: left; display: block; clear: both;'>\n\ud83d\udce2 Aviso Legal\n\nO site ismaelcolosi.com.br atua apenas como um canal de divulga\u00e7\u00e3o de oportunidades de emprego e n\u00e3o se responsabiliza pelo processo seletivo, contrata\u00e7\u00e3o ou qualquer outra etapa relacionada \u00e0s vagas publicadas. Todas as informa\u00e7\u00f5es s\u00e3o de responsabilidade dos anunciantes.\n\n\u26a0\ufe0f Aten\u00e7\u00e3o! Nunca pague por promessas de emprego nem compre cursos que garantam contrata\u00e7\u00e3o. Desconfie de qualquer cobran\u00e7a para participar de sele\u00e7\u00f5es.\n\n\n\n<\/div>\n<!-- CONTENT END 1 -->\n","protected":false},"excerpt":{"rendered":"<p>Foto: Getty Images \/ Ilustra\u00e7\u00e3o: Forbes Bilion\u00e1rio, Eric Schmidt deixou a lideran\u00e7a do Google em 2017 O ex-CEO do Google Eric Schmidt vem planejando discretamente&#8230;<\/p>\n","protected":false},"author":1,"featured_media":26516,"comment_status":"open","ping_status":"open","sticky":false,"template":"","format":"standard","meta":{"_uag_custom_page_level_css":"","advanced_seo_description":"","jetpack_seo_html_title":"","jetpack_seo_noindex":false,"jetpack_post_was_ever_published":false,"_jetpack_newsletter_access":"","_jetpack_dont_email_post_to_subs":false,"_jetpack_newsletter_tier_id":0,"_jetpack_memberships_contains_paywalled_content":false,"_jetpack_memberships_contains_paid_content":false,"footnotes":"","jetpack_publicize_message":"","jetpack_publicize_feature_enabled":true,"jetpack_social_post_already_shared":true,"jetpack_social_options":{"image_generator_settings":{"template":"highway","default_image_id":0,"font":"","enabled":false},"version":2}},"categories":[1964],"tags":[],"class_list":["post-26515","post","type-post","status-publish","format-standard","has-post-thumbnail","hentry","category-carreira-e-sucesso-dicas-para-carreira"],"jetpack_publicize_connections":[],"jetpack_featured_media_url":"https:\/\/i0.wp.com\/ismaelcolosi.com.br\/wp-content\/uploads\/2024\/01\/carreira-Eric-Schmidt-ex-ceo-google-1024x683.jpg?fit=1024%2C683&ssl=1","uagb_featured_image_src":{"full":["https:\/\/i0.wp.com\/ismaelcolosi.com.br\/wp-content\/uploads\/2024\/01\/carreira-Eric-Schmidt-ex-ceo-google-1024x683.jpg?fit=1024%2C683&ssl=1",1024,683,false],"thumbnail":["https:\/\/i0.wp.com\/ismaelcolosi.com.br\/wp-content\/uploads\/2024\/01\/carreira-Eric-Schmidt-ex-ceo-google-1024x683.jpg?resize=150%2C150&ssl=1",150,150,true],"medium":["https:\/\/i0.wp.com\/ismaelcolosi.com.br\/wp-content\/uploads\/2024\/01\/carreira-Eric-Schmidt-ex-ceo-google-1024x683.jpg?fit=300%2C200&ssl=1",300,200,true],"medium_large":["https:\/\/i0.wp.com\/ismaelcolosi.com.br\/wp-content\/uploads\/2024\/01\/carreira-Eric-Schmidt-ex-ceo-google-1024x683.jpg?fit=768%2C512&ssl=1",768,512,true],"large":["https:\/\/i0.wp.com\/ismaelcolosi.com.br\/wp-content\/uploads\/2024\/01\/carreira-Eric-Schmidt-ex-ceo-google-1024x683.jpg?fit=1024%2C683&ssl=1",1024,683,true],"1536x1536":["https:\/\/i0.wp.com\/ismaelcolosi.com.br\/wp-content\/uploads\/2024\/01\/carreira-Eric-Schmidt-ex-ceo-google-1024x683.jpg?fit=1024%2C683&ssl=1",1024,683,true],"2048x2048":["https:\/\/i0.wp.com\/ismaelcolosi.com.br\/wp-content\/uploads\/2024\/01\/carreira-Eric-Schmidt-ex-ceo-google-1024x683.jpg?fit=1024%2C683&ssl=1",1024,683,true],"really-simple-thumb":["https:\/\/i0.wp.com\/ismaelcolosi.com.br\/wp-content\/uploads\/2024\/01\/carreira-Eric-Schmidt-ex-ceo-google-1024x683.jpg?resize=370%2C247&ssl=1",370,247,true]},"uagb_author_info":{"display_name":"ismaelcolosi.com.br","author_link":"https:\/\/ismaelcolosi.com.br\/index.php\/author\/vidareal-online\/"},"uagb_comment_info":0,"uagb_excerpt":"Foto: Getty Images \/ Ilustra\u00e7\u00e3o: Forbes Bilion\u00e1rio, Eric Schmidt deixou a lideran\u00e7a do Google em 2017 O ex-CEO do Google Eric Schmidt vem planejando discretamente...","jetpack-related-posts":[{"id":85472,"url":"https:\/\/ismaelcolosi.com.br\/index.php\/2025\/05\/21\/o-que-apple-e-google-ensinam-sobre-sucessao-de-ceos\/","url_meta":{"origin":26515,"position":0},"title":"O que Apple e Google ensinam sobre sucess\u00e3o de CEOs","author":"ismaelcolosi.com.br","date":"21 de May de 2025","format":false,"excerpt":"\r Getty Images\r Tim Cook, CEO da Apple, com o fundador da big tech, Steve Jobs\r Acessibilidade \r L\r L\r A-\r A+\r \r \u25d0\r \r \u00a0 Cerca de 40% dos novos l\u00edderes fracassam nos primeiros 18 meses de trabalho devido \u00e0 falta de alinhamento, desempenho insatisfat\u00f3rio ou dificuldade em se\u2026","rel":"","context":"In &quot;Carreira e Sucesso&quot;","block_context":{"text":"Carreira e Sucesso","link":"https:\/\/ismaelcolosi.com.br\/index.php\/category\/carreira-e-sucesso-dicas-para-carreira\/"},"img":{"alt_text":"","src":"https:\/\/i0.wp.com\/ismaelcolosi.com.br\/wp-content\/uploads\/2025\/05\/carreira-tim-cook-steve-jobs-1200x675.jpg?fit=1200%2C675&ssl=1&resize=350%2C200","width":350,"height":200,"srcset":"https:\/\/i0.wp.com\/ismaelcolosi.com.br\/wp-content\/uploads\/2025\/05\/carreira-tim-cook-steve-jobs-1200x675.jpg?fit=1200%2C675&ssl=1&resize=350%2C200 1x, https:\/\/i0.wp.com\/ismaelcolosi.com.br\/wp-content\/uploads\/2025\/05\/carreira-tim-cook-steve-jobs-1200x675.jpg?fit=1200%2C675&ssl=1&resize=525%2C300 1.5x, https:\/\/i0.wp.com\/ismaelcolosi.com.br\/wp-content\/uploads\/2025\/05\/carreira-tim-cook-steve-jobs-1200x675.jpg?fit=1200%2C675&ssl=1&resize=700%2C400 2x, https:\/\/i0.wp.com\/ismaelcolosi.com.br\/wp-content\/uploads\/2025\/05\/carreira-tim-cook-steve-jobs-1200x675.jpg?fit=1200%2C675&ssl=1&resize=1050%2C600 3x"},"classes":[]},{"id":36954,"url":"https:\/\/ismaelcolosi.com.br\/index.php\/2024\/02\/13\/conheca-10-bilionarios-que-fizeram-fortuna-apenas-trabalhando-para-os-outros-2\/","url_meta":{"origin":26515,"position":1},"title":"Conhe\u00e7a 10 bilion\u00e1rios que fizeram fortuna apenas trabalhando para os outros","author":"ismaelcolosi.com.br","date":"13 de February de 2024","format":false,"excerpt":"Os bilion\u00e1rios Jonathan Gray, Steve Ballmer e Lisa Su - Fotos: GUERIN BLASK - RICK DAHMS - JAMEL TOPPIN - FORBESOs bilion\u00e1rios contratados Ao pensar em um bilion\u00e1rio, provavelmente venha \u00e0 sua cabe\u00e7a a imagem de fundadores de grandes empresas, como \u00e9 o caso do CEO da Meta, Mark Zuckerberg,\u2026","rel":"","context":"In &quot;Carreira e Sucesso&quot;","block_context":{"text":"Carreira e Sucesso","link":"https:\/\/ismaelcolosi.com.br\/index.php\/category\/carreira-e-sucesso-dicas-para-carreira\/"},"img":{"alt_text":"","src":"https:\/\/i0.wp.com\/ismaelcolosi.com.br\/wp-content\/uploads\/2024\/02\/1707817487_Jonathan-Gray-Steve-Ballmer-Lisa-Su-Fotos-GUERIN-BLASK-RICK-DAHMS-JAMEL-TOPPIN-FORBES-1024x683.png?fit=1024%2C683&ssl=1&resize=350%2C200","width":350,"height":200,"srcset":"https:\/\/i0.wp.com\/ismaelcolosi.com.br\/wp-content\/uploads\/2024\/02\/1707817487_Jonathan-Gray-Steve-Ballmer-Lisa-Su-Fotos-GUERIN-BLASK-RICK-DAHMS-JAMEL-TOPPIN-FORBES-1024x683.png?fit=1024%2C683&ssl=1&resize=350%2C200 1x, https:\/\/i0.wp.com\/ismaelcolosi.com.br\/wp-content\/uploads\/2024\/02\/1707817487_Jonathan-Gray-Steve-Ballmer-Lisa-Su-Fotos-GUERIN-BLASK-RICK-DAHMS-JAMEL-TOPPIN-FORBES-1024x683.png?fit=1024%2C683&ssl=1&resize=525%2C300 1.5x, https:\/\/i0.wp.com\/ismaelcolosi.com.br\/wp-content\/uploads\/2024\/02\/1707817487_Jonathan-Gray-Steve-Ballmer-Lisa-Su-Fotos-GUERIN-BLASK-RICK-DAHMS-JAMEL-TOPPIN-FORBES-1024x683.png?fit=1024%2C683&ssl=1&resize=700%2C400 2x"},"classes":[]},{"id":36651,"url":"https:\/\/ismaelcolosi.com.br\/index.php\/2024\/02\/11\/conheca-10-bilionarios-que-fizeram-fortuna-apenas-trabalhando-para-os-outros\/","url_meta":{"origin":26515,"position":2},"title":"Conhe\u00e7a 10 bilion\u00e1rios que fizeram fortuna apenas trabalhando para os outros","author":"ismaelcolosi.com.br","date":"11 de February de 2024","format":false,"excerpt":"Os bilion\u00e1rios Jonathan Gray, Steve Ballmer e Lisa Su - Fotos: GUERIN BLASK - RICK DAHMS - JAMEL TOPPIN - FORBESOs bilion\u00e1rios contratados Ao pensar em um bilion\u00e1rio, provavelmente venha \u00e0 sua cabe\u00e7a a imagem de fundadores de grandes empresas, como \u00e9 o caso do CEO da Meta, Mark Zuckerberg,\u2026","rel":"","context":"In &quot;Carreira e Sucesso&quot;","block_context":{"text":"Carreira e Sucesso","link":"https:\/\/ismaelcolosi.com.br\/index.php\/category\/carreira-e-sucesso-dicas-para-carreira\/"},"img":{"alt_text":"","src":"https:\/\/i0.wp.com\/ismaelcolosi.com.br\/wp-content\/uploads\/2024\/02\/Jonathan-Gray-Steve-Ballmer-Lisa-Su-Fotos-GUERIN-BLASK-RICK-DAHMS-JAMEL-TOPPIN-FORBES-1024x683.png?fit=1024%2C683&ssl=1&resize=350%2C200","width":350,"height":200,"srcset":"https:\/\/i0.wp.com\/ismaelcolosi.com.br\/wp-content\/uploads\/2024\/02\/Jonathan-Gray-Steve-Ballmer-Lisa-Su-Fotos-GUERIN-BLASK-RICK-DAHMS-JAMEL-TOPPIN-FORBES-1024x683.png?fit=1024%2C683&ssl=1&resize=350%2C200 1x, https:\/\/i0.wp.com\/ismaelcolosi.com.br\/wp-content\/uploads\/2024\/02\/Jonathan-Gray-Steve-Ballmer-Lisa-Su-Fotos-GUERIN-BLASK-RICK-DAHMS-JAMEL-TOPPIN-FORBES-1024x683.png?fit=1024%2C683&ssl=1&resize=525%2C300 1.5x, https:\/\/i0.wp.com\/ismaelcolosi.com.br\/wp-content\/uploads\/2024\/02\/Jonathan-Gray-Steve-Ballmer-Lisa-Su-Fotos-GUERIN-BLASK-RICK-DAHMS-JAMEL-TOPPIN-FORBES-1024x683.png?fit=1024%2C683&ssl=1&resize=700%2C400 2x"},"classes":[]},{"id":41498,"url":"https:\/\/ismaelcolosi.com.br\/index.php\/2024\/03\/08\/sp-retoma-escola-civico-militar\/","url_meta":{"origin":26515,"position":3},"title":"SP retoma escola c\u00edvico-militar \u00a0","author":"ismaelcolosi.com.br","date":"8 de March de 2024","format":false,"excerpt":"8 de mar\u00e7o de 2024 | 15:007 de mar\u00e7o de 2024 | 20:45 0O governador Tarc\u00edsio de Freitas (Republicanos) enviou para a Assembleia Legislativa de S\u00e3o Paulo (Alesp), nesta quinta-feira, 7 de mar\u00e7o, o projeto de lei que prev\u00ea a cria\u00e7\u00e3o do Programa Escola C\u00edvico-Militar. Se aprovado, o programa ser\u00e1\u2026","rel":"","context":"In &quot;Not\u00edcias de Ribeir\u00e3o Preto-SP e Regi\u00e3o&quot;","block_context":{"text":"Not\u00edcias de Ribeir\u00e3o Preto-SP e Regi\u00e3o","link":"https:\/\/ismaelcolosi.com.br\/index.php\/category\/noticias-de-ribeirao-preto-sp-e-regiao-ismael-colosi\/"},"img":{"alt_text":"","src":"https:\/\/i0.wp.com\/ismaelcolosi.com.br\/wp-content\/uploads\/2024\/03\/Civico-Monica-Andrade-Governo-de-Sao-Paulo-scaled.jpg?fit=966%2C645&ssl=1&resize=350%2C200","width":350,"height":200,"srcset":"https:\/\/i0.wp.com\/ismaelcolosi.com.br\/wp-content\/uploads\/2024\/03\/Civico-Monica-Andrade-Governo-de-Sao-Paulo-scaled.jpg?fit=966%2C645&ssl=1&resize=350%2C200 1x, https:\/\/i0.wp.com\/ismaelcolosi.com.br\/wp-content\/uploads\/2024\/03\/Civico-Monica-Andrade-Governo-de-Sao-Paulo-scaled.jpg?fit=966%2C645&ssl=1&resize=525%2C300 1.5x, https:\/\/i0.wp.com\/ismaelcolosi.com.br\/wp-content\/uploads\/2024\/03\/Civico-Monica-Andrade-Governo-de-Sao-Paulo-scaled.jpg?fit=966%2C645&ssl=1&resize=700%2C400 2x"},"classes":[]},{"id":77865,"url":"https:\/\/ismaelcolosi.com.br\/index.php\/2024\/11\/29\/vereador-defende-modelo-de-escolas-civico-militares-na-cidade\/","url_meta":{"origin":26515,"position":4},"title":"Vereador defende modelo de escolas c\u00edvico-militares na cidade \u00a0","author":"ismaelcolosi.com.br","date":"29 de November de 2024","format":false,"excerpt":"Isaac Antunes (PL) diz que vai cobrar instala\u00e7\u00e3o de escolas c\u00edvico-militares do futuro prefeito de Ribeir\u00e3o Preto, Ricardo Silva (PSD)\u00a0 29 de novembro de 202428 de novembro de 20249 Compartilhar0 O presidente da C\u00e2mara de Vereadores, Isaac Antunes (PL), vai cobrar do futuro prefeito de Ribeir\u00e3o Preto, Ricardo Silva (PSD),\u2026","rel":"","context":"In &quot;Not\u00edcias de Ribeir\u00e3o Preto-SP e Regi\u00e3o&quot;","block_context":{"text":"Not\u00edcias de Ribeir\u00e3o Preto-SP e Regi\u00e3o","link":"https:\/\/ismaelcolosi.com.br\/index.php\/category\/noticias-de-ribeirao-preto-sp-e-regiao-ismael-colosi\/"},"img":{"alt_text":"","src":"https:\/\/i0.wp.com\/ismaelcolosi.com.br\/wp-content\/uploads\/2024\/11\/Civico-Monica-Andrade-Governo-de-Sao-Paulo-1-scaled.jpg?fit=800%2C534&ssl=1&resize=350%2C200","width":350,"height":200,"srcset":"https:\/\/i0.wp.com\/ismaelcolosi.com.br\/wp-content\/uploads\/2024\/11\/Civico-Monica-Andrade-Governo-de-Sao-Paulo-1-scaled.jpg?fit=800%2C534&ssl=1&resize=350%2C200 1x, https:\/\/i0.wp.com\/ismaelcolosi.com.br\/wp-content\/uploads\/2024\/11\/Civico-Monica-Andrade-Governo-de-Sao-Paulo-1-scaled.jpg?fit=800%2C534&ssl=1&resize=525%2C300 1.5x, https:\/\/i0.wp.com\/ismaelcolosi.com.br\/wp-content\/uploads\/2024\/11\/Civico-Monica-Andrade-Governo-de-Sao-Paulo-1-scaled.jpg?fit=800%2C534&ssl=1&resize=700%2C400 2x"},"classes":[]},{"id":14438,"url":"https:\/\/ismaelcolosi.com.br\/index.php\/2023\/12\/12\/sam-altman-volta-a-presidir-openai-cinco-dias-apos-demissao-pelo-conselho\/","url_meta":{"origin":26515,"position":5},"title":"Sam Altman volta a presidir OpenAI cinco dias ap\u00f3s demiss\u00e3o pelo Conselho","author":"ismaelcolosi.com.br","date":"12 de December de 2023","format":false,"excerpt":"Em uma postagem no X na noite de s\u00e1bado, Altman escreveu: \u201cEu amo muito a equipe OpenAI\u201d Sam Altman retornar\u00e1 como CEO da OpenAI, informou a startup na manh\u00e3 desta quarta-feira (22) no X, anteriormente conhecido como Twitter. A medida surge ap\u00f3s imensa press\u00e3o de funcion\u00e1rios e investidores sobre o\u2026","rel":"","context":"In &quot;Carreira e Sucesso&quot;","block_context":{"text":"Carreira e Sucesso","link":"https:\/\/ismaelcolosi.com.br\/index.php\/category\/carreira-e-sucesso-dicas-para-carreira\/"},"img":{"alt_text":"","src":"https:\/\/i0.wp.com\/ismaelcolosi.com.br\/wp-content\/uploads\/2023\/12\/carreira-openAI-sam-altman-1024x683.jpg?fit=1024%2C683&ssl=1&resize=350%2C200","width":350,"height":200,"srcset":"https:\/\/i0.wp.com\/ismaelcolosi.com.br\/wp-content\/uploads\/2023\/12\/carreira-openAI-sam-altman-1024x683.jpg?fit=1024%2C683&ssl=1&resize=350%2C200 1x, https:\/\/i0.wp.com\/ismaelcolosi.com.br\/wp-content\/uploads\/2023\/12\/carreira-openAI-sam-altman-1024x683.jpg?fit=1024%2C683&ssl=1&resize=525%2C300 1.5x, https:\/\/i0.wp.com\/ismaelcolosi.com.br\/wp-content\/uploads\/2023\/12\/carreira-openAI-sam-altman-1024x683.jpg?fit=1024%2C683&ssl=1&resize=700%2C400 2x"},"classes":[]}],"jetpack_sharing_enabled":true,"jetpack_shortlink":"https:\/\/wp.me\/pfMlyK-6TF","_links":{"self":[{"href":"https:\/\/ismaelcolosi.com.br\/index.php\/wp-json\/wp\/v2\/posts\/26515","targetHints":{"allow":["GET"]}}],"collection":[{"href":"https:\/\/ismaelcolosi.com.br\/index.php\/wp-json\/wp\/v2\/posts"}],"about":[{"href":"https:\/\/ismaelcolosi.com.br\/index.php\/wp-json\/wp\/v2\/types\/post"}],"author":[{"embeddable":true,"href":"https:\/\/ismaelcolosi.com.br\/index.php\/wp-json\/wp\/v2\/users\/1"}],"replies":[{"embeddable":true,"href":"https:\/\/ismaelcolosi.com.br\/index.php\/wp-json\/wp\/v2\/comments?post=26515"}],"version-history":[{"count":0,"href":"https:\/\/ismaelcolosi.com.br\/index.php\/wp-json\/wp\/v2\/posts\/26515\/revisions"}],"wp:featuredmedia":[{"embeddable":true,"href":"https:\/\/ismaelcolosi.com.br\/index.php\/wp-json\/wp\/v2\/media\/26516"}],"wp:attachment":[{"href":"https:\/\/ismaelcolosi.com.br\/index.php\/wp-json\/wp\/v2\/media?parent=26515"}],"wp:term":[{"taxonomy":"category","embeddable":true,"href":"https:\/\/ismaelcolosi.com.br\/index.php\/wp-json\/wp\/v2\/categories?post=26515"},{"taxonomy":"post_tag","embeddable":true,"href":"https:\/\/ismaelcolosi.com.br\/index.php\/wp-json\/wp\/v2\/tags?post=26515"}],"curies":[{"name":"wp","href":"https:\/\/api.w.org\/{rel}","templated":true}]}}