{"id":26054,"date":"2024-01-09T01:47:07","date_gmt":"2024-01-09T04:47:07","guid":{"rendered":"https:\/\/ismaelcolosi.com.br\/index.php\/2024\/01\/09\/ex-bbb-gustavo-benedeti-faz-pedido-de-casamento-para-namorada-eu-disse-sim\/"},"modified":"2024-01-09T01:47:07","modified_gmt":"2024-01-09T04:47:07","slug":"ex-bbb-gustavo-benedeti-faz-pedido-de-casamento-para-namorada-eu-disse-sim","status":"publish","type":"post","link":"https:\/\/ismaelcolosi.com.br\/index.php\/2024\/01\/09\/ex-bbb-gustavo-benedeti-faz-pedido-de-casamento-para-namorada-eu-disse-sim\/","title":{"rendered":"Ex-BBB Gustavo Benedeti faz pedido de casamento para namorada: &#8216;Eu disse sim&#8217;"},"content":{"rendered":"<p> <br \/>\n<\/p>\n<div itemprop=\"text\">\n<p>Conhecido no pa\u00eds depois de sua participa\u00e7\u00e3o no BBB23, Gustavo Benedeti encantou seus seguidores com um recente an\u00fancio. O rapaz decidiu dar um passo a mais em seu relacionamento amoroso.<\/p>\n<p>Gustavo, que tamb\u00e9m ficou conhecido como Cowboy, vive um relacionamento com Ana Paula Heiss. Os dois ficaram noivos ap\u00f3s um pedido que partiu dele, e foi prontamente aceito por ela.<\/p>\n<p>Os dois, segundo as informa\u00e7\u00f5es dispon\u00edveis, estao aproveitando uma viagem para o exterior. Gustavo e Ana Paula escolheram os Estados Unidos, onde o pedido especial acabou sendo feito.<\/p>\n<p>O an\u00fancio do romance foi feito de forma discreta, mas suficiente para mobilizar fas do ex-BBB. Muita gente se mostrou feliz pela alegria do ex-brother, e desejou felicidades ao casal.<\/p>\n<blockquote class=\"instagram-media\" style=\"background: #FFF; border: 0; border-radius: 3px; box-shadow: 0 0 1px 0 rgba(0,0,0,0.5),0 1px 10px 0 rgba(0,0,0,0.15); margin: 1px; max-width: 540px; min-width: 326px; padding: 0; width: calc(100% - 2px);\" data-instgrm-permalink=\"https:\/\/www.instagram.com\/p\/C12lKH0Je8m\/?utm_source=ig_embed&amp;utm_campaign=loading\" data-instgrm-version=\"14\">\n<p>\u00a0<\/p>\n<p>Ver essa foto no Instagram<\/p>\n<p>\u00a0<\/p>\n<p style=\"color: #c9c8cd; font-family: Arial,sans-serif; font-size: 14px; line-height: 17px; margin-bottom: 0; margin-top: 8px; overflow: hidden; padding: 8px 0 7px; text-align: center; text-overflow: ellipsis; white-space: nowrap;\"><a style=\"color: #c9c8cd; font-family: Arial,sans-serif; font-size: 14px; font-style: normal; font-weight: normal; line-height: 17px; text-decoration: none;\" href=\"https:\/\/www.instagram.com\/p\/C12lKH0Je8m\/?utm_source=ig_embed&amp;utm_campaign=loading\" target=\"_blank\" rel=\"noopener\">Uma publica\u00e7\u00e3o compartilhada por Segue a Cami (@segueacami)<\/a><\/p>\n<\/blockquote>\n<p>Antes do relacionamento com Ana Paula, Gustavo viveu uma grande intimidade com Key Alves. Os dois acabaram colocando um ponto final na rela\u00e7\u00e3o, ap\u00f3s uma breve tentativa. Key Alves, ap\u00f3s o fim do programa, chegou a receber proposta de emprego no exterior.<\/p>\n<h4><b>Gustavo Benedetti viveu romance conturbado com Key Alves<\/b><\/h4>\n<p>Os dois ficaram juntos dentro do programa e, ao sair do reality, acabaram se estranhando. Key logo entregou que a decis\u00e3o havia partido de Gustavo, que se defendeu afirmando que tudo foi conversado.<\/p>\n<p>Key e Gustavo formaram um casal que dividiu opini\u00f5es. De um lado, muita gente que se encantou com o casal e torcia a favor. Do outro lado, gente que torcia para que a rela\u00e7\u00e3o dos dois n\u00e3o vingassem.<\/p>\n<\/div>\n<p><script async src=\"\/\/www.instagram.com\/embed.js\"><\/script><br \/>\n<br \/><br \/>\n<br \/><a href=\"https:\/\/fnmais.com\/ex-bbb-gustavo-benedeti-faz-pedido-casamento-para-namorada-eu-disse-sim\/\">Source link <\/a><\/p>\n<div class='code-block code-block-4' style='margin: 8px auto 8px 0; text-align: left; display: block; clear: both;'>\n\ud83d\udce2 Aviso Legal\n\nO site ismaelcolosi.com.br atua apenas como um canal de divulga\u00e7\u00e3o de oportunidades de emprego e n\u00e3o se responsabiliza pelo processo seletivo, contrata\u00e7\u00e3o ou qualquer outra etapa relacionada \u00e0s vagas publicadas. Todas as informa\u00e7\u00f5es s\u00e3o de responsabilidade dos anunciantes.\n\n\u26a0\ufe0f Aten\u00e7\u00e3o! Nunca pague por promessas de emprego nem compre cursos que garantam contrata\u00e7\u00e3o. Desconfie de qualquer cobran\u00e7a para participar de sele\u00e7\u00f5es.\n\n\n\n<\/div>\n<!-- CONTENT END 1 -->\n","protected":false},"excerpt":{"rendered":"<p>Conhecido no pa\u00eds depois de sua participa\u00e7\u00e3o no BBB23, Gustavo Benedeti encantou seus seguidores com um recente an\u00fancio. O rapaz decidiu dar um passo a&#8230;<\/p>\n","protected":false},"author":1,"featured_media":26055,"comment_status":"open","ping_status":"open","sticky":false,"template":"","format":"standard","meta":{"_uag_custom_page_level_css":"","advanced_seo_description":"","jetpack_seo_html_title":"","jetpack_seo_noindex":false,"jetpack_post_was_ever_published":false,"_jetpack_newsletter_access":"","_jetpack_dont_email_post_to_subs":false,"_jetpack_newsletter_tier_id":0,"_jetpack_memberships_contains_paywalled_content":false,"_jetpack_memberships_contains_paid_content":false,"footnotes":"","jetpack_publicize_message":"","jetpack_publicize_feature_enabled":true,"jetpack_social_post_already_shared":true,"jetpack_social_options":{"image_generator_settings":{"template":"highway","default_image_id":0,"font":"","enabled":false},"version":2}},"categories":[1],"tags":[],"class_list":["post-26054","post","type-post","status-publish","format-standard","has-post-thumbnail","hentry","category-blog"],"jetpack_publicize_connections":[],"jetpack_featured_media_url":"https:\/\/i0.wp.com\/ismaelcolosi.com.br\/wp-content\/uploads\/2024\/01\/postimg-659ccef986cb53366.jpg?fit=1200%2C628&ssl=1","uagb_featured_image_src":{"full":["https:\/\/i0.wp.com\/ismaelcolosi.com.br\/wp-content\/uploads\/2024\/01\/postimg-659ccef986cb53366.jpg?fit=1200%2C628&ssl=1",1200,628,false],"thumbnail":["https:\/\/i0.wp.com\/ismaelcolosi.com.br\/wp-content\/uploads\/2024\/01\/postimg-659ccef986cb53366.jpg?resize=150%2C150&ssl=1",150,150,true],"medium":["https:\/\/i0.wp.com\/ismaelcolosi.com.br\/wp-content\/uploads\/2024\/01\/postimg-659ccef986cb53366.jpg?fit=300%2C157&ssl=1",300,157,true],"medium_large":["https:\/\/i0.wp.com\/ismaelcolosi.com.br\/wp-content\/uploads\/2024\/01\/postimg-659ccef986cb53366.jpg?fit=768%2C402&ssl=1",768,402,true],"large":["https:\/\/i0.wp.com\/ismaelcolosi.com.br\/wp-content\/uploads\/2024\/01\/postimg-659ccef986cb53366.jpg?fit=1024%2C536&ssl=1",1024,536,true],"1536x1536":["https:\/\/i0.wp.com\/ismaelcolosi.com.br\/wp-content\/uploads\/2024\/01\/postimg-659ccef986cb53366.jpg?fit=1200%2C628&ssl=1",1200,628,true],"2048x2048":["https:\/\/i0.wp.com\/ismaelcolosi.com.br\/wp-content\/uploads\/2024\/01\/postimg-659ccef986cb53366.jpg?fit=1200%2C628&ssl=1",1200,628,true],"really-simple-thumb":["https:\/\/i0.wp.com\/ismaelcolosi.com.br\/wp-content\/uploads\/2024\/01\/postimg-659ccef986cb53366.jpg?resize=370%2C247&ssl=1",370,247,true]},"uagb_author_info":{"display_name":"ismaelcolosi.com.br","author_link":"https:\/\/ismaelcolosi.com.br\/index.php\/author\/vidareal-online\/"},"uagb_comment_info":0,"uagb_excerpt":"Conhecido no pa\u00eds depois de sua participa\u00e7\u00e3o no BBB23, Gustavo Benedeti encantou seus seguidores com um recente an\u00fancio. O rapaz decidiu dar um passo a...","jetpack-related-posts":[{"id":28308,"url":"https:\/\/ismaelcolosi.com.br\/index.php\/2024\/01\/15\/gustavo-mioto-faz-grande-pedido-apos-expor-motivo-do-fim-do-relacionamento-com-ana-castela\/","url_meta":{"origin":26054,"position":0},"title":"Gustavo Mioto faz grande pedido ap\u00f3s expor motivo do fim do relacionamento com Ana Castela","author":"ismaelcolosi.com.br","date":"15 de January de 2024","format":false,"excerpt":"O ano mal come\u00e7ou e um casal querido do p\u00fablico terminou a rela\u00e7\u00e3o. Gustavo Mioto e Ana Castela n\u00e3o est\u00e3o mais juntos. A informa\u00e7\u00e3o foi dada aos f\u00e3s e admiradores do casal pelo pr\u00f3prio Gustavo em suas redes sociais.Ele come\u00e7ou escrevendo que o informativo era sobre o fim do relacionamento\u2026","rel":"","context":"In &quot;Blog&quot;","block_context":{"text":"Blog","link":"https:\/\/ismaelcolosi.com.br\/index.php\/category\/blog\/"},"img":{"alt_text":"","src":"https:\/\/i0.wp.com\/ismaelcolosi.com.br\/wp-content\/uploads\/2024\/01\/postimg-65a561e8e3d289795.jpg?fit=1200%2C628&ssl=1&resize=350%2C200","width":350,"height":200,"srcset":"https:\/\/i0.wp.com\/ismaelcolosi.com.br\/wp-content\/uploads\/2024\/01\/postimg-65a561e8e3d289795.jpg?fit=1200%2C628&ssl=1&resize=350%2C200 1x, https:\/\/i0.wp.com\/ismaelcolosi.com.br\/wp-content\/uploads\/2024\/01\/postimg-65a561e8e3d289795.jpg?fit=1200%2C628&ssl=1&resize=525%2C300 1.5x, https:\/\/i0.wp.com\/ismaelcolosi.com.br\/wp-content\/uploads\/2024\/01\/postimg-65a561e8e3d289795.jpg?fit=1200%2C628&ssl=1&resize=700%2C400 2x, https:\/\/i0.wp.com\/ismaelcolosi.com.br\/wp-content\/uploads\/2024\/01\/postimg-65a561e8e3d289795.jpg?fit=1200%2C628&ssl=1&resize=1050%2C600 3x"},"classes":[]},{"id":20751,"url":"https:\/\/ismaelcolosi.com.br\/index.php\/2023\/12\/26\/ex-bbbs-lais-caldas-e-gustavo-marsengo-surpreendem-com-anuncio-sobre-relacionamento-unica-duvida\/","url_meta":{"origin":26054,"position":1},"title":"Ex BBBs La\u00eds Caldas e Gustavo Marsengo surpreendem com an\u00fancio sobre relacionamento &#8216;\u00danica d\u00favida&#8217;","author":"ismaelcolosi.com.br","date":"26 de December de 2023","format":false,"excerpt":"Para os telespectadores de reality show, al\u00e9m de muitas tretas e confus\u00e3o, o que o p\u00fablico mais gosta de fazer \u00e9 shippar um casal. Com a casa sendo 24 horas monitoradas, \u00e9 poss\u00edvel acompanhar cada passo que o casal d\u00e1.O Big Brother Brasil \u00e9 um dos realitys que mais fez\u2026","rel":"","context":"In &quot;Blog&quot;","block_context":{"text":"Blog","link":"https:\/\/ismaelcolosi.com.br\/index.php\/category\/blog\/"},"img":{"alt_text":"","src":"https:\/\/i0.wp.com\/ismaelcolosi.com.br\/wp-content\/uploads\/2023\/12\/postimg-658ae25de4aac1061.jpg?fit=1200%2C628&ssl=1&resize=350%2C200","width":350,"height":200,"srcset":"https:\/\/i0.wp.com\/ismaelcolosi.com.br\/wp-content\/uploads\/2023\/12\/postimg-658ae25de4aac1061.jpg?fit=1200%2C628&ssl=1&resize=350%2C200 1x, https:\/\/i0.wp.com\/ismaelcolosi.com.br\/wp-content\/uploads\/2023\/12\/postimg-658ae25de4aac1061.jpg?fit=1200%2C628&ssl=1&resize=525%2C300 1.5x, https:\/\/i0.wp.com\/ismaelcolosi.com.br\/wp-content\/uploads\/2023\/12\/postimg-658ae25de4aac1061.jpg?fit=1200%2C628&ssl=1&resize=700%2C400 2x, https:\/\/i0.wp.com\/ismaelcolosi.com.br\/wp-content\/uploads\/2023\/12\/postimg-658ae25de4aac1061.jpg?fit=1200%2C628&ssl=1&resize=1050%2C600 3x"},"classes":[]},{"id":44041,"url":"https:\/\/ismaelcolosi.com.br\/index.php\/2024\/03\/25\/tjsp-nega-liberdade-a-defesa-de-engenheira-agronoma\/","url_meta":{"origin":26054,"position":2},"title":"TJSP nega liberdade \u00e0 defesa de engenheira agr\u00f4noma","author":"ismaelcolosi.com.br","date":"25 de March de 2024","format":false,"excerpt":"Mulher segue presa em Guariba enquanto Pol\u00edcia Civil ouve testemunhas e prepara inqu\u00e9rito 25 de mar\u00e7o de 2024 | 13:03 1 Por: Adalberto Luque O Tribunal de Justi\u00e7a de S\u00e3o Paulo (TJSP) indeferiu o pedido de liberdade feito pela defesa da engenheira agr\u00f4noma Ana Paula Junqueira, presa em flagrante por\u2026","rel":"","context":"In &quot;Not\u00edcias de Ribeir\u00e3o Preto-SP e Regi\u00e3o&quot;","block_context":{"text":"Not\u00edcias de Ribeir\u00e3o Preto-SP e Regi\u00e3o","link":"https:\/\/ismaelcolosi.com.br\/index.php\/category\/noticias-de-ribeirao-preto-sp-e-regiao-ismael-colosi\/"},"img":{"alt_text":"","src":"https:\/\/i0.wp.com\/ismaelcolosi.com.br\/wp-content\/uploads\/2024\/03\/00-25-mar-2024-negado-habeas-corpus-foto-redes-sociais.jpg?fit=551%2C645&ssl=1&resize=350%2C200","width":350,"height":200,"srcset":"https:\/\/i0.wp.com\/ismaelcolosi.com.br\/wp-content\/uploads\/2024\/03\/00-25-mar-2024-negado-habeas-corpus-foto-redes-sociais.jpg?fit=551%2C645&ssl=1&resize=350%2C200 1x, https:\/\/i0.wp.com\/ismaelcolosi.com.br\/wp-content\/uploads\/2024\/03\/00-25-mar-2024-negado-habeas-corpus-foto-redes-sociais.jpg?fit=551%2C645&ssl=1&resize=525%2C300 1.5x"},"classes":[]},{"id":43488,"url":"https:\/\/ismaelcolosi.com.br\/index.php\/2024\/03\/21\/defesa-pede-liberdade-de-agronoma-que-brigou-em-posto-de-combustiveis\/","url_meta":{"origin":26054,"position":3},"title":"Defesa pede liberdade de agr\u00f4noma que brigou em posto de combust\u00edveis","author":"ismaelcolosi.com.br","date":"21 de March de 2024","format":false,"excerpt":"21 de mar\u00e7o de 2024 | 15:4221 de mar\u00e7o de 2024 | 15:42 1 A defesa da engenheira agr\u00f4noma Ana Paula Junqueira, de 43 anos, entrou com pedido de habeas corpus para que sua cliente possa acompanhar o inqu\u00e9rito em liberdade. Ana Paula est\u00e1 presa na Cadeia Feminina de Guariba\u2026","rel":"","context":"In &quot;Not\u00edcias de Ribeir\u00e3o Preto-SP e Regi\u00e3o&quot;","block_context":{"text":"Not\u00edcias de Ribeir\u00e3o Preto-SP e Regi\u00e3o","link":"https:\/\/ismaelcolosi.com.br\/index.php\/category\/noticias-de-ribeirao-preto-sp-e-regiao-ismael-colosi\/"},"img":{"alt_text":"","src":"https:\/\/i0.wp.com\/ismaelcolosi.com.br\/wp-content\/uploads\/2024\/03\/00-21-mar-2024-ana-paula-junqueira-foto-redes-sociais-scaled.jpg?fit=645%2C645&ssl=1&resize=350%2C200","width":350,"height":200,"srcset":"https:\/\/i0.wp.com\/ismaelcolosi.com.br\/wp-content\/uploads\/2024\/03\/00-21-mar-2024-ana-paula-junqueira-foto-redes-sociais-scaled.jpg?fit=645%2C645&ssl=1&resize=350%2C200 1x, https:\/\/i0.wp.com\/ismaelcolosi.com.br\/wp-content\/uploads\/2024\/03\/00-21-mar-2024-ana-paula-junqueira-foto-redes-sociais-scaled.jpg?fit=645%2C645&ssl=1&resize=525%2C300 1.5x"},"classes":[]},{"id":38995,"url":"https:\/\/ismaelcolosi.com.br\/index.php\/2024\/02\/22\/ana-hickmann-e-edu-guedes-anunciam-namoro-e-alexandre-correa-parte-pra-cima-amante-ver-mais\/","url_meta":{"origin":26054,"position":4},"title":"Ana Hickmann e Edu Guedes anunciam NAMORO e Alexandre Correa PARTE PRA CIMA: &#8220;Amante&#8230;Ver mais","author":"ismaelcolosi.com.br","date":"22 de February de 2024","format":false,"excerpt":"Uma not\u00edcia de \u00faltima hora acabou chocando muitas pessoas ao redor do pa\u00eds. A apresentadora Ana Hickmann e seu ex-colega de trabalho Edu Guedes fizeram uma revela\u00e7\u00e3o bomb\u00e1stica para amigos e admiradores. Depois de muitas negativas sobre um poss\u00edvel relacionamento estar desabrochando de uma amizade a confirma\u00e7\u00e3o do namoro entre\u2026","rel":"","context":"In &quot;Variedades&quot;","block_context":{"text":"Variedades","link":"https:\/\/ismaelcolosi.com.br\/index.php\/category\/variedades\/"},"img":{"alt_text":"","src":"https:\/\/i0.wp.com\/ismaelcolosi.com.br\/wp-content\/uploads\/2024\/02\/Apresentacao-sem-titulo-8.png?fit=960%2C540&ssl=1&resize=350%2C200","width":350,"height":200,"srcset":"https:\/\/i0.wp.com\/ismaelcolosi.com.br\/wp-content\/uploads\/2024\/02\/Apresentacao-sem-titulo-8.png?fit=960%2C540&ssl=1&resize=350%2C200 1x, https:\/\/i0.wp.com\/ismaelcolosi.com.br\/wp-content\/uploads\/2024\/02\/Apresentacao-sem-titulo-8.png?fit=960%2C540&ssl=1&resize=525%2C300 1.5x, https:\/\/i0.wp.com\/ismaelcolosi.com.br\/wp-content\/uploads\/2024\/02\/Apresentacao-sem-titulo-8.png?fit=960%2C540&ssl=1&resize=700%2C400 2x"},"classes":[]},{"id":44478,"url":"https:\/\/ismaelcolosi.com.br\/index.php\/2024\/03\/27\/justica-concede-liberdade-provisoria-para-agronoma\/","url_meta":{"origin":26054,"position":5},"title":"Justi\u00e7a concede liberdade provis\u00f3ria para agr\u00f4noma","author":"ismaelcolosi.com.br","date":"27 de March de 2024","format":false,"excerpt":"Mulher teria se envolvido em confus\u00e3o num posto de combust\u00edveis e deve responder por seis crimes 27 de mar\u00e7o de 2024 | 12:17 2 A Justi\u00e7a concedeu liberdade provis\u00f3ria para Ana Paula Junqueira, engenheira agr\u00f4noma que foi presa ap\u00f3s briga em um posto de combust\u00edveis no Jardim Paulista, zona Leste\u2026","rel":"","context":"In &quot;Not\u00edcias de Ribeir\u00e3o Preto-SP e Regi\u00e3o&quot;","block_context":{"text":"Not\u00edcias de Ribeir\u00e3o Preto-SP e Regi\u00e3o","link":"https:\/\/ismaelcolosi.com.br\/index.php\/category\/noticias-de-ribeirao-preto-sp-e-regiao-ismael-colosi\/"},"img":{"alt_text":"","src":"https:\/\/i0.wp.com\/ismaelcolosi.com.br\/wp-content\/uploads\/2024\/03\/1711585624_00-25-mar-2024-negado-habeas-corpus-foto-redes-sociais.jpg?fit=551%2C645&ssl=1&resize=350%2C200","width":350,"height":200,"srcset":"https:\/\/i0.wp.com\/ismaelcolosi.com.br\/wp-content\/uploads\/2024\/03\/1711585624_00-25-mar-2024-negado-habeas-corpus-foto-redes-sociais.jpg?fit=551%2C645&ssl=1&resize=350%2C200 1x, https:\/\/i0.wp.com\/ismaelcolosi.com.br\/wp-content\/uploads\/2024\/03\/1711585624_00-25-mar-2024-negado-habeas-corpus-foto-redes-sociais.jpg?fit=551%2C645&ssl=1&resize=525%2C300 1.5x"},"classes":[]}],"jetpack_sharing_enabled":true,"jetpack_shortlink":"https:\/\/wp.me\/pfMlyK-6Me","_links":{"self":[{"href":"https:\/\/ismaelcolosi.com.br\/index.php\/wp-json\/wp\/v2\/posts\/26054","targetHints":{"allow":["GET"]}}],"collection":[{"href":"https:\/\/ismaelcolosi.com.br\/index.php\/wp-json\/wp\/v2\/posts"}],"about":[{"href":"https:\/\/ismaelcolosi.com.br\/index.php\/wp-json\/wp\/v2\/types\/post"}],"author":[{"embeddable":true,"href":"https:\/\/ismaelcolosi.com.br\/index.php\/wp-json\/wp\/v2\/users\/1"}],"replies":[{"embeddable":true,"href":"https:\/\/ismaelcolosi.com.br\/index.php\/wp-json\/wp\/v2\/comments?post=26054"}],"version-history":[{"count":0,"href":"https:\/\/ismaelcolosi.com.br\/index.php\/wp-json\/wp\/v2\/posts\/26054\/revisions"}],"wp:featuredmedia":[{"embeddable":true,"href":"https:\/\/ismaelcolosi.com.br\/index.php\/wp-json\/wp\/v2\/media\/26055"}],"wp:attachment":[{"href":"https:\/\/ismaelcolosi.com.br\/index.php\/wp-json\/wp\/v2\/media?parent=26054"}],"wp:term":[{"taxonomy":"category","embeddable":true,"href":"https:\/\/ismaelcolosi.com.br\/index.php\/wp-json\/wp\/v2\/categories?post=26054"},{"taxonomy":"post_tag","embeddable":true,"href":"https:\/\/ismaelcolosi.com.br\/index.php\/wp-json\/wp\/v2\/tags?post=26054"}],"curies":[{"name":"wp","href":"https:\/\/api.w.org\/{rel}","templated":true}]}}