{"id":26050,"date":"2024-01-09T01:30:31","date_gmt":"2024-01-09T04:30:31","guid":{"rendered":"https:\/\/ismaelcolosi.com.br\/index.php\/2024\/01\/09\/baixista-mingau-tem-alta-hospitalar-apos-4-meses-de-internacao-musico-foi-baleado-na-cabeca\/"},"modified":"2024-01-09T01:30:31","modified_gmt":"2024-01-09T04:30:31","slug":"baixista-mingau-tem-alta-hospitalar-apos-4-meses-de-internacao-musico-foi-baleado-na-cabeca","status":"publish","type":"post","link":"https:\/\/ismaelcolosi.com.br\/index.php\/2024\/01\/09\/baixista-mingau-tem-alta-hospitalar-apos-4-meses-de-internacao-musico-foi-baleado-na-cabeca\/","title":{"rendered":"Baixista Mingau tem alta hospitalar ap\u00f3s 4 meses de interna\u00e7\u00e3o; m\u00fasico foi baleado na cabe\u00e7a"},"content":{"rendered":"<p> <br \/>\n<\/p>\n<div itemprop=\"text\">\n<p>Ap\u00f3s quatro meses de interna\u00e7\u00e3o hospitalar, o m\u00fasico Rinaldo Oliveira Amaral, o Mingau, recebeu alta. A informa\u00e7\u00e3o foi confirmada pela fam\u00edlia do baixista, que agora vai apoia-lo na nova fase do tratamento.<\/p>\n<p>Mingau estava internado desde o dia 2 de setembro de 2023, quando foi baleado. O m\u00fasico acabou seno atingido na cabe\u00e7a, durante uma tentativa de assalto, na cidade de Paraty, no Rio de Janeiro.<\/p>\n<p>Depois de ter o quadro estabilizado, Mingau foi levado \u00e0 UTI do \u00a0Hospital S\u00e3o Luiz \u2013 Unidade Itaim, onde permaneceu at\u00e9 agora. Apesar de ter recebido alta hospitalar, seu tratamento continua.<\/p>\n<p>Por conta das sequelas deixadas pelo disparo, o m\u00fasico agora vai seguir com terapia para reabilita\u00e7\u00e3o motora e funcional. Mingau saiu consciente do hospital, sem necessidade de respirador ou outro dispositivo.<\/p>\n<blockquote class=\"instagram-media\" style=\"background: #FFF; border: 0; border-radius: 3px; box-shadow: 0 0 1px 0 rgba(0,0,0,0.5),0 1px 10px 0 rgba(0,0,0,0.15); margin: 1px; max-width: 540px; min-width: 326px; padding: 0; width: calc(100% - 2px);\" data-instgrm-permalink=\"https:\/\/www.instagram.com\/p\/C121rqJAvSC\/?utm_source=ig_embed&amp;utm_campaign=loading\" data-instgrm-version=\"14\">\n<p>\u00a0<\/p>\n<p>Ver essa foto no Instagram<\/p>\n<p>\u00a0<\/p>\n<p style=\"color: #c9c8cd; font-family: Arial,sans-serif; font-size: 14px; line-height: 17px; margin-bottom: 0; margin-top: 8px; overflow: hidden; padding: 8px 0 7px; text-align: center; text-overflow: ellipsis; white-space: nowrap;\"><a style=\"color: #c9c8cd; font-family: Arial,sans-serif; font-size: 14px; font-style: normal; font-weight: normal; line-height: 17px; text-decoration: none;\" href=\"https:\/\/www.instagram.com\/p\/C121rqJAvSC\/?utm_source=ig_embed&amp;utm_campaign=loading\" target=\"_blank\" rel=\"noopener\">Uma publica\u00e7\u00e3o compartilhada por @juntospelomingau<\/a><\/p>\n<\/blockquote>\n<p><b>\u201cDurante o per\u00edodo de interna\u00e7\u00e3o na unidade, onde deu entrada no dia 3\/9\/2023, o paciente recebeu toda a assist\u00eancia multiprofissional necess\u00e1ria e passou por tr\u00eas procedimentos cir\u00fargicos. Ap\u00f3s tratamento de um quadro infeccioso nos \u00faltimos dias, a equipe m\u00e9dica avaliou que havia condi\u00e7\u00f5es de alta com maior seguran\u00e7a\u201d<\/b>, diz nota do hospital.<\/p>\n<p><img data-recalc-dims=\"1\" decoding=\"async\" src=\"https:\/\/i0.wp.com\/fnmais.com\/wp-content\/uploads\/2024\/01\/postiimg-659cbaa4539ef7667.jpg?ssl=1\" alt=\"\"\/><\/p>\n<p>A fam\u00edlia tamb\u00e9m emitiu nota, agradecendo o apoio e confirmando a informa\u00e7\u00e3o. A fam\u00edlia tamb\u00e9m confirmou que o tratamento continua daqui para frente, afirmando ainda que atualizar\u00e1 f\u00e3s conforme os progressos acontecerem.<\/p>\n<p>Mingau era baixista da banda Ultraje a Rigor, e tamb\u00e9m participava do programa The Noite, de Danilo Gentili, ao lado dos demais membros da banda.<\/p>\n<\/div>\n<p><script async src=\"\/\/www.instagram.com\/embed.js\"><\/script><br \/>\n<br \/><br \/>\n<br \/><a href=\"https:\/\/fnmais.com\/baixista-mingau-tem-alta-hospitalar-apos-4-meses-internacao-musico-foi-baleado-na-cabeca\/\">Source link <\/a><\/p>\n<div class='code-block code-block-4' style='margin: 8px auto 8px 0; text-align: left; display: block; clear: both;'>\n\ud83d\udce2 Aviso Legal\n\nO site ismaelcolosi.com.br atua apenas como um canal de divulga\u00e7\u00e3o de oportunidades de emprego e n\u00e3o se responsabiliza pelo processo seletivo, contrata\u00e7\u00e3o ou qualquer outra etapa relacionada \u00e0s vagas publicadas. Todas as informa\u00e7\u00f5es s\u00e3o de responsabilidade dos anunciantes.\n\n\u26a0\ufe0f Aten\u00e7\u00e3o! Nunca pague por promessas de emprego nem compre cursos que garantam contrata\u00e7\u00e3o. Desconfie de qualquer cobran\u00e7a para participar de sele\u00e7\u00f5es.\n\n\n\n<\/div>\n<!-- CONTENT END 1 -->\n","protected":false},"excerpt":{"rendered":"<p>Ap\u00f3s quatro meses de interna\u00e7\u00e3o hospitalar, o m\u00fasico Rinaldo Oliveira Amaral, o Mingau, recebeu alta. A informa\u00e7\u00e3o foi confirmada pela fam\u00edlia do baixista, que agora&#8230;<\/p>\n","protected":false},"author":1,"featured_media":26051,"comment_status":"open","ping_status":"open","sticky":false,"template":"","format":"standard","meta":{"_uag_custom_page_level_css":"","advanced_seo_description":"","jetpack_seo_html_title":"","jetpack_seo_noindex":false,"jetpack_post_was_ever_published":false,"_jetpack_newsletter_access":"","_jetpack_dont_email_post_to_subs":false,"_jetpack_newsletter_tier_id":0,"_jetpack_memberships_contains_paywalled_content":false,"_jetpack_memberships_contains_paid_content":false,"footnotes":"","jetpack_publicize_message":"","jetpack_publicize_feature_enabled":true,"jetpack_social_post_already_shared":true,"jetpack_social_options":{"image_generator_settings":{"template":"highway","default_image_id":0,"font":"","enabled":false},"version":2}},"categories":[1],"tags":[],"class_list":["post-26050","post","type-post","status-publish","format-standard","has-post-thumbnail","hentry","category-blog"],"jetpack_publicize_connections":[],"jetpack_featured_media_url":"https:\/\/i0.wp.com\/ismaelcolosi.com.br\/wp-content\/uploads\/2024\/01\/postimg-659cbaa56d33d7523.jpg?fit=1200%2C628&ssl=1","uagb_featured_image_src":{"full":["https:\/\/i0.wp.com\/ismaelcolosi.com.br\/wp-content\/uploads\/2024\/01\/postimg-659cbaa56d33d7523.jpg?fit=1200%2C628&ssl=1",1200,628,false],"thumbnail":["https:\/\/i0.wp.com\/ismaelcolosi.com.br\/wp-content\/uploads\/2024\/01\/postimg-659cbaa56d33d7523.jpg?resize=150%2C150&ssl=1",150,150,true],"medium":["https:\/\/i0.wp.com\/ismaelcolosi.com.br\/wp-content\/uploads\/2024\/01\/postimg-659cbaa56d33d7523.jpg?fit=300%2C157&ssl=1",300,157,true],"medium_large":["https:\/\/i0.wp.com\/ismaelcolosi.com.br\/wp-content\/uploads\/2024\/01\/postimg-659cbaa56d33d7523.jpg?fit=768%2C402&ssl=1",768,402,true],"large":["https:\/\/i0.wp.com\/ismaelcolosi.com.br\/wp-content\/uploads\/2024\/01\/postimg-659cbaa56d33d7523.jpg?fit=1024%2C536&ssl=1",1024,536,true],"1536x1536":["https:\/\/i0.wp.com\/ismaelcolosi.com.br\/wp-content\/uploads\/2024\/01\/postimg-659cbaa56d33d7523.jpg?fit=1200%2C628&ssl=1",1200,628,true],"2048x2048":["https:\/\/i0.wp.com\/ismaelcolosi.com.br\/wp-content\/uploads\/2024\/01\/postimg-659cbaa56d33d7523.jpg?fit=1200%2C628&ssl=1",1200,628,true],"really-simple-thumb":["https:\/\/i0.wp.com\/ismaelcolosi.com.br\/wp-content\/uploads\/2024\/01\/postimg-659cbaa56d33d7523.jpg?resize=370%2C247&ssl=1",370,247,true]},"uagb_author_info":{"display_name":"ismaelcolosi.com.br","author_link":"https:\/\/ismaelcolosi.com.br\/index.php\/author\/vidareal-online\/"},"uagb_comment_info":0,"uagb_excerpt":"Ap\u00f3s quatro meses de interna\u00e7\u00e3o hospitalar, o m\u00fasico Rinaldo Oliveira Amaral, o Mingau, recebeu alta. A informa\u00e7\u00e3o foi confirmada pela fam\u00edlia do baixista, que agora...","jetpack-related-posts":[{"id":22725,"url":"https:\/\/ismaelcolosi.com.br\/index.php\/2023\/12\/30\/compadre-washington-recebe-alta-apos-internacao-de-emergencia-hospital-publicou-informacao-apos-cirurgia-de-emergencia\/","url_meta":{"origin":26050,"position":0},"title":"Compadre Washington recebe alta ap\u00f3s interna\u00e7\u00e3o de emerg\u00eancia; hospital publicou informa\u00e7\u00e3o ap\u00f3s cirurgia de emerg\u00eancia","author":"ismaelcolosi.com.br","date":"30 de December de 2023","format":false,"excerpt":"Chegou ao fim a luta do cantor Compadre Washington ap\u00f3s os recentes problemas de sa\u00fade pelos quais teve que lidar. O artista foi internado \u00e0s pressas na cidade de Salvador, a capital do estado da Bahia, na madrugada da \u00faltima sexta-feira, dia 29 de dezembro, sendo inclusive submetido a um\u2026","rel":"","context":"In &quot;Blog&quot;","block_context":{"text":"Blog","link":"https:\/\/ismaelcolosi.com.br\/index.php\/category\/blog\/"},"img":{"alt_text":"","src":"https:\/\/i0.wp.com\/ismaelcolosi.com.br\/wp-content\/uploads\/2023\/12\/postimg-65908fbc70a706438.jpg?fit=1200%2C628&ssl=1&resize=350%2C200","width":350,"height":200,"srcset":"https:\/\/i0.wp.com\/ismaelcolosi.com.br\/wp-content\/uploads\/2023\/12\/postimg-65908fbc70a706438.jpg?fit=1200%2C628&ssl=1&resize=350%2C200 1x, https:\/\/i0.wp.com\/ismaelcolosi.com.br\/wp-content\/uploads\/2023\/12\/postimg-65908fbc70a706438.jpg?fit=1200%2C628&ssl=1&resize=525%2C300 1.5x, https:\/\/i0.wp.com\/ismaelcolosi.com.br\/wp-content\/uploads\/2023\/12\/postimg-65908fbc70a706438.jpg?fit=1200%2C628&ssl=1&resize=700%2C400 2x, https:\/\/i0.wp.com\/ismaelcolosi.com.br\/wp-content\/uploads\/2023\/12\/postimg-65908fbc70a706438.jpg?fit=1200%2C628&ssl=1&resize=1050%2C600 3x"},"classes":[]},{"id":14079,"url":"https:\/\/ismaelcolosi.com.br\/index.php\/2023\/12\/11\/chega-ao-fim-a-luta-de-ze-neto-apos-internacao-ele-venceu\/","url_meta":{"origin":26050,"position":1},"title":"Chega ao fim a luta de Z\u00e9 Neto ap\u00f3s interna\u00e7\u00e3o; ele venceu","author":"ismaelcolosi.com.br","date":"11 de December de 2023","format":false,"excerpt":"Nesta segunda-feira, dia 11 de dezembro, foi anunciado que o famoso cantor Z\u00e9 Neto conseguiu vencer sua luta ap\u00f3s ter sido internado devido a um grave acidente de tr\u00e2nsito que ele foi v\u00edtima.O famoso precisou de seis dias de interna\u00e7\u00e3o, e atrav\u00e9s de um boletim m\u00e9dico, foi exposto que o\u2026","rel":"","context":"In &quot;Blog&quot;","block_context":{"text":"Blog","link":"https:\/\/ismaelcolosi.com.br\/index.php\/category\/blog\/"},"img":{"alt_text":"","src":"https:\/\/i0.wp.com\/ismaelcolosi.com.br\/wp-content\/uploads\/2023\/12\/postimg-65776fe761d847615.jpg?fit=1200%2C628&ssl=1&resize=350%2C200","width":350,"height":200,"srcset":"https:\/\/i0.wp.com\/ismaelcolosi.com.br\/wp-content\/uploads\/2023\/12\/postimg-65776fe761d847615.jpg?fit=1200%2C628&ssl=1&resize=350%2C200 1x, https:\/\/i0.wp.com\/ismaelcolosi.com.br\/wp-content\/uploads\/2023\/12\/postimg-65776fe761d847615.jpg?fit=1200%2C628&ssl=1&resize=525%2C300 1.5x, https:\/\/i0.wp.com\/ismaelcolosi.com.br\/wp-content\/uploads\/2023\/12\/postimg-65776fe761d847615.jpg?fit=1200%2C628&ssl=1&resize=700%2C400 2x, https:\/\/i0.wp.com\/ismaelcolosi.com.br\/wp-content\/uploads\/2023\/12\/postimg-65776fe761d847615.jpg?fit=1200%2C628&ssl=1&resize=1050%2C600 3x"},"classes":[]},{"id":26070,"url":"https:\/\/ismaelcolosi.com.br\/index.php\/2024\/01\/09\/sargento-baleado-na-cabeca-por-criminoso-foragido-tem-obito-confirmado\/","url_meta":{"origin":26050,"position":2},"title":"Sargento baleado na cabe\u00e7a por criminoso foragido tem \u00f3bito confirmado","author":"ismaelcolosi.com.br","date":"9 de January de 2024","format":false,"excerpt":"Na noite da \u00faltima sexta-feira (05\/01), um crime revoltante resultou na interna\u00e7\u00e3o do sargento Roger Dias da Cunha, de 29 anos. Infelizmente, j\u00e1 no \u00faltimo domingo (07\/01), o \u00f3bito do militar foi confirmado.Segundo as informa\u00e7\u00f5es, o sargento fazia patrulhamento da regi\u00e3o de Aar\u00e3o Reis, em Belo Horizonte, quando foi informado\u2026","rel":"","context":"In &quot;Blog&quot;","block_context":{"text":"Blog","link":"https:\/\/ismaelcolosi.com.br\/index.php\/category\/blog\/"},"img":{"alt_text":"","src":"https:\/\/i0.wp.com\/ismaelcolosi.com.br\/wp-content\/uploads\/2024\/01\/postimg-659caa03bdf1e2967.jpg?fit=1200%2C628&ssl=1&resize=350%2C200","width":350,"height":200,"srcset":"https:\/\/i0.wp.com\/ismaelcolosi.com.br\/wp-content\/uploads\/2024\/01\/postimg-659caa03bdf1e2967.jpg?fit=1200%2C628&ssl=1&resize=350%2C200 1x, https:\/\/i0.wp.com\/ismaelcolosi.com.br\/wp-content\/uploads\/2024\/01\/postimg-659caa03bdf1e2967.jpg?fit=1200%2C628&ssl=1&resize=525%2C300 1.5x, https:\/\/i0.wp.com\/ismaelcolosi.com.br\/wp-content\/uploads\/2024\/01\/postimg-659caa03bdf1e2967.jpg?fit=1200%2C628&ssl=1&resize=700%2C400 2x, https:\/\/i0.wp.com\/ismaelcolosi.com.br\/wp-content\/uploads\/2024\/01\/postimg-659caa03bdf1e2967.jpg?fit=1200%2C628&ssl=1&resize=1050%2C600 3x"},"classes":[]},{"id":26739,"url":"https:\/\/ismaelcolosi.com.br\/index.php\/2024\/01\/10\/tais-araujo-sente-dores-agudas-e-acaba-internada-assessoria-se-manifestou\/","url_meta":{"origin":26050,"position":3},"title":"Ta\u00eds Ara\u00fajo sente dores agudas e acaba internada; assessoria se manifestou","author":"ismaelcolosi.com.br","date":"10 de January de 2024","format":false,"excerpt":"Na \u00faltima segunda-feira (08\/01), a atriz Ta\u00eds Ara\u00fajo acabou sendo internada ap\u00f3s apresentar fortes dores. A atriz deu entrada no Hospital S\u00edrio-Liban\u00eas, em S\u00e3o Paulo, onde permanece at\u00e9 agora.Nesta quarta, a informa\u00e7\u00e3o parou na imprensa e a assessoria da atriz se manifestou. Por meio de nota, representantes de Ta\u00eds Ara\u00fajo\u2026","rel":"","context":"In &quot;Blog&quot;","block_context":{"text":"Blog","link":"https:\/\/ismaelcolosi.com.br\/index.php\/category\/blog\/"},"img":{"alt_text":"","src":"https:\/\/i0.wp.com\/ismaelcolosi.com.br\/wp-content\/uploads\/2024\/01\/postimg-659ef37d653903386.jpg?fit=1200%2C628&ssl=1&resize=350%2C200","width":350,"height":200,"srcset":"https:\/\/i0.wp.com\/ismaelcolosi.com.br\/wp-content\/uploads\/2024\/01\/postimg-659ef37d653903386.jpg?fit=1200%2C628&ssl=1&resize=350%2C200 1x, https:\/\/i0.wp.com\/ismaelcolosi.com.br\/wp-content\/uploads\/2024\/01\/postimg-659ef37d653903386.jpg?fit=1200%2C628&ssl=1&resize=525%2C300 1.5x, https:\/\/i0.wp.com\/ismaelcolosi.com.br\/wp-content\/uploads\/2024\/01\/postimg-659ef37d653903386.jpg?fit=1200%2C628&ssl=1&resize=700%2C400 2x, https:\/\/i0.wp.com\/ismaelcolosi.com.br\/wp-content\/uploads\/2024\/01\/postimg-659ef37d653903386.jpg?fit=1200%2C628&ssl=1&resize=1050%2C600 3x"},"classes":[]},{"id":27184,"url":"https:\/\/ismaelcolosi.com.br\/index.php\/2024\/01\/11\/tais-araujo-fala-pela-primeira-vez-apos-receber-alta-hospitalar-estava-urrando-de-dor\/","url_meta":{"origin":26050,"position":4},"title":"Ta\u00eds Ara\u00fajo fala pela primeira vez ap\u00f3s receber alta hospitalar: &#8216;estava urrando de dor&#8217;","author":"ismaelcolosi.com.br","date":"11 de January de 2024","format":false,"excerpt":"Na \u00faltima segunda-feira (08\/01), a atriz Ta\u00eds Ara\u00fajo foi parar no hospital e acabou sendo internada ap\u00f3s sofrer uma crise aguda de dor nas costas. J\u00e1 na quarta, a assessoria da atriz se manifestou.Agora foi a vez da pr\u00f3pria Ta\u00eds Ara\u00fajo falar com seus seguidores. Em raz\u00e3o do problema de\u2026","rel":"","context":"In &quot;Blog&quot;","block_context":{"text":"Blog","link":"https:\/\/ismaelcolosi.com.br\/index.php\/category\/blog\/"},"img":{"alt_text":"","src":"https:\/\/i0.wp.com\/ismaelcolosi.com.br\/wp-content\/uploads\/2024\/01\/postimg-65a0442642ee78048.jpg?fit=1200%2C628&ssl=1&resize=350%2C200","width":350,"height":200,"srcset":"https:\/\/i0.wp.com\/ismaelcolosi.com.br\/wp-content\/uploads\/2024\/01\/postimg-65a0442642ee78048.jpg?fit=1200%2C628&ssl=1&resize=350%2C200 1x, https:\/\/i0.wp.com\/ismaelcolosi.com.br\/wp-content\/uploads\/2024\/01\/postimg-65a0442642ee78048.jpg?fit=1200%2C628&ssl=1&resize=525%2C300 1.5x, https:\/\/i0.wp.com\/ismaelcolosi.com.br\/wp-content\/uploads\/2024\/01\/postimg-65a0442642ee78048.jpg?fit=1200%2C628&ssl=1&resize=700%2C400 2x, https:\/\/i0.wp.com\/ismaelcolosi.com.br\/wp-content\/uploads\/2024\/01\/postimg-65a0442642ee78048.jpg?fit=1200%2C628&ssl=1&resize=1050%2C600 3x"},"classes":[]},{"id":43867,"url":"https:\/\/ismaelcolosi.com.br\/index.php\/2024\/03\/23\/musico-volta-a-ouvir-apos-quatro-anos-com-implante-realizado-no-hc-ribeirao\/","url_meta":{"origin":26050,"position":5},"title":"M\u00fasico volta a ouvir ap\u00f3s quatro anos com implante realizado no HC Ribeir\u00e3o","author":"ismaelcolosi.com.br","date":"23 de March de 2024","format":false,"excerpt":"O m\u00fasico Jos\u00e9 Luiz Itiro Yamamoto, de 78 anos, voltou a ouvir ap\u00f3s quatro anos com um implante coclear realizado pelo Hospital das Cl\u00ednicas de Ribeir\u00e3o Preto. O implante foi realizado h\u00e1 um m\u00eas e o aparelho auditivo foi ativado na \u00faltima semana. No implante coclear o equipamento \u00e9 colocado\u2026","rel":"","context":"In &quot;Not\u00edcias de Ribeir\u00e3o Preto-SP e Regi\u00e3o&quot;","block_context":{"text":"Not\u00edcias de Ribeir\u00e3o Preto-SP e Regi\u00e3o","link":"https:\/\/ismaelcolosi.com.br\/index.php\/category\/noticias-de-ribeirao-preto-sp-e-regiao-ismael-colosi\/"},"img":{"alt_text":"","src":"https:\/\/i0.wp.com\/ismaelcolosi.com.br\/wp-content\/uploads\/2024\/03\/AnyConv.com__musico-surdo.webp.webp?fit=1200%2C568&ssl=1&resize=350%2C200","width":350,"height":200,"srcset":"https:\/\/i0.wp.com\/ismaelcolosi.com.br\/wp-content\/uploads\/2024\/03\/AnyConv.com__musico-surdo.webp.webp?fit=1200%2C568&ssl=1&resize=350%2C200 1x, https:\/\/i0.wp.com\/ismaelcolosi.com.br\/wp-content\/uploads\/2024\/03\/AnyConv.com__musico-surdo.webp.webp?fit=1200%2C568&ssl=1&resize=525%2C300 1.5x, https:\/\/i0.wp.com\/ismaelcolosi.com.br\/wp-content\/uploads\/2024\/03\/AnyConv.com__musico-surdo.webp.webp?fit=1200%2C568&ssl=1&resize=700%2C400 2x, https:\/\/i0.wp.com\/ismaelcolosi.com.br\/wp-content\/uploads\/2024\/03\/AnyConv.com__musico-surdo.webp.webp?fit=1200%2C568&ssl=1&resize=1050%2C600 3x"},"classes":[]}],"jetpack_sharing_enabled":true,"jetpack_shortlink":"https:\/\/wp.me\/pfMlyK-6Ma","_links":{"self":[{"href":"https:\/\/ismaelcolosi.com.br\/index.php\/wp-json\/wp\/v2\/posts\/26050","targetHints":{"allow":["GET"]}}],"collection":[{"href":"https:\/\/ismaelcolosi.com.br\/index.php\/wp-json\/wp\/v2\/posts"}],"about":[{"href":"https:\/\/ismaelcolosi.com.br\/index.php\/wp-json\/wp\/v2\/types\/post"}],"author":[{"embeddable":true,"href":"https:\/\/ismaelcolosi.com.br\/index.php\/wp-json\/wp\/v2\/users\/1"}],"replies":[{"embeddable":true,"href":"https:\/\/ismaelcolosi.com.br\/index.php\/wp-json\/wp\/v2\/comments?post=26050"}],"version-history":[{"count":0,"href":"https:\/\/ismaelcolosi.com.br\/index.php\/wp-json\/wp\/v2\/posts\/26050\/revisions"}],"wp:featuredmedia":[{"embeddable":true,"href":"https:\/\/ismaelcolosi.com.br\/index.php\/wp-json\/wp\/v2\/media\/26051"}],"wp:attachment":[{"href":"https:\/\/ismaelcolosi.com.br\/index.php\/wp-json\/wp\/v2\/media?parent=26050"}],"wp:term":[{"taxonomy":"category","embeddable":true,"href":"https:\/\/ismaelcolosi.com.br\/index.php\/wp-json\/wp\/v2\/categories?post=26050"},{"taxonomy":"post_tag","embeddable":true,"href":"https:\/\/ismaelcolosi.com.br\/index.php\/wp-json\/wp\/v2\/tags?post=26050"}],"curies":[{"name":"wp","href":"https:\/\/api.w.org\/{rel}","templated":true}]}}