{"id":25976,"date":"2024-01-08T21:18:09","date_gmt":"2024-01-09T00:18:09","guid":{"rendered":"https:\/\/ismaelcolosi.com.br\/index.php\/2024\/01\/08\/por-motivo-banal-tio-tira-a-vida-do-proprio-sobrinho-e-acaba-preso-delegado-falou-sobre-o-caso\/"},"modified":"2024-01-08T21:18:09","modified_gmt":"2024-01-09T00:18:09","slug":"por-motivo-banal-tio-tira-a-vida-do-proprio-sobrinho-e-acaba-preso-delegado-falou-sobre-o-caso","status":"publish","type":"post","link":"https:\/\/ismaelcolosi.com.br\/index.php\/2024\/01\/08\/por-motivo-banal-tio-tira-a-vida-do-proprio-sobrinho-e-acaba-preso-delegado-falou-sobre-o-caso\/","title":{"rendered":"Por motivo banal, tio tira a vida do pr\u00f3prio sobrinho e acaba preso; delegado falou sobre o caso"},"content":{"rendered":"<p> <br \/>\n<\/p>\n<div itemprop=\"text\">\n<p>Brigas envolvendo fam\u00edlias s\u00e3o comuns, apesar de estarem longe do ideal. Muitas vezes, membros de uma mesma fam\u00edlia podem se desentender e esse desentendimento se transformar em uma verdadeira bola de neve.<\/p>\n<p>Toda fam\u00edlia tem um parente mais brig\u00e3o, outro mais conciliador. Toda fam\u00edlia tem n\u00facleos que n\u00e3o interagem entre si por causa de brigas que aconteceram anos atr\u00e1s, e das quais muitas vezes nem se lembram.<\/p><div class='code-block code-block-8' style='margin: 8px auto; text-align: center; display: block; clear: both;'>\n<script>\n  atOptions = {\n    'key' : '66e2e2111ca34da796271819fc334058',\n    'format' : 'iframe',\n    'height' : 250,\n    'width' : 300,\n    'params' : {}\n  };\n<\/script>\n<script src=\"https:\/\/www.highperformanceformat.com\/66e2e2111ca34da796271819fc334058\/invoke.js\"><\/script>\n<\/div>\n\n<p>De certa forma, nesse sentido, brigas envolvendo fam\u00edlias s\u00e3o comuns. No entanto, alguns casos se tornam caso de pol\u00edcia por envolver a\u00e7\u00f5es completamente inaceit\u00e1veis e violentas, como o que aconteceu na Para\u00edba.<\/p>\n<p>Segundo informa\u00e7\u00f5es sobre o caso, um homem foi preso acusado de tirar a vida do pr\u00f3prio sobrinho. O motivo da briga \u00e9 ainda mais chocante, j\u00e1 que o desentendimento teria come\u00e7ado por causa de um wi-fi.<\/p>\n<p>O caso aconteceu no munic\u00edpio de Mamanguape (PB) e, segundo as informa\u00e7\u00f5es, o homem tem um hist\u00f3rico de abuso de drogas e foi descrito como uma pessoa \u201cfria\u201d. O homem ainda responde a um inqu\u00e9rito por outro crime.<\/p>\n<p>A discuss\u00e3o teria come\u00e7ado por causa do wi-fi onde estava a fam\u00edlia. \u00a0Jo\u00e3o Victor Gon\u00e7alves da Silva foi atingido com um golpe no pesco\u00e7o. Antoniel Gon\u00e7alves da Silva ainda conseguiu fugir.<\/p>\n<p>O delegado a frente do caso explicou que al\u00e9m de responder por homic\u00eddio, Antoniel tamb\u00e9m deve ser investigado por tentativa de homic\u00eddio, j\u00e1 que teria tentado matar o irm\u00e3o de Jo\u00e3o Victor anteriormente.<\/p>\n<p>\u201c<b>Al\u00e9m do homic\u00eddio investigado, a pol\u00edcia tomou conhecimento de uma tentativa de homic\u00eddio contra o irm\u00e3o da v\u00edtima, o que resultou na abertura de um segundo inqu\u00e9rito<\/b>\u201d, disse.<\/p>\n<\/div>\n<p><br \/>\n<br \/><a href=\"https:\/\/fnmais.com\/por-motivo-banal-tio-tira-vida-proprio-sobrinho-acaba-preso-delegado-falou-sobre-caso\/\">Source link <\/a><\/p>\n<div class='code-block code-block-4' style='margin: 8px auto 8px 0; text-align: left; display: block; clear: both;'>\n\ud83d\udce2 Aviso Legal\n\nO site ismaelcolosi.com.br atua apenas como um canal de divulga\u00e7\u00e3o de oportunidades de emprego e n\u00e3o se responsabiliza pelo processo seletivo, contrata\u00e7\u00e3o ou qualquer outra etapa relacionada \u00e0s vagas publicadas. Todas as informa\u00e7\u00f5es s\u00e3o de responsabilidade dos anunciantes.\n\n\u26a0\ufe0f Aten\u00e7\u00e3o! Nunca pague por promessas de emprego nem compre cursos que garantam contrata\u00e7\u00e3o. Desconfie de qualquer cobran\u00e7a para participar de sele\u00e7\u00f5es.\n\n\n\n<\/div>\n<!-- CONTENT END 1 -->\n","protected":false},"excerpt":{"rendered":"<p>Brigas envolvendo fam\u00edlias s\u00e3o comuns, apesar de estarem longe do ideal. Muitas vezes, membros de uma mesma fam\u00edlia podem se desentender e esse desentendimento se&#8230;<\/p>\n","protected":false},"author":1,"featured_media":25977,"comment_status":"open","ping_status":"open","sticky":false,"template":"","format":"standard","meta":{"_uag_custom_page_level_css":"","advanced_seo_description":"","jetpack_seo_html_title":"","jetpack_seo_noindex":false,"jetpack_post_was_ever_published":false,"_jetpack_newsletter_access":"","_jetpack_dont_email_post_to_subs":false,"_jetpack_newsletter_tier_id":0,"_jetpack_memberships_contains_paywalled_content":false,"_jetpack_memberships_contains_paid_content":false,"footnotes":"","jetpack_publicize_message":"","jetpack_publicize_feature_enabled":true,"jetpack_social_post_already_shared":true,"jetpack_social_options":{"image_generator_settings":{"template":"highway","default_image_id":0,"font":"","enabled":false},"version":2}},"categories":[1],"tags":[],"class_list":["post-25976","post","type-post","status-publish","format-standard","has-post-thumbnail","hentry","category-blog"],"jetpack_publicize_connections":[],"jetpack_featured_media_url":"https:\/\/i0.wp.com\/ismaelcolosi.com.br\/wp-content\/uploads\/2024\/01\/postimg-659c892f767d79846.jpg?fit=1200%2C628&ssl=1","uagb_featured_image_src":{"full":["https:\/\/i0.wp.com\/ismaelcolosi.com.br\/wp-content\/uploads\/2024\/01\/postimg-659c892f767d79846.jpg?fit=1200%2C628&ssl=1",1200,628,false],"thumbnail":["https:\/\/i0.wp.com\/ismaelcolosi.com.br\/wp-content\/uploads\/2024\/01\/postimg-659c892f767d79846.jpg?resize=150%2C150&ssl=1",150,150,true],"medium":["https:\/\/i0.wp.com\/ismaelcolosi.com.br\/wp-content\/uploads\/2024\/01\/postimg-659c892f767d79846.jpg?fit=300%2C157&ssl=1",300,157,true],"medium_large":["https:\/\/i0.wp.com\/ismaelcolosi.com.br\/wp-content\/uploads\/2024\/01\/postimg-659c892f767d79846.jpg?fit=768%2C402&ssl=1",768,402,true],"large":["https:\/\/i0.wp.com\/ismaelcolosi.com.br\/wp-content\/uploads\/2024\/01\/postimg-659c892f767d79846.jpg?fit=1024%2C536&ssl=1",1024,536,true],"1536x1536":["https:\/\/i0.wp.com\/ismaelcolosi.com.br\/wp-content\/uploads\/2024\/01\/postimg-659c892f767d79846.jpg?fit=1200%2C628&ssl=1",1200,628,true],"2048x2048":["https:\/\/i0.wp.com\/ismaelcolosi.com.br\/wp-content\/uploads\/2024\/01\/postimg-659c892f767d79846.jpg?fit=1200%2C628&ssl=1",1200,628,true],"really-simple-thumb":["https:\/\/i0.wp.com\/ismaelcolosi.com.br\/wp-content\/uploads\/2024\/01\/postimg-659c892f767d79846.jpg?resize=370%2C247&ssl=1",370,247,true]},"uagb_author_info":{"display_name":"ismaelcolosi.com.br","author_link":"https:\/\/ismaelcolosi.com.br\/index.php\/author\/vidareal-online\/"},"uagb_comment_info":0,"uagb_excerpt":"Brigas envolvendo fam\u00edlias s\u00e3o comuns, apesar de estarem longe do ideal. Muitas vezes, membros de uma mesma fam\u00edlia podem se desentender e esse desentendimento se...","jetpack-related-posts":[{"id":52400,"url":"https:\/\/ismaelcolosi.com.br\/index.php\/2024\/06\/06\/brigas-entre-adolescentes-da-fundacao-casa-de-ribeirao-preto-deixam-feridos\/","url_meta":{"origin":25976,"position":0},"title":"Brigas entre adolescentes da Funda\u00e7\u00e3o Casa de Ribeir\u00e3o Preto deixam feridos","author":"ismaelcolosi.com.br","date":"6 de June de 2024","format":false,"excerpt":"Adolescentes da Funda\u00e7\u00e3o Casa Ribeir\u00e3o Preto se envolveram em brigas, na tarde de quarta-feira (5), em unidades distintas do complexo. Ao menos tr\u00eas pessoas ficaram feridas, entre elas, um agente de apoio socioeducativo. Foram registrados dois boletins de ocorr\u00eancia como les\u00e3o corporal em um intervalo de uma hora entre eles.\u2026","rel":"","context":"In &quot;Not\u00edcias de Ribeir\u00e3o Preto-SP e Regi\u00e3o&quot;","block_context":{"text":"Not\u00edcias de Ribeir\u00e3o Preto-SP e Regi\u00e3o","link":"https:\/\/ismaelcolosi.com.br\/index.php\/category\/noticias-de-ribeirao-preto-sp-e-regiao-ismael-colosi\/"},"img":{"alt_text":"","src":"https:\/\/i0.wp.com\/ismaelcolosi.com.br\/wp-content\/uploads\/2024\/06\/Copia-de-Copia-de-TAMANHO-EXATO-PARA-FOTOS-NO-SISTEMA-NOVO-12_2024-06-06_14-40-01_jpg_2024-06-06_14-40-01.webp.webp?fit=1200%2C675&ssl=1&resize=350%2C200","width":350,"height":200,"srcset":"https:\/\/i0.wp.com\/ismaelcolosi.com.br\/wp-content\/uploads\/2024\/06\/Copia-de-Copia-de-TAMANHO-EXATO-PARA-FOTOS-NO-SISTEMA-NOVO-12_2024-06-06_14-40-01_jpg_2024-06-06_14-40-01.webp.webp?fit=1200%2C675&ssl=1&resize=350%2C200 1x, https:\/\/i0.wp.com\/ismaelcolosi.com.br\/wp-content\/uploads\/2024\/06\/Copia-de-Copia-de-TAMANHO-EXATO-PARA-FOTOS-NO-SISTEMA-NOVO-12_2024-06-06_14-40-01_jpg_2024-06-06_14-40-01.webp.webp?fit=1200%2C675&ssl=1&resize=525%2C300 1.5x, https:\/\/i0.wp.com\/ismaelcolosi.com.br\/wp-content\/uploads\/2024\/06\/Copia-de-Copia-de-TAMANHO-EXATO-PARA-FOTOS-NO-SISTEMA-NOVO-12_2024-06-06_14-40-01_jpg_2024-06-06_14-40-01.webp.webp?fit=1200%2C675&ssl=1&resize=700%2C400 2x, https:\/\/i0.wp.com\/ismaelcolosi.com.br\/wp-content\/uploads\/2024\/06\/Copia-de-Copia-de-TAMANHO-EXATO-PARA-FOTOS-NO-SISTEMA-NOVO-12_2024-06-06_14-40-01_jpg_2024-06-06_14-40-01.webp.webp?fit=1200%2C675&ssl=1&resize=1050%2C600 3x"},"classes":[]},{"id":4997,"url":"https:\/\/ismaelcolosi.com.br\/index.php\/2023\/11\/22\/homem-e-preso-apos-matar-ex-namorada-gravida-e-o-motivo-causa-perplexidade\/","url_meta":{"origin":25976,"position":1},"title":"Homem \u00e9 preso ap\u00f3s matar ex-namorada gr\u00e1vida e o motivo causa perplexidade","author":"ismaelcolosi.com.br","date":"22 de November de 2023","format":false,"excerpt":"Uma trag\u00e9dia chocante abalou Manaus, onde um homem foi preso preventivamente ap\u00f3s ser apontado como autor do brutal assassinato de sua ex-namorada, Karine Sevalho Lima, de apenas 19 anos que estava gr\u00e1vida de sete meses.Victor de Souza Rocha, 21 anos, foi detido quase um ano e meio depois do crime\u2026","rel":"","context":"In &quot;Blog&quot;","block_context":{"text":"Blog","link":"https:\/\/ismaelcolosi.com.br\/index.php\/category\/blog\/"},"img":{"alt_text":"","src":"https:\/\/i0.wp.com\/ismaelcolosi.com.br\/wp-content\/uploads\/2023\/11\/postimg-655e5500f16595941.jpg?fit=1200%2C628&ssl=1&resize=350%2C200","width":350,"height":200,"srcset":"https:\/\/i0.wp.com\/ismaelcolosi.com.br\/wp-content\/uploads\/2023\/11\/postimg-655e5500f16595941.jpg?fit=1200%2C628&ssl=1&resize=350%2C200 1x, https:\/\/i0.wp.com\/ismaelcolosi.com.br\/wp-content\/uploads\/2023\/11\/postimg-655e5500f16595941.jpg?fit=1200%2C628&ssl=1&resize=525%2C300 1.5x, https:\/\/i0.wp.com\/ismaelcolosi.com.br\/wp-content\/uploads\/2023\/11\/postimg-655e5500f16595941.jpg?fit=1200%2C628&ssl=1&resize=700%2C400 2x, https:\/\/i0.wp.com\/ismaelcolosi.com.br\/wp-content\/uploads\/2023\/11\/postimg-655e5500f16595941.jpg?fit=1200%2C628&ssl=1&resize=1050%2C600 3x"},"classes":[]},{"id":31436,"url":"https:\/\/ismaelcolosi.com.br\/index.php\/2024\/01\/22\/homem-mata-vizinho-enquanto-pm-encerra-outra-ocorrencia-camera-grava-tragica-situacao\/","url_meta":{"origin":25976,"position":2},"title":"Homem mata vizinho enquanto PM encerra outra ocorr\u00eancia; c\u00e2mera grava tr\u00e1gica situa\u00e7\u00e3o","author":"ismaelcolosi.com.br","date":"22 de January de 2024","format":false,"excerpt":"Em um chocante incidente ocorrido em Santa Tereza do Oeste, Paran\u00e1, um homem foi assassinado por um vizinho na presen\u00e7a da Pol\u00edcia Militar. O crime, capturado por c\u00e2meras de seguran\u00e7a, ocorreu enquanto os policiais finalizavam uma ocorr\u00eancia de briga envolvendo outro vizinho.A v\u00edtima, Gean Alvandir Alves de Oliveira, de 40\u2026","rel":"","context":"In &quot;Blog&quot;","block_context":{"text":"Blog","link":"https:\/\/ismaelcolosi.com.br\/index.php\/category\/blog\/"},"img":{"alt_text":"","src":"https:\/\/i0.wp.com\/ismaelcolosi.com.br\/wp-content\/uploads\/2024\/01\/postimg-65ae6edd33e4d3318.jpg?fit=1200%2C628&ssl=1&resize=350%2C200","width":350,"height":200,"srcset":"https:\/\/i0.wp.com\/ismaelcolosi.com.br\/wp-content\/uploads\/2024\/01\/postimg-65ae6edd33e4d3318.jpg?fit=1200%2C628&ssl=1&resize=350%2C200 1x, https:\/\/i0.wp.com\/ismaelcolosi.com.br\/wp-content\/uploads\/2024\/01\/postimg-65ae6edd33e4d3318.jpg?fit=1200%2C628&ssl=1&resize=525%2C300 1.5x, https:\/\/i0.wp.com\/ismaelcolosi.com.br\/wp-content\/uploads\/2024\/01\/postimg-65ae6edd33e4d3318.jpg?fit=1200%2C628&ssl=1&resize=700%2C400 2x, https:\/\/i0.wp.com\/ismaelcolosi.com.br\/wp-content\/uploads\/2024\/01\/postimg-65ae6edd33e4d3318.jpg?fit=1200%2C628&ssl=1&resize=1050%2C600 3x"},"classes":[]},{"id":56253,"url":"https:\/\/ismaelcolosi.com.br\/index.php\/2024\/07\/10\/homem-e-acusado-de-esfaquear-irmao-por-homofobia-em-ribeirao-preto\/","url_meta":{"origin":25976,"position":3},"title":"Homem \u00e9 acusado de esfaquear irm\u00e3o por homofobia em Ribeir\u00e3o Preto","author":"ismaelcolosi.com.br","date":"10 de July de 2024","format":false,"excerpt":"Uma briga entre irm\u00e3os acabou com um deles esfaqueado na tarde da \u00faltima segunda-feira (8), no bairro Geraldo Correia de Carvalho, zona Norte de Ribeir\u00e3o Preto. A v\u00edtima, de 39 anos, relatou \u00e0 PM (Pol\u00edcia Militar) no boletim de ocorr\u00eancia (BO) que \u00e9 homossexual, e que o irm\u00e3o, de 45\u2026","rel":"","context":"In &quot;Not\u00edcias de Ribeir\u00e3o Preto-SP e Regi\u00e3o&quot;","block_context":{"text":"Not\u00edcias de Ribeir\u00e3o Preto-SP e Regi\u00e3o","link":"https:\/\/ismaelcolosi.com.br\/index.php\/category\/noticias-de-ribeirao-preto-sp-e-regiao-ismael-colosi\/"},"img":{"alt_text":"","src":"https:\/\/i0.wp.com\/ismaelcolosi.com.br\/wp-content\/uploads\/2024\/07\/cpj_1024x576_21012021092745.jpg?fit=1024%2C575&ssl=1&resize=350%2C200","width":350,"height":200,"srcset":"https:\/\/i0.wp.com\/ismaelcolosi.com.br\/wp-content\/uploads\/2024\/07\/cpj_1024x576_21012021092745.jpg?fit=1024%2C575&ssl=1&resize=350%2C200 1x, https:\/\/i0.wp.com\/ismaelcolosi.com.br\/wp-content\/uploads\/2024\/07\/cpj_1024x576_21012021092745.jpg?fit=1024%2C575&ssl=1&resize=525%2C300 1.5x, https:\/\/i0.wp.com\/ismaelcolosi.com.br\/wp-content\/uploads\/2024\/07\/cpj_1024x576_21012021092745.jpg?fit=1024%2C575&ssl=1&resize=700%2C400 2x"},"classes":[]},{"id":73503,"url":"https:\/\/ismaelcolosi.com.br\/index.php\/2024\/10\/27\/mulheres-sao-a-maioria-como-responsaveis-por-domicilios-no-brasil-aponta-censo-2024\/","url_meta":{"origin":25976,"position":4},"title":"Mulheres S\u00e3o a Maioria como Respons\u00e1veis por Domic\u00edlios no Brasil, Aponta Censo 2024","author":"ismaelcolosi.com.br","date":"27 de October de 2024","format":false,"excerpt":"O Censo 2024, divulgado recentemente pelo Instituto Brasileiro de Geografia e Estat\u00edstica (IBGE), trouxe \u00e0 tona uma importante mudan\u00e7a no perfil das fam\u00edlias brasileiras: as mulheres agora representam a maioria dos respons\u00e1veis pelos domic\u00edlios no pa\u00eds. O levantamento aponta que o percentual de mulheres \u00e0 frente de lares cresceu significativamente\u2026","rel":"","context":"In &quot;Not\u00edcias de Ribeir\u00e3o Preto-SP e Regi\u00e3o&quot;","block_context":{"text":"Not\u00edcias de Ribeir\u00e3o Preto-SP e Regi\u00e3o","link":"https:\/\/ismaelcolosi.com.br\/index.php\/category\/noticias-de-ribeirao-preto-sp-e-regiao-ismael-colosi\/"},"img":{"alt_text":"","src":"https:\/\/i0.wp.com\/ismaelcolosi.com.br\/wp-content\/uploads\/2024\/10\/fila.webp.webp?fit=1170%2C700&ssl=1&resize=350%2C200","width":350,"height":200,"srcset":"https:\/\/i0.wp.com\/ismaelcolosi.com.br\/wp-content\/uploads\/2024\/10\/fila.webp.webp?fit=1170%2C700&ssl=1&resize=350%2C200 1x, https:\/\/i0.wp.com\/ismaelcolosi.com.br\/wp-content\/uploads\/2024\/10\/fila.webp.webp?fit=1170%2C700&ssl=1&resize=525%2C300 1.5x, https:\/\/i0.wp.com\/ismaelcolosi.com.br\/wp-content\/uploads\/2024\/10\/fila.webp.webp?fit=1170%2C700&ssl=1&resize=700%2C400 2x, https:\/\/i0.wp.com\/ismaelcolosi.com.br\/wp-content\/uploads\/2024\/10\/fila.webp.webp?fit=1170%2C700&ssl=1&resize=1050%2C600 3x"},"classes":[]},{"id":28280,"url":"https:\/\/ismaelcolosi.com.br\/index.php\/2024\/01\/15\/neuroblastoma-familias-compartilham-dificuldades-no-acesso-a-remedios\/","url_meta":{"origin":25976,"position":5},"title":"fam\u00edlias compartilham dificuldades no acesso a rem\u00e9dios \u2013 Folha de Ribeir\u00e3o","author":"ismaelcolosi.com.br","date":"15 de January de 2024","format":false,"excerpt":"Em 2020, Giovana Basso, aos 6 anos na \u00e9poca, recebeu o diagn\u00f3stico de\u00a0neuroblastoma\u00a0em est\u00e1gio 4, de alto risco. Come\u00e7ou, ent\u00e3o, uma luta contra esse tipo de c\u00e2ncer, cujos medicamentos s\u00e3o recentes e est\u00e3o entre os mais caros do mundo. A hist\u00f3ria dela chegou at\u00e9 a ind\u00fastria farmac\u00eautica internacional e, com\u2026","rel":"","context":"In &quot;Not\u00edcias de Ribeir\u00e3o Preto-SP e Regi\u00e3o&quot;","block_context":{"text":"Not\u00edcias de Ribeir\u00e3o Preto-SP e Regi\u00e3o","link":"https:\/\/ismaelcolosi.com.br\/index.php\/category\/noticias-de-ribeirao-preto-sp-e-regiao-ismael-colosi\/"},"img":{"alt_text":"","src":"","width":0,"height":0},"classes":[]}],"jetpack_sharing_enabled":true,"jetpack_shortlink":"https:\/\/wp.me\/pfMlyK-6KY","_links":{"self":[{"href":"https:\/\/ismaelcolosi.com.br\/index.php\/wp-json\/wp\/v2\/posts\/25976","targetHints":{"allow":["GET"]}}],"collection":[{"href":"https:\/\/ismaelcolosi.com.br\/index.php\/wp-json\/wp\/v2\/posts"}],"about":[{"href":"https:\/\/ismaelcolosi.com.br\/index.php\/wp-json\/wp\/v2\/types\/post"}],"author":[{"embeddable":true,"href":"https:\/\/ismaelcolosi.com.br\/index.php\/wp-json\/wp\/v2\/users\/1"}],"replies":[{"embeddable":true,"href":"https:\/\/ismaelcolosi.com.br\/index.php\/wp-json\/wp\/v2\/comments?post=25976"}],"version-history":[{"count":0,"href":"https:\/\/ismaelcolosi.com.br\/index.php\/wp-json\/wp\/v2\/posts\/25976\/revisions"}],"wp:featuredmedia":[{"embeddable":true,"href":"https:\/\/ismaelcolosi.com.br\/index.php\/wp-json\/wp\/v2\/media\/25977"}],"wp:attachment":[{"href":"https:\/\/ismaelcolosi.com.br\/index.php\/wp-json\/wp\/v2\/media?parent=25976"}],"wp:term":[{"taxonomy":"category","embeddable":true,"href":"https:\/\/ismaelcolosi.com.br\/index.php\/wp-json\/wp\/v2\/categories?post=25976"},{"taxonomy":"post_tag","embeddable":true,"href":"https:\/\/ismaelcolosi.com.br\/index.php\/wp-json\/wp\/v2\/tags?post=25976"}],"curies":[{"name":"wp","href":"https:\/\/api.w.org\/{rel}","templated":true}]}}