{"id":25963,"date":"2024-01-08T20:40:47","date_gmt":"2024-01-08T23:40:47","guid":{"rendered":"https:\/\/ismaelcolosi.com.br\/index.php\/2024\/01\/08\/apos-temporal-inmet-publica-alerta-de-chuvas-intensas-para-o-interior-de-sp-veja-os-locais\/"},"modified":"2024-01-08T20:40:47","modified_gmt":"2024-01-08T23:40:47","slug":"apos-temporal-inmet-publica-alerta-de-chuvas-intensas-para-o-interior-de-sp-veja-os-locais","status":"publish","type":"post","link":"https:\/\/ismaelcolosi.com.br\/index.php\/2024\/01\/08\/apos-temporal-inmet-publica-alerta-de-chuvas-intensas-para-o-interior-de-sp-veja-os-locais\/","title":{"rendered":"Ap\u00f3s temporal, Inmet publica alerta de chuvas intensas para o interior de SP; Veja os locais"},"content":{"rendered":"<p> <br \/>\n<\/p>\n<div data-td-block-uid=\"tdi_104\">\n<div class=\"tdb-block-inner td-fix-index\">\n<p>O <strong>Inmet (Instituto Nacional de Meteorologia)<\/strong> publicou um alerta de \u201c<strong>perigo potencial<\/strong>\u201d para <strong>chuvas intensas<\/strong> no interior de <strong>S\u00e3o Paulo<\/strong> nesta segunda-feira (8). O aviso \u00e9 v\u00e1lido at\u00e9 \u00e0s 10h de ter\u00e7a-feira (9).<\/p>\n<p>O comunicado foi feito <strong>um dia ap\u00f3s o rastro de destrui\u00e7\u00e3o provocado pelo temporal que atingiu a zona Leste de Ribeir\u00e3o Preto<\/strong>, no final da tarde do \u00faltimo domingo (7).<\/p><div class='code-block code-block-8' style='margin: 8px auto; text-align: center; display: block; clear: both;'>\n<script>\n  atOptions = {\n    'key' : '66e2e2111ca34da796271819fc334058',\n    'format' : 'iframe',\n    'height' : 250,\n    'width' : 300,\n    'params' : {}\n  };\n<\/script>\n<script src=\"https:\/\/www.highperformanceformat.com\/66e2e2111ca34da796271819fc334058\/invoke.js\"><\/script>\n<\/div>\n\n<p>De acordo com o \u00f3rg\u00e3o, pode chover o acumulado entre 20 e 30 mil\u00edmetros no per\u00edodo de uma hora, com ventos intensos de 40 km\/h e 60 km\/h.<\/p>\n<p>As regi\u00f5es do interior de S\u00e3o Paulo afetadas pelo aviso s\u00e3o: <strong>Ribeir\u00e3o Preto<\/strong>, <strong>Franca<\/strong>, <strong>Barretos<\/strong>, Campinas, Piracicaba, S\u00e3o Jos\u00e9 do Rio Preto, <strong>Araraquara<\/strong>, <strong>S\u00e3o Carlos<\/strong>, Limeira, Leme, Rio Claro e Mogi Gua\u00e7u.<\/p>\n<h4 class=\"wp-block-heading\"><strong>Tempo em Ribeir\u00e3o Preto<\/strong><\/h4>\n<p>De acordo com a <strong>Climatempo<\/strong>, a partir desta ter\u00e7a-feira (9), os riscos de <strong><mark style=\"background-color:#fcb900\" class=\"has-inline-color\">temporais localizados <\/mark><\/strong>aumentam na cidade. Isso acontece devido a <strong>combina\u00e7\u00e3o do calor excessivo com a umidade<\/strong>, que vem com mais for\u00e7a do litoral de SP, para a regi\u00e3o de <strong>Ribeir\u00e3o<\/strong>.<\/p>\n<p>A <strong>temperatura m\u00ednima <\/strong>deve ficar na casa dos <strong>22\u00baC<\/strong> e a <strong>m\u00e1xima <\/strong>n\u00e3o ultrapassa os <strong>33\u00baC<\/strong>. A ter\u00e7a-feira ser\u00e1 de sol com aumento de nuvens e pancadas de chuva \u00e0 tarde e \u00e0 noite.<\/p>\n<p>VEJA TAMB\u00c9M<\/p>\n<p>Veja como fazer a inscri\u00e7\u00e3o nos concursos p\u00fablicos da Prefeitura de Ribeir\u00e3o Preto<\/p>\n<h4 class=\"wp-block-heading\"><strong><mark style=\"background-color:#fcb900\" class=\"has-inline-color\">FIQUE ON<\/mark><\/strong><\/h4>\n<p>Fique ligado em tudo que acontece em Ribeir\u00e3o Preto e regi\u00e3o. Siga os perfis do\u00a0<strong>acidade on\u00a0<\/strong>no\u00a0<a href=\"https:\/\/www.instagram.com\/acidadeonribeirao\" target=\"_blank\" rel=\"noreferrer noopener\">Instagram<\/a>\u00a0e no\u00a0<a href=\"https:\/\/www.facebook.com\/acidadeonribeirao\" target=\"_blank\" rel=\"noreferrer noopener\">Facebook<\/a>.<\/p>\n<p>Receba not\u00edcias do<strong>\u00a0acidade on\u00a0<\/strong>no WhatsApp.\u00a0<a href=\"https:\/\/chat.whatsapp.com\/Bnv2w66ZT4VDyZW3oiZ69n\" target=\"_blank\" rel=\"noreferrer noopener\">Para entrar no grupo, basta clicar aqui.<\/a><\/p>\n<p>Fa\u00e7a uma den\u00fancia ou sugira uma reportagem sobre a Ribeir\u00e3o Preto e regi\u00e3o pelo WhatsApp: (16) 99117 7802.<\/p>\n<p>LEIA MAIS<\/p>\n<p><a href=\"https:\/\/www.tudoep.com\/tudo-noticias\/brasil-e-mundo\/NOT,0,0,1869338,pesquisa-busca-reduzir-dose-e-custo-de-tratamento-contra-neuroblastoma.aspx\" target=\"_blank\" rel=\"noreferrer noopener\">Pesquisa busca reduzir dose e custo de tratamento contra neuroblastoma<\/a><\/p>\n<p><!-- AI CONTENT END 1 -->\n<\/div>\n<\/div>\n<p><script async src=\"\/\/www.instagram.com\/embed.js\"><\/script><br \/>\n<br \/><br \/>\n<br \/><a href=\"https:\/\/www.acidadeon.com\/ribeiraopreto\/cotidiano\/apos-temporal-inmet-publica-alerta-de-chuvas-intensas-para-o-interior-de-sp-veja-os-locais\/\">Source link <\/a><\/p>\n<div class='code-block code-block-4' style='margin: 8px auto 8px 0; text-align: left; display: block; clear: both;'>\n\ud83d\udce2 Aviso Legal\n\nO site ismaelcolosi.com.br atua apenas como um canal de divulga\u00e7\u00e3o de oportunidades de emprego e n\u00e3o se responsabiliza pelo processo seletivo, contrata\u00e7\u00e3o ou qualquer outra etapa relacionada \u00e0s vagas publicadas. Todas as informa\u00e7\u00f5es s\u00e3o de responsabilidade dos anunciantes.\n\n\u26a0\ufe0f Aten\u00e7\u00e3o! Nunca pague por promessas de emprego nem compre cursos que garantam contrata\u00e7\u00e3o. Desconfie de qualquer cobran\u00e7a para participar de sele\u00e7\u00f5es.\n\n\n<div data-type=\"_mgwidget\" data-widget-id=\"2000896\">\n<\/div>\n<script>(function(w,q){w[q]=w[q]||[];w[q].push([\"_mgc.load\"])})(window,\"_mgq\");\n<\/script>\n<\/div>\n<!-- CONTENT END 1 -->\n","protected":false},"excerpt":{"rendered":"<p>O Inmet (Instituto Nacional de Meteorologia) publicou um alerta de \u201cperigo potencial\u201d para chuvas intensas no interior de S\u00e3o Paulo nesta segunda-feira (8). O aviso&#8230;<\/p>\n","protected":false},"author":1,"featured_media":25964,"comment_status":"open","ping_status":"open","sticky":false,"template":"","format":"standard","meta":{"_uag_custom_page_level_css":"","jetpack_post_was_ever_published":false,"_jetpack_newsletter_access":"","_jetpack_dont_email_post_to_subs":false,"_jetpack_newsletter_tier_id":0,"_jetpack_memberships_contains_paywalled_content":false,"_jetpack_memberships_contains_paid_content":false,"footnotes":"","jetpack_publicize_message":"","jetpack_publicize_feature_enabled":true,"jetpack_social_post_already_shared":true,"jetpack_social_options":{"image_generator_settings":{"template":"highway","default_image_id":0,"font":"","enabled":false},"version":2}},"categories":[11],"tags":[163,37,164,1578,165,237,624,71,1404,3196,48],"class_list":["post-25963","post","type-post","status-publish","format-standard","has-post-thumbnail","hentry","category-noticias-de-ribeirao-preto-sp-e-regiao-ismael-colosi","tag-alerta","tag-apos","tag-chuvas","tag-inmet","tag-intensas","tag-interior","tag-locais","tag-para","tag-publica","tag-temporal","tag-veja"],"aioseo_notices":[],"jetpack_publicize_connections":[],"jetpack_featured_media_url":"https:\/\/i0.wp.com\/ismaelcolosi.com.br\/wp-content\/uploads\/2024\/01\/chuva-forte.jpg?fit=1372%2C875&ssl=1","uagb_featured_image_src":{"full":["https:\/\/i0.wp.com\/ismaelcolosi.com.br\/wp-content\/uploads\/2024\/01\/chuva-forte.jpg?fit=1372%2C875&ssl=1",1372,875,false],"thumbnail":["https:\/\/i0.wp.com\/ismaelcolosi.com.br\/wp-content\/uploads\/2024\/01\/chuva-forte.jpg?resize=150%2C150&ssl=1",150,150,true],"medium":["https:\/\/i0.wp.com\/ismaelcolosi.com.br\/wp-content\/uploads\/2024\/01\/chuva-forte.jpg?fit=300%2C191&ssl=1",300,191,true],"medium_large":["https:\/\/i0.wp.com\/ismaelcolosi.com.br\/wp-content\/uploads\/2024\/01\/chuva-forte.jpg?fit=768%2C490&ssl=1",768,490,true],"large":["https:\/\/i0.wp.com\/ismaelcolosi.com.br\/wp-content\/uploads\/2024\/01\/chuva-forte.jpg?fit=1024%2C653&ssl=1",1024,653,true],"1536x1536":["https:\/\/i0.wp.com\/ismaelcolosi.com.br\/wp-content\/uploads\/2024\/01\/chuva-forte.jpg?fit=1372%2C875&ssl=1",1372,875,true],"2048x2048":["https:\/\/i0.wp.com\/ismaelcolosi.com.br\/wp-content\/uploads\/2024\/01\/chuva-forte.jpg?fit=1372%2C875&ssl=1",1372,875,true],"really-simple-thumb":["https:\/\/i0.wp.com\/ismaelcolosi.com.br\/wp-content\/uploads\/2024\/01\/chuva-forte.jpg?resize=370%2C247&ssl=1",370,247,true]},"uagb_author_info":{"display_name":"ismaelcolosi.com.br","author_link":"https:\/\/ismaelcolosi.com.br\/index.php\/author\/vidareal-online\/"},"uagb_comment_info":0,"uagb_excerpt":"O Inmet (Instituto Nacional de Meteorologia) publicou um alerta de \u201cperigo potencial\u201d para chuvas intensas no interior de S\u00e3o Paulo nesta segunda-feira (8). O aviso...","jetpack-related-posts":[{"id":4072,"url":"https:\/\/ismaelcolosi.com.br\/index.php\/2023\/11\/20\/interior-de-sp-recebe-nova-alerta-para-chuvas-intensas-veja-a-previsao\/","url_meta":{"origin":25963,"position":0},"title":"Interior de SP recebe nova alerta para chuvas intensas; Veja a previs\u00e3o","author":"ismaelcolosi.com.br","date":"20 de November de 2023","format":false,"excerpt":"O Inmet (Instituto Nacional de Meteorologia) publicou um aviso de \u201cperigo potencial\u201d para chuvas intensas em Ribeir\u00e3o Preto e regi\u00e3o, nesta segunda-feira (20). O alerta \u00e9 v\u00e1lido para parte do interior de S\u00e3o Paulo, at\u00e9 \u00e0s 11h da ter\u00e7a-feira (21). Segundo o Inmet, pode chover o acumulado de at\u00e9 30\u2026","rel":"","context":"In &quot;Not\u00edcias de Ribeir\u00e3o Preto-SP e Regi\u00e3o&quot;","block_context":{"text":"Not\u00edcias de Ribeir\u00e3o Preto-SP e Regi\u00e3o","link":"https:\/\/ismaelcolosi.com.br\/index.php\/category\/noticias-de-ribeirao-preto-sp-e-regiao-ismael-colosi\/"},"img":{"alt_text":"","src":"https:\/\/i0.wp.com\/ismaelcolosi.com.br\/wp-content\/uploads\/2023\/11\/chuva_ribeirao_1024x576_27012021223007.jpg?fit=1024%2C576&ssl=1&resize=350%2C200","width":350,"height":200,"srcset":"https:\/\/i0.wp.com\/ismaelcolosi.com.br\/wp-content\/uploads\/2023\/11\/chuva_ribeirao_1024x576_27012021223007.jpg?fit=1024%2C576&ssl=1&resize=350%2C200 1x, https:\/\/i0.wp.com\/ismaelcolosi.com.br\/wp-content\/uploads\/2023\/11\/chuva_ribeirao_1024x576_27012021223007.jpg?fit=1024%2C576&ssl=1&resize=525%2C300 1.5x, https:\/\/i0.wp.com\/ismaelcolosi.com.br\/wp-content\/uploads\/2023\/11\/chuva_ribeirao_1024x576_27012021223007.jpg?fit=1024%2C576&ssl=1&resize=700%2C400 2x"},"classes":[]},{"id":11345,"url":"https:\/\/ismaelcolosi.com.br\/index.php\/2023\/12\/06\/inmet-publica-alerta-de-chuvas-intensas-para-o-interior-de-sp-veja-os-locais\/","url_meta":{"origin":25963,"position":1},"title":"Inmet publica alerta de chuvas intensas para o interior de SP; Veja os locais","author":"ismaelcolosi.com.br","date":"6 de December de 2023","format":false,"excerpt":"O Inmet (Instituto Nacional de Meteorologia) publicou um alerta de \u201cperigo potencial\u201d para chuvas intensas para o interior de S\u00e3o Paulo nesta ter\u00e7a-feira (5). O aviso \u00e9 v\u00e1lido at\u00e9 as 10h de quarta-feira (6). Segundo o \u00f3rg\u00e3o, pode chover o acumulado entre 20 e 30 mil\u00edmetros no per\u00edodo de uma\u2026","rel":"","context":"In &quot;Not\u00edcias de Ribeir\u00e3o Preto-SP e Regi\u00e3o&quot;","block_context":{"text":"Not\u00edcias de Ribeir\u00e3o Preto-SP e Regi\u00e3o","link":"https:\/\/ismaelcolosi.com.br\/index.php\/category\/noticias-de-ribeirao-preto-sp-e-regiao-ismael-colosi\/"},"img":{"alt_text":"","src":"https:\/\/i0.wp.com\/ismaelcolosi.com.br\/wp-content\/uploads\/2023\/12\/chuva-forte.jpg?fit=1200%2C765&ssl=1&resize=350%2C200","width":350,"height":200,"srcset":"https:\/\/i0.wp.com\/ismaelcolosi.com.br\/wp-content\/uploads\/2023\/12\/chuva-forte.jpg?fit=1200%2C765&ssl=1&resize=350%2C200 1x, https:\/\/i0.wp.com\/ismaelcolosi.com.br\/wp-content\/uploads\/2023\/12\/chuva-forte.jpg?fit=1200%2C765&ssl=1&resize=525%2C300 1.5x, https:\/\/i0.wp.com\/ismaelcolosi.com.br\/wp-content\/uploads\/2023\/12\/chuva-forte.jpg?fit=1200%2C765&ssl=1&resize=700%2C400 2x, https:\/\/i0.wp.com\/ismaelcolosi.com.br\/wp-content\/uploads\/2023\/12\/chuva-forte.jpg?fit=1200%2C765&ssl=1&resize=1050%2C600 3x"},"classes":[]},{"id":41068,"url":"https:\/\/ismaelcolosi.com.br\/index.php\/2024\/03\/06\/inmet-publica-alerta-de-chuvas-intensas-no-interior-de-sp-ate-o-final-da-semana\/","url_meta":{"origin":25963,"position":2},"title":"Inmet publica alerta de chuvas intensas no interior de SP at\u00e9 o final da semana","author":"ismaelcolosi.com.br","date":"6 de March de 2024","format":false,"excerpt":"O Inmet (Instituto Nacional de Meteorologia) publicou um alerta de chuvas intensas para o interior de S\u00e3o Paulo v\u00e1lido at\u00e9 o final desta semana. Segundo o aviso, pode chover o acumulado de at\u00e9 30 mil\u00edmetros no per\u00edodo de hora e ventos de at\u00e9 60 km\/h. O alerta \u00e9 v\u00e1lido at\u00e9\u2026","rel":"","context":"In &quot;Not\u00edcias de Ribeir\u00e3o Preto-SP e Regi\u00e3o&quot;","block_context":{"text":"Not\u00edcias de Ribeir\u00e3o Preto-SP e Regi\u00e3o","link":"https:\/\/ismaelcolosi.com.br\/index.php\/category\/noticias-de-ribeirao-preto-sp-e-regiao-ismael-colosi\/"},"img":{"alt_text":"","src":"https:\/\/i0.wp.com\/ismaelcolosi.com.br\/wp-content\/uploads\/2024\/03\/WhatsApp-Image-2024-02-16-at-11.24.48.jpeg?fit=1200%2C540&ssl=1&resize=350%2C200","width":350,"height":200,"srcset":"https:\/\/i0.wp.com\/ismaelcolosi.com.br\/wp-content\/uploads\/2024\/03\/WhatsApp-Image-2024-02-16-at-11.24.48.jpeg?fit=1200%2C540&ssl=1&resize=350%2C200 1x, https:\/\/i0.wp.com\/ismaelcolosi.com.br\/wp-content\/uploads\/2024\/03\/WhatsApp-Image-2024-02-16-at-11.24.48.jpeg?fit=1200%2C540&ssl=1&resize=525%2C300 1.5x, https:\/\/i0.wp.com\/ismaelcolosi.com.br\/wp-content\/uploads\/2024\/03\/WhatsApp-Image-2024-02-16-at-11.24.48.jpeg?fit=1200%2C540&ssl=1&resize=700%2C400 2x, https:\/\/i0.wp.com\/ismaelcolosi.com.br\/wp-content\/uploads\/2024\/03\/WhatsApp-Image-2024-02-16-at-11.24.48.jpeg?fit=1200%2C540&ssl=1&resize=1050%2C600 3x"},"classes":[]},{"id":34789,"url":"https:\/\/ismaelcolosi.com.br\/index.php\/2024\/02\/03\/inmet-prorroga-alerta-de-chuvas-intensas-no-interior-de-sp-veja-os-locais\/","url_meta":{"origin":25963,"position":3},"title":"Inmet prorroga alerta de chuvas intensas no interior de SP; Veja os locais","author":"ismaelcolosi.com.br","date":"3 de February de 2024","format":false,"excerpt":"O Inmet (Instituto Nacional de Meteorologia) prorrogou at\u00e9 as 10h deste domingo (4) o alerta de \u201cperigo potencial\u201d para chuvas intensas no interior de S\u00e3o Paulo. De acordo com o aviso, pode chover o acumulado de at\u00e9 30 mil\u00edmetros no per\u00edodo de uma hora. Al\u00e9m disso, o aviso aponta para\u2026","rel":"","context":"In &quot;Not\u00edcias de Ribeir\u00e3o Preto-SP e Regi\u00e3o&quot;","block_context":{"text":"Not\u00edcias de Ribeir\u00e3o Preto-SP e Regi\u00e3o","link":"https:\/\/ismaelcolosi.com.br\/index.php\/category\/noticias-de-ribeirao-preto-sp-e-regiao-ismael-colosi\/"},"img":{"alt_text":"","src":"https:\/\/i0.wp.com\/ismaelcolosi.com.br\/wp-content\/uploads\/2024\/02\/franca-scaled.jpeg?fit=1200%2C657&ssl=1&resize=350%2C200","width":350,"height":200,"srcset":"https:\/\/i0.wp.com\/ismaelcolosi.com.br\/wp-content\/uploads\/2024\/02\/franca-scaled.jpeg?fit=1200%2C657&ssl=1&resize=350%2C200 1x, https:\/\/i0.wp.com\/ismaelcolosi.com.br\/wp-content\/uploads\/2024\/02\/franca-scaled.jpeg?fit=1200%2C657&ssl=1&resize=525%2C300 1.5x, https:\/\/i0.wp.com\/ismaelcolosi.com.br\/wp-content\/uploads\/2024\/02\/franca-scaled.jpeg?fit=1200%2C657&ssl=1&resize=700%2C400 2x, https:\/\/i0.wp.com\/ismaelcolosi.com.br\/wp-content\/uploads\/2024\/02\/franca-scaled.jpeg?fit=1200%2C657&ssl=1&resize=1050%2C600 3x"},"classes":[]},{"id":37190,"url":"https:\/\/ismaelcolosi.com.br\/index.php\/2024\/02\/14\/inmet-aumenta-grau-de-severidade-para-chuvas-no-interior-de-sp-temporal-atinge-ribeirao\/","url_meta":{"origin":25963,"position":4},"title":"Inmet aumenta grau de severidade para chuvas no interior de SP; Temporal atinge Ribeir\u00e3o","author":"ismaelcolosi.com.br","date":"14 de February de 2024","format":false,"excerpt":"O Instituto Nacional de Meteorologia (Inmet) aumentou o grau de severidade do alerta de chuvas intensas para o interior de S\u00e3o Paulo, emitido na \u00faltima ter\u00e7a-feira (13). Nesta quarta-feira (14), o alerta amarelo de \u201cperigo potencial\u201d passou a ser laranja e indica \u201cperigo\u201d para chuvas intensas. O novo comunicado \u00e9\u2026","rel":"","context":"In &quot;Not\u00edcias de Ribeir\u00e3o Preto-SP e Regi\u00e3o&quot;","block_context":{"text":"Not\u00edcias de Ribeir\u00e3o Preto-SP e Regi\u00e3o","link":"https:\/\/ismaelcolosi.com.br\/index.php\/category\/noticias-de-ribeirao-preto-sp-e-regiao-ismael-colosi\/"},"img":{"alt_text":"","src":"https:\/\/i0.wp.com\/ismaelcolosi.com.br\/wp-content\/uploads\/2024\/02\/Copia-de-Copia-de-TAMANHO-EXATO-PARA-FOTOS-NO-SISTEMA-NOVO-6-2.jpg?fit=1200%2C675&ssl=1&resize=350%2C200","width":350,"height":200,"srcset":"https:\/\/i0.wp.com\/ismaelcolosi.com.br\/wp-content\/uploads\/2024\/02\/Copia-de-Copia-de-TAMANHO-EXATO-PARA-FOTOS-NO-SISTEMA-NOVO-6-2.jpg?fit=1200%2C675&ssl=1&resize=350%2C200 1x, https:\/\/i0.wp.com\/ismaelcolosi.com.br\/wp-content\/uploads\/2024\/02\/Copia-de-Copia-de-TAMANHO-EXATO-PARA-FOTOS-NO-SISTEMA-NOVO-6-2.jpg?fit=1200%2C675&ssl=1&resize=525%2C300 1.5x, https:\/\/i0.wp.com\/ismaelcolosi.com.br\/wp-content\/uploads\/2024\/02\/Copia-de-Copia-de-TAMANHO-EXATO-PARA-FOTOS-NO-SISTEMA-NOVO-6-2.jpg?fit=1200%2C675&ssl=1&resize=700%2C400 2x, https:\/\/i0.wp.com\/ismaelcolosi.com.br\/wp-content\/uploads\/2024\/02\/Copia-de-Copia-de-TAMANHO-EXATO-PARA-FOTOS-NO-SISTEMA-NOVO-6-2.jpg?fit=1200%2C675&ssl=1&resize=1050%2C600 3x"},"classes":[]},{"id":37788,"url":"https:\/\/ismaelcolosi.com.br\/index.php\/2024\/02\/18\/inmet-alerta-para-chuvas-intensas-no-interior-de-sp-veja-as-regioes-afetadas\/","url_meta":{"origin":25963,"position":5},"title":"Inmet alerta para chuvas intensas no interior de SP; Veja as regi\u00f5es afetadas","author":"ismaelcolosi.com.br","date":"18 de February de 2024","format":false,"excerpt":"O Instituto Nacional de Meteorologia (Inmet) emitiu um novo alerta de \u201cperigo potencial\u201d para chuvas intensas no interior de S\u00e3o Paulo, no come\u00e7o da tarde deste domingo (18). O aviso \u00e9 v\u00e1lido at\u00e9 \u00e0s 10h desta segunda-feira (19). De acordo com o \u00f3rg\u00e3o, pode chover o acumulado entre 20 e\u2026","rel":"","context":"In &quot;Not\u00edcias de Ribeir\u00e3o Preto-SP e Regi\u00e3o&quot;","block_context":{"text":"Not\u00edcias de Ribeir\u00e3o Preto-SP e Regi\u00e3o","link":"https:\/\/ismaelcolosi.com.br\/index.php\/category\/noticias-de-ribeirao-preto-sp-e-regiao-ismael-colosi\/"},"img":{"alt_text":"","src":"https:\/\/i0.wp.com\/ismaelcolosi.com.br\/wp-content\/uploads\/2024\/02\/chuva-no-interior.jpeg?fit=1200%2C903&ssl=1&resize=350%2C200","width":350,"height":200,"srcset":"https:\/\/i0.wp.com\/ismaelcolosi.com.br\/wp-content\/uploads\/2024\/02\/chuva-no-interior.jpeg?fit=1200%2C903&ssl=1&resize=350%2C200 1x, https:\/\/i0.wp.com\/ismaelcolosi.com.br\/wp-content\/uploads\/2024\/02\/chuva-no-interior.jpeg?fit=1200%2C903&ssl=1&resize=525%2C300 1.5x, https:\/\/i0.wp.com\/ismaelcolosi.com.br\/wp-content\/uploads\/2024\/02\/chuva-no-interior.jpeg?fit=1200%2C903&ssl=1&resize=700%2C400 2x, https:\/\/i0.wp.com\/ismaelcolosi.com.br\/wp-content\/uploads\/2024\/02\/chuva-no-interior.jpeg?fit=1200%2C903&ssl=1&resize=1050%2C600 3x"},"classes":[]}],"jetpack_sharing_enabled":true,"jetpack_shortlink":"https:\/\/wp.me\/pfMlyK-6KL","_links":{"self":[{"href":"https:\/\/ismaelcolosi.com.br\/index.php\/wp-json\/wp\/v2\/posts\/25963","targetHints":{"allow":["GET"]}}],"collection":[{"href":"https:\/\/ismaelcolosi.com.br\/index.php\/wp-json\/wp\/v2\/posts"}],"about":[{"href":"https:\/\/ismaelcolosi.com.br\/index.php\/wp-json\/wp\/v2\/types\/post"}],"author":[{"embeddable":true,"href":"https:\/\/ismaelcolosi.com.br\/index.php\/wp-json\/wp\/v2\/users\/1"}],"replies":[{"embeddable":true,"href":"https:\/\/ismaelcolosi.com.br\/index.php\/wp-json\/wp\/v2\/comments?post=25963"}],"version-history":[{"count":0,"href":"https:\/\/ismaelcolosi.com.br\/index.php\/wp-json\/wp\/v2\/posts\/25963\/revisions"}],"wp:featuredmedia":[{"embeddable":true,"href":"https:\/\/ismaelcolosi.com.br\/index.php\/wp-json\/wp\/v2\/media\/25964"}],"wp:attachment":[{"href":"https:\/\/ismaelcolosi.com.br\/index.php\/wp-json\/wp\/v2\/media?parent=25963"}],"wp:term":[{"taxonomy":"category","embeddable":true,"href":"https:\/\/ismaelcolosi.com.br\/index.php\/wp-json\/wp\/v2\/categories?post=25963"},{"taxonomy":"post_tag","embeddable":true,"href":"https:\/\/ismaelcolosi.com.br\/index.php\/wp-json\/wp\/v2\/tags?post=25963"}],"curies":[{"name":"wp","href":"https:\/\/api.w.org\/{rel}","templated":true}]}}