{"id":25944,"date":"2024-01-08T19:49:28","date_gmt":"2024-01-08T22:49:28","guid":{"rendered":"https:\/\/ismaelcolosi.com.br\/index.php\/2024\/01\/08\/forcas-armadas-tem-responsabilidade-politica-por-8-1-diz-pesquisador\/"},"modified":"2024-01-08T19:49:28","modified_gmt":"2024-01-08T22:49:28","slug":"forcas-armadas-tem-responsabilidade-politica-por-8-1-diz-pesquisador","status":"publish","type":"post","link":"https:\/\/ismaelcolosi.com.br\/index.php\/2024\/01\/08\/forcas-armadas-tem-responsabilidade-politica-por-8-1-diz-pesquisador\/","title":{"rendered":"For\u00e7as Armadas tem responsabilidade pol\u00edtica por 8\/1, diz pesquisador \u2013 Folha de Ribeir\u00e3o"},"content":{"rendered":"<p> <br \/>\n<\/p>\n<div>\n<p>Al\u00e9m das responsabilidades individuais de militares que participaram dos atos golpistas do 8 de janeiro, as For\u00e7as Armadas, enquanto institui\u00e7\u00e3o, tem responsabilidade pol\u00edtica em rela\u00e7\u00e3o \u00e0 invas\u00e3o das sedes dos Tr\u00eas Poderes, em Bras\u00edlia. Essa \u00e9 a avalia\u00e7\u00e3o do professor de ci\u00eancia pol\u00edtica da Universidade de Bras\u00edlia (UnB) Rodrigo Lentz, que estuda o pensamento pol\u00edtico do militar brasileiro. \u00a0<img data-recalc-dims=\"1\" decoding=\"async\" src=\"https:\/\/i0.wp.com\/agenciabrasil.ebc.com.br\/ebc.gif?ssl=1\"\/><\/p>\n<blockquote>\n<p>\u201cO Ex\u00e9rcito tolerou e permitiu que esses indiv\u00edduos usassem a institui\u00e7\u00e3o para conspirar o golpe de Estado. E essa responsabilidade pol\u00edtica precisa ser cobrada a partir de reformas nas rela\u00e7\u00f5es entre civis e militares e na cria\u00e7\u00e3o de garantias de que isso n\u00e3o voltar\u00e1 a ocorrer\u201d, afirmou Lentz, para quem foram v\u00e1rios as a\u00e7\u00f5es ou omiss\u00f5es que confirmam essa toler\u00e2ncia com o movimento golpista.<\/p>\n<p>\u201cDesde dar ades\u00e3o mais ampla a um projeto pol\u00edtico partid\u00e1rio, que foi o governo Bolsonaro, at\u00e9 a permiss\u00e3o de militares de alta patente da ativa ocuparem cargos de ministro de Estado. Al\u00e9m disso, podemos falar da participa\u00e7\u00e3o claudicante e de quase desestabiliza\u00e7\u00e3o do processo eleitoral a partir da atua\u00e7\u00e3o dos militares na comiss\u00e3o de fiscaliza\u00e7\u00e3o do TSE [Tribunal Superior Eleitoral], e tamb\u00e9m a posi\u00e7\u00e3o em rela\u00e7\u00e3o aos acampamentos\u201d, enumerou.<\/p>\n<\/blockquote>\n<p>Lentz destacou a nota dos tr\u00eas comandantes das For\u00e7as Armadas \u2013 da Marinha, do Ex\u00e9rcito e da Aeron\u00e1utica \u2013 do dia 11 de novembro de 2022 intitulada \u201c\u00c0s Institui\u00e7\u00f5es e ao Povo Brasileiro\u201d. No texto, os comandantes condenaram \u201ceventuais excessos\u201d cometidos por manifestantes, mas sustentaram que os atos n\u00e3o constitu\u00edam qualquer crime.<\/p><div class='code-block code-block-8' style='margin: 8px auto; text-align: center; display: block; clear: both;'>\n<script>\n  atOptions = {\n    'key' : '66e2e2111ca34da796271819fc334058',\n    'format' : 'iframe',\n    'height' : 250,\n    'width' : 300,\n    'params' : {}\n  };\n<\/script>\n<script src=\"https:\/\/www.highperformanceformat.com\/66e2e2111ca34da796271819fc334058\/invoke.js\"><\/script>\n<\/div>\n\n<p>Al\u00e9m disso, a nota atribuiu \u00e0s For\u00e7as Armadas o papel de \u201cmoderador\u201d da Rep\u00fablica,\u00a0interpreta\u00e7\u00e3o rejeitada por juristas e ministros do Supremo Tribunal Federal (STF). Segundo essa interpreta\u00e7\u00e3o, os militares teriam o poder de arbitrar conflitos entre os Poderes, pairando acima dos Tr\u00eas Poderes constitu\u00eddos do pa\u00eds.<\/p>\n<blockquote>\n<p>\u201cA nota dos comandantes, logo depois do final do resultado eleitoral, ao n\u00e3o reconhecer de forma aberta, clara e indubit\u00e1vel o resultado eleitoral, alimentou a sanha golpista. Ou seja, os comandantes da \u00e9poca alimentaram a sanha golpista, seja pelo discurso \u00e0 na\u00e7\u00e3o a partir de uma nota oficial, seja a partir da permiss\u00e3o e de apoio aos acampamentos\u201d, destacou o especialista.<\/p>\n<p>\u201cQuando um capit\u00e3o e v\u00e1rios generais e oficiais defendem a ditadura de 64, negando as graves viola\u00e7\u00f5es dos direitos humanos que ocorreram no per\u00edodo, e quando esses militares voltam ao poder, eles v\u00e3o tentar naturalmente o golpe de Estado para se manter no poder.\u201d<\/p>\n<\/blockquote>\n<p>Na avalia\u00e7\u00e3o do ministro da Defesa, Jos\u00e9 M\u00facio, e do ministro interino da Justi\u00e7a e Seguran\u00e7a P\u00fablica, Ricardo Cappelli, \u00e9 preciso separar os indiv\u00edduos das institui\u00e7\u00f5es. Em declara\u00e7\u00f5es \u00e0 imprensa, M\u00facio defendeu que alguns militares cometeram irregularidades em rela\u00e7\u00e3o ao 8 de janeiro, mas que a institui\u00e7\u00e3o n\u00e3o teria apoiado a aventura golpista.<\/p>\n<p>Na \u00faltima sexta-feira (5), o Ex\u00e9rcito informou que dois militares foram punidos com penas disciplinadas, mas\u00a0concluiu que n\u00e3o houve crime na a\u00e7\u00e3o dos agentes\u00a0que participaram dos atos do 8 de janeiro.<\/p>\n<div class=\"dnd-widget-wrapper context-cheio_8colunas type-image\">\n<div class=\"dnd-atom-rendered\">\n<div class=\"shadow overflow-hidden rounded-lg d-block w-100\"><img data-recalc-dims=\"1\" loading=\"lazy\" decoding=\"async\" class=\"flex-fill img-cover alignright\" title=\"Valter Campanato\/Ag\u00eancia Brasil\" src=\"https:\/\/i0.wp.com\/imagens.ebc.com.br\/5TTigHVHQTvxzzle8pbhP-wnxHc%3D\/754x0\/smart\/https%3A\/\/agenciabrasil.ebc.com.br\/sites\/default\/files\/thumbnails\/image\/manifestacao_quartel_general_do_exercito_smu-1711222111.jpg?resize=754%2C503&#038;ssl=1\" alt=\"Manifesta\u00e7\u00e3o em frente ao Quartel General do Ex\u00e9rcito em Bras\u00edlia\" width=\"754\" height=\"503\"\/><\/div>\n<\/div>\n<p><h6 class=\"meta\">Manifesta\u00e7\u00e3o em frente ao Quartel General do Ex\u00e9rcito em Bras\u00edlia \u2013\u00a0<strong>Valter Campanato\/Ag\u00eancia Brasil<\/strong><\/h6>\n<\/p>\n<\/div>\n<h2>Pacifica\u00e7\u00e3o<\/h2>\n<p>Na avalia\u00e7\u00e3o do cientista pol\u00edtico Rodrigo Lentz, est\u00e1 em curso no Brasil uma estrat\u00e9gia de limpeza da imagem das For\u00e7as Armadas ap\u00f3s o 8 de janeiro com objetivo de se promover uma pacifica\u00e7\u00e3o das rela\u00e7\u00f5es institucionais brasileiras.<\/p>\n<p>\u201cEssa pacifica\u00e7\u00e3o carrega uma ideia de impunidade dos militares, como forma de pacificar a rela\u00e7\u00e3o entre eles e os civis, o que n\u00e3o combina com o regime democr\u00e1tico, mais ainda para a garantia da n\u00e3o repeti\u00e7\u00e3o do 8 de janeiro\u201d, ponderou.<\/p>\n<p>Lentz defendeu mudan\u00e7as estruturais nas For\u00e7as Armadas, com maior participa\u00e7\u00e3o social na pol\u00edtica de Defesa e capacita\u00e7\u00e3o de quadros civis dentro da pasta.<\/p>\n<blockquote>\n<p>\u201cOu seja, tudo continua como antes, mantendo a posi\u00e7\u00e3o de uma tutela, de um protagonismo sorrateiro. Logo, quando se mant\u00e9m as coisas como eram antes, basta a mudan\u00e7a da conjuntura para que as mesmas pr\u00e1ticas sejam recicladas em uma nova conjuntura de crise pol\u00edtica\u201d, afirmou o especialista.<\/p>\n<\/blockquote>\n<p>Para o pesquisador, as investiga\u00e7\u00f5es devem chegar \u00e0 c\u00fapula das For\u00e7as Armadas, como ocorreu com a Pol\u00edcia Militar do Distrito Federal, que viu seus dirigentes presos. \u201cGenerais de quatro estrelas precisam ser responsabilizados enquanto indiv\u00edduos e que essa responsabiliza\u00e7\u00e3o sirva de farol reformador para que n\u00e3o se repitam esses atos\u201d, acrescentou.<\/p>\n<p>Entre as respostas do governo em rela\u00e7\u00e3o \u00e0 participa\u00e7\u00e3o de militares em atos golpistas, Lentz menciona a transfer\u00eancia da Ag\u00eancia Brasileira de Intelig\u00eancia (Abin) para Casa Civil e\u00a0a tramita\u00e7\u00e3o da proposta no Congresso que pro\u00edbe militares da ativa de se candidatarem.<\/p>\n<div class=\"dnd-widget-wrapper context-medio_4colunas type-image atom-align-left\">\n<div class=\"dnd-atom-rendered\">\n<div class=\"shadow overflow-hidden rounded-lg d-block w-100\"><img data-recalc-dims=\"1\" loading=\"lazy\" decoding=\"async\" class=\"flex-fill img-cover alignleft\" title=\"Lula Marques\/ Ag\u00eancia Brasil\" src=\"https:\/\/i0.wp.com\/imagens.ebc.com.br\/Jm4gC2Yg_1jKd1bf8JwBJV4daYs%3D\/365x0\/smart\/https%3A\/\/agenciabrasil.ebc.com.br\/sites\/default\/files\/thumbnails\/image\/lula4835-12.jpg?resize=365%2C258&#038;ssl=1\" alt=\"Bras\u00edlia (DF) 18\/10\/2023 Parlamentares comemoram o relat\u00f3rio da CPMI do golpe na comiss\u00e3o e na pra\u00e7a dos tr\u00eas poderes.  Foto Lula Marques\/ Ag\u00eancia Brasil\" width=\"365\" height=\"258\"\/><\/div>\n<\/div>\n<p><h6 class=\"meta\">Bras\u00edlia (DF) 18\/10\/2023 Senadora Eliziane Gama comemora aprova\u00e7\u00e3o do relat\u00f3rio da CPMI do golpe.\u00a0<strong>Lula Marques\/ Ag\u00eancia Brasil<\/strong><\/h6>\n<\/p>\n<\/div>\n<h2>CPMI do Golpe<\/h2>\n<p>Na avalia\u00e7\u00e3o da Comiss\u00e3o Mista Parlamentar de Inqu\u00e9rito (CPMI) que investigou o 8 de janeiro, as a\u00e7\u00f5es e omiss\u00f5es de militares contribu\u00edram para a invas\u00e3o das sedes dos Poderes. O relat\u00f3rio final citou, como exemplo, diversas manifesta\u00e7\u00f5es, de militares da ativa e da reserva, a favor da tese de que as For\u00e7as Armadas s\u00e3o um poder moderador da Rep\u00fablica, com capacidade de intervir em outros Poderes.<\/p>\n<p>\u201cA leni\u00eancia de alguns dos principais generais dentro do Ex\u00e9rcito com a perman\u00eancia dos acampamentos em \u00e1rea militar foi essencial para a tentativa de golpe de Estado perpetrada no dia 8 de janeiro, pois interpretada pelos v\u00e2ndalos golpistas como incentivo ao ato \u2015 aos olhos do manifestante comum, j\u00e1 imerso em sua \u2018bolha\u2019 com intr\u00ednseca assimetria informacional, tratava-se de uma percep\u00e7\u00e3o de que o Ex\u00e9rcito estaria com eles no golpe\u201d, diz o relat\u00f3rio da CPMI.<\/p>\n<p>O documento aprovado pela maioria dos parlamentares acrescentou que \u201cembora possam ter sido manifesta\u00e7\u00f5es de membros isolados das For\u00e7as, \u00e9 certo que a cultura organizacional das For\u00e7as Armadas tem a aptid\u00e3o intr\u00ednseca para levar ao sentido da tutela militar de democracia civil\u201d.<\/p>\n<p>A Comiss\u00e3o do Congresso Nacional indiciou diversos militares por suposta participa\u00e7\u00e3o no movimento que culminou no oito de janeiro. Entre os nomes indicados pela CPMI, est\u00e3o os generais Walter Braga Netto, Augusto Heleno, Luiz Eduardo Ramos, Paulo S\u00e9rgio Nogueira, Marco Ant\u00f4nio Freire Gomes, Ridauto L\u00facio Fernandes, Carlos Feitosa Rodrigues e Carlos Jos\u00e9 Penteado, al\u00e9m do almirante Almir Garnier Garnier Santos e o tenente-coronel Mauro Cid.<\/p>\n<p>A\u00a0<strong>Ag\u00eancia Brasil<\/strong>\u00a0perguntou ao Minist\u00e9rio da Defesa a avalia\u00e7\u00e3o da pasta sobre a participa\u00e7\u00e3o dos militares no 8 de janeiro, mas n\u00e3o obteve retorno at\u00e9 o fechamento desta reportagem.<\/p>\n<\/p><\/div>\n<p><br \/>\n<br \/><a href=\"https:\/\/folhaderibeirao.com.br\/2024\/01\/08\/forcas-armadas-tem-responsabilidade-politica-por-8-1-diz-pesquisador\/\">Source link <\/a><\/p>\n<div class='code-block code-block-4' style='margin: 8px auto 8px 0; text-align: left; display: block; clear: both;'>\n\ud83d\udce2 Aviso Legal\n\nO site ismaelcolosi.com.br atua apenas como um canal de divulga\u00e7\u00e3o de oportunidades de emprego e n\u00e3o se responsabiliza pelo processo seletivo, contrata\u00e7\u00e3o ou qualquer outra etapa relacionada \u00e0s vagas publicadas. Todas as informa\u00e7\u00f5es s\u00e3o de responsabilidade dos anunciantes.\n\n\u26a0\ufe0f Aten\u00e7\u00e3o! Nunca pague por promessas de emprego nem compre cursos que garantam contrata\u00e7\u00e3o. Desconfie de qualquer cobran\u00e7a para participar de sele\u00e7\u00f5es.\n\n\n\n<\/div>\n<!-- CONTENT END 1 -->\n","protected":false},"excerpt":{"rendered":"<p>Al\u00e9m das responsabilidades individuais de militares que participaram dos atos golpistas do 8 de janeiro, as For\u00e7as Armadas, enquanto institui\u00e7\u00e3o, tem responsabilidade pol\u00edtica em rela\u00e7\u00e3o&#8230;<\/p>\n","protected":false},"author":1,"featured_media":25945,"comment_status":"open","ping_status":"open","sticky":false,"template":"","format":"standard","meta":{"_uag_custom_page_level_css":"","advanced_seo_description":"","jetpack_seo_html_title":"","jetpack_seo_noindex":false,"jetpack_post_was_ever_published":false,"_jetpack_newsletter_access":"","_jetpack_dont_email_post_to_subs":false,"_jetpack_newsletter_tier_id":0,"_jetpack_memberships_contains_paywalled_content":false,"_jetpack_memberships_contains_paid_content":false,"footnotes":"","jetpack_publicize_message":"","jetpack_publicize_feature_enabled":true,"jetpack_social_post_already_shared":true,"jetpack_social_options":{"image_generator_settings":{"template":"highway","default_image_id":0,"font":"","enabled":false},"version":2}},"categories":[11],"tags":[3238,1498,753,3237,3240,1626,134,3239,26,162],"class_list":["post-25944","post","type-post","status-publish","format-standard","has-post-thumbnail","hentry","category-noticias-de-ribeirao-preto-sp-e-regiao-ismael-colosi","tag-armadas","tag-diz","tag-folha","tag-forcas","tag-pesquisador","tag-politica","tag-por","tag-responsabilidade","tag-ribeirao","tag-tem"],"jetpack_publicize_connections":[],"jetpack_featured_media_url":"https:\/\/i0.wp.com\/ismaelcolosi.com.br\/wp-content\/uploads\/2024\/01\/1704754170_ebc.png?fit=1%2C1&ssl=1","uagb_featured_image_src":{"full":["https:\/\/i0.wp.com\/ismaelcolosi.com.br\/wp-content\/uploads\/2024\/01\/1704754170_ebc.png?fit=1%2C1&ssl=1",1,1,false],"thumbnail":["https:\/\/i0.wp.com\/ismaelcolosi.com.br\/wp-content\/uploads\/2024\/01\/1704754170_ebc.png?resize=1%2C1&ssl=1",1,1,true],"medium":["https:\/\/i0.wp.com\/ismaelcolosi.com.br\/wp-content\/uploads\/2024\/01\/1704754170_ebc.png?fit=1%2C1&ssl=1",1,1,true],"medium_large":["https:\/\/i0.wp.com\/ismaelcolosi.com.br\/wp-content\/uploads\/2024\/01\/1704754170_ebc.png?fit=1%2C1&ssl=1",1,1,true],"large":["https:\/\/i0.wp.com\/ismaelcolosi.com.br\/wp-content\/uploads\/2024\/01\/1704754170_ebc.png?fit=1%2C1&ssl=1",1,1,true],"1536x1536":["https:\/\/i0.wp.com\/ismaelcolosi.com.br\/wp-content\/uploads\/2024\/01\/1704754170_ebc.png?fit=1%2C1&ssl=1",1,1,true],"2048x2048":["https:\/\/i0.wp.com\/ismaelcolosi.com.br\/wp-content\/uploads\/2024\/01\/1704754170_ebc.png?fit=1%2C1&ssl=1",1,1,true],"really-simple-thumb":["https:\/\/i0.wp.com\/ismaelcolosi.com.br\/wp-content\/uploads\/2024\/01\/1704754170_ebc.png?resize=1%2C1&ssl=1",1,1,true]},"uagb_author_info":{"display_name":"ismaelcolosi.com.br","author_link":"https:\/\/ismaelcolosi.com.br\/index.php\/author\/vidareal-online\/"},"uagb_comment_info":0,"uagb_excerpt":"Al\u00e9m das responsabilidades individuais de militares que participaram dos atos golpistas do 8 de janeiro, as For\u00e7as Armadas, enquanto institui\u00e7\u00e3o, tem responsabilidade pol\u00edtica em rela\u00e7\u00e3o...","jetpack-related-posts":[{"id":26840,"url":"https:\/\/ismaelcolosi.com.br\/index.php\/2024\/01\/10\/genoino-forcas-armadas-devem-desculpas-ao-pais\/","url_meta":{"origin":25944,"position":0},"title":"For\u00e7as Armadas devem desculpas ao pa\u00eds \u2013 Folha de Ribeir\u00e3o","author":"ismaelcolosi.com.br","date":"10 de January de 2024","format":false,"excerpt":"Assessor especial do Minist\u00e9rio da Defesa durante o governo Dilma, o ex-deputado federal Jos\u00e9 Genoino acredita que os atos golpistas de 8 de janeiro de 2022 ainda exigem reflex\u00f5es e a\u00e7\u00f5es. Ex-presidente do Partido dos Trabalhadores (PT) e uma das refer\u00eancias da sigla para assuntos militares, Genoino considera que n\u00e3o\u2026","rel":"","context":"In &quot;Not\u00edcias de Ribeir\u00e3o Preto-SP e Regi\u00e3o&quot;","block_context":{"text":"Not\u00edcias de Ribeir\u00e3o Preto-SP e Regi\u00e3o","link":"https:\/\/ismaelcolosi.com.br\/index.php\/category\/noticias-de-ribeirao-preto-sp-e-regiao-ismael-colosi\/"},"img":{"alt_text":"","src":"","width":0,"height":0},"classes":[]},{"id":44809,"url":"https:\/\/ismaelcolosi.com.br\/index.php\/2024\/03\/31\/os-60-anos-do-golpe-militar-de-1964\/","url_meta":{"origin":25944,"position":1},"title":"Os 60 anos do Golpe Militar de 1964\u00a0","author":"ismaelcolosi.com.br","date":"31 de March de 2024","format":false,"excerpt":"Neste domingo, dia 31 de mar\u00e7o, completam-se 60 anos do Golpe Civil-Militar que instaurou uma ditadura que durou 21 anos no Brasil, de 1964 a 1985. Mesmo encerrada h\u00e1 cerca de 40 anos, a ditatura \u00e9 ainda um assunto pol\u00eamico no Pa\u00eds e recentemente ganhou novos defensores em manifesta\u00e7\u00f5es populares\u2026","rel":"","context":"In &quot;Not\u00edcias de Ribeir\u00e3o Preto-SP e Regi\u00e3o&quot;","block_context":{"text":"Not\u00edcias de Ribeir\u00e3o Preto-SP e Regi\u00e3o","link":"https:\/\/ismaelcolosi.com.br\/index.php\/category\/noticias-de-ribeirao-preto-sp-e-regiao-ismael-colosi\/"},"img":{"alt_text":"","src":"https:\/\/i0.wp.com\/ismaelcolosi.com.br\/wp-content\/uploads\/2024\/03\/2-golpe-militar.jpg?fit=1200%2C720&ssl=1&resize=350%2C200","width":350,"height":200,"srcset":"https:\/\/i0.wp.com\/ismaelcolosi.com.br\/wp-content\/uploads\/2024\/03\/2-golpe-militar.jpg?fit=1200%2C720&ssl=1&resize=350%2C200 1x, https:\/\/i0.wp.com\/ismaelcolosi.com.br\/wp-content\/uploads\/2024\/03\/2-golpe-militar.jpg?fit=1200%2C720&ssl=1&resize=525%2C300 1.5x, https:\/\/i0.wp.com\/ismaelcolosi.com.br\/wp-content\/uploads\/2024\/03\/2-golpe-militar.jpg?fit=1200%2C720&ssl=1&resize=700%2C400 2x, https:\/\/i0.wp.com\/ismaelcolosi.com.br\/wp-content\/uploads\/2024\/03\/2-golpe-militar.jpg?fit=1200%2C720&ssl=1&resize=1050%2C600 3x"},"classes":[]},{"id":27982,"url":"https:\/\/ismaelcolosi.com.br\/index.php\/2024\/01\/14\/fico-espantado-quando-se-fala-numa-tentativa-de-golpe-de-estado\/","url_meta":{"origin":25944,"position":2},"title":"Fico espantado quando se fala numa tentativa de golpe de Estado","author":"ismaelcolosi.com.br","date":"14 de January de 2024","format":false,"excerpt":"Em 1953, eu queria ser historiador e entrar na faculdade da USP, at\u00e9 porque um dos meus professores, Eduardo Fran\u00e7a, foi um dos primeiros catedr\u00e1ticos da USP na mat\u00e9ria. Fui, por\u00e9m, desaconselhado por tr\u00eas de meus professores de hist\u00f3ria, mostrando que, quando eu voltasse da Fran\u00e7a, onde fora estudar, poderia\u2026","rel":"","context":"In &quot;Not\u00edcias de Ribeir\u00e3o Preto-SP e Regi\u00e3o&quot;","block_context":{"text":"Not\u00edcias de Ribeir\u00e3o Preto-SP e Regi\u00e3o","link":"https:\/\/ismaelcolosi.com.br\/index.php\/category\/noticias-de-ribeirao-preto-sp-e-regiao-ismael-colosi\/"},"img":{"alt_text":"","src":"https:\/\/i0.wp.com\/ismaelcolosi.com.br\/wp-content\/uploads\/2024\/01\/Ives-granda.png?fit=1000%2C562&ssl=1&resize=350%2C200","width":350,"height":200,"srcset":"https:\/\/i0.wp.com\/ismaelcolosi.com.br\/wp-content\/uploads\/2024\/01\/Ives-granda.png?fit=1000%2C562&ssl=1&resize=350%2C200 1x, https:\/\/i0.wp.com\/ismaelcolosi.com.br\/wp-content\/uploads\/2024\/01\/Ives-granda.png?fit=1000%2C562&ssl=1&resize=525%2C300 1.5x, https:\/\/i0.wp.com\/ismaelcolosi.com.br\/wp-content\/uploads\/2024\/01\/Ives-granda.png?fit=1000%2C562&ssl=1&resize=700%2C400 2x"},"classes":[]},{"id":85634,"url":"https:\/\/ismaelcolosi.com.br\/index.php\/2025\/05\/22\/alistamento-militar-feminino-voluntario-veja-como-concorrer-a-uma-das-1-465-vagas\/","url_meta":{"origin":25944,"position":3},"title":"Alistamento militar feminino volunt\u00e1rio: veja como concorrer a uma das 1.465 vagas","author":"ismaelcolosi.com.br","date":"22 de May de 2025","format":false,"excerpt":"O Minist\u00e9rio da Defesa informou que j\u00e1 registrou at\u00e9 o meio dia desta sexta-feira, 3, cerca de 7 mil inscri\u00e7\u00f5es no alistamento militar feminino volunt\u00e1rio. As vagas disponibilizadas s\u00e3o para Bras\u00edlia (DF) e em outros 28 munic\u00edpios de 13 estados. O per\u00edodo de alistamento segue at\u00e9 30 de junho e\u2026","rel":"","context":"In &quot;Empregos - Classificados&quot;","block_context":{"text":"Empregos - Classificados","link":"https:\/\/ismaelcolosi.com.br\/index.php\/category\/empregos-classificados-vagas-trabalho\/"},"img":{"alt_text":"","src":"","width":0,"height":0},"classes":[]},{"id":80827,"url":"https:\/\/ismaelcolosi.com.br\/index.php\/2025\/01\/03\/alistamento-militar-feminino-voluntario-veja-como-concorrer-a-uma-das-1465-vagas\/","url_meta":{"origin":25944,"position":4},"title":"Alistamento militar feminino volunt\u00e1rio: veja como concorrer a uma das 1465 vagas","author":"ismaelcolosi.com.br","date":"3 de January de 2025","format":false,"excerpt":"Da reda\u00e7\u00e3o com Ag\u00eancia Brasili Da reda\u00e7\u00e3o com Ag\u00eancia Brasil 03\/01\/2025 - 19:16 O Minist\u00e9rio da Defesa informou que j\u00e1 registrou at\u00e9 o meio dia desta sexta-feira, 3, cerca de 7 mil inscri\u00e7\u00f5es no alistamento militar feminino volunt\u00e1rio. As vagas disponibilizadas s\u00e3o para Bras\u00edlia (DF) e em outros 28 munic\u00edpios\u2026","rel":"","context":"In &quot;Empregos - Classificados&quot;","block_context":{"text":"Empregos - Classificados","link":"https:\/\/ismaelcolosi.com.br\/index.php\/category\/empregos-classificados-vagas-trabalho\/"},"img":{"alt_text":"","src":"https:\/\/i0.wp.com\/ismaelcolosi.com.br\/wp-content\/uploads\/2025\/01\/f5df78ca-b6b9-443f-8e4b-7cb5178107fb.jpeg?fit=1150%2C765&ssl=1&resize=350%2C200","width":350,"height":200,"srcset":"https:\/\/i0.wp.com\/ismaelcolosi.com.br\/wp-content\/uploads\/2025\/01\/f5df78ca-b6b9-443f-8e4b-7cb5178107fb.jpeg?fit=1150%2C765&ssl=1&resize=350%2C200 1x, https:\/\/i0.wp.com\/ismaelcolosi.com.br\/wp-content\/uploads\/2025\/01\/f5df78ca-b6b9-443f-8e4b-7cb5178107fb.jpeg?fit=1150%2C765&ssl=1&resize=525%2C300 1.5x, https:\/\/i0.wp.com\/ismaelcolosi.com.br\/wp-content\/uploads\/2025\/01\/f5df78ca-b6b9-443f-8e4b-7cb5178107fb.jpeg?fit=1150%2C765&ssl=1&resize=700%2C400 2x, https:\/\/i0.wp.com\/ismaelcolosi.com.br\/wp-content\/uploads\/2025\/01\/f5df78ca-b6b9-443f-8e4b-7cb5178107fb.jpeg?fit=1150%2C765&ssl=1&resize=1050%2C600 3x"},"classes":[]},{"id":31406,"url":"https:\/\/ismaelcolosi.com.br\/index.php\/2024\/01\/22\/top-10-exercitos-mais-poderosos-do-mundo-mundo-top-10\/","url_meta":{"origin":25944,"position":5},"title":"Top 10 ex\u00e9rcitos mais poderosos do mundo \u2022 Mundo Top 10","author":"ismaelcolosi.com.br","date":"22 de January de 2024","format":false,"excerpt":"Ao explorarmos o intricado tabuleiro da geopol\u00edtica mundial, torna-se evidente que a capacidade militar de uma na\u00e7\u00e3o muitas vezes atua como um term\u00f4metro, indicando seu poder e influ\u00eancia no cen\u00e1rio global. Enquanto refletimos sobre isso, \u00e9 imposs\u00edvel n\u00e3o pensar nos ex\u00e9rcitos mais poderosos que dominam essa arena. Pause por um\u2026","rel":"","context":"In &quot;Blog&quot;","block_context":{"text":"Blog","link":"https:\/\/ismaelcolosi.com.br\/index.php\/category\/blog\/"},"img":{"alt_text":"","src":"https:\/\/i0.wp.com\/ismaelcolosi.com.br\/wp-content\/uploads\/2024\/01\/Exercitos-mais-poderosos-do-mundo.jpg?fit=1200%2C799&ssl=1&resize=350%2C200","width":350,"height":200,"srcset":"https:\/\/i0.wp.com\/ismaelcolosi.com.br\/wp-content\/uploads\/2024\/01\/Exercitos-mais-poderosos-do-mundo.jpg?fit=1200%2C799&ssl=1&resize=350%2C200 1x, https:\/\/i0.wp.com\/ismaelcolosi.com.br\/wp-content\/uploads\/2024\/01\/Exercitos-mais-poderosos-do-mundo.jpg?fit=1200%2C799&ssl=1&resize=525%2C300 1.5x, https:\/\/i0.wp.com\/ismaelcolosi.com.br\/wp-content\/uploads\/2024\/01\/Exercitos-mais-poderosos-do-mundo.jpg?fit=1200%2C799&ssl=1&resize=700%2C400 2x, https:\/\/i0.wp.com\/ismaelcolosi.com.br\/wp-content\/uploads\/2024\/01\/Exercitos-mais-poderosos-do-mundo.jpg?fit=1200%2C799&ssl=1&resize=1050%2C600 3x"},"classes":[]}],"jetpack_sharing_enabled":true,"jetpack_shortlink":"https:\/\/wp.me\/pfMlyK-6Ks","_links":{"self":[{"href":"https:\/\/ismaelcolosi.com.br\/index.php\/wp-json\/wp\/v2\/posts\/25944","targetHints":{"allow":["GET"]}}],"collection":[{"href":"https:\/\/ismaelcolosi.com.br\/index.php\/wp-json\/wp\/v2\/posts"}],"about":[{"href":"https:\/\/ismaelcolosi.com.br\/index.php\/wp-json\/wp\/v2\/types\/post"}],"author":[{"embeddable":true,"href":"https:\/\/ismaelcolosi.com.br\/index.php\/wp-json\/wp\/v2\/users\/1"}],"replies":[{"embeddable":true,"href":"https:\/\/ismaelcolosi.com.br\/index.php\/wp-json\/wp\/v2\/comments?post=25944"}],"version-history":[{"count":0,"href":"https:\/\/ismaelcolosi.com.br\/index.php\/wp-json\/wp\/v2\/posts\/25944\/revisions"}],"wp:featuredmedia":[{"embeddable":true,"href":"https:\/\/ismaelcolosi.com.br\/index.php\/wp-json\/wp\/v2\/media\/25945"}],"wp:attachment":[{"href":"https:\/\/ismaelcolosi.com.br\/index.php\/wp-json\/wp\/v2\/media?parent=25944"}],"wp:term":[{"taxonomy":"category","embeddable":true,"href":"https:\/\/ismaelcolosi.com.br\/index.php\/wp-json\/wp\/v2\/categories?post=25944"},{"taxonomy":"post_tag","embeddable":true,"href":"https:\/\/ismaelcolosi.com.br\/index.php\/wp-json\/wp\/v2\/tags?post=25944"}],"curies":[{"name":"wp","href":"https:\/\/api.w.org\/{rel}","templated":true}]}}