{"id":25917,"date":"2024-01-08T18:56:42","date_gmt":"2024-01-08T21:56:42","guid":{"rendered":"https:\/\/ismaelcolosi.com.br\/index.php\/2024\/01\/08\/usp-abre-cursos-de-verao-veja-quais-sao-as-areas-e-como-participar\/"},"modified":"2024-01-08T18:56:42","modified_gmt":"2024-01-08T21:56:42","slug":"usp-abre-cursos-de-verao-veja-quais-sao-as-areas-e-como-participar","status":"publish","type":"post","link":"https:\/\/ismaelcolosi.com.br\/index.php\/2024\/01\/08\/usp-abre-cursos-de-verao-veja-quais-sao-as-areas-e-como-participar\/","title":{"rendered":"USP abre cursos de ver\u00e3o; veja quais s\u00e3o as \u00e1reas e como participar"},"content":{"rendered":"<p> <br \/>\n<\/p>\n<div id=\"\">\n<div class=\"content-infos\">\n<div class=\"texts\">\n<p class=\"author tooltip-comp\"> Estad\u00e3o Conte\u00fado<span class=\"icon-i\">i<\/span><span class=\"tooltiptext\"> <span class=\"author\"><span>Estad\u00e3o Conte\u00fado<\/span> <\/span><span class=\"desc\"\/> <\/span><\/p>\n<p>08\/01\/2024 &#8211; 16:55<\/p>\n<\/div>\n<div id=\"share-modal\" class=\"share-modal\"> <button class=\"box-close btn-share\"> <img decoding=\"async\" src=\"https:\/\/istoedinheiro.com.br\/wp-content\/themes\/dinheiro-wp-theme\/assets\/img\/svg\/closeIcon.svg?x46096\" alt=\"Close icon\" class=\"close-btn lazy\"\/> <\/button><\/div>\n<\/p><\/div>\n<p>A Universidade de S\u00e3o Paulo (USP) abriu cursos de ver\u00e3o nas \u00e1reas de Matem\u00e1tica, Estat\u00edstica e Ci\u00eancia da Computa\u00e7\u00e3o. Segundo a institui\u00e7\u00e3o, no momento h\u00e1 vagas em 17 cursos pagos, com op\u00e7\u00f5es de aulas presenciais e online para a comunidade. As aulas come\u00e7am entre esta segunda-feira, 8, e 5 de fevereiro, conforme o calend\u00e1rio organizado. Confira aqui a lista completa.<\/p>\n<p><strong>+USP d\u00e1 diploma honor\u00edfico a dois estudantes mortos na ditadura militar<\/strong><\/p>\n<p>As taxas variam entre R$ 70 e R$ 300. Podem participar interessados da comunidade interna e externa, segundo a USP. Alguns cursos poder\u00e3o ter vagas liberadas, correspondentes \u00e0s reservadas que n\u00e3o foram efetivadas (caso o boleto n\u00e3o seja pago em dois dias \u00fateis).<\/p>\n<p>A edi\u00e7\u00e3o de 2024 do Programa de Ver\u00e3o do Instituto de Matem\u00e1tica e Estat\u00edstica (IME) da USP promove 32 cursos de curta dura\u00e7\u00e3o nas \u00e1reas de Matem\u00e1tica, Matem\u00e1tica Aplicada, Estat\u00edstica e Ci\u00eancia da Computa\u00e7\u00e3o, dos quais mais de vinte ainda possuem vagas dispon\u00edveis.<\/p>\n<p>\u201cH\u00e1 op\u00e7\u00f5es presenciais, sediadas no instituto no bairro do Butant\u00e3, em S\u00e3o Paulo, e online, de forma s\u00edncrona, sendo que alguns cursos t\u00eam duas turmas\u201d, afirmou o governo estadual em comunicado. O IME fica localizado na Rua do Mat\u00e3o.<\/p>\n<p>Em sua 53\u00aa edi\u00e7\u00e3o este ano, o programa tem in\u00edcio nesta segunda-feira e vai at\u00e9 23 de fevereiro, mas cada curso segue um calend\u00e1rio e \u00e9 indicado a um p\u00fablico.<\/p>\n<p><b>Veja como participar<\/b><\/p>\n<p>Para se inscrever, \u00e9 preciso criar seu cadastro, selecione o curso de interesse clicando no \u00edcone da seta correspondente na p\u00e1gina geral do programa, confirme o processo e pague o boleto. \u00c9 poss\u00edvel participar de mais de um curso, mas h\u00e1 o limite de uma inscri\u00e7\u00e3o por dia.<\/p>\n<p>Em caso de d\u00favida, entre em contato com a equipe do programa pelo telefone (11) 3091-6169 ou e-mail verao@ime.usp.br.<\/p>\n<section data-hb-type=\"ads\" name=\"adsMateria\" data-hb-position=\"after-content\" data-hb-provider=\"\">\n<hr\/>\n<\/section>\n<div id=\"share-modal\" class=\"share-modal\"> <button class=\"box-close btn-share\"> <img decoding=\"async\" src=\"https:\/\/istoedinheiro.com.br\/wp-content\/themes\/dinheiro-wp-theme\/assets\/img\/svg\/closeIcon.svg?x46096\" alt=\"Close icon\" class=\"close-btn lazy\"\/> <\/button><\/div>\n<\/p><\/div>\n<p><script>!function(f,b,e,v,n,t,s){if(f.fbq)return;n=f.fbq=function(){n.callMethod?n.callMethod.apply(n,arguments):n.queue.push(arguments)};if(!f._fbq)f._fbq=n;n.push=n;n.loaded=!0;n.version='2.0';n.queue=[];t=b.createElement(e);t.async=!0;t.src=v;s=b.getElementsByTagName(e)[0];s.parentNode.insertBefore(t,s)}(window,document,'script','<\/script><br \/>\n<br \/><br \/>\n<br \/><a href=\"https:\/\/istoedinheiro.com.br\/usp-abre-cursos-verao-areas-como-participar\/\">Source link <\/a><\/p>\n<div class='code-block code-block-4' style='margin: 8px auto 8px 0; text-align: left; display: block; clear: both;'>\n\ud83d\udce2 Aviso Legal\n\nO site ismaelcolosi.com.br atua apenas como um canal de divulga\u00e7\u00e3o de oportunidades de emprego e n\u00e3o se responsabiliza pelo processo seletivo, contrata\u00e7\u00e3o ou qualquer outra etapa relacionada \u00e0s vagas publicadas. Todas as informa\u00e7\u00f5es s\u00e3o de responsabilidade dos anunciantes.\n\n\u26a0\ufe0f Aten\u00e7\u00e3o! Nunca pague por promessas de emprego nem compre cursos que garantam contrata\u00e7\u00e3o. Desconfie de qualquer cobran\u00e7a para participar de sele\u00e7\u00f5es.\n\n\n\n<\/div>\n<!-- CONTENT END 1 -->\n","protected":false},"excerpt":{"rendered":"<p>Estad\u00e3o Conte\u00fadoi Estad\u00e3o Conte\u00fado 08\/01\/2024 &#8211; 16:55 A Universidade de S\u00e3o Paulo (USP) abriu cursos de ver\u00e3o nas \u00e1reas de Matem\u00e1tica, Estat\u00edstica e Ci\u00eancia da&#8230;<\/p>\n","protected":false},"author":1,"featured_media":25918,"comment_status":"open","ping_status":"open","sticky":false,"template":"","format":"standard","meta":{"_uag_custom_page_level_css":"","advanced_seo_description":"","jetpack_seo_html_title":"","jetpack_seo_noindex":false,"jetpack_post_was_ever_published":false,"_jetpack_newsletter_access":"","_jetpack_dont_email_post_to_subs":false,"_jetpack_newsletter_tier_id":0,"_jetpack_memberships_contains_paywalled_content":false,"_jetpack_memberships_contains_paid_content":false,"footnotes":"","jetpack_publicize_message":"","jetpack_publicize_feature_enabled":true,"jetpack_social_post_already_shared":true,"jetpack_social_options":{"image_generator_settings":{"template":"highway","default_image_id":0,"font":"","enabled":false},"version":2}},"categories":[7],"tags":[],"class_list":["post-25917","post","type-post","status-publish","format-standard","has-post-thumbnail","hentry","category-vagas-de-empregos-em-ribeirao-preto-regiao-brasil"],"jetpack_publicize_connections":[],"jetpack_featured_media_url":"https:\/\/i0.wp.com\/ismaelcolosi.com.br\/wp-content\/uploads\/2024\/01\/reitoria0041-1.jpg?fit=1920%2C1440&ssl=1","uagb_featured_image_src":{"full":["https:\/\/i0.wp.com\/ismaelcolosi.com.br\/wp-content\/uploads\/2024\/01\/reitoria0041-1.jpg?fit=1920%2C1440&ssl=1",1920,1440,false],"thumbnail":["https:\/\/i0.wp.com\/ismaelcolosi.com.br\/wp-content\/uploads\/2024\/01\/reitoria0041-1.jpg?resize=150%2C150&ssl=1",150,150,true],"medium":["https:\/\/i0.wp.com\/ismaelcolosi.com.br\/wp-content\/uploads\/2024\/01\/reitoria0041-1.jpg?fit=300%2C225&ssl=1",300,225,true],"medium_large":["https:\/\/i0.wp.com\/ismaelcolosi.com.br\/wp-content\/uploads\/2024\/01\/reitoria0041-1.jpg?fit=768%2C576&ssl=1",768,576,true],"large":["https:\/\/i0.wp.com\/ismaelcolosi.com.br\/wp-content\/uploads\/2024\/01\/reitoria0041-1.jpg?fit=1024%2C768&ssl=1",1024,768,true],"1536x1536":["https:\/\/i0.wp.com\/ismaelcolosi.com.br\/wp-content\/uploads\/2024\/01\/reitoria0041-1.jpg?fit=1536%2C1152&ssl=1",1536,1152,true],"2048x2048":["https:\/\/i0.wp.com\/ismaelcolosi.com.br\/wp-content\/uploads\/2024\/01\/reitoria0041-1.jpg?fit=1920%2C1440&ssl=1",1920,1440,true],"really-simple-thumb":["https:\/\/i0.wp.com\/ismaelcolosi.com.br\/wp-content\/uploads\/2024\/01\/reitoria0041-1.jpg?resize=370%2C247&ssl=1",370,247,true]},"uagb_author_info":{"display_name":"ismaelcolosi.com.br","author_link":"https:\/\/ismaelcolosi.com.br\/index.php\/author\/vidareal-online\/"},"uagb_comment_info":0,"uagb_excerpt":"Estad\u00e3o Conte\u00fadoi Estad\u00e3o Conte\u00fado 08\/01\/2024 &#8211; 16:55 A Universidade de S\u00e3o Paulo (USP) abriu cursos de ver\u00e3o nas \u00e1reas de Matem\u00e1tica, Estat\u00edstica e Ci\u00eancia da...","jetpack-related-posts":[{"id":18463,"url":"https:\/\/ismaelcolosi.com.br\/index.php\/2023\/12\/20\/projeto-da-usp-promove-cursos-gratuitos-de-ingles-inscreva-se\/","url_meta":{"origin":25917,"position":0},"title":"Projeto da USP promove cursos gratuitos de ingl\u00eas; inscreva-se","author":"ismaelcolosi.com.br","date":"20 de December de 2023","format":false,"excerpt":"Quer praticar o seu ingl\u00eas? Projeto da USP promove cursos gratuitos de l\u00edngua inglesa com foco em uma das quatro habilidades: leitura (reading), escuta (listening), escrita (writing) e conversa\u00e7\u00e3o (speaking). Cada curso do English@USP foca em uma das habilidades, sendo os cursos independentes entre si, ou seja, o aluno poder\u00e1\u2026","rel":"","context":"In &quot;Variedades&quot;","block_context":{"text":"Variedades","link":"https:\/\/ismaelcolosi.com.br\/index.php\/category\/variedades\/"},"img":{"alt_text":"","src":"https:\/\/i0.wp.com\/ismaelcolosi.com.br\/wp-content\/uploads\/2023\/12\/istock-1213470247.jpg?fit=1200%2C638&ssl=1&resize=350%2C200","width":350,"height":200,"srcset":"https:\/\/i0.wp.com\/ismaelcolosi.com.br\/wp-content\/uploads\/2023\/12\/istock-1213470247.jpg?fit=1200%2C638&ssl=1&resize=350%2C200 1x, https:\/\/i0.wp.com\/ismaelcolosi.com.br\/wp-content\/uploads\/2023\/12\/istock-1213470247.jpg?fit=1200%2C638&ssl=1&resize=525%2C300 1.5x, https:\/\/i0.wp.com\/ismaelcolosi.com.br\/wp-content\/uploads\/2023\/12\/istock-1213470247.jpg?fit=1200%2C638&ssl=1&resize=700%2C400 2x, https:\/\/i0.wp.com\/ismaelcolosi.com.br\/wp-content\/uploads\/2023\/12\/istock-1213470247.jpg?fit=1200%2C638&ssl=1&resize=1050%2C600 3x"},"classes":[]},{"id":81956,"url":"https:\/\/ismaelcolosi.com.br\/index.php\/2025\/01\/21\/a-academia-livre-de-musica-e-arte-alma-esta-com-inscricoes-para-cursos-nas-areas-de-musica-e-danca-veja-como-participar\/","url_meta":{"origin":25917,"position":1},"title":"A Academia Livre de M\u00fasica e Arte (ALMA) est\u00e1 com inscri\u00e7\u00f5es para cursos nas \u00e1reas de m\u00fasica e dan\u00e7a; Veja como participar","author":"Arthur Tijolo","date":"21 de January de 2025","format":false,"excerpt":"Est\u00e3o abertas as inscri\u00e7\u00f5es para\u00a0sele\u00e7\u00e3o de novos alunos\u00a0para os\u00a0cursos gratuitos\u00a0nas \u00e1reas de\u00a0m\u00fasica\u00a0e\u00a0dan\u00e7a\u00a0da\u00a0Alma (Academia Livre de M\u00fasica e Artes) de Ribeir\u00e3o Preto. As inscri\u00e7\u00f5es devem ser feitas\u00a0at\u00e9 o dia 31 de janeiro\u00a0pelo site da\u00a0institui\u00e7\u00e3o (clique aqui). Conforme a modalidade escolhida, a\u00a0audi\u00e7\u00e3o\u00a0pode ser\u00a0presencial\u00a0ou\u00a0on-line. Confira: Cursos oferecidos M\u00fasica Para quem pretende\u00a0estudar m\u00fasica, h\u00e1\u2026","rel":"","context":"In &quot;Cursos Gratuitos e Bolsas de Estudos&quot;","block_context":{"text":"Cursos Gratuitos e Bolsas de Estudos","link":"https:\/\/ismaelcolosi.com.br\/index.php\/category\/cursos-gratuitos-e-bolsas-de-estudos-ribeirao-preto\/"},"img":{"alt_text":"","src":"https:\/\/i0.wp.com\/ismaelcolosi.com.br\/wp-content\/uploads\/2025\/01\/789171cb-be15-44cb-a112-71e38b87b85e.png?fit=600%2C400&ssl=1&resize=350%2C200","width":350,"height":200,"srcset":"https:\/\/i0.wp.com\/ismaelcolosi.com.br\/wp-content\/uploads\/2025\/01\/789171cb-be15-44cb-a112-71e38b87b85e.png?fit=600%2C400&ssl=1&resize=350%2C200 1x, https:\/\/i0.wp.com\/ismaelcolosi.com.br\/wp-content\/uploads\/2025\/01\/789171cb-be15-44cb-a112-71e38b87b85e.png?fit=600%2C400&ssl=1&resize=525%2C300 1.5x"},"classes":[]},{"id":6981,"url":"https:\/\/ismaelcolosi.com.br\/index.php\/2023\/11\/27\/usp-abre-vagas-em-cursos-online-e-presenciais-gratuitos\/","url_meta":{"origin":25917,"position":2},"title":"USP abre vagas em cursos online e presenciais gratuitos","author":"ismaelcolosi.com.br","date":"27 de November de 2023","format":false,"excerpt":"A Universidade de S\u00e3o Paulo (USP) abriu vagas em mais de 30 cursos gratuitos online ou presenciais. S\u00e3o op\u00e7\u00f5es de cursos de difus\u00e3o quanto de atualiza\u00e7\u00e3o.As capacita\u00e7\u00f5es s\u00e3o destinadas a estudantes, profissionais ou a qualquer pessoa interessada em ampliar seus conhecimentos.Cr\u00e9ditos: George Campos\/USP ImagensUSP abre vagas em cursos online e\u2026","rel":"","context":"In &quot;Variedades&quot;","block_context":{"text":"Variedades","link":"https:\/\/ismaelcolosi.com.br\/index.php\/category\/variedades\/"},"img":{"alt_text":"","src":"https:\/\/i0.wp.com\/ismaelcolosi.com.br\/wp-content\/uploads\/2023\/11\/cursos-gratuitos-usp.jpg?fit=1200%2C638&ssl=1&resize=350%2C200","width":350,"height":200,"srcset":"https:\/\/i0.wp.com\/ismaelcolosi.com.br\/wp-content\/uploads\/2023\/11\/cursos-gratuitos-usp.jpg?fit=1200%2C638&ssl=1&resize=350%2C200 1x, https:\/\/i0.wp.com\/ismaelcolosi.com.br\/wp-content\/uploads\/2023\/11\/cursos-gratuitos-usp.jpg?fit=1200%2C638&ssl=1&resize=525%2C300 1.5x, https:\/\/i0.wp.com\/ismaelcolosi.com.br\/wp-content\/uploads\/2023\/11\/cursos-gratuitos-usp.jpg?fit=1200%2C638&ssl=1&resize=700%2C400 2x, https:\/\/i0.wp.com\/ismaelcolosi.com.br\/wp-content\/uploads\/2023\/11\/cursos-gratuitos-usp.jpg?fit=1200%2C638&ssl=1&resize=1050%2C600 3x"},"classes":[]},{"id":12341,"url":"https:\/\/ismaelcolosi.com.br\/index.php\/2023\/12\/07\/usp-disponibiliza-vagas-em-cursos-ead-e-presenciais-gratuitos\/","url_meta":{"origin":25917,"position":3},"title":"USP disponibiliza vagas em cursos EaD e presenciais gratuitos","author":"ismaelcolosi.com.br","date":"7 de December de 2023","format":false,"excerpt":"A Universidade de S\u00e3o Paulo (USP) est\u00e1 com inscri\u00e7\u00f5es abertas para dezenas de cursos gratuitos. H\u00e1 oportunidades de capacita\u00e7\u00f5es presenciais ou na modalidade a dist\u00e2ncia (EaD).Os cursos de difus\u00e3o quanto de atualiza\u00e7\u00e3o s\u00e3o destinados a estudantes, profissionais e qualquer pessoa interessada em ampliar seus conhecimentos.Cr\u00e9ditos: Divulga\u00e7\u00e3o\/Ag\u00eancia USPUSP abre vagas em\u2026","rel":"","context":"In &quot;Variedades&quot;","block_context":{"text":"Variedades","link":"https:\/\/ismaelcolosi.com.br\/index.php\/category\/variedades\/"},"img":{"alt_text":"","src":"https:\/\/i0.wp.com\/ismaelcolosi.com.br\/wp-content\/uploads\/2023\/12\/usp-cursos-gratuitos-scaled.jpg?fit=1200%2C638&ssl=1&resize=350%2C200","width":350,"height":200,"srcset":"https:\/\/i0.wp.com\/ismaelcolosi.com.br\/wp-content\/uploads\/2023\/12\/usp-cursos-gratuitos-scaled.jpg?fit=1200%2C638&ssl=1&resize=350%2C200 1x, https:\/\/i0.wp.com\/ismaelcolosi.com.br\/wp-content\/uploads\/2023\/12\/usp-cursos-gratuitos-scaled.jpg?fit=1200%2C638&ssl=1&resize=525%2C300 1.5x, https:\/\/i0.wp.com\/ismaelcolosi.com.br\/wp-content\/uploads\/2023\/12\/usp-cursos-gratuitos-scaled.jpg?fit=1200%2C638&ssl=1&resize=700%2C400 2x, https:\/\/i0.wp.com\/ismaelcolosi.com.br\/wp-content\/uploads\/2023\/12\/usp-cursos-gratuitos-scaled.jpg?fit=1200%2C638&ssl=1&resize=1050%2C600 3x"},"classes":[]},{"id":61201,"url":"https:\/\/ismaelcolosi.com.br\/index.php\/2024\/08\/20\/fuvest-2025-veja-os-cursos-disponiveis-da-usp-de-ribeirao-preto\/","url_meta":{"origin":25917,"position":4},"title":"Fuvest 2025: Veja os cursos dispon\u00edveis da USP de Ribeir\u00e3o Preto","author":"ismaelcolosi.com.br","date":"20 de August de 2024","format":false,"excerpt":"Come\u00e7aram nesta segunda-feira (19) as inscri\u00e7\u00f5es para Fuvest, vestibular que d\u00e1 acesso \u00e0 Universidade de S\u00e3o Paulo (USP). Este ano, a Fuvest est\u00e1 oferecendo 8.147 vagas no vestibular, sendo 4.888 vagas para ampla concorr\u00eancia, 2.053 vagas para pessoas egressas de escolas p\u00fablicas e 1.206 vagas para estudantes de escolas p\u00fablicas\u2026","rel":"","context":"In &quot;Not\u00edcias de Ribeir\u00e3o Preto-SP e Regi\u00e3o&quot;","block_context":{"text":"Not\u00edcias de Ribeir\u00e3o Preto-SP e Regi\u00e3o","link":"https:\/\/ismaelcolosi.com.br\/index.php\/category\/noticias-de-ribeirao-preto-sp-e-regiao-ismael-colosi\/"},"img":{"alt_text":"","src":"https:\/\/i0.wp.com\/ismaelcolosi.com.br\/wp-content\/uploads\/2024\/08\/Copia-de-Copia-de-Copia-de-TAMANHO-EXATO-PARA-FOTOS-NO-SISTEMA-NOVO-14_2024-08-20_20-12-13_png_2024-08-20_20-12-13.webp.webp?fit=1200%2C675&ssl=1&resize=350%2C200","width":350,"height":200,"srcset":"https:\/\/i0.wp.com\/ismaelcolosi.com.br\/wp-content\/uploads\/2024\/08\/Copia-de-Copia-de-Copia-de-TAMANHO-EXATO-PARA-FOTOS-NO-SISTEMA-NOVO-14_2024-08-20_20-12-13_png_2024-08-20_20-12-13.webp.webp?fit=1200%2C675&ssl=1&resize=350%2C200 1x, https:\/\/i0.wp.com\/ismaelcolosi.com.br\/wp-content\/uploads\/2024\/08\/Copia-de-Copia-de-Copia-de-TAMANHO-EXATO-PARA-FOTOS-NO-SISTEMA-NOVO-14_2024-08-20_20-12-13_png_2024-08-20_20-12-13.webp.webp?fit=1200%2C675&ssl=1&resize=525%2C300 1.5x, https:\/\/i0.wp.com\/ismaelcolosi.com.br\/wp-content\/uploads\/2024\/08\/Copia-de-Copia-de-Copia-de-TAMANHO-EXATO-PARA-FOTOS-NO-SISTEMA-NOVO-14_2024-08-20_20-12-13_png_2024-08-20_20-12-13.webp.webp?fit=1200%2C675&ssl=1&resize=700%2C400 2x, https:\/\/i0.wp.com\/ismaelcolosi.com.br\/wp-content\/uploads\/2024\/08\/Copia-de-Copia-de-Copia-de-TAMANHO-EXATO-PARA-FOTOS-NO-SISTEMA-NOVO-14_2024-08-20_20-12-13_png_2024-08-20_20-12-13.webp.webp?fit=1200%2C675&ssl=1&resize=1050%2C600 3x"},"classes":[]},{"id":31666,"url":"https:\/\/ismaelcolosi.com.br\/index.php\/2024\/01\/23\/cursinho-pre-vestibular-da-usp-ribeirao-esta-com-inscricoes-abertas-saiba-como-participar\/","url_meta":{"origin":25917,"position":5},"title":"Cursinho pr\u00e9-vestibular da USP Ribeir\u00e3o est\u00e1 com inscri\u00e7\u00f5es abertas; Saiba como participar","author":"ismaelcolosi.com.br","date":"23 de January de 2024","format":false,"excerpt":"Est\u00e3o abertas as inscri\u00e7\u00f5es para o cursinho popular da Faculdade de Ci\u00eancias Farmac\u00eauticas de Ribeir\u00e3o Preto (FCFRP) da USP (Universidade de S\u00e3o Paulo). As aulas s\u00e3o oferecidas de maneira extensiva e completamente gratuita. Podem participar da sele\u00e7\u00e3o estudantes que conclu\u00edram o ensino m\u00e9dio ou ainda est\u00e3o cursando, desde que n\u00e3o\u2026","rel":"","context":"In &quot;Not\u00edcias de Ribeir\u00e3o Preto-SP e Regi\u00e3o&quot;","block_context":{"text":"Not\u00edcias de Ribeir\u00e3o Preto-SP e Regi\u00e3o","link":"https:\/\/ismaelcolosi.com.br\/index.php\/category\/noticias-de-ribeirao-preto-sp-e-regiao-ismael-colosi\/"},"img":{"alt_text":"","src":"https:\/\/i0.wp.com\/ismaelcolosi.com.br\/wp-content\/uploads\/2024\/01\/escrevendo_aluno_1200x675_30062022170131.jpg?fit=1200%2C674&ssl=1&resize=350%2C200","width":350,"height":200,"srcset":"https:\/\/i0.wp.com\/ismaelcolosi.com.br\/wp-content\/uploads\/2024\/01\/escrevendo_aluno_1200x675_30062022170131.jpg?fit=1200%2C674&ssl=1&resize=350%2C200 1x, https:\/\/i0.wp.com\/ismaelcolosi.com.br\/wp-content\/uploads\/2024\/01\/escrevendo_aluno_1200x675_30062022170131.jpg?fit=1200%2C674&ssl=1&resize=525%2C300 1.5x, https:\/\/i0.wp.com\/ismaelcolosi.com.br\/wp-content\/uploads\/2024\/01\/escrevendo_aluno_1200x675_30062022170131.jpg?fit=1200%2C674&ssl=1&resize=700%2C400 2x, https:\/\/i0.wp.com\/ismaelcolosi.com.br\/wp-content\/uploads\/2024\/01\/escrevendo_aluno_1200x675_30062022170131.jpg?fit=1200%2C674&ssl=1&resize=1050%2C600 3x"},"classes":[]}],"jetpack_sharing_enabled":true,"jetpack_shortlink":"https:\/\/wp.me\/pfMlyK-6K1","_links":{"self":[{"href":"https:\/\/ismaelcolosi.com.br\/index.php\/wp-json\/wp\/v2\/posts\/25917","targetHints":{"allow":["GET"]}}],"collection":[{"href":"https:\/\/ismaelcolosi.com.br\/index.php\/wp-json\/wp\/v2\/posts"}],"about":[{"href":"https:\/\/ismaelcolosi.com.br\/index.php\/wp-json\/wp\/v2\/types\/post"}],"author":[{"embeddable":true,"href":"https:\/\/ismaelcolosi.com.br\/index.php\/wp-json\/wp\/v2\/users\/1"}],"replies":[{"embeddable":true,"href":"https:\/\/ismaelcolosi.com.br\/index.php\/wp-json\/wp\/v2\/comments?post=25917"}],"version-history":[{"count":0,"href":"https:\/\/ismaelcolosi.com.br\/index.php\/wp-json\/wp\/v2\/posts\/25917\/revisions"}],"wp:featuredmedia":[{"embeddable":true,"href":"https:\/\/ismaelcolosi.com.br\/index.php\/wp-json\/wp\/v2\/media\/25918"}],"wp:attachment":[{"href":"https:\/\/ismaelcolosi.com.br\/index.php\/wp-json\/wp\/v2\/media?parent=25917"}],"wp:term":[{"taxonomy":"category","embeddable":true,"href":"https:\/\/ismaelcolosi.com.br\/index.php\/wp-json\/wp\/v2\/categories?post=25917"},{"taxonomy":"post_tag","embeddable":true,"href":"https:\/\/ismaelcolosi.com.br\/index.php\/wp-json\/wp\/v2\/tags?post=25917"}],"curies":[{"name":"wp","href":"https:\/\/api.w.org\/{rel}","templated":true}]}}