{"id":25724,"date":"2024-01-08T10:57:01","date_gmt":"2024-01-08T13:57:01","guid":{"rendered":"https:\/\/ismaelcolosi.com.br\/index.php\/2024\/01\/08\/predio-e-interditado-apos-temporal-em-ribeirao-preto-transito-conta-com-bloqueios\/"},"modified":"2024-01-08T10:57:01","modified_gmt":"2024-01-08T13:57:01","slug":"predio-e-interditado-apos-temporal-em-ribeirao-preto-transito-conta-com-bloqueios","status":"publish","type":"post","link":"https:\/\/ismaelcolosi.com.br\/index.php\/2024\/01\/08\/predio-e-interditado-apos-temporal-em-ribeirao-preto-transito-conta-com-bloqueios\/","title":{"rendered":"Pr\u00e9dio \u00e9 interditado ap\u00f3s temporal em Ribeir\u00e3o Preto; Tr\u00e2nsito conta com bloqueios"},"content":{"rendered":"<p> <br \/>\n<\/p>\n<div data-td-block-uid=\"tdi_104\">\n<div class=\"tdb-block-inner td-fix-index\">\n<p>Um pr\u00e9dio no <strong>Parque dos Lagos<\/strong>, na zona Leste de<strong> Ribeir\u00e3o Preto<\/strong>, foi interditado pela <strong><a href=\"https:\/\/www.ribeiraopreto.sp.gov.br\/portal\/defesa-civil\/\" target=\"_blank\" rel=\"noreferrer noopener nofollow\">Defesa Civil <\/a><\/strong>na madrugada desta segunda-feira (8) ap\u00f3s o temporal que atingiu a cidade no final da tarde de domingo (7).<\/p>\n<p>Segundo a <strong><a href=\"https:\/\/www.ribeiraopreto.sp.gov.br\/portal\/\" target=\"_blank\" rel=\"noreferrer noopener nofollow\">Prefeitura de Ribeir\u00e3o Preto<\/a><\/strong>, engenheiros ser\u00e3o enviados ao local para vistoriar o pr\u00e9dio. A Administra\u00e7\u00e3o Municipal ainda informou que<mark style=\"background-color:#fcb900\" class=\"has-inline-color has-black-color\"> os moradores foram para casa de parentes e amigos<\/mark> e, por isso, n\u00e3o foi necess\u00e1rio o apoio da Secretaria de Assist\u00eancia Social.<\/p>\n<p>A chuva intensa foi localizada na regi\u00e3o Leste do munic\u00edpio e, de acordo com a medi\u00e7\u00e3o realizada no <strong>aeroporto Leite Lopes<\/strong>, foram registrados <mark style=\"background-color:#fcb900\" class=\"has-inline-color has-black-color\">ventos de at\u00e9 55 km\/h, por volta das 17h.<\/mark><\/p>\n<h4 class=\"wp-block-heading\"><strong>Tr\u00e2nsito<\/strong><\/h4>\n<p>De acordo com a <strong>RP Mobi<\/strong>, ainda h\u00e1 <mark style=\"background-color:#fcb900\" class=\"has-inline-color has-black-color\">interdi\u00e7\u00f5es em quatro pontos de Ribeir\u00e3o Preto na manh\u00e3 desta segunda-feira por conta da queda de \u00e1rvores e postes <\/mark>\u2013 veja abaixo. As equipes est\u00e3o nos locais para auxiliar os motoristas.<\/p>\n<ul>\n<li>Rua Alfredo Ravaneli com a Rua Heron Domingues (Parque S\u00e3o Sebasti\u00e3o)<\/li>\n<\/ul>\n<ul>\n<li>Rua Alfredo Ravaneli na lateral do Clube dos Comerci\u00e1rios (Parque S\u00e3o Sebasti\u00e3o)<\/li>\n<\/ul>\n<ul>\n<li>Rua Francisca Massaro Farinha, na altura do n\u00famero 386 em raz\u00e3o de queda de \u00e1rvore e de poste (Ribeir\u00e2nia)<\/li>\n<\/ul>\n<ul>\n<li>Rua Pedro Barbieri, na altura do n\u00famero 1.050, queda de \u00e1rvore (Jardim Helena)<\/li>\n<\/ul>\n<p>Al\u00e9m disso, a Secretaria de Infraestrutura informou que recebeu 40 solicita\u00e7\u00f5es de problemas causados pela chuva e que realiza o recolhimento de galhos e \u00e1rvores na zona Leste.<\/p>\n<p>VEJA TAMB\u00c9M<br \/>Ap\u00f3s rastro de destrui\u00e7\u00e3o: Saiba como fica o tempo em Ribeir\u00e3o Preto<\/p>\n<h4 class=\"wp-block-heading\"><strong>FIQUE ON<\/strong><\/h4>\n<p>Fique ligado em tudo que acontece em Ribeir\u00e3o Preto e regi\u00e3o. Siga os perfis do<strong> acidade on <\/strong>no <a href=\"https:\/\/www.instagram.com\/acidadeonribeirao\" target=\"_blank\" rel=\"noreferrer noopener nofollow\">Instagram <\/a>e no<a href=\"https:\/\/www.facebook.com\/acidadeonribeirao\" target=\"_blank\" rel=\"noreferrer noopener nofollow\"> Facebook.<\/a><\/p>\n<p>Receba not\u00edcias do <strong>acidade on <\/strong>no WhatsApp. <a href=\"https:\/\/chat.whatsapp.com\/Bnv2w66ZT4VDyZW3oiZ69n\" target=\"_blank\" rel=\"noreferrer noopener nofollow\">Para entrar no grupo, basta clicar aqui.<\/a><\/p>\n<p>Fa\u00e7a uma den\u00fancia ou sugira uma reportagem sobre a Ribeir\u00e3o Preto e regi\u00e3o pelo WhatsApp: (16) 99117 7802.<\/p>\n<p>LEIA MAIS<br \/><a href=\"https:\/\/www.tudoep.com\/tudo-saude\/noticias\/NOT,0,0,1869231,o-que-e-a-h-pylori-entenda-doenca-do-cantor-nattan.aspx\" target=\"_blank\" rel=\"noreferrer noopener nofollow\">O que \u00e9 a H. pylori? Entenda doen\u00e7a do cantor Nattan<\/a><\/p>\n<p><!-- AI CONTENT END 1 -->\n<\/div>\n<\/div>\n<p><script async src=\"\/\/www.instagram.com\/embed.js\"><\/script><br \/>\n<br \/><br \/>\n<br \/><a href=\"https:\/\/www.acidadeon.com\/ribeiraopreto\/cotidiano\/predio-e-interditado-apos-temporal-em-ribeirao-preto-transito-conta-com-bloqueios\/\">Source link <\/a><\/p>\n<div class='code-block code-block-4' style='margin: 8px auto 8px 0; text-align: left; display: block; clear: both;'>\n\ud83d\udce2 Aviso Legal\n\nO site ismaelcolosi.com.br atua apenas como um canal de divulga\u00e7\u00e3o de oportunidades de emprego e n\u00e3o se responsabiliza pelo processo seletivo, contrata\u00e7\u00e3o ou qualquer outra etapa relacionada \u00e0s vagas publicadas. Todas as informa\u00e7\u00f5es s\u00e3o de responsabilidade dos anunciantes.\n\n\u26a0\ufe0f Aten\u00e7\u00e3o! Nunca pague por promessas de emprego nem compre cursos que garantam contrata\u00e7\u00e3o. Desconfie de qualquer cobran\u00e7a para participar de sele\u00e7\u00f5es.\n\n\n\n<\/div>\n<!-- CONTENT END 1 -->\n","protected":false},"excerpt":{"rendered":"<p>Um pr\u00e9dio no Parque dos Lagos, na zona Leste de Ribeir\u00e3o Preto, foi interditado pela Defesa Civil na madrugada desta segunda-feira (8) ap\u00f3s o temporal&#8230;<\/p>\n","protected":false},"author":1,"featured_media":25725,"comment_status":"open","ping_status":"open","sticky":false,"template":"","format":"standard","meta":{"_uag_custom_page_level_css":"","advanced_seo_description":"","jetpack_seo_html_title":"","jetpack_seo_noindex":false,"jetpack_post_was_ever_published":false,"_jetpack_newsletter_access":"","_jetpack_dont_email_post_to_subs":false,"_jetpack_newsletter_tier_id":0,"_jetpack_memberships_contains_paywalled_content":false,"_jetpack_memberships_contains_paid_content":false,"footnotes":"","jetpack_publicize_message":"","jetpack_publicize_feature_enabled":true,"jetpack_social_post_already_shared":true,"jetpack_social_options":{"image_generator_settings":{"template":"highway","default_image_id":0,"font":"","enabled":false},"version":2}},"categories":[11],"tags":[37,3197,476,447,2941,27,26,3196,1092],"class_list":["post-25724","post","type-post","status-publish","format-standard","has-post-thumbnail","hentry","category-noticias-de-ribeirao-preto-sp-e-regiao-ismael-colosi","tag-apos","tag-bloqueios","tag-conta","tag-interditado","tag-predio","tag-preto","tag-ribeirao","tag-temporal","tag-transito"],"jetpack_publicize_connections":[],"jetpack_featured_media_url":"https:\/\/i0.wp.com\/ismaelcolosi.com.br\/wp-content\/uploads\/2024\/01\/queda-de-arvore-ribeirao-preto.jpeg?fit=1280%2C720&ssl=1","uagb_featured_image_src":{"full":["https:\/\/i0.wp.com\/ismaelcolosi.com.br\/wp-content\/uploads\/2024\/01\/queda-de-arvore-ribeirao-preto.jpeg?fit=1280%2C720&ssl=1",1280,720,false],"thumbnail":["https:\/\/i0.wp.com\/ismaelcolosi.com.br\/wp-content\/uploads\/2024\/01\/queda-de-arvore-ribeirao-preto.jpeg?resize=150%2C150&ssl=1",150,150,true],"medium":["https:\/\/i0.wp.com\/ismaelcolosi.com.br\/wp-content\/uploads\/2024\/01\/queda-de-arvore-ribeirao-preto.jpeg?fit=300%2C169&ssl=1",300,169,true],"medium_large":["https:\/\/i0.wp.com\/ismaelcolosi.com.br\/wp-content\/uploads\/2024\/01\/queda-de-arvore-ribeirao-preto.jpeg?fit=768%2C432&ssl=1",768,432,true],"large":["https:\/\/i0.wp.com\/ismaelcolosi.com.br\/wp-content\/uploads\/2024\/01\/queda-de-arvore-ribeirao-preto.jpeg?fit=1024%2C576&ssl=1",1024,576,true],"1536x1536":["https:\/\/i0.wp.com\/ismaelcolosi.com.br\/wp-content\/uploads\/2024\/01\/queda-de-arvore-ribeirao-preto.jpeg?fit=1280%2C720&ssl=1",1280,720,true],"2048x2048":["https:\/\/i0.wp.com\/ismaelcolosi.com.br\/wp-content\/uploads\/2024\/01\/queda-de-arvore-ribeirao-preto.jpeg?fit=1280%2C720&ssl=1",1280,720,true],"really-simple-thumb":["https:\/\/i0.wp.com\/ismaelcolosi.com.br\/wp-content\/uploads\/2024\/01\/queda-de-arvore-ribeirao-preto.jpeg?resize=370%2C247&ssl=1",370,247,true]},"uagb_author_info":{"display_name":"ismaelcolosi.com.br","author_link":"https:\/\/ismaelcolosi.com.br\/index.php\/author\/vidareal-online\/"},"uagb_comment_info":0,"uagb_excerpt":"Um pr\u00e9dio no Parque dos Lagos, na zona Leste de Ribeir\u00e3o Preto, foi interditado pela Defesa Civil na madrugada desta segunda-feira (8) ap\u00f3s o temporal...","jetpack-related-posts":[{"id":25761,"url":"https:\/\/ismaelcolosi.com.br\/index.php\/2024\/01\/08\/arvores-caem-sobre-carros-em-clube-durante-temporal-em-ribeirao-video\/","url_meta":{"origin":25724,"position":0},"title":"\u00c1rvores caem sobre carros em clube durante temporal em Ribeir\u00e3o; V\u00eddeo","author":"ismaelcolosi.com.br","date":"8 de January de 2024","format":false,"excerpt":"O temporal que atingiu a zona Leste de Ribeir\u00e3o Preto no \u00faltimo domingo (7) provocou preju\u00edzos no Clube dos Comerci\u00e1rios \u2013 veja o v\u00eddeo abaixo. Ningu\u00e9m ficou ferido. Segundo a esta\u00e7\u00e3o de medi\u00e7\u00e3o do aeroporto Leite Lopes, os ventos atingiram 55 km\/h. No local, houve queda de \u00e1rvores e, pelo\u2026","rel":"","context":"In &quot;Not\u00edcias de Ribeir\u00e3o Preto-SP e Regi\u00e3o&quot;","block_context":{"text":"Not\u00edcias de Ribeir\u00e3o Preto-SP e Regi\u00e3o","link":"https:\/\/ismaelcolosi.com.br\/index.php\/category\/noticias-de-ribeirao-preto-sp-e-regiao-ismael-colosi\/"},"img":{"alt_text":"","src":"https:\/\/i0.wp.com\/ismaelcolosi.com.br\/wp-content\/uploads\/2024\/01\/clube-dos-comerciarios.jpg?fit=1200%2C702&ssl=1&resize=350%2C200","width":350,"height":200,"srcset":"https:\/\/i0.wp.com\/ismaelcolosi.com.br\/wp-content\/uploads\/2024\/01\/clube-dos-comerciarios.jpg?fit=1200%2C702&ssl=1&resize=350%2C200 1x, https:\/\/i0.wp.com\/ismaelcolosi.com.br\/wp-content\/uploads\/2024\/01\/clube-dos-comerciarios.jpg?fit=1200%2C702&ssl=1&resize=525%2C300 1.5x, https:\/\/i0.wp.com\/ismaelcolosi.com.br\/wp-content\/uploads\/2024\/01\/clube-dos-comerciarios.jpg?fit=1200%2C702&ssl=1&resize=700%2C400 2x, https:\/\/i0.wp.com\/ismaelcolosi.com.br\/wp-content\/uploads\/2024\/01\/clube-dos-comerciarios.jpg?fit=1200%2C702&ssl=1&resize=1050%2C600 3x"},"classes":[]},{"id":57175,"url":"https:\/\/ismaelcolosi.com.br\/index.php\/2024\/07\/18\/tunel-jose-bonifacio-e-interditado-em-ribeirao-preto-veja-o-motivo\/","url_meta":{"origin":25724,"position":1},"title":"T\u00fanel Jos\u00e9 Bonif\u00e1cio \u00e9 interditado em Ribeir\u00e3o Preto; Veja o motivo","author":"ismaelcolosi.com.br","date":"18 de July de 2024","format":false,"excerpt":"O t\u00fanel Jos\u00e9 Bonif\u00e1cio, entre as avenidas Independ\u00eancia e Presidente Vargas, em Ribeir\u00e3o Preto, foi interditado no final da manh\u00e3 desta quinta-feira (18). Segundo a RP Mobi, o bloqueio foi motivado por conta da manuten\u00e7\u00e3o do sistema de c\u00e2meras de monitoramento do local. A previs\u00e3o \u00e9 que o acesso seja\u2026","rel":"","context":"In &quot;Not\u00edcias de Ribeir\u00e3o Preto-SP e Regi\u00e3o&quot;","block_context":{"text":"Not\u00edcias de Ribeir\u00e3o Preto-SP e Regi\u00e3o","link":"https:\/\/ismaelcolosi.com.br\/index.php\/category\/noticias-de-ribeirao-preto-sp-e-regiao-ismael-colosi\/"},"img":{"alt_text":"","src":"https:\/\/i0.wp.com\/ismaelcolosi.com.br\/wp-content\/uploads\/2024\/07\/tunel-jose-bonifacio.jpeg?fit=1200%2C675&ssl=1&resize=350%2C200","width":350,"height":200,"srcset":"https:\/\/i0.wp.com\/ismaelcolosi.com.br\/wp-content\/uploads\/2024\/07\/tunel-jose-bonifacio.jpeg?fit=1200%2C675&ssl=1&resize=350%2C200 1x, https:\/\/i0.wp.com\/ismaelcolosi.com.br\/wp-content\/uploads\/2024\/07\/tunel-jose-bonifacio.jpeg?fit=1200%2C675&ssl=1&resize=525%2C300 1.5x, https:\/\/i0.wp.com\/ismaelcolosi.com.br\/wp-content\/uploads\/2024\/07\/tunel-jose-bonifacio.jpeg?fit=1200%2C675&ssl=1&resize=700%2C400 2x, https:\/\/i0.wp.com\/ismaelcolosi.com.br\/wp-content\/uploads\/2024\/07\/tunel-jose-bonifacio.jpeg?fit=1200%2C675&ssl=1&resize=1050%2C600 3x"},"classes":[]},{"id":70669,"url":"https:\/\/ismaelcolosi.com.br\/index.php\/2024\/10\/11\/temporal-provoca-quedas-de-arvores-e-interdicoes-em-ribeirao-preto\/","url_meta":{"origin":25724,"position":2},"title":"Temporal provoca quedas de \u00e1rvores e interdi\u00e7\u00f5es em Ribeir\u00e3o Preto","author":"ismaelcolosi.com.br","date":"11 de October de 2024","format":false,"excerpt":"O temporal que atingiu Ribeir\u00e3o Preto, na tarde desta sexta-feira (11), n\u00e3o durou muito tempo, mas foi o suficiente para causas danos e interdi\u00e7\u00f5es em alguns pontos da cidade. Na avenida Pio XII, zona Oeste da cidade, uma \u00e1rvore caiu e derrubou o muro da CEMEI Eduardo Romualdo de Souza.\u2026","rel":"","context":"In &quot;Not\u00edcias de Ribeir\u00e3o Preto-SP e Regi\u00e3o&quot;","block_context":{"text":"Not\u00edcias de Ribeir\u00e3o Preto-SP e Regi\u00e3o","link":"https:\/\/ismaelcolosi.com.br\/index.php\/category\/noticias-de-ribeirao-preto-sp-e-regiao-ismael-colosi\/"},"img":{"alt_text":"","src":"https:\/\/i0.wp.com\/ismaelcolosi.com.br\/wp-content\/uploads\/2024\/10\/Copia-de-Copia-de-Copia-de-TAMANHO-EXATO-PARA-FOTOS-NO-SISTEMA-NOVO-15_2024-10-11_21-01-48_png_2024-10-11_21-01-48.webp.webp?fit=1200%2C675&ssl=1&resize=350%2C200","width":350,"height":200,"srcset":"https:\/\/i0.wp.com\/ismaelcolosi.com.br\/wp-content\/uploads\/2024\/10\/Copia-de-Copia-de-Copia-de-TAMANHO-EXATO-PARA-FOTOS-NO-SISTEMA-NOVO-15_2024-10-11_21-01-48_png_2024-10-11_21-01-48.webp.webp?fit=1200%2C675&ssl=1&resize=350%2C200 1x, https:\/\/i0.wp.com\/ismaelcolosi.com.br\/wp-content\/uploads\/2024\/10\/Copia-de-Copia-de-Copia-de-TAMANHO-EXATO-PARA-FOTOS-NO-SISTEMA-NOVO-15_2024-10-11_21-01-48_png_2024-10-11_21-01-48.webp.webp?fit=1200%2C675&ssl=1&resize=525%2C300 1.5x, https:\/\/i0.wp.com\/ismaelcolosi.com.br\/wp-content\/uploads\/2024\/10\/Copia-de-Copia-de-Copia-de-TAMANHO-EXATO-PARA-FOTOS-NO-SISTEMA-NOVO-15_2024-10-11_21-01-48_png_2024-10-11_21-01-48.webp.webp?fit=1200%2C675&ssl=1&resize=700%2C400 2x, https:\/\/i0.wp.com\/ismaelcolosi.com.br\/wp-content\/uploads\/2024\/10\/Copia-de-Copia-de-Copia-de-TAMANHO-EXATO-PARA-FOTOS-NO-SISTEMA-NOVO-15_2024-10-11_21-01-48_png_2024-10-11_21-01-48.webp.webp?fit=1200%2C675&ssl=1&resize=1050%2C600 3x"},"classes":[]},{"id":23929,"url":"https:\/\/ismaelcolosi.com.br\/index.php\/2024\/01\/03\/conselho-tutelar-fica-sem-energia-apos-furto-em-ribeirao-preto\/","url_meta":{"origin":25724,"position":3},"title":"Pr\u00e9dio do conselho tutelar fica sem energia ap\u00f3s furto em Ribeir\u00e3o Preto","author":"ismaelcolosi.com.br","date":"3 de January de 2024","format":false,"excerpt":"O pr\u00e9dio do Conselho Tutelar III, da Vila Virg\u00ednia, na zona Oeste de Ribeir\u00e3o Preto, ficou sem energia ap\u00f3s criminosos furtarem a fia\u00e7\u00e3o do im\u00f3vel. O crime foi registrado na \u00faltima ter\u00e7a-feira (2), quando os conselheiros chegavam para trabalhar. O pr\u00e9dio fica na avenida Primeiro de Maio, na Vila Virg\u00ednia.\u2026","rel":"","context":"In &quot;Not\u00edcias de Ribeir\u00e3o Preto-SP e Regi\u00e3o&quot;","block_context":{"text":"Not\u00edcias de Ribeir\u00e3o Preto-SP e Regi\u00e3o","link":"https:\/\/ismaelcolosi.com.br\/index.php\/category\/noticias-de-ribeirao-preto-sp-e-regiao-ismael-colosi\/"},"img":{"alt_text":"","src":"https:\/\/i0.wp.com\/ismaelcolosi.com.br\/wp-content\/uploads\/2024\/01\/conselho-tutelar-iii.jpg?fit=908%2C643&ssl=1&resize=350%2C200","width":350,"height":200,"srcset":"https:\/\/i0.wp.com\/ismaelcolosi.com.br\/wp-content\/uploads\/2024\/01\/conselho-tutelar-iii.jpg?fit=908%2C643&ssl=1&resize=350%2C200 1x, https:\/\/i0.wp.com\/ismaelcolosi.com.br\/wp-content\/uploads\/2024\/01\/conselho-tutelar-iii.jpg?fit=908%2C643&ssl=1&resize=525%2C300 1.5x, https:\/\/i0.wp.com\/ismaelcolosi.com.br\/wp-content\/uploads\/2024\/01\/conselho-tutelar-iii.jpg?fit=908%2C643&ssl=1&resize=700%2C400 2x"},"classes":[]},{"id":36455,"url":"https:\/\/ismaelcolosi.com.br\/index.php\/2024\/02\/09\/duas-pessoas-sao-socorridas-apos-incendio-na-regiao-de-ribeirao-veja-o-video\/","url_meta":{"origin":25724,"position":4},"title":"Duas pessoas s\u00e3o socorridas ap\u00f3s inc\u00eandio na regi\u00e3o de Ribeir\u00e3o; Veja o v\u00eddeo","author":"ismaelcolosi.com.br","date":"9 de February de 2024","format":false,"excerpt":"Uma crian\u00e7a e uma adolescente foram socorridas ap\u00f3s inalarem fuma\u00e7a durante um inc\u00eandio no Jardim Aeroporto, em Franca, na regi\u00e3o de Ribeir\u00e3o Preto. As chamas come\u00e7aram em um apartamento na tarde desta sexta-feira (9). Segundo o Corpo de Bombeiros, o inc\u00eandio come\u00e7ou em um dos quartos do apartamento e se\u2026","rel":"","context":"In &quot;Not\u00edcias de Ribeir\u00e3o Preto-SP e Regi\u00e3o&quot;","block_context":{"text":"Not\u00edcias de Ribeir\u00e3o Preto-SP e Regi\u00e3o","link":"https:\/\/ismaelcolosi.com.br\/index.php\/category\/noticias-de-ribeirao-preto-sp-e-regiao-ismael-colosi\/"},"img":{"alt_text":"","src":"https:\/\/i0.wp.com\/ismaelcolosi.com.br\/wp-content\/uploads\/2024\/02\/incendio.jpg?fit=600%2C775&ssl=1&resize=350%2C200","width":350,"height":200,"srcset":"https:\/\/i0.wp.com\/ismaelcolosi.com.br\/wp-content\/uploads\/2024\/02\/incendio.jpg?fit=600%2C775&ssl=1&resize=350%2C200 1x, https:\/\/i0.wp.com\/ismaelcolosi.com.br\/wp-content\/uploads\/2024\/02\/incendio.jpg?fit=600%2C775&ssl=1&resize=525%2C300 1.5x"},"classes":[]},{"id":15046,"url":"https:\/\/ismaelcolosi.com.br\/index.php\/2023\/12\/12\/ubds-de-ribeirao-preto-sera-reaberta-apos-ficar-fechada-por-mais-de-um-mes-veja-quando\/","url_meta":{"origin":25724,"position":5},"title":"UBDS de Ribeir\u00e3o Preto ser\u00e1 reaberta ap\u00f3s ficar fechada por mais de um m\u00eas; Veja quando","author":"ismaelcolosi.com.br","date":"12 de December de 2023","format":false,"excerpt":"A Prefeitura de Ribeir\u00e3o Preto informou, nesta ter\u00e7a-feira (12), que a UBDS (Unidade B\u00e1sica e Distrital de Sa\u00fade) da Vila Virg\u00ednia ser\u00e1 reaberta na pr\u00f3xima semana. O local est\u00e1 fechado desde o dia 27 de outubro, devido a uma forte chuva que atingiu o munic\u00edpio. De acordo com a Administra\u00e7\u00e3o\u2026","rel":"","context":"In &quot;Not\u00edcias de Ribeir\u00e3o Preto-SP e Regi\u00e3o&quot;","block_context":{"text":"Not\u00edcias de Ribeir\u00e3o Preto-SP e Regi\u00e3o","link":"https:\/\/ismaelcolosi.com.br\/index.php\/category\/noticias-de-ribeirao-preto-sp-e-regiao-ismael-colosi\/"},"img":{"alt_text":"","src":"https:\/\/i0.wp.com\/ismaelcolosi.com.br\/wp-content\/uploads\/2023\/12\/ubds_vila_1024x576_03092021201236.jpg?fit=1024%2C576&ssl=1&resize=350%2C200","width":350,"height":200,"srcset":"https:\/\/i0.wp.com\/ismaelcolosi.com.br\/wp-content\/uploads\/2023\/12\/ubds_vila_1024x576_03092021201236.jpg?fit=1024%2C576&ssl=1&resize=350%2C200 1x, https:\/\/i0.wp.com\/ismaelcolosi.com.br\/wp-content\/uploads\/2023\/12\/ubds_vila_1024x576_03092021201236.jpg?fit=1024%2C576&ssl=1&resize=525%2C300 1.5x, https:\/\/i0.wp.com\/ismaelcolosi.com.br\/wp-content\/uploads\/2023\/12\/ubds_vila_1024x576_03092021201236.jpg?fit=1024%2C576&ssl=1&resize=700%2C400 2x"},"classes":[]}],"jetpack_sharing_enabled":true,"jetpack_shortlink":"https:\/\/wp.me\/pfMlyK-6GU","_links":{"self":[{"href":"https:\/\/ismaelcolosi.com.br\/index.php\/wp-json\/wp\/v2\/posts\/25724","targetHints":{"allow":["GET"]}}],"collection":[{"href":"https:\/\/ismaelcolosi.com.br\/index.php\/wp-json\/wp\/v2\/posts"}],"about":[{"href":"https:\/\/ismaelcolosi.com.br\/index.php\/wp-json\/wp\/v2\/types\/post"}],"author":[{"embeddable":true,"href":"https:\/\/ismaelcolosi.com.br\/index.php\/wp-json\/wp\/v2\/users\/1"}],"replies":[{"embeddable":true,"href":"https:\/\/ismaelcolosi.com.br\/index.php\/wp-json\/wp\/v2\/comments?post=25724"}],"version-history":[{"count":0,"href":"https:\/\/ismaelcolosi.com.br\/index.php\/wp-json\/wp\/v2\/posts\/25724\/revisions"}],"wp:featuredmedia":[{"embeddable":true,"href":"https:\/\/ismaelcolosi.com.br\/index.php\/wp-json\/wp\/v2\/media\/25725"}],"wp:attachment":[{"href":"https:\/\/ismaelcolosi.com.br\/index.php\/wp-json\/wp\/v2\/media?parent=25724"}],"wp:term":[{"taxonomy":"category","embeddable":true,"href":"https:\/\/ismaelcolosi.com.br\/index.php\/wp-json\/wp\/v2\/categories?post=25724"},{"taxonomy":"post_tag","embeddable":true,"href":"https:\/\/ismaelcolosi.com.br\/index.php\/wp-json\/wp\/v2\/tags?post=25724"}],"curies":[{"name":"wp","href":"https:\/\/api.w.org\/{rel}","templated":true}]}}