{"id":25660,"date":"2024-01-08T06:32:02","date_gmt":"2024-01-08T09:32:02","guid":{"rendered":"https:\/\/ismaelcolosi.com.br\/index.php\/2024\/01\/08\/o-encontro-da-tradicao-com-a-inovacao\/"},"modified":"2024-01-08T06:32:02","modified_gmt":"2024-01-08T09:32:02","slug":"o-encontro-da-tradicao-com-a-inovacao","status":"publish","type":"post","link":"https:\/\/ismaelcolosi.com.br\/index.php\/2024\/01\/08\/o-encontro-da-tradicao-com-a-inovacao\/","title":{"rendered":"O encontro da tradi\u00e7\u00e3o com a inova\u00e7\u00e3o"},"content":{"rendered":"<p> <br \/>\n<\/p>\n<div>\n<div id=\"attachment_586900\" class=\"wp-caption alignnone style=\" max-width:=\"\"><img data-recalc-dims=\"1\" fetchpriority=\"high\" decoding=\"async\" class=\"alignnone alignnone size-full wp-image-586900\" src=\"https:\/\/i0.wp.com\/forbes.com.br\/wp-content\/uploads\/2023\/12\/brandvoice-coimba_115-1-768x512.jpg?resize=678%2C452&#038;ssl=1\" http:=\"\" alt=\"Divulga\u00e7\u00e3o\" width=\"678\" height=\"452\" data-lazy-src=\"https:\/\/forbes.com.br\/wp-content\/uploads\/2023\/12\/brandvoice-coimba_115-1-768x512.jpg\"\/><noscript><img data-recalc-dims=\"1\" fetchpriority=\"high\" decoding=\"async\" class=\"alignnone alignnone size-full wp-image-586900\" src=\"https:\/\/i0.wp.com\/forbes.com.br\/wp-content\/uploads\/2023\/12\/brandvoice-coimba_115-1-768x512.jpg?resize=678%2C452&#038;ssl=1\" alt=\"Divulga\u00e7\u00e3o\" width=\"678\" height=\"452\"\/><\/noscript><\/p>\n<p>Divulga\u00e7\u00e3o<\/p>\n<p class=\"wp-caption-text\">Universidade de Coimbra tem mais de 700 anos de hist\u00f3ria<\/p>\n<\/div>\n<p>Al\u00e9m de completar 734 anos, a <a href=\"https:\/\/www.uc.pt\/\">Universidade de Coimbra<\/a> vai celebrar em 2024 os 10 anos de um acontecimento muito importante nas rela\u00e7\u00f5es entre Brasil e Portugal: a aceita\u00e7\u00e3o da nota do Exame Nacional do Ensino M\u00e9dio (Enem) para acesso de alunos estrangeiros \u00e0 institui\u00e7\u00e3o. A Universidade de Coimbra foi a primeira de Portugal a aceitar o exame no processo seletivo.<\/p>\n<p>Desde ent\u00e3o, milhares de estudantes brasileiros escolheram estudar na institui\u00e7\u00e3o que det\u00e9m o t\u00edtulo de mais sustent\u00e1vel de Portugal, \u00e9 a 29\u00aa do mundo de acordo com o ranking Times Higher Education Impact Rankings 2023 e est\u00e1 entre as 500 melhores universidades do mundo segundo o Times Higher Education World University Rankings (THE WUR) 2024 e o Academic Ranking of World Universities (ARWU), conhecido como Ranking de Xangai.<\/p>\n<p>No \u00faltimo ano, foram mais de 200 brasileiros que ingressaram em um curso de gradua\u00e7\u00e3o na Universidade de Coimbra. Beatriz Mascarenhas, de 19 anos, \u00e9 uma delas. Natural de Teresina, no Piau\u00ed, ela afirma que sempre almejou o melhor. \u201cSempre tive uma vaidade do meu percurso acad\u00eamico e queria o melhor que a minha \u00e1rea poderia oferecer. Fiz muitas pesquisas e antropologia foi a minha primeira op\u00e7\u00e3o.\u201d Para ela, a escolha pela Universidade de Coimbra foi f\u00e1cil: \u201c[A universidade] \u00e9 um polo muito respeitado de ci\u00eancias humanas e sociais. Al\u00e9m disso, respeito muito as institui\u00e7\u00f5es que trazem uma grande bagagem hist\u00f3rica\u201d, diz.<\/p>\n<div id=\"attachment_586902\" class=\"wp-caption alignnone style=\" max-width:=\"\"><img data-recalc-dims=\"1\" loading=\"lazy\" decoding=\"async\" class=\"alignnone alignnone size-full wp-image-586902\" src=\"https:\/\/i0.wp.com\/forbes.com.br\/wp-content\/uploads\/2023\/12\/brandvoice-coimba_115-3-768x512.jpg?resize=678%2C452&#038;ssl=1\" http:=\"\" alt=\"Divulga\u00e7\u00e3o\" width=\"678\" height=\"452\" data-lazy-src=\"https:\/\/forbes.com.br\/wp-content\/uploads\/2023\/12\/brandvoice-coimba_115-3-768x512.jpg\"\/><noscript><img data-recalc-dims=\"1\" loading=\"lazy\" decoding=\"async\" class=\"alignnone alignnone size-full wp-image-586902\" src=\"https:\/\/i0.wp.com\/forbes.com.br\/wp-content\/uploads\/2023\/12\/brandvoice-coimba_115-3-768x512.jpg?resize=678%2C452&#038;ssl=1\" alt=\"Divulga\u00e7\u00e3o\" width=\"678\" height=\"452\"\/><\/noscript><\/p>\n<p>Divulga\u00e7\u00e3o<\/p>\n<p class=\"wp-caption-text\">Beatriz Mascarenhas est\u00e1 entre os mais de 200 brasileiros recebidos pela Universidade de Coimbra em 2023<\/p>\n<\/div>\n<p>Beatriz confessa que, durante a pandemia, estava se sentindo desencorajada academicamente e achava que n\u00e3o ia conseguir realizar seus sonhos. A possibilidade de fazer a candidatura com uma nota do Enem por meio de um processo totalmente online \u00e9 considerada pela estudante como algo revolucion\u00e1rio. \u201cO meu ensino m\u00e9dio foi todo voltado para o Enem, ent\u00e3o, poder entrar com essa nota foi sensacional.\u201d<\/p>\n<p>Para que o sonho estivesse mais pr\u00f3ximo, ela conta que colocou uma foto de frente para o local onde estudava e dormia para mentalizar que ia para Coimbra. \u201cUma coisa de motiva\u00e7\u00e3o\u201d, segundo ela. \u201cNa p\u00e1gina oficial da universidade, h\u00e1 um v\u00eddeo sobre como fazer a candidatura e tudo \u00e9 bem explicado. Al\u00e9m disso, sempre que tive d\u00favidas, pude entrar em contato por mensagem, e as respostas sempre foram r\u00e1pidas.\u201d<\/p>\n<p>Com um n\u00edvel de empregabilidade dos seus formandos por volta dos 97,2%, a Universidade de Coimbra, que \u00e9 uma das cinco universidades no mundo consideradas patrim\u00f4nio mundial, \u00e9 reconhecida pela sua estrutura e acolhimento. \u201cOlhar para os edif\u00edcios fez o meu cora\u00e7\u00e3o bater mais forte. Ter o cart\u00e3o de estudante na m\u00e3o mostrou que \u00e9 real. Logo no primeiro dia de aulas, encontrei bons professores. Houve uma aula, de Introdu\u00e7\u00e3o \u00e0 Antropologia Biol\u00f3gica, pela professora Ana Lu\u00edsa, em que, al\u00e9m da apresenta\u00e7\u00e3o da mat\u00e9ria, a professora falou sobre o que estudar e as sa\u00eddas profissionais. Estou satisfeita com o acompanhamento\u201d, afirma a estudante.<\/p>\n<p><img data-recalc-dims=\"1\" loading=\"lazy\" decoding=\"async\" class=\"alignnone alignnone size-full wp-image-586901\" src=\"https:\/\/i0.wp.com\/forbes.com.br\/wp-content\/uploads\/2023\/12\/brandvoice-coimba_115-2-768x512.jpg?resize=768%2C512&#038;ssl=1\" http:=\"\" alt=\"Divulga\u00e7\u00e3o\" width=\"768\" height=\"512\" data-lazy-src=\"https:\/\/forbes.com.br\/wp-content\/uploads\/2023\/12\/brandvoice-coimba_115-2-768x512.jpg\"\/><noscript><img data-recalc-dims=\"1\" loading=\"lazy\" decoding=\"async\" class=\"alignnone alignnone size-full wp-image-586901\" src=\"https:\/\/i0.wp.com\/forbes.com.br\/wp-content\/uploads\/2023\/12\/brandvoice-coimba_115-2-768x512.jpg?resize=768%2C512&#038;ssl=1\" alt=\"Divulga\u00e7\u00e3o\" width=\"768\" height=\"512\"\/><\/noscript><\/p>\n<p>Beatriz conta que ama a vida em Coimbra. \u201c\u00c9 uma cidade segura, onde vou \u00e0 academia \u2013 e Coimbra \u00e9 uma das primeiras 40 universidades do mundo com certifica\u00e7\u00e3o Healthy Campus da Fis [Federa\u00e7\u00e3o Internacional do Esporte Universit\u00e1rio]. Estudo e fa\u00e7o refei\u00e7\u00f5es na cantina, que tem um excelente pre\u00e7o. J\u00e1 passei belas horas na Sala de Estudo da Biblioteca Geral. Tenho facilidade de aprender l\u00ednguas e aqui d\u00e1 para estudar v\u00e1rias. Pretendo fazer mestrado, viver aqui mais cinco ou seis anos. S\u00f3 fica parado quem quer; h\u00e1 muitas coisas para fazer.\u201d<\/p>\n<p>Se em 2014 a Universidade de Coimbra tinha 2 mil estudantes brasileiros de um total de 23 mil universit\u00e1rios, ou 8,69%, segundo dados da pr\u00f3pria institui\u00e7\u00e3o, quase 10 anos depois, esse percentual passou para cerca de 18%, reflexo da inova\u00e7\u00e3o constante da institui\u00e7\u00e3o. Al\u00e9m de oferecer dezenas de cursos de gradua\u00e7\u00e3o, mestrado e doutorado, apresenta v\u00e1rios outros programas, incluindo a possibilidade de realizar interc\u00e2mbios internacionais em v\u00e1rias parcerias do mundo, com mais de 2 mil protocolos. Existem ainda v\u00e1rios acordos de coopera\u00e7\u00e3o e articula\u00e7\u00e3o junto a escolas de ensino m\u00e9dio no Brasil, com o objetivo de estabelecer uma rela\u00e7\u00e3o mais pr\u00f3xima com essas institui\u00e7\u00f5es por meio de atividades acad\u00eamicas, cient\u00edficas e culturais.<\/p>\n<p><i><span style=\"font-weight: 400;\">*<\/span><\/i><b><i>BrandVoice<\/i><\/b><i><span style=\"font-weight: 400;\"> \u00e9 de responsabilidade exclusiva dos autores e n\u00e3o reflete, necessariamente, a opini\u00e3o da FORBES Brasil e de seus editores.<\/span><\/i><\/p>\n<\/div>\n<p><script type=\"rocketlazyloadscript\">\n\t\t\t\t(function(d, s, id){\n\t\t\t\t\tvar js, fjs = d.getElementsByTagName(s)[0];\n\t\t\t\t\tif (d.getElementById(id)) return;\n\t\t\t\t\tjs = d.createElement(s); js.id = id;\n\t\t\t\t\tjs.src = \"\/\/connect.facebook.net\/pt_BR\/sdk.js#xfbml=1&version=v2.9\";\n\t\t\t\t\tfjs.parentNode.insertBefore(js, fjs);\n\t\t\t\t}(document, 'script', 'facebook-jssdk'));\n\t\t\t<\/script><br \/>\n<br \/><br \/>\n<br \/><a href=\"https:\/\/forbes.com.br\/carreira\/2024\/01\/brandvoice-universidade-coimbra-o-encontro-da-tradicao-com-a-inovacao\/\">Source link <\/a><\/p>\n<div class='code-block code-block-4' style='margin: 8px auto 8px 0; text-align: left; display: block; clear: both;'>\n\ud83d\udce2 Aviso Legal\n\nO site ismaelcolosi.com.br atua apenas como um canal de divulga\u00e7\u00e3o de oportunidades de emprego e n\u00e3o se responsabiliza pelo processo seletivo, contrata\u00e7\u00e3o ou qualquer outra etapa relacionada \u00e0s vagas publicadas. Todas as informa\u00e7\u00f5es s\u00e3o de responsabilidade dos anunciantes.\n\n\u26a0\ufe0f Aten\u00e7\u00e3o! Nunca pague por promessas de emprego nem compre cursos que garantam contrata\u00e7\u00e3o. Desconfie de qualquer cobran\u00e7a para participar de sele\u00e7\u00f5es.\n\n\n\n<\/div>\n<!-- CONTENT END 1 -->\n","protected":false},"excerpt":{"rendered":"<p>Divulga\u00e7\u00e3o Universidade de Coimbra tem mais de 700 anos de hist\u00f3ria Al\u00e9m de completar 734 anos, a Universidade de Coimbra vai celebrar em 2024 os&#8230;<\/p>\n","protected":false},"author":1,"featured_media":25661,"comment_status":"open","ping_status":"open","sticky":false,"template":"","format":"standard","meta":{"_uag_custom_page_level_css":"","advanced_seo_description":"","jetpack_seo_html_title":"","jetpack_seo_noindex":false,"jetpack_post_was_ever_published":false,"_jetpack_newsletter_access":"","_jetpack_dont_email_post_to_subs":false,"_jetpack_newsletter_tier_id":0,"_jetpack_memberships_contains_paywalled_content":false,"_jetpack_memberships_contains_paid_content":false,"footnotes":"","jetpack_publicize_message":"","jetpack_publicize_feature_enabled":true,"jetpack_social_post_already_shared":true,"jetpack_social_options":{"image_generator_settings":{"template":"highway","default_image_id":0,"font":"","enabled":false},"version":2}},"categories":[1964],"tags":[],"class_list":["post-25660","post","type-post","status-publish","format-standard","has-post-thumbnail","hentry","category-carreira-e-sucesso-dicas-para-carreira"],"jetpack_publicize_connections":[],"jetpack_featured_media_url":"https:\/\/i0.wp.com\/ismaelcolosi.com.br\/wp-content\/uploads\/2024\/01\/brandvoice-coimba_115-1-1024x683.jpg?fit=1024%2C683&ssl=1","uagb_featured_image_src":{"full":["https:\/\/i0.wp.com\/ismaelcolosi.com.br\/wp-content\/uploads\/2024\/01\/brandvoice-coimba_115-1-1024x683.jpg?fit=1024%2C683&ssl=1",1024,683,false],"thumbnail":["https:\/\/i0.wp.com\/ismaelcolosi.com.br\/wp-content\/uploads\/2024\/01\/brandvoice-coimba_115-1-1024x683.jpg?resize=150%2C150&ssl=1",150,150,true],"medium":["https:\/\/i0.wp.com\/ismaelcolosi.com.br\/wp-content\/uploads\/2024\/01\/brandvoice-coimba_115-1-1024x683.jpg?fit=300%2C200&ssl=1",300,200,true],"medium_large":["https:\/\/i0.wp.com\/ismaelcolosi.com.br\/wp-content\/uploads\/2024\/01\/brandvoice-coimba_115-1-1024x683.jpg?fit=768%2C512&ssl=1",768,512,true],"large":["https:\/\/i0.wp.com\/ismaelcolosi.com.br\/wp-content\/uploads\/2024\/01\/brandvoice-coimba_115-1-1024x683.jpg?fit=1024%2C683&ssl=1",1024,683,true],"1536x1536":["https:\/\/i0.wp.com\/ismaelcolosi.com.br\/wp-content\/uploads\/2024\/01\/brandvoice-coimba_115-1-1024x683.jpg?fit=1024%2C683&ssl=1",1024,683,true],"2048x2048":["https:\/\/i0.wp.com\/ismaelcolosi.com.br\/wp-content\/uploads\/2024\/01\/brandvoice-coimba_115-1-1024x683.jpg?fit=1024%2C683&ssl=1",1024,683,true],"really-simple-thumb":["https:\/\/i0.wp.com\/ismaelcolosi.com.br\/wp-content\/uploads\/2024\/01\/brandvoice-coimba_115-1-1024x683.jpg?resize=370%2C247&ssl=1",370,247,true]},"uagb_author_info":{"display_name":"ismaelcolosi.com.br","author_link":"https:\/\/ismaelcolosi.com.br\/index.php\/author\/vidareal-online\/"},"uagb_comment_info":0,"uagb_excerpt":"Divulga\u00e7\u00e3o Universidade de Coimbra tem mais de 700 anos de hist\u00f3ria Al\u00e9m de completar 734 anos, a Universidade de Coimbra vai celebrar em 2024 os...","jetpack-related-posts":[{"id":27246,"url":"https:\/\/ismaelcolosi.com.br\/index.php\/2024\/01\/11\/pequeno-genio-de-11-anos-luan-consegue-na-justica-direito-de-ocupar-vaga-na-universidade-apos-passar-no-vestibular\/","url_meta":{"origin":25660,"position":0},"title":"&#8216;Pequeno G\u00eanio&#8217; de 11 anos, Luan consegue na Justi\u00e7a direito de ocupar vaga na Universidade ap\u00f3s passar no vestibular","author":"ismaelcolosi.com.br","date":"11 de January de 2024","format":false,"excerpt":"Muita gente deve se lembrar do menino Luan Gabriel Aguiar Gama, de 11 anos, que participou do quadro \u201cPequenos G\u00eanios\u201d, do Doming\u00e3o com Huck. Nessa semana, o menino voltou a ser not\u00edcia no pa\u00eds.Aos 11 anos de idade, Luan passou no vestibular do curso de Matem\u00e1tica da Universidade do Estado\u2026","rel":"","context":"In &quot;Blog&quot;","block_context":{"text":"Blog","link":"https:\/\/ismaelcolosi.com.br\/index.php\/category\/blog\/"},"img":{"alt_text":"","src":"https:\/\/i0.wp.com\/ismaelcolosi.com.br\/wp-content\/uploads\/2024\/01\/postimg-65a06c2706c4a3441.jpg?fit=1200%2C628&ssl=1&resize=350%2C200","width":350,"height":200,"srcset":"https:\/\/i0.wp.com\/ismaelcolosi.com.br\/wp-content\/uploads\/2024\/01\/postimg-65a06c2706c4a3441.jpg?fit=1200%2C628&ssl=1&resize=350%2C200 1x, https:\/\/i0.wp.com\/ismaelcolosi.com.br\/wp-content\/uploads\/2024\/01\/postimg-65a06c2706c4a3441.jpg?fit=1200%2C628&ssl=1&resize=525%2C300 1.5x, https:\/\/i0.wp.com\/ismaelcolosi.com.br\/wp-content\/uploads\/2024\/01\/postimg-65a06c2706c4a3441.jpg?fit=1200%2C628&ssl=1&resize=700%2C400 2x, https:\/\/i0.wp.com\/ismaelcolosi.com.br\/wp-content\/uploads\/2024\/01\/postimg-65a06c2706c4a3441.jpg?fit=1200%2C628&ssl=1&resize=1050%2C600 3x"},"classes":[]},{"id":84144,"url":"https:\/\/ismaelcolosi.com.br\/index.php\/2025\/03\/31\/20-universidades-que-se-destacam-nos-eua\/","url_meta":{"origin":25660,"position":1},"title":"20 universidades que se destacam nos EUA","author":"ismaelcolosi.com.br","date":"31 de March de 2025","format":false,"excerpt":"\r Getty Images\r A Universidade Purdue, em Indiana, se destaca entre as universidades p\u00fablicas dos EUA\r Acessibilidade \r L\r L\r A-\r A+\r \r \u25d0\r \r \u00a0 Empresas demonstram um crescente descontentamento com alunos egressos das faculdades mais antigas e renomadas dos Estados Unidos. Em uma pesquisa da Forbes respondida por\u2026","rel":"","context":"In &quot;Carreira e Sucesso&quot;","block_context":{"text":"Carreira e Sucesso","link":"https:\/\/ismaelcolosi.com.br\/index.php\/category\/carreira-e-sucesso-dicas-para-carreira\/"},"img":{"alt_text":"","src":"https:\/\/i0.wp.com\/ismaelcolosi.com.br\/wp-content\/uploads\/2025\/03\/forbes-universidades-purdue-1200x675.jpg?fit=1200%2C675&ssl=1&resize=350%2C200","width":350,"height":200,"srcset":"https:\/\/i0.wp.com\/ismaelcolosi.com.br\/wp-content\/uploads\/2025\/03\/forbes-universidades-purdue-1200x675.jpg?fit=1200%2C675&ssl=1&resize=350%2C200 1x, https:\/\/i0.wp.com\/ismaelcolosi.com.br\/wp-content\/uploads\/2025\/03\/forbes-universidades-purdue-1200x675.jpg?fit=1200%2C675&ssl=1&resize=525%2C300 1.5x, https:\/\/i0.wp.com\/ismaelcolosi.com.br\/wp-content\/uploads\/2025\/03\/forbes-universidades-purdue-1200x675.jpg?fit=1200%2C675&ssl=1&resize=700%2C400 2x, https:\/\/i0.wp.com\/ismaelcolosi.com.br\/wp-content\/uploads\/2025\/03\/forbes-universidades-purdue-1200x675.jpg?fit=1200%2C675&ssl=1&resize=1050%2C600 3x"},"classes":[]},{"id":34875,"url":"https:\/\/ismaelcolosi.com.br\/index.php\/2024\/02\/04\/a-jornada-para-recuperacao-de-valores-de-golpes-de-investimentos-em-criptomoedas\/","url_meta":{"origin":25660,"position":2},"title":"A jornada para recupera\u00e7\u00e3o de valores de golpes de investimentos em criptomoedas\u00a0","author":"ismaelcolosi.com.br","date":"4 de February de 2024","format":false,"excerpt":"4 de fevereiro de 2024 | 8:203 de fevereiro de 2024 | 10:35 0Eduardo Maur\u00edcio*\u00a0O crescimento dos investimentos em criptomoedas nos \u00faltimos anos abriu um novo caminho para empresas clandestinas e de fachada aplicarem golpes em v\u00edtimas com a promessa de retorno financeiro consider\u00e1vel, acima do mercado, em um curto\u2026","rel":"","context":"In &quot;Not\u00edcias de Ribeir\u00e3o Preto-SP e Regi\u00e3o&quot;","block_context":{"text":"Not\u00edcias de Ribeir\u00e3o Preto-SP e Regi\u00e3o","link":"https:\/\/ismaelcolosi.com.br\/index.php\/category\/noticias-de-ribeirao-preto-sp-e-regiao-ismael-colosi\/"},"img":{"alt_text":"","src":"https:\/\/i0.wp.com\/ismaelcolosi.com.br\/wp-content\/uploads\/2024\/02\/Eduardo-Mauricio-scaled.jpg?fit=970%2C645&ssl=1&resize=350%2C200","width":350,"height":200,"srcset":"https:\/\/i0.wp.com\/ismaelcolosi.com.br\/wp-content\/uploads\/2024\/02\/Eduardo-Mauricio-scaled.jpg?fit=970%2C645&ssl=1&resize=350%2C200 1x, https:\/\/i0.wp.com\/ismaelcolosi.com.br\/wp-content\/uploads\/2024\/02\/Eduardo-Mauricio-scaled.jpg?fit=970%2C645&ssl=1&resize=525%2C300 1.5x, https:\/\/i0.wp.com\/ismaelcolosi.com.br\/wp-content\/uploads\/2024\/02\/Eduardo-Mauricio-scaled.jpg?fit=970%2C645&ssl=1&resize=700%2C400 2x"},"classes":[]},{"id":8493,"url":"https:\/\/ismaelcolosi.com.br\/index.php\/2023\/11\/30\/lancamento-do-livro-o-lobo-atras-da-porta-acontece-neste-sabado-em-ribeirao\/","url_meta":{"origin":25660,"position":3},"title":"Lan\u00e7amento do livro \u201cO Lobo atr\u00e1s da porta\u201d, acontece neste s\u00e1bado em Ribeir\u00e3o","author":"ismaelcolosi.com.br","date":"30 de November de 2023","format":false,"excerpt":"30 de novembro de 2023 | 9:0329 de novembro de 2023 | 10:00 0O livro \u201cO Lobo Atr\u00e1s da Porta\u201d, (BrLab Edi\u00e7\u00f5es, 192 p\u00e1ginas) re\u00fane roteiro e curiosidades sobre o filme premiado de Fernando Coimbra. Al\u00e9m de fotos de cenas, anota\u00e7\u00f5es, manuscritos e imagens de making of, o livro traz\u2026","rel":"","context":"In &quot;Not\u00edcias de Ribeir\u00e3o Preto-SP e Regi\u00e3o&quot;","block_context":{"text":"Not\u00edcias de Ribeir\u00e3o Preto-SP e Regi\u00e3o","link":"https:\/\/ismaelcolosi.com.br\/index.php\/category\/noticias-de-ribeirao-preto-sp-e-regiao-ismael-colosi\/"},"img":{"alt_text":"","src":"https:\/\/i0.wp.com\/ismaelcolosi.com.br\/wp-content\/uploads\/2023\/11\/livro-2.jpg?fit=356%2C500&ssl=1&resize=350%2C200","width":350,"height":200},"classes":[]},{"id":87779,"url":"https:\/\/ismaelcolosi.com.br\/index.php\/2025\/10\/01\/usp-e-a-2a-melhor-universidade-da-america-latina-brasil-lidera-lista-com-130-instituicoes\/","url_meta":{"origin":25660,"position":4},"title":"USP \u00e9 a 2\u00aa Melhor Universidade da Am\u00e9rica Latina; Brasil Lidera Lista com 130 Institui\u00e7\u00f5es","author":"ismaelcolosi.com.br","date":"1 de October de 2025","format":false,"excerpt":"\r \r \r \r Ap\u00f3s dois anos no topo, a institui\u00e7\u00e3o paulista foi ultrapassada pela Pontif\u00edcia Universidade Cat\u00f3lica do Chile; veja o top 10 \r \r \r \r Divulga\u00e7\u00e3o\/USP\r USP segue como a melhor universidade brasileira\r Acessibilidade \r L\r L\r A-\r A+\r \r \u25d0\r \r A USP (Universidade de S\u00e3o\u2026","rel":"","context":"In &quot;Carreira e Sucesso&quot;","block_context":{"text":"Carreira e Sucesso","link":"https:\/\/ismaelcolosi.com.br\/index.php\/category\/carreira-e-sucesso-dicas-para-carreira\/"},"img":{"alt_text":"","src":"https:\/\/i0.wp.com\/ismaelcolosi.com.br\/wp-content\/uploads\/2025\/10\/carreira-usp-melhores-universidades-1-1200x675.jpg?fit=1200%2C675&ssl=1&resize=350%2C200","width":350,"height":200,"srcset":"https:\/\/i0.wp.com\/ismaelcolosi.com.br\/wp-content\/uploads\/2025\/10\/carreira-usp-melhores-universidades-1-1200x675.jpg?fit=1200%2C675&ssl=1&resize=350%2C200 1x, https:\/\/i0.wp.com\/ismaelcolosi.com.br\/wp-content\/uploads\/2025\/10\/carreira-usp-melhores-universidades-1-1200x675.jpg?fit=1200%2C675&ssl=1&resize=525%2C300 1.5x, https:\/\/i0.wp.com\/ismaelcolosi.com.br\/wp-content\/uploads\/2025\/10\/carreira-usp-melhores-universidades-1-1200x675.jpg?fit=1200%2C675&ssl=1&resize=700%2C400 2x, https:\/\/i0.wp.com\/ismaelcolosi.com.br\/wp-content\/uploads\/2025\/10\/carreira-usp-melhores-universidades-1-1200x675.jpg?fit=1200%2C675&ssl=1&resize=1050%2C600 3x"},"classes":[]},{"id":16834,"url":"https:\/\/ismaelcolosi.com.br\/index.php\/2023\/12\/16\/botafogo-contrata-atacante-portugues-tiago-alves\/","url_meta":{"origin":25660,"position":5},"title":"Botafogo contrata atacante portugu\u00eas Tiago Alves\u00a0\u00a0","author":"ismaelcolosi.com.br","date":"16 de December de 2023","format":false,"excerpt":"16 de dezembro de 2023 | 16:0016 de dezembro de 2023 | 12:49 0O Botafogo tem mais um refor\u00e7o para o setor ofensivo. Trata-se do extremo portugu\u00eas Tiago Alves, de 27 anos, revelado nas categorias de base do Sporting (POR) e que atualmente veste a camisa do Montedio Yamagata, do\u2026","rel":"","context":"In &quot;Not\u00edcias de Ribeir\u00e3o Preto-SP e Regi\u00e3o&quot;","block_context":{"text":"Not\u00edcias de Ribeir\u00e3o Preto-SP e Regi\u00e3o","link":"https:\/\/ismaelcolosi.com.br\/index.php\/category\/noticias-de-ribeirao-preto-sp-e-regiao-ismael-colosi\/"},"img":{"alt_text":"","src":"https:\/\/i0.wp.com\/ismaelcolosi.com.br\/wp-content\/uploads\/2023\/12\/Botafogo-2-1-scaled.jpg?fit=957%2C645&ssl=1&resize=350%2C200","width":350,"height":200,"srcset":"https:\/\/i0.wp.com\/ismaelcolosi.com.br\/wp-content\/uploads\/2023\/12\/Botafogo-2-1-scaled.jpg?fit=957%2C645&ssl=1&resize=350%2C200 1x, https:\/\/i0.wp.com\/ismaelcolosi.com.br\/wp-content\/uploads\/2023\/12\/Botafogo-2-1-scaled.jpg?fit=957%2C645&ssl=1&resize=525%2C300 1.5x, https:\/\/i0.wp.com\/ismaelcolosi.com.br\/wp-content\/uploads\/2023\/12\/Botafogo-2-1-scaled.jpg?fit=957%2C645&ssl=1&resize=700%2C400 2x"},"classes":[]}],"jetpack_sharing_enabled":true,"jetpack_shortlink":"https:\/\/wp.me\/pfMlyK-6FS","_links":{"self":[{"href":"https:\/\/ismaelcolosi.com.br\/index.php\/wp-json\/wp\/v2\/posts\/25660","targetHints":{"allow":["GET"]}}],"collection":[{"href":"https:\/\/ismaelcolosi.com.br\/index.php\/wp-json\/wp\/v2\/posts"}],"about":[{"href":"https:\/\/ismaelcolosi.com.br\/index.php\/wp-json\/wp\/v2\/types\/post"}],"author":[{"embeddable":true,"href":"https:\/\/ismaelcolosi.com.br\/index.php\/wp-json\/wp\/v2\/users\/1"}],"replies":[{"embeddable":true,"href":"https:\/\/ismaelcolosi.com.br\/index.php\/wp-json\/wp\/v2\/comments?post=25660"}],"version-history":[{"count":0,"href":"https:\/\/ismaelcolosi.com.br\/index.php\/wp-json\/wp\/v2\/posts\/25660\/revisions"}],"wp:featuredmedia":[{"embeddable":true,"href":"https:\/\/ismaelcolosi.com.br\/index.php\/wp-json\/wp\/v2\/media\/25661"}],"wp:attachment":[{"href":"https:\/\/ismaelcolosi.com.br\/index.php\/wp-json\/wp\/v2\/media?parent=25660"}],"wp:term":[{"taxonomy":"category","embeddable":true,"href":"https:\/\/ismaelcolosi.com.br\/index.php\/wp-json\/wp\/v2\/categories?post=25660"},{"taxonomy":"post_tag","embeddable":true,"href":"https:\/\/ismaelcolosi.com.br\/index.php\/wp-json\/wp\/v2\/tags?post=25660"}],"curies":[{"name":"wp","href":"https:\/\/api.w.org\/{rel}","templated":true}]}}