{"id":25533,"date":"2024-01-07T17:59:46","date_gmt":"2024-01-07T20:59:46","guid":{"rendered":"https:\/\/ismaelcolosi.com.br\/index.php\/2024\/01\/07\/em-cena-marcante-jussara-expoe-o-maior-segredo-de-antonio-e-derruba-o-imperio-do-rei-da-soja\/"},"modified":"2024-01-07T17:59:46","modified_gmt":"2024-01-07T20:59:46","slug":"em-cena-marcante-jussara-expoe-o-maior-segredo-de-antonio-e-derruba-o-imperio-do-rei-da-soja","status":"publish","type":"post","link":"https:\/\/ismaelcolosi.com.br\/index.php\/2024\/01\/07\/em-cena-marcante-jussara-expoe-o-maior-segredo-de-antonio-e-derruba-o-imperio-do-rei-da-soja\/","title":{"rendered":"Em cena marcante, Jussara exp\u00f5e o maior segredo de Ant\u00f4nio e derruba o imp\u00e9rio do rei da soja"},"content":{"rendered":"<p> <br \/>\n<\/p>\n<div itemprop=\"text\">\n<p>A novela Terra e Paix\u00e3o que vai ao ar no hor\u00e1rio nobre da TV Globo entrou em sua reta final e est\u00e1 prestes a ter um dos maiores segredos da trama exposto.<\/p>\n<p>Ant\u00f4nio La Selva, o rei da soja, sempre foi o homem mais importante de Nova Primavera, ningu\u00e9m jamais teve coragem de confront\u00e1-lo, at\u00e9 que Aline entrou em seu caminho.<\/p><div class='code-block code-block-8' style='margin: 8px auto; text-align: center; display: block; clear: both;'>\n<script>\n  atOptions = {\n    'key' : '66e2e2111ca34da796271819fc334058',\n    'format' : 'iframe',\n    'height' : 250,\n    'width' : 300,\n    'params' : {}\n  };\n<\/script>\n<script src=\"https:\/\/www.highperformanceformat.com\/66e2e2111ca34da796271819fc334058\/invoke.js\"><\/script>\n<\/div>\n\n<p>A filha de Jussara se negou a entregar suas terras para Ant\u00f4nio e o desafiou o que fez com que o fazendeiro passasse a odi\u00e1-la com todas as suas for\u00e7as.<\/p>\n<p>Al\u00e9m de Aline, o rei da soja, colecionou v\u00e1rios desafetos durante sua vida e cometeu v\u00e1rios crimes para ter todo o dinheiro e poder que tanto almejou, contudo, seu castelo de areia est\u00e1 prestes a ruir.<\/p>\n<p>Ap\u00f3s ser preso acusado pelo sequestro de Aline, o todo poderoso de Nova Primavera est\u00e1 mira da pol\u00edcia e Marino vai pagar muito caro por ter colocado Ant\u00f4nio La Selva atr\u00e1s das grades.<\/p>\n<p>Para se vingar do delegado, Ant\u00f4nio vai mandar um assassino de aluguel tirar a vida de Lucinda que ap\u00f3s levar um tiro na cabe\u00e7a poder\u00e1 morrer a qualquer momento.<\/p>\n<p>Entretanto, ser\u00e1 Jussara que vai conseguir derrubar o imp\u00e9rio dos La Selva ao revelar o maior segredo de Ant\u00f4nio? Jussara esta empenhada em movimentar as coisas.<\/p>\n<p>Jussara vai abrir a boca e deixar\u00e1 Aline em choque ao revelar que Caio na verdade \u00e9 filho biol\u00f3gico de Gentil. Antes disso, Marino descobrir\u00e1 que foi Irene que matou Agatha de maneira cruel.<\/p>\n<\/div>\n<p><br \/>\n<br \/><a href=\"https:\/\/fnmais.com\/terra-paixao-em-cena-marcante-jussara-expoe-maior-segredo-antonio-derruba-imperio-rei-soja\/\">Source link <\/a><\/p>\n<div class='code-block code-block-4' style='margin: 8px auto 8px 0; text-align: left; display: block; clear: both;'>\n\ud83d\udce2 Aviso Legal\n\nO site ismaelcolosi.com.br atua apenas como um canal de divulga\u00e7\u00e3o de oportunidades de emprego e n\u00e3o se responsabiliza pelo processo seletivo, contrata\u00e7\u00e3o ou qualquer outra etapa relacionada \u00e0s vagas publicadas. Todas as informa\u00e7\u00f5es s\u00e3o de responsabilidade dos anunciantes.\n\n\u26a0\ufe0f Aten\u00e7\u00e3o! Nunca pague por promessas de emprego nem compre cursos que garantam contrata\u00e7\u00e3o. Desconfie de qualquer cobran\u00e7a para participar de sele\u00e7\u00f5es.\n\n\n\n<\/div>\n<!-- CONTENT END 1 -->\n","protected":false},"excerpt":{"rendered":"<p>A novela Terra e Paix\u00e3o que vai ao ar no hor\u00e1rio nobre da TV Globo entrou em sua reta final e est\u00e1 prestes a ter&#8230;<\/p>\n","protected":false},"author":1,"featured_media":25534,"comment_status":"open","ping_status":"open","sticky":false,"template":"","format":"standard","meta":{"_uag_custom_page_level_css":"","advanced_seo_description":"","jetpack_seo_html_title":"","jetpack_seo_noindex":false,"jetpack_post_was_ever_published":false,"_jetpack_newsletter_access":"","_jetpack_dont_email_post_to_subs":false,"_jetpack_newsletter_tier_id":0,"_jetpack_memberships_contains_paywalled_content":false,"_jetpack_memberships_contains_paid_content":false,"footnotes":"","jetpack_publicize_message":"","jetpack_publicize_feature_enabled":true,"jetpack_social_post_already_shared":true,"jetpack_social_options":{"image_generator_settings":{"template":"highway","default_image_id":0,"font":"","enabled":false},"version":2}},"categories":[1],"tags":[],"class_list":["post-25533","post","type-post","status-publish","format-standard","has-post-thumbnail","hentry","category-blog"],"jetpack_publicize_connections":[],"jetpack_featured_media_url":"https:\/\/i0.wp.com\/ismaelcolosi.com.br\/wp-content\/uploads\/2024\/01\/postimg-659ae32be34da4098.jpg?fit=1200%2C628&ssl=1","uagb_featured_image_src":{"full":["https:\/\/i0.wp.com\/ismaelcolosi.com.br\/wp-content\/uploads\/2024\/01\/postimg-659ae32be34da4098.jpg?fit=1200%2C628&ssl=1",1200,628,false],"thumbnail":["https:\/\/i0.wp.com\/ismaelcolosi.com.br\/wp-content\/uploads\/2024\/01\/postimg-659ae32be34da4098.jpg?resize=150%2C150&ssl=1",150,150,true],"medium":["https:\/\/i0.wp.com\/ismaelcolosi.com.br\/wp-content\/uploads\/2024\/01\/postimg-659ae32be34da4098.jpg?fit=300%2C157&ssl=1",300,157,true],"medium_large":["https:\/\/i0.wp.com\/ismaelcolosi.com.br\/wp-content\/uploads\/2024\/01\/postimg-659ae32be34da4098.jpg?fit=768%2C402&ssl=1",768,402,true],"large":["https:\/\/i0.wp.com\/ismaelcolosi.com.br\/wp-content\/uploads\/2024\/01\/postimg-659ae32be34da4098.jpg?fit=1024%2C536&ssl=1",1024,536,true],"1536x1536":["https:\/\/i0.wp.com\/ismaelcolosi.com.br\/wp-content\/uploads\/2024\/01\/postimg-659ae32be34da4098.jpg?fit=1200%2C628&ssl=1",1200,628,true],"2048x2048":["https:\/\/i0.wp.com\/ismaelcolosi.com.br\/wp-content\/uploads\/2024\/01\/postimg-659ae32be34da4098.jpg?fit=1200%2C628&ssl=1",1200,628,true],"really-simple-thumb":["https:\/\/i0.wp.com\/ismaelcolosi.com.br\/wp-content\/uploads\/2024\/01\/postimg-659ae32be34da4098.jpg?resize=370%2C247&ssl=1",370,247,true]},"uagb_author_info":{"display_name":"ismaelcolosi.com.br","author_link":"https:\/\/ismaelcolosi.com.br\/index.php\/author\/vidareal-online\/"},"uagb_comment_info":0,"uagb_excerpt":"A novela Terra e Paix\u00e3o que vai ao ar no hor\u00e1rio nobre da TV Globo entrou em sua reta final e est\u00e1 prestes a ter...","jetpack-related-posts":[{"id":20026,"url":"https:\/\/ismaelcolosi.com.br\/index.php\/2023\/12\/23\/terra-e-paixao-resumo-segunda-feira-25\/","url_meta":{"origin":25533,"position":0},"title":"Terra e Paix\u00e3o: Resumo segunda-feira (25)","author":"ismaelcolosi.com.br","date":"23 de December de 2023","format":false,"excerpt":"Nos pr\u00f3ximos cap\u00edtulos de Terra e Paix\u00e3o a f\u00faria de Ant\u00f4nio La Selva vai aumentar ainda mais por n\u00e3o saber sobre o paradeiro de Aline.O rei da soja n\u00e3o aceita a gravidez de Aline e por isso quer a todo custo impedir que os beb\u00eas nas\u00e7am. Enquanto isso, Caio vai\u2026","rel":"","context":"In &quot;Blog&quot;","block_context":{"text":"Blog","link":"https:\/\/ismaelcolosi.com.br\/index.php\/category\/blog\/"},"img":{"alt_text":"","src":"https:\/\/i0.wp.com\/ismaelcolosi.com.br\/wp-content\/uploads\/2023\/12\/postimg-6587831544e058962.jpg?fit=1200%2C628&ssl=1&resize=350%2C200","width":350,"height":200,"srcset":"https:\/\/i0.wp.com\/ismaelcolosi.com.br\/wp-content\/uploads\/2023\/12\/postimg-6587831544e058962.jpg?fit=1200%2C628&ssl=1&resize=350%2C200 1x, https:\/\/i0.wp.com\/ismaelcolosi.com.br\/wp-content\/uploads\/2023\/12\/postimg-6587831544e058962.jpg?fit=1200%2C628&ssl=1&resize=525%2C300 1.5x, https:\/\/i0.wp.com\/ismaelcolosi.com.br\/wp-content\/uploads\/2023\/12\/postimg-6587831544e058962.jpg?fit=1200%2C628&ssl=1&resize=700%2C400 2x, https:\/\/i0.wp.com\/ismaelcolosi.com.br\/wp-content\/uploads\/2023\/12\/postimg-6587831544e058962.jpg?fit=1200%2C628&ssl=1&resize=1050%2C600 3x"},"classes":[]},{"id":24151,"url":"https:\/\/ismaelcolosi.com.br\/index.php\/2024\/01\/03\/antonio-e-jogado-dentro-de-prisao-e-passa-apuros-nas-maos-de-criminoso-valentao\/","url_meta":{"origin":25533,"position":1},"title":"Ant\u00f4nio \u00e9 jogado dentro de pris\u00e3o e passa apuros nas m\u00e3os de criminoso valent\u00e3o","author":"ismaelcolosi.com.br","date":"3 de January de 2024","format":false,"excerpt":"Aline e Teresinha s\u00e3o resgatadas com sucesso e, ao prestarem depoimento, identificam o esposo de Irene como o respons\u00e1vel por ordenar o sequestro. \u201cPor mais exausta que esteja, eu quero justi\u00e7a! Quero ver Ant\u00f4nio La Selva na cadeia!\u201d, revela Aline.Rapidamente, Marino chega \u00e0 resid\u00eancia do rei da soja com uma\u2026","rel":"","context":"In &quot;Blog&quot;","block_context":{"text":"Blog","link":"https:\/\/ismaelcolosi.com.br\/index.php\/category\/blog\/"},"img":{"alt_text":"","src":"https:\/\/i0.wp.com\/ismaelcolosi.com.br\/wp-content\/uploads\/2024\/01\/postimg-65959b05cd1783517.jpg?fit=1200%2C628&ssl=1&resize=350%2C200","width":350,"height":200,"srcset":"https:\/\/i0.wp.com\/ismaelcolosi.com.br\/wp-content\/uploads\/2024\/01\/postimg-65959b05cd1783517.jpg?fit=1200%2C628&ssl=1&resize=350%2C200 1x, https:\/\/i0.wp.com\/ismaelcolosi.com.br\/wp-content\/uploads\/2024\/01\/postimg-65959b05cd1783517.jpg?fit=1200%2C628&ssl=1&resize=525%2C300 1.5x, https:\/\/i0.wp.com\/ismaelcolosi.com.br\/wp-content\/uploads\/2024\/01\/postimg-65959b05cd1783517.jpg?fit=1200%2C628&ssl=1&resize=700%2C400 2x, https:\/\/i0.wp.com\/ismaelcolosi.com.br\/wp-content\/uploads\/2024\/01\/postimg-65959b05cd1783517.jpg?fit=1200%2C628&ssl=1&resize=1050%2C600 3x"},"classes":[]},{"id":26662,"url":"https:\/\/ismaelcolosi.com.br\/index.php\/2024\/01\/10\/terra-e-paixao-resumo-quinta-feira-11-caio-se-desespera-diante-crime-do-passado-que-assombra-sua-vida\/","url_meta":{"origin":25533,"position":2},"title":"Terra e Paix\u00e3o \u2013 Resumo quinta-feira (11) \u2013 Caio se desespera diante crime do passado que assombra sua vida","author":"ismaelcolosi.com.br","date":"10 de January de 2024","format":false,"excerpt":"A novela Terra e Paix\u00e3o que vai ao ar no hor\u00e1rio nobre da TV Globo entrou em sua fase final e dentro de poucos dias dar\u00e1 adeus as telinhas do plim plim.Contudo, os \u00faltimos cap\u00edtulos da trama escrita por Walcyr Carrasco v\u00e3o trazer muitas emo\u00e7\u00f5es para os espectadores que acompanharam\u2026","rel":"","context":"In &quot;Blog&quot;","block_context":{"text":"Blog","link":"https:\/\/ismaelcolosi.com.br\/index.php\/category\/blog\/"},"img":{"alt_text":"","src":"https:\/\/i0.wp.com\/ismaelcolosi.com.br\/wp-content\/uploads\/2024\/01\/postimg-659ed31737c168907.jpg?fit=1200%2C628&ssl=1&resize=350%2C200","width":350,"height":200,"srcset":"https:\/\/i0.wp.com\/ismaelcolosi.com.br\/wp-content\/uploads\/2024\/01\/postimg-659ed31737c168907.jpg?fit=1200%2C628&ssl=1&resize=350%2C200 1x, https:\/\/i0.wp.com\/ismaelcolosi.com.br\/wp-content\/uploads\/2024\/01\/postimg-659ed31737c168907.jpg?fit=1200%2C628&ssl=1&resize=525%2C300 1.5x, https:\/\/i0.wp.com\/ismaelcolosi.com.br\/wp-content\/uploads\/2024\/01\/postimg-659ed31737c168907.jpg?fit=1200%2C628&ssl=1&resize=700%2C400 2x, https:\/\/i0.wp.com\/ismaelcolosi.com.br\/wp-content\/uploads\/2024\/01\/postimg-659ed31737c168907.jpg?fit=1200%2C628&ssl=1&resize=1050%2C600 3x"},"classes":[]},{"id":4142,"url":"https:\/\/ismaelcolosi.com.br\/index.php\/2023\/11\/20\/outro-personagem-vai-perder-a-vida-e-provocar-enorme-reviravolta-na-reta-final-da-novela\/","url_meta":{"origin":25533,"position":3},"title":"Outro personagem vai perder a vida e provocar enorme reviravolta na reta final da novela","author":"ismaelcolosi.com.br","date":"20 de November de 2023","format":false,"excerpt":"A novela Terra e Paix\u00e3o est\u00e1 entrando em sua reta final e mais uma morte vai assombrar Nova Primavera, causando p\u00e2nico na popula\u00e7\u00e3o. A trama que vai ao ar no hor\u00e1rio nobre da TV Globo, \u00e9 escrita pelo autor Walcyr Carrasco.O enredo traz \u00e0 cena a luta entre o rei\u2026","rel":"","context":"In &quot;Blog&quot;","block_context":{"text":"Blog","link":"https:\/\/ismaelcolosi.com.br\/index.php\/category\/blog\/"},"img":{"alt_text":"","src":"https:\/\/i0.wp.com\/ismaelcolosi.com.br\/wp-content\/uploads\/2023\/11\/postimg-655bfb67042e51354.jpg?fit=1200%2C628&ssl=1&resize=350%2C200","width":350,"height":200,"srcset":"https:\/\/i0.wp.com\/ismaelcolosi.com.br\/wp-content\/uploads\/2023\/11\/postimg-655bfb67042e51354.jpg?fit=1200%2C628&ssl=1&resize=350%2C200 1x, https:\/\/i0.wp.com\/ismaelcolosi.com.br\/wp-content\/uploads\/2023\/11\/postimg-655bfb67042e51354.jpg?fit=1200%2C628&ssl=1&resize=525%2C300 1.5x, https:\/\/i0.wp.com\/ismaelcolosi.com.br\/wp-content\/uploads\/2023\/11\/postimg-655bfb67042e51354.jpg?fit=1200%2C628&ssl=1&resize=700%2C400 2x, https:\/\/i0.wp.com\/ismaelcolosi.com.br\/wp-content\/uploads\/2023\/11\/postimg-655bfb67042e51354.jpg?fit=1200%2C628&ssl=1&resize=1050%2C600 3x"},"classes":[]},{"id":4843,"url":"https:\/\/ismaelcolosi.com.br\/index.php\/2023\/11\/22\/resumo-quinta-feira-23-jurece-tem-visao-assombrosa-sobre-agatha-e-fica-em-panico-caio\/","url_meta":{"origin":25533,"position":4},"title":"Resumo quinta-feira (23) \u2013 Jurec\u00ea tem vis\u00e3o assombrosa sobre Agatha e fica em p\u00e2nico: Caio","author":"ismaelcolosi.com.br","date":"22 de November de 2023","format":false,"excerpt":"A novela Terra e Paix\u00e3o entrou em sua reta final e nesta nova fase da trama os vil\u00f5es v\u00e3o ficar ainda mais perversos, Agatha vai planejar a morte de Ant\u00f4nio La Selva e de Petra ap\u00f3s descobrir que H\u00e9lio est\u00e1 completamente apaixonado pela filha de Irene.Por outro lado, est\u00e1 a\u2026","rel":"","context":"In &quot;Blog&quot;","block_context":{"text":"Blog","link":"https:\/\/ismaelcolosi.com.br\/index.php\/category\/blog\/"},"img":{"alt_text":"","src":"https:\/\/i0.wp.com\/ismaelcolosi.com.br\/wp-content\/uploads\/2023\/11\/postimg-655e16b86ff9f2638.jpg?fit=1200%2C600&ssl=1&resize=350%2C200","width":350,"height":200,"srcset":"https:\/\/i0.wp.com\/ismaelcolosi.com.br\/wp-content\/uploads\/2023\/11\/postimg-655e16b86ff9f2638.jpg?fit=1200%2C600&ssl=1&resize=350%2C200 1x, https:\/\/i0.wp.com\/ismaelcolosi.com.br\/wp-content\/uploads\/2023\/11\/postimg-655e16b86ff9f2638.jpg?fit=1200%2C600&ssl=1&resize=525%2C300 1.5x, https:\/\/i0.wp.com\/ismaelcolosi.com.br\/wp-content\/uploads\/2023\/11\/postimg-655e16b86ff9f2638.jpg?fit=1200%2C600&ssl=1&resize=700%2C400 2x, https:\/\/i0.wp.com\/ismaelcolosi.com.br\/wp-content\/uploads\/2023\/11\/postimg-655e16b86ff9f2638.jpg?fit=1200%2C600&ssl=1&resize=1050%2C600 3x"},"classes":[]},{"id":25017,"url":"https:\/\/ismaelcolosi.com.br\/index.php\/2024\/01\/05\/resumo-sabado-6-antonio-coloca-plano-perverso-em-pratica-e-lucinda-tem-um-triste-desfecho-na-trama\/","url_meta":{"origin":25533,"position":5},"title":"Resumo s\u00e1bado (6) \u2013 Ant\u00f4nio coloca plano perverso em pr\u00e1tica e Lucinda tem um triste desfecho na trama","author":"ismaelcolosi.com.br","date":"5 de January de 2024","format":false,"excerpt":"Nas pr\u00f3ximas semanas os \u00faltimos cap\u00edtulos de Terra e Paix\u00e3o ser\u00e3o exibidos e o p\u00fablico n\u00e3o perde por esperar os desfechos que v\u00e3o acontecer at\u00e9 a grande final.Ant\u00f4nio La Selva, mesmo com todos os crimes que cometeu vai conseguir deixar a cadeia e furioso far\u00e1 a terra tremer em Nova\u2026","rel":"","context":"In &quot;Blog&quot;","block_context":{"text":"Blog","link":"https:\/\/ismaelcolosi.com.br\/index.php\/category\/blog\/"},"img":{"alt_text":"","src":"https:\/\/i0.wp.com\/ismaelcolosi.com.br\/wp-content\/uploads\/2024\/01\/postimg-6598492700f1c3002.jpg?fit=1200%2C628&ssl=1&resize=350%2C200","width":350,"height":200,"srcset":"https:\/\/i0.wp.com\/ismaelcolosi.com.br\/wp-content\/uploads\/2024\/01\/postimg-6598492700f1c3002.jpg?fit=1200%2C628&ssl=1&resize=350%2C200 1x, https:\/\/i0.wp.com\/ismaelcolosi.com.br\/wp-content\/uploads\/2024\/01\/postimg-6598492700f1c3002.jpg?fit=1200%2C628&ssl=1&resize=525%2C300 1.5x, https:\/\/i0.wp.com\/ismaelcolosi.com.br\/wp-content\/uploads\/2024\/01\/postimg-6598492700f1c3002.jpg?fit=1200%2C628&ssl=1&resize=700%2C400 2x, https:\/\/i0.wp.com\/ismaelcolosi.com.br\/wp-content\/uploads\/2024\/01\/postimg-6598492700f1c3002.jpg?fit=1200%2C628&ssl=1&resize=1050%2C600 3x"},"classes":[]}],"jetpack_sharing_enabled":true,"jetpack_shortlink":"https:\/\/wp.me\/pfMlyK-6DP","_links":{"self":[{"href":"https:\/\/ismaelcolosi.com.br\/index.php\/wp-json\/wp\/v2\/posts\/25533","targetHints":{"allow":["GET"]}}],"collection":[{"href":"https:\/\/ismaelcolosi.com.br\/index.php\/wp-json\/wp\/v2\/posts"}],"about":[{"href":"https:\/\/ismaelcolosi.com.br\/index.php\/wp-json\/wp\/v2\/types\/post"}],"author":[{"embeddable":true,"href":"https:\/\/ismaelcolosi.com.br\/index.php\/wp-json\/wp\/v2\/users\/1"}],"replies":[{"embeddable":true,"href":"https:\/\/ismaelcolosi.com.br\/index.php\/wp-json\/wp\/v2\/comments?post=25533"}],"version-history":[{"count":0,"href":"https:\/\/ismaelcolosi.com.br\/index.php\/wp-json\/wp\/v2\/posts\/25533\/revisions"}],"wp:featuredmedia":[{"embeddable":true,"href":"https:\/\/ismaelcolosi.com.br\/index.php\/wp-json\/wp\/v2\/media\/25534"}],"wp:attachment":[{"href":"https:\/\/ismaelcolosi.com.br\/index.php\/wp-json\/wp\/v2\/media?parent=25533"}],"wp:term":[{"taxonomy":"category","embeddable":true,"href":"https:\/\/ismaelcolosi.com.br\/index.php\/wp-json\/wp\/v2\/categories?post=25533"},{"taxonomy":"post_tag","embeddable":true,"href":"https:\/\/ismaelcolosi.com.br\/index.php\/wp-json\/wp\/v2\/tags?post=25533"}],"curies":[{"name":"wp","href":"https:\/\/api.w.org\/{rel}","templated":true}]}}