{"id":25340,"date":"2024-01-06T21:02:07","date_gmt":"2024-01-07T00:02:07","guid":{"rendered":"https:\/\/ismaelcolosi.com.br\/index.php\/2024\/01\/06\/hotel-brasil-tera-novo-leilao\/"},"modified":"2024-01-06T21:02:07","modified_gmt":"2024-01-07T00:02:07","slug":"hotel-brasil-tera-novo-leilao","status":"publish","type":"post","link":"https:\/\/ismaelcolosi.com.br\/index.php\/2024\/01\/06\/hotel-brasil-tera-novo-leilao\/","title":{"rendered":"Hotel Brasil ter\u00e1 novo leil\u00e3o\u00a0\u00a0"},"content":{"rendered":"<p> <br \/>\n<\/p>\n<div id=\"\">\n<p> <span class=\"entry-meta-item penci-posted-on\"><i class=\"fa fa-clock-o\"\/><time class=\"entry-date published\" datetime=\"2024-01-06T14:00:24-03:00\">6 de janeiro de 2024 | 14:00<\/time><time class=\"updated\" datetime=\"2024-01-06T12:07:30-03:00\">6 de janeiro de 2024 | 12:07<\/time><\/span><\/p>\n<p> <span class=\"penci-social-buttons penci-social-share-footer\"><a href=\"#\" class=\"penci-post-like penci_post-meta_item  single-like-button penci-social-item like\" data-post_id=\"369502\" title=\"Like\" data-like=\"Like\" data-unlike=\"Unlike\"><i class=\"fa fa-thumbs-o-up\"\/><span class=\"penci-share-number\">0<\/span><\/a><i class=\"fa fa-facebook\"\/><a class=\"penci-social-item twitter\" target=\"_blank\" rel=\"noopener\" title=\"\" href=\"https:\/\/twitter.com\/intent\/tweet?text=Hotel%20Brasil%20ter\u00e1%20novo%20leil\u00e3o\u00a0\u00a0%20-%20https:\/\/www.tribunaribeirao.com.br\/site\/hotel-brasil-tera-novo-leilao\/\"><i class=\"fa fa-twitter\"\/><\/a><i class=\"fa fa-whatsapp\"\/><\/span><\/div>\n<div>\n<p><span data-contrast=\"auto\">O pr\u00e9dio do antigo Hotel Brasil, localizado na Avenida Jer\u00f4nimo Gon\u00e7alves esquina com a Rua General Os\u00f3rio, na regi\u00e3o central de Ribeir\u00e3o Preto, ir\u00e1 a leil\u00e3o pela terceira, no dia 23 de janeiro. Nas duas primeiras tentativas, realizadas no ano passado, n\u00e3o houve interessados na aquisi\u00e7\u00e3o do im\u00f3vel.<\/span><span data-ccp-props=\"{&quot;201341983&quot;:0,&quot;335559739&quot;:0,&quot;335559740&quot;:240}\">\u00a0<\/span><\/p><div class='code-block code-block-8' style='margin: 8px auto; text-align: center; display: block; clear: both;'>\n<script>\n  atOptions = {\n    'key' : '66e2e2111ca34da796271819fc334058',\n    'format' : 'iframe',\n    'height' : 250,\n    'width' : 300,\n    'params' : {}\n  };\n<\/script>\n<script src=\"https:\/\/www.highperformanceformat.com\/66e2e2111ca34da796271819fc334058\/invoke.js\"><\/script>\n<\/div>\n\n<p><span data-contrast=\"auto\">Constru\u00eddo em 1921, o antigo Hotel Brasil fez parte da hist\u00f3ria de fam\u00edlias importantes para Ribeir\u00e3o Preto. O projeto inicial de constru\u00e7\u00e3o do im\u00f3vel \u00e9 de Vicente Viccari com a colabora\u00e7\u00e3o do engenheiro Ant\u00f4nio Soares Romeo. Com o falecimento de Viccari o pr\u00e9dio do hotel foi passado em heran\u00e7a para sua filha, casada com Pedro Moschini que permutou o pr\u00e9dio com Pedro Biagi, em troca de tr\u00eas im\u00f3veis da Vila Am\u00e9lia e uma ch\u00e1cara.\u00a0<\/span><span data-ccp-props=\"{&quot;201341983&quot;:0,&quot;335559739&quot;:0,&quot;335559740&quot;:240}\">\u00a0<\/span><\/p>\n<p><span data-contrast=\"auto\">Ficou conhecido por ter hospedado autoridades pol\u00edticas e times de futebol como o Boca Juniors e River Plate, da Argentina, e Vasco da Gama entre os anos 1930 e 1955 \u2013 de acordo com informa\u00e7\u00f5es do Arquivo Hist\u00f3rico Municipal. No final da d\u00e9cada de 1980 o pr\u00e9dio do hotel foi vendido para o empres\u00e1rio Maur\u00edcio Marcondes de Oliveira.<\/span><span data-ccp-props=\"{&quot;201341983&quot;:0,&quot;335559739&quot;:0,&quot;335559740&quot;:240}\">\u00a0<\/span><\/p>\n<p><span data-contrast=\"auto\">Abandonado h\u00e1 trinta anos, o im\u00f3vel foi tombado pelo Conselho Municipal de Preserva\u00e7\u00e3o do Patrim\u00f4nio Cultural (Conppac) em agosto de 1991. Atualmente, a estrutura apresenta portas e janelas quebradas, al\u00e9m do teto danificado.\u00a0<\/span><span data-ccp-props=\"{&quot;201341983&quot;:0,&quot;335559739&quot;:0,&quot;335559740&quot;:240}\">\u00a0<\/span><\/p>\n<p><span data-contrast=\"auto\">De acordo com advogado Lucas Gabriel Pereira, presidente do Conselho de Preserva\u00e7\u00e3o do Patrim\u00f4nio Cultural (Conppac), desde a desativa\u00e7\u00e3o do hotel foram realizadas v\u00e1rias tentativas para a ocupa\u00e7\u00e3o do espa\u00e7o. Entretanto, nenhuma delas deu resultado.\u00a0<\/span><span data-ccp-props=\"{&quot;201341983&quot;:0,&quot;335559739&quot;:0,&quot;335559740&quot;:240}\">\u00a0<\/span><\/p>\n<p><span data-ccp-props=\"{&quot;201341983&quot;:0,&quot;335559739&quot;:0,&quot;335559740&quot;:240}\">\u00a0<\/span><span data-contrast=\"auto\">A mais recente, segundo ele, aconteceu em 2010, quando a prefeitura de Ribeir\u00e3o Preto tentou realizar uma permuta com os propriet\u00e1rios e instalar um centro cultural no local. \u201cAquele que vier a arrematar esse im\u00f3vel no leil\u00e3o ter\u00e1 que seguir todos os requisitos para poder fazer o restauro\u201d, explicou o presidente do Conpacc.<\/span><span data-ccp-props=\"{&quot;201341983&quot;:0,&quot;335559739&quot;:0,&quot;335559740&quot;:240}\">\u00a0<\/span><\/p>\n<p><span data-contrast=\"auto\">O leil\u00e3o do im\u00f3vel foi determinado pela Vara da Fazenda P\u00fablica e Autarquias Estaduais da Comarca de Juiz de Fora, Minas Gerais, e tem como objetivo o pagamento de d\u00edvidas tribut\u00e1rias do Grupo Maur\u00edcio Marcondes e da DrogaVida, pertencente ao empres\u00e1rio, falecido em 20 de fevereiro de 2016.\u00a0<\/span><span data-ccp-props=\"{&quot;201341983&quot;:0,&quot;335559739&quot;:0,&quot;335559740&quot;:240}\">\u00a0<\/span><\/p>\n<p><span data-contrast=\"auto\">O Grupo \u00e9 propriet\u00e1rio do Drog\u00e3o Super uma rede composta por mais de 70 drogarias espalhadas por todo interior de S\u00e3o Paulo, em cidades como Franca, Campinas, Araraquara, Santos, al\u00e9m de Ribeir\u00e3o Preto e lojas em outros estados.\u00a0<\/span><span data-ccp-props=\"{&quot;201341983&quot;:0,&quot;335559739&quot;:0,&quot;335559740&quot;:240}\">\u00a0<\/span><\/p>\n<p><span data-contrast=\"auto\">O leil\u00e3o do Hotel faz parte de um lote de cinco im\u00f3veis do grupo que dever\u00e3o ser leiloados no dia 23 de janeiro. Quatro im\u00f3veis ficam na regi\u00e3o central da cidade e um deles na Avenida Nove de Julho, na zona Sul. No total eles est\u00e3o avaliados em R$ 23,452.992,34 milh\u00f5es. Na terceira tentativa de comercializar os im\u00f3veis, o lance m\u00ednimo inicial ser\u00e1 de 50% do valor deles. O que no caso do Hotel Brasil significa R$ 4.730.534,18.<\/span><span data-ccp-props=\"{&quot;201341983&quot;:0,&quot;335559739&quot;:0,&quot;335559740&quot;:240}\">\u00a0<\/span><\/p>\n<p><span data-contrast=\"auto\">Os leil\u00f5es ser\u00e3o virtuais e para participar os interessados devem fazer um cadastro no site da empresa leiloeira, a Sandra Leil\u00f5es, da cidade mineira de Visconde do Rio Branco. A cadastro servir\u00e1 para analisar se os candidatos preenchem todos os requisitos exigidos nos editais do leil\u00e3o A empresa presta servi\u00e7o para o Tribunal de Justi\u00e7a do Estado de Minas Gerais (TJ\/MG). O endere\u00e7o \u00e9 sandrasantosleil\u00f5es.com.br.<\/span><span data-ccp-props=\"{&quot;201341983&quot;:0,&quot;335559739&quot;:0,&quot;335559740&quot;:240}\">\u00a0<\/span><\/p>\n<p><span data-ccp-props=\"{&quot;201341983&quot;:0,&quot;335559739&quot;:0,&quot;335559740&quot;:240}\">\u00a0<\/span><\/p>\n<p><span data-contrast=\"auto\">.<\/span><span data-ccp-props=\"{&quot;201341983&quot;:0,&quot;335559739&quot;:0,&quot;335559740&quot;:240}\">\u00a0<\/span><\/p>\n<p><span data-ccp-props=\"{&quot;201341983&quot;:0,&quot;335559739&quot;:0,&quot;335559740&quot;:240}\">\u00a0<\/span><\/p>\n<\/div>\n<p><script async src=\"\/\/platform.twitter.com\/widgets.js\" charset=\"utf-8\"><\/script><br \/>\n<br \/><br \/>\n<br \/><a href=\"https:\/\/www.tribunaribeirao.com.br\/site\/hotel-brasil-tera-novo-leilao\/\">Source link <\/a><\/p>\n<div class='code-block code-block-4' style='margin: 8px auto 8px 0; text-align: left; display: block; clear: both;'>\n\ud83d\udce2 Aviso Legal\n\nO site ismaelcolosi.com.br atua apenas como um canal de divulga\u00e7\u00e3o de oportunidades de emprego e n\u00e3o se responsabiliza pelo processo seletivo, contrata\u00e7\u00e3o ou qualquer outra etapa relacionada \u00e0s vagas publicadas. Todas as informa\u00e7\u00f5es s\u00e3o de responsabilidade dos anunciantes.\n\n\u26a0\ufe0f Aten\u00e7\u00e3o! Nunca pague por promessas de emprego nem compre cursos que garantam contrata\u00e7\u00e3o. Desconfie de qualquer cobran\u00e7a para participar de sele\u00e7\u00f5es.\n\n\n<div data-type=\"_mgwidget\" data-widget-id=\"2000896\">\n<\/div>\n<script>(function(w,q){w[q]=w[q]||[];w[q].push([\"_mgc.load\"])})(window,\"_mgq\");\n<\/script>\n<\/div>\n<!-- CONTENT END 1 -->\n","protected":false},"excerpt":{"rendered":"<p>6 de janeiro de 2024 | 14:006 de janeiro de 2024 | 12:07 0 O pr\u00e9dio do antigo Hotel Brasil, localizado na Avenida Jer\u00f4nimo Gon\u00e7alves&#8230;<\/p>\n","protected":false},"author":1,"featured_media":25341,"comment_status":"open","ping_status":"open","sticky":false,"template":"","format":"standard","meta":{"_uag_custom_page_level_css":"","jetpack_post_was_ever_published":false,"_jetpack_newsletter_access":"","_jetpack_dont_email_post_to_subs":false,"_jetpack_newsletter_tier_id":0,"_jetpack_memberships_contains_paywalled_content":false,"_jetpack_memberships_contains_paid_content":false,"footnotes":"","jetpack_publicize_message":"","jetpack_publicize_feature_enabled":true,"jetpack_social_post_already_shared":true,"jetpack_social_options":{"image_generator_settings":{"template":"highway","default_image_id":0,"font":"","enabled":false},"version":2}},"categories":[11],"tags":[137,423,530,381,679],"class_list":["post-25340","post","type-post","status-publish","format-standard","has-post-thumbnail","hentry","category-noticias-de-ribeirao-preto-sp-e-regiao-ismael-colosi","tag-brasil","tag-hotel","tag-leilao","tag-novo","tag-tera"],"aioseo_notices":[],"jetpack_publicize_connections":[],"jetpack_featured_media_url":"https:\/\/i0.wp.com\/ismaelcolosi.com.br\/wp-content\/uploads\/2024\/01\/1-Hotel-Brasil.jpeg?fit=960%2C640&ssl=1","uagb_featured_image_src":{"full":["https:\/\/i0.wp.com\/ismaelcolosi.com.br\/wp-content\/uploads\/2024\/01\/1-Hotel-Brasil.jpeg?fit=960%2C640&ssl=1",960,640,false],"thumbnail":["https:\/\/i0.wp.com\/ismaelcolosi.com.br\/wp-content\/uploads\/2024\/01\/1-Hotel-Brasil.jpeg?resize=150%2C150&ssl=1",150,150,true],"medium":["https:\/\/i0.wp.com\/ismaelcolosi.com.br\/wp-content\/uploads\/2024\/01\/1-Hotel-Brasil.jpeg?fit=300%2C200&ssl=1",300,200,true],"medium_large":["https:\/\/i0.wp.com\/ismaelcolosi.com.br\/wp-content\/uploads\/2024\/01\/1-Hotel-Brasil.jpeg?fit=768%2C512&ssl=1",768,512,true],"large":["https:\/\/i0.wp.com\/ismaelcolosi.com.br\/wp-content\/uploads\/2024\/01\/1-Hotel-Brasil.jpeg?fit=960%2C640&ssl=1",960,640,true],"1536x1536":["https:\/\/i0.wp.com\/ismaelcolosi.com.br\/wp-content\/uploads\/2024\/01\/1-Hotel-Brasil.jpeg?fit=960%2C640&ssl=1",960,640,true],"2048x2048":["https:\/\/i0.wp.com\/ismaelcolosi.com.br\/wp-content\/uploads\/2024\/01\/1-Hotel-Brasil.jpeg?fit=960%2C640&ssl=1",960,640,true],"really-simple-thumb":["https:\/\/i0.wp.com\/ismaelcolosi.com.br\/wp-content\/uploads\/2024\/01\/1-Hotel-Brasil.jpeg?resize=370%2C247&ssl=1",370,247,true]},"uagb_author_info":{"display_name":"ismaelcolosi.com.br","author_link":"https:\/\/ismaelcolosi.com.br\/index.php\/author\/vidareal-online\/"},"uagb_comment_info":0,"uagb_excerpt":"6 de janeiro de 2024 | 14:006 de janeiro de 2024 | 12:07 0 O pr\u00e9dio do antigo Hotel Brasil, localizado na Avenida Jer\u00f4nimo Gon\u00e7alves...","jetpack-related-posts":[{"id":28854,"url":"https:\/\/ismaelcolosi.com.br\/index.php\/2024\/01\/16\/receita-realiza-leilao-em-ribeirao-preto\/","url_meta":{"origin":25340,"position":0},"title":"Receita realiza leil\u00e3o em Ribeir\u00e3o Preto","author":"ismaelcolosi.com.br","date":"16 de January de 2024","format":false,"excerpt":"Novo leil\u00e3o da Receita Federal ter\u00e1 smartphones, smartwatches, notebooks e outras mercadorias apreendidas ou abandonadas 16 de janeiro de 2024 | 16:46 2Por: Adalberto LuqueA Delegacia da Receita Federal em Ribeir\u00e3o Preto vai realizar, no dia 30 de janeiro, mais um leil\u00e3o com mercadorias apreendidas ou abandonadas. Ser\u00e3o 74 lotes,\u2026","rel":"","context":"In &quot;Not\u00edcias de Ribeir\u00e3o Preto-SP e Regi\u00e3o&quot;","block_context":{"text":"Not\u00edcias de Ribeir\u00e3o Preto-SP e Regi\u00e3o","link":"https:\/\/ismaelcolosi.com.br\/index.php\/category\/noticias-de-ribeirao-preto-sp-e-regiao-ismael-colosi\/"},"img":{"alt_text":"","src":"https:\/\/i0.wp.com\/ismaelcolosi.com.br\/wp-content\/uploads\/2024\/01\/00-16-jan-2024-leilao-receita-01-foto-reproducao-scaled.jpg?fit=857%2C645&ssl=1&resize=350%2C200","width":350,"height":200,"srcset":"https:\/\/i0.wp.com\/ismaelcolosi.com.br\/wp-content\/uploads\/2024\/01\/00-16-jan-2024-leilao-receita-01-foto-reproducao-scaled.jpg?fit=857%2C645&ssl=1&resize=350%2C200 1x, https:\/\/i0.wp.com\/ismaelcolosi.com.br\/wp-content\/uploads\/2024\/01\/00-16-jan-2024-leilao-receita-01-foto-reproducao-scaled.jpg?fit=857%2C645&ssl=1&resize=525%2C300 1.5x, https:\/\/i0.wp.com\/ismaelcolosi.com.br\/wp-content\/uploads\/2024\/01\/00-16-jan-2024-leilao-receita-01-foto-reproducao-scaled.jpg?fit=857%2C645&ssl=1&resize=700%2C400 2x"},"classes":[]},{"id":6671,"url":"https:\/\/ismaelcolosi.com.br\/index.php\/2023\/11\/26\/leilao-em-rp-tera-modelos-que-foram-sucesso-nas-telas-na-decada-de-1980\/","url_meta":{"origin":25340,"position":1},"title":"Leil\u00e3o em RP ter\u00e1 modelos que foram sucesso nas telas na d\u00e9cada de 1980\u00a0","author":"ismaelcolosi.com.br","date":"26 de November de 2023","format":false,"excerpt":"O 2\u00ba Leil\u00e3o de Ve\u00edculos Antigos Ribeir\u00e3o Preto, a 56\u00b0 edi\u00e7\u00e3o do Circuito de Leil\u00f5es do Brasil, superou expectativas com mais de 160 ve\u00edculos inscritos, um n\u00famero bastante expressivo e 30% maior que o da primeira edi\u00e7\u00e3o, que aconteceu em Ribeir\u00e3o Preto no m\u00eas de outubro deste ano e movimentou\u2026","rel":"","context":"In &quot;Not\u00edcias de Ribeir\u00e3o Preto-SP e Regi\u00e3o&quot;","block_context":{"text":"Not\u00edcias de Ribeir\u00e3o Preto-SP e Regi\u00e3o","link":"https:\/\/ismaelcolosi.com.br\/index.php\/category\/noticias-de-ribeirao-preto-sp-e-regiao-ismael-colosi\/"},"img":{"alt_text":"","src":"https:\/\/i0.wp.com\/ismaelcolosi.com.br\/wp-content\/uploads\/2023\/11\/mercedes.jpg?fit=1086%2C652&ssl=1&resize=350%2C200","width":350,"height":200,"srcset":"https:\/\/i0.wp.com\/ismaelcolosi.com.br\/wp-content\/uploads\/2023\/11\/mercedes.jpg?fit=1086%2C652&ssl=1&resize=350%2C200 1x, https:\/\/i0.wp.com\/ismaelcolosi.com.br\/wp-content\/uploads\/2023\/11\/mercedes.jpg?fit=1086%2C652&ssl=1&resize=525%2C300 1.5x, https:\/\/i0.wp.com\/ismaelcolosi.com.br\/wp-content\/uploads\/2023\/11\/mercedes.jpg?fit=1086%2C652&ssl=1&resize=700%2C400 2x, https:\/\/i0.wp.com\/ismaelcolosi.com.br\/wp-content\/uploads\/2023\/11\/mercedes.jpg?fit=1086%2C652&ssl=1&resize=1050%2C600 3x"},"classes":[]},{"id":32009,"url":"https:\/\/ismaelcolosi.com.br\/index.php\/2024\/01\/23\/leilao-do-hotel-brasil-nao-teve-lances\/","url_meta":{"origin":25340,"position":2},"title":"Leil\u00e3o do Hotel Brasil n\u00e3o teve lances","author":"ismaelcolosi.com.br","date":"23 de January de 2024","format":false,"excerpt":"O pr\u00e9dio do antigo Hotel Brasil, localizado na esquina da avenida Jer\u00f4nimo Gon\u00e7alves com a rua General Os\u00f3rio, na regi\u00e3o da Baixada, Centro Velho de Ribeir\u00e3o Preto, foi a leil\u00e3o pela terceira vez nesta ter\u00e7a-feira, 23 de janeiro. Ningu\u00e9m deu lances. Foi a terceira tentativa de leiloar o im\u00f3vel. As\u2026","rel":"","context":"In &quot;Not\u00edcias de Ribeir\u00e3o Preto-SP e Regi\u00e3o&quot;","block_context":{"text":"Not\u00edcias de Ribeir\u00e3o Preto-SP e Regi\u00e3o","link":"https:\/\/ismaelcolosi.com.br\/index.php\/category\/noticias-de-ribeirao-preto-sp-e-regiao-ismael-colosi\/"},"img":{"alt_text":"","src":"https:\/\/i0.wp.com\/ismaelcolosi.com.br\/wp-content\/uploads\/2024\/01\/hbrasil.jpg?fit=960%2C640&ssl=1&resize=350%2C200","width":350,"height":200,"srcset":"https:\/\/i0.wp.com\/ismaelcolosi.com.br\/wp-content\/uploads\/2024\/01\/hbrasil.jpg?fit=960%2C640&ssl=1&resize=350%2C200 1x, https:\/\/i0.wp.com\/ismaelcolosi.com.br\/wp-content\/uploads\/2024\/01\/hbrasil.jpg?fit=960%2C640&ssl=1&resize=525%2C300 1.5x, https:\/\/i0.wp.com\/ismaelcolosi.com.br\/wp-content\/uploads\/2024\/01\/hbrasil.jpg?fit=960%2C640&ssl=1&resize=700%2C400 2x"},"classes":[]},{"id":58794,"url":"https:\/\/ismaelcolosi.com.br\/index.php\/2024\/08\/02\/detran-anuncia-novo-leilao-de-veiculos-no-interior-de-sp-veja-como-participar\/","url_meta":{"origin":25340,"position":3},"title":"Detran anuncia novo leil\u00e3o de ve\u00edculos no interior de SP; Veja como participar","author":"ismaelcolosi.com.br","date":"2 de August de 2024","format":false,"excerpt":"O Detran-SP (Departamento Estadual de Tr\u00e2nsito de S\u00e3o Paulo) anunciou nesta sexta-feira (2) um novo leil\u00e3o de ve\u00edculos no interior de S\u00e3o Paulo. O certame vai acontecer no dia 12 de setembro em Bragan\u00e7a Paulista, com 202 lotes, divididos entre tr\u00eas p\u00e1tios autorizados. S\u00e3o 107 ve\u00edculos com condi\u00e7\u00f5es de circula\u00e7\u00e3o,\u2026","rel":"","context":"In &quot;Not\u00edcias de Ribeir\u00e3o Preto-SP e Regi\u00e3o&quot;","block_context":{"text":"Not\u00edcias de Ribeir\u00e3o Preto-SP e Regi\u00e3o","link":"https:\/\/ismaelcolosi.com.br\/index.php\/category\/noticias-de-ribeirao-preto-sp-e-regiao-ismael-colosi\/"},"img":{"alt_text":"","src":"https:\/\/i0.wp.com\/ismaelcolosi.com.br\/wp-content\/uploads\/2024\/06\/AnyConv.com__patio-detran_2024-06-24_14-44-08.webp.webp?fit=1200%2C900&ssl=1&resize=350%2C200","width":350,"height":200,"srcset":"https:\/\/i0.wp.com\/ismaelcolosi.com.br\/wp-content\/uploads\/2024\/06\/AnyConv.com__patio-detran_2024-06-24_14-44-08.webp.webp?fit=1200%2C900&ssl=1&resize=350%2C200 1x, https:\/\/i0.wp.com\/ismaelcolosi.com.br\/wp-content\/uploads\/2024\/06\/AnyConv.com__patio-detran_2024-06-24_14-44-08.webp.webp?fit=1200%2C900&ssl=1&resize=525%2C300 1.5x, https:\/\/i0.wp.com\/ismaelcolosi.com.br\/wp-content\/uploads\/2024\/06\/AnyConv.com__patio-detran_2024-06-24_14-44-08.webp.webp?fit=1200%2C900&ssl=1&resize=700%2C400 2x, https:\/\/i0.wp.com\/ismaelcolosi.com.br\/wp-content\/uploads\/2024\/06\/AnyConv.com__patio-detran_2024-06-24_14-44-08.webp.webp?fit=1200%2C900&ssl=1&resize=1050%2C600 3x"},"classes":[]},{"id":4274,"url":"https:\/\/ismaelcolosi.com.br\/index.php\/2023\/11\/21\/caixa-anuncia-mega-leilao-de-imoveis-com-descontos-de-ate-90\/","url_meta":{"origin":25340,"position":4},"title":"Caixa anuncia mega leil\u00e3o de im\u00f3veis com descontos de at\u00e9 90%","author":"ismaelcolosi.com.br","date":"21 de November de 2023","format":false,"excerpt":"Cr\u00e9ditos: Ag\u00eancia Brasil\/Marcelo CamargoCaixa anuncia novidades A Caixa Econ\u00f4mica Federal anuncia um novo e imperd\u00edvel leil\u00e3o de im\u00f3veis que promete ser a oportunidade dos sonhos para quem busca adquirir uma casa pr\u00f3pria. Com descontos incr\u00edveis de at\u00e9 90%, o certame disponibilizar\u00e1 cerca de 800 im\u00f3veis, incluindo resid\u00eancias, terrenos e estabelecimentos\u2026","rel":"","context":"In &quot;Variedades&quot;","block_context":{"text":"Variedades","link":"https:\/\/ismaelcolosi.com.br\/index.php\/category\/variedades\/"},"img":{"alt_text":"","src":"https:\/\/i0.wp.com\/ismaelcolosi.com.br\/wp-content\/uploads\/2023\/11\/1700562546_caixa-tem-concurso.jpg?fit=1200%2C638&ssl=1&resize=350%2C200","width":350,"height":200,"srcset":"https:\/\/i0.wp.com\/ismaelcolosi.com.br\/wp-content\/uploads\/2023\/11\/1700562546_caixa-tem-concurso.jpg?fit=1200%2C638&ssl=1&resize=350%2C200 1x, https:\/\/i0.wp.com\/ismaelcolosi.com.br\/wp-content\/uploads\/2023\/11\/1700562546_caixa-tem-concurso.jpg?fit=1200%2C638&ssl=1&resize=525%2C300 1.5x, https:\/\/i0.wp.com\/ismaelcolosi.com.br\/wp-content\/uploads\/2023\/11\/1700562546_caixa-tem-concurso.jpg?fit=1200%2C638&ssl=1&resize=700%2C400 2x, https:\/\/i0.wp.com\/ismaelcolosi.com.br\/wp-content\/uploads\/2023\/11\/1700562546_caixa-tem-concurso.jpg?fit=1200%2C638&ssl=1&resize=1050%2C600 3x"},"classes":[]},{"id":56785,"url":"https:\/\/ismaelcolosi.com.br\/index.php\/2024\/07\/15\/hotel-brasil-no-centro-de-ribeirao-preto-vai-a-leilao-novamente-veja-quando\/","url_meta":{"origin":25340,"position":5},"title":"Hotel Brasil no Centro de Ribeir\u00e3o Preto vai a leil\u00e3o novamente; Veja quando","author":"ismaelcolosi.com.br","date":"15 de July de 2024","format":false,"excerpt":"O pr\u00e9dio e o terreno do antigo Hotel Brasil, no Centro de Ribeir\u00e3o Preto, v\u00e3o a leil\u00e3o novamente, \u00e0s 13h, desta ter\u00e7a-feira (16). O lance m\u00ednimo \u00e9 de R$ 9.461.068,37 e deve ser feito de forma on-line. No caso, de n\u00e3o haver lances, neste primeiro leil\u00e3o, ocorrer\u00e1 um segundo leil\u00e3o,\u2026","rel":"","context":"In &quot;Not\u00edcias de Ribeir\u00e3o Preto-SP e Regi\u00e3o&quot;","block_context":{"text":"Not\u00edcias de Ribeir\u00e3o Preto-SP e Regi\u00e3o","link":"https:\/\/ismaelcolosi.com.br\/index.php\/category\/noticias-de-ribeirao-preto-sp-e-regiao-ismael-colosi\/"},"img":{"alt_text":"","src":"https:\/\/i0.wp.com\/ismaelcolosi.com.br\/wp-content\/uploads\/2024\/07\/Copia-de-Copia-de-TAMANHO-EXATO-PARA-FOTOS-NO-SISTEMA-NOVO-19_2024-07-15_15-27-28_jpg_2024-07-15_15-27-28.webp.webp?fit=1200%2C675&ssl=1&resize=350%2C200","width":350,"height":200,"srcset":"https:\/\/i0.wp.com\/ismaelcolosi.com.br\/wp-content\/uploads\/2024\/07\/Copia-de-Copia-de-TAMANHO-EXATO-PARA-FOTOS-NO-SISTEMA-NOVO-19_2024-07-15_15-27-28_jpg_2024-07-15_15-27-28.webp.webp?fit=1200%2C675&ssl=1&resize=350%2C200 1x, https:\/\/i0.wp.com\/ismaelcolosi.com.br\/wp-content\/uploads\/2024\/07\/Copia-de-Copia-de-TAMANHO-EXATO-PARA-FOTOS-NO-SISTEMA-NOVO-19_2024-07-15_15-27-28_jpg_2024-07-15_15-27-28.webp.webp?fit=1200%2C675&ssl=1&resize=525%2C300 1.5x, https:\/\/i0.wp.com\/ismaelcolosi.com.br\/wp-content\/uploads\/2024\/07\/Copia-de-Copia-de-TAMANHO-EXATO-PARA-FOTOS-NO-SISTEMA-NOVO-19_2024-07-15_15-27-28_jpg_2024-07-15_15-27-28.webp.webp?fit=1200%2C675&ssl=1&resize=700%2C400 2x, https:\/\/i0.wp.com\/ismaelcolosi.com.br\/wp-content\/uploads\/2024\/07\/Copia-de-Copia-de-TAMANHO-EXATO-PARA-FOTOS-NO-SISTEMA-NOVO-19_2024-07-15_15-27-28_jpg_2024-07-15_15-27-28.webp.webp?fit=1200%2C675&ssl=1&resize=1050%2C600 3x"},"classes":[]}],"jetpack_sharing_enabled":true,"jetpack_shortlink":"https:\/\/wp.me\/pfMlyK-6AI","_links":{"self":[{"href":"https:\/\/ismaelcolosi.com.br\/index.php\/wp-json\/wp\/v2\/posts\/25340","targetHints":{"allow":["GET"]}}],"collection":[{"href":"https:\/\/ismaelcolosi.com.br\/index.php\/wp-json\/wp\/v2\/posts"}],"about":[{"href":"https:\/\/ismaelcolosi.com.br\/index.php\/wp-json\/wp\/v2\/types\/post"}],"author":[{"embeddable":true,"href":"https:\/\/ismaelcolosi.com.br\/index.php\/wp-json\/wp\/v2\/users\/1"}],"replies":[{"embeddable":true,"href":"https:\/\/ismaelcolosi.com.br\/index.php\/wp-json\/wp\/v2\/comments?post=25340"}],"version-history":[{"count":0,"href":"https:\/\/ismaelcolosi.com.br\/index.php\/wp-json\/wp\/v2\/posts\/25340\/revisions"}],"wp:featuredmedia":[{"embeddable":true,"href":"https:\/\/ismaelcolosi.com.br\/index.php\/wp-json\/wp\/v2\/media\/25341"}],"wp:attachment":[{"href":"https:\/\/ismaelcolosi.com.br\/index.php\/wp-json\/wp\/v2\/media?parent=25340"}],"wp:term":[{"taxonomy":"category","embeddable":true,"href":"https:\/\/ismaelcolosi.com.br\/index.php\/wp-json\/wp\/v2\/categories?post=25340"},{"taxonomy":"post_tag","embeddable":true,"href":"https:\/\/ismaelcolosi.com.br\/index.php\/wp-json\/wp\/v2\/tags?post=25340"}],"curies":[{"name":"wp","href":"https:\/\/api.w.org\/{rel}","templated":true}]}}