{"id":25217,"date":"2024-01-06T09:16:47","date_gmt":"2024-01-06T12:16:47","guid":{"rendered":"https:\/\/ismaelcolosi.com.br\/index.php\/2024\/01\/06\/instituto-seleciona-empresas-para-projetos-de-tecnologia-no-rio-de-janeiro\/"},"modified":"2024-01-06T09:16:47","modified_gmt":"2024-01-06T12:16:47","slug":"instituto-seleciona-empresas-para-projetos-de-tecnologia-no-rio-de-janeiro","status":"publish","type":"post","link":"https:\/\/ismaelcolosi.com.br\/index.php\/2024\/01\/06\/instituto-seleciona-empresas-para-projetos-de-tecnologia-no-rio-de-janeiro\/","title":{"rendered":"Instituto seleciona empresas para projetos de tecnologia no Rio de Janeiro"},"content":{"rendered":"<p> <br \/>\n<\/p>\n<div id=\"\">\n<div class=\"content-infos\">\n<div class=\"texts\">\n<p class=\"author tooltip-comp\"> Da reda\u00e7\u00e3o<span class=\"icon-i\">i<\/span><span class=\"tooltiptext\"> <span class=\"author\"><span>Da reda\u00e7\u00e3o<\/span> <\/span><span class=\"desc\"\/> <\/span><\/p>\n<p>06\/01\/2024 &#8211; 9:00<\/p>\n<\/div>\n<div id=\"share-modal\" class=\"share-modal\"> <button class=\"box-close btn-share\"> <img decoding=\"async\" src=\"https:\/\/istoedinheiro.com.br\/wp-content\/themes\/dinheiro-wp-theme\/assets\/img\/svg\/closeIcon.svg?x46096\" alt=\"Close icon\" class=\"close-btn lazy\"\/> <\/button><\/div>\n<\/p><\/div>\n<p>O Ibmec RJ est\u00e1 com inscri\u00e7\u00f5es abertas para selecionar empresas que t\u00eam interesse em participar dos seus projetos de tecnologia, do ciclo 2024.1. Empresas de qualquer segmento podem fazer as inscri\u00e7\u00f5es para participar, e as solu\u00e7\u00f5es em tecnologia \u00e9 que ser\u00e3o desenvolvidas pelos alunos e professores da institui\u00e7\u00e3o.<\/p>\n<p>Interessados devem preencher o <a href=\"https:\/\/bit.ly\/ibmec-tech-24-1-form\" rel=\"nofollow noopener\" target=\"_blank\"><strong>formul\u00e1rio de inscri\u00e7\u00e3o<\/strong><\/a> at\u00e9 o dia 19 de janeiro. Confira o <strong><a href=\"https:\/\/liveestacio-my.sharepoint.com\/personal\/00339239140_professores_ibmec_edu_br\/_layouts\/15\/onedrive.aspx?id=%2Fpersonal%2F00339239140%5Fprofessores%5Fibmec%5Fedu%5Fbr%2FDocuments%2Fibmec%20tech%20rj%20%2D%20extens%C3%A3o%2Fibmec%20tech%20rj%20%2D%20extens%C3%A3o%20%2D%20docentes%2F00%20%2D%20material%20introdut%C3%B3rio%2Fsele%C3%A7%C3%A3o%2F2024%2E1%2F2024%2E1%20%2D%20chamada%20para%20sele%C3%A7%C3%A3o%20de%20projetos%2Epdf&amp;parent=%2Fpersonal%2F00339239140%5Fprofessores%5Fibmec%5Fedu%5Fbr%2FDocuments%2Fibmec%20tech%20rj%20%2D%20extens%C3%A3o%2Fibmec%20tech%20rj%20%2D%20extens%C3%A3o%20%2D%20docentes%2F00%20%2D%20material%20introdut%C3%B3rio%2Fsele%C3%A7%C3%A3o%2F2024%2E1&amp;ga=1\" rel=\"nofollow noopener\" target=\"_blank\">edital aqui<\/a><\/strong>. Os alunos dos cursos de gradua\u00e7\u00e3o, na \u00e1rea de tecnologia do Ibmec RJ, atuam durante toda a forma\u00e7\u00e3o acad\u00eamica em projetos aplicados, que s\u00e3o desenvolvidos especialmente nas disciplinas de extens\u00e3o.<\/p>\n<p><strong>+ Especialistas d\u00e3o dicas de como conseguir o emprego dos sonhos em 2024<\/strong><\/p>\n<p>De acordo com Victor Machado, coordenador dos cursos de Tecnologia do Ibmec RJ, essas disciplinas ajudam o aluno na consolida\u00e7\u00e3o da sua forma\u00e7\u00e3o. \u201cNeste semestre teremos 11 disciplinas que fazem parte dos projetos de extens\u00e3o. Nossa inten\u00e7\u00e3o \u00e9 gerar intera\u00e7\u00e3o entre as empresas e nossos alunos, que ter\u00e3o desafios reais para solucionar, sempre seguindo as orienta\u00e7\u00f5es dos professores\u201d.<\/p>\n<p>Ele explica que por meio da metodologia de aprendizagem baseada em projetos do Ibmec, os alunos vivenciam o mercado de TI. Essa experi\u00eancia permite que eles desenvolvam algumas compet\u00eancias t\u00e9cnicas e comportamentais ao longo do curso, possibilitando tamb\u00e9m formar portf\u00f3lio profissional que ir\u00e1 ajud\u00e1-los futuramente.<\/p>\n<p>Os problemas resolvidos pelos alunos dentro das disciplinas ser\u00e3o apresentados \u00e0s empresas parceiras do Ibmec RJ, que acompanhar\u00e3o todo o processo de desenvolvimento e cria\u00e7\u00e3o dos projetos voltados para \u00e1reas de front-end, back-end, mobile, BI, sistemas embarcados e cloud.<\/p>\n<p>Para o aluno colocar em pr\u00e1tica o seu conhecimento, o Ibmec RJ ainda possui um Hub de empreendedorismo e inova\u00e7\u00e3o, onde os alunos fazem parte de um programa para desenvolver projetos de neg\u00f3cios baseados em casos reais. Eles t\u00eam mentorias com professores e empresas parceiras para alcan\u00e7ar o desenvolvimento profissional durante o curso.<\/p>\n<section data-hb-type=\"ads\" name=\"adsMateria\" data-hb-position=\"after-content\" data-hb-provider=\"\">\n<hr\/>\n<\/section>\n<div id=\"share-modal\" class=\"share-modal\"> <button class=\"box-close btn-share\"> <img decoding=\"async\" src=\"https:\/\/istoedinheiro.com.br\/wp-content\/themes\/dinheiro-wp-theme\/assets\/img\/svg\/closeIcon.svg?x46096\" alt=\"Close icon\" class=\"close-btn lazy\"\/> <\/button><\/div>\n<\/p><\/div>\n<p><script>!function(f,b,e,v,n,t,s){if(f.fbq)return;n=f.fbq=function(){n.callMethod?n.callMethod.apply(n,arguments):n.queue.push(arguments)};if(!f._fbq)f._fbq=n;n.push=n;n.loaded=!0;n.version='2.0';n.queue=[];t=b.createElement(e);t.async=!0;t.src=v;s=b.getElementsByTagName(e)[0];s.parentNode.insertBefore(t,s)}(window,document,'script','<\/script><br \/>\n<br \/><br \/>\n<br \/><a href=\"https:\/\/istoedinheiro.com.br\/instituto-seleciona-empresas-para-projetos-de-tecnologia-no-rio-de-janeiro\/\">Source link <\/a><\/p>\n<div class='code-block code-block-4' style='margin: 8px auto 8px 0; text-align: left; display: block; clear: both;'>\n\ud83d\udce2 Aviso Legal\n\nO site ismaelcolosi.com.br atua apenas como um canal de divulga\u00e7\u00e3o de oportunidades de emprego e n\u00e3o se responsabiliza pelo processo seletivo, contrata\u00e7\u00e3o ou qualquer outra etapa relacionada \u00e0s vagas publicadas. Todas as informa\u00e7\u00f5es s\u00e3o de responsabilidade dos anunciantes.\n\n\u26a0\ufe0f Aten\u00e7\u00e3o! Nunca pague por promessas de emprego nem compre cursos que garantam contrata\u00e7\u00e3o. Desconfie de qualquer cobran\u00e7a para participar de sele\u00e7\u00f5es.\n\n\n\n<\/div>\n<!-- CONTENT END 1 -->\n","protected":false},"excerpt":{"rendered":"<p>Da reda\u00e7\u00e3oi Da reda\u00e7\u00e3o 06\/01\/2024 &#8211; 9:00 O Ibmec RJ est\u00e1 com inscri\u00e7\u00f5es abertas para selecionar empresas que t\u00eam interesse em participar dos seus projetos&#8230;<\/p>\n","protected":false},"author":1,"featured_media":25218,"comment_status":"open","ping_status":"open","sticky":false,"template":"","format":"standard","meta":{"_uag_custom_page_level_css":"","advanced_seo_description":"","jetpack_seo_html_title":"","jetpack_seo_noindex":false,"jetpack_post_was_ever_published":false,"_jetpack_newsletter_access":"","_jetpack_dont_email_post_to_subs":false,"_jetpack_newsletter_tier_id":0,"_jetpack_memberships_contains_paywalled_content":false,"_jetpack_memberships_contains_paid_content":false,"footnotes":"","jetpack_publicize_message":"","jetpack_publicize_feature_enabled":true,"jetpack_social_post_already_shared":true,"jetpack_social_options":{"image_generator_settings":{"template":"highway","default_image_id":0,"font":"","enabled":false},"version":2}},"categories":[7],"tags":[],"class_list":["post-25217","post","type-post","status-publish","format-standard","has-post-thumbnail","hentry","category-vagas-de-empregos-em-ribeirao-preto-regiao-brasil"],"jetpack_publicize_connections":[],"jetpack_featured_media_url":"https:\/\/i0.wp.com\/ismaelcolosi.com.br\/wp-content\/uploads\/2024\/01\/estudantes-e1704467389786.jpg?fit=700%2C466&ssl=1","uagb_featured_image_src":{"full":["https:\/\/i0.wp.com\/ismaelcolosi.com.br\/wp-content\/uploads\/2024\/01\/estudantes-e1704467389786.jpg?fit=700%2C466&ssl=1",700,466,false],"thumbnail":["https:\/\/i0.wp.com\/ismaelcolosi.com.br\/wp-content\/uploads\/2024\/01\/estudantes-e1704467389786.jpg?resize=150%2C150&ssl=1",150,150,true],"medium":["https:\/\/i0.wp.com\/ismaelcolosi.com.br\/wp-content\/uploads\/2024\/01\/estudantes-e1704467389786.jpg?fit=300%2C200&ssl=1",300,200,true],"medium_large":["https:\/\/i0.wp.com\/ismaelcolosi.com.br\/wp-content\/uploads\/2024\/01\/estudantes-e1704467389786.jpg?fit=700%2C466&ssl=1",700,466,true],"large":["https:\/\/i0.wp.com\/ismaelcolosi.com.br\/wp-content\/uploads\/2024\/01\/estudantes-e1704467389786.jpg?fit=700%2C466&ssl=1",700,466,true],"1536x1536":["https:\/\/i0.wp.com\/ismaelcolosi.com.br\/wp-content\/uploads\/2024\/01\/estudantes-e1704467389786.jpg?fit=700%2C466&ssl=1",700,466,true],"2048x2048":["https:\/\/i0.wp.com\/ismaelcolosi.com.br\/wp-content\/uploads\/2024\/01\/estudantes-e1704467389786.jpg?fit=700%2C466&ssl=1",700,466,true],"really-simple-thumb":["https:\/\/i0.wp.com\/ismaelcolosi.com.br\/wp-content\/uploads\/2024\/01\/estudantes-e1704467389786.jpg?resize=370%2C247&ssl=1",370,247,true]},"uagb_author_info":{"display_name":"ismaelcolosi.com.br","author_link":"https:\/\/ismaelcolosi.com.br\/index.php\/author\/vidareal-online\/"},"uagb_comment_info":0,"uagb_excerpt":"Da reda\u00e7\u00e3oi Da reda\u00e7\u00e3o 06\/01\/2024 &#8211; 9:00 O Ibmec RJ est\u00e1 com inscri\u00e7\u00f5es abertas para selecionar empresas que t\u00eam interesse em participar dos seus projetos...","jetpack-related-posts":[{"id":49154,"url":"https:\/\/ismaelcolosi.com.br\/index.php\/2024\/05\/08\/startup-bettha-anuncia-programas-de-estagio-em-empresas-como-ype-accenture-e-akzo-nobel\/","url_meta":{"origin":25217,"position":0},"title":"Startup Bettha anuncia programas de est\u00e1gio em empresas como Yp\u00ea, Accenture e Akzo Nobel","author":"ismaelcolosi.com.br","date":"8 de May de 2024","format":false,"excerpt":"Da reda\u00e7\u00e3oi Da reda\u00e7\u00e3o 08\/05\/2024 - 19:53 A Bettha, startup brasileira pioneira em recrutamento e sele\u00e7\u00e3o por meio de intelig\u00eancia artificial, est\u00e1 com as inscri\u00e7\u00f5es abertas para os programas de est\u00e1gio 2024 em parceria com grandes empresas, como Yp\u00ea, Afya, Akzo Nobel, entre outras.Os programas de est\u00e1gio representam oportunidades para\u2026","rel":"","context":"In &quot;Empregos - Classificados&quot;","block_context":{"text":"Empregos - Classificados","link":"https:\/\/ismaelcolosi.com.br\/index.php\/category\/empregos-classificados-vagas-trabalho\/"},"img":{"alt_text":"","src":"https:\/\/i0.wp.com\/ismaelcolosi.com.br\/wp-content\/uploads\/2024\/05\/jovens-na-sala-de-aula-com-computadores-23-2147663656.jpg?fit=996%2C664&ssl=1&resize=350%2C200","width":350,"height":200,"srcset":"https:\/\/i0.wp.com\/ismaelcolosi.com.br\/wp-content\/uploads\/2024\/05\/jovens-na-sala-de-aula-com-computadores-23-2147663656.jpg?fit=996%2C664&ssl=1&resize=350%2C200 1x, https:\/\/i0.wp.com\/ismaelcolosi.com.br\/wp-content\/uploads\/2024\/05\/jovens-na-sala-de-aula-com-computadores-23-2147663656.jpg?fit=996%2C664&ssl=1&resize=525%2C300 1.5x, https:\/\/i0.wp.com\/ismaelcolosi.com.br\/wp-content\/uploads\/2024\/05\/jovens-na-sala-de-aula-com-computadores-23-2147663656.jpg?fit=996%2C664&ssl=1&resize=700%2C400 2x"},"classes":[]},{"id":89095,"url":"https:\/\/ismaelcolosi.com.br\/index.php\/2026\/02\/10\/indicium-abre-inscricoes-para-programa-remunerado-de-formacao-em-dados-e-ia\/","url_meta":{"origin":25217,"position":1},"title":"Indicium Abre Inscri\u00e7\u00f5es para Programa Remunerado de Forma\u00e7\u00e3o em Dados e IA","author":"ismaelcolosi.com.br","date":"10 de February de 2026","format":false,"excerpt":"A Indicium, consultoria global especializada em dados e intelig\u00eancia artificial, abriu inscri\u00e7\u00f5es para o Lighthouse. Criado h\u00e1 seis anos, o programa tem como objetivo formar profissionais para atuar desde a prepara\u00e7\u00e3o dos dados at\u00e9 a aplica\u00e7\u00e3o de solu\u00e7\u00f5es anal\u00edticas e de IA. Realizado de forma remota, o curso oferece remunera\u00e7\u00e3o\u2026","rel":"","context":"In &quot;Carreira e Sucesso&quot;","block_context":{"text":"Carreira e Sucesso","link":"https:\/\/ismaelcolosi.com.br\/index.php\/category\/carreira-e-sucesso-dicas-para-carreira\/"},"img":{"alt_text":"","src":"https:\/\/i0.wp.com\/ismaelcolosi.com.br\/wp-content\/uploads\/2026\/02\/curso-programa-de-ia-1200x675.jpg?fit=1200%2C675&ssl=1&resize=350%2C200","width":350,"height":200,"srcset":"https:\/\/i0.wp.com\/ismaelcolosi.com.br\/wp-content\/uploads\/2026\/02\/curso-programa-de-ia-1200x675.jpg?fit=1200%2C675&ssl=1&resize=350%2C200 1x, https:\/\/i0.wp.com\/ismaelcolosi.com.br\/wp-content\/uploads\/2026\/02\/curso-programa-de-ia-1200x675.jpg?fit=1200%2C675&ssl=1&resize=525%2C300 1.5x, https:\/\/i0.wp.com\/ismaelcolosi.com.br\/wp-content\/uploads\/2026\/02\/curso-programa-de-ia-1200x675.jpg?fit=1200%2C675&ssl=1&resize=700%2C400 2x, https:\/\/i0.wp.com\/ismaelcolosi.com.br\/wp-content\/uploads\/2026\/02\/curso-programa-de-ia-1200x675.jpg?fit=1200%2C675&ssl=1&resize=1050%2C600 3x"},"classes":[]},{"id":87846,"url":"https:\/\/ismaelcolosi.com.br\/index.php\/2025\/10\/07\/ong-abre-inscricoes-para-cursos-de-computacao-em-nuvem-e-ia\/","url_meta":{"origin":25217,"position":2},"title":"ONG Abre Inscri\u00e7\u00f5es para Cursos de Computa\u00e7\u00e3o em Nuvem e IA","author":"ismaelcolosi.com.br","date":"7 de October de 2025","format":false,"excerpt":"\r Deagreez\/Getty Images\r Curso abrange desde conceitos b\u00e1sicos de TI at\u00e9 fundamentos de intelig\u00eancia artificial\r Acessibilidade \r L\r L\r A-\r A+\r \r \u25d0\r \r A Escola da Nuvem, ONG que oferece capacita\u00e7\u00e3o gratuita em tecnologia, abriu inscri\u00e7\u00f5es para o curso Fundamentos em Nuvem AWS + IA, voltado a pessoas maiores\u2026","rel":"","context":"In &quot;Carreira e Sucesso&quot;","block_context":{"text":"Carreira e Sucesso","link":"https:\/\/ismaelcolosi.com.br\/index.php\/category\/carreira-e-sucesso-dicas-para-carreira\/"},"img":{"alt_text":"","src":"https:\/\/i0.wp.com\/ismaelcolosi.com.br\/wp-content\/uploads\/2025\/10\/forbes-curso-bolsa-tecnologia-mulheres-1-1200x675.jpg?fit=1200%2C675&ssl=1&resize=350%2C200","width":350,"height":200,"srcset":"https:\/\/i0.wp.com\/ismaelcolosi.com.br\/wp-content\/uploads\/2025\/10\/forbes-curso-bolsa-tecnologia-mulheres-1-1200x675.jpg?fit=1200%2C675&ssl=1&resize=350%2C200 1x, https:\/\/i0.wp.com\/ismaelcolosi.com.br\/wp-content\/uploads\/2025\/10\/forbes-curso-bolsa-tecnologia-mulheres-1-1200x675.jpg?fit=1200%2C675&ssl=1&resize=525%2C300 1.5x, https:\/\/i0.wp.com\/ismaelcolosi.com.br\/wp-content\/uploads\/2025\/10\/forbes-curso-bolsa-tecnologia-mulheres-1-1200x675.jpg?fit=1200%2C675&ssl=1&resize=700%2C400 2x, https:\/\/i0.wp.com\/ismaelcolosi.com.br\/wp-content\/uploads\/2025\/10\/forbes-curso-bolsa-tecnologia-mulheres-1-1200x675.jpg?fit=1200%2C675&ssl=1&resize=1050%2C600 3x"},"classes":[]},{"id":84602,"url":"https:\/\/ismaelcolosi.com.br\/index.php\/2025\/04\/16\/como-conseguir-um-estagio-nas-maiores-empresas-do-brasil\/","url_meta":{"origin":25217,"position":3},"title":"Como Conseguir Um Est\u00e1gio nas Maiores Empresas do Brasil","author":"ismaelcolosi.com.br","date":"16 de April de 2025","format":false,"excerpt":"\r Getty Images\r Ser aut\u00eantico e ter uma boa comunica\u00e7\u00e3o pode fazer a diferen\u00e7a no processo seletivo para conquistar uma vaga de est\u00e1gio em uma grande empresa\r Acessibilidade \r L\r L\r A-\r A+\r \r \u25d0\r \r \u00a0 O mercado de est\u00e1gios no Brasil est\u00e1 em expans\u00e3o. Segundo o MTE (Minist\u00e9rio\u2026","rel":"","context":"In &quot;Carreira e Sucesso&quot;","block_context":{"text":"Carreira e Sucesso","link":"https:\/\/ismaelcolosi.com.br\/index.php\/category\/carreira-e-sucesso-dicas-para-carreira\/"},"img":{"alt_text":"","src":"https:\/\/i0.wp.com\/ismaelcolosi.com.br\/wp-content\/uploads\/2025\/04\/forbes-carreira-estagio-geracao-z-1200x675.jpg?fit=1200%2C675&ssl=1&resize=350%2C200","width":350,"height":200,"srcset":"https:\/\/i0.wp.com\/ismaelcolosi.com.br\/wp-content\/uploads\/2025\/04\/forbes-carreira-estagio-geracao-z-1200x675.jpg?fit=1200%2C675&ssl=1&resize=350%2C200 1x, https:\/\/i0.wp.com\/ismaelcolosi.com.br\/wp-content\/uploads\/2025\/04\/forbes-carreira-estagio-geracao-z-1200x675.jpg?fit=1200%2C675&ssl=1&resize=525%2C300 1.5x, https:\/\/i0.wp.com\/ismaelcolosi.com.br\/wp-content\/uploads\/2025\/04\/forbes-carreira-estagio-geracao-z-1200x675.jpg?fit=1200%2C675&ssl=1&resize=700%2C400 2x, https:\/\/i0.wp.com\/ismaelcolosi.com.br\/wp-content\/uploads\/2025\/04\/forbes-carreira-estagio-geracao-z-1200x675.jpg?fit=1200%2C675&ssl=1&resize=1050%2C600 3x"},"classes":[]},{"id":87641,"url":"https:\/\/ismaelcolosi.com.br\/index.php\/2025\/09\/23\/programa-oferece-letramento-em-inteligencia-artificial-para-10-mil-mulheres\/","url_meta":{"origin":25217,"position":4},"title":"Programa Oferece Letramento em Intelig\u00eancia Artificial para 10 Mil Mulheres","author":"ismaelcolosi.com.br","date":"23 de September de 2025","format":false,"excerpt":"\r \r \r \r Com trilhas que v\u00e3o do n\u00edvel iniciante ao avan\u00e7ado, iniciativa gratuita promove mentorias semanais e desenvolvimento de projetos \r \r \r \r metamorworks\/Getty Images\r Iniciativa foca em mulheres negras, ind\u00edgenas, LGBTQIAPN+, PcD e com mais de 50 anos\r Acessibilidade \r L\r L\r A-\r A+\r \r \u25d0\r\u2026","rel":"","context":"In &quot;Carreira e Sucesso&quot;","block_context":{"text":"Carreira e Sucesso","link":"https:\/\/ismaelcolosi.com.br\/index.php\/category\/carreira-e-sucesso-dicas-para-carreira\/"},"img":{"alt_text":"","src":"https:\/\/i0.wp.com\/ismaelcolosi.com.br\/wp-content\/uploads\/2025\/09\/mulheres-ia-1200x675.jpg?fit=1200%2C675&ssl=1&resize=350%2C200","width":350,"height":200,"srcset":"https:\/\/i0.wp.com\/ismaelcolosi.com.br\/wp-content\/uploads\/2025\/09\/mulheres-ia-1200x675.jpg?fit=1200%2C675&ssl=1&resize=350%2C200 1x, https:\/\/i0.wp.com\/ismaelcolosi.com.br\/wp-content\/uploads\/2025\/09\/mulheres-ia-1200x675.jpg?fit=1200%2C675&ssl=1&resize=525%2C300 1.5x, https:\/\/i0.wp.com\/ismaelcolosi.com.br\/wp-content\/uploads\/2025\/09\/mulheres-ia-1200x675.jpg?fit=1200%2C675&ssl=1&resize=700%2C400 2x, https:\/\/i0.wp.com\/ismaelcolosi.com.br\/wp-content\/uploads\/2025\/09\/mulheres-ia-1200x675.jpg?fit=1200%2C675&ssl=1&resize=1050%2C600 3x"},"classes":[]},{"id":87643,"url":"https:\/\/ismaelcolosi.com.br\/index.php\/2025\/09\/23\/programa-oferece-letramento-em-inteligencia-artificial-para-10-mil-mulheres-2\/","url_meta":{"origin":25217,"position":5},"title":"Programa Oferece Letramento em Intelig\u00eancia Artificial para 10 Mil Mulheres","author":"ismaelcolosi.com.br","date":"23 de September de 2025","format":false,"excerpt":"\r \r \r \r Com trilhas que v\u00e3o do n\u00edvel iniciante ao avan\u00e7ado, iniciativa gratuita promove mentorias semanais e desenvolvimento de projetos \r \r \r \r metamorworks\/Getty Images\r Iniciativa foca em mulheres negras, ind\u00edgenas, LGBTQIAPN+, PcD e com mais de 50 anos\r Acessibilidade \r L\r L\r A-\r A+\r \r \u25d0\r\u2026","rel":"","context":"In &quot;Carreira e Sucesso&quot;","block_context":{"text":"Carreira e Sucesso","link":"https:\/\/ismaelcolosi.com.br\/index.php\/category\/carreira-e-sucesso-dicas-para-carreira\/"},"img":{"alt_text":"","src":"https:\/\/i0.wp.com\/ismaelcolosi.com.br\/wp-content\/uploads\/2025\/09\/1758620881_mulheres-ia-1200x675.jpg?fit=1200%2C675&ssl=1&resize=350%2C200","width":350,"height":200,"srcset":"https:\/\/i0.wp.com\/ismaelcolosi.com.br\/wp-content\/uploads\/2025\/09\/1758620881_mulheres-ia-1200x675.jpg?fit=1200%2C675&ssl=1&resize=350%2C200 1x, https:\/\/i0.wp.com\/ismaelcolosi.com.br\/wp-content\/uploads\/2025\/09\/1758620881_mulheres-ia-1200x675.jpg?fit=1200%2C675&ssl=1&resize=525%2C300 1.5x, https:\/\/i0.wp.com\/ismaelcolosi.com.br\/wp-content\/uploads\/2025\/09\/1758620881_mulheres-ia-1200x675.jpg?fit=1200%2C675&ssl=1&resize=700%2C400 2x, https:\/\/i0.wp.com\/ismaelcolosi.com.br\/wp-content\/uploads\/2025\/09\/1758620881_mulheres-ia-1200x675.jpg?fit=1200%2C675&ssl=1&resize=1050%2C600 3x"},"classes":[]}],"jetpack_sharing_enabled":true,"jetpack_shortlink":"https:\/\/wp.me\/pfMlyK-6yJ","_links":{"self":[{"href":"https:\/\/ismaelcolosi.com.br\/index.php\/wp-json\/wp\/v2\/posts\/25217","targetHints":{"allow":["GET"]}}],"collection":[{"href":"https:\/\/ismaelcolosi.com.br\/index.php\/wp-json\/wp\/v2\/posts"}],"about":[{"href":"https:\/\/ismaelcolosi.com.br\/index.php\/wp-json\/wp\/v2\/types\/post"}],"author":[{"embeddable":true,"href":"https:\/\/ismaelcolosi.com.br\/index.php\/wp-json\/wp\/v2\/users\/1"}],"replies":[{"embeddable":true,"href":"https:\/\/ismaelcolosi.com.br\/index.php\/wp-json\/wp\/v2\/comments?post=25217"}],"version-history":[{"count":0,"href":"https:\/\/ismaelcolosi.com.br\/index.php\/wp-json\/wp\/v2\/posts\/25217\/revisions"}],"wp:featuredmedia":[{"embeddable":true,"href":"https:\/\/ismaelcolosi.com.br\/index.php\/wp-json\/wp\/v2\/media\/25218"}],"wp:attachment":[{"href":"https:\/\/ismaelcolosi.com.br\/index.php\/wp-json\/wp\/v2\/media?parent=25217"}],"wp:term":[{"taxonomy":"category","embeddable":true,"href":"https:\/\/ismaelcolosi.com.br\/index.php\/wp-json\/wp\/v2\/categories?post=25217"},{"taxonomy":"post_tag","embeddable":true,"href":"https:\/\/ismaelcolosi.com.br\/index.php\/wp-json\/wp\/v2\/tags?post=25217"}],"curies":[{"name":"wp","href":"https:\/\/api.w.org\/{rel}","templated":true}]}}