{"id":25057,"date":"2024-01-05T19:10:08","date_gmt":"2024-01-05T22:10:08","guid":{"rendered":"https:\/\/ismaelcolosi.com.br\/index.php\/2024\/01\/05\/inmetro-anuncia-projeto-para-descarbonizacao-do-transporte-rodoviario\/"},"modified":"2024-01-05T19:10:08","modified_gmt":"2024-01-05T22:10:08","slug":"inmetro-anuncia-projeto-para-descarbonizacao-do-transporte-rodoviario","status":"publish","type":"post","link":"https:\/\/ismaelcolosi.com.br\/index.php\/2024\/01\/05\/inmetro-anuncia-projeto-para-descarbonizacao-do-transporte-rodoviario\/","title":{"rendered":"Inmetro anuncia projeto para descarboniza\u00e7\u00e3o do transporte rodovi\u00e1rio\u00a0"},"content":{"rendered":"<p> <br \/>\n<\/p>\n<div id=\"post-369398\">\n<header class=\"entry-header penci-entry-header penci-title-center\">\n<p> <span class=\"entry-meta-item penci-posted-on\"><i class=\"fa fa-clock-o\"\/><time class=\"entry-date published\" datetime=\"2024-01-05T18:00:52-03:00\">5 de janeiro de 2024 | 18:00<\/time><time class=\"updated\" datetime=\"2024-01-05T10:53:34-03:00\">5 de janeiro de 2024 | 10:53<\/time><\/span><\/p>\n<p> <span class=\"penci-social-buttons penci-social-share-footer\"><a href=\"#\" class=\"penci-post-like penci_post-meta_item  single-like-button penci-social-item like\" data-post_id=\"369398\" title=\"Like\" data-like=\"Like\" data-unlike=\"Unlike\"><i class=\"fa fa-thumbs-o-up\"\/><span class=\"penci-share-number\">0<\/span><\/a><i class=\"fa fa-facebook\"\/><a class=\"penci-social-item twitter\" target=\"_blank\" rel=\"noopener\" title=\"\" href=\"https:\/\/twitter.com\/intent\/tweet?text=Inmetro%20anuncia%20projeto%20para%20descarboniza\u00e7\u00e3o%20do%20transporte%20rodovi\u00e1rio\u00a0%20-%20https:\/\/www.tribunaribeirao.com.br\/site\/inmetro-anuncia-projeto-para-descarbonizacao-do-transporte-rodoviario\/\"><i class=\"fa fa-twitter\"\/><\/a><i class=\"fa fa-whatsapp\"\/><\/span><\/header>\n<div class=\"penci-entry-content entry-content\">\n<p><span data-contrast=\"auto\">O Instituto Nacional de Metrologia, Qualidade e Tecnologia (Inmetro) aprovou projeto para o desenvolvimento de um sistema de conectividade veicular com foco na redu\u00e7\u00e3o das emiss\u00f5es de carbono para o transporte rodovi\u00e1rio. A iniciativa visa a auxiliar o desenvolvimento de tecnologias de descarboniza\u00e7\u00e3o para o setor.<\/span><span data-ccp-props=\"{&quot;201341983&quot;:0,&quot;335559739&quot;:160,&quot;335559740&quot;:259}\">\u00a0<\/span><\/p><div class='code-block code-block-8' style='margin: 8px auto; text-align: center; display: block; clear: both;'>\n<script>\n  atOptions = {\n    'key' : '66e2e2111ca34da796271819fc334058',\n    'format' : 'iframe',\n    'height' : 250,\n    'width' : 300,\n    'params' : {}\n  };\n<\/script>\n<script src=\"https:\/\/www.highperformanceformat.com\/66e2e2111ca34da796271819fc334058\/invoke.js\"><\/script>\n<\/div>\n\n<p><span data-contrast=\"auto\">Chamado de Descarbonize.ai: Sistema Integrado para An\u00e1lise, Monetiza\u00e7\u00e3o e Descarboniza\u00e7\u00e3o do Tr\u00e1fego Veicular, o programa vai aplicar nessa etapa R$ 18 milh\u00f5es em projetos colaborativos entre institui\u00e7\u00f5es de Ci\u00eancia e Tecnologia (ICTs) com empresas da cadeia automotiva e de tecnologia, a fim de gerar solu\u00e7\u00f5es de impacto e abrang\u00eancia.<\/span><span data-ccp-props=\"{&quot;201341983&quot;:0,&quot;335559739&quot;:160,&quot;335559740&quot;:259}\">\u00a0<\/span><\/p>\n<p><span data-contrast=\"auto\">A iniciativa \u00e9 desenvolvida em parceria com as universidades federais do Rio Grande do Norte (UFRN) e de Pernambuco (UFPE), e com as empresas Embeddo Computa\u00e7\u00e3o Aplicada, Volkswagen Caminh\u00f5es e \u00d4nibus (VWTB), Peugeot Citroen Do Brasil, e FCA Fiat Chrysler.<\/span><span data-ccp-props=\"{&quot;201341983&quot;:0,&quot;335559739&quot;:160,&quot;335559740&quot;:259}\">\u00a0<\/span><\/p>\n<p><span data-contrast=\"auto\">\u201cA solu\u00e7\u00e3o abrange a utiliza\u00e7\u00e3o de tecnologias disruptivas como internet das coisas, intelig\u00eancia artificial e blockchain para viabilizar a gera\u00e7\u00e3o de ambiente sustent\u00e1vel que promova a transi\u00e7\u00e3o para uma frota veicular com maior efici\u00eancia energ\u00e9tica e menor emiss\u00e3o de gases. Nesse contexto, motoristas, gestores de frota, montadoras e corpora\u00e7\u00f5es em geral s\u00e3o incentivados a adotar iniciativas ecologicamente respons\u00e1veis\u201d, informou o Inmetro.<\/span><span data-ccp-props=\"{&quot;201341983&quot;:0,&quot;335559739&quot;:160,&quot;335559740&quot;:259}\">\u00a0<\/span><\/p>\n<p><span data-contrast=\"auto\">Os recursos para o projeto s\u00e3o do programa Rota 2030, iniciativa do governo federal lan\u00e7ada em 2018, que define normas para a fabrica\u00e7\u00e3o e a comercializa\u00e7\u00e3o de ve\u00edculos nacionais para os pr\u00f3ximos 15 anos.<\/span><span data-ccp-props=\"{&quot;201341983&quot;:0,&quot;335559739&quot;:160,&quot;335559740&quot;:259}\">\u00a0<\/span><\/p>\n<p>\u00a0<\/p>\n<\/div>\n<footer class=\"penci-entry-footer\"\/><\/div>\n<p><script async src=\"\/\/platform.twitter.com\/widgets.js\" charset=\"utf-8\"><\/script><br \/>\n<br \/><br \/>\n<br \/><a href=\"https:\/\/www.tribunaribeirao.com.br\/site\/inmetro-anuncia-projeto-para-descarbonizacao-do-transporte-rodoviario\/\">Source link <\/a><\/p>\n<div class='code-block code-block-4' style='margin: 8px auto 8px 0; text-align: left; display: block; clear: both;'>\n\ud83d\udce2 Aviso Legal\n\nO site ismaelcolosi.com.br atua apenas como um canal de divulga\u00e7\u00e3o de oportunidades de emprego e n\u00e3o se responsabiliza pelo processo seletivo, contrata\u00e7\u00e3o ou qualquer outra etapa relacionada \u00e0s vagas publicadas. Todas as informa\u00e7\u00f5es s\u00e3o de responsabilidade dos anunciantes.\n\n\u26a0\ufe0f Aten\u00e7\u00e3o! Nunca pague por promessas de emprego nem compre cursos que garantam contrata\u00e7\u00e3o. Desconfie de qualquer cobran\u00e7a para participar de sele\u00e7\u00f5es.\n\n\n\n<\/div>\n<!-- CONTENT END 1 -->\n","protected":false},"excerpt":{"rendered":"<p>5 de janeiro de 2024 | 18:005 de janeiro de 2024 | 10:53 0 O Instituto Nacional de Metrologia, Qualidade e Tecnologia (Inmetro) aprovou projeto&#8230;<\/p>\n","protected":false},"author":1,"featured_media":25058,"comment_status":"open","ping_status":"open","sticky":false,"template":"","format":"standard","meta":{"_uag_custom_page_level_css":"","advanced_seo_description":"","jetpack_seo_html_title":"","jetpack_seo_noindex":false,"jetpack_post_was_ever_published":false,"_jetpack_newsletter_access":"","_jetpack_dont_email_post_to_subs":false,"_jetpack_newsletter_tier_id":0,"_jetpack_memberships_contains_paywalled_content":false,"_jetpack_memberships_contains_paid_content":false,"footnotes":"","jetpack_publicize_message":"","jetpack_publicize_feature_enabled":true,"jetpack_social_post_already_shared":true,"jetpack_social_options":{"image_generator_settings":{"template":"highway","default_image_id":0,"font":"","enabled":false},"version":2}},"categories":[11],"tags":[175,3086,3085,71,685,3087,2729],"class_list":["post-25057","post","type-post","status-publish","format-standard","has-post-thumbnail","hentry","category-noticias-de-ribeirao-preto-sp-e-regiao-ismael-colosi","tag-anuncia","tag-descarbonizacao","tag-inmetro","tag-para","tag-projeto","tag-rodoviario","tag-transporte"],"jetpack_publicize_connections":[],"jetpack_featured_media_url":"https:\/\/i0.wp.com\/ismaelcolosi.com.br\/wp-content\/uploads\/2024\/01\/2-agencia-brasil-arquivo-scaled.jpg?fit=1000%2C598&ssl=1","uagb_featured_image_src":{"full":["https:\/\/i0.wp.com\/ismaelcolosi.com.br\/wp-content\/uploads\/2024\/01\/2-agencia-brasil-arquivo-scaled.jpg?fit=1000%2C598&ssl=1",1000,598,false],"thumbnail":["https:\/\/i0.wp.com\/ismaelcolosi.com.br\/wp-content\/uploads\/2024\/01\/2-agencia-brasil-arquivo-scaled.jpg?resize=150%2C150&ssl=1",150,150,true],"medium":["https:\/\/i0.wp.com\/ismaelcolosi.com.br\/wp-content\/uploads\/2024\/01\/2-agencia-brasil-arquivo-scaled.jpg?fit=300%2C179&ssl=1",300,179,true],"medium_large":["https:\/\/i0.wp.com\/ismaelcolosi.com.br\/wp-content\/uploads\/2024\/01\/2-agencia-brasil-arquivo-scaled.jpg?fit=768%2C459&ssl=1",768,459,true],"large":["https:\/\/i0.wp.com\/ismaelcolosi.com.br\/wp-content\/uploads\/2024\/01\/2-agencia-brasil-arquivo-scaled.jpg?fit=1000%2C598&ssl=1",1000,598,true],"1536x1536":["https:\/\/i0.wp.com\/ismaelcolosi.com.br\/wp-content\/uploads\/2024\/01\/2-agencia-brasil-arquivo-scaled.jpg?fit=1000%2C598&ssl=1",1000,598,true],"2048x2048":["https:\/\/i0.wp.com\/ismaelcolosi.com.br\/wp-content\/uploads\/2024\/01\/2-agencia-brasil-arquivo-scaled.jpg?fit=1000%2C598&ssl=1",1000,598,true],"really-simple-thumb":["https:\/\/i0.wp.com\/ismaelcolosi.com.br\/wp-content\/uploads\/2024\/01\/2-agencia-brasil-arquivo-scaled.jpg?resize=370%2C247&ssl=1",370,247,true]},"uagb_author_info":{"display_name":"ismaelcolosi.com.br","author_link":"https:\/\/ismaelcolosi.com.br\/index.php\/author\/vidareal-online\/"},"uagb_comment_info":0,"uagb_excerpt":"5 de janeiro de 2024 | 18:005 de janeiro de 2024 | 10:53 0 O Instituto Nacional de Metrologia, Qualidade e Tecnologia (Inmetro) aprovou projeto...","jetpack-related-posts":[{"id":19637,"url":"https:\/\/ismaelcolosi.com.br\/index.php\/2023\/12\/22\/inmetro-anuncia-edital-de-concurso-publico-com-860-vagas-para-profissionais-de-nivel-superior\/","url_meta":{"origin":25057,"position":0},"title":"INMETRO anuncia edital de concurso p\u00fablico com 860 vagas para profissionais de n\u00edvel superior","author":"ismaelcolosi.com.br","date":"22 de December de 2023","format":false,"excerpt":"Cr\u00e9ditos: IStockConcurso p\u00fablico INMETRO O aguardado edital de n\u00ba 1\/2023 para concurso p\u00fablico do Instituto Nacional de Metrologia, Qualidade e Tecnologia (INMETRO) foi finalmente divulgado, abrindo caminho para o preenchimento de 860 vagas voltadas a profissionais com forma\u00e7\u00e3o de n\u00edvel superior. Desse total, 100 oportunidades est\u00e3o imediatamente dispon\u00edveis, enquanto 760\u2026","rel":"","context":"In &quot;Variedades&quot;","block_context":{"text":"Variedades","link":"https:\/\/ismaelcolosi.com.br\/index.php\/category\/variedades\/"},"img":{"alt_text":"","src":"https:\/\/i0.wp.com\/ismaelcolosi.com.br\/wp-content\/uploads\/2023\/12\/istock-1455111368.jpg?fit=1200%2C638&ssl=1&resize=350%2C200","width":350,"height":200,"srcset":"https:\/\/i0.wp.com\/ismaelcolosi.com.br\/wp-content\/uploads\/2023\/12\/istock-1455111368.jpg?fit=1200%2C638&ssl=1&resize=350%2C200 1x, https:\/\/i0.wp.com\/ismaelcolosi.com.br\/wp-content\/uploads\/2023\/12\/istock-1455111368.jpg?fit=1200%2C638&ssl=1&resize=525%2C300 1.5x, https:\/\/i0.wp.com\/ismaelcolosi.com.br\/wp-content\/uploads\/2023\/12\/istock-1455111368.jpg?fit=1200%2C638&ssl=1&resize=700%2C400 2x, https:\/\/i0.wp.com\/ismaelcolosi.com.br\/wp-content\/uploads\/2023\/12\/istock-1455111368.jpg?fit=1200%2C638&ssl=1&resize=1050%2C600 3x"},"classes":[]},{"id":20615,"url":"https:\/\/ismaelcolosi.com.br\/index.php\/2023\/12\/26\/concurso-publico-inmetro-oferece-860-vagas\/","url_meta":{"origin":25057,"position":1},"title":"Concurso p\u00fablico INMETRO oferece 860 vagas","author":"ismaelcolosi.com.br","date":"26 de December de 2023","format":false,"excerpt":"Cr\u00e9ditos: IStockConcurso p\u00fablico INMETROO Instituto Nacional de Metrologia, Qualidade e Tecnologia (INMETRO) anuncia o edital de n\u00ba 1\/2023 de concurso p\u00fablico, para contrata\u00e7\u00e3o de novos servidores efetivos de n\u00edvel superior. O documento informa que est\u00e3o abertas\u00a0860 oportunidades, das quais 100 s\u00e3o vagas imediatas e as outras 760 s\u00e3o para forma\u00e7\u00e3o\u2026","rel":"","context":"In &quot;Variedades&quot;","block_context":{"text":"Variedades","link":"https:\/\/ismaelcolosi.com.br\/index.php\/category\/variedades\/"},"img":{"alt_text":"","src":"https:\/\/i0.wp.com\/ismaelcolosi.com.br\/wp-content\/uploads\/2023\/12\/istock-187131634-1.jpg?fit=1200%2C638&ssl=1&resize=350%2C200","width":350,"height":200,"srcset":"https:\/\/i0.wp.com\/ismaelcolosi.com.br\/wp-content\/uploads\/2023\/12\/istock-187131634-1.jpg?fit=1200%2C638&ssl=1&resize=350%2C200 1x, https:\/\/i0.wp.com\/ismaelcolosi.com.br\/wp-content\/uploads\/2023\/12\/istock-187131634-1.jpg?fit=1200%2C638&ssl=1&resize=525%2C300 1.5x, https:\/\/i0.wp.com\/ismaelcolosi.com.br\/wp-content\/uploads\/2023\/12\/istock-187131634-1.jpg?fit=1200%2C638&ssl=1&resize=700%2C400 2x, https:\/\/i0.wp.com\/ismaelcolosi.com.br\/wp-content\/uploads\/2023\/12\/istock-187131634-1.jpg?fit=1200%2C638&ssl=1&resize=1050%2C600 3x"},"classes":[]},{"id":16014,"url":"https:\/\/ismaelcolosi.com.br\/index.php\/2023\/12\/14\/concurso-publico-inmetro-tem-edital-com-860-vagas\/","url_meta":{"origin":25057,"position":2},"title":"Concurso p\u00fablico INMETRO tem edital com 860 vagas","author":"ismaelcolosi.com.br","date":"14 de December de 2023","format":false,"excerpt":"Cr\u00e9ditos: IStockConcurso P\u00fablico INMETROO Instituto Nacional de Metrologia (INMETRO)\u00a0anuncia edital de n\u00ba 1\/2023 de concurso p\u00fablico,\u00a0para contrata\u00e7\u00e3o de novos servidores efetivos de n\u00edvel superior. O documento informa que est\u00e3o abertas\u00a0860 oportunidades, das quais 100 s\u00e3o vagas imediatas e as outras 760 s\u00e3o para forma\u00e7\u00e3o de cadastro reserva (CR).A remunera\u00e7\u00e3o prevista\u2026","rel":"","context":"In &quot;Variedades&quot;","block_context":{"text":"Variedades","link":"https:\/\/ismaelcolosi.com.br\/index.php\/category\/variedades\/"},"img":{"alt_text":"","src":"https:\/\/i0.wp.com\/ismaelcolosi.com.br\/wp-content\/uploads\/2023\/12\/istock-1091216916.jpg?fit=1200%2C638&ssl=1&resize=350%2C200","width":350,"height":200,"srcset":"https:\/\/i0.wp.com\/ismaelcolosi.com.br\/wp-content\/uploads\/2023\/12\/istock-1091216916.jpg?fit=1200%2C638&ssl=1&resize=350%2C200 1x, https:\/\/i0.wp.com\/ismaelcolosi.com.br\/wp-content\/uploads\/2023\/12\/istock-1091216916.jpg?fit=1200%2C638&ssl=1&resize=525%2C300 1.5x, https:\/\/i0.wp.com\/ismaelcolosi.com.br\/wp-content\/uploads\/2023\/12\/istock-1091216916.jpg?fit=1200%2C638&ssl=1&resize=700%2C400 2x, https:\/\/i0.wp.com\/ismaelcolosi.com.br\/wp-content\/uploads\/2023\/12\/istock-1091216916.jpg?fit=1200%2C638&ssl=1&resize=1050%2C600 3x"},"classes":[]},{"id":16998,"url":"https:\/\/ismaelcolosi.com.br\/index.php\/2023\/12\/17\/inmetro-lanca-concurso-publico-com-860-vagas-para-nivel-superior\/","url_meta":{"origin":25057,"position":3},"title":"INMETRO lan\u00e7a concurso p\u00fablico com 860 vagas para n\u00edvel superior","author":"ismaelcolosi.com.br","date":"17 de December de 2023","format":false,"excerpt":"Cr\u00e9ditos: IStockINMETRO lan\u00e7a Concurso P\u00fablicoO Instituto Nacional de Metrologia (INMETRO) divulgou o edital de n\u00famero 1\/2023 para seu concurso p\u00fablico, visando a contrata\u00e7\u00e3o de novos profissionais de n\u00edvel superior. Com um total de 860 oportunidades, sendo 100 vagas imediatas e 760 para forma\u00e7\u00e3o de cadastro reserva (CR), o documento destaca\u2026","rel":"","context":"In &quot;Variedades&quot;","block_context":{"text":"Variedades","link":"https:\/\/ismaelcolosi.com.br\/index.php\/category\/variedades\/"},"img":{"alt_text":"","src":"https:\/\/i0.wp.com\/ismaelcolosi.com.br\/wp-content\/uploads\/2023\/12\/istock-530682793.jpg?fit=1200%2C638&ssl=1&resize=350%2C200","width":350,"height":200,"srcset":"https:\/\/i0.wp.com\/ismaelcolosi.com.br\/wp-content\/uploads\/2023\/12\/istock-530682793.jpg?fit=1200%2C638&ssl=1&resize=350%2C200 1x, https:\/\/i0.wp.com\/ismaelcolosi.com.br\/wp-content\/uploads\/2023\/12\/istock-530682793.jpg?fit=1200%2C638&ssl=1&resize=525%2C300 1.5x, https:\/\/i0.wp.com\/ismaelcolosi.com.br\/wp-content\/uploads\/2023\/12\/istock-530682793.jpg?fit=1200%2C638&ssl=1&resize=700%2C400 2x, https:\/\/i0.wp.com\/ismaelcolosi.com.br\/wp-content\/uploads\/2023\/12\/istock-530682793.jpg?fit=1200%2C638&ssl=1&resize=1050%2C600 3x"},"classes":[]},{"id":19790,"url":"https:\/\/ismaelcolosi.com.br\/index.php\/2023\/12\/23\/inmetro-lanca-edital-de-concurso-com-860-vagas-para-nivel-superior\/","url_meta":{"origin":25057,"position":4},"title":"INMETRO lan\u00e7a edital de concurso com 860 vagas para n\u00edvel superior","author":"ismaelcolosi.com.br","date":"23 de December de 2023","format":false,"excerpt":"Cr\u00e9ditos: IStockConcurso p\u00fablico INMETROO Instituto Nacional de Metrologia, Qualidade e Tecnologia (INMETRO) revelou o aguardado edital de n\u00ba 1\/2023 para seu concurso p\u00fablico, visando o preenchimento de 860 vagas para profissionais de n\u00edvel superior. Deste total, 100 s\u00e3o oportunidades imediatas, enquanto 760 s\u00e3o destinadas \u00e0 forma\u00e7\u00e3o de cadastro reserva (CR).No\u2026","rel":"","context":"In &quot;Variedades&quot;","block_context":{"text":"Variedades","link":"https:\/\/ismaelcolosi.com.br\/index.php\/category\/variedades\/"},"img":{"alt_text":"","src":"https:\/\/i0.wp.com\/ismaelcolosi.com.br\/wp-content\/uploads\/2023\/12\/istock-535847793-1.jpg?fit=1200%2C638&ssl=1&resize=350%2C200","width":350,"height":200,"srcset":"https:\/\/i0.wp.com\/ismaelcolosi.com.br\/wp-content\/uploads\/2023\/12\/istock-535847793-1.jpg?fit=1200%2C638&ssl=1&resize=350%2C200 1x, https:\/\/i0.wp.com\/ismaelcolosi.com.br\/wp-content\/uploads\/2023\/12\/istock-535847793-1.jpg?fit=1200%2C638&ssl=1&resize=525%2C300 1.5x, https:\/\/i0.wp.com\/ismaelcolosi.com.br\/wp-content\/uploads\/2023\/12\/istock-535847793-1.jpg?fit=1200%2C638&ssl=1&resize=700%2C400 2x, https:\/\/i0.wp.com\/ismaelcolosi.com.br\/wp-content\/uploads\/2023\/12\/istock-535847793-1.jpg?fit=1200%2C638&ssl=1&resize=1050%2C600 3x"},"classes":[]},{"id":86337,"url":"https:\/\/ismaelcolosi.com.br\/index.php\/2025\/06\/25\/desempregado-mas-com-cnh-e-experiencia-a-vaga-motorista-rodoviario-pode-ser-o-ponto-de-partida\/","url_meta":{"origin":25057,"position":5},"title":"Desempregado, mas com CNH &#8216;D&#8217; e experi\u00eancia? A vaga Motorista Rodovi\u00e1rio pode ser o ponto de partida","author":"Arthur Tijolo","date":"25 de June de 2025","format":false,"excerpt":"A rotina de um motorista rodovi\u00e1rio come\u00e7a antes mesmo de ligar o motor. ele precisa fazer uma checagem completa do ve\u00edculo, garantir que toda a documenta\u00e7\u00e3o esteja em ordem e planejar a rota com base nas condi\u00e7\u00f5es da estrada e do clima. Esse preparo \u00e9 essencial para garantir seguran\u00e7a e\u2026","rel":"","context":"In &quot;Vagas de Emprego em Ribeir\u00e3o Preto-SP&quot;","block_context":{"text":"Vagas de Emprego em Ribeir\u00e3o Preto-SP","link":"https:\/\/ismaelcolosi.com.br\/index.php\/category\/empregos-classificados-vagas-trabalho\/vagas-de-empregos-em-ribeirao-preto-regiao-brasil\/"},"img":{"alt_text":"","src":"https:\/\/i0.wp.com\/ismaelcolosi.com.br\/wp-content\/uploads\/2025\/06\/473725475_1956389151551757_6330584577893646619_n.jpg?fit=1080%2C1065&ssl=1&resize=350%2C200","width":350,"height":200,"srcset":"https:\/\/i0.wp.com\/ismaelcolosi.com.br\/wp-content\/uploads\/2025\/06\/473725475_1956389151551757_6330584577893646619_n.jpg?fit=1080%2C1065&ssl=1&resize=350%2C200 1x, https:\/\/i0.wp.com\/ismaelcolosi.com.br\/wp-content\/uploads\/2025\/06\/473725475_1956389151551757_6330584577893646619_n.jpg?fit=1080%2C1065&ssl=1&resize=525%2C300 1.5x, https:\/\/i0.wp.com\/ismaelcolosi.com.br\/wp-content\/uploads\/2025\/06\/473725475_1956389151551757_6330584577893646619_n.jpg?fit=1080%2C1065&ssl=1&resize=700%2C400 2x, https:\/\/i0.wp.com\/ismaelcolosi.com.br\/wp-content\/uploads\/2025\/06\/473725475_1956389151551757_6330584577893646619_n.jpg?fit=1080%2C1065&ssl=1&resize=1050%2C600 3x"},"classes":[]}],"jetpack_sharing_enabled":true,"jetpack_shortlink":"https:\/\/wp.me\/pfMlyK-6w9","_links":{"self":[{"href":"https:\/\/ismaelcolosi.com.br\/index.php\/wp-json\/wp\/v2\/posts\/25057","targetHints":{"allow":["GET"]}}],"collection":[{"href":"https:\/\/ismaelcolosi.com.br\/index.php\/wp-json\/wp\/v2\/posts"}],"about":[{"href":"https:\/\/ismaelcolosi.com.br\/index.php\/wp-json\/wp\/v2\/types\/post"}],"author":[{"embeddable":true,"href":"https:\/\/ismaelcolosi.com.br\/index.php\/wp-json\/wp\/v2\/users\/1"}],"replies":[{"embeddable":true,"href":"https:\/\/ismaelcolosi.com.br\/index.php\/wp-json\/wp\/v2\/comments?post=25057"}],"version-history":[{"count":0,"href":"https:\/\/ismaelcolosi.com.br\/index.php\/wp-json\/wp\/v2\/posts\/25057\/revisions"}],"wp:featuredmedia":[{"embeddable":true,"href":"https:\/\/ismaelcolosi.com.br\/index.php\/wp-json\/wp\/v2\/media\/25058"}],"wp:attachment":[{"href":"https:\/\/ismaelcolosi.com.br\/index.php\/wp-json\/wp\/v2\/media?parent=25057"}],"wp:term":[{"taxonomy":"category","embeddable":true,"href":"https:\/\/ismaelcolosi.com.br\/index.php\/wp-json\/wp\/v2\/categories?post=25057"},{"taxonomy":"post_tag","embeddable":true,"href":"https:\/\/ismaelcolosi.com.br\/index.php\/wp-json\/wp\/v2\/tags?post=25057"}],"curies":[{"name":"wp","href":"https:\/\/api.w.org\/{rel}","templated":true}]}}