{"id":24979,"date":"2024-01-05T16:17:38","date_gmt":"2024-01-05T19:17:38","guid":{"rendered":"https:\/\/ismaelcolosi.com.br\/index.php\/2024\/01\/05\/apos-complicacoes-no-quadro-de-saude-filha-cacula-de-juliano-cazarre-e-internada-as-pressas-rezem\/"},"modified":"2024-01-05T16:17:38","modified_gmt":"2024-01-05T19:17:38","slug":"apos-complicacoes-no-quadro-de-saude-filha-cacula-de-juliano-cazarre-e-internada-as-pressas-rezem","status":"publish","type":"post","link":"https:\/\/ismaelcolosi.com.br\/index.php\/2024\/01\/05\/apos-complicacoes-no-quadro-de-saude-filha-cacula-de-juliano-cazarre-e-internada-as-pressas-rezem\/","title":{"rendered":"Ap\u00f3s complica\u00e7\u00f5es no quadro de sa\u00fade, filha ca\u00e7ula de Juliano Cazarr\u00e9 \u00e9 internada \u00e0s pressas: &#8216;Rezem&#8217;"},"content":{"rendered":"<p> <br \/>\n<\/p>\n<div itemprop=\"text\">\n<p>Na madrugada desta sexta-feira,5 de janeiro, Let\u00edcia Cazarr\u00e9, esposa de Juliano Cazarr\u00e9, recorreu \u00e0s plataformas de m\u00eddia social para informar aos seus seguidores sobre a urgente ida ao hospital da filha ca\u00e7ula do casal, Maria.<\/p>\n<p>A crian\u00e7a enfrentou complica\u00e7\u00f5es relacionadas \u00e0 sua condi\u00e7\u00e3o de sa\u00fade, uma vez que ela \u00e9 portadora da rara anomalia de Ebstein, uma cardiopatia.<\/p><div class='code-block code-block-8' style='margin: 8px auto; text-align: center; display: block; clear: both;'>\n<script>\n  atOptions = {\n    'key' : '66e2e2111ca34da796271819fc334058',\n    'format' : 'iframe',\n    'height' : 250,\n    'width' : 300,\n    'params' : {}\n  };\n<\/script>\n<script src=\"https:\/\/www.highperformanceformat.com\/66e2e2111ca34da796271819fc334058\/invoke.js\"><\/script>\n<\/div>\n\n<p>Maria Guilhermina permanece internada no hospital, e a c\u00f4njuge do ator fez um apelo aos f\u00e3s, solicitando suas preces pela sa\u00fade dela.<\/p>\n<p><i>\u201cAinda estamos tentando estabilizar a respira\u00e7\u00e3o. Rezem por ela, amigos\u201d<\/i>, pediu encarecidamente Let\u00edcia Cazarr\u00e9 que est\u00e1 em sua sexta gesta\u00e7\u00e3o, fruto do casamento com o ator.<\/p>\n<p>O casal \u00e9 cat\u00f3lico conservador e n\u00e3o faz uso de contraceptivos, quando a sexta gravidez foi anunciada, o ator e a esposa foram alvos de cr\u00edticas, j\u00e1 Maria Guilhermina \u00e9 uma crian\u00e7a especial que precisa de cuidados intensivos dia e noite para seguir lutando por sua vida.<\/p>\n<p>Recentemente, Let\u00edcia Cazarr\u00e9 recorreu \u00e0s plataformas de m\u00eddia social para informar seus seguidores sobre sua condi\u00e7\u00e3o de sa\u00fade, ap\u00f3s receber o diagn\u00f3stico de burnout, uma s\u00edndrome relacionada ao esgotamento profissional.<\/p>\n<p><i>\u201cDo burnout estou bem melhor! Diria que ficou para tr\u00e1s! Mas h\u00e1 duas semanas estou com uma gripe\/sinusite muito forte e inc\u00f4moda. Cansada, mas feliz\u201d,<\/i> afirmou a esposa do ator global.<\/p>\n<p>Na ocasi\u00e3o a m\u00e3e de Maria Guilhermina afirmou que se sentiu aliviada por ter sido diagnosticada com burnout, segundo ela, seu maior medo era ter um diagn\u00f3stico que mostrasse algum problema no cora\u00e7\u00e3o.<\/p>\n<\/div>\n<p><br \/>\n<br \/><a href=\"https:\/\/fnmais.com\/apos-complicacoes-no-quadro-saude-filha-cacula-juliano-cazarre-internada-pressas-rezem\/\">Source link <\/a><\/p>\n<div class='code-block code-block-4' style='margin: 8px auto 8px 0; text-align: left; display: block; clear: both;'>\n\ud83d\udce2 Aviso Legal\n\nO site ismaelcolosi.com.br atua apenas como um canal de divulga\u00e7\u00e3o de oportunidades de emprego e n\u00e3o se responsabiliza pelo processo seletivo, contrata\u00e7\u00e3o ou qualquer outra etapa relacionada \u00e0s vagas publicadas. Todas as informa\u00e7\u00f5es s\u00e3o de responsabilidade dos anunciantes.\n\n\u26a0\ufe0f Aten\u00e7\u00e3o! Nunca pague por promessas de emprego nem compre cursos que garantam contrata\u00e7\u00e3o. Desconfie de qualquer cobran\u00e7a para participar de sele\u00e7\u00f5es.\n\n\n\n<\/div>\n<!-- CONTENT END 1 -->\n","protected":false},"excerpt":{"rendered":"<p>Na madrugada desta sexta-feira,5 de janeiro, Let\u00edcia Cazarr\u00e9, esposa de Juliano Cazarr\u00e9, recorreu \u00e0s plataformas de m\u00eddia social para informar aos seus seguidores sobre a&#8230;<\/p>\n","protected":false},"author":1,"featured_media":24980,"comment_status":"open","ping_status":"open","sticky":false,"template":"","format":"standard","meta":{"_uag_custom_page_level_css":"","advanced_seo_description":"","jetpack_seo_html_title":"","jetpack_seo_noindex":false,"jetpack_post_was_ever_published":false,"_jetpack_newsletter_access":"","_jetpack_dont_email_post_to_subs":false,"_jetpack_newsletter_tier_id":0,"_jetpack_memberships_contains_paywalled_content":false,"_jetpack_memberships_contains_paid_content":false,"footnotes":"","jetpack_publicize_message":"","jetpack_publicize_feature_enabled":true,"jetpack_social_post_already_shared":true,"jetpack_social_options":{"image_generator_settings":{"template":"highway","default_image_id":0,"font":"","enabled":false},"version":2}},"categories":[1],"tags":[],"class_list":["post-24979","post","type-post","status-publish","format-standard","has-post-thumbnail","hentry","category-blog"],"jetpack_publicize_connections":[],"jetpack_featured_media_url":"https:\/\/i0.wp.com\/ismaelcolosi.com.br\/wp-content\/uploads\/2024\/01\/postimg-65982ae8ef1f05114.jpg?fit=1200%2C628&ssl=1","uagb_featured_image_src":{"full":["https:\/\/i0.wp.com\/ismaelcolosi.com.br\/wp-content\/uploads\/2024\/01\/postimg-65982ae8ef1f05114.jpg?fit=1200%2C628&ssl=1",1200,628,false],"thumbnail":["https:\/\/i0.wp.com\/ismaelcolosi.com.br\/wp-content\/uploads\/2024\/01\/postimg-65982ae8ef1f05114.jpg?resize=150%2C150&ssl=1",150,150,true],"medium":["https:\/\/i0.wp.com\/ismaelcolosi.com.br\/wp-content\/uploads\/2024\/01\/postimg-65982ae8ef1f05114.jpg?fit=300%2C157&ssl=1",300,157,true],"medium_large":["https:\/\/i0.wp.com\/ismaelcolosi.com.br\/wp-content\/uploads\/2024\/01\/postimg-65982ae8ef1f05114.jpg?fit=768%2C402&ssl=1",768,402,true],"large":["https:\/\/i0.wp.com\/ismaelcolosi.com.br\/wp-content\/uploads\/2024\/01\/postimg-65982ae8ef1f05114.jpg?fit=1024%2C536&ssl=1",1024,536,true],"1536x1536":["https:\/\/i0.wp.com\/ismaelcolosi.com.br\/wp-content\/uploads\/2024\/01\/postimg-65982ae8ef1f05114.jpg?fit=1200%2C628&ssl=1",1200,628,true],"2048x2048":["https:\/\/i0.wp.com\/ismaelcolosi.com.br\/wp-content\/uploads\/2024\/01\/postimg-65982ae8ef1f05114.jpg?fit=1200%2C628&ssl=1",1200,628,true],"really-simple-thumb":["https:\/\/i0.wp.com\/ismaelcolosi.com.br\/wp-content\/uploads\/2024\/01\/postimg-65982ae8ef1f05114.jpg?resize=370%2C247&ssl=1",370,247,true]},"uagb_author_info":{"display_name":"ismaelcolosi.com.br","author_link":"https:\/\/ismaelcolosi.com.br\/index.php\/author\/vidareal-online\/"},"uagb_comment_info":0,"uagb_excerpt":"Na madrugada desta sexta-feira,5 de janeiro, Let\u00edcia Cazarr\u00e9, esposa de Juliano Cazarr\u00e9, recorreu \u00e0s plataformas de m\u00eddia social para informar aos seus seguidores sobre a...","jetpack-related-posts":[{"id":31057,"url":"https:\/\/ismaelcolosi.com.br\/index.php\/2024\/01\/20\/chega-ao-fim-a-luta-de-mamma-bruschetta-que-estava-internada-em-sao-paulo-detalhes-sobre-o-desfecho-do-caso-sao-expostos\/","url_meta":{"origin":24979,"position":0},"title":"Chega ao fim a luta de Mamma Bruschetta que estava internada em S\u00e3o Paulo, detalhes sobre o desfecho do caso s\u00e3o expostos","author":"ismaelcolosi.com.br","date":"20 de January de 2024","format":false,"excerpt":"Aos 74 anos, a apresentadora Mamma Bruschetta, que havia sido hospitalizada na Unidade de Terapia Intensiva em S\u00e3o Paulo desde sexta-feira (12), quando renomada artista foi admitida no pronto-socorro do Hospital S\u00e3o Luiz, localizado na regi\u00e3o da Zona Sul de S\u00e3o Paulo, devido a sintomas de tosse e dificuldades respirat\u00f3rias.A\u2026","rel":"","context":"In &quot;Blog&quot;","block_context":{"text":"Blog","link":"https:\/\/ismaelcolosi.com.br\/index.php\/category\/blog\/"},"img":{"alt_text":"","src":"https:\/\/i0.wp.com\/ismaelcolosi.com.br\/wp-content\/uploads\/2024\/01\/postimg-65ac5c20a0e875450.jpg?fit=1200%2C628&ssl=1&resize=350%2C200","width":350,"height":200,"srcset":"https:\/\/i0.wp.com\/ismaelcolosi.com.br\/wp-content\/uploads\/2024\/01\/postimg-65ac5c20a0e875450.jpg?fit=1200%2C628&ssl=1&resize=350%2C200 1x, https:\/\/i0.wp.com\/ismaelcolosi.com.br\/wp-content\/uploads\/2024\/01\/postimg-65ac5c20a0e875450.jpg?fit=1200%2C628&ssl=1&resize=525%2C300 1.5x, https:\/\/i0.wp.com\/ismaelcolosi.com.br\/wp-content\/uploads\/2024\/01\/postimg-65ac5c20a0e875450.jpg?fit=1200%2C628&ssl=1&resize=700%2C400 2x, https:\/\/i0.wp.com\/ismaelcolosi.com.br\/wp-content\/uploads\/2024\/01\/postimg-65ac5c20a0e875450.jpg?fit=1200%2C628&ssl=1&resize=1050%2C600 3x"},"classes":[]},{"id":65996,"url":"https:\/\/ismaelcolosi.com.br\/index.php\/2024\/09\/15\/o-que-se-sabe-sobre-morte-de-menina-de-3-anos-em-ribeirao-preto\/","url_meta":{"origin":24979,"position":1},"title":"O que se sabe sobre morte de menina de 3 anos em\u00a0Ribeir\u00e3o\u00a0Preto","author":"ismaelcolosi.com.br","date":"15 de September de 2024","format":false,"excerpt":"A Pol\u00edcia Civil investiga a morte de uma menina de 3 anos, em Ribeir\u00e3o Preto. Sophia da Silva Fernandez completaria 4 anos na \u00faltima sexta-feira (13). A crian\u00e7a ficou internada na Unidade de Eemerg\u00eancia do Hospital das Cl\u00ednicas (HC-UE), durante nove dias, at\u00e9 ser confirmada a morte cerebral. O hospital\u2026","rel":"","context":"In &quot;Not\u00edcias de Ribeir\u00e3o Preto-SP e Regi\u00e3o&quot;","block_context":{"text":"Not\u00edcias de Ribeir\u00e3o Preto-SP e Regi\u00e3o","link":"https:\/\/ismaelcolosi.com.br\/index.php\/category\/noticias-de-ribeirao-preto-sp-e-regiao-ismael-colosi\/"},"img":{"alt_text":"","src":"https:\/\/i0.wp.com\/ismaelcolosi.com.br\/wp-content\/uploads\/2024\/09\/acidadeon_logos_Prancheta-1-copia-12_edited.jpg?fit=1199%2C1200&ssl=1&resize=350%2C200","width":350,"height":200,"srcset":"https:\/\/i0.wp.com\/ismaelcolosi.com.br\/wp-content\/uploads\/2024\/09\/acidadeon_logos_Prancheta-1-copia-12_edited.jpg?fit=1199%2C1200&ssl=1&resize=350%2C200 1x, https:\/\/i0.wp.com\/ismaelcolosi.com.br\/wp-content\/uploads\/2024\/09\/acidadeon_logos_Prancheta-1-copia-12_edited.jpg?fit=1199%2C1200&ssl=1&resize=525%2C300 1.5x, https:\/\/i0.wp.com\/ismaelcolosi.com.br\/wp-content\/uploads\/2024\/09\/acidadeon_logos_Prancheta-1-copia-12_edited.jpg?fit=1199%2C1200&ssl=1&resize=700%2C400 2x, https:\/\/i0.wp.com\/ismaelcolosi.com.br\/wp-content\/uploads\/2024\/09\/acidadeon_logos_Prancheta-1-copia-12_edited.jpg?fit=1199%2C1200&ssl=1&resize=1050%2C600 3x"},"classes":[]},{"id":66003,"url":"https:\/\/ismaelcolosi.com.br\/index.php\/2024\/09\/15\/o-que-se-sabe-sobre-morte-de-menina-de-3-anos-em-ribeirao-preto-2\/","url_meta":{"origin":24979,"position":2},"title":"O que se sabe sobre morte de menina de 3 anos em\u00a0Ribeir\u00e3o\u00a0Preto","author":"ismaelcolosi.com.br","date":"15 de September de 2024","format":false,"excerpt":"A Pol\u00edcia Civil investiga a morte de uma menina de 3 anos, em Ribeir\u00e3o Preto. Sophia da Silva Fernandez completaria 4 anos na \u00faltima sexta-feira (13). A crian\u00e7a ficou internada na Unidade de Eemerg\u00eancia do Hospital das Cl\u00ednicas (HC-UE), durante nove dias, at\u00e9 ser confirmada a morte cerebral. O hospital\u2026","rel":"","context":"In &quot;Not\u00edcias de Ribeir\u00e3o Preto-SP e Regi\u00e3o&quot;","block_context":{"text":"Not\u00edcias de Ribeir\u00e3o Preto-SP e Regi\u00e3o","link":"https:\/\/ismaelcolosi.com.br\/index.php\/category\/noticias-de-ribeirao-preto-sp-e-regiao-ismael-colosi\/"},"img":{"alt_text":"","src":"https:\/\/i0.wp.com\/ismaelcolosi.com.br\/wp-content\/uploads\/2024\/08\/Copia-de-Copia-de-Copia-de-TAMANHO-EXATO-PARA-FOTOS-NO-SISTEMA-NOVO-4_2024-08-14_23-57-46_png_2024-08-14_23-57-46.webp.webp?fit=1200%2C675&ssl=1&resize=350%2C200","width":350,"height":200,"srcset":"https:\/\/i0.wp.com\/ismaelcolosi.com.br\/wp-content\/uploads\/2024\/08\/Copia-de-Copia-de-Copia-de-TAMANHO-EXATO-PARA-FOTOS-NO-SISTEMA-NOVO-4_2024-08-14_23-57-46_png_2024-08-14_23-57-46.webp.webp?fit=1200%2C675&ssl=1&resize=350%2C200 1x, https:\/\/i0.wp.com\/ismaelcolosi.com.br\/wp-content\/uploads\/2024\/08\/Copia-de-Copia-de-Copia-de-TAMANHO-EXATO-PARA-FOTOS-NO-SISTEMA-NOVO-4_2024-08-14_23-57-46_png_2024-08-14_23-57-46.webp.webp?fit=1200%2C675&ssl=1&resize=525%2C300 1.5x, https:\/\/i0.wp.com\/ismaelcolosi.com.br\/wp-content\/uploads\/2024\/08\/Copia-de-Copia-de-Copia-de-TAMANHO-EXATO-PARA-FOTOS-NO-SISTEMA-NOVO-4_2024-08-14_23-57-46_png_2024-08-14_23-57-46.webp.webp?fit=1200%2C675&ssl=1&resize=700%2C400 2x, https:\/\/i0.wp.com\/ismaelcolosi.com.br\/wp-content\/uploads\/2024\/08\/Copia-de-Copia-de-Copia-de-TAMANHO-EXATO-PARA-FOTOS-NO-SISTEMA-NOVO-4_2024-08-14_23-57-46_png_2024-08-14_23-57-46.webp.webp?fit=1200%2C675&ssl=1&resize=1050%2C600 3x"},"classes":[]},{"id":9183,"url":"https:\/\/ismaelcolosi.com.br\/index.php\/2023\/12\/01\/carolina-dieckmann-e-internada-preocupa-fas-e-deixa-alerta\/","url_meta":{"origin":24979,"position":3},"title":"Carolina Dieckmann \u00e9 internada, preocupa f\u00e3s e deixa alerta","author":"ismaelcolosi.com.br","date":"1 de December de 2023","format":false,"excerpt":"Na manh\u00e3 desta sexta-feira, dia 2 de dezembro, a famosa atriz Carolina Dieckmann publicou registros de sua interna\u00e7\u00e3o nas redes sociais. Na postagem, ela ainda aproveitou para deixar um alerta aos seus seguidores, abordando mais sobre o assunto.\u201cIsso foi ontem. J\u00e1 estou em casa e estou \u00f3tima, mas esse post\u2026","rel":"","context":"In &quot;Blog&quot;","block_context":{"text":"Blog","link":"https:\/\/ismaelcolosi.com.br\/index.php\/category\/blog\/"},"img":{"alt_text":"","src":"https:\/\/i0.wp.com\/ismaelcolosi.com.br\/wp-content\/uploads\/2023\/12\/postimg-656a1a46c8a7f3088.jpg?fit=1200%2C628&ssl=1&resize=350%2C200","width":350,"height":200,"srcset":"https:\/\/i0.wp.com\/ismaelcolosi.com.br\/wp-content\/uploads\/2023\/12\/postimg-656a1a46c8a7f3088.jpg?fit=1200%2C628&ssl=1&resize=350%2C200 1x, https:\/\/i0.wp.com\/ismaelcolosi.com.br\/wp-content\/uploads\/2023\/12\/postimg-656a1a46c8a7f3088.jpg?fit=1200%2C628&ssl=1&resize=525%2C300 1.5x, https:\/\/i0.wp.com\/ismaelcolosi.com.br\/wp-content\/uploads\/2023\/12\/postimg-656a1a46c8a7f3088.jpg?fit=1200%2C628&ssl=1&resize=700%2C400 2x, https:\/\/i0.wp.com\/ismaelcolosi.com.br\/wp-content\/uploads\/2023\/12\/postimg-656a1a46c8a7f3088.jpg?fit=1200%2C628&ssl=1&resize=1050%2C600 3x"},"classes":[]},{"id":74060,"url":"https:\/\/ismaelcolosi.com.br\/index.php\/2024\/10\/29\/engenheiro-e-indiciado-por-tentativa-de-feminicidio-tentativa-de-homicidio-estupro-e-violencia-psicologica\/","url_meta":{"origin":24979,"position":4},"title":"Engenheiro \u00e9 indiciado por tentativa de feminic\u00eddio, tentativa de homic\u00eddio, estupro e viol\u00eancia psicol\u00f3gica","author":"ismaelcolosi.com.br","date":"29 de October de 2024","format":false,"excerpt":"A delegada Juliana da Silva Paiva, da Delegacia de Defesa da Mulher (DDM) de Franca, informou que vai indiciar o engenheiro Lu\u00eds Fernando Moreira Bentivoglio Silveira pelos crimes de tentativa de feminic\u00eddio, estupro e viol\u00eancia psicol\u00f3gica contra a mulher, al\u00e9m de tentativa de homic\u00eddio contra a ex-sogra e contra sua\u2026","rel":"","context":"In &quot;Not\u00edcias de Ribeir\u00e3o Preto-SP e Regi\u00e3o&quot;","block_context":{"text":"Not\u00edcias de Ribeir\u00e3o Preto-SP e Regi\u00e3o","link":"https:\/\/ismaelcolosi.com.br\/index.php\/category\/noticias-de-ribeirao-preto-sp-e-regiao-ismael-colosi\/"},"img":{"alt_text":"","src":"https:\/\/i0.wp.com\/ismaelcolosi.com.br\/wp-content\/uploads\/2024\/10\/28out2024luizfernandosilveira-scaled.jpg?fit=750%2C500&ssl=1&resize=350%2C200","width":350,"height":200,"srcset":"https:\/\/i0.wp.com\/ismaelcolosi.com.br\/wp-content\/uploads\/2024\/10\/28out2024luizfernandosilveira-scaled.jpg?fit=750%2C500&ssl=1&resize=350%2C200 1x, https:\/\/i0.wp.com\/ismaelcolosi.com.br\/wp-content\/uploads\/2024\/10\/28out2024luizfernandosilveira-scaled.jpg?fit=750%2C500&ssl=1&resize=525%2C300 1.5x, https:\/\/i0.wp.com\/ismaelcolosi.com.br\/wp-content\/uploads\/2024\/10\/28out2024luizfernandosilveira-scaled.jpg?fit=750%2C500&ssl=1&resize=700%2C400 2x"},"classes":[]},{"id":27105,"url":"https:\/\/ismaelcolosi.com.br\/index.php\/2024\/01\/11\/numero-de-vitimas-fatais-entre-acidente-em-onibus-na-bahia-sobe-para-25\/","url_meta":{"origin":24979,"position":5},"title":"N\u00famero de v\u00edtimas fatais entre acidente em \u00f4nibus na Bahia sobe para 25","author":"ismaelcolosi.com.br","date":"11 de January de 2024","format":false,"excerpt":"Foi a \u00f3bito mais uma v\u00edtima do grave acidente entre um \u00f4nibus de turismo e um caminh\u00e3o de carga. At\u00e9 a atualiza\u00e7\u00e3o anterior, o n\u00famero de v\u00edtimas fatais registrados na trag\u00e9dia era de 24 e agora foi para 25 com a morte de Maria da Concei\u00e7\u00e3o Fernandes, de 33 anos.Maria\u2026","rel":"","context":"In &quot;Blog&quot;","block_context":{"text":"Blog","link":"https:\/\/ismaelcolosi.com.br\/index.php\/category\/blog\/"},"img":{"alt_text":"","src":"https:\/\/i0.wp.com\/ismaelcolosi.com.br\/wp-content\/uploads\/2024\/01\/postimg-659ffaac9057f9969.jpg?fit=1200%2C628&ssl=1&resize=350%2C200","width":350,"height":200,"srcset":"https:\/\/i0.wp.com\/ismaelcolosi.com.br\/wp-content\/uploads\/2024\/01\/postimg-659ffaac9057f9969.jpg?fit=1200%2C628&ssl=1&resize=350%2C200 1x, https:\/\/i0.wp.com\/ismaelcolosi.com.br\/wp-content\/uploads\/2024\/01\/postimg-659ffaac9057f9969.jpg?fit=1200%2C628&ssl=1&resize=525%2C300 1.5x, https:\/\/i0.wp.com\/ismaelcolosi.com.br\/wp-content\/uploads\/2024\/01\/postimg-659ffaac9057f9969.jpg?fit=1200%2C628&ssl=1&resize=700%2C400 2x, https:\/\/i0.wp.com\/ismaelcolosi.com.br\/wp-content\/uploads\/2024\/01\/postimg-659ffaac9057f9969.jpg?fit=1200%2C628&ssl=1&resize=1050%2C600 3x"},"classes":[]}],"jetpack_sharing_enabled":true,"jetpack_shortlink":"https:\/\/wp.me\/pfMlyK-6uT","_links":{"self":[{"href":"https:\/\/ismaelcolosi.com.br\/index.php\/wp-json\/wp\/v2\/posts\/24979","targetHints":{"allow":["GET"]}}],"collection":[{"href":"https:\/\/ismaelcolosi.com.br\/index.php\/wp-json\/wp\/v2\/posts"}],"about":[{"href":"https:\/\/ismaelcolosi.com.br\/index.php\/wp-json\/wp\/v2\/types\/post"}],"author":[{"embeddable":true,"href":"https:\/\/ismaelcolosi.com.br\/index.php\/wp-json\/wp\/v2\/users\/1"}],"replies":[{"embeddable":true,"href":"https:\/\/ismaelcolosi.com.br\/index.php\/wp-json\/wp\/v2\/comments?post=24979"}],"version-history":[{"count":0,"href":"https:\/\/ismaelcolosi.com.br\/index.php\/wp-json\/wp\/v2\/posts\/24979\/revisions"}],"wp:featuredmedia":[{"embeddable":true,"href":"https:\/\/ismaelcolosi.com.br\/index.php\/wp-json\/wp\/v2\/media\/24980"}],"wp:attachment":[{"href":"https:\/\/ismaelcolosi.com.br\/index.php\/wp-json\/wp\/v2\/media?parent=24979"}],"wp:term":[{"taxonomy":"category","embeddable":true,"href":"https:\/\/ismaelcolosi.com.br\/index.php\/wp-json\/wp\/v2\/categories?post=24979"},{"taxonomy":"post_tag","embeddable":true,"href":"https:\/\/ismaelcolosi.com.br\/index.php\/wp-json\/wp\/v2\/tags?post=24979"}],"curies":[{"name":"wp","href":"https:\/\/api.w.org\/{rel}","templated":true}]}}