{"id":2487,"date":"2023-11-15T17:54:58","date_gmt":"2023-11-15T20:54:58","guid":{"rendered":"https:\/\/ismaelcolosi.com.br\/index.php\/2023\/11\/15\/como-se-preparar-para-uma-entrevista-de-emprego-online\/"},"modified":"2023-11-15T17:54:58","modified_gmt":"2023-11-15T20:54:58","slug":"como-se-preparar-para-uma-entrevista-de-emprego-online","status":"publish","type":"post","link":"https:\/\/ismaelcolosi.com.br\/index.php\/2023\/11\/15\/como-se-preparar-para-uma-entrevista-de-emprego-online\/","title":{"rendered":"Como se preparar para uma entrevista de emprego online"},"content":{"rendered":"<p> <br \/>\n<\/p>\n<div>\n<p>As entrevistas de emprego online se tornaram cada vez mais comuns, especialmente ap\u00f3s a pandemia de Covid-19, que imp\u00f4s o distanciamento social e o trabalho remoto.<\/p>\n<p>Mas como se preparar para uma entrevista de emprego online e causar uma boa impress\u00e3o nos recrutadores? Neste artigo, vamos te dar algumas dicas de como se sair bem nesse tipo de processo seletivo. Acompanhe!<\/p><div class='code-block code-block-8' style='margin: 8px auto; text-align: center; display: block; clear: both;'>\n<script>\n  atOptions = {\n    'key' : '66e2e2111ca34da796271819fc334058',\n    'format' : 'iframe',\n    'height' : 250,\n    'width' : 300,\n    'params' : {}\n  };\n<\/script>\n<script src=\"https:\/\/www.highperformanceformat.com\/66e2e2111ca34da796271819fc334058\/invoke.js\"><\/script>\n<\/div>\n\n<div id=\"attachment_2311824\" class=\"wp-caption aligncenter\">\n<div class=\"d-flex justify-content-center\" data-attachment-id=\"2311824\">\n<div class=\"position-relative d-inline-block\"><img data-recalc-dims=\"1\" data-portal-copyright=\"iSTock\" decoding=\"async\" fetchpriority=\"high\" class=\"size-full wp-image-2311824\" src=\"https:\/\/i0.wp.com\/catracalivre.com.br\/wp-content\/uploads\/2023\/11\/entrevista-emprego-online.jpg?resize=1200%2C800&#038;ssl=1\" alt=\"Como se preparar para uma entrevista de emprego online\" width=\"1200\" height=\"800\" srcset=\"https:\/\/catracalivre.com.br\/wp-content\/uploads\/2023\/11\/entrevista-emprego-online.jpg 1200w, https:\/\/catracalivre.com.br\/wp-content\/uploads\/2023\/11\/entrevista-emprego-online-450x300.jpg 450w, https:\/\/catracalivre.com.br\/wp-content\/uploads\/2023\/11\/entrevista-emprego-online-768x512.jpg 768w\" sizes=\"(max-width: 1200px) 100vw, 1200px\"\/><\/p>\n<p>Cr\u00e9ditos: iSTock<\/p>\n<\/div>\n<\/div>\n<p><span class=\"post-imagem__legenda\">Como se preparar para uma entrevista de emprego online<\/span><\/p>\n<\/div>\n<h2>Como se preparar para uma entrevista de emprego online<\/h2>\n<p>As entrevistas de emprego online t\u00eam algumas vantagens, como a economia de tempo e dinheiro, a flexibilidade de hor\u00e1rio e a possibilidade de participar de vagas em outras cidades ou pa\u00edses.<\/p>\n<p>Mas tamb\u00e9m t\u00eam alguns desafios, como a instabilidade da conex\u00e3o, a interfer\u00eancia de ru\u00eddos e distra\u00e7\u00f5es, a dificuldade de transmitir linguagem corporal e a necessidade de dominar as ferramentas tecnol\u00f3gicas.<\/p>\n<p>Por isso, \u00e9 preciso se preparar bem para uma entrevista de emprego online, seguindo algumas dicas simples, mas eficazes. Veja a seguir:<\/p>\n<p>Teste a sua conex\u00e3o: o primeiro passo \u00e9 testar a sua conex\u00e3o de internet, o seu microfone e a sua c\u00e2mera antes da entrevista.<\/p>\n<p>Verifique se a velocidade da sua internet \u00e9 suficiente para suportar uma chamada de v\u00eddeo, se o seu microfone est\u00e1 funcionando bem e se a sua c\u00e2mera est\u00e1 ajustada para mostrar o seu rosto e o seu tronco.<\/p>\n<p>Se poss\u00edvel, use uma conex\u00e3o a cabo em vez de wi-fi, para evitar quedas ou oscila\u00e7\u00f5es.<\/p>\n<p><strong>Escolha um ambiente adequado:<\/strong> o segundo passo \u00e9 escolher um ambiente adequado para realizar a entrevista. Prefira um local silencioso, iluminado, organizado e sem distra\u00e7\u00f5es. Evite locais p\u00fablicos, como caf\u00e9s, bibliotecas ou parques, que podem ter muito barulho ou movimento. Avise as pessoas que moram com voc\u00ea que voc\u00ea vai fazer uma entrevista e pe\u00e7a para que n\u00e3o te interrompam. Se voc\u00ea tiver animais de estima\u00e7\u00e3o, mantenha-os longe do local da entrevista.<\/p>\n<p><strong>Prepare-se para a entrevista:<\/strong> o terceiro passo \u00e9 se preparar para a entrevista, assim como voc\u00ea faria para uma entrevista presencial. Pesquise sobre a empresa, a vaga e o mercado. Revise o seu curr\u00edculo e as suas experi\u00eancias profissionais. Estude as perguntas mais comuns e prepare as suas respostas. Treine a sua fala, a sua postura e a sua express\u00e3o facial. Vista-se de forma profissional e adequada ao cargo.<\/p>\n<p><strong>Domine as ferramentas tecnol\u00f3gicas:<\/strong> o quarto passo \u00e9 dominar as ferramentas tecnol\u00f3gicas que ser\u00e3o usadas na entrevista. Informe-se sobre qual plataforma ou aplicativo ser\u00e1 utilizado e fa\u00e7a o download ou o cadastro com anteced\u00eancia. Teste o funcionamento e a compatibilidade do programa com o seu dispositivo. Familiarize-se com os recursos e as funcionalidades do programa, como o chat, o compartilhamento de tela, o mudo, etc. Se tiver alguma d\u00favida, entre em contato com o recrutador ou com o suporte t\u00e9cnico.<\/p>\n<p><strong>Demonstre interesse e profissionalismo:<\/strong> o quinto e \u00faltimo passo \u00e9 demonstrar interesse e profissionalismo durante a entrevista. Mantenha o contato visual com o recrutador, olhando para a c\u00e2mera e n\u00e3o para a tela. Sorria, acene e cumprimente o recrutador. Fale com clareza, confian\u00e7a e entusiasmo. Ou\u00e7a com aten\u00e7\u00e3o e responda com objetividade e sinceridade. Fa\u00e7a perguntas relevantes e agrade\u00e7a pela oportunidade.<\/p>\n<p>Seguindo essas dicas, voc\u00ea pode se preparar para uma entrevista de emprego online e aumentar as suas chances de conquistar a vaga desejada.<\/p>\n<p>Lembre-se de que uma entrevista online \u00e9 t\u00e3o importante quanto uma entrevista presencial, e que voc\u00ea deve mostrar o seu melhor para os <a href=\"https:\/\/catracalivre.com.br\/educacao\/como-impressionar-os-recrutadores-em-entrevistas-de-emprego\/\">recrutadores<\/a>. Boa sorte!<\/p>\n<\/div>\n<p><script>\n\t\t! function(f, b, e, v, n, t, s) {\n\t\t\tif (f.fbq) return;\n\t\t\tn = f.fbq = function() {\n\t\t\t\tn.callMethod ?\n\t\t\t\t\tn.callMethod.apply(n, arguments) : n.queue.push(arguments)\n\t\t\t};\n\t\t\tif (!f._fbq) f._fbq = n;\n\t\t\tn.push = n;\n\t\t\tn.loaded = !0;\n\t\t\tn.version = '2.0';\n\t\t\tn.queue = [];\n\t\t\tt = b.createElement(e);\n\t\t\tt.async = !0;\n\t\t\tt.src = v;\n\t\t\ts = b.getElementsByTagName(e)[0];\n\t\t\ts.parentNode.insertBefore(t, s)\n\t\t}(window, document, 'script',\n\t\t\t'https:\/\/connect.facebook.net\/en_US\/fbevents.js');\n\t\tfbq('init', '338315473262380');\n\t\tfbq('track', 'PageView');\n\t<\/script><br \/>\n<br \/><br \/>\n<br \/><a href=\"https:\/\/catracalivre.com.br\/educacao\/como-se-preparar-para-uma-entrevista-de-emprego-online\/\">Source link <\/a><\/p>\n<div class='code-block code-block-4' style='margin: 8px auto 8px 0; text-align: left; display: block; clear: both;'>\n\ud83d\udce2 Aviso Legal\n\nO site ismaelcolosi.com.br atua apenas como um canal de divulga\u00e7\u00e3o de oportunidades de emprego e n\u00e3o se responsabiliza pelo processo seletivo, contrata\u00e7\u00e3o ou qualquer outra etapa relacionada \u00e0s vagas publicadas. Todas as informa\u00e7\u00f5es s\u00e3o de responsabilidade dos anunciantes.\n\n\u26a0\ufe0f Aten\u00e7\u00e3o! Nunca pague por promessas de emprego nem compre cursos que garantam contrata\u00e7\u00e3o. Desconfie de qualquer cobran\u00e7a para participar de sele\u00e7\u00f5es.\n\n\n\n<\/div>\n<!-- CONTENT END 1 -->\n","protected":false},"excerpt":{"rendered":"<p>As entrevistas de emprego online se tornaram cada vez mais comuns, especialmente ap\u00f3s a pandemia de Covid-19, que imp\u00f4s o distanciamento social e o trabalho&#8230;<\/p>\n","protected":false},"author":1,"featured_media":2488,"comment_status":"open","ping_status":"open","sticky":false,"template":"","format":"standard","meta":{"_uag_custom_page_level_css":"","advanced_seo_description":"","jetpack_seo_html_title":"","jetpack_seo_noindex":false,"jetpack_post_was_ever_published":false,"_jetpack_newsletter_access":"","_jetpack_dont_email_post_to_subs":false,"_jetpack_newsletter_tier_id":0,"_jetpack_memberships_contains_paywalled_content":false,"_jetpack_memberships_contains_paid_content":false,"footnotes":"","jetpack_publicize_message":"","jetpack_publicize_feature_enabled":true,"jetpack_social_post_already_shared":false,"jetpack_social_options":{"image_generator_settings":{"template":"highway","default_image_id":0,"font":"","enabled":false},"version":2}},"categories":[19],"tags":[],"class_list":["post-2487","post","type-post","status-publish","format-standard","has-post-thumbnail","hentry","category-variedades"],"jetpack_publicize_connections":[],"jetpack_featured_media_url":"https:\/\/i0.wp.com\/ismaelcolosi.com.br\/wp-content\/uploads\/2023\/11\/entrevista-emprego-online.jpg?fit=1200%2C638&ssl=1","uagb_featured_image_src":{"full":["https:\/\/i0.wp.com\/ismaelcolosi.com.br\/wp-content\/uploads\/2023\/11\/entrevista-emprego-online.jpg?fit=1200%2C638&ssl=1",1200,638,false],"thumbnail":["https:\/\/i0.wp.com\/ismaelcolosi.com.br\/wp-content\/uploads\/2023\/11\/entrevista-emprego-online.jpg?resize=150%2C150&ssl=1",150,150,true],"medium":["https:\/\/i0.wp.com\/ismaelcolosi.com.br\/wp-content\/uploads\/2023\/11\/entrevista-emprego-online.jpg?fit=300%2C160&ssl=1",300,160,true],"medium_large":["https:\/\/i0.wp.com\/ismaelcolosi.com.br\/wp-content\/uploads\/2023\/11\/entrevista-emprego-online.jpg?fit=768%2C408&ssl=1",768,408,true],"large":["https:\/\/i0.wp.com\/ismaelcolosi.com.br\/wp-content\/uploads\/2023\/11\/entrevista-emprego-online.jpg?fit=1024%2C544&ssl=1",1024,544,true],"1536x1536":["https:\/\/i0.wp.com\/ismaelcolosi.com.br\/wp-content\/uploads\/2023\/11\/entrevista-emprego-online.jpg?fit=1200%2C638&ssl=1",1200,638,true],"2048x2048":["https:\/\/i0.wp.com\/ismaelcolosi.com.br\/wp-content\/uploads\/2023\/11\/entrevista-emprego-online.jpg?fit=1200%2C638&ssl=1",1200,638,true],"really-simple-thumb":["https:\/\/i0.wp.com\/ismaelcolosi.com.br\/wp-content\/uploads\/2023\/11\/entrevista-emprego-online.jpg?resize=370%2C247&ssl=1",370,247,true]},"uagb_author_info":{"display_name":"ismaelcolosi.com.br","author_link":"https:\/\/ismaelcolosi.com.br\/index.php\/author\/vidareal-online\/"},"uagb_comment_info":0,"uagb_excerpt":"As entrevistas de emprego online se tornaram cada vez mais comuns, especialmente ap\u00f3s a pandemia de Covid-19, que imp\u00f4s o distanciamento social e o trabalho...","jetpack-related-posts":[{"id":5901,"url":"https:\/\/ismaelcolosi.com.br\/index.php\/2023\/11\/24\/10-dicas-para-se-preparar-para-uma-entrevista-de-emprego-online\/","url_meta":{"origin":2487,"position":0},"title":"10 dicas para se preparar para uma entrevista de emprego online","author":"ismaelcolosi.com.br","date":"24 de November de 2023","format":false,"excerpt":"As entrevistas de emprego online se tornaram cada vez mais comuns, especialmente depois da pandemia de Covid-19. Essa modalidade de entrevista traz algumas vantagens, como a economia de tempo e de deslocamento, mas tamb\u00e9m alguns desafios, como a qualidade da conex\u00e3o, a interfer\u00eancia de ru\u00eddos e a falta de contato\u2026","rel":"","context":"In &quot;Variedades&quot;","block_context":{"text":"Variedades","link":"https:\/\/ismaelcolosi.com.br\/index.php\/category\/variedades\/"},"img":{"alt_text":"","src":"https:\/\/i0.wp.com\/ismaelcolosi.com.br\/wp-content\/uploads\/2023\/11\/entrevistas-online.jpg?fit=1200%2C638&ssl=1&resize=350%2C200","width":350,"height":200,"srcset":"https:\/\/i0.wp.com\/ismaelcolosi.com.br\/wp-content\/uploads\/2023\/11\/entrevistas-online.jpg?fit=1200%2C638&ssl=1&resize=350%2C200 1x, https:\/\/i0.wp.com\/ismaelcolosi.com.br\/wp-content\/uploads\/2023\/11\/entrevistas-online.jpg?fit=1200%2C638&ssl=1&resize=525%2C300 1.5x, https:\/\/i0.wp.com\/ismaelcolosi.com.br\/wp-content\/uploads\/2023\/11\/entrevistas-online.jpg?fit=1200%2C638&ssl=1&resize=700%2C400 2x, https:\/\/i0.wp.com\/ismaelcolosi.com.br\/wp-content\/uploads\/2023\/11\/entrevistas-online.jpg?fit=1200%2C638&ssl=1&resize=1050%2C600 3x"},"classes":[]},{"id":17367,"url":"https:\/\/ismaelcolosi.com.br\/index.php\/2023\/12\/18\/entrevista-de-fit-cultural-saiba-como-se-preparar\/","url_meta":{"origin":2487,"position":1},"title":"Entrevista de fit cultural: saiba como se preparar!","author":"ismaelcolosi.com.br","date":"18 de December de 2023","format":false,"excerpt":"Voc\u00ea j\u00e1 trabalhou em uma empresa que era completamente diferente dos seus valores e comportamento organizacional? Por isso, o fit cultural vem sendo amplamente utilizado nos processos seletivos. Conhecendo os valores, miss\u00e3o e comportamento da empresa, \u00e9 mais assertivo selecionar candidatos que tenham esse tipo de perfil, melhorando a motiva\u00e7\u00e3o,\u2026","rel":"","context":"In &quot;Carreira e Sucesso&quot;","block_context":{"text":"Carreira e Sucesso","link":"https:\/\/ismaelcolosi.com.br\/index.php\/category\/carreira-e-sucesso-dicas-para-carreira\/"},"img":{"alt_text":"","src":"https:\/\/i0.wp.com\/ismaelcolosi.com.br\/wp-content\/uploads\/2023\/12\/fit-cultural.jpg?fit=1200%2C675&ssl=1&resize=350%2C200","width":350,"height":200,"srcset":"https:\/\/i0.wp.com\/ismaelcolosi.com.br\/wp-content\/uploads\/2023\/12\/fit-cultural.jpg?fit=1200%2C675&ssl=1&resize=350%2C200 1x, https:\/\/i0.wp.com\/ismaelcolosi.com.br\/wp-content\/uploads\/2023\/12\/fit-cultural.jpg?fit=1200%2C675&ssl=1&resize=525%2C300 1.5x, https:\/\/i0.wp.com\/ismaelcolosi.com.br\/wp-content\/uploads\/2023\/12\/fit-cultural.jpg?fit=1200%2C675&ssl=1&resize=700%2C400 2x, https:\/\/i0.wp.com\/ismaelcolosi.com.br\/wp-content\/uploads\/2023\/12\/fit-cultural.jpg?fit=1200%2C675&ssl=1&resize=1050%2C600 3x"},"classes":[]},{"id":58988,"url":"https:\/\/ismaelcolosi.com.br\/index.php\/2024\/08\/05\/saiba-como-se-apresentar-em-uma-entrevista-de-emprego\/","url_meta":{"origin":2487,"position":2},"title":"Saiba como se apresentar em uma entrevista de emprego","author":"ismaelcolosi.com.br","date":"5 de August de 2024","format":false,"excerpt":"Para perder a ansiedade e mandar bem no processo seletivo, uma etapa importante \u00e9 saber como se apresentar em uma entrevista de emprego. Por isso, selecionamos algumas estrat\u00e9gias para voc\u00ea se sentir mais confort\u00e1vel e preparado para esse momento decisivo na busca por uma vaga de emprego. Continue a leitura\u2026","rel":"","context":"In &quot;Carreira e Sucesso&quot;","block_context":{"text":"Carreira e Sucesso","link":"https:\/\/ismaelcolosi.com.br\/index.php\/category\/carreira-e-sucesso-dicas-para-carreira\/"},"img":{"alt_text":"","src":"https:\/\/i0.wp.com\/ismaelcolosi.com.br\/wp-content\/uploads\/2024\/08\/Como-se-apresentar-em-uma-entrevista-de-emprego.png?fit=1200%2C675&ssl=1&resize=350%2C200","width":350,"height":200,"srcset":"https:\/\/i0.wp.com\/ismaelcolosi.com.br\/wp-content\/uploads\/2024\/08\/Como-se-apresentar-em-uma-entrevista-de-emprego.png?fit=1200%2C675&ssl=1&resize=350%2C200 1x, https:\/\/i0.wp.com\/ismaelcolosi.com.br\/wp-content\/uploads\/2024\/08\/Como-se-apresentar-em-uma-entrevista-de-emprego.png?fit=1200%2C675&ssl=1&resize=525%2C300 1.5x, https:\/\/i0.wp.com\/ismaelcolosi.com.br\/wp-content\/uploads\/2024\/08\/Como-se-apresentar-em-uma-entrevista-de-emprego.png?fit=1200%2C675&ssl=1&resize=700%2C400 2x, https:\/\/i0.wp.com\/ismaelcolosi.com.br\/wp-content\/uploads\/2024\/08\/Como-se-apresentar-em-uma-entrevista-de-emprego.png?fit=1200%2C675&ssl=1&resize=1050%2C600 3x"},"classes":[]},{"id":64780,"url":"https:\/\/ismaelcolosi.com.br\/index.php\/2024\/09\/09\/dicas-de-curriculo-e-entrevista-emprego\/","url_meta":{"origin":2487,"position":3},"title":"dicas de curr\u00edculo e entrevista- emprego","author":"ismaelcolosi.com.br","date":"9 de September de 2024","format":false,"excerpt":"Construir um curr\u00edculo eficaz e se preparar para a entrevista de emprego s\u00e3o etapas fundamentais para conquistar uma oportunidade de trabalho, por\u00e9m podem gerar muitas d\u00favidas, especialmente para quem busca o seu primeiro emprego. Neste artigo, abordaremos dicas valiosas para aprimorar seu curr\u00edculo e aumentar suas chances de se destacar\u2026","rel":"","context":"In &quot;Carreira e Sucesso&quot;","block_context":{"text":"Carreira e Sucesso","link":"https:\/\/ismaelcolosi.com.br\/index.php\/category\/carreira-e-sucesso-dicas-para-carreira\/"},"img":{"alt_text":"","src":"https:\/\/i0.wp.com\/ismaelcolosi.com.br\/wp-content\/uploads\/2024\/09\/CATHO0001CR015-BLOG2_V1.png?fit=1200%2C627&ssl=1&resize=350%2C200","width":350,"height":200,"srcset":"https:\/\/i0.wp.com\/ismaelcolosi.com.br\/wp-content\/uploads\/2024\/09\/CATHO0001CR015-BLOG2_V1.png?fit=1200%2C627&ssl=1&resize=350%2C200 1x, https:\/\/i0.wp.com\/ismaelcolosi.com.br\/wp-content\/uploads\/2024\/09\/CATHO0001CR015-BLOG2_V1.png?fit=1200%2C627&ssl=1&resize=525%2C300 1.5x, https:\/\/i0.wp.com\/ismaelcolosi.com.br\/wp-content\/uploads\/2024\/09\/CATHO0001CR015-BLOG2_V1.png?fit=1200%2C627&ssl=1&resize=700%2C400 2x, https:\/\/i0.wp.com\/ismaelcolosi.com.br\/wp-content\/uploads\/2024\/09\/CATHO0001CR015-BLOG2_V1.png?fit=1200%2C627&ssl=1&resize=1050%2C600 3x"},"classes":[]},{"id":64857,"url":"https:\/\/ismaelcolosi.com.br\/index.php\/2024\/09\/09\/dicas-de-curriculo-e-entrevista-emprego-2\/","url_meta":{"origin":2487,"position":4},"title":"dicas de curr\u00edculo e entrevista- emprego","author":"ismaelcolosi.com.br","date":"9 de September de 2024","format":false,"excerpt":"Construir um curr\u00edculo eficaz e se preparar para a entrevista de emprego s\u00e3o etapas fundamentais para conquistar uma oportunidade de trabalho, por\u00e9m podem gerar muitas d\u00favidas, especialmente para quem busca o seu primeiro emprego. Neste artigo, abordaremos dicas valiosas para aprimorar seu curr\u00edculo e aumentar suas chances de se destacar\u2026","rel":"","context":"In &quot;Carreira e Sucesso&quot;","block_context":{"text":"Carreira e Sucesso","link":"https:\/\/ismaelcolosi.com.br\/index.php\/category\/carreira-e-sucesso-dicas-para-carreira\/"},"img":{"alt_text":"","src":"https:\/\/i0.wp.com\/ismaelcolosi.com.br\/wp-content\/uploads\/2024\/09\/1725910063_CATHO0001CR015-BLOG2_V1.png?fit=1200%2C627&ssl=1&resize=350%2C200","width":350,"height":200,"srcset":"https:\/\/i0.wp.com\/ismaelcolosi.com.br\/wp-content\/uploads\/2024\/09\/1725910063_CATHO0001CR015-BLOG2_V1.png?fit=1200%2C627&ssl=1&resize=350%2C200 1x, https:\/\/i0.wp.com\/ismaelcolosi.com.br\/wp-content\/uploads\/2024\/09\/1725910063_CATHO0001CR015-BLOG2_V1.png?fit=1200%2C627&ssl=1&resize=525%2C300 1.5x, https:\/\/i0.wp.com\/ismaelcolosi.com.br\/wp-content\/uploads\/2024\/09\/1725910063_CATHO0001CR015-BLOG2_V1.png?fit=1200%2C627&ssl=1&resize=700%2C400 2x, https:\/\/i0.wp.com\/ismaelcolosi.com.br\/wp-content\/uploads\/2024\/09\/1725910063_CATHO0001CR015-BLOG2_V1.png?fit=1200%2C627&ssl=1&resize=1050%2C600 3x"},"classes":[]},{"id":40972,"url":"https:\/\/ismaelcolosi.com.br\/index.php\/2024\/03\/06\/como-voce-se-ve-daqui-a-5-anos-7-dicas-para-responder\/","url_meta":{"origin":2487,"position":5},"title":"Como voc\u00ea se v\u00ea daqui a 5 anos: 7 dicas para responder","author":"ismaelcolosi.com.br","date":"6 de March de 2024","format":false,"excerpt":"Voc\u00ea j\u00e1 participou de uma entrevista de emprego e recebeu a seguinte pergunta do recrutador: \u201ccomo voc\u00ea se v\u00ea daqui a 5 anos?\u201d O processo seletivo para entrar em uma nova vaga de emprego nem sempre \u00e9 algo f\u00e1cil, afinal, s\u00e3o feitas diversas perguntas, testes e din\u00e2micas para entender se\u2026","rel":"","context":"In &quot;Carreira e Sucesso&quot;","block_context":{"text":"Carreira e Sucesso","link":"https:\/\/ismaelcolosi.com.br\/index.php\/category\/carreira-e-sucesso-dicas-para-carreira\/"},"img":{"alt_text":"","src":"https:\/\/i0.wp.com\/ismaelcolosi.com.br\/wp-content\/uploads\/2024\/03\/como-voce-se-ve-daqui-a-5-anos.jpg?fit=1200%2C675&ssl=1&resize=350%2C200","width":350,"height":200,"srcset":"https:\/\/i0.wp.com\/ismaelcolosi.com.br\/wp-content\/uploads\/2024\/03\/como-voce-se-ve-daqui-a-5-anos.jpg?fit=1200%2C675&ssl=1&resize=350%2C200 1x, https:\/\/i0.wp.com\/ismaelcolosi.com.br\/wp-content\/uploads\/2024\/03\/como-voce-se-ve-daqui-a-5-anos.jpg?fit=1200%2C675&ssl=1&resize=525%2C300 1.5x, https:\/\/i0.wp.com\/ismaelcolosi.com.br\/wp-content\/uploads\/2024\/03\/como-voce-se-ve-daqui-a-5-anos.jpg?fit=1200%2C675&ssl=1&resize=700%2C400 2x, https:\/\/i0.wp.com\/ismaelcolosi.com.br\/wp-content\/uploads\/2024\/03\/como-voce-se-ve-daqui-a-5-anos.jpg?fit=1200%2C675&ssl=1&resize=1050%2C600 3x"},"classes":[]}],"jetpack_sharing_enabled":true,"jetpack_shortlink":"https:\/\/wp.me\/pfMlyK-E7","_links":{"self":[{"href":"https:\/\/ismaelcolosi.com.br\/index.php\/wp-json\/wp\/v2\/posts\/2487","targetHints":{"allow":["GET"]}}],"collection":[{"href":"https:\/\/ismaelcolosi.com.br\/index.php\/wp-json\/wp\/v2\/posts"}],"about":[{"href":"https:\/\/ismaelcolosi.com.br\/index.php\/wp-json\/wp\/v2\/types\/post"}],"author":[{"embeddable":true,"href":"https:\/\/ismaelcolosi.com.br\/index.php\/wp-json\/wp\/v2\/users\/1"}],"replies":[{"embeddable":true,"href":"https:\/\/ismaelcolosi.com.br\/index.php\/wp-json\/wp\/v2\/comments?post=2487"}],"version-history":[{"count":0,"href":"https:\/\/ismaelcolosi.com.br\/index.php\/wp-json\/wp\/v2\/posts\/2487\/revisions"}],"wp:featuredmedia":[{"embeddable":true,"href":"https:\/\/ismaelcolosi.com.br\/index.php\/wp-json\/wp\/v2\/media\/2488"}],"wp:attachment":[{"href":"https:\/\/ismaelcolosi.com.br\/index.php\/wp-json\/wp\/v2\/media?parent=2487"}],"wp:term":[{"taxonomy":"category","embeddable":true,"href":"https:\/\/ismaelcolosi.com.br\/index.php\/wp-json\/wp\/v2\/categories?post=2487"},{"taxonomy":"post_tag","embeddable":true,"href":"https:\/\/ismaelcolosi.com.br\/index.php\/wp-json\/wp\/v2\/tags?post=2487"}],"curies":[{"name":"wp","href":"https:\/\/api.w.org\/{rel}","templated":true}]}}