{"id":2479,"date":"2023-11-15T17:25:26","date_gmt":"2023-11-15T20:25:26","guid":{"rendered":"https:\/\/ismaelcolosi.com.br\/index.php\/2023\/11\/15\/abono-natalino-no-bolsa-familia-chegara-em-2023-confira-os-detalhes\/"},"modified":"2023-11-15T17:25:26","modified_gmt":"2023-11-15T20:25:26","slug":"abono-natalino-no-bolsa-familia-chegara-em-2023-confira-os-detalhes","status":"publish","type":"post","link":"https:\/\/ismaelcolosi.com.br\/index.php\/2023\/11\/15\/abono-natalino-no-bolsa-familia-chegara-em-2023-confira-os-detalhes\/","title":{"rendered":"Abono natalino no Bolsa Fam\u00edlia chegar\u00e1 em 2023? confira os detalhes"},"content":{"rendered":"<p> <br \/>\n<\/p>\n<div>\n<p>O <a href=\"https:\/\/catracalivre.com.br\/cidadania\/bolsa-familia-anuncia-novos-acrescimos\/\">Bolsa Fam\u00edlia<\/a>, programa de assist\u00eancia social crucial do Brasil, continua a ser uma remunera\u00e7\u00e3o para in\u00fameras fam\u00edlias em todo o pa\u00eds. No entanto, com o final do ano se aproximando, muitos se perguntam se haver\u00e1 um abono natalino, uma ajuda financeira extra para enfrentar as despesas festivas.<\/p>\n<div id=\"attachment_2279227\" class=\"wp-caption aligncenter\">\n<div class=\"d-flex justify-content-center\" data-attachment-id=\"2279227\">\n<div class=\"position-relative d-inline-block\"><img data-recalc-dims=\"1\" data-portal-copyright=\"Istock\/Leonidas Santana\" decoding=\"async\" fetchpriority=\"high\" class=\"size-large wp-image-2279227\" src=\"https:\/\/i0.wp.com\/catracalivre.com.br\/wp-content\/uploads\/2023\/06\/istock-1413148950-910x607.jpg?resize=910%2C607&#038;ssl=1\" alt=\"Abono natalino no Bolsa Fam\u00edlia chegar\u00e1 em 2023? confira os detalhes\" width=\"910\" height=\"607\" srcset=\"https:\/\/catracalivre.com.br\/wp-content\/uploads\/2023\/06\/istock-1413148950-910x607.jpg 910w, https:\/\/catracalivre.com.br\/wp-content\/uploads\/2023\/06\/istock-1413148950-450x300.jpg 450w, https:\/\/catracalivre.com.br\/wp-content\/uploads\/2023\/06\/istock-1413148950-768x512.jpg 768w\" sizes=\"(max-width: 910px) 100vw, 910px\"\/><\/p><div class='code-block code-block-8' style='margin: 8px auto; text-align: center; display: block; clear: both;'>\n<script>\n  atOptions = {\n    'key' : '66e2e2111ca34da796271819fc334058',\n    'format' : 'iframe',\n    'height' : 250,\n    'width' : 300,\n    'params' : {}\n  };\n<\/script>\n<script src=\"https:\/\/www.highperformanceformat.com\/66e2e2111ca34da796271819fc334058\/invoke.js\"><\/script>\n<\/div>\n\n<p>Cr\u00e9ditos: Istock\/Leonidas Santana<\/p>\n<\/div>\n<\/div>\n<p><span class=\"post-imagem__legenda\">Abono natalino no Bolsa Fam\u00edlia chegar\u00e1 em 2023? confira os detalhes<\/span><\/p>\n<\/div>\n<p>Recentemente, o ministro do <a href=\"https:\/\/www.gov.br\/mds\/pt-br\" target=\"_blank\" rel=\"noopener\">Desenvolvimento Social<\/a>, Wellington Dias, confirmou que, infelizmente, n\u00e3o haver\u00e1 pagamento de abono natalino pelo Bolsa Fam\u00edlia em 2023.<\/p>\n<h2>Abono Natalino no Bolsa Fam\u00edlia: entenda o caso<\/h2>\n<p>A decis\u00e3o foi clara: o <a href=\"https:\/\/catracalivre.com.br\/cidadania\/bolsa-familia-pode-ter-mudancas-saiba-tudo-e-se-antecipe\/\">Bolsa Fam\u00edlia,<\/a> sendo um programa de benef\u00edcio social, n\u00e3o incluir\u00e1 um abono natalino em seus pagamentos este ano. Esse benef\u00edcio, que representa um al\u00edvio financeiro t\u00e3o esperado para muitas fam\u00edlias, n\u00e3o \u00e9 uma caracter\u00edstica do Bolsa Fam\u00edlia.<\/p>\n<p>Ele \u00e9 mais comumente associado a contratos de trabalho ou aposentadorias concedidas pelo <a href=\"https:\/\/catracalivre.com.br\/cidadania\/posso-acumular-beneficios-no-inss-a-melhor-noticia-acaba-de-chegar\/\">INSS<\/a>. A exce\u00e7\u00e3o not\u00e1vel \u00e9 o estado de <a href=\"https:\/\/catracalivre.com.br\/viagem-livre\/5-destinos-para-voce-conhecer-pernambuco-neste-verao\/\">Pernambuco<\/a> e da <a href=\"https:\/\/catracalivre.com.br\/viagem-livre\/paraiba-joao-pessoa-e-suas-belezas-mais-secretas\/\">Para\u00edba<\/a>, onde o governo estadual optou por estender esse pagamento extra \u00e0s fam\u00edlias inscritas no programa.<\/p>\n<h2>Benef\u00edcios extras para fam\u00edlias brasileiras<\/h2>\n<p>Embora o abono natalino n\u00e3o fa\u00e7a parte do pacote do Bolsa Fam\u00edlia, o programa oferece outros benef\u00edcios adicionais que podem ajudar as fam\u00edlias a enfrentar desafios financeiros. Benef\u00edcios como o Vari\u00e1vel Familiar Nutriz, o de Renda de Cidadania, o Complementar e o Primeira Inf\u00e2ncia representam acr\u00e9scimos significativos ao pagamento base de R$ 600.<\/p>\n<p>O Vari\u00e1vel Familiar Nutriz, por exemplo, aumenta o pagamento em R$ 50 por cada membro da fam\u00edlia com at\u00e9 seis meses de idade, enquanto o Benef\u00edcio de Renda de Cidadania oferece um adicional de R$ 142 por pessoa da fam\u00edlia.<\/p>\n<h2>Vale G\u00e1s em dezembro<\/h2>\n<p>Para as fam\u00edlias benefici\u00e1rias do Bolsa Fam\u00edlia, h\u00e1 uma luz no fim do t\u00fanel financeiro no m\u00eas de dezembro. O Vale G\u00e1s, um programa que distribui o valor m\u00e9dio de um botij\u00e3o de g\u00e1s de 13 kg, est\u00e1 programado para ser liberado nesse per\u00edodo.<\/p>\n<p>Em outubro, o pagamento foi de R$ 106, oferecendo um importante suporte financeiro \u00e0s fam\u00edlias quando elas mais precisam.<\/p>\n<p>Enquanto o abono natalino n\u00e3o ser\u00e1 uma realidade para os benefici\u00e1rios do Bolsa Fam\u00edlia em 2023, os outros benef\u00edcios extras e o Vale G\u00e1s ainda oferecem um apoio crucial \u00e0s fam\u00edlias brasileiras. O programa continua a ser uma for\u00e7a vital na luta contra a pobreza e uma rede de seguran\u00e7a para aqueles que mais precisam no Brasil.<\/p>\n<\/div>\n<p><script>\n\t\t! function(f, b, e, v, n, t, s) {\n\t\t\tif (f.fbq) return;\n\t\t\tn = f.fbq = function() {\n\t\t\t\tn.callMethod ?\n\t\t\t\t\tn.callMethod.apply(n, arguments) : n.queue.push(arguments)\n\t\t\t};\n\t\t\tif (!f._fbq) f._fbq = n;\n\t\t\tn.push = n;\n\t\t\tn.loaded = !0;\n\t\t\tn.version = '2.0';\n\t\t\tn.queue = [];\n\t\t\tt = b.createElement(e);\n\t\t\tt.async = !0;\n\t\t\tt.src = v;\n\t\t\ts = b.getElementsByTagName(e)[0];\n\t\t\ts.parentNode.insertBefore(t, s)\n\t\t}(window, document, 'script',\n\t\t\t'https:\/\/connect.facebook.net\/en_US\/fbevents.js');\n\t\tfbq('init', '338315473262380');\n\t\tfbq('track', 'PageView');\n\t<\/script><br \/>\n<br \/><br \/>\n<br \/><a href=\"https:\/\/catracalivre.com.br\/cidadania\/abono-natalino-no-bolsa-familia-chegara-em-2023-confira-os-detalhes\/\">Source link <\/a><\/p>\n<div class='code-block code-block-4' style='margin: 8px auto 8px 0; text-align: left; display: block; clear: both;'>\n\ud83d\udce2 Aviso Legal\n\nO site ismaelcolosi.com.br atua apenas como um canal de divulga\u00e7\u00e3o de oportunidades de emprego e n\u00e3o se responsabiliza pelo processo seletivo, contrata\u00e7\u00e3o ou qualquer outra etapa relacionada \u00e0s vagas publicadas. Todas as informa\u00e7\u00f5es s\u00e3o de responsabilidade dos anunciantes.\n\n\u26a0\ufe0f Aten\u00e7\u00e3o! Nunca pague por promessas de emprego nem compre cursos que garantam contrata\u00e7\u00e3o. Desconfie de qualquer cobran\u00e7a para participar de sele\u00e7\u00f5es.\n\n\n\n<\/div>\n<!-- CONTENT END 1 -->\n","protected":false},"excerpt":{"rendered":"<p>O Bolsa Fam\u00edlia, programa de assist\u00eancia social crucial do Brasil, continua a ser uma remunera\u00e7\u00e3o para in\u00fameras fam\u00edlias em todo o pa\u00eds. No entanto, com&#8230;<\/p>\n","protected":false},"author":1,"featured_media":2480,"comment_status":"open","ping_status":"open","sticky":false,"template":"","format":"standard","meta":{"_uag_custom_page_level_css":"","advanced_seo_description":"","jetpack_seo_html_title":"","jetpack_seo_noindex":false,"jetpack_post_was_ever_published":false,"_jetpack_newsletter_access":"","_jetpack_dont_email_post_to_subs":false,"_jetpack_newsletter_tier_id":0,"_jetpack_memberships_contains_paywalled_content":false,"_jetpack_memberships_contains_paid_content":false,"footnotes":"","jetpack_publicize_message":"","jetpack_publicize_feature_enabled":true,"jetpack_social_post_already_shared":false,"jetpack_social_options":{"image_generator_settings":{"template":"highway","default_image_id":0,"font":"","enabled":false},"version":2}},"categories":[19],"tags":[],"class_list":["post-2479","post","type-post","status-publish","format-standard","has-post-thumbnail","hentry","category-variedades"],"jetpack_publicize_connections":[],"jetpack_featured_media_url":"https:\/\/i0.wp.com\/ismaelcolosi.com.br\/wp-content\/uploads\/2023\/11\/istock-1413148950.jpg?fit=1200%2C638&ssl=1","uagb_featured_image_src":{"full":["https:\/\/i0.wp.com\/ismaelcolosi.com.br\/wp-content\/uploads\/2023\/11\/istock-1413148950.jpg?fit=1200%2C638&ssl=1",1200,638,false],"thumbnail":["https:\/\/i0.wp.com\/ismaelcolosi.com.br\/wp-content\/uploads\/2023\/11\/istock-1413148950.jpg?resize=150%2C150&ssl=1",150,150,true],"medium":["https:\/\/i0.wp.com\/ismaelcolosi.com.br\/wp-content\/uploads\/2023\/11\/istock-1413148950.jpg?fit=300%2C160&ssl=1",300,160,true],"medium_large":["https:\/\/i0.wp.com\/ismaelcolosi.com.br\/wp-content\/uploads\/2023\/11\/istock-1413148950.jpg?fit=768%2C408&ssl=1",768,408,true],"large":["https:\/\/i0.wp.com\/ismaelcolosi.com.br\/wp-content\/uploads\/2023\/11\/istock-1413148950.jpg?fit=1024%2C544&ssl=1",1024,544,true],"1536x1536":["https:\/\/i0.wp.com\/ismaelcolosi.com.br\/wp-content\/uploads\/2023\/11\/istock-1413148950.jpg?fit=1200%2C638&ssl=1",1200,638,true],"2048x2048":["https:\/\/i0.wp.com\/ismaelcolosi.com.br\/wp-content\/uploads\/2023\/11\/istock-1413148950.jpg?fit=1200%2C638&ssl=1",1200,638,true],"really-simple-thumb":["https:\/\/i0.wp.com\/ismaelcolosi.com.br\/wp-content\/uploads\/2023\/11\/istock-1413148950.jpg?resize=370%2C247&ssl=1",370,247,true]},"uagb_author_info":{"display_name":"ismaelcolosi.com.br","author_link":"https:\/\/ismaelcolosi.com.br\/index.php\/author\/vidareal-online\/"},"uagb_comment_info":0,"uagb_excerpt":"O Bolsa Fam\u00edlia, programa de assist\u00eancia social crucial do Brasil, continua a ser uma remunera\u00e7\u00e3o para in\u00fameras fam\u00edlias em todo o pa\u00eds. No entanto, com...","jetpack-related-posts":[{"id":2491,"url":"https:\/\/ismaelcolosi.com.br\/index.php\/2023\/11\/15\/entenda-como-vai-ser-o-abono-de-natal-no-bolsa-familia-em-2023\/","url_meta":{"origin":2479,"position":0},"title":"Entenda como vai ser o abono de Natal no Bolsa Fam\u00edlia em 2023","author":"ismaelcolosi.com.br","date":"15 de November de 2023","format":false,"excerpt":"O Bolsa Fam\u00edlia, programa de assist\u00eancia social crucial do Brasil, continua a ser uma remunera\u00e7\u00e3o para in\u00fameras fam\u00edlias em todo o pa\u00eds. No entanto, com o final do ano se aproximando, muitos se perguntam se haver\u00e1 um abono natalino, uma ajuda financeira extra para enfrentar as despesas festivas. Recentemente, o\u2026","rel":"","context":"In &quot;Variedades&quot;","block_context":{"text":"Variedades","link":"https:\/\/ismaelcolosi.com.br\/index.php\/category\/variedades\/"},"img":{"alt_text":"","src":"https:\/\/i0.wp.com\/ismaelcolosi.com.br\/wp-content\/uploads\/2023\/11\/bolsa-familia-paga-novo-grupo-com-valores-extras-em-julho.jpg?fit=1200%2C638&ssl=1&resize=350%2C200","width":350,"height":200,"srcset":"https:\/\/i0.wp.com\/ismaelcolosi.com.br\/wp-content\/uploads\/2023\/11\/bolsa-familia-paga-novo-grupo-com-valores-extras-em-julho.jpg?fit=1200%2C638&ssl=1&resize=350%2C200 1x, https:\/\/i0.wp.com\/ismaelcolosi.com.br\/wp-content\/uploads\/2023\/11\/bolsa-familia-paga-novo-grupo-com-valores-extras-em-julho.jpg?fit=1200%2C638&ssl=1&resize=525%2C300 1.5x, https:\/\/i0.wp.com\/ismaelcolosi.com.br\/wp-content\/uploads\/2023\/11\/bolsa-familia-paga-novo-grupo-com-valores-extras-em-julho.jpg?fit=1200%2C638&ssl=1&resize=700%2C400 2x, https:\/\/i0.wp.com\/ismaelcolosi.com.br\/wp-content\/uploads\/2023\/11\/bolsa-familia-paga-novo-grupo-com-valores-extras-em-julho.jpg?fit=1200%2C638&ssl=1&resize=1050%2C600 3x"},"classes":[]},{"id":9659,"url":"https:\/\/ismaelcolosi.com.br\/index.php\/2023\/12\/02\/abono-natalino-do-bolsa-familia-anunciado-confira\/","url_meta":{"origin":2479,"position":1},"title":"Abono natalino do Bolsa Fam\u00edlia anunciado; confira","author":"ismaelcolosi.com.br","date":"2 de December de 2023","format":false,"excerpt":"Cr\u00e9ditos: Ag\u00eancia BrasilBOA NOT\u00cdCIA para o Natal! Confira o calend\u00e1rio especial do Bolsa Fam\u00edliaA temporada de festas de final de ano chega com uma not\u00edcia positiva para os benefici\u00e1rios do Bolsa Fam\u00edlia, especialmente para aqueles que residem no estado da Para\u00edba. O governo anunciou o t\u00e3o aguardado Abono Natalino, revelando\u2026","rel":"","context":"In &quot;Variedades&quot;","block_context":{"text":"Variedades","link":"https:\/\/ismaelcolosi.com.br\/index.php\/category\/variedades\/"},"img":{"alt_text":"","src":"https:\/\/i0.wp.com\/ismaelcolosi.com.br\/wp-content\/uploads\/2023\/12\/bolsa-familia-a-noticia-mais-esperada-de-setembro-acaba-de-chegar.jpg?fit=1200%2C638&ssl=1&resize=350%2C200","width":350,"height":200,"srcset":"https:\/\/i0.wp.com\/ismaelcolosi.com.br\/wp-content\/uploads\/2023\/12\/bolsa-familia-a-noticia-mais-esperada-de-setembro-acaba-de-chegar.jpg?fit=1200%2C638&ssl=1&resize=350%2C200 1x, https:\/\/i0.wp.com\/ismaelcolosi.com.br\/wp-content\/uploads\/2023\/12\/bolsa-familia-a-noticia-mais-esperada-de-setembro-acaba-de-chegar.jpg?fit=1200%2C638&ssl=1&resize=525%2C300 1.5x, https:\/\/i0.wp.com\/ismaelcolosi.com.br\/wp-content\/uploads\/2023\/12\/bolsa-familia-a-noticia-mais-esperada-de-setembro-acaba-de-chegar.jpg?fit=1200%2C638&ssl=1&resize=700%2C400 2x, https:\/\/i0.wp.com\/ismaelcolosi.com.br\/wp-content\/uploads\/2023\/12\/bolsa-familia-a-noticia-mais-esperada-de-setembro-acaba-de-chegar.jpg?fit=1200%2C638&ssl=1&resize=1050%2C600 3x"},"classes":[]},{"id":4332,"url":"https:\/\/ismaelcolosi.com.br\/index.php\/2023\/11\/21\/governo-decide-sobre-valor-extra-no-natal-e-surpreende\/","url_meta":{"origin":2479,"position":2},"title":"Governo decide sobre valor extra no Natal e SURPREENDE","author":"ismaelcolosi.com.br","date":"21 de November de 2023","format":false,"excerpt":"O Bolsa Fam\u00edlia, programa de assist\u00eancia social crucial do Brasil, continua a ser uma remunera\u00e7\u00e3o para in\u00fameras fam\u00edlias em todo o pa\u00eds. No entanto, com o final do ano se aproximando, muitos se perguntam se haver\u00e1 um abono natalino, uma ajuda financeira extra para enfrentar as despesas festivas. Cr\u00e9ditos: Ag\u00eancia\u2026","rel":"","context":"In &quot;Variedades&quot;","block_context":{"text":"Variedades","link":"https:\/\/ismaelcolosi.com.br\/index.php\/category\/variedades\/"},"img":{"alt_text":"","src":"https:\/\/i0.wp.com\/ismaelcolosi.com.br\/wp-content\/uploads\/2023\/11\/bolsa-familia-e-reformulado-e-esta-cheio-de-grandes-novidades.jpg?fit=1200%2C638&ssl=1&resize=350%2C200","width":350,"height":200,"srcset":"https:\/\/i0.wp.com\/ismaelcolosi.com.br\/wp-content\/uploads\/2023\/11\/bolsa-familia-e-reformulado-e-esta-cheio-de-grandes-novidades.jpg?fit=1200%2C638&ssl=1&resize=350%2C200 1x, https:\/\/i0.wp.com\/ismaelcolosi.com.br\/wp-content\/uploads\/2023\/11\/bolsa-familia-e-reformulado-e-esta-cheio-de-grandes-novidades.jpg?fit=1200%2C638&ssl=1&resize=525%2C300 1.5x, https:\/\/i0.wp.com\/ismaelcolosi.com.br\/wp-content\/uploads\/2023\/11\/bolsa-familia-e-reformulado-e-esta-cheio-de-grandes-novidades.jpg?fit=1200%2C638&ssl=1&resize=700%2C400 2x, https:\/\/i0.wp.com\/ismaelcolosi.com.br\/wp-content\/uploads\/2023\/11\/bolsa-familia-e-reformulado-e-esta-cheio-de-grandes-novidades.jpg?fit=1200%2C638&ssl=1&resize=1050%2C600 3x"},"classes":[]},{"id":19782,"url":"https:\/\/ismaelcolosi.com.br\/index.php\/2023\/12\/23\/vai-ter-pagamento-do-abono-natalino\/","url_meta":{"origin":2479,"position":3},"title":"vai ter pagamento do abono natalino!","author":"ismaelcolosi.com.br","date":"23 de December de 2023","format":false,"excerpt":"Cr\u00e9ditos: Ag\u00eancia Brasil\/Jos\u00e9 CruzBolsa Fam\u00edlia SURPREENDE com pagamento diferenciado perto do Natal O abono natalino do Bolsa Fam\u00edlia, uma iniciativa do governo estadual da Para\u00edba, est\u00e1 em pleno andamento, oferecendo um suporte financeiro adicional de R$ 64 aos benefici\u00e1rios do programa. Este pagamento, realizado atrav\u00e9s do Caixa Tem, coincide com\u2026","rel":"","context":"In &quot;Variedades&quot;","block_context":{"text":"Variedades","link":"https:\/\/ismaelcolosi.com.br\/index.php\/category\/variedades\/"},"img":{"alt_text":"","src":"https:\/\/i0.wp.com\/ismaelcolosi.com.br\/wp-content\/uploads\/2023\/12\/1703332977_bolsa-familia-a-noticia-mais-esperada-de-setembro-acaba-de-chegar.jpg?fit=1200%2C638&ssl=1&resize=350%2C200","width":350,"height":200,"srcset":"https:\/\/i0.wp.com\/ismaelcolosi.com.br\/wp-content\/uploads\/2023\/12\/1703332977_bolsa-familia-a-noticia-mais-esperada-de-setembro-acaba-de-chegar.jpg?fit=1200%2C638&ssl=1&resize=350%2C200 1x, https:\/\/i0.wp.com\/ismaelcolosi.com.br\/wp-content\/uploads\/2023\/12\/1703332977_bolsa-familia-a-noticia-mais-esperada-de-setembro-acaba-de-chegar.jpg?fit=1200%2C638&ssl=1&resize=525%2C300 1.5x, https:\/\/i0.wp.com\/ismaelcolosi.com.br\/wp-content\/uploads\/2023\/12\/1703332977_bolsa-familia-a-noticia-mais-esperada-de-setembro-acaba-de-chegar.jpg?fit=1200%2C638&ssl=1&resize=700%2C400 2x, https:\/\/i0.wp.com\/ismaelcolosi.com.br\/wp-content\/uploads\/2023\/12\/1703332977_bolsa-familia-a-noticia-mais-esperada-de-setembro-acaba-de-chegar.jpg?fit=1200%2C638&ssl=1&resize=1050%2C600 3x"},"classes":[]},{"id":4436,"url":"https:\/\/ismaelcolosi.com.br\/index.php\/2023\/11\/21\/bolsa-familia-com-valor-extra-no-natal-apenas-para-estes-brasileiros\/","url_meta":{"origin":2479,"position":4},"title":"Bolsa Fam\u00edlia com valor extra no Natal apenas para estes brasileiros","author":"ismaelcolosi.com.br","date":"21 de November de 2023","format":false,"excerpt":"Recentemente, uma excelente not\u00edcia chegou aos benefici\u00e1rios do Bolsa Fam\u00edlia, com a confirma\u00e7\u00e3o do t\u00e3o aguardado abono de natal para o ano de 2023. Esta medida visa beneficiar aproximadamente 695 mil fam\u00edlias paraibanas que est\u00e3o inscritas no programa social. Infelizmente, n\u00e3o h\u00e1 previs\u00e3o para pagamento aos benefici\u00e1rios de outros estados.\u2026","rel":"","context":"In &quot;Variedades&quot;","block_context":{"text":"Variedades","link":"https:\/\/ismaelcolosi.com.br\/index.php\/category\/variedades\/"},"img":{"alt_text":"","src":"https:\/\/i0.wp.com\/ismaelcolosi.com.br\/wp-content\/uploads\/2023\/11\/bolsa-familia-governo-finalmente-libera-novo-calendario-de-julho.png?fit=1200%2C638&ssl=1&resize=350%2C200","width":350,"height":200,"srcset":"https:\/\/i0.wp.com\/ismaelcolosi.com.br\/wp-content\/uploads\/2023\/11\/bolsa-familia-governo-finalmente-libera-novo-calendario-de-julho.png?fit=1200%2C638&ssl=1&resize=350%2C200 1x, https:\/\/i0.wp.com\/ismaelcolosi.com.br\/wp-content\/uploads\/2023\/11\/bolsa-familia-governo-finalmente-libera-novo-calendario-de-julho.png?fit=1200%2C638&ssl=1&resize=525%2C300 1.5x, https:\/\/i0.wp.com\/ismaelcolosi.com.br\/wp-content\/uploads\/2023\/11\/bolsa-familia-governo-finalmente-libera-novo-calendario-de-julho.png?fit=1200%2C638&ssl=1&resize=700%2C400 2x, https:\/\/i0.wp.com\/ismaelcolosi.com.br\/wp-content\/uploads\/2023\/11\/bolsa-familia-governo-finalmente-libera-novo-calendario-de-julho.png?fit=1200%2C638&ssl=1&resize=1050%2C600 3x"},"classes":[]},{"id":2483,"url":"https:\/\/ismaelcolosi.com.br\/index.php\/2023\/11\/15\/bolsa-familia-com-valor-extra-no-natal-surpreende-veja-quem-recebe\/","url_meta":{"origin":2479,"position":5},"title":"Bolsa Fam\u00edlia com valor extra no Natal SURPREENDE; veja quem recebe","author":"ismaelcolosi.com.br","date":"15 de November de 2023","format":false,"excerpt":"Recentemente, uma excelente not\u00edcia chegou aos benefici\u00e1rios do Bolsa Fam\u00edlia, com a confirma\u00e7\u00e3o do t\u00e3o aguardado abono de natal para o ano de 2023. Esta medida visa beneficiar aproximadamente 695 mil fam\u00edlias paraibanas que est\u00e3o inscritas no programa social. Infelizmente, n\u00e3o h\u00e1 previs\u00e3o para pagamento aos benefici\u00e1rios de outros estados.\u2026","rel":"","context":"In &quot;Variedades&quot;","block_context":{"text":"Variedades","link":"https:\/\/ismaelcolosi.com.br\/index.php\/category\/variedades\/"},"img":{"alt_text":"","src":"https:\/\/i0.wp.com\/ismaelcolosi.com.br\/wp-content\/uploads\/2023\/11\/bolsa-familia-faz-ultimo-pagamento-do-mes-hoje.jpg?fit=1200%2C638&ssl=1&resize=350%2C200","width":350,"height":200,"srcset":"https:\/\/i0.wp.com\/ismaelcolosi.com.br\/wp-content\/uploads\/2023\/11\/bolsa-familia-faz-ultimo-pagamento-do-mes-hoje.jpg?fit=1200%2C638&ssl=1&resize=350%2C200 1x, https:\/\/i0.wp.com\/ismaelcolosi.com.br\/wp-content\/uploads\/2023\/11\/bolsa-familia-faz-ultimo-pagamento-do-mes-hoje.jpg?fit=1200%2C638&ssl=1&resize=525%2C300 1.5x, https:\/\/i0.wp.com\/ismaelcolosi.com.br\/wp-content\/uploads\/2023\/11\/bolsa-familia-faz-ultimo-pagamento-do-mes-hoje.jpg?fit=1200%2C638&ssl=1&resize=700%2C400 2x, https:\/\/i0.wp.com\/ismaelcolosi.com.br\/wp-content\/uploads\/2023\/11\/bolsa-familia-faz-ultimo-pagamento-do-mes-hoje.jpg?fit=1200%2C638&ssl=1&resize=1050%2C600 3x"},"classes":[]}],"jetpack_sharing_enabled":true,"jetpack_shortlink":"https:\/\/wp.me\/pfMlyK-DZ","_links":{"self":[{"href":"https:\/\/ismaelcolosi.com.br\/index.php\/wp-json\/wp\/v2\/posts\/2479","targetHints":{"allow":["GET"]}}],"collection":[{"href":"https:\/\/ismaelcolosi.com.br\/index.php\/wp-json\/wp\/v2\/posts"}],"about":[{"href":"https:\/\/ismaelcolosi.com.br\/index.php\/wp-json\/wp\/v2\/types\/post"}],"author":[{"embeddable":true,"href":"https:\/\/ismaelcolosi.com.br\/index.php\/wp-json\/wp\/v2\/users\/1"}],"replies":[{"embeddable":true,"href":"https:\/\/ismaelcolosi.com.br\/index.php\/wp-json\/wp\/v2\/comments?post=2479"}],"version-history":[{"count":0,"href":"https:\/\/ismaelcolosi.com.br\/index.php\/wp-json\/wp\/v2\/posts\/2479\/revisions"}],"wp:featuredmedia":[{"embeddable":true,"href":"https:\/\/ismaelcolosi.com.br\/index.php\/wp-json\/wp\/v2\/media\/2480"}],"wp:attachment":[{"href":"https:\/\/ismaelcolosi.com.br\/index.php\/wp-json\/wp\/v2\/media?parent=2479"}],"wp:term":[{"taxonomy":"category","embeddable":true,"href":"https:\/\/ismaelcolosi.com.br\/index.php\/wp-json\/wp\/v2\/categories?post=2479"},{"taxonomy":"post_tag","embeddable":true,"href":"https:\/\/ismaelcolosi.com.br\/index.php\/wp-json\/wp\/v2\/tags?post=2479"}],"curies":[{"name":"wp","href":"https:\/\/api.w.org\/{rel}","templated":true}]}}