{"id":2475,"date":"2023-11-15T17:10:54","date_gmt":"2023-11-15T20:10:54","guid":{"rendered":"https:\/\/ismaelcolosi.com.br\/index.php\/2023\/11\/15\/ufpr-abre-inscricoes-para-cursos-gratuitos-de-ingles\/"},"modified":"2023-11-15T17:10:54","modified_gmt":"2023-11-15T20:10:54","slug":"ufpr-abre-inscricoes-para-cursos-gratuitos-de-ingles","status":"publish","type":"post","link":"https:\/\/ismaelcolosi.com.br\/index.php\/2023\/11\/15\/ufpr-abre-inscricoes-para-cursos-gratuitos-de-ingles\/","title":{"rendered":"UFPR abre inscri\u00e7\u00f5es para cursos gratuitos de ingl\u00eas"},"content":{"rendered":"<p> <br \/>\n<\/p>\n<div>\n<p>A Universidade Federal do Paran\u00e1 (UFPR) oferece vagas em\u00a0dois cursos gratuitos de ingl\u00eas. As inscri\u00e7\u00f5es podem ser feitas at\u00e9 as 12h do dia 17 de novembro. O in\u00edcio das aulas est\u00e1 previsto para o dia 20 de novembro.<\/p>\n<p>Ambos os cursos gratuitos s\u00e3o voltados a estudantes, docentes e t\u00e9cnicos-administrativos em educa\u00e7\u00e3o da UFPR. Fa\u00e7a sua inscri\u00e7\u00e3o <a href=\"https:\/\/docs.google.com\/forms\/d\/e\/1FAIpQLSc7MTElOJ6_7aScD3ZiwLaKYqo_KtBjU1jd3OJkcHZna-FYPw\/viewform\" target=\"_blank\" rel=\"noopener\">aqui<\/a>.<\/p><div class='code-block code-block-8' style='margin: 8px auto; text-align: center; display: block; clear: both;'>\n<script>\n  atOptions = {\n    'key' : '66e2e2111ca34da796271819fc334058',\n    'format' : 'iframe',\n    'height' : 250,\n    'width' : 300,\n    'params' : {}\n  };\n<\/script>\n<script src=\"https:\/\/www.highperformanceformat.com\/66e2e2111ca34da796271819fc334058\/invoke.js\"><\/script>\n<\/div>\n\n<div class=\"d-flex justify-content-center\" data-attachment-id=\"2212499\">\n<div class=\"position-relative d-inline-block\"><img data-recalc-dims=\"1\" data-portal-copyright=\"Divulga\u00e7\u00e3o\/UFPR\" decoding=\"async\" fetchpriority=\"high\" class=\"aligncenter size-large wp-image-2212499\" src=\"https:\/\/i0.wp.com\/catracalivre.com.br\/wp-content\/uploads\/2022\/05\/cursos-gratuitos-ufpr-910x512.jpg?resize=910%2C512&#038;ssl=1\" alt=\"\" width=\"910\" height=\"512\" srcset=\"https:\/\/catracalivre.com.br\/wp-content\/uploads\/2022\/05\/cursos-gratuitos-ufpr-910x512.jpg 910w, https:\/\/catracalivre.com.br\/wp-content\/uploads\/2022\/05\/cursos-gratuitos-ufpr-450x253.jpg 450w, https:\/\/catracalivre.com.br\/wp-content\/uploads\/2022\/05\/cursos-gratuitos-ufpr-768x432.jpg 768w\" sizes=\"(max-width: 910px) 100vw, 910px\"\/><\/p>\n<p>Cr\u00e9ditos: Divulga\u00e7\u00e3o\/UFPR<\/p>\n<\/div>\n<\/div>\n<p>O primeiro curso \u00e9 intitulado \u201cCompreens\u00e3o oral: estrat\u00e9gias \u2013 N\u00edvel A2\u201d e o outro \u00e9 \u201cProdu\u00e7\u00e3o oral: comunica\u00e7\u00f5es acad\u00eamicas \u2013 N\u00edvel B1\u201d.<\/p>\n<p>Para participar <a href=\"https:\/\/catracalivre.com.br\/educacao\/puc-rs-oferece-mais-de-20-cursos-gratuitos-100-online\/\">s\u00e3o exigidos n\u00edveis espec\u00edficos<\/a> de acordo com o Quadro Comum Europeu. Mais detalhes est\u00e3o dispon\u00edveis em\u00a0edital.<\/p>\n<h2>Como fazer a inscri\u00e7\u00e3o nos cursos gratuitos da UFPR<\/h2>\n<p>Ser\u00e1 deferido o candidato que tiver preenchido o formul\u00e1rio de inscri\u00e7\u00e3o e enviado o documento comprobat\u00f3rio de v\u00ednculo com a UFPR at\u00e9 o preenchimento das vagas e da lista de espera.<\/p>\n<p>S\u00f3 ser\u00e3o aceitas uma \u00fanica inscri\u00e7\u00e3o por candidato, sendo que se houver inscri\u00e7\u00e3o do mesmo CPF com outros e-mails, o candidato ser\u00e1 desclassificado.<\/p>\n<p>O documento de v\u00ednculo institucional dever\u00e1 ser salvo com o nome do candidato e a institui\u00e7\u00e3o que est\u00e1 vinculado (Ex: FULANODETAL_UFPR.pdf). DEIXEM OS DOCUMENTOS J\u00c1 PREPARADOS ANTES DE COMPLETAR O FORMUL\u00c1RIO PARA FACILITAR O ENVIO).<\/p>\n<p>Os candidatos cujas inscri\u00e7\u00f5es foram deferidas receber\u00e3o em seu e-mail a confirma\u00e7\u00e3o de sua inscri\u00e7\u00e3o com as primeiras orienta\u00e7\u00f5es. Os dez primeiros em lista de espera tamb\u00e9m receber\u00e3o e-mail indicando sua posi\u00e7\u00e3o e as orienta\u00e7\u00f5es para o caso de libera\u00e7\u00e3o de vaga.<\/p>\n<p>A UFPR n\u00e3o se responsabilizar\u00e3o por inscri\u00e7\u00e3o via Internet n\u00e3o recebida por quaisquer motivos de ordem t\u00e9cnica de computadores, falhas de comunica\u00e7\u00e3o, congestionamentos das linhas de comunica\u00e7\u00e3o, procedimento indevido, bem como por outros fatores que impossibilitem a transfer\u00eancia de dados, sendo de responsabilidade do candidato acompanhar a situa\u00e7\u00e3o de sua inscri\u00e7\u00e3o.<\/p>\n<\/div>\n<p><script>\n\t\t! function(f, b, e, v, n, t, s) {\n\t\t\tif (f.fbq) return;\n\t\t\tn = f.fbq = function() {\n\t\t\t\tn.callMethod ?\n\t\t\t\t\tn.callMethod.apply(n, arguments) : n.queue.push(arguments)\n\t\t\t};\n\t\t\tif (!f._fbq) f._fbq = n;\n\t\t\tn.push = n;\n\t\t\tn.loaded = !0;\n\t\t\tn.version = '2.0';\n\t\t\tn.queue = [];\n\t\t\tt = b.createElement(e);\n\t\t\tt.async = !0;\n\t\t\tt.src = v;\n\t\t\ts = b.getElementsByTagName(e)[0];\n\t\t\ts.parentNode.insertBefore(t, s)\n\t\t}(window, document, 'script',\n\t\t\t'https:\/\/connect.facebook.net\/en_US\/fbevents.js');\n\t\tfbq('init', '338315473262380');\n\t\tfbq('track', 'PageView');\n\t<\/script><br \/>\n<br \/><br \/>\n<br \/><a href=\"https:\/\/catracalivre.com.br\/educacao\/ufpr-abre-inscricoes-para-cursos-gratuitos-de-ingles\/\">Source link <\/a><\/p>\n<div class='code-block code-block-4' style='margin: 8px auto 8px 0; text-align: left; display: block; clear: both;'>\n\ud83d\udce2 Aviso Legal\n\nO site ismaelcolosi.com.br atua apenas como um canal de divulga\u00e7\u00e3o de oportunidades de emprego e n\u00e3o se responsabiliza pelo processo seletivo, contrata\u00e7\u00e3o ou qualquer outra etapa relacionada \u00e0s vagas publicadas. Todas as informa\u00e7\u00f5es s\u00e3o de responsabilidade dos anunciantes.\n\n\u26a0\ufe0f Aten\u00e7\u00e3o! Nunca pague por promessas de emprego nem compre cursos que garantam contrata\u00e7\u00e3o. Desconfie de qualquer cobran\u00e7a para participar de sele\u00e7\u00f5es.\n\n\n\n<\/div>\n<!-- CONTENT END 1 -->\n","protected":false},"excerpt":{"rendered":"<p>A Universidade Federal do Paran\u00e1 (UFPR) oferece vagas em\u00a0dois cursos gratuitos de ingl\u00eas. As inscri\u00e7\u00f5es podem ser feitas at\u00e9 as 12h do dia 17 de&#8230;<\/p>\n","protected":false},"author":1,"featured_media":2476,"comment_status":"open","ping_status":"open","sticky":false,"template":"","format":"standard","meta":{"_uag_custom_page_level_css":"","advanced_seo_description":"","jetpack_seo_html_title":"","jetpack_seo_noindex":false,"jetpack_post_was_ever_published":false,"_jetpack_newsletter_access":"","_jetpack_dont_email_post_to_subs":false,"_jetpack_newsletter_tier_id":0,"_jetpack_memberships_contains_paywalled_content":false,"_jetpack_memberships_contains_paid_content":false,"footnotes":"","jetpack_publicize_message":"","jetpack_publicize_feature_enabled":true,"jetpack_social_post_already_shared":false,"jetpack_social_options":{"image_generator_settings":{"template":"highway","default_image_id":0,"font":"","enabled":false},"version":2}},"categories":[19],"tags":[],"class_list":["post-2475","post","type-post","status-publish","format-standard","has-post-thumbnail","hentry","category-variedades"],"jetpack_publicize_connections":[],"jetpack_featured_media_url":"https:\/\/i0.wp.com\/ismaelcolosi.com.br\/wp-content\/uploads\/2023\/11\/cursos-gratuitos-ufpr.jpg?fit=1200%2C638&ssl=1","uagb_featured_image_src":{"full":["https:\/\/i0.wp.com\/ismaelcolosi.com.br\/wp-content\/uploads\/2023\/11\/cursos-gratuitos-ufpr.jpg?fit=1200%2C638&ssl=1",1200,638,false],"thumbnail":["https:\/\/i0.wp.com\/ismaelcolosi.com.br\/wp-content\/uploads\/2023\/11\/cursos-gratuitos-ufpr.jpg?resize=150%2C150&ssl=1",150,150,true],"medium":["https:\/\/i0.wp.com\/ismaelcolosi.com.br\/wp-content\/uploads\/2023\/11\/cursos-gratuitos-ufpr.jpg?fit=300%2C160&ssl=1",300,160,true],"medium_large":["https:\/\/i0.wp.com\/ismaelcolosi.com.br\/wp-content\/uploads\/2023\/11\/cursos-gratuitos-ufpr.jpg?fit=768%2C408&ssl=1",768,408,true],"large":["https:\/\/i0.wp.com\/ismaelcolosi.com.br\/wp-content\/uploads\/2023\/11\/cursos-gratuitos-ufpr.jpg?fit=1024%2C544&ssl=1",1024,544,true],"1536x1536":["https:\/\/i0.wp.com\/ismaelcolosi.com.br\/wp-content\/uploads\/2023\/11\/cursos-gratuitos-ufpr.jpg?fit=1200%2C638&ssl=1",1200,638,true],"2048x2048":["https:\/\/i0.wp.com\/ismaelcolosi.com.br\/wp-content\/uploads\/2023\/11\/cursos-gratuitos-ufpr.jpg?fit=1200%2C638&ssl=1",1200,638,true],"really-simple-thumb":["https:\/\/i0.wp.com\/ismaelcolosi.com.br\/wp-content\/uploads\/2023\/11\/cursos-gratuitos-ufpr.jpg?resize=370%2C247&ssl=1",370,247,true]},"uagb_author_info":{"display_name":"ismaelcolosi.com.br","author_link":"https:\/\/ismaelcolosi.com.br\/index.php\/author\/vidareal-online\/"},"uagb_comment_info":0,"uagb_excerpt":"A Universidade Federal do Paran\u00e1 (UFPR) oferece vagas em\u00a0dois cursos gratuitos de ingl\u00eas. As inscri\u00e7\u00f5es podem ser feitas at\u00e9 as 12h do dia 17 de...","jetpack-related-posts":[{"id":10230,"url":"https:\/\/ismaelcolosi.com.br\/index.php\/2023\/12\/04\/ufpr-esta-com-diversas-vagas-em-cursos-gratuitos-e-online\/","url_meta":{"origin":2475,"position":0},"title":"UFPR est\u00e1 com diversas vagas em cursos gratuitos e online","author":"ismaelcolosi.com.br","date":"4 de December de 2023","format":false,"excerpt":"A Universidade Federal do Paran\u00e1 (UFPR) oferece vagas em 14 cursos gratuitos online com certificado. H\u00e1 oportunidades em diferentes \u00e1reas como, por exemplo, sa\u00fade, educa\u00e7\u00e3o, tecnologia, gest\u00e3o, entre outras.Cr\u00e9ditos: Divulga\u00e7\u00e3o\/UFPRUFPR est\u00e1 com diversas vagas em cursos gratuitos e onlineOs cursos gratuitos s\u00e3o disponibilizados por meio da plataforma virtual \u201cUFPR Aberta\u201d\u2026","rel":"","context":"In &quot;Variedades&quot;","block_context":{"text":"Variedades","link":"https:\/\/ismaelcolosi.com.br\/index.php\/category\/variedades\/"},"img":{"alt_text":"","src":"https:\/\/i0.wp.com\/ismaelcolosi.com.br\/wp-content\/uploads\/2023\/12\/cursos-gratuitos-ufpr.jpg?fit=1200%2C638&ssl=1&resize=350%2C200","width":350,"height":200,"srcset":"https:\/\/i0.wp.com\/ismaelcolosi.com.br\/wp-content\/uploads\/2023\/12\/cursos-gratuitos-ufpr.jpg?fit=1200%2C638&ssl=1&resize=350%2C200 1x, https:\/\/i0.wp.com\/ismaelcolosi.com.br\/wp-content\/uploads\/2023\/12\/cursos-gratuitos-ufpr.jpg?fit=1200%2C638&ssl=1&resize=525%2C300 1.5x, https:\/\/i0.wp.com\/ismaelcolosi.com.br\/wp-content\/uploads\/2023\/12\/cursos-gratuitos-ufpr.jpg?fit=1200%2C638&ssl=1&resize=700%2C400 2x, https:\/\/i0.wp.com\/ismaelcolosi.com.br\/wp-content\/uploads\/2023\/12\/cursos-gratuitos-ufpr.jpg?fit=1200%2C638&ssl=1&resize=1050%2C600 3x"},"classes":[]},{"id":53229,"url":"https:\/\/ismaelcolosi.com.br\/index.php\/2024\/06\/14\/aprenda-ingles-e-alemao-gratuitamente-na-ufpr-inscricoes-abertas\/","url_meta":{"origin":2475,"position":1},"title":"Aprenda ingl\u00eas e alem\u00e3o gratuitamente na UFPR: inscri\u00e7\u00f5es abertas!","author":"ismaelcolosi.com.br","date":"14 de June de 2024","format":false,"excerpt":"Se voc\u00ea busca expandir suas habilidades lingu\u00edsticas sem sair de casa, a Universidade Federal do Paran\u00e1 (UFPR) oferece uma oportunidade \u00fanica. O N\u00facleo de Idiomas (Nucli) est\u00e1 com inscri\u00e7\u00f5es abertas para cursos gratuitos de ingl\u00eas e alem\u00e3o, voltados para a internacionaliza\u00e7\u00e3o acad\u00eamica e profissional. Detalhes dos cursos gratuitos da UFPR\u2026","rel":"","context":"In &quot;Cursos Gratuitos e Bolsas de Estudos&quot;","block_context":{"text":"Cursos Gratuitos e Bolsas de Estudos","link":"https:\/\/ismaelcolosi.com.br\/index.php\/category\/cursos-gratuitos-e-bolsas-de-estudos-ribeirao-preto\/"},"img":{"alt_text":"","src":"https:\/\/i0.wp.com\/ismaelcolosi.com.br\/wp-content\/uploads\/2024\/06\/Aprenda-ingles-e-alemao-gratuitamente-na-UFPR-inscricoes-abertas.png?fit=1200%2C630&ssl=1&resize=350%2C200","width":350,"height":200,"srcset":"https:\/\/i0.wp.com\/ismaelcolosi.com.br\/wp-content\/uploads\/2024\/06\/Aprenda-ingles-e-alemao-gratuitamente-na-UFPR-inscricoes-abertas.png?fit=1200%2C630&ssl=1&resize=350%2C200 1x, https:\/\/i0.wp.com\/ismaelcolosi.com.br\/wp-content\/uploads\/2024\/06\/Aprenda-ingles-e-alemao-gratuitamente-na-UFPR-inscricoes-abertas.png?fit=1200%2C630&ssl=1&resize=525%2C300 1.5x, https:\/\/i0.wp.com\/ismaelcolosi.com.br\/wp-content\/uploads\/2024\/06\/Aprenda-ingles-e-alemao-gratuitamente-na-UFPR-inscricoes-abertas.png?fit=1200%2C630&ssl=1&resize=700%2C400 2x, https:\/\/i0.wp.com\/ismaelcolosi.com.br\/wp-content\/uploads\/2024\/06\/Aprenda-ingles-e-alemao-gratuitamente-na-UFPR-inscricoes-abertas.png?fit=1200%2C630&ssl=1&resize=1050%2C600 3x"},"classes":[]},{"id":47164,"url":"https:\/\/ismaelcolosi.com.br\/index.php\/2024\/04\/25\/universidade-federal-abriu-inscricoes-para-idiomas-sem-fronteiras\/","url_meta":{"origin":2475,"position":2},"title":"Universidade Federal abriu inscri\u00e7\u00f5es para Idiomas sem Fronteiras","author":"ismaelcolosi.com.br","date":"25 de April de 2024","format":false,"excerpt":"A Universidade Federal do Paran\u00e1 (UFPR) est\u00e1 com inscri\u00e7\u00f5es abertas para o programa Idioma sem Fronteiras, uma excelente oportunidade para estudantes, professores e t\u00e9cnicos-administrativos que desejam aprimorar suas habilidades em ingl\u00eas O N\u00facleo de Idiomas (Nucli IsF), que faz parte da Rede Andifes Idiomas Sem Fronteiras, administra os cursos que\u2026","rel":"","context":"In &quot;Cursos Gratuitos e Bolsas de Estudos&quot;","block_context":{"text":"Cursos Gratuitos e Bolsas de Estudos","link":"https:\/\/ismaelcolosi.com.br\/index.php\/category\/cursos-gratuitos-e-bolsas-de-estudos-ribeirao-preto\/"},"img":{"alt_text":"","src":"https:\/\/i0.wp.com\/ismaelcolosi.com.br\/wp-content\/uploads\/2024\/04\/Idiomas-sem-Fronteiras_Cursos.png?fit=800%2C450&ssl=1&resize=350%2C200","width":350,"height":200,"srcset":"https:\/\/i0.wp.com\/ismaelcolosi.com.br\/wp-content\/uploads\/2024\/04\/Idiomas-sem-Fronteiras_Cursos.png?fit=800%2C450&ssl=1&resize=350%2C200 1x, https:\/\/i0.wp.com\/ismaelcolosi.com.br\/wp-content\/uploads\/2024\/04\/Idiomas-sem-Fronteiras_Cursos.png?fit=800%2C450&ssl=1&resize=525%2C300 1.5x, https:\/\/i0.wp.com\/ismaelcolosi.com.br\/wp-content\/uploads\/2024\/04\/Idiomas-sem-Fronteiras_Cursos.png?fit=800%2C450&ssl=1&resize=700%2C400 2x"},"classes":[]},{"id":7326,"url":"https:\/\/ismaelcolosi.com.br\/index.php\/2023\/11\/28\/cotecs-oferecem-vagas-em-diversos-cursos-gratuitos\/","url_meta":{"origin":2475,"position":3},"title":"Cotecs oferecem vagas em diversos cursos gratuitos","author":"ismaelcolosi.com.br","date":"28 de November de 2023","format":false,"excerpt":"Os Col\u00e9gios Tecnol\u00f3gicos do Governo de Goi\u00e1s (Cotecs) est\u00e3o com inscri\u00e7\u00f5es abertas para cursos gratuitos nas \u00e1reas de inform\u00e1tica, ingl\u00eas, espanhol, reda\u00e7\u00e3o, matem\u00e1tica e hist\u00f3ria, em conv\u00eanio com a Universidade Federal de Goi\u00e1s (UFG). Cr\u00e9ditos: Divulga\u00e7\u00e3oCotecs est\u00e3o com inscri\u00e7\u00f5es abertas para diversos cursos Podem se matricular pessoas a partir dos\u2026","rel":"","context":"In &quot;Variedades&quot;","block_context":{"text":"Variedades","link":"https:\/\/ismaelcolosi.com.br\/index.php\/category\/variedades\/"},"img":{"alt_text":"","src":"https:\/\/i0.wp.com\/ismaelcolosi.com.br\/wp-content\/uploads\/2023\/11\/cotecs-cursos-gratuitos.jpg?fit=1200%2C638&ssl=1&resize=350%2C200","width":350,"height":200,"srcset":"https:\/\/i0.wp.com\/ismaelcolosi.com.br\/wp-content\/uploads\/2023\/11\/cotecs-cursos-gratuitos.jpg?fit=1200%2C638&ssl=1&resize=350%2C200 1x, https:\/\/i0.wp.com\/ismaelcolosi.com.br\/wp-content\/uploads\/2023\/11\/cotecs-cursos-gratuitos.jpg?fit=1200%2C638&ssl=1&resize=525%2C300 1.5x, https:\/\/i0.wp.com\/ismaelcolosi.com.br\/wp-content\/uploads\/2023\/11\/cotecs-cursos-gratuitos.jpg?fit=1200%2C638&ssl=1&resize=700%2C400 2x, https:\/\/i0.wp.com\/ismaelcolosi.com.br\/wp-content\/uploads\/2023\/11\/cotecs-cursos-gratuitos.jpg?fit=1200%2C638&ssl=1&resize=1050%2C600 3x"},"classes":[]},{"id":6678,"url":"https:\/\/ismaelcolosi.com.br\/index.php\/2023\/11\/26\/guri-abre-vagas-para-cursos-on-line-gratuitos-de-musica\/","url_meta":{"origin":2475,"position":4},"title":"Guri abre vagas para cursos on-line gratuitos de m\u00fasica","author":"ismaelcolosi.com.br","date":"26 de November de 2023","format":false,"excerpt":"O Projeto Guri, programa da Secretaria da Cultura, Economia e Ind\u00fastria Criativas, abriu vagas para cinco cursos on-line gratuitos, abertos a diversas faixas et\u00e1rias e n\u00edveis de ensino. Essa \u00e9 uma excelente oportunidade de aprendizado para todos.Cr\u00e9ditos: Divulga\u00e7\u00e3oGuri abre vagas para cursos on-line gratuitos de m\u00fasicaAs inscri\u00e7\u00f5es est\u00e3o abertas desde\u2026","rel":"","context":"In &quot;Variedades&quot;","block_context":{"text":"Variedades","link":"https:\/\/ismaelcolosi.com.br\/index.php\/category\/variedades\/"},"img":{"alt_text":"","src":"https:\/\/i0.wp.com\/ismaelcolosi.com.br\/wp-content\/uploads\/2023\/11\/projeto-guri-prorroga-inscricoes-para-cursos-de-musica.jpg?fit=1200%2C638&ssl=1&resize=350%2C200","width":350,"height":200,"srcset":"https:\/\/i0.wp.com\/ismaelcolosi.com.br\/wp-content\/uploads\/2023\/11\/projeto-guri-prorroga-inscricoes-para-cursos-de-musica.jpg?fit=1200%2C638&ssl=1&resize=350%2C200 1x, https:\/\/i0.wp.com\/ismaelcolosi.com.br\/wp-content\/uploads\/2023\/11\/projeto-guri-prorroga-inscricoes-para-cursos-de-musica.jpg?fit=1200%2C638&ssl=1&resize=525%2C300 1.5x, https:\/\/i0.wp.com\/ismaelcolosi.com.br\/wp-content\/uploads\/2023\/11\/projeto-guri-prorroga-inscricoes-para-cursos-de-musica.jpg?fit=1200%2C638&ssl=1&resize=700%2C400 2x, https:\/\/i0.wp.com\/ismaelcolosi.com.br\/wp-content\/uploads\/2023\/11\/projeto-guri-prorroga-inscricoes-para-cursos-de-musica.jpg?fit=1200%2C638&ssl=1&resize=1050%2C600 3x"},"classes":[]},{"id":6579,"url":"https:\/\/ismaelcolosi.com.br\/index.php\/2023\/11\/26\/ifpe-oferece-5-414-vagas-em-132-cursos-gratuitos-confira\/","url_meta":{"origin":2475,"position":5},"title":"IFPE oferece 5.414 vagas em 132 cursos gratuitos; confira","author":"ismaelcolosi.com.br","date":"26 de November de 2023","format":false,"excerpt":"O Instituto Federal de Educa\u00e7\u00e3o, Ci\u00eancia e Tecnologia de Pernambuco (IFPE) est\u00e1 com inscri\u00e7\u00f5es abertas cursos gratuitos nas modalidades presencial e a dist\u00e2ncia (EaD). S\u00e3o oferecidas ao todo 5.414 vagas. Do total de vagas disponibilizadas, 1.435 s\u00e3o para cursos de gradua\u00e7\u00e3o; 1.885 para cursos t\u00e9cnicos integrados ao ensino m\u00e9dio; 2.059\u2026","rel":"","context":"In &quot;Variedades&quot;","block_context":{"text":"Variedades","link":"https:\/\/ismaelcolosi.com.br\/index.php\/category\/variedades\/"},"img":{"alt_text":"","src":"https:\/\/i0.wp.com\/ismaelcolosi.com.br\/wp-content\/uploads\/2023\/11\/cursos-tecnicos-gratuitos-if-sertao-pe.png?fit=1200%2C638&ssl=1&resize=350%2C200","width":350,"height":200,"srcset":"https:\/\/i0.wp.com\/ismaelcolosi.com.br\/wp-content\/uploads\/2023\/11\/cursos-tecnicos-gratuitos-if-sertao-pe.png?fit=1200%2C638&ssl=1&resize=350%2C200 1x, https:\/\/i0.wp.com\/ismaelcolosi.com.br\/wp-content\/uploads\/2023\/11\/cursos-tecnicos-gratuitos-if-sertao-pe.png?fit=1200%2C638&ssl=1&resize=525%2C300 1.5x, https:\/\/i0.wp.com\/ismaelcolosi.com.br\/wp-content\/uploads\/2023\/11\/cursos-tecnicos-gratuitos-if-sertao-pe.png?fit=1200%2C638&ssl=1&resize=700%2C400 2x, https:\/\/i0.wp.com\/ismaelcolosi.com.br\/wp-content\/uploads\/2023\/11\/cursos-tecnicos-gratuitos-if-sertao-pe.png?fit=1200%2C638&ssl=1&resize=1050%2C600 3x"},"classes":[]}],"jetpack_sharing_enabled":true,"jetpack_shortlink":"https:\/\/wp.me\/pfMlyK-DV","_links":{"self":[{"href":"https:\/\/ismaelcolosi.com.br\/index.php\/wp-json\/wp\/v2\/posts\/2475","targetHints":{"allow":["GET"]}}],"collection":[{"href":"https:\/\/ismaelcolosi.com.br\/index.php\/wp-json\/wp\/v2\/posts"}],"about":[{"href":"https:\/\/ismaelcolosi.com.br\/index.php\/wp-json\/wp\/v2\/types\/post"}],"author":[{"embeddable":true,"href":"https:\/\/ismaelcolosi.com.br\/index.php\/wp-json\/wp\/v2\/users\/1"}],"replies":[{"embeddable":true,"href":"https:\/\/ismaelcolosi.com.br\/index.php\/wp-json\/wp\/v2\/comments?post=2475"}],"version-history":[{"count":0,"href":"https:\/\/ismaelcolosi.com.br\/index.php\/wp-json\/wp\/v2\/posts\/2475\/revisions"}],"wp:featuredmedia":[{"embeddable":true,"href":"https:\/\/ismaelcolosi.com.br\/index.php\/wp-json\/wp\/v2\/media\/2476"}],"wp:attachment":[{"href":"https:\/\/ismaelcolosi.com.br\/index.php\/wp-json\/wp\/v2\/media?parent=2475"}],"wp:term":[{"taxonomy":"category","embeddable":true,"href":"https:\/\/ismaelcolosi.com.br\/index.php\/wp-json\/wp\/v2\/categories?post=2475"},{"taxonomy":"post_tag","embeddable":true,"href":"https:\/\/ismaelcolosi.com.br\/index.php\/wp-json\/wp\/v2\/tags?post=2475"}],"curies":[{"name":"wp","href":"https:\/\/api.w.org\/{rel}","templated":true}]}}