{"id":24604,"date":"2024-01-04T18:05:43","date_gmt":"2024-01-04T21:05:43","guid":{"rendered":"https:\/\/ismaelcolosi.com.br\/index.php\/2024\/01\/04\/confira-60-vagas-de-emprego-nas-regioes-de-ribeirao-preto-e-barretos\/"},"modified":"2024-01-04T18:05:43","modified_gmt":"2024-01-04T21:05:43","slug":"confira-60-vagas-de-emprego-nas-regioes-de-ribeirao-preto-e-barretos","status":"publish","type":"post","link":"https:\/\/ismaelcolosi.com.br\/index.php\/2024\/01\/04\/confira-60-vagas-de-emprego-nas-regioes-de-ribeirao-preto-e-barretos\/","title":{"rendered":"Confira 60 vagas de emprego nas regi\u00f5es de Ribeir\u00e3o Preto e Barretos"},"content":{"rendered":"<p> <br \/>\n<\/p>\n<div>\n<p><strong>A empresa Eventos RH est\u00e1 com 60 vagas de emprego tempor\u00e1rias nas regi\u00f5es de Barretos e Ribeir\u00e3o Preto.<\/strong><\/p>\n<p>Na regi\u00e3o de <strong>Ribeir\u00e3o Preto, as vagas s\u00e3o para auxiliar de produ\u00e7\u00e3o em empresas como a 3M, JP Farma, Ourofino, Netafim, Zinho, entre outras.<\/strong> Para se candidatar \u00e0s vagas, <a href=\"https:\/\/eventosrh.selecty.com.br\/vaga\/1710\/\" target=\"_blank\" rel=\"noreferrer noopener\">clique aqui.<\/a><\/p>\n<p>Os benef\u00edcios previstos s\u00e3o alimenta\u00e7\u00e3o e vale-transporte ou transporte (a depender da empresa contratante).<\/p>\n<p>\u201cO contrato de trabalho tempor\u00e1rio garante ao trabalhador prote\u00e7\u00e3o e tempo de servi\u00e7o no INSS, FGTS, f\u00e9rias e 13\u00ba proporcionais\u201d, informou a RH Eventos.<\/p>\n<p>Os requisitos s\u00e3o: ensino m\u00e9dico completo, experi\u00eancia na fun\u00e7\u00e3o e \u00e9 desej\u00e1vel ter disponibilidade de hor\u00e1rio em diferentes turnos.<\/p>\n<p>Mais informa\u00e7\u00f5es no e-mail (industria@eventosrh.com.br) ou pelo WhatsApp 16 3515 5613.<\/p>\n<h4 class=\"wp-block-heading\"><strong>Vagas em Barretos<\/strong><\/h4>\n<p>Em <strong>Barretos, as vagas tamb\u00e9m s\u00e3o tempor\u00e1rias para auxiliar de produ\u00e7\u00e3o<\/strong> em uma ind\u00fastria de embalagens.<\/p>\n<p>Os requisitos s\u00e3o ensino m\u00e9dio (completo ou cursando) e experi\u00eancia anterior na fun\u00e7\u00e3o. Para cadastrar o curr\u00edculo,<a href=\"https:\/\/eventosrh.selecty.com.br\/vaga\/1747\/\" target=\"_blank\" rel=\"noreferrer noopener\"> clique aqui.<\/a><\/p>\n<p>Mais informa\u00e7\u00f5es no e-mail (industria@eventosrh.com.br) ou pelo WhatsApp 16 3515 5613.<\/p>\n<p>VEJA TAMB\u00c9M<br \/>Veja a lista de feriados em Ribeir\u00e3o Preto em 2024<\/p>\n<h4 class=\"wp-block-heading\"><strong>FIQUE ON<\/strong><\/h4>\n<p>Fique ligado em tudo que acontece em Ribeir\u00e3o Preto e regi\u00e3o. Siga os perfis do\u00a0<strong>acidade on\u00a0<\/strong>no\u00a0<a href=\"https:\/\/www.instagram.com\/acidadeonribeirao\" target=\"_blank\" rel=\"noreferrer noopener\">Instagram<\/a>\u00a0e no<a href=\"https:\/\/www.facebook.com\/acidadeonribeirao\" target=\"_blank\" rel=\"noreferrer noopener\">\u00a0Facebook.<\/a><\/p>\n<p>Receba not\u00edcias do<strong>\u00a0acidade on<\/strong>\u00a0no WhatsApp.\u00a0<a href=\"https:\/\/chat.whatsapp.com\/Bnv2w66ZT4VDyZW3oiZ69n\" target=\"_blank\" rel=\"noreferrer noopener\">Para entrar no grupo, basta clicar aqui.<\/a><\/p>\n<p>Fa\u00e7a uma den\u00fancia ou sugira uma reportagem sobre Ribeir\u00e3o Preto e regi\u00e3o pelo WhatsApp:\u00a0<strong>16 99117 7802.<\/strong><\/p>\n<p>LEIA MAIS<br \/>Hospital de Ribeir\u00e3o Preto abre vagas de emprego com sal\u00e1rios de at\u00e9 R$ 5 mil<\/p>\n<p><!-- AI CONTENT END 1 -->\n<\/div>\n<p><script async src=\"\/\/www.instagram.com\/embed.js\"><\/script><br \/>\n<br \/><br \/>\n<br \/><a href=\"https:\/\/www.acidadeon.com\/ribeiraopreto\/economia\/confira-60-vagas-de-emprego-nas-regioes-de-ribeirao-preto-e-barretos\/\">Source link <\/a><\/p>\n<div class='code-block code-block-4' style='margin: 8px auto 8px 0; text-align: left; display: block; clear: both;'>\n\ud83d\udce2 Aviso Legal\n\nO site ismaelcolosi.com.br atua apenas como um canal de divulga\u00e7\u00e3o de oportunidades de emprego e n\u00e3o se responsabiliza pelo processo seletivo, contrata\u00e7\u00e3o ou qualquer outra etapa relacionada \u00e0s vagas publicadas. Todas as informa\u00e7\u00f5es s\u00e3o de responsabilidade dos anunciantes.\n\n\u26a0\ufe0f Aten\u00e7\u00e3o! Nunca pague por promessas de emprego nem compre cursos que garantam contrata\u00e7\u00e3o. Desconfie de qualquer cobran\u00e7a para participar de sele\u00e7\u00f5es.\n\n\n\n<\/div>\n<!-- CONTENT END 1 -->\n","protected":false},"excerpt":{"rendered":"<p>A empresa Eventos RH est\u00e1 com 60 vagas de emprego tempor\u00e1rias nas regi\u00f5es de Barretos e Ribeir\u00e3o Preto. Na regi\u00e3o de Ribeir\u00e3o Preto, as vagas&#8230;<\/p>\n","protected":false},"author":1,"featured_media":24605,"comment_status":"open","ping_status":"open","sticky":false,"template":"","format":"standard","meta":{"_uag_custom_page_level_css":"","advanced_seo_description":"","jetpack_seo_html_title":"","jetpack_seo_noindex":false,"jetpack_post_was_ever_published":false,"_jetpack_newsletter_access":"","_jetpack_dont_email_post_to_subs":false,"_jetpack_newsletter_tier_id":0,"_jetpack_memberships_contains_paywalled_content":false,"_jetpack_memberships_contains_paid_content":false,"footnotes":"","jetpack_publicize_message":"","jetpack_publicize_feature_enabled":true,"jetpack_social_post_already_shared":true,"jetpack_social_options":{"image_generator_settings":{"template":"highway","default_image_id":0,"font":"","enabled":false},"version":2}},"categories":[11],"tags":[3023,269,144,104,27,3022,26,143],"class_list":["post-24604","post","type-post","status-publish","format-standard","has-post-thumbnail","hentry","category-noticias-de-ribeirao-preto-sp-e-regiao-ismael-colosi","tag-barretos","tag-confira","tag-emprego","tag-nas","tag-preto","tag-regioes","tag-ribeirao","tag-vagas"],"jetpack_publicize_connections":[],"jetpack_featured_media_url":"https:\/\/i0.wp.com\/ismaelcolosi.com.br\/wp-content\/uploads\/2024\/01\/carteira-de-trabalho-digital_mcamgo_abr_240620211818-3.webp.webp?fit=1024%2C768&ssl=1","uagb_featured_image_src":{"full":["https:\/\/i0.wp.com\/ismaelcolosi.com.br\/wp-content\/uploads\/2024\/01\/carteira-de-trabalho-digital_mcamgo_abr_240620211818-3.webp.webp?fit=1024%2C768&ssl=1",1024,768,false],"thumbnail":["https:\/\/i0.wp.com\/ismaelcolosi.com.br\/wp-content\/uploads\/2024\/01\/carteira-de-trabalho-digital_mcamgo_abr_240620211818-3.webp.webp?resize=150%2C150&ssl=1",150,150,true],"medium":["https:\/\/i0.wp.com\/ismaelcolosi.com.br\/wp-content\/uploads\/2024\/01\/carteira-de-trabalho-digital_mcamgo_abr_240620211818-3.webp.webp?fit=300%2C225&ssl=1",300,225,true],"medium_large":["https:\/\/i0.wp.com\/ismaelcolosi.com.br\/wp-content\/uploads\/2024\/01\/carteira-de-trabalho-digital_mcamgo_abr_240620211818-3.webp.webp?fit=768%2C576&ssl=1",768,576,true],"large":["https:\/\/i0.wp.com\/ismaelcolosi.com.br\/wp-content\/uploads\/2024\/01\/carteira-de-trabalho-digital_mcamgo_abr_240620211818-3.webp.webp?fit=1024%2C768&ssl=1",1024,768,true],"1536x1536":["https:\/\/i0.wp.com\/ismaelcolosi.com.br\/wp-content\/uploads\/2024\/01\/carteira-de-trabalho-digital_mcamgo_abr_240620211818-3.webp.webp?fit=1024%2C768&ssl=1",1024,768,true],"2048x2048":["https:\/\/i0.wp.com\/ismaelcolosi.com.br\/wp-content\/uploads\/2024\/01\/carteira-de-trabalho-digital_mcamgo_abr_240620211818-3.webp.webp?fit=1024%2C768&ssl=1",1024,768,true],"really-simple-thumb":["https:\/\/i0.wp.com\/ismaelcolosi.com.br\/wp-content\/uploads\/2024\/01\/carteira-de-trabalho-digital_mcamgo_abr_240620211818-3.webp.webp?resize=370%2C247&ssl=1",370,247,true]},"uagb_author_info":{"display_name":"ismaelcolosi.com.br","author_link":"https:\/\/ismaelcolosi.com.br\/index.php\/author\/vidareal-online\/"},"uagb_comment_info":0,"uagb_excerpt":"A empresa Eventos RH est\u00e1 com 60 vagas de emprego tempor\u00e1rias nas regi\u00f5es de Barretos e Ribeir\u00e3o Preto. Na regi\u00e3o de Ribeir\u00e3o Preto, as vagas...","jetpack-related-posts":[{"id":51102,"url":"https:\/\/ismaelcolosi.com.br\/index.php\/2024\/05\/23\/confira-mais-de-766-vagas-disponiveis\/","url_meta":{"origin":24604,"position":0},"title":"Confira mais de 766 vagas dispon\u00edveis.","author":"ismaelcolosi.com.br","date":"23 de May de 2024","format":false,"excerpt":"Confira mais de 766 vagas dispon\u00edveis.Vagas por cidadeTodas(757)Catanduva(300)Araras(210)Campo Largo(127)Ribeir\u00e3o Preto(61)Monte Alto(32)Barretos(5)Vagas por \u00e1reaTodas(767)Produ\u00e7\u00e3o\/Fabrica\u00e7\u00e3o(544)Transporte Terrestre(134)Industrial,Produ\u00e7\u00e3o...(10)Industrial, Produ\u00e7\u00e3o...(10)Qu\u00edmica(10)Administra\u00e7\u00e3o Comercial...(9)Vagas por cargoTodas(767)Ajudante de Produ\u00e7\u00e3o -...(401)Ajudante de...(100)Ajudante Geral(93)Auxiliar de Produ\u00e7\u00e3o(36)Motorista L\u00edder de...(25)Auxiliar de Produ\u00e7\u00e3o...(11) Vagas recentesVaga para Analista de Marketing - Feiras & Eventos em Ribeir\u00e3o Preto - SPh\u00e1 19 horasVaga para Estoquista em Ribeir\u00e3o\u2026","rel":"","context":"In &quot;Vagas de Emprego em Ribeir\u00e3o Preto-SP&quot;","block_context":{"text":"Vagas de Emprego em Ribeir\u00e3o Preto-SP","link":"https:\/\/ismaelcolosi.com.br\/index.php\/category\/empregos-classificados-vagas-trabalho\/vagas-de-empregos-em-ribeirao-preto-regiao-brasil\/"},"img":{"alt_text":"","src":"","width":0,"height":0},"classes":[]},{"id":29925,"url":"https:\/\/ismaelcolosi.com.br\/index.php\/2024\/01\/19\/plataforma-oferece-cerca-de-390-oportunidades-de-emprego-em-ribeirao-e-regiao-veja-como-se-candidatar\/","url_meta":{"origin":24604,"position":1},"title":"Plataforma oferece cerca de 390 oportunidades de emprego em Ribeir\u00e3o e regi\u00e3o; Veja como se candidatar","author":"ismaelcolosi.com.br","date":"19 de January de 2024","format":false,"excerpt":"O portal de vagas de uma empresa de tecnologia em gest\u00e3o de pessoas para pequenas e m\u00e9dias empresas (PME) est\u00e1 com cerca de 390 oportunidades de trabalho em Ribeir\u00e3o Preto e regi\u00e3o. Entre as vagas dispon\u00edveis est\u00e3o Auxiliar de Atendimento J\u00fanior, Assistente de Marketing, Vendedor, Assistente de Recursos Humanos, Gar\u00e7om,\u2026","rel":"","context":"In &quot;Not\u00edcias de Ribeir\u00e3o Preto-SP e Regi\u00e3o&quot;","block_context":{"text":"Not\u00edcias de Ribeir\u00e3o Preto-SP e Regi\u00e3o","link":"https:\/\/ismaelcolosi.com.br\/index.php\/category\/noticias-de-ribeirao-preto-sp-e-regiao-ismael-colosi\/"},"img":{"alt_text":"","src":"https:\/\/i0.wp.com\/ismaelcolosi.com.br\/wp-content\/uploads\/2024\/01\/emprego_vagas_1200x675_30092021103244.jpg?fit=1200%2C675&ssl=1&resize=350%2C200","width":350,"height":200,"srcset":"https:\/\/i0.wp.com\/ismaelcolosi.com.br\/wp-content\/uploads\/2024\/01\/emprego_vagas_1200x675_30092021103244.jpg?fit=1200%2C675&ssl=1&resize=350%2C200 1x, https:\/\/i0.wp.com\/ismaelcolosi.com.br\/wp-content\/uploads\/2024\/01\/emprego_vagas_1200x675_30092021103244.jpg?fit=1200%2C675&ssl=1&resize=525%2C300 1.5x, https:\/\/i0.wp.com\/ismaelcolosi.com.br\/wp-content\/uploads\/2024\/01\/emprego_vagas_1200x675_30092021103244.jpg?fit=1200%2C675&ssl=1&resize=700%2C400 2x, https:\/\/i0.wp.com\/ismaelcolosi.com.br\/wp-content\/uploads\/2024\/01\/emprego_vagas_1200x675_30092021103244.jpg?fit=1200%2C675&ssl=1&resize=1050%2C600 3x"},"classes":[]},{"id":21647,"url":"https:\/\/ismaelcolosi.com.br\/index.php\/2023\/12\/28\/calorao-continua-confira-a-previsao-do-tempo-para-o-interior-de-sp\/","url_meta":{"origin":24604,"position":2},"title":"Calor\u00e3o continua? Confira a previs\u00e3o do tempo para o interior de SP","author":"ismaelcolosi.com.br","date":"28 de December de 2023","format":false,"excerpt":"A Climatempo aponta que a quinta-feira (28) ser\u00e1 de tempo firme e temperaturas elevadas na maioria das regi\u00f5es do interior de S\u00e3o Paulo. As temperaturas podem chegar aos 35\u00b0C em Ribeir\u00e3o Preto e Barretos, segundo os meteorologistas. De acordo com os meteorologistas, existe a possibilidade de chuva apenas para divisa\u2026","rel":"","context":"In &quot;Not\u00edcias de Ribeir\u00e3o Preto-SP e Regi\u00e3o&quot;","block_context":{"text":"Not\u00edcias de Ribeir\u00e3o Preto-SP e Regi\u00e3o","link":"https:\/\/ismaelcolosi.com.br\/index.php\/category\/noticias-de-ribeirao-preto-sp-e-regiao-ismael-colosi\/"},"img":{"alt_text":"","src":"https:\/\/i0.wp.com\/ismaelcolosi.com.br\/wp-content\/uploads\/2023\/12\/1703760912_WhatsApp-Image-2023-12-09-at-07.55.11.jpeg?fit=1200%2C675&ssl=1&resize=350%2C200","width":350,"height":200,"srcset":"https:\/\/i0.wp.com\/ismaelcolosi.com.br\/wp-content\/uploads\/2023\/12\/1703760912_WhatsApp-Image-2023-12-09-at-07.55.11.jpeg?fit=1200%2C675&ssl=1&resize=350%2C200 1x, https:\/\/i0.wp.com\/ismaelcolosi.com.br\/wp-content\/uploads\/2023\/12\/1703760912_WhatsApp-Image-2023-12-09-at-07.55.11.jpeg?fit=1200%2C675&ssl=1&resize=525%2C300 1.5x, https:\/\/i0.wp.com\/ismaelcolosi.com.br\/wp-content\/uploads\/2023\/12\/1703760912_WhatsApp-Image-2023-12-09-at-07.55.11.jpeg?fit=1200%2C675&ssl=1&resize=700%2C400 2x, https:\/\/i0.wp.com\/ismaelcolosi.com.br\/wp-content\/uploads\/2023\/12\/1703760912_WhatsApp-Image-2023-12-09-at-07.55.11.jpeg?fit=1200%2C675&ssl=1&resize=1050%2C600 3x"},"classes":[]},{"id":29895,"url":"https:\/\/ismaelcolosi.com.br\/index.php\/2024\/01\/19\/temporal-provoca-estragos-cidade-regiao-de-ribeirao-preto\/","url_meta":{"origin":24604,"position":3},"title":"Temporal provoca estragos em cidade na regi\u00e3o de Ribeir\u00e3o Preto","author":"ismaelcolosi.com.br","date":"19 de January de 2024","format":false,"excerpt":"O temporal que atinge a regi\u00e3o de Ribeir\u00e3o Preto na tarde desta sexta-feira (19) provocou estragos em Barretos, na regi\u00e3o de Ribeir\u00e3o Preto. O interior de S\u00e3o Paulo est\u00e1 em alerta de chuvas fortes neste final de semana. De acordo com a Defesa Civil de Barretos, ca\u00edram oito postes de\u2026","rel":"","context":"In &quot;Not\u00edcias de Ribeir\u00e3o Preto-SP e Regi\u00e3o&quot;","block_context":{"text":"Not\u00edcias de Ribeir\u00e3o Preto-SP e Regi\u00e3o","link":"https:\/\/ismaelcolosi.com.br\/index.php\/category\/noticias-de-ribeirao-preto-sp-e-regiao-ismael-colosi\/"},"img":{"alt_text":"","src":"https:\/\/i0.wp.com\/ismaelcolosi.com.br\/wp-content\/uploads\/2024\/01\/queda-de-arvores.jpeg?fit=1200%2C900&ssl=1&resize=350%2C200","width":350,"height":200,"srcset":"https:\/\/i0.wp.com\/ismaelcolosi.com.br\/wp-content\/uploads\/2024\/01\/queda-de-arvores.jpeg?fit=1200%2C900&ssl=1&resize=350%2C200 1x, https:\/\/i0.wp.com\/ismaelcolosi.com.br\/wp-content\/uploads\/2024\/01\/queda-de-arvores.jpeg?fit=1200%2C900&ssl=1&resize=525%2C300 1.5x, https:\/\/i0.wp.com\/ismaelcolosi.com.br\/wp-content\/uploads\/2024\/01\/queda-de-arvores.jpeg?fit=1200%2C900&ssl=1&resize=700%2C400 2x, https:\/\/i0.wp.com\/ismaelcolosi.com.br\/wp-content\/uploads\/2024\/01\/queda-de-arvores.jpeg?fit=1200%2C900&ssl=1&resize=1050%2C600 3x"},"classes":[]},{"id":56579,"url":"https:\/\/ismaelcolosi.com.br\/index.php\/2024\/07\/12\/empreiteira-de-ribeirao-preto-conta-com-vagas-de-emprego-veja-como-concorrer\/","url_meta":{"origin":24604,"position":4},"title":"Empreiteira de Ribeir\u00e3o Preto conta com vagas de emprego; Veja como concorrer","author":"ismaelcolosi.com.br","date":"12 de July de 2024","format":false,"excerpt":"A empreiteira de Ribeir\u00e3o Preto Autem est\u00e1 com 16 vagas abertas para os cargos de pedreiro e auxiliar operacional. Os sal\u00e1rios variam entre R$ 1.919,89 e R$ 2.335,53. Os interessados podem se candidatar mandando o curr\u00edculo para o WhatsApp: (16) 99205-5487. Segundo a empresa, o requisito para vaga \u00e9 ter\u2026","rel":"","context":"In &quot;Not\u00edcias de Ribeir\u00e3o Preto-SP e Regi\u00e3o&quot;","block_context":{"text":"Not\u00edcias de Ribeir\u00e3o Preto-SP e Regi\u00e3o","link":"https:\/\/ismaelcolosi.com.br\/index.php\/category\/noticias-de-ribeirao-preto-sp-e-regiao-ismael-colosi\/"},"img":{"alt_text":"","src":"https:\/\/i0.wp.com\/ismaelcolosi.com.br\/wp-content\/uploads\/2024\/06\/AnyConv.com__construtora_2024-06-25_14-33-19.webp.webp?fit=1200%2C1200&ssl=1&resize=350%2C200","width":350,"height":200,"srcset":"https:\/\/i0.wp.com\/ismaelcolosi.com.br\/wp-content\/uploads\/2024\/06\/AnyConv.com__construtora_2024-06-25_14-33-19.webp.webp?fit=1200%2C1200&ssl=1&resize=350%2C200 1x, https:\/\/i0.wp.com\/ismaelcolosi.com.br\/wp-content\/uploads\/2024\/06\/AnyConv.com__construtora_2024-06-25_14-33-19.webp.webp?fit=1200%2C1200&ssl=1&resize=525%2C300 1.5x, https:\/\/i0.wp.com\/ismaelcolosi.com.br\/wp-content\/uploads\/2024\/06\/AnyConv.com__construtora_2024-06-25_14-33-19.webp.webp?fit=1200%2C1200&ssl=1&resize=700%2C400 2x, https:\/\/i0.wp.com\/ismaelcolosi.com.br\/wp-content\/uploads\/2024\/06\/AnyConv.com__construtora_2024-06-25_14-33-19.webp.webp?fit=1200%2C1200&ssl=1&resize=1050%2C600 3x"},"classes":[]},{"id":53535,"url":"https:\/\/ismaelcolosi.com.br\/index.php\/2024\/06\/17\/concessionaria-de-rodovias-oferece-vagas-de-emprego-em-ribeirao-preto-e-regiao-confira\/","url_meta":{"origin":24604,"position":5},"title":"Concession\u00e1ria de rodovias oferece vagas de emprego em Ribeir\u00e3o Preto e regi\u00e3o; Confira","author":"ismaelcolosi.com.br","date":"17 de June de 2024","format":false,"excerpt":"A empresa Arteris abriu 57 vagas de emprego para o setor de rodovias em sete concession\u00e1rias controladas pela companhia, entre as quais em Ribeir\u00e3o Preto e cidades da regi\u00e3o. Ribeir\u00e3o Preto Compras Diretas (vaga preferencial para mulheres, pessoas negras, Pcds, 50+ e LGBTQIA+) Analista de Gest\u00e3o Operacional Analista de Sistemas\u2026","rel":"","context":"In &quot;Not\u00edcias de Ribeir\u00e3o Preto-SP e Regi\u00e3o&quot;","block_context":{"text":"Not\u00edcias de Ribeir\u00e3o Preto-SP e Regi\u00e3o","link":"https:\/\/ismaelcolosi.com.br\/index.php\/category\/noticias-de-ribeirao-preto-sp-e-regiao-ismael-colosi\/"},"img":{"alt_text":"","src":"https:\/\/i0.wp.com\/ismaelcolosi.com.br\/wp-content\/uploads\/2024\/06\/CONCESSIONARIA_2024-06-17_17-39-27_jpg_2024-06-17_17-39-27.webp.webp?fit=1200%2C905&ssl=1&resize=350%2C200","width":350,"height":200,"srcset":"https:\/\/i0.wp.com\/ismaelcolosi.com.br\/wp-content\/uploads\/2024\/06\/CONCESSIONARIA_2024-06-17_17-39-27_jpg_2024-06-17_17-39-27.webp.webp?fit=1200%2C905&ssl=1&resize=350%2C200 1x, https:\/\/i0.wp.com\/ismaelcolosi.com.br\/wp-content\/uploads\/2024\/06\/CONCESSIONARIA_2024-06-17_17-39-27_jpg_2024-06-17_17-39-27.webp.webp?fit=1200%2C905&ssl=1&resize=525%2C300 1.5x, https:\/\/i0.wp.com\/ismaelcolosi.com.br\/wp-content\/uploads\/2024\/06\/CONCESSIONARIA_2024-06-17_17-39-27_jpg_2024-06-17_17-39-27.webp.webp?fit=1200%2C905&ssl=1&resize=700%2C400 2x, https:\/\/i0.wp.com\/ismaelcolosi.com.br\/wp-content\/uploads\/2024\/06\/CONCESSIONARIA_2024-06-17_17-39-27_jpg_2024-06-17_17-39-27.webp.webp?fit=1200%2C905&ssl=1&resize=1050%2C600 3x"},"classes":[]}],"jetpack_sharing_enabled":true,"jetpack_shortlink":"https:\/\/wp.me\/pfMlyK-6oQ","_links":{"self":[{"href":"https:\/\/ismaelcolosi.com.br\/index.php\/wp-json\/wp\/v2\/posts\/24604","targetHints":{"allow":["GET"]}}],"collection":[{"href":"https:\/\/ismaelcolosi.com.br\/index.php\/wp-json\/wp\/v2\/posts"}],"about":[{"href":"https:\/\/ismaelcolosi.com.br\/index.php\/wp-json\/wp\/v2\/types\/post"}],"author":[{"embeddable":true,"href":"https:\/\/ismaelcolosi.com.br\/index.php\/wp-json\/wp\/v2\/users\/1"}],"replies":[{"embeddable":true,"href":"https:\/\/ismaelcolosi.com.br\/index.php\/wp-json\/wp\/v2\/comments?post=24604"}],"version-history":[{"count":0,"href":"https:\/\/ismaelcolosi.com.br\/index.php\/wp-json\/wp\/v2\/posts\/24604\/revisions"}],"wp:featuredmedia":[{"embeddable":true,"href":"https:\/\/ismaelcolosi.com.br\/index.php\/wp-json\/wp\/v2\/media\/24605"}],"wp:attachment":[{"href":"https:\/\/ismaelcolosi.com.br\/index.php\/wp-json\/wp\/v2\/media?parent=24604"}],"wp:term":[{"taxonomy":"category","embeddable":true,"href":"https:\/\/ismaelcolosi.com.br\/index.php\/wp-json\/wp\/v2\/categories?post=24604"},{"taxonomy":"post_tag","embeddable":true,"href":"https:\/\/ismaelcolosi.com.br\/index.php\/wp-json\/wp\/v2\/tags?post=24604"}],"curies":[{"name":"wp","href":"https:\/\/api.w.org\/{rel}","templated":true}]}}